{"id":100215,"date":"2022-09-22T19:22:30","date_gmt":"2022-09-22T22:22:30","guid":{"rendered":"https:\/\/noticiasmercedinas.com\/site\/?p=100215"},"modified":"2022-09-22T19:22:30","modified_gmt":"2022-09-22T22:22:30","slug":"primavera-sin-violencia-actas-por-infracciones-y-muchos-cuidados","status":"publish","type":"post","link":"https:\/\/noticiasmercedinas.com\/site\/2022\/09\/22\/primavera-sin-violencia-actas-por-infracciones-y-muchos-cuidados\/","title":{"rendered":"Primavera sin violencia, actas por infracciones y muchos cuidados"},"content":{"rendered":"<p><img loading=\"lazy\" decoding=\"async\" class=\"alignnone size-full wp-image-71891\" src=\"https:\/\/noticiasmercedinas.com\/site\/wp-content\/uploads\/2021\/08\/gonzalo_anselmo.jpg\" alt=\"\" width=\"640\" height=\"427\" srcset=\"https:\/\/noticiasmercedinas.com\/site\/wp-content\/uploads\/2021\/08\/gonzalo_anselmo.jpg 640w, https:\/\/noticiasmercedinas.com\/site\/wp-content\/uploads\/2021\/08\/gonzalo_anselmo-300x200.jpg 300w\" sizes=\"auto, (max-width: 640px) 100vw, 640px\" \/><\/p>\n<p>La primavera se vivi\u00f3 en Mercedes y hubo actas para los colegios y espacios donde se cometieron infracciones con la pirotecnia sonora. Intervendr\u00e1 de Juzgado de Faltas en las sanciones. En el hospital no hubo ninguna necesidad de intervenci\u00f3n sanitaria. Todos los y las estudiantes llegaron con normalidad a sus domicilios sin registrarse ninguna solicitud de b\u00fasqueda por parte del las familias. Adem\u00e1s, cada lugar habilitado cerr\u00f3 en tiempo y forma seg\u00fan lo establecido.<\/p>\n<p>\u00abHemos tenido una primera tranquila, el \u00fanico acontecimiento a reflexionar y volver a tener conciencia es el uso de la pirotecnia sonora por parte de las y los adolescentes\u00bb, dijo <strong>Gonzalo Anselmo<\/strong>, secretario de Seguridad.<\/p>\n<p>\u00abEstuvimos con un fort\u00edsimo operativo por parte la secretar\u00eda de Seguridad, Polic\u00eda, Hospital, SAME, Inspecci\u00f3n General y Protecci\u00f3n Civil, cuidando a cada uno de los y las adolescentes\u00bb, dijo.<\/p>\n<p>Se les labr\u00f3 acta para posterior multa por uso de pirotecnia a las delegaciones de los colegios Parroquial, San Patricio y San Antonio. A este \u00faltimo colegio, incluso se les decomis\u00f3 pirotecnia sonora antes de que pudieran utilizarla.<\/p>\n<p>Tambi\u00e9n hubo actas por exceder los decibeles de sonido permitidos, m\u00e1s precisamente en Quilmes a San Antonio, por infracci\u00f3n a ordenanza municipal.<\/p>\n<p>\u00abHubo muchas reuniones previas. Gran trabajo en equipo para que sea cuidada y protegida. Insistimos a las familias que insten a no usar pirotecnia sonora, pero a la vez celebramos haya pasado sin incidentes y con respeto a horarios. Ingresos, egresos y hacia cada personal de protecci\u00f3n en general\u00bb, dijeron desde Seguridad.<\/p>\n","protected":false},"excerpt":{"rendered":"<p>\u25a0 Se les labr\u00f3 acta para posterior multa por uso de pirotecnia a las delegaciones de los colegios Parroquial, San Patricio y San Antonio. Tambi\u00e9n hubo actas por exceder los decibeles de sonido permitidos.<\/p>\n","protected":false},"author":16,"featured_media":71891,"comment_status":"open","ping_status":"open","sticky":false,"template":"","format":"standard","meta":{"footnotes":""},"categories":[7],"tags":[12992,7758,224,198,2261,47],"class_list":["post-100215","post","type-post","status-publish","format-standard","has-post-thumbnail","hentry","category-policiales","tag-direccion-de-proteccion-civil","tag-gonzalo-anselmo","tag-hospital","tag-primavera","tag-same","tag-seguridad"],"yoast_head":"<!-- This site is optimized with the Yoast SEO plugin v27.5 - https:\/\/yoast.com\/product\/yoast-seo-wordpress\/ -->\n<title>Primavera sin violencia, actas por infracciones y muchos cuidados<\/title>\n<meta name=\"robots\" content=\"index, follow, max-snippet:-1, max-image-preview:large, max-video-preview:-1\" \/>\n<link rel=\"canonical\" href=\"https:\/\/noticiasmercedinas.com\/site\/2022\/09\/22\/primavera-sin-violencia-actas-por-infracciones-y-muchos-cuidados\/\" \/>\n<meta property=\"og:locale\" content=\"es_ES\" \/>\n<meta property=\"og:type\" content=\"article\" \/>\n<meta property=\"og:title\" content=\"Primavera sin violencia, actas por infracciones y muchos cuidados\" \/>\n<meta property=\"og:description\" content=\"\u25a0 Se les labr\u00f3 acta para posterior multa por uso de pirotecnia a las delegaciones de los colegios Parroquial, San Patricio y San Antonio. Tambi\u00e9n hubo actas por exceder los decibeles de sonido permitidos.\" \/>\n<meta property=\"og:url\" content=\"https:\/\/noticiasmercedinas.com\/site\/2022\/09\/22\/primavera-sin-violencia-actas-por-infracciones-y-muchos-cuidados\/\" \/>\n<meta property=\"og:site_name\" content=\"NOTICIASMERCEDINAS.COM\" \/>\n<meta property=\"article:publisher\" content=\"https:\/\/www.facebook.com\/noticiasmercedinas\/\" \/>\n<meta property=\"article:published_time\" content=\"2022-09-22T22:22:30+00:00\" \/>\n<meta property=\"og:image\" content=\"https:\/\/noticiasmercedinas.com\/site\/wp-content\/uploads\/2021\/08\/gonzalo_anselmo.jpg\" \/>\n\t<meta property=\"og:image:width\" content=\"640\" \/>\n\t<meta property=\"og:image:height\" content=\"427\" \/>\n\t<meta property=\"og:image:type\" content=\"image\/jpeg\" \/>\n<meta name=\"author\" content=\"NOTICIASMERCEDINAS.COM\" \/>\n<meta name=\"twitter:card\" content=\"summary_large_image\" \/>\n<meta name=\"twitter:creator\" content=\"@notmercedinas\" \/>\n<meta name=\"twitter:site\" content=\"@notmercedinas\" \/>\n<meta name=\"twitter:label1\" content=\"Escrito por\" \/>\n\t<meta name=\"twitter:data1\" content=\"NOTICIASMERCEDINAS.COM\" \/>\n\t<meta name=\"twitter:label2\" content=\"Tiempo de lectura\" \/>\n\t<meta name=\"twitter:data2\" content=\"2 minutos\" \/>\n<script type=\"application\/ld+json\" class=\"yoast-schema-graph\">{\"@context\":\"https:\\\/\\\/schema.org\",\"@graph\":[{\"@type\":\"Article\",\"@id\":\"https:\\\/\\\/noticiasmercedinas.com\\\/site\\\/2022\\\/09\\\/22\\\/primavera-sin-violencia-actas-por-infracciones-y-muchos-cuidados\\\/#article\",\"isPartOf\":{\"@id\":\"https:\\\/\\\/noticiasmercedinas.com\\\/site\\\/2022\\\/09\\\/22\\\/primavera-sin-violencia-actas-por-infracciones-y-muchos-cuidados\\\/\"},\"author\":{\"name\":\"NOTICIASMERCEDINAS.COM\",\"@id\":\"https:\\\/\\\/noticiasmercedinas.com\\\/site\\\/#\\\/schema\\\/person\\\/84b59c099c28ff2e8b77d4ceec5d8063\"},\"headline\":\"Primavera sin violencia, actas por infracciones y muchos cuidados\",\"datePublished\":\"2022-09-22T22:22:30+00:00\",\"mainEntityOfPage\":{\"@id\":\"https:\\\/\\\/noticiasmercedinas.com\\\/site\\\/2022\\\/09\\\/22\\\/primavera-sin-violencia-actas-por-infracciones-y-muchos-cuidados\\\/\"},\"wordCount\":272,\"commentCount\":0,\"publisher\":{\"@id\":\"https:\\\/\\\/noticiasmercedinas.com\\\/site\\\/#organization\"},\"image\":{\"@id\":\"https:\\\/\\\/noticiasmercedinas.com\\\/site\\\/2022\\\/09\\\/22\\\/primavera-sin-violencia-actas-por-infracciones-y-muchos-cuidados\\\/#primaryimage\"},\"thumbnailUrl\":\"https:\\\/\\\/noticiasmercedinas.com\\\/site\\\/wp-content\\\/uploads\\\/2021\\\/08\\\/gonzalo_anselmo.jpg\",\"keywords\":[\"Direcci\u00f3n de Protecci\u00f3n Civil\",\"gonzalo anselmo\",\"hospital\",\"primavera\",\"same\",\"seguridad\"],\"articleSection\":[\"Seguridad\"],\"inLanguage\":\"es\",\"potentialAction\":[{\"@type\":\"CommentAction\",\"name\":\"Comment\",\"target\":[\"https:\\\/\\\/noticiasmercedinas.com\\\/site\\\/2022\\\/09\\\/22\\\/primavera-sin-violencia-actas-por-infracciones-y-muchos-cuidados\\\/#respond\"]}]},{\"@type\":\"WebPage\",\"@id\":\"https:\\\/\\\/noticiasmercedinas.com\\\/site\\\/2022\\\/09\\\/22\\\/primavera-sin-violencia-actas-por-infracciones-y-muchos-cuidados\\\/\",\"url\":\"https:\\\/\\\/noticiasmercedinas.com\\\/site\\\/2022\\\/09\\\/22\\\/primavera-sin-violencia-actas-por-infracciones-y-muchos-cuidados\\\/\",\"name\":\"Primavera sin violencia, actas por infracciones y muchos cuidados\",\"isPartOf\":{\"@id\":\"https:\\\/\\\/noticiasmercedinas.com\\\/site\\\/#website\"},\"primaryImageOfPage\":{\"@id\":\"https:\\\/\\\/noticiasmercedinas.com\\\/site\\\/2022\\\/09\\\/22\\\/primavera-sin-violencia-actas-por-infracciones-y-muchos-cuidados\\\/#primaryimage\"},\"image\":{\"@id\":\"https:\\\/\\\/noticiasmercedinas.com\\\/site\\\/2022\\\/09\\\/22\\\/primavera-sin-violencia-actas-por-infracciones-y-muchos-cuidados\\\/#primaryimage\"},\"thumbnailUrl\":\"https:\\\/\\\/noticiasmercedinas.com\\\/site\\\/wp-content\\\/uploads\\\/2021\\\/08\\\/gonzalo_anselmo.jpg\",\"datePublished\":\"2022-09-22T22:22:30+00:00\",\"breadcrumb\":{\"@id\":\"https:\\\/\\\/noticiasmercedinas.com\\\/site\\\/2022\\\/09\\\/22\\\/primavera-sin-violencia-actas-por-infracciones-y-muchos-cuidados\\\/#breadcrumb\"},\"inLanguage\":\"es\",\"potentialAction\":[{\"@type\":\"ReadAction\",\"target\":[\"https:\\\/\\\/noticiasmercedinas.com\\\/site\\\/2022\\\/09\\\/22\\\/primavera-sin-violencia-actas-por-infracciones-y-muchos-cuidados\\\/\"]}]},{\"@type\":\"ImageObject\",\"inLanguage\":\"es\",\"@id\":\"https:\\\/\\\/noticiasmercedinas.com\\\/site\\\/2022\\\/09\\\/22\\\/primavera-sin-violencia-actas-por-infracciones-y-muchos-cuidados\\\/#primaryimage\",\"url\":\"https:\\\/\\\/noticiasmercedinas.com\\\/site\\\/wp-content\\\/uploads\\\/2021\\\/08\\\/gonzalo_anselmo.jpg\",\"contentUrl\":\"https:\\\/\\\/noticiasmercedinas.com\\\/site\\\/wp-content\\\/uploads\\\/2021\\\/08\\\/gonzalo_anselmo.jpg\",\"width\":640,\"height\":427},{\"@type\":\"BreadcrumbList\",\"@id\":\"https:\\\/\\\/noticiasmercedinas.com\\\/site\\\/2022\\\/09\\\/22\\\/primavera-sin-violencia-actas-por-infracciones-y-muchos-cuidados\\\/#breadcrumb\",\"itemListElement\":[{\"@type\":\"ListItem\",\"position\":1,\"name\":\"Portada\",\"item\":\"https:\\\/\\\/noticiasmercedinas.com\\\/site\\\/\"},{\"@type\":\"ListItem\",\"position\":2,\"name\":\"Primavera sin violencia, actas por infracciones y muchos cuidados\"}]},{\"@type\":\"WebSite\",\"@id\":\"https:\\\/\\\/noticiasmercedinas.com\\\/site\\\/#website\",\"url\":\"https:\\\/\\\/noticiasmercedinas.com\\\/site\\\/\",\"name\":\"NOTICIASMERCEDINAS.COM\",\"description\":\"Mercedes, Buenos Aires, Argentina\",\"publisher\":{\"@id\":\"https:\\\/\\\/noticiasmercedinas.com\\\/site\\\/#organization\"},\"potentialAction\":[{\"@type\":\"SearchAction\",\"target\":{\"@type\":\"EntryPoint\",\"urlTemplate\":\"https:\\\/\\\/noticiasmercedinas.com\\\/site\\\/?s={search_term_string}\"},\"query-input\":{\"@type\":\"PropertyValueSpecification\",\"valueRequired\":true,\"valueName\":\"search_term_string\"}}],\"inLanguage\":\"es\"},{\"@type\":\"Organization\",\"@id\":\"https:\\\/\\\/noticiasmercedinas.com\\\/site\\\/#organization\",\"name\":\"NOTICIASMERCEDINAS.COM\",\"url\":\"https:\\\/\\\/noticiasmercedinas.com\\\/site\\\/\",\"logo\":{\"@type\":\"ImageObject\",\"inLanguage\":\"es\",\"@id\":\"https:\\\/\\\/noticiasmercedinas.com\\\/site\\\/#\\\/schema\\\/logo\\\/image\\\/\",\"url\":\"https:\\\/\\\/noticiasmercedinas.com\\\/site\\\/wp-content\\\/uploads\\\/2020\\\/06\\\/LOGO-512.jpg\",\"contentUrl\":\"https:\\\/\\\/noticiasmercedinas.com\\\/site\\\/wp-content\\\/uploads\\\/2020\\\/06\\\/LOGO-512.jpg\",\"width\":512,\"height\":512,\"caption\":\"NOTICIASMERCEDINAS.COM\"},\"image\":{\"@id\":\"https:\\\/\\\/noticiasmercedinas.com\\\/site\\\/#\\\/schema\\\/logo\\\/image\\\/\"},\"sameAs\":[\"https:\\\/\\\/www.facebook.com\\\/noticiasmercedinas\\\/\",\"https:\\\/\\\/x.com\\\/notmercedinas\",\"https:\\\/\\\/www.instagram.com\\\/noticiasmercedinas\\\/\"]},{\"@type\":\"Person\",\"@id\":\"https:\\\/\\\/noticiasmercedinas.com\\\/site\\\/#\\\/schema\\\/person\\\/84b59c099c28ff2e8b77d4ceec5d8063\",\"name\":\"NOTICIASMERCEDINAS.COM\",\"image\":{\"@type\":\"ImageObject\",\"inLanguage\":\"es\",\"@id\":\"https:\\\/\\\/secure.gravatar.com\\\/avatar\\\/4dfbf16b4d17945bfb6341b2d19043457132fcf478a5ee04f42e959fd8f5df0a?s=96&d=mm&r=g\",\"url\":\"https:\\\/\\\/secure.gravatar.com\\\/avatar\\\/4dfbf16b4d17945bfb6341b2d19043457132fcf478a5ee04f42e959fd8f5df0a?s=96&d=mm&r=g\",\"contentUrl\":\"https:\\\/\\\/secure.gravatar.com\\\/avatar\\\/4dfbf16b4d17945bfb6341b2d19043457132fcf478a5ee04f42e959fd8f5df0a?s=96&d=mm&r=g\",\"caption\":\"NOTICIASMERCEDINAS.COM\"},\"url\":\"https:\\\/\\\/noticiasmercedinas.com\\\/site\\\/author\\\/anonimo\\\/\"}]}<\/script>\n<!-- \/ Yoast SEO plugin. -->","yoast_head_json":{"title":"Primavera sin violencia, actas por infracciones y muchos cuidados","robots":{"index":"index","follow":"follow","max-snippet":"max-snippet:-1","max-image-preview":"max-image-preview:large","max-video-preview":"max-video-preview:-1"},"canonical":"https:\/\/noticiasmercedinas.com\/site\/2022\/09\/22\/primavera-sin-violencia-actas-por-infracciones-y-muchos-cuidados\/","og_locale":"es_ES","og_type":"article","og_title":"Primavera sin violencia, actas por infracciones y muchos cuidados","og_description":"\u25a0 Se les labr\u00f3 acta para posterior multa por uso de pirotecnia a las delegaciones de los colegios Parroquial, San Patricio y San Antonio. Tambi\u00e9n hubo actas por exceder los decibeles de sonido permitidos.","og_url":"https:\/\/noticiasmercedinas.com\/site\/2022\/09\/22\/primavera-sin-violencia-actas-por-infracciones-y-muchos-cuidados\/","og_site_name":"NOTICIASMERCEDINAS.COM","article_publisher":"https:\/\/www.facebook.com\/noticiasmercedinas\/","article_published_time":"2022-09-22T22:22:30+00:00","og_image":[{"width":640,"height":427,"url":"https:\/\/noticiasmercedinas.com\/site\/wp-content\/uploads\/2021\/08\/gonzalo_anselmo.jpg","type":"image\/jpeg"}],"author":"NOTICIASMERCEDINAS.COM","twitter_card":"summary_large_image","twitter_creator":"@notmercedinas","twitter_site":"@notmercedinas","twitter_misc":{"Escrito por":"NOTICIASMERCEDINAS.COM","Tiempo de lectura":"2 minutos"},"schema":{"@context":"https:\/\/schema.org","@graph":[{"@type":"Article","@id":"https:\/\/noticiasmercedinas.com\/site\/2022\/09\/22\/primavera-sin-violencia-actas-por-infracciones-y-muchos-cuidados\/#article","isPartOf":{"@id":"https:\/\/noticiasmercedinas.com\/site\/2022\/09\/22\/primavera-sin-violencia-actas-por-infracciones-y-muchos-cuidados\/"},"author":{"name":"NOTICIASMERCEDINAS.COM","@id":"https:\/\/noticiasmercedinas.com\/site\/#\/schema\/person\/84b59c099c28ff2e8b77d4ceec5d8063"},"headline":"Primavera sin violencia, actas por infracciones y muchos cuidados","datePublished":"2022-09-22T22:22:30+00:00","mainEntityOfPage":{"@id":"https:\/\/noticiasmercedinas.com\/site\/2022\/09\/22\/primavera-sin-violencia-actas-por-infracciones-y-muchos-cuidados\/"},"wordCount":272,"commentCount":0,"publisher":{"@id":"https:\/\/noticiasmercedinas.com\/site\/#organization"},"image":{"@id":"https:\/\/noticiasmercedinas.com\/site\/2022\/09\/22\/primavera-sin-violencia-actas-por-infracciones-y-muchos-cuidados\/#primaryimage"},"thumbnailUrl":"https:\/\/noticiasmercedinas.com\/site\/wp-content\/uploads\/2021\/08\/gonzalo_anselmo.jpg","keywords":["Direcci\u00f3n de Protecci\u00f3n Civil","gonzalo anselmo","hospital","primavera","same","seguridad"],"articleSection":["Seguridad"],"inLanguage":"es","potentialAction":[{"@type":"CommentAction","name":"Comment","target":["https:\/\/noticiasmercedinas.com\/site\/2022\/09\/22\/primavera-sin-violencia-actas-por-infracciones-y-muchos-cuidados\/#respond"]}]},{"@type":"WebPage","@id":"https:\/\/noticiasmercedinas.com\/site\/2022\/09\/22\/primavera-sin-violencia-actas-por-infracciones-y-muchos-cuidados\/","url":"https:\/\/noticiasmercedinas.com\/site\/2022\/09\/22\/primavera-sin-violencia-actas-por-infracciones-y-muchos-cuidados\/","name":"Primavera sin violencia, actas por infracciones y muchos cuidados","isPartOf":{"@id":"https:\/\/noticiasmercedinas.com\/site\/#website"},"primaryImageOfPage":{"@id":"https:\/\/noticiasmercedinas.com\/site\/2022\/09\/22\/primavera-sin-violencia-actas-por-infracciones-y-muchos-cuidados\/#primaryimage"},"image":{"@id":"https:\/\/noticiasmercedinas.com\/site\/2022\/09\/22\/primavera-sin-violencia-actas-por-infracciones-y-muchos-cuidados\/#primaryimage"},"thumbnailUrl":"https:\/\/noticiasmercedinas.com\/site\/wp-content\/uploads\/2021\/08\/gonzalo_anselmo.jpg","datePublished":"2022-09-22T22:22:30+00:00","breadcrumb":{"@id":"https:\/\/noticiasmercedinas.com\/site\/2022\/09\/22\/primavera-sin-violencia-actas-por-infracciones-y-muchos-cuidados\/#breadcrumb"},"inLanguage":"es","potentialAction":[{"@type":"ReadAction","target":["https:\/\/noticiasmercedinas.com\/site\/2022\/09\/22\/primavera-sin-violencia-actas-por-infracciones-y-muchos-cuidados\/"]}]},{"@type":"ImageObject","inLanguage":"es","@id":"https:\/\/noticiasmercedinas.com\/site\/2022\/09\/22\/primavera-sin-violencia-actas-por-infracciones-y-muchos-cuidados\/#primaryimage","url":"https:\/\/noticiasmercedinas.com\/site\/wp-content\/uploads\/2021\/08\/gonzalo_anselmo.jpg","contentUrl":"https:\/\/noticiasmercedinas.com\/site\/wp-content\/uploads\/2021\/08\/gonzalo_anselmo.jpg","width":640,"height":427},{"@type":"BreadcrumbList","@id":"https:\/\/noticiasmercedinas.com\/site\/2022\/09\/22\/primavera-sin-violencia-actas-por-infracciones-y-muchos-cuidados\/#breadcrumb","itemListElement":[{"@type":"ListItem","position":1,"name":"Portada","item":"https:\/\/noticiasmercedinas.com\/site\/"},{"@type":"ListItem","position":2,"name":"Primavera sin violencia, actas por infracciones y muchos cuidados"}]},{"@type":"WebSite","@id":"https:\/\/noticiasmercedinas.com\/site\/#website","url":"https:\/\/noticiasmercedinas.com\/site\/","name":"NOTICIASMERCEDINAS.COM","description":"Mercedes, Buenos Aires, Argentina","publisher":{"@id":"https:\/\/noticiasmercedinas.com\/site\/#organization"},"potentialAction":[{"@type":"SearchAction","target":{"@type":"EntryPoint","urlTemplate":"https:\/\/noticiasmercedinas.com\/site\/?s={search_term_string}"},"query-input":{"@type":"PropertyValueSpecification","valueRequired":true,"valueName":"search_term_string"}}],"inLanguage":"es"},{"@type":"Organization","@id":"https:\/\/noticiasmercedinas.com\/site\/#organization","name":"NOTICIASMERCEDINAS.COM","url":"https:\/\/noticiasmercedinas.com\/site\/","logo":{"@type":"ImageObject","inLanguage":"es","@id":"https:\/\/noticiasmercedinas.com\/site\/#\/schema\/logo\/image\/","url":"https:\/\/noticiasmercedinas.com\/site\/wp-content\/uploads\/2020\/06\/LOGO-512.jpg","contentUrl":"https:\/\/noticiasmercedinas.com\/site\/wp-content\/uploads\/2020\/06\/LOGO-512.jpg","width":512,"height":512,"caption":"NOTICIASMERCEDINAS.COM"},"image":{"@id":"https:\/\/noticiasmercedinas.com\/site\/#\/schema\/logo\/image\/"},"sameAs":["https:\/\/www.facebook.com\/noticiasmercedinas\/","https:\/\/x.com\/notmercedinas","https:\/\/www.instagram.com\/noticiasmercedinas\/"]},{"@type":"Person","@id":"https:\/\/noticiasmercedinas.com\/site\/#\/schema\/person\/84b59c099c28ff2e8b77d4ceec5d8063","name":"NOTICIASMERCEDINAS.COM","image":{"@type":"ImageObject","inLanguage":"es","@id":"https:\/\/secure.gravatar.com\/avatar\/4dfbf16b4d17945bfb6341b2d19043457132fcf478a5ee04f42e959fd8f5df0a?s=96&d=mm&r=g","url":"https:\/\/secure.gravatar.com\/avatar\/4dfbf16b4d17945bfb6341b2d19043457132fcf478a5ee04f42e959fd8f5df0a?s=96&d=mm&r=g","contentUrl":"https:\/\/secure.gravatar.com\/avatar\/4dfbf16b4d17945bfb6341b2d19043457132fcf478a5ee04f42e959fd8f5df0a?s=96&d=mm&r=g","caption":"NOTICIASMERCEDINAS.COM"},"url":"https:\/\/noticiasmercedinas.com\/site\/author\/anonimo\/"}]}},"amp_enabled":true,"_links":{"self":[{"href":"https:\/\/noticiasmercedinas.com\/site\/wp-json\/wp\/v2\/posts\/100215","targetHints":{"allow":["GET"]}}],"collection":[{"href":"https:\/\/noticiasmercedinas.com\/site\/wp-json\/wp\/v2\/posts"}],"about":[{"href":"https:\/\/noticiasmercedinas.com\/site\/wp-json\/wp\/v2\/types\/post"}],"author":[{"embeddable":true,"href":"https:\/\/noticiasmercedinas.com\/site\/wp-json\/wp\/v2\/users\/16"}],"replies":[{"embeddable":true,"href":"https:\/\/noticiasmercedinas.com\/site\/wp-json\/wp\/v2\/comments?post=100215"}],"version-history":[{"count":1,"href":"https:\/\/noticiasmercedinas.com\/site\/wp-json\/wp\/v2\/posts\/100215\/revisions"}],"predecessor-version":[{"id":100216,"href":"https:\/\/noticiasmercedinas.com\/site\/wp-json\/wp\/v2\/posts\/100215\/revisions\/100216"}],"wp:featuredmedia":[{"embeddable":true,"href":"https:\/\/noticiasmercedinas.com\/site\/wp-json\/wp\/v2\/media\/71891"}],"wp:attachment":[{"href":"https:\/\/noticiasmercedinas.com\/site\/wp-json\/wp\/v2\/media?parent=100215"}],"wp:term":[{"taxonomy":"category","embeddable":true,"href":"https:\/\/noticiasmercedinas.com\/site\/wp-json\/wp\/v2\/categories?post=100215"},{"taxonomy":"post_tag","embeddable":true,"href":"https:\/\/noticiasmercedinas.com\/site\/wp-json\/wp\/v2\/tags?post=100215"}],"curies":[{"name":"wp","href":"https:\/\/api.w.org\/{rel}","templated":true}]}}