{"id":100232,"date":"2022-09-23T08:13:19","date_gmt":"2022-09-23T11:13:19","guid":{"rendered":"https:\/\/noticiasmercedinas.com\/site\/2022\/09\/23\/se-festejo-el-dia-del-jubilado-en-la-trocha\/"},"modified":"2022-09-23T16:56:33","modified_gmt":"2022-09-23T19:56:33","slug":"se-festejo-el-dia-del-jubilado-en-la-trocha","status":"publish","type":"post","link":"https:\/\/noticiasmercedinas.com\/site\/2022\/09\/23\/se-festejo-el-dia-del-jubilado-en-la-trocha\/","title":{"rendered":"Se festej\u00f3 el D\u00eda del Jubilado en La Trocha"},"content":{"rendered":"<p><img loading=\"lazy\" decoding=\"async\" class=\"alignnone wp-image-100231 size-full\" src=\"https:\/\/noticiasmercedinas.com\/site\/wp-content\/uploads\/2022\/09\/wp-1663931230516..jpg\" width=\"922\" height=\"615\" srcset=\"https:\/\/noticiasmercedinas.com\/site\/wp-content\/uploads\/2022\/09\/wp-1663931230516..jpg 922w, https:\/\/noticiasmercedinas.com\/site\/wp-content\/uploads\/2022\/09\/wp-1663931230516.-300x200.jpg 300w, https:\/\/noticiasmercedinas.com\/site\/wp-content\/uploads\/2022\/09\/wp-1663931230516.-768x512.jpg 768w, https:\/\/noticiasmercedinas.com\/site\/wp-content\/uploads\/2022\/09\/wp-1663931230516.-640x427.jpg 640w, https:\/\/noticiasmercedinas.com\/site\/wp-content\/uploads\/2022\/09\/wp-1663931230516.-681x454.jpg 681w\" sizes=\"auto, (max-width: 922px) 100vw, 922px\" \/><\/p>\n<p>En el Complejo Cultural La Trocha, este jueves los jubilados y jubiladas de la ciudad tuvieron su festejo.<\/p>\n<p>Un gran n\u00famero de vecinos se hicieron presentes para compartir un almuerzo con m\u00fasica, show y baile, conmemorando lo que fue el D\u00eda del Jubilado, del pasado 20 de septiembre.<\/p>\n<p>All\u00ed, adem\u00e1s, estuvieron el intendente <strong>Juan Ignacio Ustarroz<\/strong>, <strong>Santiago Altube<\/strong>, responsable de la Agencia PAMI, <strong>Carlos \u00abCacho\u00bb Garro<\/strong>, jefe Regional de ANSES Bonaerense IV, como as\u00ed tambi\u00e9n <strong>M\u00f3nica Garro<\/strong> por el mismo ente, desde el IPS Mercedes su referente <strong>Diego Silvestre<\/strong>, as\u00ed como <strong>Victoria Odell <\/strong>y<strong> Noelia Gollo<\/strong> pertenecientes a la Direcci\u00f3n de Adultos Mayores, <strong>Marianela Arenillas<\/strong>, subsecretaria del \u00e1rea de Salud y <strong>Luc\u00eda Capaccio<\/strong> por Cultura.<\/p>\n<p>El intendente Juan Ignacio Ustarroz en primer lugar salud\u00f3 a todos los jubilados por su festej\u00f3 y se\u00f1al\u00f3: \u201cPara nosotros es gusto poder verlos, compartiendo este festejo, luego de un tiempo largo que, debido a la pandemia, no pod\u00edamos juntarnos\u201d.<\/p>\n<p>Asimismo, el intendente Ustarroz propuso \u201cla generaci\u00f3n de un consejo asesor de Adultos Mayores para el Poder Ejecutivo, para analizar la ciudad, para que nos digan qu\u00e9 nos falta hacer y lograr entre todos hacer una ciudad mejor\u201d y agreg\u00f3: \u201cQueremos plantearle a cada Centro de Jubilados la propuesta del Presupuesto Participativo, generando un fondo especial para cada Centro de Jubilados, ya no para trabajar puertas para adentro, sino un proyecto lindo para la ciudad\u201d.<\/p>\n<p>\u201cDespu\u00e9s de la pandemia, algo que venimos trabajando todos los d\u00edas es en unir cada vez m\u00e1s a nuestro pueblo, y esta es una linda manera de crear, desarrollar y concretar algo que beneficiar\u00e1 a toda la ciudad\u201d afirm\u00f3 el intendente Juan Ignacio Ustarroz.<\/p>\n<p><img loading=\"lazy\" decoding=\"async\" class=\"alignnone wp-image-100230 size-full\" src=\"https:\/\/noticiasmercedinas.com\/site\/wp-content\/uploads\/2022\/09\/wp-1663931203201..jpg\" width=\"922\" height=\"615\" srcset=\"https:\/\/noticiasmercedinas.com\/site\/wp-content\/uploads\/2022\/09\/wp-1663931203201..jpg 922w, https:\/\/noticiasmercedinas.com\/site\/wp-content\/uploads\/2022\/09\/wp-1663931203201.-300x200.jpg 300w, https:\/\/noticiasmercedinas.com\/site\/wp-content\/uploads\/2022\/09\/wp-1663931203201.-768x512.jpg 768w, https:\/\/noticiasmercedinas.com\/site\/wp-content\/uploads\/2022\/09\/wp-1663931203201.-640x427.jpg 640w, https:\/\/noticiasmercedinas.com\/site\/wp-content\/uploads\/2022\/09\/wp-1663931203201.-681x454.jpg 681w\" sizes=\"auto, (max-width: 922px) 100vw, 922px\" \/><\/p>\n","protected":false},"excerpt":{"rendered":"<p>\u25a0 Un gran n\u00famero de vecinos se hicieron presentes para compartir un almuerzo con m\u00fasica, show y baile, conmemorando lo que fue el D\u00eda del Jubilado, del pasado 20 de septiembre. <\/p>\n","protected":false},"author":16,"featured_media":100231,"comment_status":"open","ping_status":"open","sticky":false,"template":"","format":"standard","meta":{"footnotes":""},"categories":[3],"tags":[626,3077,1077,160,2554,839,1267],"class_list":["post-100232","post","type-post","status-publish","format-standard","has-post-thumbnail","hentry","category-sociedad","tag-anses","tag-carlos-garro","tag-juan-ustarroz","tag-jubilados","tag-marianela-arenillas","tag-pami","tag-santiago-altube"],"yoast_head":"<!-- This site is optimized with the Yoast SEO plugin v27.4 - https:\/\/yoast.com\/product\/yoast-seo-wordpress\/ -->\n<title>Se festej\u00f3 el D\u00eda del Jubilado en La Trocha<\/title>\n<meta name=\"robots\" content=\"index, follow, max-snippet:-1, max-image-preview:large, max-video-preview:-1\" \/>\n<link rel=\"canonical\" href=\"https:\/\/noticiasmercedinas.com\/site\/2022\/09\/23\/se-festejo-el-dia-del-jubilado-en-la-trocha\/\" \/>\n<meta property=\"og:locale\" content=\"es_ES\" \/>\n<meta property=\"og:type\" content=\"article\" \/>\n<meta property=\"og:title\" content=\"Se festej\u00f3 el D\u00eda del Jubilado en La Trocha\" \/>\n<meta property=\"og:description\" content=\"\u25a0 Un gran n\u00famero de vecinos se hicieron presentes para compartir un almuerzo con m\u00fasica, show y baile, conmemorando lo que fue el D\u00eda del Jubilado, del pasado 20 de septiembre.\" \/>\n<meta property=\"og:url\" content=\"https:\/\/noticiasmercedinas.com\/site\/2022\/09\/23\/se-festejo-el-dia-del-jubilado-en-la-trocha\/\" \/>\n<meta property=\"og:site_name\" content=\"NOTICIASMERCEDINAS.COM\" \/>\n<meta property=\"article:publisher\" content=\"https:\/\/www.facebook.com\/noticiasmercedinas\/\" \/>\n<meta property=\"article:published_time\" content=\"2022-09-23T11:13:19+00:00\" \/>\n<meta property=\"article:modified_time\" content=\"2022-09-23T19:56:33+00:00\" \/>\n<meta property=\"og:image\" content=\"https:\/\/noticiasmercedinas.com\/site\/wp-content\/uploads\/2022\/09\/wp-1663931230516..jpg\" \/>\n\t<meta property=\"og:image:width\" content=\"922\" \/>\n\t<meta property=\"og:image:height\" content=\"615\" \/>\n\t<meta property=\"og:image:type\" content=\"image\/jpeg\" \/>\n<meta name=\"author\" content=\"NOTICIASMERCEDINAS.COM\" \/>\n<meta name=\"twitter:card\" content=\"summary_large_image\" \/>\n<meta name=\"twitter:creator\" content=\"@notmercedinas\" \/>\n<meta name=\"twitter:site\" content=\"@notmercedinas\" \/>\n<meta name=\"twitter:label1\" content=\"Escrito por\" \/>\n\t<meta name=\"twitter:data1\" content=\"NOTICIASMERCEDINAS.COM\" \/>\n\t<meta name=\"twitter:label2\" content=\"Tiempo de lectura\" \/>\n\t<meta name=\"twitter:data2\" content=\"2 minutos\" \/>\n<script type=\"application\/ld+json\" class=\"yoast-schema-graph\">{\"@context\":\"https:\\\/\\\/schema.org\",\"@graph\":[{\"@type\":\"Article\",\"@id\":\"https:\\\/\\\/noticiasmercedinas.com\\\/site\\\/2022\\\/09\\\/23\\\/se-festejo-el-dia-del-jubilado-en-la-trocha\\\/#article\",\"isPartOf\":{\"@id\":\"https:\\\/\\\/noticiasmercedinas.com\\\/site\\\/2022\\\/09\\\/23\\\/se-festejo-el-dia-del-jubilado-en-la-trocha\\\/\"},\"author\":{\"name\":\"NOTICIASMERCEDINAS.COM\",\"@id\":\"https:\\\/\\\/noticiasmercedinas.com\\\/site\\\/#\\\/schema\\\/person\\\/84b59c099c28ff2e8b77d4ceec5d8063\"},\"headline\":\"Se festej\u00f3 el D\u00eda del Jubilado en La Trocha\",\"datePublished\":\"2022-09-23T11:13:19+00:00\",\"dateModified\":\"2022-09-23T19:56:33+00:00\",\"mainEntityOfPage\":{\"@id\":\"https:\\\/\\\/noticiasmercedinas.com\\\/site\\\/2022\\\/09\\\/23\\\/se-festejo-el-dia-del-jubilado-en-la-trocha\\\/\"},\"wordCount\":297,\"commentCount\":0,\"publisher\":{\"@id\":\"https:\\\/\\\/noticiasmercedinas.com\\\/site\\\/#organization\"},\"image\":{\"@id\":\"https:\\\/\\\/noticiasmercedinas.com\\\/site\\\/2022\\\/09\\\/23\\\/se-festejo-el-dia-del-jubilado-en-la-trocha\\\/#primaryimage\"},\"thumbnailUrl\":\"https:\\\/\\\/noticiasmercedinas.com\\\/site\\\/wp-content\\\/uploads\\\/2022\\\/09\\\/wp-1663931230516..jpg\",\"keywords\":[\"anses\",\"carlos Garro\",\"Juan Ustarroz\",\"jubilados\",\"marianela arenillas\",\"pami\",\"Santiago Altube\"],\"articleSection\":[\"Sociedad\"],\"inLanguage\":\"es\",\"potentialAction\":[{\"@type\":\"CommentAction\",\"name\":\"Comment\",\"target\":[\"https:\\\/\\\/noticiasmercedinas.com\\\/site\\\/2022\\\/09\\\/23\\\/se-festejo-el-dia-del-jubilado-en-la-trocha\\\/#respond\"]}]},{\"@type\":\"WebPage\",\"@id\":\"https:\\\/\\\/noticiasmercedinas.com\\\/site\\\/2022\\\/09\\\/23\\\/se-festejo-el-dia-del-jubilado-en-la-trocha\\\/\",\"url\":\"https:\\\/\\\/noticiasmercedinas.com\\\/site\\\/2022\\\/09\\\/23\\\/se-festejo-el-dia-del-jubilado-en-la-trocha\\\/\",\"name\":\"Se festej\u00f3 el D\u00eda del Jubilado en La Trocha\",\"isPartOf\":{\"@id\":\"https:\\\/\\\/noticiasmercedinas.com\\\/site\\\/#website\"},\"primaryImageOfPage\":{\"@id\":\"https:\\\/\\\/noticiasmercedinas.com\\\/site\\\/2022\\\/09\\\/23\\\/se-festejo-el-dia-del-jubilado-en-la-trocha\\\/#primaryimage\"},\"image\":{\"@id\":\"https:\\\/\\\/noticiasmercedinas.com\\\/site\\\/2022\\\/09\\\/23\\\/se-festejo-el-dia-del-jubilado-en-la-trocha\\\/#primaryimage\"},\"thumbnailUrl\":\"https:\\\/\\\/noticiasmercedinas.com\\\/site\\\/wp-content\\\/uploads\\\/2022\\\/09\\\/wp-1663931230516..jpg\",\"datePublished\":\"2022-09-23T11:13:19+00:00\",\"dateModified\":\"2022-09-23T19:56:33+00:00\",\"breadcrumb\":{\"@id\":\"https:\\\/\\\/noticiasmercedinas.com\\\/site\\\/2022\\\/09\\\/23\\\/se-festejo-el-dia-del-jubilado-en-la-trocha\\\/#breadcrumb\"},\"inLanguage\":\"es\",\"potentialAction\":[{\"@type\":\"ReadAction\",\"target\":[\"https:\\\/\\\/noticiasmercedinas.com\\\/site\\\/2022\\\/09\\\/23\\\/se-festejo-el-dia-del-jubilado-en-la-trocha\\\/\"]}]},{\"@type\":\"ImageObject\",\"inLanguage\":\"es\",\"@id\":\"https:\\\/\\\/noticiasmercedinas.com\\\/site\\\/2022\\\/09\\\/23\\\/se-festejo-el-dia-del-jubilado-en-la-trocha\\\/#primaryimage\",\"url\":\"https:\\\/\\\/noticiasmercedinas.com\\\/site\\\/wp-content\\\/uploads\\\/2022\\\/09\\\/wp-1663931230516..jpg\",\"contentUrl\":\"https:\\\/\\\/noticiasmercedinas.com\\\/site\\\/wp-content\\\/uploads\\\/2022\\\/09\\\/wp-1663931230516..jpg\",\"width\":922,\"height\":615},{\"@type\":\"BreadcrumbList\",\"@id\":\"https:\\\/\\\/noticiasmercedinas.com\\\/site\\\/2022\\\/09\\\/23\\\/se-festejo-el-dia-del-jubilado-en-la-trocha\\\/#breadcrumb\",\"itemListElement\":[{\"@type\":\"ListItem\",\"position\":1,\"name\":\"Portada\",\"item\":\"https:\\\/\\\/noticiasmercedinas.com\\\/site\\\/\"},{\"@type\":\"ListItem\",\"position\":2,\"name\":\"Se festej\u00f3 el D\u00eda del Jubilado en La Trocha\"}]},{\"@type\":\"WebSite\",\"@id\":\"https:\\\/\\\/noticiasmercedinas.com\\\/site\\\/#website\",\"url\":\"https:\\\/\\\/noticiasmercedinas.com\\\/site\\\/\",\"name\":\"NOTICIASMERCEDINAS.COM\",\"description\":\"Mercedes, Buenos Aires, Argentina\",\"publisher\":{\"@id\":\"https:\\\/\\\/noticiasmercedinas.com\\\/site\\\/#organization\"},\"potentialAction\":[{\"@type\":\"SearchAction\",\"target\":{\"@type\":\"EntryPoint\",\"urlTemplate\":\"https:\\\/\\\/noticiasmercedinas.com\\\/site\\\/?s={search_term_string}\"},\"query-input\":{\"@type\":\"PropertyValueSpecification\",\"valueRequired\":true,\"valueName\":\"search_term_string\"}}],\"inLanguage\":\"es\"},{\"@type\":\"Organization\",\"@id\":\"https:\\\/\\\/noticiasmercedinas.com\\\/site\\\/#organization\",\"name\":\"NOTICIASMERCEDINAS.COM\",\"url\":\"https:\\\/\\\/noticiasmercedinas.com\\\/site\\\/\",\"logo\":{\"@type\":\"ImageObject\",\"inLanguage\":\"es\",\"@id\":\"https:\\\/\\\/noticiasmercedinas.com\\\/site\\\/#\\\/schema\\\/logo\\\/image\\\/\",\"url\":\"https:\\\/\\\/noticiasmercedinas.com\\\/site\\\/wp-content\\\/uploads\\\/2020\\\/06\\\/LOGO-512.jpg\",\"contentUrl\":\"https:\\\/\\\/noticiasmercedinas.com\\\/site\\\/wp-content\\\/uploads\\\/2020\\\/06\\\/LOGO-512.jpg\",\"width\":512,\"height\":512,\"caption\":\"NOTICIASMERCEDINAS.COM\"},\"image\":{\"@id\":\"https:\\\/\\\/noticiasmercedinas.com\\\/site\\\/#\\\/schema\\\/logo\\\/image\\\/\"},\"sameAs\":[\"https:\\\/\\\/www.facebook.com\\\/noticiasmercedinas\\\/\",\"https:\\\/\\\/x.com\\\/notmercedinas\",\"https:\\\/\\\/www.instagram.com\\\/noticiasmercedinas\\\/\"]},{\"@type\":\"Person\",\"@id\":\"https:\\\/\\\/noticiasmercedinas.com\\\/site\\\/#\\\/schema\\\/person\\\/84b59c099c28ff2e8b77d4ceec5d8063\",\"name\":\"NOTICIASMERCEDINAS.COM\",\"image\":{\"@type\":\"ImageObject\",\"inLanguage\":\"es\",\"@id\":\"https:\\\/\\\/secure.gravatar.com\\\/avatar\\\/4dfbf16b4d17945bfb6341b2d19043457132fcf478a5ee04f42e959fd8f5df0a?s=96&d=mm&r=g\",\"url\":\"https:\\\/\\\/secure.gravatar.com\\\/avatar\\\/4dfbf16b4d17945bfb6341b2d19043457132fcf478a5ee04f42e959fd8f5df0a?s=96&d=mm&r=g\",\"contentUrl\":\"https:\\\/\\\/secure.gravatar.com\\\/avatar\\\/4dfbf16b4d17945bfb6341b2d19043457132fcf478a5ee04f42e959fd8f5df0a?s=96&d=mm&r=g\",\"caption\":\"NOTICIASMERCEDINAS.COM\"},\"url\":\"https:\\\/\\\/noticiasmercedinas.com\\\/site\\\/author\\\/anonimo\\\/\"}]}<\/script>\n<!-- \/ Yoast SEO plugin. -->","yoast_head_json":{"title":"Se festej\u00f3 el D\u00eda del Jubilado en La Trocha","robots":{"index":"index","follow":"follow","max-snippet":"max-snippet:-1","max-image-preview":"max-image-preview:large","max-video-preview":"max-video-preview:-1"},"canonical":"https:\/\/noticiasmercedinas.com\/site\/2022\/09\/23\/se-festejo-el-dia-del-jubilado-en-la-trocha\/","og_locale":"es_ES","og_type":"article","og_title":"Se festej\u00f3 el D\u00eda del Jubilado en La Trocha","og_description":"\u25a0 Un gran n\u00famero de vecinos se hicieron presentes para compartir un almuerzo con m\u00fasica, show y baile, conmemorando lo que fue el D\u00eda del Jubilado, del pasado 20 de septiembre.","og_url":"https:\/\/noticiasmercedinas.com\/site\/2022\/09\/23\/se-festejo-el-dia-del-jubilado-en-la-trocha\/","og_site_name":"NOTICIASMERCEDINAS.COM","article_publisher":"https:\/\/www.facebook.com\/noticiasmercedinas\/","article_published_time":"2022-09-23T11:13:19+00:00","article_modified_time":"2022-09-23T19:56:33+00:00","og_image":[{"width":922,"height":615,"url":"https:\/\/noticiasmercedinas.com\/site\/wp-content\/uploads\/2022\/09\/wp-1663931230516..jpg","type":"image\/jpeg"}],"author":"NOTICIASMERCEDINAS.COM","twitter_card":"summary_large_image","twitter_creator":"@notmercedinas","twitter_site":"@notmercedinas","twitter_misc":{"Escrito por":"NOTICIASMERCEDINAS.COM","Tiempo de lectura":"2 minutos"},"schema":{"@context":"https:\/\/schema.org","@graph":[{"@type":"Article","@id":"https:\/\/noticiasmercedinas.com\/site\/2022\/09\/23\/se-festejo-el-dia-del-jubilado-en-la-trocha\/#article","isPartOf":{"@id":"https:\/\/noticiasmercedinas.com\/site\/2022\/09\/23\/se-festejo-el-dia-del-jubilado-en-la-trocha\/"},"author":{"name":"NOTICIASMERCEDINAS.COM","@id":"https:\/\/noticiasmercedinas.com\/site\/#\/schema\/person\/84b59c099c28ff2e8b77d4ceec5d8063"},"headline":"Se festej\u00f3 el D\u00eda del Jubilado en La Trocha","datePublished":"2022-09-23T11:13:19+00:00","dateModified":"2022-09-23T19:56:33+00:00","mainEntityOfPage":{"@id":"https:\/\/noticiasmercedinas.com\/site\/2022\/09\/23\/se-festejo-el-dia-del-jubilado-en-la-trocha\/"},"wordCount":297,"commentCount":0,"publisher":{"@id":"https:\/\/noticiasmercedinas.com\/site\/#organization"},"image":{"@id":"https:\/\/noticiasmercedinas.com\/site\/2022\/09\/23\/se-festejo-el-dia-del-jubilado-en-la-trocha\/#primaryimage"},"thumbnailUrl":"https:\/\/noticiasmercedinas.com\/site\/wp-content\/uploads\/2022\/09\/wp-1663931230516..jpg","keywords":["anses","carlos Garro","Juan Ustarroz","jubilados","marianela arenillas","pami","Santiago Altube"],"articleSection":["Sociedad"],"inLanguage":"es","potentialAction":[{"@type":"CommentAction","name":"Comment","target":["https:\/\/noticiasmercedinas.com\/site\/2022\/09\/23\/se-festejo-el-dia-del-jubilado-en-la-trocha\/#respond"]}]},{"@type":"WebPage","@id":"https:\/\/noticiasmercedinas.com\/site\/2022\/09\/23\/se-festejo-el-dia-del-jubilado-en-la-trocha\/","url":"https:\/\/noticiasmercedinas.com\/site\/2022\/09\/23\/se-festejo-el-dia-del-jubilado-en-la-trocha\/","name":"Se festej\u00f3 el D\u00eda del Jubilado en La Trocha","isPartOf":{"@id":"https:\/\/noticiasmercedinas.com\/site\/#website"},"primaryImageOfPage":{"@id":"https:\/\/noticiasmercedinas.com\/site\/2022\/09\/23\/se-festejo-el-dia-del-jubilado-en-la-trocha\/#primaryimage"},"image":{"@id":"https:\/\/noticiasmercedinas.com\/site\/2022\/09\/23\/se-festejo-el-dia-del-jubilado-en-la-trocha\/#primaryimage"},"thumbnailUrl":"https:\/\/noticiasmercedinas.com\/site\/wp-content\/uploads\/2022\/09\/wp-1663931230516..jpg","datePublished":"2022-09-23T11:13:19+00:00","dateModified":"2022-09-23T19:56:33+00:00","breadcrumb":{"@id":"https:\/\/noticiasmercedinas.com\/site\/2022\/09\/23\/se-festejo-el-dia-del-jubilado-en-la-trocha\/#breadcrumb"},"inLanguage":"es","potentialAction":[{"@type":"ReadAction","target":["https:\/\/noticiasmercedinas.com\/site\/2022\/09\/23\/se-festejo-el-dia-del-jubilado-en-la-trocha\/"]}]},{"@type":"ImageObject","inLanguage":"es","@id":"https:\/\/noticiasmercedinas.com\/site\/2022\/09\/23\/se-festejo-el-dia-del-jubilado-en-la-trocha\/#primaryimage","url":"https:\/\/noticiasmercedinas.com\/site\/wp-content\/uploads\/2022\/09\/wp-1663931230516..jpg","contentUrl":"https:\/\/noticiasmercedinas.com\/site\/wp-content\/uploads\/2022\/09\/wp-1663931230516..jpg","width":922,"height":615},{"@type":"BreadcrumbList","@id":"https:\/\/noticiasmercedinas.com\/site\/2022\/09\/23\/se-festejo-el-dia-del-jubilado-en-la-trocha\/#breadcrumb","itemListElement":[{"@type":"ListItem","position":1,"name":"Portada","item":"https:\/\/noticiasmercedinas.com\/site\/"},{"@type":"ListItem","position":2,"name":"Se festej\u00f3 el D\u00eda del Jubilado en La Trocha"}]},{"@type":"WebSite","@id":"https:\/\/noticiasmercedinas.com\/site\/#website","url":"https:\/\/noticiasmercedinas.com\/site\/","name":"NOTICIASMERCEDINAS.COM","description":"Mercedes, Buenos Aires, Argentina","publisher":{"@id":"https:\/\/noticiasmercedinas.com\/site\/#organization"},"potentialAction":[{"@type":"SearchAction","target":{"@type":"EntryPoint","urlTemplate":"https:\/\/noticiasmercedinas.com\/site\/?s={search_term_string}"},"query-input":{"@type":"PropertyValueSpecification","valueRequired":true,"valueName":"search_term_string"}}],"inLanguage":"es"},{"@type":"Organization","@id":"https:\/\/noticiasmercedinas.com\/site\/#organization","name":"NOTICIASMERCEDINAS.COM","url":"https:\/\/noticiasmercedinas.com\/site\/","logo":{"@type":"ImageObject","inLanguage":"es","@id":"https:\/\/noticiasmercedinas.com\/site\/#\/schema\/logo\/image\/","url":"https:\/\/noticiasmercedinas.com\/site\/wp-content\/uploads\/2020\/06\/LOGO-512.jpg","contentUrl":"https:\/\/noticiasmercedinas.com\/site\/wp-content\/uploads\/2020\/06\/LOGO-512.jpg","width":512,"height":512,"caption":"NOTICIASMERCEDINAS.COM"},"image":{"@id":"https:\/\/noticiasmercedinas.com\/site\/#\/schema\/logo\/image\/"},"sameAs":["https:\/\/www.facebook.com\/noticiasmercedinas\/","https:\/\/x.com\/notmercedinas","https:\/\/www.instagram.com\/noticiasmercedinas\/"]},{"@type":"Person","@id":"https:\/\/noticiasmercedinas.com\/site\/#\/schema\/person\/84b59c099c28ff2e8b77d4ceec5d8063","name":"NOTICIASMERCEDINAS.COM","image":{"@type":"ImageObject","inLanguage":"es","@id":"https:\/\/secure.gravatar.com\/avatar\/4dfbf16b4d17945bfb6341b2d19043457132fcf478a5ee04f42e959fd8f5df0a?s=96&d=mm&r=g","url":"https:\/\/secure.gravatar.com\/avatar\/4dfbf16b4d17945bfb6341b2d19043457132fcf478a5ee04f42e959fd8f5df0a?s=96&d=mm&r=g","contentUrl":"https:\/\/secure.gravatar.com\/avatar\/4dfbf16b4d17945bfb6341b2d19043457132fcf478a5ee04f42e959fd8f5df0a?s=96&d=mm&r=g","caption":"NOTICIASMERCEDINAS.COM"},"url":"https:\/\/noticiasmercedinas.com\/site\/author\/anonimo\/"}]}},"amp_enabled":true,"_links":{"self":[{"href":"https:\/\/noticiasmercedinas.com\/site\/wp-json\/wp\/v2\/posts\/100232","targetHints":{"allow":["GET"]}}],"collection":[{"href":"https:\/\/noticiasmercedinas.com\/site\/wp-json\/wp\/v2\/posts"}],"about":[{"href":"https:\/\/noticiasmercedinas.com\/site\/wp-json\/wp\/v2\/types\/post"}],"author":[{"embeddable":true,"href":"https:\/\/noticiasmercedinas.com\/site\/wp-json\/wp\/v2\/users\/16"}],"replies":[{"embeddable":true,"href":"https:\/\/noticiasmercedinas.com\/site\/wp-json\/wp\/v2\/comments?post=100232"}],"version-history":[{"count":3,"href":"https:\/\/noticiasmercedinas.com\/site\/wp-json\/wp\/v2\/posts\/100232\/revisions"}],"predecessor-version":[{"id":100295,"href":"https:\/\/noticiasmercedinas.com\/site\/wp-json\/wp\/v2\/posts\/100232\/revisions\/100295"}],"wp:featuredmedia":[{"embeddable":true,"href":"https:\/\/noticiasmercedinas.com\/site\/wp-json\/wp\/v2\/media\/100231"}],"wp:attachment":[{"href":"https:\/\/noticiasmercedinas.com\/site\/wp-json\/wp\/v2\/media?parent=100232"}],"wp:term":[{"taxonomy":"category","embeddable":true,"href":"https:\/\/noticiasmercedinas.com\/site\/wp-json\/wp\/v2\/categories?post=100232"},{"taxonomy":"post_tag","embeddable":true,"href":"https:\/\/noticiasmercedinas.com\/site\/wp-json\/wp\/v2\/tags?post=100232"}],"curies":[{"name":"wp","href":"https:\/\/api.w.org\/{rel}","templated":true}]}}