{"id":1003,"date":"2018-09-04T08:23:01","date_gmt":"2018-09-04T11:23:01","guid":{"rendered":"https:\/\/noticiasmercedinas.com\/site\/?p=1003"},"modified":"2018-09-04T08:30:46","modified_gmt":"2018-09-04T11:30:46","slug":"frente-multicolor-se-solidariza-con-cicop","status":"publish","type":"post","link":"https:\/\/noticiasmercedinas.com\/site\/2018\/09\/04\/frente-multicolor-se-solidariza-con-cicop\/","title":{"rendered":"Frente Multicolor se solidariza con CICOP"},"content":{"rendered":"<p>\u201cDesde el Frente Multicolor AJB &#8211; Mercedes (B), nos solidarizamos con la declaraci\u00f3n de la Comisi\u00f3n Directiva del CICOP, ante la eliminaci\u00f3n del Ministerio de Salud y apoyamos en su lucha por su recuperaci\u00f3n\u201d, destac\u00f3 el mercedino Tom\u00e1s Mena, integrante de esa entidad gremial.<\/p>\n<p><img loading=\"lazy\" decoding=\"async\" class=\"alignnone size-full wp-image-1004\" src=\"https:\/\/noticiasmercedinas.com\/site\/wp-content\/uploads\/2018\/09\/40936006_1915414765213345_861130652106358784_n.jpg\" alt=\"\" width=\"960\" height=\"640\" srcset=\"https:\/\/noticiasmercedinas.com\/site\/wp-content\/uploads\/2018\/09\/40936006_1915414765213345_861130652106358784_n.jpg 960w, https:\/\/noticiasmercedinas.com\/site\/wp-content\/uploads\/2018\/09\/40936006_1915414765213345_861130652106358784_n-300x200.jpg 300w, https:\/\/noticiasmercedinas.com\/site\/wp-content\/uploads\/2018\/09\/40936006_1915414765213345_861130652106358784_n-768x512.jpg 768w, https:\/\/noticiasmercedinas.com\/site\/wp-content\/uploads\/2018\/09\/40936006_1915414765213345_861130652106358784_n-640x427.jpg 640w, https:\/\/noticiasmercedinas.com\/site\/wp-content\/uploads\/2018\/09\/40936006_1915414765213345_861130652106358784_n-681x454.jpg 681w\" sizes=\"auto, (max-width: 960px) 100vw, 960px\" \/><\/p>\n<p>A su vez, Mena breg\u00f3 por \u201cunidad en la acci\u00f3n\u201d: \u201cGanemos las calles, compa\u00f1eros. Defendamos lo que es nuestro. No al FMI\u201d, dijo.<\/p>\n<p>CICOP rechaz\u00f3 la decisi\u00f3n tomada por el Presidente Macri de eliminar el Ministerio de Salud de la Naci\u00f3n, degrad\u00e1ndolo al rango de Secretar\u00eda e incorpor\u00e1ndolo a la cartera de Desarrollo Social, a cargo de Carolina Stanley.<\/p>\n<p>\u201cTal definici\u00f3n es coherente con la escasa importancia que ha venido teniendo en la gesti\u00f3n del actual Gobierno el \u00e1rea de Salud, sometida a presupuestos mis\u00e9rrimos y pol\u00edticas que poco tienen que ver con un verdadero cuidado de la salud de la poblaci\u00f3n\u201d, adujeron.<\/p>\n","protected":false},"excerpt":{"rendered":"<p>\u201cDesde el Frente Multicolor AJB &#8211; Mercedes (B), nos solidarizamos con la declaraci\u00f3n de la Comisi\u00f3n Directiva del CICOP, ante la eliminaci\u00f3n del Ministerio de Salud y apoyamos en su lucha por su recuperaci\u00f3n\u201d, destac\u00f3 el mercedino Tom\u00e1s Mena, integrante de esa entidad gremial. A su vez, Mena breg\u00f3 por \u201cunidad en la acci\u00f3n\u201d: \u201cGanemos [&hellip;]<\/p>\n","protected":false},"author":2,"featured_media":1004,"comment_status":"open","ping_status":"open","sticky":false,"template":"","format":"standard","meta":{"footnotes":""},"categories":[3],"tags":[82,56,410,231,71],"class_list":["post-1003","post","type-post","status-publish","format-standard","has-post-thumbnail","hentry","category-sociedad","tag-ajb","tag-cicop","tag-ministerio","tag-paro","tag-salud"],"yoast_head":"<!-- This site is optimized with the Yoast SEO plugin v27.5 - https:\/\/yoast.com\/product\/yoast-seo-wordpress\/ -->\n<title>Frente Multicolor se solidariza con CICOP<\/title>\n<meta name=\"robots\" content=\"index, follow, max-snippet:-1, max-image-preview:large, max-video-preview:-1\" \/>\n<link rel=\"canonical\" href=\"https:\/\/noticiasmercedinas.com\/site\/2018\/09\/04\/frente-multicolor-se-solidariza-con-cicop\/\" \/>\n<meta property=\"og:locale\" content=\"es_ES\" \/>\n<meta property=\"og:type\" content=\"article\" \/>\n<meta property=\"og:title\" content=\"Frente Multicolor se solidariza con CICOP\" \/>\n<meta property=\"og:description\" content=\"\u201cDesde el Frente Multicolor AJB &#8211; Mercedes (B), nos solidarizamos con la declaraci\u00f3n de la Comisi\u00f3n Directiva del CICOP, ante la eliminaci\u00f3n del Ministerio de Salud y apoyamos en su lucha por su recuperaci\u00f3n\u201d, destac\u00f3 el mercedino Tom\u00e1s Mena, integrante de esa entidad gremial. A su vez, Mena breg\u00f3 por \u201cunidad en la acci\u00f3n\u201d: \u201cGanemos [&hellip;]\" \/>\n<meta property=\"og:url\" content=\"https:\/\/noticiasmercedinas.com\/site\/2018\/09\/04\/frente-multicolor-se-solidariza-con-cicop\/\" \/>\n<meta property=\"og:site_name\" content=\"NOTICIASMERCEDINAS.COM\" \/>\n<meta property=\"article:publisher\" content=\"https:\/\/www.facebook.com\/noticiasmercedinas\/\" \/>\n<meta property=\"article:author\" content=\"https:\/\/www.facebook.com\/cristian.falabella\" \/>\n<meta property=\"article:published_time\" content=\"2018-09-04T11:23:01+00:00\" \/>\n<meta property=\"article:modified_time\" content=\"2018-09-04T11:30:46+00:00\" \/>\n<meta property=\"og:image\" content=\"https:\/\/noticiasmercedinas.com\/site\/wp-content\/uploads\/2018\/09\/40936006_1915414765213345_861130652106358784_n.jpg\" \/>\n\t<meta property=\"og:image:width\" content=\"960\" \/>\n\t<meta property=\"og:image:height\" content=\"640\" \/>\n\t<meta property=\"og:image:type\" content=\"image\/jpeg\" \/>\n<meta name=\"author\" content=\"Cristian Falabella NOTICIASMERCEDINAS.COM\" \/>\n<meta name=\"twitter:card\" content=\"summary_large_image\" \/>\n<meta name=\"twitter:creator\" content=\"@https:\/\/twitter.com\/NOTMERCEDINAS\" \/>\n<meta name=\"twitter:site\" content=\"@notmercedinas\" \/>\n<meta name=\"twitter:label1\" content=\"Escrito por\" \/>\n\t<meta name=\"twitter:data1\" content=\"Cristian Falabella NOTICIASMERCEDINAS.COM\" \/>\n\t<meta name=\"twitter:label2\" content=\"Tiempo de lectura\" \/>\n\t<meta name=\"twitter:data2\" content=\"1 minuto\" \/>\n<script type=\"application\/ld+json\" class=\"yoast-schema-graph\">{\"@context\":\"https:\\\/\\\/schema.org\",\"@graph\":[{\"@type\":\"Article\",\"@id\":\"https:\\\/\\\/noticiasmercedinas.com\\\/site\\\/2018\\\/09\\\/04\\\/frente-multicolor-se-solidariza-con-cicop\\\/#article\",\"isPartOf\":{\"@id\":\"https:\\\/\\\/noticiasmercedinas.com\\\/site\\\/2018\\\/09\\\/04\\\/frente-multicolor-se-solidariza-con-cicop\\\/\"},\"author\":{\"name\":\"Cristian Falabella NOTICIASMERCEDINAS.COM\",\"@id\":\"https:\\\/\\\/noticiasmercedinas.com\\\/site\\\/#\\\/schema\\\/person\\\/d481a9696a5feaec13a60e2bbd991a6a\"},\"headline\":\"Frente Multicolor se solidariza con CICOP\",\"datePublished\":\"2018-09-04T11:23:01+00:00\",\"dateModified\":\"2018-09-04T11:30:46+00:00\",\"mainEntityOfPage\":{\"@id\":\"https:\\\/\\\/noticiasmercedinas.com\\\/site\\\/2018\\\/09\\\/04\\\/frente-multicolor-se-solidariza-con-cicop\\\/\"},\"wordCount\":170,\"commentCount\":0,\"publisher\":{\"@id\":\"https:\\\/\\\/noticiasmercedinas.com\\\/site\\\/#organization\"},\"image\":{\"@id\":\"https:\\\/\\\/noticiasmercedinas.com\\\/site\\\/2018\\\/09\\\/04\\\/frente-multicolor-se-solidariza-con-cicop\\\/#primaryimage\"},\"thumbnailUrl\":\"https:\\\/\\\/noticiasmercedinas.com\\\/site\\\/wp-content\\\/uploads\\\/2018\\\/09\\\/40936006_1915414765213345_861130652106358784_n.jpg\",\"keywords\":[\"AJB\",\"Cicop\",\"ministerio\",\"paro\",\"salud\"],\"articleSection\":[\"Sociedad\"],\"inLanguage\":\"es\",\"potentialAction\":[{\"@type\":\"CommentAction\",\"name\":\"Comment\",\"target\":[\"https:\\\/\\\/noticiasmercedinas.com\\\/site\\\/2018\\\/09\\\/04\\\/frente-multicolor-se-solidariza-con-cicop\\\/#respond\"]}]},{\"@type\":\"WebPage\",\"@id\":\"https:\\\/\\\/noticiasmercedinas.com\\\/site\\\/2018\\\/09\\\/04\\\/frente-multicolor-se-solidariza-con-cicop\\\/\",\"url\":\"https:\\\/\\\/noticiasmercedinas.com\\\/site\\\/2018\\\/09\\\/04\\\/frente-multicolor-se-solidariza-con-cicop\\\/\",\"name\":\"Frente Multicolor se solidariza con CICOP\",\"isPartOf\":{\"@id\":\"https:\\\/\\\/noticiasmercedinas.com\\\/site\\\/#website\"},\"primaryImageOfPage\":{\"@id\":\"https:\\\/\\\/noticiasmercedinas.com\\\/site\\\/2018\\\/09\\\/04\\\/frente-multicolor-se-solidariza-con-cicop\\\/#primaryimage\"},\"image\":{\"@id\":\"https:\\\/\\\/noticiasmercedinas.com\\\/site\\\/2018\\\/09\\\/04\\\/frente-multicolor-se-solidariza-con-cicop\\\/#primaryimage\"},\"thumbnailUrl\":\"https:\\\/\\\/noticiasmercedinas.com\\\/site\\\/wp-content\\\/uploads\\\/2018\\\/09\\\/40936006_1915414765213345_861130652106358784_n.jpg\",\"datePublished\":\"2018-09-04T11:23:01+00:00\",\"dateModified\":\"2018-09-04T11:30:46+00:00\",\"breadcrumb\":{\"@id\":\"https:\\\/\\\/noticiasmercedinas.com\\\/site\\\/2018\\\/09\\\/04\\\/frente-multicolor-se-solidariza-con-cicop\\\/#breadcrumb\"},\"inLanguage\":\"es\",\"potentialAction\":[{\"@type\":\"ReadAction\",\"target\":[\"https:\\\/\\\/noticiasmercedinas.com\\\/site\\\/2018\\\/09\\\/04\\\/frente-multicolor-se-solidariza-con-cicop\\\/\"]}]},{\"@type\":\"ImageObject\",\"inLanguage\":\"es\",\"@id\":\"https:\\\/\\\/noticiasmercedinas.com\\\/site\\\/2018\\\/09\\\/04\\\/frente-multicolor-se-solidariza-con-cicop\\\/#primaryimage\",\"url\":\"https:\\\/\\\/noticiasmercedinas.com\\\/site\\\/wp-content\\\/uploads\\\/2018\\\/09\\\/40936006_1915414765213345_861130652106358784_n.jpg\",\"contentUrl\":\"https:\\\/\\\/noticiasmercedinas.com\\\/site\\\/wp-content\\\/uploads\\\/2018\\\/09\\\/40936006_1915414765213345_861130652106358784_n.jpg\",\"width\":960,\"height\":640},{\"@type\":\"BreadcrumbList\",\"@id\":\"https:\\\/\\\/noticiasmercedinas.com\\\/site\\\/2018\\\/09\\\/04\\\/frente-multicolor-se-solidariza-con-cicop\\\/#breadcrumb\",\"itemListElement\":[{\"@type\":\"ListItem\",\"position\":1,\"name\":\"Portada\",\"item\":\"https:\\\/\\\/noticiasmercedinas.com\\\/site\\\/\"},{\"@type\":\"ListItem\",\"position\":2,\"name\":\"Frente Multicolor se solidariza con CICOP\"}]},{\"@type\":\"WebSite\",\"@id\":\"https:\\\/\\\/noticiasmercedinas.com\\\/site\\\/#website\",\"url\":\"https:\\\/\\\/noticiasmercedinas.com\\\/site\\\/\",\"name\":\"NOTICIASMERCEDINAS.COM\",\"description\":\"Mercedes, Buenos Aires, Argentina\",\"publisher\":{\"@id\":\"https:\\\/\\\/noticiasmercedinas.com\\\/site\\\/#organization\"},\"potentialAction\":[{\"@type\":\"SearchAction\",\"target\":{\"@type\":\"EntryPoint\",\"urlTemplate\":\"https:\\\/\\\/noticiasmercedinas.com\\\/site\\\/?s={search_term_string}\"},\"query-input\":{\"@type\":\"PropertyValueSpecification\",\"valueRequired\":true,\"valueName\":\"search_term_string\"}}],\"inLanguage\":\"es\"},{\"@type\":\"Organization\",\"@id\":\"https:\\\/\\\/noticiasmercedinas.com\\\/site\\\/#organization\",\"name\":\"NOTICIASMERCEDINAS.COM\",\"url\":\"https:\\\/\\\/noticiasmercedinas.com\\\/site\\\/\",\"logo\":{\"@type\":\"ImageObject\",\"inLanguage\":\"es\",\"@id\":\"https:\\\/\\\/noticiasmercedinas.com\\\/site\\\/#\\\/schema\\\/logo\\\/image\\\/\",\"url\":\"https:\\\/\\\/noticiasmercedinas.com\\\/site\\\/wp-content\\\/uploads\\\/2020\\\/06\\\/LOGO-512.jpg\",\"contentUrl\":\"https:\\\/\\\/noticiasmercedinas.com\\\/site\\\/wp-content\\\/uploads\\\/2020\\\/06\\\/LOGO-512.jpg\",\"width\":512,\"height\":512,\"caption\":\"NOTICIASMERCEDINAS.COM\"},\"image\":{\"@id\":\"https:\\\/\\\/noticiasmercedinas.com\\\/site\\\/#\\\/schema\\\/logo\\\/image\\\/\"},\"sameAs\":[\"https:\\\/\\\/www.facebook.com\\\/noticiasmercedinas\\\/\",\"https:\\\/\\\/x.com\\\/notmercedinas\",\"https:\\\/\\\/www.instagram.com\\\/noticiasmercedinas\\\/\"]},{\"@type\":\"Person\",\"@id\":\"https:\\\/\\\/noticiasmercedinas.com\\\/site\\\/#\\\/schema\\\/person\\\/d481a9696a5feaec13a60e2bbd991a6a\",\"name\":\"Cristian Falabella NOTICIASMERCEDINAS.COM\",\"image\":{\"@type\":\"ImageObject\",\"inLanguage\":\"es\",\"@id\":\"https:\\\/\\\/secure.gravatar.com\\\/avatar\\\/0dbbfc45970cc46bcd0e57766228574ff3511d6eed045b182f536f0f478c1f06?s=96&d=mm&r=g\",\"url\":\"https:\\\/\\\/secure.gravatar.com\\\/avatar\\\/0dbbfc45970cc46bcd0e57766228574ff3511d6eed045b182f536f0f478c1f06?s=96&d=mm&r=g\",\"contentUrl\":\"https:\\\/\\\/secure.gravatar.com\\\/avatar\\\/0dbbfc45970cc46bcd0e57766228574ff3511d6eed045b182f536f0f478c1f06?s=96&d=mm&r=g\",\"caption\":\"Cristian Falabella NOTICIASMERCEDINAS.COM\"},\"description\":\"Periodista, editor de Noticias Mercedinas. Pas\u00f3 por varias redacciones y emprendimientos de prensa, en distintos formatos y \u00e9pocas. Se especializ\u00f3 --y sigue haci\u00e9ndolo-- en comunicaci\u00f3n en la web y en junio de 2006 fund\u00f3 este diario digital.\",\"sameAs\":[\"https:\\\/\\\/noticiasmercedinas.com\",\"https:\\\/\\\/www.facebook.com\\\/cristian.falabella\",\"https:\\\/\\\/www.instagram.com\\\/noticiasmercedinas\\\/\",\"https:\\\/\\\/x.com\\\/https:\\\/\\\/twitter.com\\\/NOTMERCEDINAS\"],\"url\":\"https:\\\/\\\/noticiasmercedinas.com\\\/site\\\/author\\\/as000384\\\/\"}]}<\/script>\n<!-- \/ Yoast SEO plugin. -->","yoast_head_json":{"title":"Frente Multicolor se solidariza con CICOP","robots":{"index":"index","follow":"follow","max-snippet":"max-snippet:-1","max-image-preview":"max-image-preview:large","max-video-preview":"max-video-preview:-1"},"canonical":"https:\/\/noticiasmercedinas.com\/site\/2018\/09\/04\/frente-multicolor-se-solidariza-con-cicop\/","og_locale":"es_ES","og_type":"article","og_title":"Frente Multicolor se solidariza con CICOP","og_description":"\u201cDesde el Frente Multicolor AJB &#8211; Mercedes (B), nos solidarizamos con la declaraci\u00f3n de la Comisi\u00f3n Directiva del CICOP, ante la eliminaci\u00f3n del Ministerio de Salud y apoyamos en su lucha por su recuperaci\u00f3n\u201d, destac\u00f3 el mercedino Tom\u00e1s Mena, integrante de esa entidad gremial. A su vez, Mena breg\u00f3 por \u201cunidad en la acci\u00f3n\u201d: \u201cGanemos [&hellip;]","og_url":"https:\/\/noticiasmercedinas.com\/site\/2018\/09\/04\/frente-multicolor-se-solidariza-con-cicop\/","og_site_name":"NOTICIASMERCEDINAS.COM","article_publisher":"https:\/\/www.facebook.com\/noticiasmercedinas\/","article_author":"https:\/\/www.facebook.com\/cristian.falabella","article_published_time":"2018-09-04T11:23:01+00:00","article_modified_time":"2018-09-04T11:30:46+00:00","og_image":[{"width":960,"height":640,"url":"https:\/\/noticiasmercedinas.com\/site\/wp-content\/uploads\/2018\/09\/40936006_1915414765213345_861130652106358784_n.jpg","type":"image\/jpeg"}],"author":"Cristian Falabella NOTICIASMERCEDINAS.COM","twitter_card":"summary_large_image","twitter_creator":"@https:\/\/twitter.com\/NOTMERCEDINAS","twitter_site":"@notmercedinas","twitter_misc":{"Escrito por":"Cristian Falabella NOTICIASMERCEDINAS.COM","Tiempo de lectura":"1 minuto"},"schema":{"@context":"https:\/\/schema.org","@graph":[{"@type":"Article","@id":"https:\/\/noticiasmercedinas.com\/site\/2018\/09\/04\/frente-multicolor-se-solidariza-con-cicop\/#article","isPartOf":{"@id":"https:\/\/noticiasmercedinas.com\/site\/2018\/09\/04\/frente-multicolor-se-solidariza-con-cicop\/"},"author":{"name":"Cristian Falabella NOTICIASMERCEDINAS.COM","@id":"https:\/\/noticiasmercedinas.com\/site\/#\/schema\/person\/d481a9696a5feaec13a60e2bbd991a6a"},"headline":"Frente Multicolor se solidariza con CICOP","datePublished":"2018-09-04T11:23:01+00:00","dateModified":"2018-09-04T11:30:46+00:00","mainEntityOfPage":{"@id":"https:\/\/noticiasmercedinas.com\/site\/2018\/09\/04\/frente-multicolor-se-solidariza-con-cicop\/"},"wordCount":170,"commentCount":0,"publisher":{"@id":"https:\/\/noticiasmercedinas.com\/site\/#organization"},"image":{"@id":"https:\/\/noticiasmercedinas.com\/site\/2018\/09\/04\/frente-multicolor-se-solidariza-con-cicop\/#primaryimage"},"thumbnailUrl":"https:\/\/noticiasmercedinas.com\/site\/wp-content\/uploads\/2018\/09\/40936006_1915414765213345_861130652106358784_n.jpg","keywords":["AJB","Cicop","ministerio","paro","salud"],"articleSection":["Sociedad"],"inLanguage":"es","potentialAction":[{"@type":"CommentAction","name":"Comment","target":["https:\/\/noticiasmercedinas.com\/site\/2018\/09\/04\/frente-multicolor-se-solidariza-con-cicop\/#respond"]}]},{"@type":"WebPage","@id":"https:\/\/noticiasmercedinas.com\/site\/2018\/09\/04\/frente-multicolor-se-solidariza-con-cicop\/","url":"https:\/\/noticiasmercedinas.com\/site\/2018\/09\/04\/frente-multicolor-se-solidariza-con-cicop\/","name":"Frente Multicolor se solidariza con CICOP","isPartOf":{"@id":"https:\/\/noticiasmercedinas.com\/site\/#website"},"primaryImageOfPage":{"@id":"https:\/\/noticiasmercedinas.com\/site\/2018\/09\/04\/frente-multicolor-se-solidariza-con-cicop\/#primaryimage"},"image":{"@id":"https:\/\/noticiasmercedinas.com\/site\/2018\/09\/04\/frente-multicolor-se-solidariza-con-cicop\/#primaryimage"},"thumbnailUrl":"https:\/\/noticiasmercedinas.com\/site\/wp-content\/uploads\/2018\/09\/40936006_1915414765213345_861130652106358784_n.jpg","datePublished":"2018-09-04T11:23:01+00:00","dateModified":"2018-09-04T11:30:46+00:00","breadcrumb":{"@id":"https:\/\/noticiasmercedinas.com\/site\/2018\/09\/04\/frente-multicolor-se-solidariza-con-cicop\/#breadcrumb"},"inLanguage":"es","potentialAction":[{"@type":"ReadAction","target":["https:\/\/noticiasmercedinas.com\/site\/2018\/09\/04\/frente-multicolor-se-solidariza-con-cicop\/"]}]},{"@type":"ImageObject","inLanguage":"es","@id":"https:\/\/noticiasmercedinas.com\/site\/2018\/09\/04\/frente-multicolor-se-solidariza-con-cicop\/#primaryimage","url":"https:\/\/noticiasmercedinas.com\/site\/wp-content\/uploads\/2018\/09\/40936006_1915414765213345_861130652106358784_n.jpg","contentUrl":"https:\/\/noticiasmercedinas.com\/site\/wp-content\/uploads\/2018\/09\/40936006_1915414765213345_861130652106358784_n.jpg","width":960,"height":640},{"@type":"BreadcrumbList","@id":"https:\/\/noticiasmercedinas.com\/site\/2018\/09\/04\/frente-multicolor-se-solidariza-con-cicop\/#breadcrumb","itemListElement":[{"@type":"ListItem","position":1,"name":"Portada","item":"https:\/\/noticiasmercedinas.com\/site\/"},{"@type":"ListItem","position":2,"name":"Frente Multicolor se solidariza con CICOP"}]},{"@type":"WebSite","@id":"https:\/\/noticiasmercedinas.com\/site\/#website","url":"https:\/\/noticiasmercedinas.com\/site\/","name":"NOTICIASMERCEDINAS.COM","description":"Mercedes, Buenos Aires, Argentina","publisher":{"@id":"https:\/\/noticiasmercedinas.com\/site\/#organization"},"potentialAction":[{"@type":"SearchAction","target":{"@type":"EntryPoint","urlTemplate":"https:\/\/noticiasmercedinas.com\/site\/?s={search_term_string}"},"query-input":{"@type":"PropertyValueSpecification","valueRequired":true,"valueName":"search_term_string"}}],"inLanguage":"es"},{"@type":"Organization","@id":"https:\/\/noticiasmercedinas.com\/site\/#organization","name":"NOTICIASMERCEDINAS.COM","url":"https:\/\/noticiasmercedinas.com\/site\/","logo":{"@type":"ImageObject","inLanguage":"es","@id":"https:\/\/noticiasmercedinas.com\/site\/#\/schema\/logo\/image\/","url":"https:\/\/noticiasmercedinas.com\/site\/wp-content\/uploads\/2020\/06\/LOGO-512.jpg","contentUrl":"https:\/\/noticiasmercedinas.com\/site\/wp-content\/uploads\/2020\/06\/LOGO-512.jpg","width":512,"height":512,"caption":"NOTICIASMERCEDINAS.COM"},"image":{"@id":"https:\/\/noticiasmercedinas.com\/site\/#\/schema\/logo\/image\/"},"sameAs":["https:\/\/www.facebook.com\/noticiasmercedinas\/","https:\/\/x.com\/notmercedinas","https:\/\/www.instagram.com\/noticiasmercedinas\/"]},{"@type":"Person","@id":"https:\/\/noticiasmercedinas.com\/site\/#\/schema\/person\/d481a9696a5feaec13a60e2bbd991a6a","name":"Cristian Falabella NOTICIASMERCEDINAS.COM","image":{"@type":"ImageObject","inLanguage":"es","@id":"https:\/\/secure.gravatar.com\/avatar\/0dbbfc45970cc46bcd0e57766228574ff3511d6eed045b182f536f0f478c1f06?s=96&d=mm&r=g","url":"https:\/\/secure.gravatar.com\/avatar\/0dbbfc45970cc46bcd0e57766228574ff3511d6eed045b182f536f0f478c1f06?s=96&d=mm&r=g","contentUrl":"https:\/\/secure.gravatar.com\/avatar\/0dbbfc45970cc46bcd0e57766228574ff3511d6eed045b182f536f0f478c1f06?s=96&d=mm&r=g","caption":"Cristian Falabella NOTICIASMERCEDINAS.COM"},"description":"Periodista, editor de Noticias Mercedinas. Pas\u00f3 por varias redacciones y emprendimientos de prensa, en distintos formatos y \u00e9pocas. Se especializ\u00f3 --y sigue haci\u00e9ndolo-- en comunicaci\u00f3n en la web y en junio de 2006 fund\u00f3 este diario digital.","sameAs":["https:\/\/noticiasmercedinas.com","https:\/\/www.facebook.com\/cristian.falabella","https:\/\/www.instagram.com\/noticiasmercedinas\/","https:\/\/x.com\/https:\/\/twitter.com\/NOTMERCEDINAS"],"url":"https:\/\/noticiasmercedinas.com\/site\/author\/as000384\/"}]}},"amp_enabled":true,"_links":{"self":[{"href":"https:\/\/noticiasmercedinas.com\/site\/wp-json\/wp\/v2\/posts\/1003","targetHints":{"allow":["GET"]}}],"collection":[{"href":"https:\/\/noticiasmercedinas.com\/site\/wp-json\/wp\/v2\/posts"}],"about":[{"href":"https:\/\/noticiasmercedinas.com\/site\/wp-json\/wp\/v2\/types\/post"}],"author":[{"embeddable":true,"href":"https:\/\/noticiasmercedinas.com\/site\/wp-json\/wp\/v2\/users\/2"}],"replies":[{"embeddable":true,"href":"https:\/\/noticiasmercedinas.com\/site\/wp-json\/wp\/v2\/comments?post=1003"}],"version-history":[{"count":1,"href":"https:\/\/noticiasmercedinas.com\/site\/wp-json\/wp\/v2\/posts\/1003\/revisions"}],"predecessor-version":[{"id":1005,"href":"https:\/\/noticiasmercedinas.com\/site\/wp-json\/wp\/v2\/posts\/1003\/revisions\/1005"}],"wp:featuredmedia":[{"embeddable":true,"href":"https:\/\/noticiasmercedinas.com\/site\/wp-json\/wp\/v2\/media\/1004"}],"wp:attachment":[{"href":"https:\/\/noticiasmercedinas.com\/site\/wp-json\/wp\/v2\/media?parent=1003"}],"wp:term":[{"taxonomy":"category","embeddable":true,"href":"https:\/\/noticiasmercedinas.com\/site\/wp-json\/wp\/v2\/categories?post=1003"},{"taxonomy":"post_tag","embeddable":true,"href":"https:\/\/noticiasmercedinas.com\/site\/wp-json\/wp\/v2\/tags?post=1003"}],"curies":[{"name":"wp","href":"https:\/\/api.w.org\/{rel}","templated":true}]}}