{"id":100334,"date":"2022-09-24T08:06:14","date_gmt":"2022-09-24T11:06:14","guid":{"rendered":"https:\/\/noticiasmercedinas.com\/site\/?p=100334"},"modified":"2022-09-24T10:10:42","modified_gmt":"2022-09-24T13:10:42","slug":"los-jubilados-y-jubiladas-del-gremio-aefip-festejaron-su-dia","status":"publish","type":"post","link":"https:\/\/noticiasmercedinas.com\/site\/2022\/09\/24\/los-jubilados-y-jubiladas-del-gremio-aefip-festejaron-su-dia\/","title":{"rendered":"Los jubilados y jubiladas del gremio AEFIP festejaron su d\u00eda"},"content":{"rendered":"<p><img loading=\"lazy\" decoding=\"async\" class=\"alignnone size-large wp-image-100335\" src=\"https:\/\/noticiasmercedinas.com\/site\/wp-content\/uploads\/2022\/09\/Juan-Martin-Andres-junto-a-un-grupo-de-trabajadoras-jubiladas--1024x609.jpeg\" alt=\"\" width=\"640\" height=\"381\" srcset=\"https:\/\/noticiasmercedinas.com\/site\/wp-content\/uploads\/2022\/09\/Juan-Martin-Andres-junto-a-un-grupo-de-trabajadoras-jubiladas--1024x609.jpeg 1024w, https:\/\/noticiasmercedinas.com\/site\/wp-content\/uploads\/2022\/09\/Juan-Martin-Andres-junto-a-un-grupo-de-trabajadoras-jubiladas--300x178.jpeg 300w, https:\/\/noticiasmercedinas.com\/site\/wp-content\/uploads\/2022\/09\/Juan-Martin-Andres-junto-a-un-grupo-de-trabajadoras-jubiladas--768x457.jpeg 768w, https:\/\/noticiasmercedinas.com\/site\/wp-content\/uploads\/2022\/09\/Juan-Martin-Andres-junto-a-un-grupo-de-trabajadoras-jubiladas--640x381.jpeg 640w, https:\/\/noticiasmercedinas.com\/site\/wp-content\/uploads\/2022\/09\/Juan-Martin-Andres-junto-a-un-grupo-de-trabajadoras-jubiladas--681x405.jpeg 681w, https:\/\/noticiasmercedinas.com\/site\/wp-content\/uploads\/2022\/09\/Juan-Martin-Andres-junto-a-un-grupo-de-trabajadoras-jubiladas-.jpeg 1280w\" sizes=\"auto, (max-width: 640px) 100vw, 640px\" \/><\/p>\n<p>El pasado martes 20 de septiembre se realizaron los festejos por el d\u00eda del Jubilado y la Jubilada organizado por la Comisi\u00f3n Directiva de AEFIP Seccional Mercedes. En esta oportunidad el encuentro se realiz\u00f3 en La Quinta Eventos, ampli\u00f3 y reconocido establecimiento de la ciudad.<\/p>\n<p>El evento cont\u00f3 con la presencia de afiliados y afiliadas jubiladas del \u00e1mbito de toda la Seccional, por lo que fueron muchos los que viajaron de diferentes localidades para poder compartir y festejar juntos su d\u00eda.<\/p>\n<blockquote><p>La velada tuvo una sorpresa especial, ya que se cont\u00f3 con el show de Voulet Rodr\u00edguez, que deleit\u00f3 a todos con un amplio y entretenido repertorio musical.<\/p><\/blockquote>\n<p>Entre charlas, an\u00e9cdotas, risas y abrazos transcurri\u00f3 un encuentro m\u00e1s que se viene realizando todos los a\u00f1os desde que asumi\u00f3 esta Comisi\u00f3n Directiva, vi\u00e9ndose solamente interrumpido en el 2020 debido a la situaci\u00f3n sanitaria que lo imped\u00eda.<\/p>\n<p>La velada tuvo una sorpresa especial, ya que se cont\u00f3 con el show de Voulet Rodr\u00edguez, que deleit\u00f3 a todos con un amplio y entretenido repertorio musical.<\/p>\n<p>Juan Mart\u00edn Andr\u00e9s, Secretario General de la Seccional AEFIP Mercedes, tras el almuerzo, tom\u00f3 la palabra y se dirigi\u00f3 a los presentes \u201cagradeciendo en primer lugar su presencia y desearles a todos y todas muy feliz d\u00eda. Este agasajo lo hacemos con muchas ganas y mucho orgullo, reconoci\u00e9ndonos siempre en el camino que ustedes nos van trazando. Los queremos mucho y es por eso que siempre tratamos de mejorar este agasajo\u201d.<\/p>\n<p>\u201cQuiero hacerles llegar el saludo fraternal del compa\u00f1ero Secretario General Pablo Flores y de nuestra Secretaria de Previsi\u00f3n Social Eligia Flor. Tambi\u00e9n decirles que desde la conducci\u00f3n del sindicato estamos trabajando muy fuerte para que el v\u00ednculo del gremio y el trabajador cada vez se fortalezca m\u00e1s. Es por eso que en estos a\u00f1os hemos invertido much\u00edsimo tiempo, dinero y esfuerzo en mejorar nuestra infraestructura respecto al turismo sindical. Las obras del gremio son para los afiliados y afiliadas y nos enorgullece que nuestros\/as compa\u00f1eros y compa\u00f1eras jubilados y jubiladas las disfruten como merecen\u201d, finaliz\u00f3 Juan Mart\u00edn Andr\u00e9s.<\/p>\n","protected":false},"excerpt":{"rendered":"<p>\u25a0\u00a0Se realiz\u00f3 el pasado 20 de septiembre organizado por la Seccional AEFIP Mercedes. En esta oportunidad el encuentro se efectu\u00f3 en la Quinta Eventos. Se hicieron presentes afiliados y afiliadas de toda la regi\u00f3n.<\/p>\n","protected":false},"author":16,"featured_media":100335,"comment_status":"open","ping_status":"open","sticky":false,"template":"","format":"standard","meta":{"footnotes":""},"categories":[3],"tags":[355,9182,15331,160,15330,15332],"class_list":["post-100334","post","type-post","status-publish","format-standard","has-post-thumbnail","hentry","category-sociedad","tag-aefip","tag-aefip-seccional-mercedes","tag-jubiladas","tag-jubilados","tag-la-quinta","tag-voulet-rodriguez"],"yoast_head":"<!-- This site is optimized with the Yoast SEO plugin v27.4 - https:\/\/yoast.com\/product\/yoast-seo-wordpress\/ -->\n<title>Los jubilados y jubiladas del gremio AEFIP festejaron su d\u00eda<\/title>\n<meta name=\"robots\" content=\"index, follow, max-snippet:-1, max-image-preview:large, max-video-preview:-1\" \/>\n<link rel=\"canonical\" href=\"https:\/\/noticiasmercedinas.com\/site\/2022\/09\/24\/los-jubilados-y-jubiladas-del-gremio-aefip-festejaron-su-dia\/\" \/>\n<meta property=\"og:locale\" content=\"es_ES\" \/>\n<meta property=\"og:type\" content=\"article\" \/>\n<meta property=\"og:title\" content=\"Los jubilados y jubiladas del gremio AEFIP festejaron su d\u00eda\" \/>\n<meta property=\"og:description\" content=\"\u25a0\u00a0Se realiz\u00f3 el pasado 20 de septiembre organizado por la Seccional AEFIP Mercedes. En esta oportunidad el encuentro se efectu\u00f3 en la Quinta Eventos. Se hicieron presentes afiliados y afiliadas de toda la regi\u00f3n.\" \/>\n<meta property=\"og:url\" content=\"https:\/\/noticiasmercedinas.com\/site\/2022\/09\/24\/los-jubilados-y-jubiladas-del-gremio-aefip-festejaron-su-dia\/\" \/>\n<meta property=\"og:site_name\" content=\"NOTICIASMERCEDINAS.COM\" \/>\n<meta property=\"article:publisher\" content=\"https:\/\/www.facebook.com\/noticiasmercedinas\/\" \/>\n<meta property=\"article:published_time\" content=\"2022-09-24T11:06:14+00:00\" \/>\n<meta property=\"article:modified_time\" content=\"2022-09-24T13:10:42+00:00\" \/>\n<meta property=\"og:image\" content=\"https:\/\/noticiasmercedinas.com\/site\/wp-content\/uploads\/2022\/09\/Juan-Martin-Andres-junto-a-un-grupo-de-trabajadoras-jubiladas-.jpeg\" \/>\n\t<meta property=\"og:image:width\" content=\"1280\" \/>\n\t<meta property=\"og:image:height\" content=\"761\" \/>\n\t<meta property=\"og:image:type\" content=\"image\/jpeg\" \/>\n<meta name=\"author\" content=\"NOTICIASMERCEDINAS.COM\" \/>\n<meta name=\"twitter:card\" content=\"summary_large_image\" \/>\n<meta name=\"twitter:creator\" content=\"@notmercedinas\" \/>\n<meta name=\"twitter:site\" content=\"@notmercedinas\" \/>\n<meta name=\"twitter:label1\" content=\"Escrito por\" \/>\n\t<meta name=\"twitter:data1\" content=\"NOTICIASMERCEDINAS.COM\" \/>\n\t<meta name=\"twitter:label2\" content=\"Tiempo de lectura\" \/>\n\t<meta name=\"twitter:data2\" content=\"2 minutos\" \/>\n<script type=\"application\/ld+json\" class=\"yoast-schema-graph\">{\"@context\":\"https:\\\/\\\/schema.org\",\"@graph\":[{\"@type\":\"Article\",\"@id\":\"https:\\\/\\\/noticiasmercedinas.com\\\/site\\\/2022\\\/09\\\/24\\\/los-jubilados-y-jubiladas-del-gremio-aefip-festejaron-su-dia\\\/#article\",\"isPartOf\":{\"@id\":\"https:\\\/\\\/noticiasmercedinas.com\\\/site\\\/2022\\\/09\\\/24\\\/los-jubilados-y-jubiladas-del-gremio-aefip-festejaron-su-dia\\\/\"},\"author\":{\"name\":\"NOTICIASMERCEDINAS.COM\",\"@id\":\"https:\\\/\\\/noticiasmercedinas.com\\\/site\\\/#\\\/schema\\\/person\\\/84b59c099c28ff2e8b77d4ceec5d8063\"},\"headline\":\"Los jubilados y jubiladas del gremio AEFIP festejaron su d\u00eda\",\"datePublished\":\"2022-09-24T11:06:14+00:00\",\"dateModified\":\"2022-09-24T13:10:42+00:00\",\"mainEntityOfPage\":{\"@id\":\"https:\\\/\\\/noticiasmercedinas.com\\\/site\\\/2022\\\/09\\\/24\\\/los-jubilados-y-jubiladas-del-gremio-aefip-festejaron-su-dia\\\/\"},\"wordCount\":379,\"commentCount\":0,\"publisher\":{\"@id\":\"https:\\\/\\\/noticiasmercedinas.com\\\/site\\\/#organization\"},\"image\":{\"@id\":\"https:\\\/\\\/noticiasmercedinas.com\\\/site\\\/2022\\\/09\\\/24\\\/los-jubilados-y-jubiladas-del-gremio-aefip-festejaron-su-dia\\\/#primaryimage\"},\"thumbnailUrl\":\"https:\\\/\\\/noticiasmercedinas.com\\\/site\\\/wp-content\\\/uploads\\\/2022\\\/09\\\/Juan-Martin-Andres-junto-a-un-grupo-de-trabajadoras-jubiladas-.jpeg\",\"keywords\":[\"aefip\",\"AEFIP Seccional Mercedes\",\"jubiladas\",\"jubilados\",\"la quinta\",\"voulet rodriguez\"],\"articleSection\":[\"Sociedad\"],\"inLanguage\":\"es\",\"potentialAction\":[{\"@type\":\"CommentAction\",\"name\":\"Comment\",\"target\":[\"https:\\\/\\\/noticiasmercedinas.com\\\/site\\\/2022\\\/09\\\/24\\\/los-jubilados-y-jubiladas-del-gremio-aefip-festejaron-su-dia\\\/#respond\"]}]},{\"@type\":\"WebPage\",\"@id\":\"https:\\\/\\\/noticiasmercedinas.com\\\/site\\\/2022\\\/09\\\/24\\\/los-jubilados-y-jubiladas-del-gremio-aefip-festejaron-su-dia\\\/\",\"url\":\"https:\\\/\\\/noticiasmercedinas.com\\\/site\\\/2022\\\/09\\\/24\\\/los-jubilados-y-jubiladas-del-gremio-aefip-festejaron-su-dia\\\/\",\"name\":\"Los jubilados y jubiladas del gremio AEFIP festejaron su d\u00eda\",\"isPartOf\":{\"@id\":\"https:\\\/\\\/noticiasmercedinas.com\\\/site\\\/#website\"},\"primaryImageOfPage\":{\"@id\":\"https:\\\/\\\/noticiasmercedinas.com\\\/site\\\/2022\\\/09\\\/24\\\/los-jubilados-y-jubiladas-del-gremio-aefip-festejaron-su-dia\\\/#primaryimage\"},\"image\":{\"@id\":\"https:\\\/\\\/noticiasmercedinas.com\\\/site\\\/2022\\\/09\\\/24\\\/los-jubilados-y-jubiladas-del-gremio-aefip-festejaron-su-dia\\\/#primaryimage\"},\"thumbnailUrl\":\"https:\\\/\\\/noticiasmercedinas.com\\\/site\\\/wp-content\\\/uploads\\\/2022\\\/09\\\/Juan-Martin-Andres-junto-a-un-grupo-de-trabajadoras-jubiladas-.jpeg\",\"datePublished\":\"2022-09-24T11:06:14+00:00\",\"dateModified\":\"2022-09-24T13:10:42+00:00\",\"breadcrumb\":{\"@id\":\"https:\\\/\\\/noticiasmercedinas.com\\\/site\\\/2022\\\/09\\\/24\\\/los-jubilados-y-jubiladas-del-gremio-aefip-festejaron-su-dia\\\/#breadcrumb\"},\"inLanguage\":\"es\",\"potentialAction\":[{\"@type\":\"ReadAction\",\"target\":[\"https:\\\/\\\/noticiasmercedinas.com\\\/site\\\/2022\\\/09\\\/24\\\/los-jubilados-y-jubiladas-del-gremio-aefip-festejaron-su-dia\\\/\"]}]},{\"@type\":\"ImageObject\",\"inLanguage\":\"es\",\"@id\":\"https:\\\/\\\/noticiasmercedinas.com\\\/site\\\/2022\\\/09\\\/24\\\/los-jubilados-y-jubiladas-del-gremio-aefip-festejaron-su-dia\\\/#primaryimage\",\"url\":\"https:\\\/\\\/noticiasmercedinas.com\\\/site\\\/wp-content\\\/uploads\\\/2022\\\/09\\\/Juan-Martin-Andres-junto-a-un-grupo-de-trabajadoras-jubiladas-.jpeg\",\"contentUrl\":\"https:\\\/\\\/noticiasmercedinas.com\\\/site\\\/wp-content\\\/uploads\\\/2022\\\/09\\\/Juan-Martin-Andres-junto-a-un-grupo-de-trabajadoras-jubiladas-.jpeg\",\"width\":1280,\"height\":761},{\"@type\":\"BreadcrumbList\",\"@id\":\"https:\\\/\\\/noticiasmercedinas.com\\\/site\\\/2022\\\/09\\\/24\\\/los-jubilados-y-jubiladas-del-gremio-aefip-festejaron-su-dia\\\/#breadcrumb\",\"itemListElement\":[{\"@type\":\"ListItem\",\"position\":1,\"name\":\"Portada\",\"item\":\"https:\\\/\\\/noticiasmercedinas.com\\\/site\\\/\"},{\"@type\":\"ListItem\",\"position\":2,\"name\":\"Los jubilados y jubiladas del gremio AEFIP festejaron su d\u00eda\"}]},{\"@type\":\"WebSite\",\"@id\":\"https:\\\/\\\/noticiasmercedinas.com\\\/site\\\/#website\",\"url\":\"https:\\\/\\\/noticiasmercedinas.com\\\/site\\\/\",\"name\":\"NOTICIASMERCEDINAS.COM\",\"description\":\"Mercedes, Buenos Aires, Argentina\",\"publisher\":{\"@id\":\"https:\\\/\\\/noticiasmercedinas.com\\\/site\\\/#organization\"},\"potentialAction\":[{\"@type\":\"SearchAction\",\"target\":{\"@type\":\"EntryPoint\",\"urlTemplate\":\"https:\\\/\\\/noticiasmercedinas.com\\\/site\\\/?s={search_term_string}\"},\"query-input\":{\"@type\":\"PropertyValueSpecification\",\"valueRequired\":true,\"valueName\":\"search_term_string\"}}],\"inLanguage\":\"es\"},{\"@type\":\"Organization\",\"@id\":\"https:\\\/\\\/noticiasmercedinas.com\\\/site\\\/#organization\",\"name\":\"NOTICIASMERCEDINAS.COM\",\"url\":\"https:\\\/\\\/noticiasmercedinas.com\\\/site\\\/\",\"logo\":{\"@type\":\"ImageObject\",\"inLanguage\":\"es\",\"@id\":\"https:\\\/\\\/noticiasmercedinas.com\\\/site\\\/#\\\/schema\\\/logo\\\/image\\\/\",\"url\":\"https:\\\/\\\/noticiasmercedinas.com\\\/site\\\/wp-content\\\/uploads\\\/2020\\\/06\\\/LOGO-512.jpg\",\"contentUrl\":\"https:\\\/\\\/noticiasmercedinas.com\\\/site\\\/wp-content\\\/uploads\\\/2020\\\/06\\\/LOGO-512.jpg\",\"width\":512,\"height\":512,\"caption\":\"NOTICIASMERCEDINAS.COM\"},\"image\":{\"@id\":\"https:\\\/\\\/noticiasmercedinas.com\\\/site\\\/#\\\/schema\\\/logo\\\/image\\\/\"},\"sameAs\":[\"https:\\\/\\\/www.facebook.com\\\/noticiasmercedinas\\\/\",\"https:\\\/\\\/x.com\\\/notmercedinas\",\"https:\\\/\\\/www.instagram.com\\\/noticiasmercedinas\\\/\"]},{\"@type\":\"Person\",\"@id\":\"https:\\\/\\\/noticiasmercedinas.com\\\/site\\\/#\\\/schema\\\/person\\\/84b59c099c28ff2e8b77d4ceec5d8063\",\"name\":\"NOTICIASMERCEDINAS.COM\",\"image\":{\"@type\":\"ImageObject\",\"inLanguage\":\"es\",\"@id\":\"https:\\\/\\\/secure.gravatar.com\\\/avatar\\\/4dfbf16b4d17945bfb6341b2d19043457132fcf478a5ee04f42e959fd8f5df0a?s=96&d=mm&r=g\",\"url\":\"https:\\\/\\\/secure.gravatar.com\\\/avatar\\\/4dfbf16b4d17945bfb6341b2d19043457132fcf478a5ee04f42e959fd8f5df0a?s=96&d=mm&r=g\",\"contentUrl\":\"https:\\\/\\\/secure.gravatar.com\\\/avatar\\\/4dfbf16b4d17945bfb6341b2d19043457132fcf478a5ee04f42e959fd8f5df0a?s=96&d=mm&r=g\",\"caption\":\"NOTICIASMERCEDINAS.COM\"},\"url\":\"https:\\\/\\\/noticiasmercedinas.com\\\/site\\\/author\\\/anonimo\\\/\"}]}<\/script>\n<!-- \/ Yoast SEO plugin. -->","yoast_head_json":{"title":"Los jubilados y jubiladas del gremio AEFIP festejaron su d\u00eda","robots":{"index":"index","follow":"follow","max-snippet":"max-snippet:-1","max-image-preview":"max-image-preview:large","max-video-preview":"max-video-preview:-1"},"canonical":"https:\/\/noticiasmercedinas.com\/site\/2022\/09\/24\/los-jubilados-y-jubiladas-del-gremio-aefip-festejaron-su-dia\/","og_locale":"es_ES","og_type":"article","og_title":"Los jubilados y jubiladas del gremio AEFIP festejaron su d\u00eda","og_description":"\u25a0\u00a0Se realiz\u00f3 el pasado 20 de septiembre organizado por la Seccional AEFIP Mercedes. En esta oportunidad el encuentro se efectu\u00f3 en la Quinta Eventos. Se hicieron presentes afiliados y afiliadas de toda la regi\u00f3n.","og_url":"https:\/\/noticiasmercedinas.com\/site\/2022\/09\/24\/los-jubilados-y-jubiladas-del-gremio-aefip-festejaron-su-dia\/","og_site_name":"NOTICIASMERCEDINAS.COM","article_publisher":"https:\/\/www.facebook.com\/noticiasmercedinas\/","article_published_time":"2022-09-24T11:06:14+00:00","article_modified_time":"2022-09-24T13:10:42+00:00","og_image":[{"width":1280,"height":761,"url":"https:\/\/noticiasmercedinas.com\/site\/wp-content\/uploads\/2022\/09\/Juan-Martin-Andres-junto-a-un-grupo-de-trabajadoras-jubiladas-.jpeg","type":"image\/jpeg"}],"author":"NOTICIASMERCEDINAS.COM","twitter_card":"summary_large_image","twitter_creator":"@notmercedinas","twitter_site":"@notmercedinas","twitter_misc":{"Escrito por":"NOTICIASMERCEDINAS.COM","Tiempo de lectura":"2 minutos"},"schema":{"@context":"https:\/\/schema.org","@graph":[{"@type":"Article","@id":"https:\/\/noticiasmercedinas.com\/site\/2022\/09\/24\/los-jubilados-y-jubiladas-del-gremio-aefip-festejaron-su-dia\/#article","isPartOf":{"@id":"https:\/\/noticiasmercedinas.com\/site\/2022\/09\/24\/los-jubilados-y-jubiladas-del-gremio-aefip-festejaron-su-dia\/"},"author":{"name":"NOTICIASMERCEDINAS.COM","@id":"https:\/\/noticiasmercedinas.com\/site\/#\/schema\/person\/84b59c099c28ff2e8b77d4ceec5d8063"},"headline":"Los jubilados y jubiladas del gremio AEFIP festejaron su d\u00eda","datePublished":"2022-09-24T11:06:14+00:00","dateModified":"2022-09-24T13:10:42+00:00","mainEntityOfPage":{"@id":"https:\/\/noticiasmercedinas.com\/site\/2022\/09\/24\/los-jubilados-y-jubiladas-del-gremio-aefip-festejaron-su-dia\/"},"wordCount":379,"commentCount":0,"publisher":{"@id":"https:\/\/noticiasmercedinas.com\/site\/#organization"},"image":{"@id":"https:\/\/noticiasmercedinas.com\/site\/2022\/09\/24\/los-jubilados-y-jubiladas-del-gremio-aefip-festejaron-su-dia\/#primaryimage"},"thumbnailUrl":"https:\/\/noticiasmercedinas.com\/site\/wp-content\/uploads\/2022\/09\/Juan-Martin-Andres-junto-a-un-grupo-de-trabajadoras-jubiladas-.jpeg","keywords":["aefip","AEFIP Seccional Mercedes","jubiladas","jubilados","la quinta","voulet rodriguez"],"articleSection":["Sociedad"],"inLanguage":"es","potentialAction":[{"@type":"CommentAction","name":"Comment","target":["https:\/\/noticiasmercedinas.com\/site\/2022\/09\/24\/los-jubilados-y-jubiladas-del-gremio-aefip-festejaron-su-dia\/#respond"]}]},{"@type":"WebPage","@id":"https:\/\/noticiasmercedinas.com\/site\/2022\/09\/24\/los-jubilados-y-jubiladas-del-gremio-aefip-festejaron-su-dia\/","url":"https:\/\/noticiasmercedinas.com\/site\/2022\/09\/24\/los-jubilados-y-jubiladas-del-gremio-aefip-festejaron-su-dia\/","name":"Los jubilados y jubiladas del gremio AEFIP festejaron su d\u00eda","isPartOf":{"@id":"https:\/\/noticiasmercedinas.com\/site\/#website"},"primaryImageOfPage":{"@id":"https:\/\/noticiasmercedinas.com\/site\/2022\/09\/24\/los-jubilados-y-jubiladas-del-gremio-aefip-festejaron-su-dia\/#primaryimage"},"image":{"@id":"https:\/\/noticiasmercedinas.com\/site\/2022\/09\/24\/los-jubilados-y-jubiladas-del-gremio-aefip-festejaron-su-dia\/#primaryimage"},"thumbnailUrl":"https:\/\/noticiasmercedinas.com\/site\/wp-content\/uploads\/2022\/09\/Juan-Martin-Andres-junto-a-un-grupo-de-trabajadoras-jubiladas-.jpeg","datePublished":"2022-09-24T11:06:14+00:00","dateModified":"2022-09-24T13:10:42+00:00","breadcrumb":{"@id":"https:\/\/noticiasmercedinas.com\/site\/2022\/09\/24\/los-jubilados-y-jubiladas-del-gremio-aefip-festejaron-su-dia\/#breadcrumb"},"inLanguage":"es","potentialAction":[{"@type":"ReadAction","target":["https:\/\/noticiasmercedinas.com\/site\/2022\/09\/24\/los-jubilados-y-jubiladas-del-gremio-aefip-festejaron-su-dia\/"]}]},{"@type":"ImageObject","inLanguage":"es","@id":"https:\/\/noticiasmercedinas.com\/site\/2022\/09\/24\/los-jubilados-y-jubiladas-del-gremio-aefip-festejaron-su-dia\/#primaryimage","url":"https:\/\/noticiasmercedinas.com\/site\/wp-content\/uploads\/2022\/09\/Juan-Martin-Andres-junto-a-un-grupo-de-trabajadoras-jubiladas-.jpeg","contentUrl":"https:\/\/noticiasmercedinas.com\/site\/wp-content\/uploads\/2022\/09\/Juan-Martin-Andres-junto-a-un-grupo-de-trabajadoras-jubiladas-.jpeg","width":1280,"height":761},{"@type":"BreadcrumbList","@id":"https:\/\/noticiasmercedinas.com\/site\/2022\/09\/24\/los-jubilados-y-jubiladas-del-gremio-aefip-festejaron-su-dia\/#breadcrumb","itemListElement":[{"@type":"ListItem","position":1,"name":"Portada","item":"https:\/\/noticiasmercedinas.com\/site\/"},{"@type":"ListItem","position":2,"name":"Los jubilados y jubiladas del gremio AEFIP festejaron su d\u00eda"}]},{"@type":"WebSite","@id":"https:\/\/noticiasmercedinas.com\/site\/#website","url":"https:\/\/noticiasmercedinas.com\/site\/","name":"NOTICIASMERCEDINAS.COM","description":"Mercedes, Buenos Aires, Argentina","publisher":{"@id":"https:\/\/noticiasmercedinas.com\/site\/#organization"},"potentialAction":[{"@type":"SearchAction","target":{"@type":"EntryPoint","urlTemplate":"https:\/\/noticiasmercedinas.com\/site\/?s={search_term_string}"},"query-input":{"@type":"PropertyValueSpecification","valueRequired":true,"valueName":"search_term_string"}}],"inLanguage":"es"},{"@type":"Organization","@id":"https:\/\/noticiasmercedinas.com\/site\/#organization","name":"NOTICIASMERCEDINAS.COM","url":"https:\/\/noticiasmercedinas.com\/site\/","logo":{"@type":"ImageObject","inLanguage":"es","@id":"https:\/\/noticiasmercedinas.com\/site\/#\/schema\/logo\/image\/","url":"https:\/\/noticiasmercedinas.com\/site\/wp-content\/uploads\/2020\/06\/LOGO-512.jpg","contentUrl":"https:\/\/noticiasmercedinas.com\/site\/wp-content\/uploads\/2020\/06\/LOGO-512.jpg","width":512,"height":512,"caption":"NOTICIASMERCEDINAS.COM"},"image":{"@id":"https:\/\/noticiasmercedinas.com\/site\/#\/schema\/logo\/image\/"},"sameAs":["https:\/\/www.facebook.com\/noticiasmercedinas\/","https:\/\/x.com\/notmercedinas","https:\/\/www.instagram.com\/noticiasmercedinas\/"]},{"@type":"Person","@id":"https:\/\/noticiasmercedinas.com\/site\/#\/schema\/person\/84b59c099c28ff2e8b77d4ceec5d8063","name":"NOTICIASMERCEDINAS.COM","image":{"@type":"ImageObject","inLanguage":"es","@id":"https:\/\/secure.gravatar.com\/avatar\/4dfbf16b4d17945bfb6341b2d19043457132fcf478a5ee04f42e959fd8f5df0a?s=96&d=mm&r=g","url":"https:\/\/secure.gravatar.com\/avatar\/4dfbf16b4d17945bfb6341b2d19043457132fcf478a5ee04f42e959fd8f5df0a?s=96&d=mm&r=g","contentUrl":"https:\/\/secure.gravatar.com\/avatar\/4dfbf16b4d17945bfb6341b2d19043457132fcf478a5ee04f42e959fd8f5df0a?s=96&d=mm&r=g","caption":"NOTICIASMERCEDINAS.COM"},"url":"https:\/\/noticiasmercedinas.com\/site\/author\/anonimo\/"}]}},"amp_enabled":true,"_links":{"self":[{"href":"https:\/\/noticiasmercedinas.com\/site\/wp-json\/wp\/v2\/posts\/100334","targetHints":{"allow":["GET"]}}],"collection":[{"href":"https:\/\/noticiasmercedinas.com\/site\/wp-json\/wp\/v2\/posts"}],"about":[{"href":"https:\/\/noticiasmercedinas.com\/site\/wp-json\/wp\/v2\/types\/post"}],"author":[{"embeddable":true,"href":"https:\/\/noticiasmercedinas.com\/site\/wp-json\/wp\/v2\/users\/16"}],"replies":[{"embeddable":true,"href":"https:\/\/noticiasmercedinas.com\/site\/wp-json\/wp\/v2\/comments?post=100334"}],"version-history":[{"count":1,"href":"https:\/\/noticiasmercedinas.com\/site\/wp-json\/wp\/v2\/posts\/100334\/revisions"}],"predecessor-version":[{"id":100337,"href":"https:\/\/noticiasmercedinas.com\/site\/wp-json\/wp\/v2\/posts\/100334\/revisions\/100337"}],"wp:featuredmedia":[{"embeddable":true,"href":"https:\/\/noticiasmercedinas.com\/site\/wp-json\/wp\/v2\/media\/100335"}],"wp:attachment":[{"href":"https:\/\/noticiasmercedinas.com\/site\/wp-json\/wp\/v2\/media?parent=100334"}],"wp:term":[{"taxonomy":"category","embeddable":true,"href":"https:\/\/noticiasmercedinas.com\/site\/wp-json\/wp\/v2\/categories?post=100334"},{"taxonomy":"post_tag","embeddable":true,"href":"https:\/\/noticiasmercedinas.com\/site\/wp-json\/wp\/v2\/tags?post=100334"}],"curies":[{"name":"wp","href":"https:\/\/api.w.org\/{rel}","templated":true}]}}