{"id":100381,"date":"2022-09-25T06:59:31","date_gmt":"2022-09-25T09:59:31","guid":{"rendered":"https:\/\/noticiasmercedinas.com\/site\/?p=100381"},"modified":"2022-09-25T06:59:31","modified_gmt":"2022-09-25T09:59:31","slug":"presentaron-el-libro-el-espiritu-de-manuel-de-la-virgen-de-lujan","status":"publish","type":"post","link":"https:\/\/noticiasmercedinas.com\/site\/2022\/09\/25\/presentaron-el-libro-el-espiritu-de-manuel-de-la-virgen-de-lujan\/","title":{"rendered":"Presentaron el libro \u00abEl esp\u00edritu de Manuel, de la Virgen de Luj\u00e1n\u00bb"},"content":{"rendered":"<p><img loading=\"lazy\" decoding=\"async\" class=\"alignnone wp-image-100382 size-full\" src=\"https:\/\/noticiasmercedinas.com\/site\/wp-content\/uploads\/2022\/09\/305771264_469293325257400_8310678410878872972_n-e1664099673835.jpg\" alt=\"\" width=\"864\" height=\"628\" srcset=\"https:\/\/noticiasmercedinas.com\/site\/wp-content\/uploads\/2022\/09\/305771264_469293325257400_8310678410878872972_n-e1664099673835.jpg 864w, https:\/\/noticiasmercedinas.com\/site\/wp-content\/uploads\/2022\/09\/305771264_469293325257400_8310678410878872972_n-e1664099673835-300x218.jpg 300w, https:\/\/noticiasmercedinas.com\/site\/wp-content\/uploads\/2022\/09\/305771264_469293325257400_8310678410878872972_n-e1664099673835-768x558.jpg 768w, https:\/\/noticiasmercedinas.com\/site\/wp-content\/uploads\/2022\/09\/305771264_469293325257400_8310678410878872972_n-e1664099673835-640x465.jpg 640w, https:\/\/noticiasmercedinas.com\/site\/wp-content\/uploads\/2022\/09\/305771264_469293325257400_8310678410878872972_n-e1664099673835-681x495.jpg 681w\" sizes=\"auto, (max-width: 864px) 100vw, 864px\" \/><\/p>\n<p>El presb\u00edtero <strong>Sergio G\u00f3mez Tey<\/strong>, miembro del clero arquidiocesano de Mercedes-Luj\u00e1n, present\u00f3 el jueves 22 de septiembre en el sal\u00f3n Sagrada Familia de la parroquia San Jos\u00e9 Obrero, el libro \u201cEl esp\u00edritu de Manuel, de la Virgen de Luj\u00e1n\u201d. Participaron sacerdotes y miembros de la comunidad y de consejos pastorales de otras parroquias.<\/p>\n<p>Durante la presentaci\u00f3n, el presb\u00edtero G\u00f3mez Tey, autor del libro, expres\u00f3 que \u201ces importante saber que la presencia de la Virgen de Luj\u00e1n es el amor m\u00e1s sublime de Dios a la Argentina, y con alegr\u00eda es parte de nuestra arquidi\u00f3cesis y la regi\u00f3n\u201d.<\/p>\n<p>\u201cEl \u2018negro Manuel\u2019, su fiel esclavo, es una figura fundamental a la hora de comprender la acci\u00f3n milagrosa de Mar\u00eda\u201d, se\u00f1al\u00f3.<\/p>\n<p>Por otra parte, el sacerdote record\u00f3 que hace pocos d\u00edas \u201chemos sido testigos del inicio de la primera sesi\u00f3n y juramento de los miembros del tribunal designado por nuestro arzobispo, para instruir el proceso y recibir los testimonios sobre la vida, virtudes heroicas, fama de santidad y fama signorum del Siervo de Dios Manuel Costa de los R\u00edos, laico\u201d.<\/p>\n<p>En la din\u00e1mica del encuentro hubo canciones que ayudaron a rezar y tambi\u00e9n momentos muy emotivos en torno a la figura del Siervo de Dios.<\/p>\n<p>El libro, del cual una copia fue entregada al papa Francisco, comienza contando el misterio en su origen y que lleva a contemplar el milagro ocurrido y la figura del \u201cnegro Manuel\u201d en su v\u00ednculo con Mar\u00eda y con los necesitados.<\/p>\n<p><img loading=\"lazy\" decoding=\"async\" class=\"alignnone size-large wp-image-100383\" src=\"https:\/\/noticiasmercedinas.com\/site\/wp-content\/uploads\/2022\/09\/302096315_469293568590709_4431137303661977093_n-1024x681.jpg\" alt=\"\" width=\"640\" height=\"426\" srcset=\"https:\/\/noticiasmercedinas.com\/site\/wp-content\/uploads\/2022\/09\/302096315_469293568590709_4431137303661977093_n-1024x681.jpg 1024w, https:\/\/noticiasmercedinas.com\/site\/wp-content\/uploads\/2022\/09\/302096315_469293568590709_4431137303661977093_n-300x199.jpg 300w, https:\/\/noticiasmercedinas.com\/site\/wp-content\/uploads\/2022\/09\/302096315_469293568590709_4431137303661977093_n-768x511.jpg 768w, https:\/\/noticiasmercedinas.com\/site\/wp-content\/uploads\/2022\/09\/302096315_469293568590709_4431137303661977093_n-640x426.jpg 640w, https:\/\/noticiasmercedinas.com\/site\/wp-content\/uploads\/2022\/09\/302096315_469293568590709_4431137303661977093_n-681x453.jpg 681w, https:\/\/noticiasmercedinas.com\/site\/wp-content\/uploads\/2022\/09\/302096315_469293568590709_4431137303661977093_n.jpg 1280w\" sizes=\"auto, (max-width: 640px) 100vw, 640px\" \/><\/p>\n","protected":false},"excerpt":{"rendered":"<p>\u25a0 La publicaci\u00f3n cuenta la historia de la Virgen Mar\u00eda bajo la advocaci\u00f3n mariana de Nuestra Se\u00f1ora de Luj\u00e1n y del \u00abnegrito Manuel\u00bb, cuya figura genera ejemplo de servicio y fidelidad.<\/p>\n","protected":false},"author":16,"featured_media":100382,"comment_status":"open","ping_status":"open","sticky":false,"template":"","format":"standard","meta":{"footnotes":""},"categories":[4],"tags":[7687,494,15333,7686],"class_list":["post-100381","post","type-post","status-publish","format-standard","has-post-thumbnail","hentry","category-cultura","tag-arquidiocesis-de-mercedes-lujan","tag-libro","tag-negrito-manuel","tag-san-jose-obrero"],"yoast_head":"<!-- This site is optimized with the Yoast SEO plugin v27.4 - https:\/\/yoast.com\/product\/yoast-seo-wordpress\/ -->\n<title>Presentaron el libro &quot;El esp\u00edritu de Manuel, de la Virgen de Luj\u00e1n&quot;<\/title>\n<meta name=\"robots\" content=\"index, follow, max-snippet:-1, max-image-preview:large, max-video-preview:-1\" \/>\n<link rel=\"canonical\" href=\"https:\/\/noticiasmercedinas.com\/site\/2022\/09\/25\/presentaron-el-libro-el-espiritu-de-manuel-de-la-virgen-de-lujan\/\" \/>\n<meta property=\"og:locale\" content=\"es_ES\" \/>\n<meta property=\"og:type\" content=\"article\" \/>\n<meta property=\"og:title\" content=\"Presentaron el libro &quot;El esp\u00edritu de Manuel, de la Virgen de Luj\u00e1n&quot;\" \/>\n<meta property=\"og:description\" content=\"\u25a0 La publicaci\u00f3n cuenta la historia de la Virgen Mar\u00eda bajo la advocaci\u00f3n mariana de Nuestra Se\u00f1ora de Luj\u00e1n y del &quot;negrito Manuel&quot;, cuya figura genera ejemplo de servicio y fidelidad.\" \/>\n<meta property=\"og:url\" content=\"https:\/\/noticiasmercedinas.com\/site\/2022\/09\/25\/presentaron-el-libro-el-espiritu-de-manuel-de-la-virgen-de-lujan\/\" \/>\n<meta property=\"og:site_name\" content=\"NOTICIASMERCEDINAS.COM\" \/>\n<meta property=\"article:publisher\" content=\"https:\/\/www.facebook.com\/noticiasmercedinas\/\" \/>\n<meta property=\"article:published_time\" content=\"2022-09-25T09:59:31+00:00\" \/>\n<meta property=\"og:image\" content=\"https:\/\/noticiasmercedinas.com\/site\/wp-content\/uploads\/2022\/09\/305771264_469293325257400_8310678410878872972_n-e1664099673835.jpg\" \/>\n\t<meta property=\"og:image:width\" content=\"864\" \/>\n\t<meta property=\"og:image:height\" content=\"628\" \/>\n\t<meta property=\"og:image:type\" content=\"image\/jpeg\" \/>\n<meta name=\"author\" content=\"NOTICIASMERCEDINAS.COM\" \/>\n<meta name=\"twitter:card\" content=\"summary_large_image\" \/>\n<meta name=\"twitter:creator\" content=\"@notmercedinas\" \/>\n<meta name=\"twitter:site\" content=\"@notmercedinas\" \/>\n<meta name=\"twitter:label1\" content=\"Escrito por\" \/>\n\t<meta name=\"twitter:data1\" content=\"NOTICIASMERCEDINAS.COM\" \/>\n\t<meta name=\"twitter:label2\" content=\"Tiempo de lectura\" \/>\n\t<meta name=\"twitter:data2\" content=\"2 minutos\" \/>\n<script type=\"application\/ld+json\" class=\"yoast-schema-graph\">{\"@context\":\"https:\\\/\\\/schema.org\",\"@graph\":[{\"@type\":\"Article\",\"@id\":\"https:\\\/\\\/noticiasmercedinas.com\\\/site\\\/2022\\\/09\\\/25\\\/presentaron-el-libro-el-espiritu-de-manuel-de-la-virgen-de-lujan\\\/#article\",\"isPartOf\":{\"@id\":\"https:\\\/\\\/noticiasmercedinas.com\\\/site\\\/2022\\\/09\\\/25\\\/presentaron-el-libro-el-espiritu-de-manuel-de-la-virgen-de-lujan\\\/\"},\"author\":{\"name\":\"NOTICIASMERCEDINAS.COM\",\"@id\":\"https:\\\/\\\/noticiasmercedinas.com\\\/site\\\/#\\\/schema\\\/person\\\/84b59c099c28ff2e8b77d4ceec5d8063\"},\"headline\":\"Presentaron el libro \u00abEl esp\u00edritu de Manuel, de la Virgen de Luj\u00e1n\u00bb\",\"datePublished\":\"2022-09-25T09:59:31+00:00\",\"mainEntityOfPage\":{\"@id\":\"https:\\\/\\\/noticiasmercedinas.com\\\/site\\\/2022\\\/09\\\/25\\\/presentaron-el-libro-el-espiritu-de-manuel-de-la-virgen-de-lujan\\\/\"},\"wordCount\":280,\"commentCount\":0,\"publisher\":{\"@id\":\"https:\\\/\\\/noticiasmercedinas.com\\\/site\\\/#organization\"},\"image\":{\"@id\":\"https:\\\/\\\/noticiasmercedinas.com\\\/site\\\/2022\\\/09\\\/25\\\/presentaron-el-libro-el-espiritu-de-manuel-de-la-virgen-de-lujan\\\/#primaryimage\"},\"thumbnailUrl\":\"https:\\\/\\\/noticiasmercedinas.com\\\/site\\\/wp-content\\\/uploads\\\/2022\\\/09\\\/305771264_469293325257400_8310678410878872972_n-e1664099673835.jpg\",\"keywords\":[\"Arquidi\u00f3cesis de Mercedes Luj\u00e1n\",\"libro\",\"negrito manuel\",\"San Jos\u00e9 Obrero\"],\"articleSection\":[\"Cultura\"],\"inLanguage\":\"es\",\"potentialAction\":[{\"@type\":\"CommentAction\",\"name\":\"Comment\",\"target\":[\"https:\\\/\\\/noticiasmercedinas.com\\\/site\\\/2022\\\/09\\\/25\\\/presentaron-el-libro-el-espiritu-de-manuel-de-la-virgen-de-lujan\\\/#respond\"]}]},{\"@type\":\"WebPage\",\"@id\":\"https:\\\/\\\/noticiasmercedinas.com\\\/site\\\/2022\\\/09\\\/25\\\/presentaron-el-libro-el-espiritu-de-manuel-de-la-virgen-de-lujan\\\/\",\"url\":\"https:\\\/\\\/noticiasmercedinas.com\\\/site\\\/2022\\\/09\\\/25\\\/presentaron-el-libro-el-espiritu-de-manuel-de-la-virgen-de-lujan\\\/\",\"name\":\"Presentaron el libro \\\"El esp\u00edritu de Manuel, de la Virgen de Luj\u00e1n\\\"\",\"isPartOf\":{\"@id\":\"https:\\\/\\\/noticiasmercedinas.com\\\/site\\\/#website\"},\"primaryImageOfPage\":{\"@id\":\"https:\\\/\\\/noticiasmercedinas.com\\\/site\\\/2022\\\/09\\\/25\\\/presentaron-el-libro-el-espiritu-de-manuel-de-la-virgen-de-lujan\\\/#primaryimage\"},\"image\":{\"@id\":\"https:\\\/\\\/noticiasmercedinas.com\\\/site\\\/2022\\\/09\\\/25\\\/presentaron-el-libro-el-espiritu-de-manuel-de-la-virgen-de-lujan\\\/#primaryimage\"},\"thumbnailUrl\":\"https:\\\/\\\/noticiasmercedinas.com\\\/site\\\/wp-content\\\/uploads\\\/2022\\\/09\\\/305771264_469293325257400_8310678410878872972_n-e1664099673835.jpg\",\"datePublished\":\"2022-09-25T09:59:31+00:00\",\"breadcrumb\":{\"@id\":\"https:\\\/\\\/noticiasmercedinas.com\\\/site\\\/2022\\\/09\\\/25\\\/presentaron-el-libro-el-espiritu-de-manuel-de-la-virgen-de-lujan\\\/#breadcrumb\"},\"inLanguage\":\"es\",\"potentialAction\":[{\"@type\":\"ReadAction\",\"target\":[\"https:\\\/\\\/noticiasmercedinas.com\\\/site\\\/2022\\\/09\\\/25\\\/presentaron-el-libro-el-espiritu-de-manuel-de-la-virgen-de-lujan\\\/\"]}]},{\"@type\":\"ImageObject\",\"inLanguage\":\"es\",\"@id\":\"https:\\\/\\\/noticiasmercedinas.com\\\/site\\\/2022\\\/09\\\/25\\\/presentaron-el-libro-el-espiritu-de-manuel-de-la-virgen-de-lujan\\\/#primaryimage\",\"url\":\"https:\\\/\\\/noticiasmercedinas.com\\\/site\\\/wp-content\\\/uploads\\\/2022\\\/09\\\/305771264_469293325257400_8310678410878872972_n-e1664099673835.jpg\",\"contentUrl\":\"https:\\\/\\\/noticiasmercedinas.com\\\/site\\\/wp-content\\\/uploads\\\/2022\\\/09\\\/305771264_469293325257400_8310678410878872972_n-e1664099673835.jpg\",\"width\":864,\"height\":628},{\"@type\":\"BreadcrumbList\",\"@id\":\"https:\\\/\\\/noticiasmercedinas.com\\\/site\\\/2022\\\/09\\\/25\\\/presentaron-el-libro-el-espiritu-de-manuel-de-la-virgen-de-lujan\\\/#breadcrumb\",\"itemListElement\":[{\"@type\":\"ListItem\",\"position\":1,\"name\":\"Portada\",\"item\":\"https:\\\/\\\/noticiasmercedinas.com\\\/site\\\/\"},{\"@type\":\"ListItem\",\"position\":2,\"name\":\"Presentaron el libro \u00abEl esp\u00edritu de Manuel, de la Virgen de Luj\u00e1n\u00bb\"}]},{\"@type\":\"WebSite\",\"@id\":\"https:\\\/\\\/noticiasmercedinas.com\\\/site\\\/#website\",\"url\":\"https:\\\/\\\/noticiasmercedinas.com\\\/site\\\/\",\"name\":\"NOTICIASMERCEDINAS.COM\",\"description\":\"Mercedes, Buenos Aires, Argentina\",\"publisher\":{\"@id\":\"https:\\\/\\\/noticiasmercedinas.com\\\/site\\\/#organization\"},\"potentialAction\":[{\"@type\":\"SearchAction\",\"target\":{\"@type\":\"EntryPoint\",\"urlTemplate\":\"https:\\\/\\\/noticiasmercedinas.com\\\/site\\\/?s={search_term_string}\"},\"query-input\":{\"@type\":\"PropertyValueSpecification\",\"valueRequired\":true,\"valueName\":\"search_term_string\"}}],\"inLanguage\":\"es\"},{\"@type\":\"Organization\",\"@id\":\"https:\\\/\\\/noticiasmercedinas.com\\\/site\\\/#organization\",\"name\":\"NOTICIASMERCEDINAS.COM\",\"url\":\"https:\\\/\\\/noticiasmercedinas.com\\\/site\\\/\",\"logo\":{\"@type\":\"ImageObject\",\"inLanguage\":\"es\",\"@id\":\"https:\\\/\\\/noticiasmercedinas.com\\\/site\\\/#\\\/schema\\\/logo\\\/image\\\/\",\"url\":\"https:\\\/\\\/noticiasmercedinas.com\\\/site\\\/wp-content\\\/uploads\\\/2020\\\/06\\\/LOGO-512.jpg\",\"contentUrl\":\"https:\\\/\\\/noticiasmercedinas.com\\\/site\\\/wp-content\\\/uploads\\\/2020\\\/06\\\/LOGO-512.jpg\",\"width\":512,\"height\":512,\"caption\":\"NOTICIASMERCEDINAS.COM\"},\"image\":{\"@id\":\"https:\\\/\\\/noticiasmercedinas.com\\\/site\\\/#\\\/schema\\\/logo\\\/image\\\/\"},\"sameAs\":[\"https:\\\/\\\/www.facebook.com\\\/noticiasmercedinas\\\/\",\"https:\\\/\\\/x.com\\\/notmercedinas\",\"https:\\\/\\\/www.instagram.com\\\/noticiasmercedinas\\\/\"]},{\"@type\":\"Person\",\"@id\":\"https:\\\/\\\/noticiasmercedinas.com\\\/site\\\/#\\\/schema\\\/person\\\/84b59c099c28ff2e8b77d4ceec5d8063\",\"name\":\"NOTICIASMERCEDINAS.COM\",\"image\":{\"@type\":\"ImageObject\",\"inLanguage\":\"es\",\"@id\":\"https:\\\/\\\/secure.gravatar.com\\\/avatar\\\/4dfbf16b4d17945bfb6341b2d19043457132fcf478a5ee04f42e959fd8f5df0a?s=96&d=mm&r=g\",\"url\":\"https:\\\/\\\/secure.gravatar.com\\\/avatar\\\/4dfbf16b4d17945bfb6341b2d19043457132fcf478a5ee04f42e959fd8f5df0a?s=96&d=mm&r=g\",\"contentUrl\":\"https:\\\/\\\/secure.gravatar.com\\\/avatar\\\/4dfbf16b4d17945bfb6341b2d19043457132fcf478a5ee04f42e959fd8f5df0a?s=96&d=mm&r=g\",\"caption\":\"NOTICIASMERCEDINAS.COM\"},\"url\":\"https:\\\/\\\/noticiasmercedinas.com\\\/site\\\/author\\\/anonimo\\\/\"}]}<\/script>\n<!-- \/ Yoast SEO plugin. -->","yoast_head_json":{"title":"Presentaron el libro \"El esp\u00edritu de Manuel, de la Virgen de Luj\u00e1n\"","robots":{"index":"index","follow":"follow","max-snippet":"max-snippet:-1","max-image-preview":"max-image-preview:large","max-video-preview":"max-video-preview:-1"},"canonical":"https:\/\/noticiasmercedinas.com\/site\/2022\/09\/25\/presentaron-el-libro-el-espiritu-de-manuel-de-la-virgen-de-lujan\/","og_locale":"es_ES","og_type":"article","og_title":"Presentaron el libro \"El esp\u00edritu de Manuel, de la Virgen de Luj\u00e1n\"","og_description":"\u25a0 La publicaci\u00f3n cuenta la historia de la Virgen Mar\u00eda bajo la advocaci\u00f3n mariana de Nuestra Se\u00f1ora de Luj\u00e1n y del \"negrito Manuel\", cuya figura genera ejemplo de servicio y fidelidad.","og_url":"https:\/\/noticiasmercedinas.com\/site\/2022\/09\/25\/presentaron-el-libro-el-espiritu-de-manuel-de-la-virgen-de-lujan\/","og_site_name":"NOTICIASMERCEDINAS.COM","article_publisher":"https:\/\/www.facebook.com\/noticiasmercedinas\/","article_published_time":"2022-09-25T09:59:31+00:00","og_image":[{"width":864,"height":628,"url":"https:\/\/noticiasmercedinas.com\/site\/wp-content\/uploads\/2022\/09\/305771264_469293325257400_8310678410878872972_n-e1664099673835.jpg","type":"image\/jpeg"}],"author":"NOTICIASMERCEDINAS.COM","twitter_card":"summary_large_image","twitter_creator":"@notmercedinas","twitter_site":"@notmercedinas","twitter_misc":{"Escrito por":"NOTICIASMERCEDINAS.COM","Tiempo de lectura":"2 minutos"},"schema":{"@context":"https:\/\/schema.org","@graph":[{"@type":"Article","@id":"https:\/\/noticiasmercedinas.com\/site\/2022\/09\/25\/presentaron-el-libro-el-espiritu-de-manuel-de-la-virgen-de-lujan\/#article","isPartOf":{"@id":"https:\/\/noticiasmercedinas.com\/site\/2022\/09\/25\/presentaron-el-libro-el-espiritu-de-manuel-de-la-virgen-de-lujan\/"},"author":{"name":"NOTICIASMERCEDINAS.COM","@id":"https:\/\/noticiasmercedinas.com\/site\/#\/schema\/person\/84b59c099c28ff2e8b77d4ceec5d8063"},"headline":"Presentaron el libro \u00abEl esp\u00edritu de Manuel, de la Virgen de Luj\u00e1n\u00bb","datePublished":"2022-09-25T09:59:31+00:00","mainEntityOfPage":{"@id":"https:\/\/noticiasmercedinas.com\/site\/2022\/09\/25\/presentaron-el-libro-el-espiritu-de-manuel-de-la-virgen-de-lujan\/"},"wordCount":280,"commentCount":0,"publisher":{"@id":"https:\/\/noticiasmercedinas.com\/site\/#organization"},"image":{"@id":"https:\/\/noticiasmercedinas.com\/site\/2022\/09\/25\/presentaron-el-libro-el-espiritu-de-manuel-de-la-virgen-de-lujan\/#primaryimage"},"thumbnailUrl":"https:\/\/noticiasmercedinas.com\/site\/wp-content\/uploads\/2022\/09\/305771264_469293325257400_8310678410878872972_n-e1664099673835.jpg","keywords":["Arquidi\u00f3cesis de Mercedes Luj\u00e1n","libro","negrito manuel","San Jos\u00e9 Obrero"],"articleSection":["Cultura"],"inLanguage":"es","potentialAction":[{"@type":"CommentAction","name":"Comment","target":["https:\/\/noticiasmercedinas.com\/site\/2022\/09\/25\/presentaron-el-libro-el-espiritu-de-manuel-de-la-virgen-de-lujan\/#respond"]}]},{"@type":"WebPage","@id":"https:\/\/noticiasmercedinas.com\/site\/2022\/09\/25\/presentaron-el-libro-el-espiritu-de-manuel-de-la-virgen-de-lujan\/","url":"https:\/\/noticiasmercedinas.com\/site\/2022\/09\/25\/presentaron-el-libro-el-espiritu-de-manuel-de-la-virgen-de-lujan\/","name":"Presentaron el libro \"El esp\u00edritu de Manuel, de la Virgen de Luj\u00e1n\"","isPartOf":{"@id":"https:\/\/noticiasmercedinas.com\/site\/#website"},"primaryImageOfPage":{"@id":"https:\/\/noticiasmercedinas.com\/site\/2022\/09\/25\/presentaron-el-libro-el-espiritu-de-manuel-de-la-virgen-de-lujan\/#primaryimage"},"image":{"@id":"https:\/\/noticiasmercedinas.com\/site\/2022\/09\/25\/presentaron-el-libro-el-espiritu-de-manuel-de-la-virgen-de-lujan\/#primaryimage"},"thumbnailUrl":"https:\/\/noticiasmercedinas.com\/site\/wp-content\/uploads\/2022\/09\/305771264_469293325257400_8310678410878872972_n-e1664099673835.jpg","datePublished":"2022-09-25T09:59:31+00:00","breadcrumb":{"@id":"https:\/\/noticiasmercedinas.com\/site\/2022\/09\/25\/presentaron-el-libro-el-espiritu-de-manuel-de-la-virgen-de-lujan\/#breadcrumb"},"inLanguage":"es","potentialAction":[{"@type":"ReadAction","target":["https:\/\/noticiasmercedinas.com\/site\/2022\/09\/25\/presentaron-el-libro-el-espiritu-de-manuel-de-la-virgen-de-lujan\/"]}]},{"@type":"ImageObject","inLanguage":"es","@id":"https:\/\/noticiasmercedinas.com\/site\/2022\/09\/25\/presentaron-el-libro-el-espiritu-de-manuel-de-la-virgen-de-lujan\/#primaryimage","url":"https:\/\/noticiasmercedinas.com\/site\/wp-content\/uploads\/2022\/09\/305771264_469293325257400_8310678410878872972_n-e1664099673835.jpg","contentUrl":"https:\/\/noticiasmercedinas.com\/site\/wp-content\/uploads\/2022\/09\/305771264_469293325257400_8310678410878872972_n-e1664099673835.jpg","width":864,"height":628},{"@type":"BreadcrumbList","@id":"https:\/\/noticiasmercedinas.com\/site\/2022\/09\/25\/presentaron-el-libro-el-espiritu-de-manuel-de-la-virgen-de-lujan\/#breadcrumb","itemListElement":[{"@type":"ListItem","position":1,"name":"Portada","item":"https:\/\/noticiasmercedinas.com\/site\/"},{"@type":"ListItem","position":2,"name":"Presentaron el libro \u00abEl esp\u00edritu de Manuel, de la Virgen de Luj\u00e1n\u00bb"}]},{"@type":"WebSite","@id":"https:\/\/noticiasmercedinas.com\/site\/#website","url":"https:\/\/noticiasmercedinas.com\/site\/","name":"NOTICIASMERCEDINAS.COM","description":"Mercedes, Buenos Aires, Argentina","publisher":{"@id":"https:\/\/noticiasmercedinas.com\/site\/#organization"},"potentialAction":[{"@type":"SearchAction","target":{"@type":"EntryPoint","urlTemplate":"https:\/\/noticiasmercedinas.com\/site\/?s={search_term_string}"},"query-input":{"@type":"PropertyValueSpecification","valueRequired":true,"valueName":"search_term_string"}}],"inLanguage":"es"},{"@type":"Organization","@id":"https:\/\/noticiasmercedinas.com\/site\/#organization","name":"NOTICIASMERCEDINAS.COM","url":"https:\/\/noticiasmercedinas.com\/site\/","logo":{"@type":"ImageObject","inLanguage":"es","@id":"https:\/\/noticiasmercedinas.com\/site\/#\/schema\/logo\/image\/","url":"https:\/\/noticiasmercedinas.com\/site\/wp-content\/uploads\/2020\/06\/LOGO-512.jpg","contentUrl":"https:\/\/noticiasmercedinas.com\/site\/wp-content\/uploads\/2020\/06\/LOGO-512.jpg","width":512,"height":512,"caption":"NOTICIASMERCEDINAS.COM"},"image":{"@id":"https:\/\/noticiasmercedinas.com\/site\/#\/schema\/logo\/image\/"},"sameAs":["https:\/\/www.facebook.com\/noticiasmercedinas\/","https:\/\/x.com\/notmercedinas","https:\/\/www.instagram.com\/noticiasmercedinas\/"]},{"@type":"Person","@id":"https:\/\/noticiasmercedinas.com\/site\/#\/schema\/person\/84b59c099c28ff2e8b77d4ceec5d8063","name":"NOTICIASMERCEDINAS.COM","image":{"@type":"ImageObject","inLanguage":"es","@id":"https:\/\/secure.gravatar.com\/avatar\/4dfbf16b4d17945bfb6341b2d19043457132fcf478a5ee04f42e959fd8f5df0a?s=96&d=mm&r=g","url":"https:\/\/secure.gravatar.com\/avatar\/4dfbf16b4d17945bfb6341b2d19043457132fcf478a5ee04f42e959fd8f5df0a?s=96&d=mm&r=g","contentUrl":"https:\/\/secure.gravatar.com\/avatar\/4dfbf16b4d17945bfb6341b2d19043457132fcf478a5ee04f42e959fd8f5df0a?s=96&d=mm&r=g","caption":"NOTICIASMERCEDINAS.COM"},"url":"https:\/\/noticiasmercedinas.com\/site\/author\/anonimo\/"}]}},"amp_enabled":true,"_links":{"self":[{"href":"https:\/\/noticiasmercedinas.com\/site\/wp-json\/wp\/v2\/posts\/100381","targetHints":{"allow":["GET"]}}],"collection":[{"href":"https:\/\/noticiasmercedinas.com\/site\/wp-json\/wp\/v2\/posts"}],"about":[{"href":"https:\/\/noticiasmercedinas.com\/site\/wp-json\/wp\/v2\/types\/post"}],"author":[{"embeddable":true,"href":"https:\/\/noticiasmercedinas.com\/site\/wp-json\/wp\/v2\/users\/16"}],"replies":[{"embeddable":true,"href":"https:\/\/noticiasmercedinas.com\/site\/wp-json\/wp\/v2\/comments?post=100381"}],"version-history":[{"count":1,"href":"https:\/\/noticiasmercedinas.com\/site\/wp-json\/wp\/v2\/posts\/100381\/revisions"}],"predecessor-version":[{"id":100384,"href":"https:\/\/noticiasmercedinas.com\/site\/wp-json\/wp\/v2\/posts\/100381\/revisions\/100384"}],"wp:featuredmedia":[{"embeddable":true,"href":"https:\/\/noticiasmercedinas.com\/site\/wp-json\/wp\/v2\/media\/100382"}],"wp:attachment":[{"href":"https:\/\/noticiasmercedinas.com\/site\/wp-json\/wp\/v2\/media?parent=100381"}],"wp:term":[{"taxonomy":"category","embeddable":true,"href":"https:\/\/noticiasmercedinas.com\/site\/wp-json\/wp\/v2\/categories?post=100381"},{"taxonomy":"post_tag","embeddable":true,"href":"https:\/\/noticiasmercedinas.com\/site\/wp-json\/wp\/v2\/tags?post=100381"}],"curies":[{"name":"wp","href":"https:\/\/api.w.org\/{rel}","templated":true}]}}