{"id":100559,"date":"2022-09-27T10:22:49","date_gmt":"2022-09-27T13:22:49","guid":{"rendered":"https:\/\/noticiasmercedinas.com\/site\/?p=100559"},"modified":"2022-09-27T10:22:49","modified_gmt":"2022-09-27T13:22:49","slug":"como-cuidar-la-ropa-de-bebe","status":"publish","type":"post","link":"https:\/\/noticiasmercedinas.com\/site\/2022\/09\/27\/como-cuidar-la-ropa-de-bebe\/","title":{"rendered":"\u00bfC\u00f3mo cuidar la ropa de beb\u00e9?"},"content":{"rendered":"<p><img loading=\"lazy\" decoding=\"async\" class=\"alignnone size-full wp-image-100560\" src=\"https:\/\/noticiasmercedinas.com\/site\/wp-content\/uploads\/2022\/09\/ropa-de-bebe-tendida.jpg\" alt=\"\" width=\"830\" height=\"466\" srcset=\"https:\/\/noticiasmercedinas.com\/site\/wp-content\/uploads\/2022\/09\/ropa-de-bebe-tendida.jpg 830w, https:\/\/noticiasmercedinas.com\/site\/wp-content\/uploads\/2022\/09\/ropa-de-bebe-tendida-300x168.jpg 300w, https:\/\/noticiasmercedinas.com\/site\/wp-content\/uploads\/2022\/09\/ropa-de-bebe-tendida-768x431.jpg 768w, https:\/\/noticiasmercedinas.com\/site\/wp-content\/uploads\/2022\/09\/ropa-de-bebe-tendida-640x359.jpg 640w, https:\/\/noticiasmercedinas.com\/site\/wp-content\/uploads\/2022\/09\/ropa-de-bebe-tendida-681x382.jpg 681w\" sizes=\"auto, (max-width: 830px) 100vw, 830px\" \/><\/p>\n<p>La piel de los beb\u00e9s es muy delicada, por eso es importante cuidar la higiene de su ropa y elegir aquellas prendas confeccionadas con algod\u00f3n para evitarles cualquier alergia o picaz\u00f3n. Como las que ofrece <a href=\"https:\/\/www.melodrama.com.ar\/\">Melodrama<\/a>, que son de la mejor calidad, confeccionadas con excelentes telas para la comodidad de los m\u00e1s peque\u00f1os.<\/p>\n<p>Ahora bien, la mejor manera de cuidar la ropita de nuestros ni\u00f1os es con una buena rutina de lavado, utilizando jabones adecuados.<\/p>\n<p>Si no sab\u00e9s c\u00f3mo hacerlo, segu\u00ed leyendo este post porque te contamos todo lo que ten\u00e9s que saber:<\/p>\n<ul>\n<li>Antes de usar la ropa de tu beb\u00e9, lavala: si bien parece algo irrelevante, hay que tener en cuenta que las telas pueden estar fabricadas con tintes y sustancias qu\u00edmicas, adem\u00e1s de que han estado exhibidas en el negocio, estando en contacto con muchas personas. Al lavarla nos aseguramos que la prenda est\u00e1 limpia y desinfectada.<\/li>\n<\/ul>\n<ul>\n<li>Trat\u00e1 de separar la ropa de tu beb\u00e9 de la de los dem\u00e1s: por lo general, los adultos estamos fuera de casa, en contacto con el exterior, por lo cual tenemos m\u00e1s suciedad que los peque\u00f1os. Por esta raz\u00f3n no es necesario que su ropita no est\u00e9 en contacto con la nuestra.<\/li>\n<\/ul>\n<ul>\n<li>Us\u00e1 detergentes y jabones con pH neutro: la piel del beb\u00e9 es m\u00e1s delicada que la de los adultos, por eso debemos tener cuidado con los jabones que utilizamos normalmente, ya que pueden generar irritaciones o alergias a los peques de la casa. Lo ideal es que empleemos jabones con pH neutro.<\/li>\n<\/ul>\n<ul>\n<li>No remojes las prendas por mucho tiempo: la ropa de los ni\u00f1os, al ser m\u00e1s delicada, no puede dejarse demasiado tiempo en remojo, por el hecho de que se pueden deshilachar o deste\u00f1ir. Se deben remojar poco tiempo.<\/li>\n<\/ul>\n<ul>\n<li>Si lav\u00e1s en la lavadora, utiliz\u00e1 la funci\u00f3n para ropa delicada: tanto la temperatura del agua, como el centrifugado, deben ser los adecuados para cuidar las prendas.<\/li>\n<\/ul>\n<ul>\n<li>El lavado a mano: hay ciertas prendas que son m\u00e1s delicadas que otras y requiere un lavado a mano. Lo que hay que tener en cuenta es enjuagar bien para quitar cualquier resto de jab\u00f3n o detergente que pueda irritar o causar alergias en la piel de tu beb\u00e9.<\/li>\n<\/ul>\n<ul>\n<li>No tiendas la ropa al sol: puede perder los colores originales o resecarse. Lo mejor es colocarla a la sombra, as\u00ed se secar\u00e1 con m\u00e1s suavidad para usarla nuevamente.<\/li>\n<\/ul>\n<ul>\n<li>Quitar manchas dif\u00edciles: primero te recomendamos lavar la mancha por separado para no da\u00f1ar la prenda.<\/li>\n<\/ul>\n<ul>\n<li>El planchado: por lo general, la mayor\u00eda de la ropa de ni\u00f1os no necesita plancharse, pero en caso de necesitarlo nunca se debe usar la plancha a altas temperaturas porque podr\u00eda da\u00f1arla.<\/li>\n<\/ul>\n<p>Esperamos que te sirvan estos tips para cuidar la ropita de tu beb\u00e9. Y record\u00e1 siempre elegir prendas 100% algod\u00f3n.<\/p>\n<p>Gracias por leernos. \u00a1Nos encontraremos en la pr\u00f3xima con m\u00e1s informaci\u00f3n interesante!<\/p>\n","protected":false},"excerpt":{"rendered":"<p>La piel de los beb\u00e9s es muy delicada, por eso es importante cuidar la higiene de su ropa y elegir aquellas prendas confeccionadas con algod\u00f3n para evitarles cualquier alergia o picaz\u00f3n. Como las que ofrece Melodrama, que son de la mejor calidad, confeccionadas con excelentes telas para la comodidad de los m\u00e1s peque\u00f1os. Ahora bien, [&hellip;]<\/p>\n","protected":false},"author":16,"featured_media":100560,"comment_status":"open","ping_status":"open","sticky":false,"template":"","format":"standard","meta":{"footnotes":""},"categories":[8992],"tags":[7841,1183],"class_list":["post-100559","post","type-post","status-publish","format-standard","has-post-thumbnail","hentry","category-bienestar","tag-bebe","tag-ropa"],"yoast_head":"<!-- This site is optimized with the Yoast SEO plugin v27.4 - https:\/\/yoast.com\/product\/yoast-seo-wordpress\/ -->\n<title>\u00bfC\u00f3mo cuidar la ropa de beb\u00e9?<\/title>\n<meta name=\"robots\" content=\"index, follow, max-snippet:-1, max-image-preview:large, max-video-preview:-1\" \/>\n<link rel=\"canonical\" href=\"https:\/\/noticiasmercedinas.com\/site\/2022\/09\/27\/como-cuidar-la-ropa-de-bebe\/\" \/>\n<meta property=\"og:locale\" content=\"es_ES\" \/>\n<meta property=\"og:type\" content=\"article\" \/>\n<meta property=\"og:title\" content=\"\u00bfC\u00f3mo cuidar la ropa de beb\u00e9?\" \/>\n<meta property=\"og:description\" content=\"La piel de los beb\u00e9s es muy delicada, por eso es importante cuidar la higiene de su ropa y elegir aquellas prendas confeccionadas con algod\u00f3n para evitarles cualquier alergia o picaz\u00f3n. Como las que ofrece Melodrama, que son de la mejor calidad, confeccionadas con excelentes telas para la comodidad de los m\u00e1s peque\u00f1os. Ahora bien, [&hellip;]\" \/>\n<meta property=\"og:url\" content=\"https:\/\/noticiasmercedinas.com\/site\/2022\/09\/27\/como-cuidar-la-ropa-de-bebe\/\" \/>\n<meta property=\"og:site_name\" content=\"NOTICIASMERCEDINAS.COM\" \/>\n<meta property=\"article:publisher\" content=\"https:\/\/www.facebook.com\/noticiasmercedinas\/\" \/>\n<meta property=\"article:published_time\" content=\"2022-09-27T13:22:49+00:00\" \/>\n<meta property=\"og:image\" content=\"https:\/\/noticiasmercedinas.com\/site\/wp-content\/uploads\/2022\/09\/ropa-de-bebe-tendida.jpg\" \/>\n\t<meta property=\"og:image:width\" content=\"830\" \/>\n\t<meta property=\"og:image:height\" content=\"466\" \/>\n\t<meta property=\"og:image:type\" content=\"image\/jpeg\" \/>\n<meta name=\"author\" content=\"NOTICIASMERCEDINAS.COM\" \/>\n<meta name=\"twitter:card\" content=\"summary_large_image\" \/>\n<meta name=\"twitter:creator\" content=\"@notmercedinas\" \/>\n<meta name=\"twitter:site\" content=\"@notmercedinas\" \/>\n<meta name=\"twitter:label1\" content=\"Escrito por\" \/>\n\t<meta name=\"twitter:data1\" content=\"NOTICIASMERCEDINAS.COM\" \/>\n\t<meta name=\"twitter:label2\" content=\"Tiempo de lectura\" \/>\n\t<meta name=\"twitter:data2\" content=\"3 minutos\" \/>\n<script type=\"application\/ld+json\" class=\"yoast-schema-graph\">{\"@context\":\"https:\\\/\\\/schema.org\",\"@graph\":[{\"@type\":\"Article\",\"@id\":\"https:\\\/\\\/noticiasmercedinas.com\\\/site\\\/2022\\\/09\\\/27\\\/como-cuidar-la-ropa-de-bebe\\\/#article\",\"isPartOf\":{\"@id\":\"https:\\\/\\\/noticiasmercedinas.com\\\/site\\\/2022\\\/09\\\/27\\\/como-cuidar-la-ropa-de-bebe\\\/\"},\"author\":{\"name\":\"NOTICIASMERCEDINAS.COM\",\"@id\":\"https:\\\/\\\/noticiasmercedinas.com\\\/site\\\/#\\\/schema\\\/person\\\/84b59c099c28ff2e8b77d4ceec5d8063\"},\"headline\":\"\u00bfC\u00f3mo cuidar la ropa de beb\u00e9?\",\"datePublished\":\"2022-09-27T13:22:49+00:00\",\"mainEntityOfPage\":{\"@id\":\"https:\\\/\\\/noticiasmercedinas.com\\\/site\\\/2022\\\/09\\\/27\\\/como-cuidar-la-ropa-de-bebe\\\/\"},\"wordCount\":516,\"commentCount\":0,\"publisher\":{\"@id\":\"https:\\\/\\\/noticiasmercedinas.com\\\/site\\\/#organization\"},\"image\":{\"@id\":\"https:\\\/\\\/noticiasmercedinas.com\\\/site\\\/2022\\\/09\\\/27\\\/como-cuidar-la-ropa-de-bebe\\\/#primaryimage\"},\"thumbnailUrl\":\"https:\\\/\\\/noticiasmercedinas.com\\\/site\\\/wp-content\\\/uploads\\\/2022\\\/09\\\/ropa-de-bebe-tendida.jpg\",\"keywords\":[\"beb\u00e9\",\"ropa\"],\"articleSection\":[\"Bienestar\"],\"inLanguage\":\"es\",\"potentialAction\":[{\"@type\":\"CommentAction\",\"name\":\"Comment\",\"target\":[\"https:\\\/\\\/noticiasmercedinas.com\\\/site\\\/2022\\\/09\\\/27\\\/como-cuidar-la-ropa-de-bebe\\\/#respond\"]}]},{\"@type\":\"WebPage\",\"@id\":\"https:\\\/\\\/noticiasmercedinas.com\\\/site\\\/2022\\\/09\\\/27\\\/como-cuidar-la-ropa-de-bebe\\\/\",\"url\":\"https:\\\/\\\/noticiasmercedinas.com\\\/site\\\/2022\\\/09\\\/27\\\/como-cuidar-la-ropa-de-bebe\\\/\",\"name\":\"\u00bfC\u00f3mo cuidar la ropa de beb\u00e9?\",\"isPartOf\":{\"@id\":\"https:\\\/\\\/noticiasmercedinas.com\\\/site\\\/#website\"},\"primaryImageOfPage\":{\"@id\":\"https:\\\/\\\/noticiasmercedinas.com\\\/site\\\/2022\\\/09\\\/27\\\/como-cuidar-la-ropa-de-bebe\\\/#primaryimage\"},\"image\":{\"@id\":\"https:\\\/\\\/noticiasmercedinas.com\\\/site\\\/2022\\\/09\\\/27\\\/como-cuidar-la-ropa-de-bebe\\\/#primaryimage\"},\"thumbnailUrl\":\"https:\\\/\\\/noticiasmercedinas.com\\\/site\\\/wp-content\\\/uploads\\\/2022\\\/09\\\/ropa-de-bebe-tendida.jpg\",\"datePublished\":\"2022-09-27T13:22:49+00:00\",\"breadcrumb\":{\"@id\":\"https:\\\/\\\/noticiasmercedinas.com\\\/site\\\/2022\\\/09\\\/27\\\/como-cuidar-la-ropa-de-bebe\\\/#breadcrumb\"},\"inLanguage\":\"es\",\"potentialAction\":[{\"@type\":\"ReadAction\",\"target\":[\"https:\\\/\\\/noticiasmercedinas.com\\\/site\\\/2022\\\/09\\\/27\\\/como-cuidar-la-ropa-de-bebe\\\/\"]}]},{\"@type\":\"ImageObject\",\"inLanguage\":\"es\",\"@id\":\"https:\\\/\\\/noticiasmercedinas.com\\\/site\\\/2022\\\/09\\\/27\\\/como-cuidar-la-ropa-de-bebe\\\/#primaryimage\",\"url\":\"https:\\\/\\\/noticiasmercedinas.com\\\/site\\\/wp-content\\\/uploads\\\/2022\\\/09\\\/ropa-de-bebe-tendida.jpg\",\"contentUrl\":\"https:\\\/\\\/noticiasmercedinas.com\\\/site\\\/wp-content\\\/uploads\\\/2022\\\/09\\\/ropa-de-bebe-tendida.jpg\",\"width\":830,\"height\":466},{\"@type\":\"BreadcrumbList\",\"@id\":\"https:\\\/\\\/noticiasmercedinas.com\\\/site\\\/2022\\\/09\\\/27\\\/como-cuidar-la-ropa-de-bebe\\\/#breadcrumb\",\"itemListElement\":[{\"@type\":\"ListItem\",\"position\":1,\"name\":\"Portada\",\"item\":\"https:\\\/\\\/noticiasmercedinas.com\\\/site\\\/\"},{\"@type\":\"ListItem\",\"position\":2,\"name\":\"\u00bfC\u00f3mo cuidar la ropa de beb\u00e9?\"}]},{\"@type\":\"WebSite\",\"@id\":\"https:\\\/\\\/noticiasmercedinas.com\\\/site\\\/#website\",\"url\":\"https:\\\/\\\/noticiasmercedinas.com\\\/site\\\/\",\"name\":\"NOTICIASMERCEDINAS.COM\",\"description\":\"Mercedes, Buenos Aires, Argentina\",\"publisher\":{\"@id\":\"https:\\\/\\\/noticiasmercedinas.com\\\/site\\\/#organization\"},\"potentialAction\":[{\"@type\":\"SearchAction\",\"target\":{\"@type\":\"EntryPoint\",\"urlTemplate\":\"https:\\\/\\\/noticiasmercedinas.com\\\/site\\\/?s={search_term_string}\"},\"query-input\":{\"@type\":\"PropertyValueSpecification\",\"valueRequired\":true,\"valueName\":\"search_term_string\"}}],\"inLanguage\":\"es\"},{\"@type\":\"Organization\",\"@id\":\"https:\\\/\\\/noticiasmercedinas.com\\\/site\\\/#organization\",\"name\":\"NOTICIASMERCEDINAS.COM\",\"url\":\"https:\\\/\\\/noticiasmercedinas.com\\\/site\\\/\",\"logo\":{\"@type\":\"ImageObject\",\"inLanguage\":\"es\",\"@id\":\"https:\\\/\\\/noticiasmercedinas.com\\\/site\\\/#\\\/schema\\\/logo\\\/image\\\/\",\"url\":\"https:\\\/\\\/noticiasmercedinas.com\\\/site\\\/wp-content\\\/uploads\\\/2020\\\/06\\\/LOGO-512.jpg\",\"contentUrl\":\"https:\\\/\\\/noticiasmercedinas.com\\\/site\\\/wp-content\\\/uploads\\\/2020\\\/06\\\/LOGO-512.jpg\",\"width\":512,\"height\":512,\"caption\":\"NOTICIASMERCEDINAS.COM\"},\"image\":{\"@id\":\"https:\\\/\\\/noticiasmercedinas.com\\\/site\\\/#\\\/schema\\\/logo\\\/image\\\/\"},\"sameAs\":[\"https:\\\/\\\/www.facebook.com\\\/noticiasmercedinas\\\/\",\"https:\\\/\\\/x.com\\\/notmercedinas\",\"https:\\\/\\\/www.instagram.com\\\/noticiasmercedinas\\\/\"]},{\"@type\":\"Person\",\"@id\":\"https:\\\/\\\/noticiasmercedinas.com\\\/site\\\/#\\\/schema\\\/person\\\/84b59c099c28ff2e8b77d4ceec5d8063\",\"name\":\"NOTICIASMERCEDINAS.COM\",\"image\":{\"@type\":\"ImageObject\",\"inLanguage\":\"es\",\"@id\":\"https:\\\/\\\/secure.gravatar.com\\\/avatar\\\/4dfbf16b4d17945bfb6341b2d19043457132fcf478a5ee04f42e959fd8f5df0a?s=96&d=mm&r=g\",\"url\":\"https:\\\/\\\/secure.gravatar.com\\\/avatar\\\/4dfbf16b4d17945bfb6341b2d19043457132fcf478a5ee04f42e959fd8f5df0a?s=96&d=mm&r=g\",\"contentUrl\":\"https:\\\/\\\/secure.gravatar.com\\\/avatar\\\/4dfbf16b4d17945bfb6341b2d19043457132fcf478a5ee04f42e959fd8f5df0a?s=96&d=mm&r=g\",\"caption\":\"NOTICIASMERCEDINAS.COM\"},\"url\":\"https:\\\/\\\/noticiasmercedinas.com\\\/site\\\/author\\\/anonimo\\\/\"}]}<\/script>\n<!-- \/ Yoast SEO plugin. -->","yoast_head_json":{"title":"\u00bfC\u00f3mo cuidar la ropa de beb\u00e9?","robots":{"index":"index","follow":"follow","max-snippet":"max-snippet:-1","max-image-preview":"max-image-preview:large","max-video-preview":"max-video-preview:-1"},"canonical":"https:\/\/noticiasmercedinas.com\/site\/2022\/09\/27\/como-cuidar-la-ropa-de-bebe\/","og_locale":"es_ES","og_type":"article","og_title":"\u00bfC\u00f3mo cuidar la ropa de beb\u00e9?","og_description":"La piel de los beb\u00e9s es muy delicada, por eso es importante cuidar la higiene de su ropa y elegir aquellas prendas confeccionadas con algod\u00f3n para evitarles cualquier alergia o picaz\u00f3n. Como las que ofrece Melodrama, que son de la mejor calidad, confeccionadas con excelentes telas para la comodidad de los m\u00e1s peque\u00f1os. Ahora bien, [&hellip;]","og_url":"https:\/\/noticiasmercedinas.com\/site\/2022\/09\/27\/como-cuidar-la-ropa-de-bebe\/","og_site_name":"NOTICIASMERCEDINAS.COM","article_publisher":"https:\/\/www.facebook.com\/noticiasmercedinas\/","article_published_time":"2022-09-27T13:22:49+00:00","og_image":[{"width":830,"height":466,"url":"https:\/\/noticiasmercedinas.com\/site\/wp-content\/uploads\/2022\/09\/ropa-de-bebe-tendida.jpg","type":"image\/jpeg"}],"author":"NOTICIASMERCEDINAS.COM","twitter_card":"summary_large_image","twitter_creator":"@notmercedinas","twitter_site":"@notmercedinas","twitter_misc":{"Escrito por":"NOTICIASMERCEDINAS.COM","Tiempo de lectura":"3 minutos"},"schema":{"@context":"https:\/\/schema.org","@graph":[{"@type":"Article","@id":"https:\/\/noticiasmercedinas.com\/site\/2022\/09\/27\/como-cuidar-la-ropa-de-bebe\/#article","isPartOf":{"@id":"https:\/\/noticiasmercedinas.com\/site\/2022\/09\/27\/como-cuidar-la-ropa-de-bebe\/"},"author":{"name":"NOTICIASMERCEDINAS.COM","@id":"https:\/\/noticiasmercedinas.com\/site\/#\/schema\/person\/84b59c099c28ff2e8b77d4ceec5d8063"},"headline":"\u00bfC\u00f3mo cuidar la ropa de beb\u00e9?","datePublished":"2022-09-27T13:22:49+00:00","mainEntityOfPage":{"@id":"https:\/\/noticiasmercedinas.com\/site\/2022\/09\/27\/como-cuidar-la-ropa-de-bebe\/"},"wordCount":516,"commentCount":0,"publisher":{"@id":"https:\/\/noticiasmercedinas.com\/site\/#organization"},"image":{"@id":"https:\/\/noticiasmercedinas.com\/site\/2022\/09\/27\/como-cuidar-la-ropa-de-bebe\/#primaryimage"},"thumbnailUrl":"https:\/\/noticiasmercedinas.com\/site\/wp-content\/uploads\/2022\/09\/ropa-de-bebe-tendida.jpg","keywords":["beb\u00e9","ropa"],"articleSection":["Bienestar"],"inLanguage":"es","potentialAction":[{"@type":"CommentAction","name":"Comment","target":["https:\/\/noticiasmercedinas.com\/site\/2022\/09\/27\/como-cuidar-la-ropa-de-bebe\/#respond"]}]},{"@type":"WebPage","@id":"https:\/\/noticiasmercedinas.com\/site\/2022\/09\/27\/como-cuidar-la-ropa-de-bebe\/","url":"https:\/\/noticiasmercedinas.com\/site\/2022\/09\/27\/como-cuidar-la-ropa-de-bebe\/","name":"\u00bfC\u00f3mo cuidar la ropa de beb\u00e9?","isPartOf":{"@id":"https:\/\/noticiasmercedinas.com\/site\/#website"},"primaryImageOfPage":{"@id":"https:\/\/noticiasmercedinas.com\/site\/2022\/09\/27\/como-cuidar-la-ropa-de-bebe\/#primaryimage"},"image":{"@id":"https:\/\/noticiasmercedinas.com\/site\/2022\/09\/27\/como-cuidar-la-ropa-de-bebe\/#primaryimage"},"thumbnailUrl":"https:\/\/noticiasmercedinas.com\/site\/wp-content\/uploads\/2022\/09\/ropa-de-bebe-tendida.jpg","datePublished":"2022-09-27T13:22:49+00:00","breadcrumb":{"@id":"https:\/\/noticiasmercedinas.com\/site\/2022\/09\/27\/como-cuidar-la-ropa-de-bebe\/#breadcrumb"},"inLanguage":"es","potentialAction":[{"@type":"ReadAction","target":["https:\/\/noticiasmercedinas.com\/site\/2022\/09\/27\/como-cuidar-la-ropa-de-bebe\/"]}]},{"@type":"ImageObject","inLanguage":"es","@id":"https:\/\/noticiasmercedinas.com\/site\/2022\/09\/27\/como-cuidar-la-ropa-de-bebe\/#primaryimage","url":"https:\/\/noticiasmercedinas.com\/site\/wp-content\/uploads\/2022\/09\/ropa-de-bebe-tendida.jpg","contentUrl":"https:\/\/noticiasmercedinas.com\/site\/wp-content\/uploads\/2022\/09\/ropa-de-bebe-tendida.jpg","width":830,"height":466},{"@type":"BreadcrumbList","@id":"https:\/\/noticiasmercedinas.com\/site\/2022\/09\/27\/como-cuidar-la-ropa-de-bebe\/#breadcrumb","itemListElement":[{"@type":"ListItem","position":1,"name":"Portada","item":"https:\/\/noticiasmercedinas.com\/site\/"},{"@type":"ListItem","position":2,"name":"\u00bfC\u00f3mo cuidar la ropa de beb\u00e9?"}]},{"@type":"WebSite","@id":"https:\/\/noticiasmercedinas.com\/site\/#website","url":"https:\/\/noticiasmercedinas.com\/site\/","name":"NOTICIASMERCEDINAS.COM","description":"Mercedes, Buenos Aires, Argentina","publisher":{"@id":"https:\/\/noticiasmercedinas.com\/site\/#organization"},"potentialAction":[{"@type":"SearchAction","target":{"@type":"EntryPoint","urlTemplate":"https:\/\/noticiasmercedinas.com\/site\/?s={search_term_string}"},"query-input":{"@type":"PropertyValueSpecification","valueRequired":true,"valueName":"search_term_string"}}],"inLanguage":"es"},{"@type":"Organization","@id":"https:\/\/noticiasmercedinas.com\/site\/#organization","name":"NOTICIASMERCEDINAS.COM","url":"https:\/\/noticiasmercedinas.com\/site\/","logo":{"@type":"ImageObject","inLanguage":"es","@id":"https:\/\/noticiasmercedinas.com\/site\/#\/schema\/logo\/image\/","url":"https:\/\/noticiasmercedinas.com\/site\/wp-content\/uploads\/2020\/06\/LOGO-512.jpg","contentUrl":"https:\/\/noticiasmercedinas.com\/site\/wp-content\/uploads\/2020\/06\/LOGO-512.jpg","width":512,"height":512,"caption":"NOTICIASMERCEDINAS.COM"},"image":{"@id":"https:\/\/noticiasmercedinas.com\/site\/#\/schema\/logo\/image\/"},"sameAs":["https:\/\/www.facebook.com\/noticiasmercedinas\/","https:\/\/x.com\/notmercedinas","https:\/\/www.instagram.com\/noticiasmercedinas\/"]},{"@type":"Person","@id":"https:\/\/noticiasmercedinas.com\/site\/#\/schema\/person\/84b59c099c28ff2e8b77d4ceec5d8063","name":"NOTICIASMERCEDINAS.COM","image":{"@type":"ImageObject","inLanguage":"es","@id":"https:\/\/secure.gravatar.com\/avatar\/4dfbf16b4d17945bfb6341b2d19043457132fcf478a5ee04f42e959fd8f5df0a?s=96&d=mm&r=g","url":"https:\/\/secure.gravatar.com\/avatar\/4dfbf16b4d17945bfb6341b2d19043457132fcf478a5ee04f42e959fd8f5df0a?s=96&d=mm&r=g","contentUrl":"https:\/\/secure.gravatar.com\/avatar\/4dfbf16b4d17945bfb6341b2d19043457132fcf478a5ee04f42e959fd8f5df0a?s=96&d=mm&r=g","caption":"NOTICIASMERCEDINAS.COM"},"url":"https:\/\/noticiasmercedinas.com\/site\/author\/anonimo\/"}]}},"amp_enabled":true,"_links":{"self":[{"href":"https:\/\/noticiasmercedinas.com\/site\/wp-json\/wp\/v2\/posts\/100559","targetHints":{"allow":["GET"]}}],"collection":[{"href":"https:\/\/noticiasmercedinas.com\/site\/wp-json\/wp\/v2\/posts"}],"about":[{"href":"https:\/\/noticiasmercedinas.com\/site\/wp-json\/wp\/v2\/types\/post"}],"author":[{"embeddable":true,"href":"https:\/\/noticiasmercedinas.com\/site\/wp-json\/wp\/v2\/users\/16"}],"replies":[{"embeddable":true,"href":"https:\/\/noticiasmercedinas.com\/site\/wp-json\/wp\/v2\/comments?post=100559"}],"version-history":[{"count":1,"href":"https:\/\/noticiasmercedinas.com\/site\/wp-json\/wp\/v2\/posts\/100559\/revisions"}],"predecessor-version":[{"id":100561,"href":"https:\/\/noticiasmercedinas.com\/site\/wp-json\/wp\/v2\/posts\/100559\/revisions\/100561"}],"wp:featuredmedia":[{"embeddable":true,"href":"https:\/\/noticiasmercedinas.com\/site\/wp-json\/wp\/v2\/media\/100560"}],"wp:attachment":[{"href":"https:\/\/noticiasmercedinas.com\/site\/wp-json\/wp\/v2\/media?parent=100559"}],"wp:term":[{"taxonomy":"category","embeddable":true,"href":"https:\/\/noticiasmercedinas.com\/site\/wp-json\/wp\/v2\/categories?post=100559"},{"taxonomy":"post_tag","embeddable":true,"href":"https:\/\/noticiasmercedinas.com\/site\/wp-json\/wp\/v2\/tags?post=100559"}],"curies":[{"name":"wp","href":"https:\/\/api.w.org\/{rel}","templated":true}]}}