{"id":100586,"date":"2022-09-27T17:11:24","date_gmt":"2022-09-27T20:11:24","guid":{"rendered":"https:\/\/noticiasmercedinas.com\/site\/?p=100586"},"modified":"2022-09-27T17:11:24","modified_gmt":"2022-09-27T20:11:24","slug":"sigma-a-tres-anos-del-mayor-desastre-ambiental-vecinos-de-la-verde-piden-justicia","status":"publish","type":"post","link":"https:\/\/noticiasmercedinas.com\/site\/2022\/09\/27\/sigma-a-tres-anos-del-mayor-desastre-ambiental-vecinos-de-la-verde-piden-justicia\/","title":{"rendered":"Sigma: a tres a\u00f1os del mayor desastre ambiental vecinos de La Verde piden justicia"},"content":{"rendered":"<p><img loading=\"lazy\" decoding=\"async\" class=\"alignnone size-full wp-image-30730\" src=\"https:\/\/noticiasmercedinas.com\/site\/wp-content\/uploads\/2019\/10\/sigma_fuego.png\" alt=\"\" width=\"640\" height=\"406\" srcset=\"https:\/\/noticiasmercedinas.com\/site\/wp-content\/uploads\/2019\/10\/sigma_fuego.png 640w, https:\/\/noticiasmercedinas.com\/site\/wp-content\/uploads\/2019\/10\/sigma_fuego-300x190.png 300w\" sizes=\"auto, (max-width: 640px) 100vw, 640px\" \/><\/p>\n<p>A tras a\u00f1os de uno de los mayores desastres ambientales de que se tenga memoria en el Partido de Mercedes los vecinos de la localidad de La Verde, donde la f\u00e1brica de agroqu\u00edmicos explot\u00f3 una ma\u00f1ana de primavera de 2019, siguen exigiendo justicia.<\/p>\n<p>\u00abA tres a\u00f1os del desastre socioambiental, seguimos pidiendo lo mismo que el primer d\u00eda\u00bb, dijeron.<\/p>\n<p>Y plantearon la necesidad de una \u00aburgente categorizaci\u00f3n y remediaci\u00f3n de la contaminaci\u00f3n existente y confirmada, en un hito hist\u00f3rico, por la mism\u00edsima OPDS (actualmente parte del Ministerio de ambiente de la provincia de Buenos Aires)\u00bb.<\/p>\n<p>En este sentido recordaron el grave \u00abderrame de agrot\u00f3xicos terminados y materia prima de 1 mill\u00f3n de kg\/litros\u00bb, seg\u00fan vecinos, pero \u00abdicho esto por la mism\u00edsima empresa Sigma Agro S.A en sede judicial\u00bb, tal cual apuntaron.<\/p>\n<p>\u00abAsimismo y con igual firmeza\u00bb pidieron \u00abel esclarecimiento de la muerte del Se\u00f1or Ponce\u00bb, que falleci\u00f3 en el lugar.<\/p>\n<p>\u00abEstamos frente al mayor derrame de agrot\u00f3xicos terminados y materia prima registrado en la historia de la Argentina. La, ahora, ex OPDS multa en dos oportunidades a Sigma Agro S.A por no categor\u00edzar y remediar la contaminaci\u00f3n existente y confirmada por \u00e9ste organismo\u00bb, dijeron los vecinos.<\/p>\n<p>\u00abSinceramente debemos confirmar que a tres a\u00f1os del desastre sociambiental est\u00e1 todo dicho. No m\u00e1s inacci\u00f3n de la justicia, ahora es su hora, los vecinos ya hicimos todo. Frente a est\u00e1 realidad, como siempre hemos hecho al saber lo que dec\u00edamos, exigimos que se remedie urgentemente la contaminaci\u00f3n existente y que los culpables paguen.<br \/>\nPor favor, justicia\u00bb, concluyeron.<\/p>\n<p><img loading=\"lazy\" decoding=\"async\" class=\"alignnone size-full wp-image-29919\" src=\"https:\/\/noticiasmercedinas.com\/site\/wp-content\/uploads\/2019\/10\/sigma_bidones.jpg\" alt=\"\" width=\"640\" height=\"480\" srcset=\"https:\/\/noticiasmercedinas.com\/site\/wp-content\/uploads\/2019\/10\/sigma_bidones.jpg 640w, https:\/\/noticiasmercedinas.com\/site\/wp-content\/uploads\/2019\/10\/sigma_bidones-300x225.jpg 300w, https:\/\/noticiasmercedinas.com\/site\/wp-content\/uploads\/2019\/10\/sigma_bidones-80x60.jpg 80w, https:\/\/noticiasmercedinas.com\/site\/wp-content\/uploads\/2019\/10\/sigma_bidones-160x120.jpg 160w, https:\/\/noticiasmercedinas.com\/site\/wp-content\/uploads\/2019\/10\/sigma_bidones-100x75.jpg 100w, https:\/\/noticiasmercedinas.com\/site\/wp-content\/uploads\/2019\/10\/sigma_bidones-200x150.jpg 200w, https:\/\/noticiasmercedinas.com\/site\/wp-content\/uploads\/2019\/10\/sigma_bidones-180x135.jpg 180w, https:\/\/noticiasmercedinas.com\/site\/wp-content\/uploads\/2019\/10\/sigma_bidones-360x270.jpg 360w, https:\/\/noticiasmercedinas.com\/site\/wp-content\/uploads\/2019\/10\/sigma_bidones-238x178.jpg 238w, https:\/\/noticiasmercedinas.com\/site\/wp-content\/uploads\/2019\/10\/sigma_bidones-476x356.jpg 476w\" sizes=\"auto, (max-width: 640px) 100vw, 640px\" \/><\/p>\n<p><img loading=\"lazy\" decoding=\"async\" class=\"alignnone size-full wp-image-75292\" src=\"https:\/\/noticiasmercedinas.com\/site\/wp-content\/uploads\/2021\/09\/sigma2.jpg\" alt=\"\" width=\"903\" height=\"489\" srcset=\"https:\/\/noticiasmercedinas.com\/site\/wp-content\/uploads\/2021\/09\/sigma2.jpg 903w, https:\/\/noticiasmercedinas.com\/site\/wp-content\/uploads\/2021\/09\/sigma2-300x162.jpg 300w, https:\/\/noticiasmercedinas.com\/site\/wp-content\/uploads\/2021\/09\/sigma2-768x416.jpg 768w, https:\/\/noticiasmercedinas.com\/site\/wp-content\/uploads\/2021\/09\/sigma2-640x347.jpg 640w, https:\/\/noticiasmercedinas.com\/site\/wp-content\/uploads\/2021\/09\/sigma2-681x369.jpg 681w\" sizes=\"auto, (max-width: 903px) 100vw, 903px\" \/><\/p>\n","protected":false},"excerpt":{"rendered":"<p>\u25a0 \u00abA tres a\u00f1os del desastre socioambiental, seguimos pidiendo lo mismo que el primer d\u00eda\u00bb, dijeron. \u00abNo m\u00e1s inacci\u00f3n de la justicia, ahora es su hora, los vecinos ya hicimos todo\u00bb, agregaron<\/p>\n","protected":false},"author":16,"featured_media":30730,"comment_status":"open","ping_status":"open","sticky":false,"template":"","format":"standard","meta":{"footnotes":""},"categories":[5754],"tags":[3514,4944,1746,6258,6638,6663],"class_list":["post-100586","post","type-post","status-publish","format-standard","has-post-thumbnail","hentry","category-medio-ambiente","tag-agrotoxicos","tag-contaminacion","tag-incendio","tag-la-verde","tag-sigma","tag-sigma-agro"],"yoast_head":"<!-- This site is optimized with the Yoast SEO plugin v27.4 - https:\/\/yoast.com\/product\/yoast-seo-wordpress\/ -->\n<title>Sigma: a tres a\u00f1os del mayor desastre ambiental vecinos de La Verde piden justicia<\/title>\n<meta name=\"robots\" content=\"index, follow, max-snippet:-1, max-image-preview:large, max-video-preview:-1\" \/>\n<link rel=\"canonical\" href=\"https:\/\/noticiasmercedinas.com\/site\/2022\/09\/27\/sigma-a-tres-anos-del-mayor-desastre-ambiental-vecinos-de-la-verde-piden-justicia\/\" \/>\n<meta property=\"og:locale\" content=\"es_ES\" \/>\n<meta property=\"og:type\" content=\"article\" \/>\n<meta property=\"og:title\" content=\"Sigma: a tres a\u00f1os del mayor desastre ambiental vecinos de La Verde piden justicia\" \/>\n<meta property=\"og:description\" content=\"\u25a0 &quot;A tres a\u00f1os del desastre socioambiental, seguimos pidiendo lo mismo que el primer d\u00eda&quot;, dijeron. &quot;No m\u00e1s inacci\u00f3n de la justicia, ahora es su hora, los vecinos ya hicimos todo&quot;, agregaron\" \/>\n<meta property=\"og:url\" content=\"https:\/\/noticiasmercedinas.com\/site\/2022\/09\/27\/sigma-a-tres-anos-del-mayor-desastre-ambiental-vecinos-de-la-verde-piden-justicia\/\" \/>\n<meta property=\"og:site_name\" content=\"NOTICIASMERCEDINAS.COM\" \/>\n<meta property=\"article:publisher\" content=\"https:\/\/www.facebook.com\/noticiasmercedinas\/\" \/>\n<meta property=\"article:published_time\" content=\"2022-09-27T20:11:24+00:00\" \/>\n<meta property=\"og:image\" content=\"https:\/\/noticiasmercedinas.com\/site\/wp-content\/uploads\/2019\/10\/sigma_fuego.png\" \/>\n\t<meta property=\"og:image:width\" content=\"640\" \/>\n\t<meta property=\"og:image:height\" content=\"406\" \/>\n\t<meta property=\"og:image:type\" content=\"image\/png\" \/>\n<meta name=\"author\" content=\"NOTICIASMERCEDINAS.COM\" \/>\n<meta name=\"twitter:card\" content=\"summary_large_image\" \/>\n<meta name=\"twitter:creator\" content=\"@notmercedinas\" \/>\n<meta name=\"twitter:site\" content=\"@notmercedinas\" \/>\n<meta name=\"twitter:label1\" content=\"Escrito por\" \/>\n\t<meta name=\"twitter:data1\" content=\"NOTICIASMERCEDINAS.COM\" \/>\n\t<meta name=\"twitter:label2\" content=\"Tiempo de lectura\" \/>\n\t<meta name=\"twitter:data2\" content=\"2 minutos\" \/>\n<script type=\"application\/ld+json\" class=\"yoast-schema-graph\">{\"@context\":\"https:\\\/\\\/schema.org\",\"@graph\":[{\"@type\":\"Article\",\"@id\":\"https:\\\/\\\/noticiasmercedinas.com\\\/site\\\/2022\\\/09\\\/27\\\/sigma-a-tres-anos-del-mayor-desastre-ambiental-vecinos-de-la-verde-piden-justicia\\\/#article\",\"isPartOf\":{\"@id\":\"https:\\\/\\\/noticiasmercedinas.com\\\/site\\\/2022\\\/09\\\/27\\\/sigma-a-tres-anos-del-mayor-desastre-ambiental-vecinos-de-la-verde-piden-justicia\\\/\"},\"author\":{\"name\":\"NOTICIASMERCEDINAS.COM\",\"@id\":\"https:\\\/\\\/noticiasmercedinas.com\\\/site\\\/#\\\/schema\\\/person\\\/84b59c099c28ff2e8b77d4ceec5d8063\"},\"headline\":\"Sigma: a tres a\u00f1os del mayor desastre ambiental vecinos de La Verde piden justicia\",\"datePublished\":\"2022-09-27T20:11:24+00:00\",\"mainEntityOfPage\":{\"@id\":\"https:\\\/\\\/noticiasmercedinas.com\\\/site\\\/2022\\\/09\\\/27\\\/sigma-a-tres-anos-del-mayor-desastre-ambiental-vecinos-de-la-verde-piden-justicia\\\/\"},\"wordCount\":293,\"commentCount\":0,\"publisher\":{\"@id\":\"https:\\\/\\\/noticiasmercedinas.com\\\/site\\\/#organization\"},\"image\":{\"@id\":\"https:\\\/\\\/noticiasmercedinas.com\\\/site\\\/2022\\\/09\\\/27\\\/sigma-a-tres-anos-del-mayor-desastre-ambiental-vecinos-de-la-verde-piden-justicia\\\/#primaryimage\"},\"thumbnailUrl\":\"https:\\\/\\\/noticiasmercedinas.com\\\/site\\\/wp-content\\\/uploads\\\/2019\\\/10\\\/sigma_fuego.png\",\"keywords\":[\"Agrot\u00f3xicos\",\"contaminacion\",\"incendio\",\"la verde\",\"sigma\",\"Sigma agro\"],\"articleSection\":[\"Ambiente\"],\"inLanguage\":\"es\",\"potentialAction\":[{\"@type\":\"CommentAction\",\"name\":\"Comment\",\"target\":[\"https:\\\/\\\/noticiasmercedinas.com\\\/site\\\/2022\\\/09\\\/27\\\/sigma-a-tres-anos-del-mayor-desastre-ambiental-vecinos-de-la-verde-piden-justicia\\\/#respond\"]}]},{\"@type\":\"WebPage\",\"@id\":\"https:\\\/\\\/noticiasmercedinas.com\\\/site\\\/2022\\\/09\\\/27\\\/sigma-a-tres-anos-del-mayor-desastre-ambiental-vecinos-de-la-verde-piden-justicia\\\/\",\"url\":\"https:\\\/\\\/noticiasmercedinas.com\\\/site\\\/2022\\\/09\\\/27\\\/sigma-a-tres-anos-del-mayor-desastre-ambiental-vecinos-de-la-verde-piden-justicia\\\/\",\"name\":\"Sigma: a tres a\u00f1os del mayor desastre ambiental vecinos de La Verde piden justicia\",\"isPartOf\":{\"@id\":\"https:\\\/\\\/noticiasmercedinas.com\\\/site\\\/#website\"},\"primaryImageOfPage\":{\"@id\":\"https:\\\/\\\/noticiasmercedinas.com\\\/site\\\/2022\\\/09\\\/27\\\/sigma-a-tres-anos-del-mayor-desastre-ambiental-vecinos-de-la-verde-piden-justicia\\\/#primaryimage\"},\"image\":{\"@id\":\"https:\\\/\\\/noticiasmercedinas.com\\\/site\\\/2022\\\/09\\\/27\\\/sigma-a-tres-anos-del-mayor-desastre-ambiental-vecinos-de-la-verde-piden-justicia\\\/#primaryimage\"},\"thumbnailUrl\":\"https:\\\/\\\/noticiasmercedinas.com\\\/site\\\/wp-content\\\/uploads\\\/2019\\\/10\\\/sigma_fuego.png\",\"datePublished\":\"2022-09-27T20:11:24+00:00\",\"breadcrumb\":{\"@id\":\"https:\\\/\\\/noticiasmercedinas.com\\\/site\\\/2022\\\/09\\\/27\\\/sigma-a-tres-anos-del-mayor-desastre-ambiental-vecinos-de-la-verde-piden-justicia\\\/#breadcrumb\"},\"inLanguage\":\"es\",\"potentialAction\":[{\"@type\":\"ReadAction\",\"target\":[\"https:\\\/\\\/noticiasmercedinas.com\\\/site\\\/2022\\\/09\\\/27\\\/sigma-a-tres-anos-del-mayor-desastre-ambiental-vecinos-de-la-verde-piden-justicia\\\/\"]}]},{\"@type\":\"ImageObject\",\"inLanguage\":\"es\",\"@id\":\"https:\\\/\\\/noticiasmercedinas.com\\\/site\\\/2022\\\/09\\\/27\\\/sigma-a-tres-anos-del-mayor-desastre-ambiental-vecinos-de-la-verde-piden-justicia\\\/#primaryimage\",\"url\":\"https:\\\/\\\/noticiasmercedinas.com\\\/site\\\/wp-content\\\/uploads\\\/2019\\\/10\\\/sigma_fuego.png\",\"contentUrl\":\"https:\\\/\\\/noticiasmercedinas.com\\\/site\\\/wp-content\\\/uploads\\\/2019\\\/10\\\/sigma_fuego.png\",\"width\":640,\"height\":406},{\"@type\":\"BreadcrumbList\",\"@id\":\"https:\\\/\\\/noticiasmercedinas.com\\\/site\\\/2022\\\/09\\\/27\\\/sigma-a-tres-anos-del-mayor-desastre-ambiental-vecinos-de-la-verde-piden-justicia\\\/#breadcrumb\",\"itemListElement\":[{\"@type\":\"ListItem\",\"position\":1,\"name\":\"Portada\",\"item\":\"https:\\\/\\\/noticiasmercedinas.com\\\/site\\\/\"},{\"@type\":\"ListItem\",\"position\":2,\"name\":\"Sigma: a tres a\u00f1os del mayor desastre ambiental vecinos de La Verde piden justicia\"}]},{\"@type\":\"WebSite\",\"@id\":\"https:\\\/\\\/noticiasmercedinas.com\\\/site\\\/#website\",\"url\":\"https:\\\/\\\/noticiasmercedinas.com\\\/site\\\/\",\"name\":\"NOTICIASMERCEDINAS.COM\",\"description\":\"Mercedes, Buenos Aires, Argentina\",\"publisher\":{\"@id\":\"https:\\\/\\\/noticiasmercedinas.com\\\/site\\\/#organization\"},\"potentialAction\":[{\"@type\":\"SearchAction\",\"target\":{\"@type\":\"EntryPoint\",\"urlTemplate\":\"https:\\\/\\\/noticiasmercedinas.com\\\/site\\\/?s={search_term_string}\"},\"query-input\":{\"@type\":\"PropertyValueSpecification\",\"valueRequired\":true,\"valueName\":\"search_term_string\"}}],\"inLanguage\":\"es\"},{\"@type\":\"Organization\",\"@id\":\"https:\\\/\\\/noticiasmercedinas.com\\\/site\\\/#organization\",\"name\":\"NOTICIASMERCEDINAS.COM\",\"url\":\"https:\\\/\\\/noticiasmercedinas.com\\\/site\\\/\",\"logo\":{\"@type\":\"ImageObject\",\"inLanguage\":\"es\",\"@id\":\"https:\\\/\\\/noticiasmercedinas.com\\\/site\\\/#\\\/schema\\\/logo\\\/image\\\/\",\"url\":\"https:\\\/\\\/noticiasmercedinas.com\\\/site\\\/wp-content\\\/uploads\\\/2020\\\/06\\\/LOGO-512.jpg\",\"contentUrl\":\"https:\\\/\\\/noticiasmercedinas.com\\\/site\\\/wp-content\\\/uploads\\\/2020\\\/06\\\/LOGO-512.jpg\",\"width\":512,\"height\":512,\"caption\":\"NOTICIASMERCEDINAS.COM\"},\"image\":{\"@id\":\"https:\\\/\\\/noticiasmercedinas.com\\\/site\\\/#\\\/schema\\\/logo\\\/image\\\/\"},\"sameAs\":[\"https:\\\/\\\/www.facebook.com\\\/noticiasmercedinas\\\/\",\"https:\\\/\\\/x.com\\\/notmercedinas\",\"https:\\\/\\\/www.instagram.com\\\/noticiasmercedinas\\\/\"]},{\"@type\":\"Person\",\"@id\":\"https:\\\/\\\/noticiasmercedinas.com\\\/site\\\/#\\\/schema\\\/person\\\/84b59c099c28ff2e8b77d4ceec5d8063\",\"name\":\"NOTICIASMERCEDINAS.COM\",\"image\":{\"@type\":\"ImageObject\",\"inLanguage\":\"es\",\"@id\":\"https:\\\/\\\/secure.gravatar.com\\\/avatar\\\/4dfbf16b4d17945bfb6341b2d19043457132fcf478a5ee04f42e959fd8f5df0a?s=96&d=mm&r=g\",\"url\":\"https:\\\/\\\/secure.gravatar.com\\\/avatar\\\/4dfbf16b4d17945bfb6341b2d19043457132fcf478a5ee04f42e959fd8f5df0a?s=96&d=mm&r=g\",\"contentUrl\":\"https:\\\/\\\/secure.gravatar.com\\\/avatar\\\/4dfbf16b4d17945bfb6341b2d19043457132fcf478a5ee04f42e959fd8f5df0a?s=96&d=mm&r=g\",\"caption\":\"NOTICIASMERCEDINAS.COM\"},\"url\":\"https:\\\/\\\/noticiasmercedinas.com\\\/site\\\/author\\\/anonimo\\\/\"}]}<\/script>\n<!-- \/ Yoast SEO plugin. -->","yoast_head_json":{"title":"Sigma: a tres a\u00f1os del mayor desastre ambiental vecinos de La Verde piden justicia","robots":{"index":"index","follow":"follow","max-snippet":"max-snippet:-1","max-image-preview":"max-image-preview:large","max-video-preview":"max-video-preview:-1"},"canonical":"https:\/\/noticiasmercedinas.com\/site\/2022\/09\/27\/sigma-a-tres-anos-del-mayor-desastre-ambiental-vecinos-de-la-verde-piden-justicia\/","og_locale":"es_ES","og_type":"article","og_title":"Sigma: a tres a\u00f1os del mayor desastre ambiental vecinos de La Verde piden justicia","og_description":"\u25a0 \"A tres a\u00f1os del desastre socioambiental, seguimos pidiendo lo mismo que el primer d\u00eda\", dijeron. \"No m\u00e1s inacci\u00f3n de la justicia, ahora es su hora, los vecinos ya hicimos todo\", agregaron","og_url":"https:\/\/noticiasmercedinas.com\/site\/2022\/09\/27\/sigma-a-tres-anos-del-mayor-desastre-ambiental-vecinos-de-la-verde-piden-justicia\/","og_site_name":"NOTICIASMERCEDINAS.COM","article_publisher":"https:\/\/www.facebook.com\/noticiasmercedinas\/","article_published_time":"2022-09-27T20:11:24+00:00","og_image":[{"width":640,"height":406,"url":"https:\/\/noticiasmercedinas.com\/site\/wp-content\/uploads\/2019\/10\/sigma_fuego.png","type":"image\/png"}],"author":"NOTICIASMERCEDINAS.COM","twitter_card":"summary_large_image","twitter_creator":"@notmercedinas","twitter_site":"@notmercedinas","twitter_misc":{"Escrito por":"NOTICIASMERCEDINAS.COM","Tiempo de lectura":"2 minutos"},"schema":{"@context":"https:\/\/schema.org","@graph":[{"@type":"Article","@id":"https:\/\/noticiasmercedinas.com\/site\/2022\/09\/27\/sigma-a-tres-anos-del-mayor-desastre-ambiental-vecinos-de-la-verde-piden-justicia\/#article","isPartOf":{"@id":"https:\/\/noticiasmercedinas.com\/site\/2022\/09\/27\/sigma-a-tres-anos-del-mayor-desastre-ambiental-vecinos-de-la-verde-piden-justicia\/"},"author":{"name":"NOTICIASMERCEDINAS.COM","@id":"https:\/\/noticiasmercedinas.com\/site\/#\/schema\/person\/84b59c099c28ff2e8b77d4ceec5d8063"},"headline":"Sigma: a tres a\u00f1os del mayor desastre ambiental vecinos de La Verde piden justicia","datePublished":"2022-09-27T20:11:24+00:00","mainEntityOfPage":{"@id":"https:\/\/noticiasmercedinas.com\/site\/2022\/09\/27\/sigma-a-tres-anos-del-mayor-desastre-ambiental-vecinos-de-la-verde-piden-justicia\/"},"wordCount":293,"commentCount":0,"publisher":{"@id":"https:\/\/noticiasmercedinas.com\/site\/#organization"},"image":{"@id":"https:\/\/noticiasmercedinas.com\/site\/2022\/09\/27\/sigma-a-tres-anos-del-mayor-desastre-ambiental-vecinos-de-la-verde-piden-justicia\/#primaryimage"},"thumbnailUrl":"https:\/\/noticiasmercedinas.com\/site\/wp-content\/uploads\/2019\/10\/sigma_fuego.png","keywords":["Agrot\u00f3xicos","contaminacion","incendio","la verde","sigma","Sigma agro"],"articleSection":["Ambiente"],"inLanguage":"es","potentialAction":[{"@type":"CommentAction","name":"Comment","target":["https:\/\/noticiasmercedinas.com\/site\/2022\/09\/27\/sigma-a-tres-anos-del-mayor-desastre-ambiental-vecinos-de-la-verde-piden-justicia\/#respond"]}]},{"@type":"WebPage","@id":"https:\/\/noticiasmercedinas.com\/site\/2022\/09\/27\/sigma-a-tres-anos-del-mayor-desastre-ambiental-vecinos-de-la-verde-piden-justicia\/","url":"https:\/\/noticiasmercedinas.com\/site\/2022\/09\/27\/sigma-a-tres-anos-del-mayor-desastre-ambiental-vecinos-de-la-verde-piden-justicia\/","name":"Sigma: a tres a\u00f1os del mayor desastre ambiental vecinos de La Verde piden justicia","isPartOf":{"@id":"https:\/\/noticiasmercedinas.com\/site\/#website"},"primaryImageOfPage":{"@id":"https:\/\/noticiasmercedinas.com\/site\/2022\/09\/27\/sigma-a-tres-anos-del-mayor-desastre-ambiental-vecinos-de-la-verde-piden-justicia\/#primaryimage"},"image":{"@id":"https:\/\/noticiasmercedinas.com\/site\/2022\/09\/27\/sigma-a-tres-anos-del-mayor-desastre-ambiental-vecinos-de-la-verde-piden-justicia\/#primaryimage"},"thumbnailUrl":"https:\/\/noticiasmercedinas.com\/site\/wp-content\/uploads\/2019\/10\/sigma_fuego.png","datePublished":"2022-09-27T20:11:24+00:00","breadcrumb":{"@id":"https:\/\/noticiasmercedinas.com\/site\/2022\/09\/27\/sigma-a-tres-anos-del-mayor-desastre-ambiental-vecinos-de-la-verde-piden-justicia\/#breadcrumb"},"inLanguage":"es","potentialAction":[{"@type":"ReadAction","target":["https:\/\/noticiasmercedinas.com\/site\/2022\/09\/27\/sigma-a-tres-anos-del-mayor-desastre-ambiental-vecinos-de-la-verde-piden-justicia\/"]}]},{"@type":"ImageObject","inLanguage":"es","@id":"https:\/\/noticiasmercedinas.com\/site\/2022\/09\/27\/sigma-a-tres-anos-del-mayor-desastre-ambiental-vecinos-de-la-verde-piden-justicia\/#primaryimage","url":"https:\/\/noticiasmercedinas.com\/site\/wp-content\/uploads\/2019\/10\/sigma_fuego.png","contentUrl":"https:\/\/noticiasmercedinas.com\/site\/wp-content\/uploads\/2019\/10\/sigma_fuego.png","width":640,"height":406},{"@type":"BreadcrumbList","@id":"https:\/\/noticiasmercedinas.com\/site\/2022\/09\/27\/sigma-a-tres-anos-del-mayor-desastre-ambiental-vecinos-de-la-verde-piden-justicia\/#breadcrumb","itemListElement":[{"@type":"ListItem","position":1,"name":"Portada","item":"https:\/\/noticiasmercedinas.com\/site\/"},{"@type":"ListItem","position":2,"name":"Sigma: a tres a\u00f1os del mayor desastre ambiental vecinos de La Verde piden justicia"}]},{"@type":"WebSite","@id":"https:\/\/noticiasmercedinas.com\/site\/#website","url":"https:\/\/noticiasmercedinas.com\/site\/","name":"NOTICIASMERCEDINAS.COM","description":"Mercedes, Buenos Aires, Argentina","publisher":{"@id":"https:\/\/noticiasmercedinas.com\/site\/#organization"},"potentialAction":[{"@type":"SearchAction","target":{"@type":"EntryPoint","urlTemplate":"https:\/\/noticiasmercedinas.com\/site\/?s={search_term_string}"},"query-input":{"@type":"PropertyValueSpecification","valueRequired":true,"valueName":"search_term_string"}}],"inLanguage":"es"},{"@type":"Organization","@id":"https:\/\/noticiasmercedinas.com\/site\/#organization","name":"NOTICIASMERCEDINAS.COM","url":"https:\/\/noticiasmercedinas.com\/site\/","logo":{"@type":"ImageObject","inLanguage":"es","@id":"https:\/\/noticiasmercedinas.com\/site\/#\/schema\/logo\/image\/","url":"https:\/\/noticiasmercedinas.com\/site\/wp-content\/uploads\/2020\/06\/LOGO-512.jpg","contentUrl":"https:\/\/noticiasmercedinas.com\/site\/wp-content\/uploads\/2020\/06\/LOGO-512.jpg","width":512,"height":512,"caption":"NOTICIASMERCEDINAS.COM"},"image":{"@id":"https:\/\/noticiasmercedinas.com\/site\/#\/schema\/logo\/image\/"},"sameAs":["https:\/\/www.facebook.com\/noticiasmercedinas\/","https:\/\/x.com\/notmercedinas","https:\/\/www.instagram.com\/noticiasmercedinas\/"]},{"@type":"Person","@id":"https:\/\/noticiasmercedinas.com\/site\/#\/schema\/person\/84b59c099c28ff2e8b77d4ceec5d8063","name":"NOTICIASMERCEDINAS.COM","image":{"@type":"ImageObject","inLanguage":"es","@id":"https:\/\/secure.gravatar.com\/avatar\/4dfbf16b4d17945bfb6341b2d19043457132fcf478a5ee04f42e959fd8f5df0a?s=96&d=mm&r=g","url":"https:\/\/secure.gravatar.com\/avatar\/4dfbf16b4d17945bfb6341b2d19043457132fcf478a5ee04f42e959fd8f5df0a?s=96&d=mm&r=g","contentUrl":"https:\/\/secure.gravatar.com\/avatar\/4dfbf16b4d17945bfb6341b2d19043457132fcf478a5ee04f42e959fd8f5df0a?s=96&d=mm&r=g","caption":"NOTICIASMERCEDINAS.COM"},"url":"https:\/\/noticiasmercedinas.com\/site\/author\/anonimo\/"}]}},"amp_enabled":true,"_links":{"self":[{"href":"https:\/\/noticiasmercedinas.com\/site\/wp-json\/wp\/v2\/posts\/100586","targetHints":{"allow":["GET"]}}],"collection":[{"href":"https:\/\/noticiasmercedinas.com\/site\/wp-json\/wp\/v2\/posts"}],"about":[{"href":"https:\/\/noticiasmercedinas.com\/site\/wp-json\/wp\/v2\/types\/post"}],"author":[{"embeddable":true,"href":"https:\/\/noticiasmercedinas.com\/site\/wp-json\/wp\/v2\/users\/16"}],"replies":[{"embeddable":true,"href":"https:\/\/noticiasmercedinas.com\/site\/wp-json\/wp\/v2\/comments?post=100586"}],"version-history":[{"count":1,"href":"https:\/\/noticiasmercedinas.com\/site\/wp-json\/wp\/v2\/posts\/100586\/revisions"}],"predecessor-version":[{"id":100590,"href":"https:\/\/noticiasmercedinas.com\/site\/wp-json\/wp\/v2\/posts\/100586\/revisions\/100590"}],"wp:featuredmedia":[{"embeddable":true,"href":"https:\/\/noticiasmercedinas.com\/site\/wp-json\/wp\/v2\/media\/30730"}],"wp:attachment":[{"href":"https:\/\/noticiasmercedinas.com\/site\/wp-json\/wp\/v2\/media?parent=100586"}],"wp:term":[{"taxonomy":"category","embeddable":true,"href":"https:\/\/noticiasmercedinas.com\/site\/wp-json\/wp\/v2\/categories?post=100586"},{"taxonomy":"post_tag","embeddable":true,"href":"https:\/\/noticiasmercedinas.com\/site\/wp-json\/wp\/v2\/tags?post=100586"}],"curies":[{"name":"wp","href":"https:\/\/api.w.org\/{rel}","templated":true}]}}