{"id":10066,"date":"2018-12-30T22:45:30","date_gmt":"2018-12-31T01:45:30","guid":{"rendered":"https:\/\/noticiasmercedinas.com\/site\/2018\/12\/30\/carlos-bada-cerro-ciclo-de-llegaron-los-blues\/"},"modified":"2019-04-04T16:40:02","modified_gmt":"2019-04-04T19:40:02","slug":"carlos-bada-cerro-ciclo-de-llegaron-los-blues","status":"publish","type":"post","link":"https:\/\/noticiasmercedinas.com\/site\/2018\/12\/30\/carlos-bada-cerro-ciclo-de-llegaron-los-blues\/","title":{"rendered":"Carlos Bada cerr\u00f3 ciclo de \u00abLlegaron los blues\u00bb"},"content":{"rendered":"<p><img loading=\"lazy\" decoding=\"async\" class=\"alignnone wp-image-10062 size-full\" src=\"https:\/\/noticiasmercedinas.com\/site\/wp-content\/uploads\/2018\/12\/IMG-20181230-WA0023.jpg\" width=\"1280\" height=\"853\" srcset=\"https:\/\/noticiasmercedinas.com\/site\/wp-content\/uploads\/2018\/12\/IMG-20181230-WA0023.jpg 1280w, https:\/\/noticiasmercedinas.com\/site\/wp-content\/uploads\/2018\/12\/IMG-20181230-WA0023-300x200.jpg 300w, https:\/\/noticiasmercedinas.com\/site\/wp-content\/uploads\/2018\/12\/IMG-20181230-WA0023-768x512.jpg 768w, https:\/\/noticiasmercedinas.com\/site\/wp-content\/uploads\/2018\/12\/IMG-20181230-WA0023-1024x682.jpg 1024w, https:\/\/noticiasmercedinas.com\/site\/wp-content\/uploads\/2018\/12\/IMG-20181230-WA0023-640x427.jpg 640w, https:\/\/noticiasmercedinas.com\/site\/wp-content\/uploads\/2018\/12\/IMG-20181230-WA0023-681x454.jpg 681w\" sizes=\"auto, (max-width: 1280px) 100vw, 1280px\" \/><\/p>\n<p>El maestro de country blues Carlos Bada pas\u00f3 por Mercedes.<\/p>\n<p>El \u00faltimo viernes del a\u00f1o estuvo en \u00abLlegaron los blues\u00bb, programa que se emite por FM Santa Mar\u00eda.<\/p>\n<p>Luego del gran apag\u00f3n de luz, \u00abLlegaron los blues\u00bb, de la mano de Carlos Bada, fue todo un programa de cierre de a\u00f1o dedicado a un alumno aplicado m\u00e1s que maestro, seg\u00fan \u00e9l mismo refiere.<\/p>\n<p>Bada hizo un recorrido por su historia en la m\u00fasica y por el country blues, donde habl\u00f3 de Blind Lemon Jefferson, Lightnin Hopkins y Tampa Red, entre otros.<\/p>\n<p>Llegaron los blues agradece los esfuerzos de los directivos de la radio como as\u00ed tambi\u00e9n de la Radio Publica, todo en lo referido al apag\u00f3n de luz.<\/p>\n<p>El programa desea feliz fin de a\u00f1o a todos los m\u00fasicos del blues que llegaron a Mercedes: Daniel Raffo, Gabriel Gratzer, Riqui Mu\u00f1oz, Gustavo Zoni, Ariel Federico, Carlos Bada, y a todos los oyentes, fieles seguidores de esta m\u00fasica maravillosa.<\/p>\n<p>\u00abNos reencontramos el a\u00f1o que viene, en el a\u00f1o de los quinto aniversario de Llegaron los blues\u00bb, indic\u00f3 el doctor Hern\u00e1n Rivero.<\/p>\n<p><img loading=\"lazy\" decoding=\"async\" class=\"wp-image-10063 alignnone size-full\" src=\"https:\/\/noticiasmercedinas.com\/site\/wp-content\/uploads\/2018\/12\/IMG-20181230-WA0024.jpg\" width=\"1280\" height=\"853\" srcset=\"https:\/\/noticiasmercedinas.com\/site\/wp-content\/uploads\/2018\/12\/IMG-20181230-WA0024.jpg 1280w, https:\/\/noticiasmercedinas.com\/site\/wp-content\/uploads\/2018\/12\/IMG-20181230-WA0024-300x200.jpg 300w, https:\/\/noticiasmercedinas.com\/site\/wp-content\/uploads\/2018\/12\/IMG-20181230-WA0024-768x512.jpg 768w, https:\/\/noticiasmercedinas.com\/site\/wp-content\/uploads\/2018\/12\/IMG-20181230-WA0024-1024x682.jpg 1024w, https:\/\/noticiasmercedinas.com\/site\/wp-content\/uploads\/2018\/12\/IMG-20181230-WA0024-640x427.jpg 640w, https:\/\/noticiasmercedinas.com\/site\/wp-content\/uploads\/2018\/12\/IMG-20181230-WA0024-681x454.jpg 681w\" sizes=\"auto, (max-width: 1280px) 100vw, 1280px\" \/><\/p>\n<p><img loading=\"lazy\" decoding=\"async\" class=\"alignnone wp-image-10064 size-full\" src=\"https:\/\/noticiasmercedinas.com\/site\/wp-content\/uploads\/2018\/12\/IMG-20181230-WA0021.jpg\" width=\"1280\" height=\"853\" srcset=\"https:\/\/noticiasmercedinas.com\/site\/wp-content\/uploads\/2018\/12\/IMG-20181230-WA0021.jpg 1280w, https:\/\/noticiasmercedinas.com\/site\/wp-content\/uploads\/2018\/12\/IMG-20181230-WA0021-300x200.jpg 300w, https:\/\/noticiasmercedinas.com\/site\/wp-content\/uploads\/2018\/12\/IMG-20181230-WA0021-768x512.jpg 768w, https:\/\/noticiasmercedinas.com\/site\/wp-content\/uploads\/2018\/12\/IMG-20181230-WA0021-1024x682.jpg 1024w, https:\/\/noticiasmercedinas.com\/site\/wp-content\/uploads\/2018\/12\/IMG-20181230-WA0021-640x427.jpg 640w, https:\/\/noticiasmercedinas.com\/site\/wp-content\/uploads\/2018\/12\/IMG-20181230-WA0021-681x454.jpg 681w\" sizes=\"auto, (max-width: 1280px) 100vw, 1280px\" \/><\/p>\n<p><img loading=\"lazy\" decoding=\"async\" class=\"alignnone wp-image-10065 size-full\" src=\"https:\/\/noticiasmercedinas.com\/site\/wp-content\/uploads\/2018\/12\/IMG-20181230-WA0022.jpg\" width=\"853\" height=\"1280\" srcset=\"https:\/\/noticiasmercedinas.com\/site\/wp-content\/uploads\/2018\/12\/IMG-20181230-WA0022.jpg 853w, https:\/\/noticiasmercedinas.com\/site\/wp-content\/uploads\/2018\/12\/IMG-20181230-WA0022-200x300.jpg 200w, https:\/\/noticiasmercedinas.com\/site\/wp-content\/uploads\/2018\/12\/IMG-20181230-WA0022-768x1152.jpg 768w, https:\/\/noticiasmercedinas.com\/site\/wp-content\/uploads\/2018\/12\/IMG-20181230-WA0022-682x1024.jpg 682w, https:\/\/noticiasmercedinas.com\/site\/wp-content\/uploads\/2018\/12\/IMG-20181230-WA0022-640x960.jpg 640w, https:\/\/noticiasmercedinas.com\/site\/wp-content\/uploads\/2018\/12\/IMG-20181230-WA0022-681x1022.jpg 681w\" sizes=\"auto, (max-width: 853px) 100vw, 853px\" \/><\/p>\n","protected":false},"excerpt":{"rendered":"<p>El maestro de country blues Carlos Bada pas\u00f3 por Mercedes. El \u00faltimo viernes del a\u00f1o estuvo en \u00abLlegaron los blues\u00bb, programa que se emite por FM Santa Mar\u00eda. Luego del gran apag\u00f3n de luz, \u00abLlegaron los blues\u00bb, de la mano de Carlos Bada, fue todo un programa de cierre de a\u00f1o dedicado a un alumno [&hellip;]<\/p>\n","protected":false},"author":2,"featured_media":10062,"comment_status":"open","ping_status":"open","sticky":false,"template":"","format":"standard","meta":{"footnotes":""},"categories":[4210],"tags":[1087,3045,553,1088,2762,88,554],"class_list":["post-10066","post","type-post","status-publish","format-standard","has-post-thumbnail","hentry","category-medios","tag-blues","tag-carlos-bada","tag-fm-santa-maria","tag-gabriel-gratzer","tag-llegaron-los-blues","tag-musica","tag-radio"],"yoast_head":"<!-- This site is optimized with the Yoast SEO plugin v27.4 - https:\/\/yoast.com\/product\/yoast-seo-wordpress\/ -->\n<title>Carlos Bada cerr\u00f3 ciclo de &quot;Llegaron los blues&quot;<\/title>\n<meta name=\"robots\" content=\"index, follow, max-snippet:-1, max-image-preview:large, max-video-preview:-1\" \/>\n<link rel=\"canonical\" href=\"https:\/\/noticiasmercedinas.com\/site\/2018\/12\/30\/carlos-bada-cerro-ciclo-de-llegaron-los-blues\/\" \/>\n<meta property=\"og:locale\" content=\"es_ES\" \/>\n<meta property=\"og:type\" content=\"article\" \/>\n<meta property=\"og:title\" content=\"Carlos Bada cerr\u00f3 ciclo de &quot;Llegaron los blues&quot;\" \/>\n<meta property=\"og:description\" content=\"El maestro de country blues Carlos Bada pas\u00f3 por Mercedes. El \u00faltimo viernes del a\u00f1o estuvo en \u00abLlegaron los blues\u00bb, programa que se emite por FM Santa Mar\u00eda. Luego del gran apag\u00f3n de luz, \u00abLlegaron los blues\u00bb, de la mano de Carlos Bada, fue todo un programa de cierre de a\u00f1o dedicado a un alumno [&hellip;]\" \/>\n<meta property=\"og:url\" content=\"https:\/\/noticiasmercedinas.com\/site\/2018\/12\/30\/carlos-bada-cerro-ciclo-de-llegaron-los-blues\/\" \/>\n<meta property=\"og:site_name\" content=\"NOTICIASMERCEDINAS.COM\" \/>\n<meta property=\"article:publisher\" content=\"https:\/\/www.facebook.com\/noticiasmercedinas\/\" \/>\n<meta property=\"article:author\" content=\"https:\/\/www.facebook.com\/cristian.falabella\" \/>\n<meta property=\"article:published_time\" content=\"2018-12-31T01:45:30+00:00\" \/>\n<meta property=\"article:modified_time\" content=\"2019-04-04T19:40:02+00:00\" \/>\n<meta property=\"og:image\" content=\"https:\/\/noticiasmercedinas.com\/site\/wp-content\/uploads\/2018\/12\/IMG-20181230-WA0023.jpg\" \/>\n\t<meta property=\"og:image:width\" content=\"1280\" \/>\n\t<meta property=\"og:image:height\" content=\"853\" \/>\n\t<meta property=\"og:image:type\" content=\"image\/jpeg\" \/>\n<meta name=\"author\" content=\"Cristian Falabella NOTICIASMERCEDINAS.COM\" \/>\n<meta name=\"twitter:card\" content=\"summary_large_image\" \/>\n<meta name=\"twitter:creator\" content=\"@https:\/\/twitter.com\/NOTMERCEDINAS\" \/>\n<meta name=\"twitter:site\" content=\"@notmercedinas\" \/>\n<meta name=\"twitter:label1\" content=\"Escrito por\" \/>\n\t<meta name=\"twitter:data1\" content=\"Cristian Falabella NOTICIASMERCEDINAS.COM\" \/>\n\t<meta name=\"twitter:label2\" content=\"Tiempo de lectura\" \/>\n\t<meta name=\"twitter:data2\" content=\"1 minuto\" \/>\n<script type=\"application\/ld+json\" class=\"yoast-schema-graph\">{\"@context\":\"https:\\\/\\\/schema.org\",\"@graph\":[{\"@type\":\"Article\",\"@id\":\"https:\\\/\\\/noticiasmercedinas.com\\\/site\\\/2018\\\/12\\\/30\\\/carlos-bada-cerro-ciclo-de-llegaron-los-blues\\\/#article\",\"isPartOf\":{\"@id\":\"https:\\\/\\\/noticiasmercedinas.com\\\/site\\\/2018\\\/12\\\/30\\\/carlos-bada-cerro-ciclo-de-llegaron-los-blues\\\/\"},\"author\":{\"name\":\"Cristian Falabella NOTICIASMERCEDINAS.COM\",\"@id\":\"https:\\\/\\\/noticiasmercedinas.com\\\/site\\\/#\\\/schema\\\/person\\\/d481a9696a5feaec13a60e2bbd991a6a\"},\"headline\":\"Carlos Bada cerr\u00f3 ciclo de \u00abLlegaron los blues\u00bb\",\"datePublished\":\"2018-12-31T01:45:30+00:00\",\"dateModified\":\"2019-04-04T19:40:02+00:00\",\"mainEntityOfPage\":{\"@id\":\"https:\\\/\\\/noticiasmercedinas.com\\\/site\\\/2018\\\/12\\\/30\\\/carlos-bada-cerro-ciclo-de-llegaron-los-blues\\\/\"},\"wordCount\":204,\"commentCount\":0,\"publisher\":{\"@id\":\"https:\\\/\\\/noticiasmercedinas.com\\\/site\\\/#organization\"},\"image\":{\"@id\":\"https:\\\/\\\/noticiasmercedinas.com\\\/site\\\/2018\\\/12\\\/30\\\/carlos-bada-cerro-ciclo-de-llegaron-los-blues\\\/#primaryimage\"},\"thumbnailUrl\":\"https:\\\/\\\/noticiasmercedinas.com\\\/site\\\/wp-content\\\/uploads\\\/2018\\\/12\\\/IMG-20181230-WA0023.jpg\",\"keywords\":[\"blues\",\"carlos bada\",\"fm santa maria\",\"Gabriel Gratzer\",\"llegaron los blues\",\"musica\",\"radio\"],\"articleSection\":[\"Medios\"],\"inLanguage\":\"es\",\"potentialAction\":[{\"@type\":\"CommentAction\",\"name\":\"Comment\",\"target\":[\"https:\\\/\\\/noticiasmercedinas.com\\\/site\\\/2018\\\/12\\\/30\\\/carlos-bada-cerro-ciclo-de-llegaron-los-blues\\\/#respond\"]}]},{\"@type\":\"WebPage\",\"@id\":\"https:\\\/\\\/noticiasmercedinas.com\\\/site\\\/2018\\\/12\\\/30\\\/carlos-bada-cerro-ciclo-de-llegaron-los-blues\\\/\",\"url\":\"https:\\\/\\\/noticiasmercedinas.com\\\/site\\\/2018\\\/12\\\/30\\\/carlos-bada-cerro-ciclo-de-llegaron-los-blues\\\/\",\"name\":\"Carlos Bada cerr\u00f3 ciclo de \\\"Llegaron los blues\\\"\",\"isPartOf\":{\"@id\":\"https:\\\/\\\/noticiasmercedinas.com\\\/site\\\/#website\"},\"primaryImageOfPage\":{\"@id\":\"https:\\\/\\\/noticiasmercedinas.com\\\/site\\\/2018\\\/12\\\/30\\\/carlos-bada-cerro-ciclo-de-llegaron-los-blues\\\/#primaryimage\"},\"image\":{\"@id\":\"https:\\\/\\\/noticiasmercedinas.com\\\/site\\\/2018\\\/12\\\/30\\\/carlos-bada-cerro-ciclo-de-llegaron-los-blues\\\/#primaryimage\"},\"thumbnailUrl\":\"https:\\\/\\\/noticiasmercedinas.com\\\/site\\\/wp-content\\\/uploads\\\/2018\\\/12\\\/IMG-20181230-WA0023.jpg\",\"datePublished\":\"2018-12-31T01:45:30+00:00\",\"dateModified\":\"2019-04-04T19:40:02+00:00\",\"breadcrumb\":{\"@id\":\"https:\\\/\\\/noticiasmercedinas.com\\\/site\\\/2018\\\/12\\\/30\\\/carlos-bada-cerro-ciclo-de-llegaron-los-blues\\\/#breadcrumb\"},\"inLanguage\":\"es\",\"potentialAction\":[{\"@type\":\"ReadAction\",\"target\":[\"https:\\\/\\\/noticiasmercedinas.com\\\/site\\\/2018\\\/12\\\/30\\\/carlos-bada-cerro-ciclo-de-llegaron-los-blues\\\/\"]}]},{\"@type\":\"ImageObject\",\"inLanguage\":\"es\",\"@id\":\"https:\\\/\\\/noticiasmercedinas.com\\\/site\\\/2018\\\/12\\\/30\\\/carlos-bada-cerro-ciclo-de-llegaron-los-blues\\\/#primaryimage\",\"url\":\"https:\\\/\\\/noticiasmercedinas.com\\\/site\\\/wp-content\\\/uploads\\\/2018\\\/12\\\/IMG-20181230-WA0023.jpg\",\"contentUrl\":\"https:\\\/\\\/noticiasmercedinas.com\\\/site\\\/wp-content\\\/uploads\\\/2018\\\/12\\\/IMG-20181230-WA0023.jpg\",\"width\":1280,\"height\":853},{\"@type\":\"BreadcrumbList\",\"@id\":\"https:\\\/\\\/noticiasmercedinas.com\\\/site\\\/2018\\\/12\\\/30\\\/carlos-bada-cerro-ciclo-de-llegaron-los-blues\\\/#breadcrumb\",\"itemListElement\":[{\"@type\":\"ListItem\",\"position\":1,\"name\":\"Portada\",\"item\":\"https:\\\/\\\/noticiasmercedinas.com\\\/site\\\/\"},{\"@type\":\"ListItem\",\"position\":2,\"name\":\"Carlos Bada cerr\u00f3 ciclo de \u00abLlegaron los blues\u00bb\"}]},{\"@type\":\"WebSite\",\"@id\":\"https:\\\/\\\/noticiasmercedinas.com\\\/site\\\/#website\",\"url\":\"https:\\\/\\\/noticiasmercedinas.com\\\/site\\\/\",\"name\":\"NOTICIASMERCEDINAS.COM\",\"description\":\"Mercedes, Buenos Aires, Argentina\",\"publisher\":{\"@id\":\"https:\\\/\\\/noticiasmercedinas.com\\\/site\\\/#organization\"},\"potentialAction\":[{\"@type\":\"SearchAction\",\"target\":{\"@type\":\"EntryPoint\",\"urlTemplate\":\"https:\\\/\\\/noticiasmercedinas.com\\\/site\\\/?s={search_term_string}\"},\"query-input\":{\"@type\":\"PropertyValueSpecification\",\"valueRequired\":true,\"valueName\":\"search_term_string\"}}],\"inLanguage\":\"es\"},{\"@type\":\"Organization\",\"@id\":\"https:\\\/\\\/noticiasmercedinas.com\\\/site\\\/#organization\",\"name\":\"NOTICIASMERCEDINAS.COM\",\"url\":\"https:\\\/\\\/noticiasmercedinas.com\\\/site\\\/\",\"logo\":{\"@type\":\"ImageObject\",\"inLanguage\":\"es\",\"@id\":\"https:\\\/\\\/noticiasmercedinas.com\\\/site\\\/#\\\/schema\\\/logo\\\/image\\\/\",\"url\":\"https:\\\/\\\/noticiasmercedinas.com\\\/site\\\/wp-content\\\/uploads\\\/2020\\\/06\\\/LOGO-512.jpg\",\"contentUrl\":\"https:\\\/\\\/noticiasmercedinas.com\\\/site\\\/wp-content\\\/uploads\\\/2020\\\/06\\\/LOGO-512.jpg\",\"width\":512,\"height\":512,\"caption\":\"NOTICIASMERCEDINAS.COM\"},\"image\":{\"@id\":\"https:\\\/\\\/noticiasmercedinas.com\\\/site\\\/#\\\/schema\\\/logo\\\/image\\\/\"},\"sameAs\":[\"https:\\\/\\\/www.facebook.com\\\/noticiasmercedinas\\\/\",\"https:\\\/\\\/x.com\\\/notmercedinas\",\"https:\\\/\\\/www.instagram.com\\\/noticiasmercedinas\\\/\"]},{\"@type\":\"Person\",\"@id\":\"https:\\\/\\\/noticiasmercedinas.com\\\/site\\\/#\\\/schema\\\/person\\\/d481a9696a5feaec13a60e2bbd991a6a\",\"name\":\"Cristian Falabella NOTICIASMERCEDINAS.COM\",\"image\":{\"@type\":\"ImageObject\",\"inLanguage\":\"es\",\"@id\":\"https:\\\/\\\/secure.gravatar.com\\\/avatar\\\/0dbbfc45970cc46bcd0e57766228574ff3511d6eed045b182f536f0f478c1f06?s=96&d=mm&r=g\",\"url\":\"https:\\\/\\\/secure.gravatar.com\\\/avatar\\\/0dbbfc45970cc46bcd0e57766228574ff3511d6eed045b182f536f0f478c1f06?s=96&d=mm&r=g\",\"contentUrl\":\"https:\\\/\\\/secure.gravatar.com\\\/avatar\\\/0dbbfc45970cc46bcd0e57766228574ff3511d6eed045b182f536f0f478c1f06?s=96&d=mm&r=g\",\"caption\":\"Cristian Falabella NOTICIASMERCEDINAS.COM\"},\"description\":\"Periodista, editor de Noticias Mercedinas. Pas\u00f3 por varias redacciones y emprendimientos de prensa, en distintos formatos y \u00e9pocas. Se especializ\u00f3 --y sigue haci\u00e9ndolo-- en comunicaci\u00f3n en la web y en junio de 2006 fund\u00f3 este diario digital.\",\"sameAs\":[\"https:\\\/\\\/noticiasmercedinas.com\",\"https:\\\/\\\/www.facebook.com\\\/cristian.falabella\",\"https:\\\/\\\/www.instagram.com\\\/noticiasmercedinas\\\/\",\"https:\\\/\\\/x.com\\\/https:\\\/\\\/twitter.com\\\/NOTMERCEDINAS\"],\"url\":\"https:\\\/\\\/noticiasmercedinas.com\\\/site\\\/author\\\/as000384\\\/\"}]}<\/script>\n<!-- \/ Yoast SEO plugin. -->","yoast_head_json":{"title":"Carlos Bada cerr\u00f3 ciclo de \"Llegaron los blues\"","robots":{"index":"index","follow":"follow","max-snippet":"max-snippet:-1","max-image-preview":"max-image-preview:large","max-video-preview":"max-video-preview:-1"},"canonical":"https:\/\/noticiasmercedinas.com\/site\/2018\/12\/30\/carlos-bada-cerro-ciclo-de-llegaron-los-blues\/","og_locale":"es_ES","og_type":"article","og_title":"Carlos Bada cerr\u00f3 ciclo de \"Llegaron los blues\"","og_description":"El maestro de country blues Carlos Bada pas\u00f3 por Mercedes. El \u00faltimo viernes del a\u00f1o estuvo en \u00abLlegaron los blues\u00bb, programa que se emite por FM Santa Mar\u00eda. Luego del gran apag\u00f3n de luz, \u00abLlegaron los blues\u00bb, de la mano de Carlos Bada, fue todo un programa de cierre de a\u00f1o dedicado a un alumno [&hellip;]","og_url":"https:\/\/noticiasmercedinas.com\/site\/2018\/12\/30\/carlos-bada-cerro-ciclo-de-llegaron-los-blues\/","og_site_name":"NOTICIASMERCEDINAS.COM","article_publisher":"https:\/\/www.facebook.com\/noticiasmercedinas\/","article_author":"https:\/\/www.facebook.com\/cristian.falabella","article_published_time":"2018-12-31T01:45:30+00:00","article_modified_time":"2019-04-04T19:40:02+00:00","og_image":[{"width":1280,"height":853,"url":"https:\/\/noticiasmercedinas.com\/site\/wp-content\/uploads\/2018\/12\/IMG-20181230-WA0023.jpg","type":"image\/jpeg"}],"author":"Cristian Falabella NOTICIASMERCEDINAS.COM","twitter_card":"summary_large_image","twitter_creator":"@https:\/\/twitter.com\/NOTMERCEDINAS","twitter_site":"@notmercedinas","twitter_misc":{"Escrito por":"Cristian Falabella NOTICIASMERCEDINAS.COM","Tiempo de lectura":"1 minuto"},"schema":{"@context":"https:\/\/schema.org","@graph":[{"@type":"Article","@id":"https:\/\/noticiasmercedinas.com\/site\/2018\/12\/30\/carlos-bada-cerro-ciclo-de-llegaron-los-blues\/#article","isPartOf":{"@id":"https:\/\/noticiasmercedinas.com\/site\/2018\/12\/30\/carlos-bada-cerro-ciclo-de-llegaron-los-blues\/"},"author":{"name":"Cristian Falabella NOTICIASMERCEDINAS.COM","@id":"https:\/\/noticiasmercedinas.com\/site\/#\/schema\/person\/d481a9696a5feaec13a60e2bbd991a6a"},"headline":"Carlos Bada cerr\u00f3 ciclo de \u00abLlegaron los blues\u00bb","datePublished":"2018-12-31T01:45:30+00:00","dateModified":"2019-04-04T19:40:02+00:00","mainEntityOfPage":{"@id":"https:\/\/noticiasmercedinas.com\/site\/2018\/12\/30\/carlos-bada-cerro-ciclo-de-llegaron-los-blues\/"},"wordCount":204,"commentCount":0,"publisher":{"@id":"https:\/\/noticiasmercedinas.com\/site\/#organization"},"image":{"@id":"https:\/\/noticiasmercedinas.com\/site\/2018\/12\/30\/carlos-bada-cerro-ciclo-de-llegaron-los-blues\/#primaryimage"},"thumbnailUrl":"https:\/\/noticiasmercedinas.com\/site\/wp-content\/uploads\/2018\/12\/IMG-20181230-WA0023.jpg","keywords":["blues","carlos bada","fm santa maria","Gabriel Gratzer","llegaron los blues","musica","radio"],"articleSection":["Medios"],"inLanguage":"es","potentialAction":[{"@type":"CommentAction","name":"Comment","target":["https:\/\/noticiasmercedinas.com\/site\/2018\/12\/30\/carlos-bada-cerro-ciclo-de-llegaron-los-blues\/#respond"]}]},{"@type":"WebPage","@id":"https:\/\/noticiasmercedinas.com\/site\/2018\/12\/30\/carlos-bada-cerro-ciclo-de-llegaron-los-blues\/","url":"https:\/\/noticiasmercedinas.com\/site\/2018\/12\/30\/carlos-bada-cerro-ciclo-de-llegaron-los-blues\/","name":"Carlos Bada cerr\u00f3 ciclo de \"Llegaron los blues\"","isPartOf":{"@id":"https:\/\/noticiasmercedinas.com\/site\/#website"},"primaryImageOfPage":{"@id":"https:\/\/noticiasmercedinas.com\/site\/2018\/12\/30\/carlos-bada-cerro-ciclo-de-llegaron-los-blues\/#primaryimage"},"image":{"@id":"https:\/\/noticiasmercedinas.com\/site\/2018\/12\/30\/carlos-bada-cerro-ciclo-de-llegaron-los-blues\/#primaryimage"},"thumbnailUrl":"https:\/\/noticiasmercedinas.com\/site\/wp-content\/uploads\/2018\/12\/IMG-20181230-WA0023.jpg","datePublished":"2018-12-31T01:45:30+00:00","dateModified":"2019-04-04T19:40:02+00:00","breadcrumb":{"@id":"https:\/\/noticiasmercedinas.com\/site\/2018\/12\/30\/carlos-bada-cerro-ciclo-de-llegaron-los-blues\/#breadcrumb"},"inLanguage":"es","potentialAction":[{"@type":"ReadAction","target":["https:\/\/noticiasmercedinas.com\/site\/2018\/12\/30\/carlos-bada-cerro-ciclo-de-llegaron-los-blues\/"]}]},{"@type":"ImageObject","inLanguage":"es","@id":"https:\/\/noticiasmercedinas.com\/site\/2018\/12\/30\/carlos-bada-cerro-ciclo-de-llegaron-los-blues\/#primaryimage","url":"https:\/\/noticiasmercedinas.com\/site\/wp-content\/uploads\/2018\/12\/IMG-20181230-WA0023.jpg","contentUrl":"https:\/\/noticiasmercedinas.com\/site\/wp-content\/uploads\/2018\/12\/IMG-20181230-WA0023.jpg","width":1280,"height":853},{"@type":"BreadcrumbList","@id":"https:\/\/noticiasmercedinas.com\/site\/2018\/12\/30\/carlos-bada-cerro-ciclo-de-llegaron-los-blues\/#breadcrumb","itemListElement":[{"@type":"ListItem","position":1,"name":"Portada","item":"https:\/\/noticiasmercedinas.com\/site\/"},{"@type":"ListItem","position":2,"name":"Carlos Bada cerr\u00f3 ciclo de \u00abLlegaron los blues\u00bb"}]},{"@type":"WebSite","@id":"https:\/\/noticiasmercedinas.com\/site\/#website","url":"https:\/\/noticiasmercedinas.com\/site\/","name":"NOTICIASMERCEDINAS.COM","description":"Mercedes, Buenos Aires, Argentina","publisher":{"@id":"https:\/\/noticiasmercedinas.com\/site\/#organization"},"potentialAction":[{"@type":"SearchAction","target":{"@type":"EntryPoint","urlTemplate":"https:\/\/noticiasmercedinas.com\/site\/?s={search_term_string}"},"query-input":{"@type":"PropertyValueSpecification","valueRequired":true,"valueName":"search_term_string"}}],"inLanguage":"es"},{"@type":"Organization","@id":"https:\/\/noticiasmercedinas.com\/site\/#organization","name":"NOTICIASMERCEDINAS.COM","url":"https:\/\/noticiasmercedinas.com\/site\/","logo":{"@type":"ImageObject","inLanguage":"es","@id":"https:\/\/noticiasmercedinas.com\/site\/#\/schema\/logo\/image\/","url":"https:\/\/noticiasmercedinas.com\/site\/wp-content\/uploads\/2020\/06\/LOGO-512.jpg","contentUrl":"https:\/\/noticiasmercedinas.com\/site\/wp-content\/uploads\/2020\/06\/LOGO-512.jpg","width":512,"height":512,"caption":"NOTICIASMERCEDINAS.COM"},"image":{"@id":"https:\/\/noticiasmercedinas.com\/site\/#\/schema\/logo\/image\/"},"sameAs":["https:\/\/www.facebook.com\/noticiasmercedinas\/","https:\/\/x.com\/notmercedinas","https:\/\/www.instagram.com\/noticiasmercedinas\/"]},{"@type":"Person","@id":"https:\/\/noticiasmercedinas.com\/site\/#\/schema\/person\/d481a9696a5feaec13a60e2bbd991a6a","name":"Cristian Falabella NOTICIASMERCEDINAS.COM","image":{"@type":"ImageObject","inLanguage":"es","@id":"https:\/\/secure.gravatar.com\/avatar\/0dbbfc45970cc46bcd0e57766228574ff3511d6eed045b182f536f0f478c1f06?s=96&d=mm&r=g","url":"https:\/\/secure.gravatar.com\/avatar\/0dbbfc45970cc46bcd0e57766228574ff3511d6eed045b182f536f0f478c1f06?s=96&d=mm&r=g","contentUrl":"https:\/\/secure.gravatar.com\/avatar\/0dbbfc45970cc46bcd0e57766228574ff3511d6eed045b182f536f0f478c1f06?s=96&d=mm&r=g","caption":"Cristian Falabella NOTICIASMERCEDINAS.COM"},"description":"Periodista, editor de Noticias Mercedinas. Pas\u00f3 por varias redacciones y emprendimientos de prensa, en distintos formatos y \u00e9pocas. Se especializ\u00f3 --y sigue haci\u00e9ndolo-- en comunicaci\u00f3n en la web y en junio de 2006 fund\u00f3 este diario digital.","sameAs":["https:\/\/noticiasmercedinas.com","https:\/\/www.facebook.com\/cristian.falabella","https:\/\/www.instagram.com\/noticiasmercedinas\/","https:\/\/x.com\/https:\/\/twitter.com\/NOTMERCEDINAS"],"url":"https:\/\/noticiasmercedinas.com\/site\/author\/as000384\/"}]}},"amp_enabled":true,"_links":{"self":[{"href":"https:\/\/noticiasmercedinas.com\/site\/wp-json\/wp\/v2\/posts\/10066","targetHints":{"allow":["GET"]}}],"collection":[{"href":"https:\/\/noticiasmercedinas.com\/site\/wp-json\/wp\/v2\/posts"}],"about":[{"href":"https:\/\/noticiasmercedinas.com\/site\/wp-json\/wp\/v2\/types\/post"}],"author":[{"embeddable":true,"href":"https:\/\/noticiasmercedinas.com\/site\/wp-json\/wp\/v2\/users\/2"}],"replies":[{"embeddable":true,"href":"https:\/\/noticiasmercedinas.com\/site\/wp-json\/wp\/v2\/comments?post=10066"}],"version-history":[{"count":1,"href":"https:\/\/noticiasmercedinas.com\/site\/wp-json\/wp\/v2\/posts\/10066\/revisions"}],"predecessor-version":[{"id":15689,"href":"https:\/\/noticiasmercedinas.com\/site\/wp-json\/wp\/v2\/posts\/10066\/revisions\/15689"}],"wp:featuredmedia":[{"embeddable":true,"href":"https:\/\/noticiasmercedinas.com\/site\/wp-json\/wp\/v2\/media\/10062"}],"wp:attachment":[{"href":"https:\/\/noticiasmercedinas.com\/site\/wp-json\/wp\/v2\/media?parent=10066"}],"wp:term":[{"taxonomy":"category","embeddable":true,"href":"https:\/\/noticiasmercedinas.com\/site\/wp-json\/wp\/v2\/categories?post=10066"},{"taxonomy":"post_tag","embeddable":true,"href":"https:\/\/noticiasmercedinas.com\/site\/wp-json\/wp\/v2\/tags?post=10066"}],"curies":[{"name":"wp","href":"https:\/\/api.w.org\/{rel}","templated":true}]}}