{"id":100679,"date":"2022-09-29T08:34:39","date_gmt":"2022-09-29T11:34:39","guid":{"rendered":"https:\/\/noticiasmercedinas.com\/site\/?p=100679"},"modified":"2022-09-29T08:34:39","modified_gmt":"2022-09-29T11:34:39","slug":"hubo-amplia-representatividad-en-la-asamblea-de-las-mujeres-trabajadoras","status":"publish","type":"post","link":"https:\/\/noticiasmercedinas.com\/site\/2022\/09\/29\/hubo-amplia-representatividad-en-la-asamblea-de-las-mujeres-trabajadoras\/","title":{"rendered":"Hubo amplia representatividad en la \u201cAsamblea de las mujeres trabajadoras\u201d"},"content":{"rendered":"<p><img loading=\"lazy\" decoding=\"async\" class=\"alignnone size-large wp-image-100680\" src=\"https:\/\/noticiasmercedinas.com\/site\/wp-content\/uploads\/2022\/09\/20e2611d-dc6f-4fcc-a35f-5c0036712ad7-e1664451121631-1024x578.jpg\" alt=\"\" width=\"640\" height=\"361\" srcset=\"https:\/\/noticiasmercedinas.com\/site\/wp-content\/uploads\/2022\/09\/20e2611d-dc6f-4fcc-a35f-5c0036712ad7-e1664451121631-1024x578.jpg 1024w, https:\/\/noticiasmercedinas.com\/site\/wp-content\/uploads\/2022\/09\/20e2611d-dc6f-4fcc-a35f-5c0036712ad7-e1664451121631-300x169.jpg 300w, https:\/\/noticiasmercedinas.com\/site\/wp-content\/uploads\/2022\/09\/20e2611d-dc6f-4fcc-a35f-5c0036712ad7-e1664451121631-768x433.jpg 768w, https:\/\/noticiasmercedinas.com\/site\/wp-content\/uploads\/2022\/09\/20e2611d-dc6f-4fcc-a35f-5c0036712ad7-e1664451121631-640x361.jpg 640w, https:\/\/noticiasmercedinas.com\/site\/wp-content\/uploads\/2022\/09\/20e2611d-dc6f-4fcc-a35f-5c0036712ad7-e1664451121631-681x384.jpg 681w, https:\/\/noticiasmercedinas.com\/site\/wp-content\/uploads\/2022\/09\/20e2611d-dc6f-4fcc-a35f-5c0036712ad7-e1664451121631.jpg 1042w\" sizes=\"auto, (max-width: 640px) 100vw, 640px\" \/><\/p>\n<p>En Mercedes al igual que en muchas plazas del pa\u00eds frente al Poder Judicial se efectu\u00f3 un encuentro de mujeres trabajadoras por la democracia, la justicia, el fin de la violencia pol\u00edtica. Hubo una amplia unidad en nuestra ciudad con sindicatos, gremios, asambleas, pertenencias pol\u00edticas, vecinos y vecinas. Fue frente al Palacio Judicial en 26 y 27.<\/p>\n<p>Se dej\u00f3 en claro que \u201cel objetivo de las asambleas es visibilizar el estado de profunda indefensi\u00f3n, discriminaci\u00f3n y abandono de justicia que padecen las mujeres y las disidencias frente al Poder Judicial\u201d tal cual afirmaron en el documento oficial.<\/p>\n<blockquote><p>\u201cEl objetivo de las asambleas es visibilizar el estado de profunda indefensi\u00f3n, discriminaci\u00f3n y abandono de justicia que padecen las mujeres y las disidencias frente al Poder Judicial\u201d<\/p><\/blockquote>\n<p>M\u00e1s adelante enumeran algunos temas de inter\u00e9s de la reuni\u00f3n, como ser: \u201cFalta de acceso a la justicia, y descentralizaci\u00f3n completa del sistema de atenci\u00f3n. Las humildes de nuestra Patria, residentes en las barriadas populares, se ven imposibilitadas de acceder a centros de atenci\u00f3n de cercan\u00eda. Las madres acosadas o abusadas frente a un sistema expulsivo\u201d, tambi\u00e9n se pidi\u00f3 por \u201clas mujeres v\u00edctimas de violencias, por lesiones o femicidios, frente a las pr\u00e1cticas procesales que a\u00fan niegan el agravante de la condici\u00f3n de mujeres v\u00edctimas, sin aplicaci\u00f3n de la perspectiva de g\u00e9nero establecida en normas locales e internacionales con alcance constitucional. La ausencia del seguimiento en los casos, las sentencias que tardan siglos, el abandono frente a las alertas, etc. la sobrexposici\u00f3n y revictimizaci\u00f3n\u201d.<\/p>\n<p>Otros temas expuestos fueron la cuota alimentaria, r\u00e9gimen de visitas, autonom\u00eda econ\u00f3mica, paridad de g\u00e9nero en acceso a los puestos donde \u201cla Corte Suprema de Justicia de la Naci\u00f3n y en las Cortes y Tribunales superiores de las provincias, 30% de mujeres juezas contra un 70% de varones. Violencia laboral y de g\u00e9nero hacia el interior, ausencia de convenciones colectivas de trabajo en incumplimiento requerimientos internacionales de intervenci\u00f3n\u201d.<\/p>\n<p>No dejaron de mencionar las instancias de discriminaci\u00f3n para las \u201clas personas travestis y trans. Negaci\u00f3n a la aplicaci\u00f3n del agravante de crimen de odio para casos de transfemicidio. Carencia de acceso a la justicia, de trato igualitario y de respeto a la identidad de g\u00e9nero\u201d entre otras cuestiones.<\/p>\n<p>Hubo un momento tambi\u00e9n para la \u201cpersecuci\u00f3n pol\u00edtica\u201d y menci\u00f3n especial \u201cpor las causas contra Cristina Fern\u00e1ndez y dirigentes pol\u00edticos\u201d.<\/p>\n<p>La intervenci\u00f3n tuvo epicentro en Capital Federal, con repiques en todo el pa\u00eds y en Mercedes fue con una amplia y destacada representatividad de mujeres de todos los sectores.<\/p>\n<p>El lema fue: \u00abPor ella, por vos, por nosotras, por todes\u00bb<\/p>\n","protected":false},"excerpt":{"rendered":"<p>\u25a0 El lema fue: \u00abPor ella, por vos, por nosotras, por todes\u00bb. La convocatoria se dio frente al Palacio Judicial, en calles en 26 y 27. La intervenci\u00f3n tuvo epicentro en Capital Federal, con repiques en todo el pa\u00eds<\/p>\n","protected":false},"author":16,"featured_media":100680,"comment_status":"open","ping_status":"open","sticky":false,"template":"","format":"standard","meta":{"footnotes":""},"categories":[16],"tags":[453,4896,2596,524,1424,860],"class_list":["post-100679","post","type-post","status-publish","format-standard","has-post-thumbnail","hentry","category-politica","tag-asamblea","tag-cristina-fernandez","tag-femicidio","tag-justicia","tag-mujeres","tag-poder-judicial"],"yoast_head":"<!-- This site is optimized with the Yoast SEO plugin v27.4 - https:\/\/yoast.com\/product\/yoast-seo-wordpress\/ -->\n<title>Hubo amplia representatividad en la \u201cAsamblea de las mujeres trabajadoras\u201d<\/title>\n<meta name=\"robots\" content=\"index, follow, max-snippet:-1, max-image-preview:large, max-video-preview:-1\" \/>\n<link rel=\"canonical\" href=\"https:\/\/noticiasmercedinas.com\/site\/2022\/09\/29\/hubo-amplia-representatividad-en-la-asamblea-de-las-mujeres-trabajadoras\/\" \/>\n<meta property=\"og:locale\" content=\"es_ES\" \/>\n<meta property=\"og:type\" content=\"article\" \/>\n<meta property=\"og:title\" content=\"Hubo amplia representatividad en la \u201cAsamblea de las mujeres trabajadoras\u201d\" \/>\n<meta property=\"og:description\" content=\"\u25a0 El lema fue: &quot;Por ella, por vos, por nosotras, por todes&quot;. La convocatoria se dio frente al Palacio Judicial, en calles en 26 y 27. La intervenci\u00f3n tuvo epicentro en Capital Federal, con repiques en todo el pa\u00eds\" \/>\n<meta property=\"og:url\" content=\"https:\/\/noticiasmercedinas.com\/site\/2022\/09\/29\/hubo-amplia-representatividad-en-la-asamblea-de-las-mujeres-trabajadoras\/\" \/>\n<meta property=\"og:site_name\" content=\"NOTICIASMERCEDINAS.COM\" \/>\n<meta property=\"article:publisher\" content=\"https:\/\/www.facebook.com\/noticiasmercedinas\/\" \/>\n<meta property=\"article:published_time\" content=\"2022-09-29T11:34:39+00:00\" \/>\n<meta property=\"og:image\" content=\"https:\/\/noticiasmercedinas.com\/site\/wp-content\/uploads\/2022\/09\/20e2611d-dc6f-4fcc-a35f-5c0036712ad7-e1664451121631.jpg\" \/>\n\t<meta property=\"og:image:width\" content=\"1042\" \/>\n\t<meta property=\"og:image:height\" content=\"588\" \/>\n\t<meta property=\"og:image:type\" content=\"image\/jpeg\" \/>\n<meta name=\"author\" content=\"NOTICIASMERCEDINAS.COM\" \/>\n<meta name=\"twitter:card\" content=\"summary_large_image\" \/>\n<meta name=\"twitter:creator\" content=\"@notmercedinas\" \/>\n<meta name=\"twitter:site\" content=\"@notmercedinas\" \/>\n<meta name=\"twitter:label1\" content=\"Escrito por\" \/>\n\t<meta name=\"twitter:data1\" content=\"NOTICIASMERCEDINAS.COM\" \/>\n\t<meta name=\"twitter:label2\" content=\"Tiempo de lectura\" \/>\n\t<meta name=\"twitter:data2\" content=\"3 minutos\" \/>\n<script type=\"application\/ld+json\" class=\"yoast-schema-graph\">{\"@context\":\"https:\\\/\\\/schema.org\",\"@graph\":[{\"@type\":\"Article\",\"@id\":\"https:\\\/\\\/noticiasmercedinas.com\\\/site\\\/2022\\\/09\\\/29\\\/hubo-amplia-representatividad-en-la-asamblea-de-las-mujeres-trabajadoras\\\/#article\",\"isPartOf\":{\"@id\":\"https:\\\/\\\/noticiasmercedinas.com\\\/site\\\/2022\\\/09\\\/29\\\/hubo-amplia-representatividad-en-la-asamblea-de-las-mujeres-trabajadoras\\\/\"},\"author\":{\"name\":\"NOTICIASMERCEDINAS.COM\",\"@id\":\"https:\\\/\\\/noticiasmercedinas.com\\\/site\\\/#\\\/schema\\\/person\\\/84b59c099c28ff2e8b77d4ceec5d8063\"},\"headline\":\"Hubo amplia representatividad en la \u201cAsamblea de las mujeres trabajadoras\u201d\",\"datePublished\":\"2022-09-29T11:34:39+00:00\",\"mainEntityOfPage\":{\"@id\":\"https:\\\/\\\/noticiasmercedinas.com\\\/site\\\/2022\\\/09\\\/29\\\/hubo-amplia-representatividad-en-la-asamblea-de-las-mujeres-trabajadoras\\\/\"},\"wordCount\":475,\"commentCount\":0,\"publisher\":{\"@id\":\"https:\\\/\\\/noticiasmercedinas.com\\\/site\\\/#organization\"},\"image\":{\"@id\":\"https:\\\/\\\/noticiasmercedinas.com\\\/site\\\/2022\\\/09\\\/29\\\/hubo-amplia-representatividad-en-la-asamblea-de-las-mujeres-trabajadoras\\\/#primaryimage\"},\"thumbnailUrl\":\"https:\\\/\\\/noticiasmercedinas.com\\\/site\\\/wp-content\\\/uploads\\\/2022\\\/09\\\/20e2611d-dc6f-4fcc-a35f-5c0036712ad7-e1664451121631.jpg\",\"keywords\":[\"asamblea\",\"cristina fernandez\",\"femicidio\",\"justicia\",\"mujeres\",\"poder judicial\"],\"articleSection\":[\"Politica\"],\"inLanguage\":\"es\",\"potentialAction\":[{\"@type\":\"CommentAction\",\"name\":\"Comment\",\"target\":[\"https:\\\/\\\/noticiasmercedinas.com\\\/site\\\/2022\\\/09\\\/29\\\/hubo-amplia-representatividad-en-la-asamblea-de-las-mujeres-trabajadoras\\\/#respond\"]}]},{\"@type\":\"WebPage\",\"@id\":\"https:\\\/\\\/noticiasmercedinas.com\\\/site\\\/2022\\\/09\\\/29\\\/hubo-amplia-representatividad-en-la-asamblea-de-las-mujeres-trabajadoras\\\/\",\"url\":\"https:\\\/\\\/noticiasmercedinas.com\\\/site\\\/2022\\\/09\\\/29\\\/hubo-amplia-representatividad-en-la-asamblea-de-las-mujeres-trabajadoras\\\/\",\"name\":\"Hubo amplia representatividad en la \u201cAsamblea de las mujeres trabajadoras\u201d\",\"isPartOf\":{\"@id\":\"https:\\\/\\\/noticiasmercedinas.com\\\/site\\\/#website\"},\"primaryImageOfPage\":{\"@id\":\"https:\\\/\\\/noticiasmercedinas.com\\\/site\\\/2022\\\/09\\\/29\\\/hubo-amplia-representatividad-en-la-asamblea-de-las-mujeres-trabajadoras\\\/#primaryimage\"},\"image\":{\"@id\":\"https:\\\/\\\/noticiasmercedinas.com\\\/site\\\/2022\\\/09\\\/29\\\/hubo-amplia-representatividad-en-la-asamblea-de-las-mujeres-trabajadoras\\\/#primaryimage\"},\"thumbnailUrl\":\"https:\\\/\\\/noticiasmercedinas.com\\\/site\\\/wp-content\\\/uploads\\\/2022\\\/09\\\/20e2611d-dc6f-4fcc-a35f-5c0036712ad7-e1664451121631.jpg\",\"datePublished\":\"2022-09-29T11:34:39+00:00\",\"breadcrumb\":{\"@id\":\"https:\\\/\\\/noticiasmercedinas.com\\\/site\\\/2022\\\/09\\\/29\\\/hubo-amplia-representatividad-en-la-asamblea-de-las-mujeres-trabajadoras\\\/#breadcrumb\"},\"inLanguage\":\"es\",\"potentialAction\":[{\"@type\":\"ReadAction\",\"target\":[\"https:\\\/\\\/noticiasmercedinas.com\\\/site\\\/2022\\\/09\\\/29\\\/hubo-amplia-representatividad-en-la-asamblea-de-las-mujeres-trabajadoras\\\/\"]}]},{\"@type\":\"ImageObject\",\"inLanguage\":\"es\",\"@id\":\"https:\\\/\\\/noticiasmercedinas.com\\\/site\\\/2022\\\/09\\\/29\\\/hubo-amplia-representatividad-en-la-asamblea-de-las-mujeres-trabajadoras\\\/#primaryimage\",\"url\":\"https:\\\/\\\/noticiasmercedinas.com\\\/site\\\/wp-content\\\/uploads\\\/2022\\\/09\\\/20e2611d-dc6f-4fcc-a35f-5c0036712ad7-e1664451121631.jpg\",\"contentUrl\":\"https:\\\/\\\/noticiasmercedinas.com\\\/site\\\/wp-content\\\/uploads\\\/2022\\\/09\\\/20e2611d-dc6f-4fcc-a35f-5c0036712ad7-e1664451121631.jpg\",\"width\":1042,\"height\":588},{\"@type\":\"BreadcrumbList\",\"@id\":\"https:\\\/\\\/noticiasmercedinas.com\\\/site\\\/2022\\\/09\\\/29\\\/hubo-amplia-representatividad-en-la-asamblea-de-las-mujeres-trabajadoras\\\/#breadcrumb\",\"itemListElement\":[{\"@type\":\"ListItem\",\"position\":1,\"name\":\"Portada\",\"item\":\"https:\\\/\\\/noticiasmercedinas.com\\\/site\\\/\"},{\"@type\":\"ListItem\",\"position\":2,\"name\":\"Hubo amplia representatividad en la \u201cAsamblea de las mujeres trabajadoras\u201d\"}]},{\"@type\":\"WebSite\",\"@id\":\"https:\\\/\\\/noticiasmercedinas.com\\\/site\\\/#website\",\"url\":\"https:\\\/\\\/noticiasmercedinas.com\\\/site\\\/\",\"name\":\"NOTICIASMERCEDINAS.COM\",\"description\":\"Mercedes, Buenos Aires, Argentina\",\"publisher\":{\"@id\":\"https:\\\/\\\/noticiasmercedinas.com\\\/site\\\/#organization\"},\"potentialAction\":[{\"@type\":\"SearchAction\",\"target\":{\"@type\":\"EntryPoint\",\"urlTemplate\":\"https:\\\/\\\/noticiasmercedinas.com\\\/site\\\/?s={search_term_string}\"},\"query-input\":{\"@type\":\"PropertyValueSpecification\",\"valueRequired\":true,\"valueName\":\"search_term_string\"}}],\"inLanguage\":\"es\"},{\"@type\":\"Organization\",\"@id\":\"https:\\\/\\\/noticiasmercedinas.com\\\/site\\\/#organization\",\"name\":\"NOTICIASMERCEDINAS.COM\",\"url\":\"https:\\\/\\\/noticiasmercedinas.com\\\/site\\\/\",\"logo\":{\"@type\":\"ImageObject\",\"inLanguage\":\"es\",\"@id\":\"https:\\\/\\\/noticiasmercedinas.com\\\/site\\\/#\\\/schema\\\/logo\\\/image\\\/\",\"url\":\"https:\\\/\\\/noticiasmercedinas.com\\\/site\\\/wp-content\\\/uploads\\\/2020\\\/06\\\/LOGO-512.jpg\",\"contentUrl\":\"https:\\\/\\\/noticiasmercedinas.com\\\/site\\\/wp-content\\\/uploads\\\/2020\\\/06\\\/LOGO-512.jpg\",\"width\":512,\"height\":512,\"caption\":\"NOTICIASMERCEDINAS.COM\"},\"image\":{\"@id\":\"https:\\\/\\\/noticiasmercedinas.com\\\/site\\\/#\\\/schema\\\/logo\\\/image\\\/\"},\"sameAs\":[\"https:\\\/\\\/www.facebook.com\\\/noticiasmercedinas\\\/\",\"https:\\\/\\\/x.com\\\/notmercedinas\",\"https:\\\/\\\/www.instagram.com\\\/noticiasmercedinas\\\/\"]},{\"@type\":\"Person\",\"@id\":\"https:\\\/\\\/noticiasmercedinas.com\\\/site\\\/#\\\/schema\\\/person\\\/84b59c099c28ff2e8b77d4ceec5d8063\",\"name\":\"NOTICIASMERCEDINAS.COM\",\"image\":{\"@type\":\"ImageObject\",\"inLanguage\":\"es\",\"@id\":\"https:\\\/\\\/secure.gravatar.com\\\/avatar\\\/4dfbf16b4d17945bfb6341b2d19043457132fcf478a5ee04f42e959fd8f5df0a?s=96&d=mm&r=g\",\"url\":\"https:\\\/\\\/secure.gravatar.com\\\/avatar\\\/4dfbf16b4d17945bfb6341b2d19043457132fcf478a5ee04f42e959fd8f5df0a?s=96&d=mm&r=g\",\"contentUrl\":\"https:\\\/\\\/secure.gravatar.com\\\/avatar\\\/4dfbf16b4d17945bfb6341b2d19043457132fcf478a5ee04f42e959fd8f5df0a?s=96&d=mm&r=g\",\"caption\":\"NOTICIASMERCEDINAS.COM\"},\"url\":\"https:\\\/\\\/noticiasmercedinas.com\\\/site\\\/author\\\/anonimo\\\/\"}]}<\/script>\n<!-- \/ Yoast SEO plugin. -->","yoast_head_json":{"title":"Hubo amplia representatividad en la \u201cAsamblea de las mujeres trabajadoras\u201d","robots":{"index":"index","follow":"follow","max-snippet":"max-snippet:-1","max-image-preview":"max-image-preview:large","max-video-preview":"max-video-preview:-1"},"canonical":"https:\/\/noticiasmercedinas.com\/site\/2022\/09\/29\/hubo-amplia-representatividad-en-la-asamblea-de-las-mujeres-trabajadoras\/","og_locale":"es_ES","og_type":"article","og_title":"Hubo amplia representatividad en la \u201cAsamblea de las mujeres trabajadoras\u201d","og_description":"\u25a0 El lema fue: \"Por ella, por vos, por nosotras, por todes\". La convocatoria se dio frente al Palacio Judicial, en calles en 26 y 27. La intervenci\u00f3n tuvo epicentro en Capital Federal, con repiques en todo el pa\u00eds","og_url":"https:\/\/noticiasmercedinas.com\/site\/2022\/09\/29\/hubo-amplia-representatividad-en-la-asamblea-de-las-mujeres-trabajadoras\/","og_site_name":"NOTICIASMERCEDINAS.COM","article_publisher":"https:\/\/www.facebook.com\/noticiasmercedinas\/","article_published_time":"2022-09-29T11:34:39+00:00","og_image":[{"width":1042,"height":588,"url":"https:\/\/noticiasmercedinas.com\/site\/wp-content\/uploads\/2022\/09\/20e2611d-dc6f-4fcc-a35f-5c0036712ad7-e1664451121631.jpg","type":"image\/jpeg"}],"author":"NOTICIASMERCEDINAS.COM","twitter_card":"summary_large_image","twitter_creator":"@notmercedinas","twitter_site":"@notmercedinas","twitter_misc":{"Escrito por":"NOTICIASMERCEDINAS.COM","Tiempo de lectura":"3 minutos"},"schema":{"@context":"https:\/\/schema.org","@graph":[{"@type":"Article","@id":"https:\/\/noticiasmercedinas.com\/site\/2022\/09\/29\/hubo-amplia-representatividad-en-la-asamblea-de-las-mujeres-trabajadoras\/#article","isPartOf":{"@id":"https:\/\/noticiasmercedinas.com\/site\/2022\/09\/29\/hubo-amplia-representatividad-en-la-asamblea-de-las-mujeres-trabajadoras\/"},"author":{"name":"NOTICIASMERCEDINAS.COM","@id":"https:\/\/noticiasmercedinas.com\/site\/#\/schema\/person\/84b59c099c28ff2e8b77d4ceec5d8063"},"headline":"Hubo amplia representatividad en la \u201cAsamblea de las mujeres trabajadoras\u201d","datePublished":"2022-09-29T11:34:39+00:00","mainEntityOfPage":{"@id":"https:\/\/noticiasmercedinas.com\/site\/2022\/09\/29\/hubo-amplia-representatividad-en-la-asamblea-de-las-mujeres-trabajadoras\/"},"wordCount":475,"commentCount":0,"publisher":{"@id":"https:\/\/noticiasmercedinas.com\/site\/#organization"},"image":{"@id":"https:\/\/noticiasmercedinas.com\/site\/2022\/09\/29\/hubo-amplia-representatividad-en-la-asamblea-de-las-mujeres-trabajadoras\/#primaryimage"},"thumbnailUrl":"https:\/\/noticiasmercedinas.com\/site\/wp-content\/uploads\/2022\/09\/20e2611d-dc6f-4fcc-a35f-5c0036712ad7-e1664451121631.jpg","keywords":["asamblea","cristina fernandez","femicidio","justicia","mujeres","poder judicial"],"articleSection":["Politica"],"inLanguage":"es","potentialAction":[{"@type":"CommentAction","name":"Comment","target":["https:\/\/noticiasmercedinas.com\/site\/2022\/09\/29\/hubo-amplia-representatividad-en-la-asamblea-de-las-mujeres-trabajadoras\/#respond"]}]},{"@type":"WebPage","@id":"https:\/\/noticiasmercedinas.com\/site\/2022\/09\/29\/hubo-amplia-representatividad-en-la-asamblea-de-las-mujeres-trabajadoras\/","url":"https:\/\/noticiasmercedinas.com\/site\/2022\/09\/29\/hubo-amplia-representatividad-en-la-asamblea-de-las-mujeres-trabajadoras\/","name":"Hubo amplia representatividad en la \u201cAsamblea de las mujeres trabajadoras\u201d","isPartOf":{"@id":"https:\/\/noticiasmercedinas.com\/site\/#website"},"primaryImageOfPage":{"@id":"https:\/\/noticiasmercedinas.com\/site\/2022\/09\/29\/hubo-amplia-representatividad-en-la-asamblea-de-las-mujeres-trabajadoras\/#primaryimage"},"image":{"@id":"https:\/\/noticiasmercedinas.com\/site\/2022\/09\/29\/hubo-amplia-representatividad-en-la-asamblea-de-las-mujeres-trabajadoras\/#primaryimage"},"thumbnailUrl":"https:\/\/noticiasmercedinas.com\/site\/wp-content\/uploads\/2022\/09\/20e2611d-dc6f-4fcc-a35f-5c0036712ad7-e1664451121631.jpg","datePublished":"2022-09-29T11:34:39+00:00","breadcrumb":{"@id":"https:\/\/noticiasmercedinas.com\/site\/2022\/09\/29\/hubo-amplia-representatividad-en-la-asamblea-de-las-mujeres-trabajadoras\/#breadcrumb"},"inLanguage":"es","potentialAction":[{"@type":"ReadAction","target":["https:\/\/noticiasmercedinas.com\/site\/2022\/09\/29\/hubo-amplia-representatividad-en-la-asamblea-de-las-mujeres-trabajadoras\/"]}]},{"@type":"ImageObject","inLanguage":"es","@id":"https:\/\/noticiasmercedinas.com\/site\/2022\/09\/29\/hubo-amplia-representatividad-en-la-asamblea-de-las-mujeres-trabajadoras\/#primaryimage","url":"https:\/\/noticiasmercedinas.com\/site\/wp-content\/uploads\/2022\/09\/20e2611d-dc6f-4fcc-a35f-5c0036712ad7-e1664451121631.jpg","contentUrl":"https:\/\/noticiasmercedinas.com\/site\/wp-content\/uploads\/2022\/09\/20e2611d-dc6f-4fcc-a35f-5c0036712ad7-e1664451121631.jpg","width":1042,"height":588},{"@type":"BreadcrumbList","@id":"https:\/\/noticiasmercedinas.com\/site\/2022\/09\/29\/hubo-amplia-representatividad-en-la-asamblea-de-las-mujeres-trabajadoras\/#breadcrumb","itemListElement":[{"@type":"ListItem","position":1,"name":"Portada","item":"https:\/\/noticiasmercedinas.com\/site\/"},{"@type":"ListItem","position":2,"name":"Hubo amplia representatividad en la \u201cAsamblea de las mujeres trabajadoras\u201d"}]},{"@type":"WebSite","@id":"https:\/\/noticiasmercedinas.com\/site\/#website","url":"https:\/\/noticiasmercedinas.com\/site\/","name":"NOTICIASMERCEDINAS.COM","description":"Mercedes, Buenos Aires, Argentina","publisher":{"@id":"https:\/\/noticiasmercedinas.com\/site\/#organization"},"potentialAction":[{"@type":"SearchAction","target":{"@type":"EntryPoint","urlTemplate":"https:\/\/noticiasmercedinas.com\/site\/?s={search_term_string}"},"query-input":{"@type":"PropertyValueSpecification","valueRequired":true,"valueName":"search_term_string"}}],"inLanguage":"es"},{"@type":"Organization","@id":"https:\/\/noticiasmercedinas.com\/site\/#organization","name":"NOTICIASMERCEDINAS.COM","url":"https:\/\/noticiasmercedinas.com\/site\/","logo":{"@type":"ImageObject","inLanguage":"es","@id":"https:\/\/noticiasmercedinas.com\/site\/#\/schema\/logo\/image\/","url":"https:\/\/noticiasmercedinas.com\/site\/wp-content\/uploads\/2020\/06\/LOGO-512.jpg","contentUrl":"https:\/\/noticiasmercedinas.com\/site\/wp-content\/uploads\/2020\/06\/LOGO-512.jpg","width":512,"height":512,"caption":"NOTICIASMERCEDINAS.COM"},"image":{"@id":"https:\/\/noticiasmercedinas.com\/site\/#\/schema\/logo\/image\/"},"sameAs":["https:\/\/www.facebook.com\/noticiasmercedinas\/","https:\/\/x.com\/notmercedinas","https:\/\/www.instagram.com\/noticiasmercedinas\/"]},{"@type":"Person","@id":"https:\/\/noticiasmercedinas.com\/site\/#\/schema\/person\/84b59c099c28ff2e8b77d4ceec5d8063","name":"NOTICIASMERCEDINAS.COM","image":{"@type":"ImageObject","inLanguage":"es","@id":"https:\/\/secure.gravatar.com\/avatar\/4dfbf16b4d17945bfb6341b2d19043457132fcf478a5ee04f42e959fd8f5df0a?s=96&d=mm&r=g","url":"https:\/\/secure.gravatar.com\/avatar\/4dfbf16b4d17945bfb6341b2d19043457132fcf478a5ee04f42e959fd8f5df0a?s=96&d=mm&r=g","contentUrl":"https:\/\/secure.gravatar.com\/avatar\/4dfbf16b4d17945bfb6341b2d19043457132fcf478a5ee04f42e959fd8f5df0a?s=96&d=mm&r=g","caption":"NOTICIASMERCEDINAS.COM"},"url":"https:\/\/noticiasmercedinas.com\/site\/author\/anonimo\/"}]}},"amp_enabled":true,"_links":{"self":[{"href":"https:\/\/noticiasmercedinas.com\/site\/wp-json\/wp\/v2\/posts\/100679","targetHints":{"allow":["GET"]}}],"collection":[{"href":"https:\/\/noticiasmercedinas.com\/site\/wp-json\/wp\/v2\/posts"}],"about":[{"href":"https:\/\/noticiasmercedinas.com\/site\/wp-json\/wp\/v2\/types\/post"}],"author":[{"embeddable":true,"href":"https:\/\/noticiasmercedinas.com\/site\/wp-json\/wp\/v2\/users\/16"}],"replies":[{"embeddable":true,"href":"https:\/\/noticiasmercedinas.com\/site\/wp-json\/wp\/v2\/comments?post=100679"}],"version-history":[{"count":1,"href":"https:\/\/noticiasmercedinas.com\/site\/wp-json\/wp\/v2\/posts\/100679\/revisions"}],"predecessor-version":[{"id":100681,"href":"https:\/\/noticiasmercedinas.com\/site\/wp-json\/wp\/v2\/posts\/100679\/revisions\/100681"}],"wp:featuredmedia":[{"embeddable":true,"href":"https:\/\/noticiasmercedinas.com\/site\/wp-json\/wp\/v2\/media\/100680"}],"wp:attachment":[{"href":"https:\/\/noticiasmercedinas.com\/site\/wp-json\/wp\/v2\/media?parent=100679"}],"wp:term":[{"taxonomy":"category","embeddable":true,"href":"https:\/\/noticiasmercedinas.com\/site\/wp-json\/wp\/v2\/categories?post=100679"},{"taxonomy":"post_tag","embeddable":true,"href":"https:\/\/noticiasmercedinas.com\/site\/wp-json\/wp\/v2\/tags?post=100679"}],"curies":[{"name":"wp","href":"https:\/\/api.w.org\/{rel}","templated":true}]}}