{"id":100870,"date":"2022-10-01T07:56:44","date_gmt":"2022-10-01T10:56:44","guid":{"rendered":"https:\/\/noticiasmercedinas.com\/site\/2022\/10\/01\/expectativas-de-turismo-y-productores-por-el-festival-de-cerveceros\/"},"modified":"2022-10-01T20:10:58","modified_gmt":"2022-10-01T23:10:58","slug":"expectativas-de-turismo-y-productores-por-el-festival-de-cerveceros","status":"publish","type":"post","link":"https:\/\/noticiasmercedinas.com\/site\/2022\/10\/01\/expectativas-de-turismo-y-productores-por-el-festival-de-cerveceros\/","title":{"rendered":"Expectativas de Turismo y productores por el Festival de Cerveceros"},"content":{"rendered":"<p><img loading=\"lazy\" decoding=\"async\" class=\"alignnone wp-image-100869 size-full\" src=\"https:\/\/noticiasmercedinas.com\/site\/wp-content\/uploads\/2022\/10\/DSC04777.jpg\" width=\"922\" height=\"615\" srcset=\"https:\/\/noticiasmercedinas.com\/site\/wp-content\/uploads\/2022\/10\/DSC04777.jpg 922w, https:\/\/noticiasmercedinas.com\/site\/wp-content\/uploads\/2022\/10\/DSC04777-300x200.jpg 300w, https:\/\/noticiasmercedinas.com\/site\/wp-content\/uploads\/2022\/10\/DSC04777-768x512.jpg 768w, https:\/\/noticiasmercedinas.com\/site\/wp-content\/uploads\/2022\/10\/DSC04777-640x427.jpg 640w, https:\/\/noticiasmercedinas.com\/site\/wp-content\/uploads\/2022\/10\/DSC04777-681x454.jpg 681w\" sizes=\"auto, (max-width: 922px) 100vw, 922px\" \/><\/p>\n<p>Se viene la nueva edici\u00f3n del Festival de Cerveceros Mercedinos y los preparativos no cesan.<\/p>\n<p>\u201cEstamos muy ansiosos\u201d, afirman los productores locales quienes ultiman junto a la direcci\u00f3n de Turismo los detalles de lo que ser\u00e1 una gran fiesta.<\/p>\n<p>Los integrantes de los Fundamentalistas del Aire Acondicionado, banda del Indio Solari y La Franela animar\u00e1n, junto a una gran grilla, el s\u00e1bado y el domingo pr\u00f3ximo.<\/p>\n<p>\u201cEstamos trabajando todos los d\u00edas. En promoci\u00f3n, organizaci\u00f3n, cuidando cada detalle\u201d dijo <strong>Mart\u00edn Boragno<\/strong>, director de Turismo y afirm\u00f3: \u201cTenemos una grilla de artistas excelente, gastron\u00f3micos, paseos infantiles, del arte, mercado sustentable, espacios amigables, stands ambientales, y especialmente la mejor cerveza producida en Mercedes para el placer de las y los vecinos y el turismo\u201d.<\/p>\n<blockquote class=\"tiktok-embed\" style=\"max-width: 605px; min-width: 325px;\" cite=\"https:\/\/www.tiktok.com\/@noticiasmercedinas\/video\/7149684683423386885\" data-video-id=\"7149684683423386885\">\n<section><a title=\"@noticiasmercedinas\" href=\"https:\/\/www.tiktok.com\/@noticiasmercedinas?refer=embed\" target=\"_blank\" rel=\"noopener\">@noticiasmercedinas<\/a>El festival de cerveceros se viene con todo en Mercedes, la pr\u00f3xima semana<a title=\"\u266c original sound - noticiasmercedinas\" href=\"https:\/\/www.tiktok.com\/music\/original-sound-7149684686418332421?refer=embed\" target=\"_blank\" rel=\"noopener\">\u266c original sound &#8211; noticiasmercedinas<\/a><\/p>\n<\/section>\n<\/blockquote>\n<p><script async src=\"https:\/\/www.tiktok.com\/embed.js\"><\/script><\/p>\n<p>La fiesta tendr\u00e1 a Gaspar Benegas y Baltazar Comotto, guitarristas del Indio Solari, La Franela, una cl\u00e1sica banda repleta de hits, adem\u00e1s de Dj T\u00edo Marful, Genaro Cabuccio, Claudio Rosa, Menta y Lim\u00f3n, Los Pepis, Las Polillas de Poliester, La Franela, Cuf\u00e1, El T\u00e9mpano, La Sistifor Society, La C\u00e9sar Pav\u00f3n, Mamabora, Laura Moreno y La Santa Milonguita.<\/p>\n<p><img loading=\"lazy\" decoding=\"async\" class=\"alignnone wp-image-100868 size-full\" src=\"https:\/\/noticiasmercedinas.com\/site\/wp-content\/uploads\/2022\/10\/wp-1664621474576..jpg\" width=\"922\" height=\"615\" srcset=\"https:\/\/noticiasmercedinas.com\/site\/wp-content\/uploads\/2022\/10\/wp-1664621474576..jpg 922w, https:\/\/noticiasmercedinas.com\/site\/wp-content\/uploads\/2022\/10\/wp-1664621474576.-300x200.jpg 300w, https:\/\/noticiasmercedinas.com\/site\/wp-content\/uploads\/2022\/10\/wp-1664621474576.-768x512.jpg 768w, https:\/\/noticiasmercedinas.com\/site\/wp-content\/uploads\/2022\/10\/wp-1664621474576.-640x427.jpg 640w, https:\/\/noticiasmercedinas.com\/site\/wp-content\/uploads\/2022\/10\/wp-1664621474576.-681x454.jpg 681w\" sizes=\"auto, (max-width: 922px) 100vw, 922px\" \/><\/p>\n","protected":false},"excerpt":{"rendered":"<p>\u25a0 \u201cEstamos muy ansiosos por lo que vendr\u00e1\u201d afirman los cerveceros. Desde el area de Turismo trabajan fuerte en la promoci\u00f3n de este evento que se har\u00e1 el fin de semana pr\u00f3ximo en el Parque<\/p>\n","protected":false},"author":16,"featured_media":100869,"comment_status":"open","ping_status":"open","sticky":false,"template":"","format":"standard","meta":{"footnotes":""},"categories":[3],"tags":[6671,738,33],"class_list":["post-100870","post","type-post","status-publish","format-standard","has-post-thumbnail","hentry","category-sociedad","tag-festival-de-cerveceros","tag-parque-municipal","tag-turismo"],"yoast_head":"<!-- This site is optimized with the Yoast SEO plugin v27.5 - https:\/\/yoast.com\/product\/yoast-seo-wordpress\/ -->\n<title>Expectativas de Turismo y productores por el Festival de Cerveceros<\/title>\n<meta name=\"robots\" content=\"index, follow, max-snippet:-1, max-image-preview:large, max-video-preview:-1\" \/>\n<link rel=\"canonical\" href=\"https:\/\/noticiasmercedinas.com\/site\/2022\/10\/01\/expectativas-de-turismo-y-productores-por-el-festival-de-cerveceros\/\" \/>\n<meta property=\"og:locale\" content=\"es_ES\" \/>\n<meta property=\"og:type\" content=\"article\" \/>\n<meta property=\"og:title\" content=\"Expectativas de Turismo y productores por el Festival de Cerveceros\" \/>\n<meta property=\"og:description\" content=\"\u25a0 \u201cEstamos muy ansiosos por lo que vendr\u00e1\u201d afirman los cerveceros. Desde el area de Turismo trabajan fuerte en la promoci\u00f3n de este evento que se har\u00e1 el fin de semana pr\u00f3ximo en el Parque\" \/>\n<meta property=\"og:url\" content=\"https:\/\/noticiasmercedinas.com\/site\/2022\/10\/01\/expectativas-de-turismo-y-productores-por-el-festival-de-cerveceros\/\" \/>\n<meta property=\"og:site_name\" content=\"NOTICIASMERCEDINAS.COM\" \/>\n<meta property=\"article:publisher\" content=\"https:\/\/www.facebook.com\/noticiasmercedinas\/\" \/>\n<meta property=\"article:published_time\" content=\"2022-10-01T10:56:44+00:00\" \/>\n<meta property=\"article:modified_time\" content=\"2022-10-01T23:10:58+00:00\" \/>\n<meta property=\"og:image\" content=\"https:\/\/noticiasmercedinas.com\/site\/wp-content\/uploads\/2022\/10\/DSC04777.jpg\" \/>\n\t<meta property=\"og:image:width\" content=\"922\" \/>\n\t<meta property=\"og:image:height\" content=\"615\" \/>\n\t<meta property=\"og:image:type\" content=\"image\/jpeg\" \/>\n<meta name=\"author\" content=\"NOTICIASMERCEDINAS.COM\" \/>\n<meta name=\"twitter:card\" content=\"summary_large_image\" \/>\n<meta name=\"twitter:creator\" content=\"@notmercedinas\" \/>\n<meta name=\"twitter:site\" content=\"@notmercedinas\" \/>\n<meta name=\"twitter:label1\" content=\"Escrito por\" \/>\n\t<meta name=\"twitter:data1\" content=\"NOTICIASMERCEDINAS.COM\" \/>\n\t<meta name=\"twitter:label2\" content=\"Tiempo de lectura\" \/>\n\t<meta name=\"twitter:data2\" content=\"2 minutos\" \/>\n<script type=\"application\/ld+json\" class=\"yoast-schema-graph\">{\"@context\":\"https:\\\/\\\/schema.org\",\"@graph\":[{\"@type\":\"Article\",\"@id\":\"https:\\\/\\\/noticiasmercedinas.com\\\/site\\\/2022\\\/10\\\/01\\\/expectativas-de-turismo-y-productores-por-el-festival-de-cerveceros\\\/#article\",\"isPartOf\":{\"@id\":\"https:\\\/\\\/noticiasmercedinas.com\\\/site\\\/2022\\\/10\\\/01\\\/expectativas-de-turismo-y-productores-por-el-festival-de-cerveceros\\\/\"},\"author\":{\"name\":\"NOTICIASMERCEDINAS.COM\",\"@id\":\"https:\\\/\\\/noticiasmercedinas.com\\\/site\\\/#\\\/schema\\\/person\\\/84b59c099c28ff2e8b77d4ceec5d8063\"},\"headline\":\"Expectativas de Turismo y productores por el Festival de Cerveceros\",\"datePublished\":\"2022-10-01T10:56:44+00:00\",\"dateModified\":\"2022-10-01T23:10:58+00:00\",\"mainEntityOfPage\":{\"@id\":\"https:\\\/\\\/noticiasmercedinas.com\\\/site\\\/2022\\\/10\\\/01\\\/expectativas-de-turismo-y-productores-por-el-festival-de-cerveceros\\\/\"},\"wordCount\":223,\"commentCount\":0,\"publisher\":{\"@id\":\"https:\\\/\\\/noticiasmercedinas.com\\\/site\\\/#organization\"},\"image\":{\"@id\":\"https:\\\/\\\/noticiasmercedinas.com\\\/site\\\/2022\\\/10\\\/01\\\/expectativas-de-turismo-y-productores-por-el-festival-de-cerveceros\\\/#primaryimage\"},\"thumbnailUrl\":\"https:\\\/\\\/noticiasmercedinas.com\\\/site\\\/wp-content\\\/uploads\\\/2022\\\/10\\\/DSC04777.jpg\",\"keywords\":[\"festival de Cerveceros\",\"parque municipal\",\"turismo\"],\"articleSection\":[\"Sociedad\"],\"inLanguage\":\"es\",\"potentialAction\":[{\"@type\":\"CommentAction\",\"name\":\"Comment\",\"target\":[\"https:\\\/\\\/noticiasmercedinas.com\\\/site\\\/2022\\\/10\\\/01\\\/expectativas-de-turismo-y-productores-por-el-festival-de-cerveceros\\\/#respond\"]}]},{\"@type\":\"WebPage\",\"@id\":\"https:\\\/\\\/noticiasmercedinas.com\\\/site\\\/2022\\\/10\\\/01\\\/expectativas-de-turismo-y-productores-por-el-festival-de-cerveceros\\\/\",\"url\":\"https:\\\/\\\/noticiasmercedinas.com\\\/site\\\/2022\\\/10\\\/01\\\/expectativas-de-turismo-y-productores-por-el-festival-de-cerveceros\\\/\",\"name\":\"Expectativas de Turismo y productores por el Festival de Cerveceros\",\"isPartOf\":{\"@id\":\"https:\\\/\\\/noticiasmercedinas.com\\\/site\\\/#website\"},\"primaryImageOfPage\":{\"@id\":\"https:\\\/\\\/noticiasmercedinas.com\\\/site\\\/2022\\\/10\\\/01\\\/expectativas-de-turismo-y-productores-por-el-festival-de-cerveceros\\\/#primaryimage\"},\"image\":{\"@id\":\"https:\\\/\\\/noticiasmercedinas.com\\\/site\\\/2022\\\/10\\\/01\\\/expectativas-de-turismo-y-productores-por-el-festival-de-cerveceros\\\/#primaryimage\"},\"thumbnailUrl\":\"https:\\\/\\\/noticiasmercedinas.com\\\/site\\\/wp-content\\\/uploads\\\/2022\\\/10\\\/DSC04777.jpg\",\"datePublished\":\"2022-10-01T10:56:44+00:00\",\"dateModified\":\"2022-10-01T23:10:58+00:00\",\"breadcrumb\":{\"@id\":\"https:\\\/\\\/noticiasmercedinas.com\\\/site\\\/2022\\\/10\\\/01\\\/expectativas-de-turismo-y-productores-por-el-festival-de-cerveceros\\\/#breadcrumb\"},\"inLanguage\":\"es\",\"potentialAction\":[{\"@type\":\"ReadAction\",\"target\":[\"https:\\\/\\\/noticiasmercedinas.com\\\/site\\\/2022\\\/10\\\/01\\\/expectativas-de-turismo-y-productores-por-el-festival-de-cerveceros\\\/\"]}]},{\"@type\":\"ImageObject\",\"inLanguage\":\"es\",\"@id\":\"https:\\\/\\\/noticiasmercedinas.com\\\/site\\\/2022\\\/10\\\/01\\\/expectativas-de-turismo-y-productores-por-el-festival-de-cerveceros\\\/#primaryimage\",\"url\":\"https:\\\/\\\/noticiasmercedinas.com\\\/site\\\/wp-content\\\/uploads\\\/2022\\\/10\\\/DSC04777.jpg\",\"contentUrl\":\"https:\\\/\\\/noticiasmercedinas.com\\\/site\\\/wp-content\\\/uploads\\\/2022\\\/10\\\/DSC04777.jpg\",\"width\":922,\"height\":615},{\"@type\":\"BreadcrumbList\",\"@id\":\"https:\\\/\\\/noticiasmercedinas.com\\\/site\\\/2022\\\/10\\\/01\\\/expectativas-de-turismo-y-productores-por-el-festival-de-cerveceros\\\/#breadcrumb\",\"itemListElement\":[{\"@type\":\"ListItem\",\"position\":1,\"name\":\"Portada\",\"item\":\"https:\\\/\\\/noticiasmercedinas.com\\\/site\\\/\"},{\"@type\":\"ListItem\",\"position\":2,\"name\":\"Expectativas de Turismo y productores por el Festival de Cerveceros\"}]},{\"@type\":\"WebSite\",\"@id\":\"https:\\\/\\\/noticiasmercedinas.com\\\/site\\\/#website\",\"url\":\"https:\\\/\\\/noticiasmercedinas.com\\\/site\\\/\",\"name\":\"NOTICIASMERCEDINAS.COM\",\"description\":\"Mercedes, Buenos Aires, Argentina\",\"publisher\":{\"@id\":\"https:\\\/\\\/noticiasmercedinas.com\\\/site\\\/#organization\"},\"potentialAction\":[{\"@type\":\"SearchAction\",\"target\":{\"@type\":\"EntryPoint\",\"urlTemplate\":\"https:\\\/\\\/noticiasmercedinas.com\\\/site\\\/?s={search_term_string}\"},\"query-input\":{\"@type\":\"PropertyValueSpecification\",\"valueRequired\":true,\"valueName\":\"search_term_string\"}}],\"inLanguage\":\"es\"},{\"@type\":\"Organization\",\"@id\":\"https:\\\/\\\/noticiasmercedinas.com\\\/site\\\/#organization\",\"name\":\"NOTICIASMERCEDINAS.COM\",\"url\":\"https:\\\/\\\/noticiasmercedinas.com\\\/site\\\/\",\"logo\":{\"@type\":\"ImageObject\",\"inLanguage\":\"es\",\"@id\":\"https:\\\/\\\/noticiasmercedinas.com\\\/site\\\/#\\\/schema\\\/logo\\\/image\\\/\",\"url\":\"https:\\\/\\\/noticiasmercedinas.com\\\/site\\\/wp-content\\\/uploads\\\/2020\\\/06\\\/LOGO-512.jpg\",\"contentUrl\":\"https:\\\/\\\/noticiasmercedinas.com\\\/site\\\/wp-content\\\/uploads\\\/2020\\\/06\\\/LOGO-512.jpg\",\"width\":512,\"height\":512,\"caption\":\"NOTICIASMERCEDINAS.COM\"},\"image\":{\"@id\":\"https:\\\/\\\/noticiasmercedinas.com\\\/site\\\/#\\\/schema\\\/logo\\\/image\\\/\"},\"sameAs\":[\"https:\\\/\\\/www.facebook.com\\\/noticiasmercedinas\\\/\",\"https:\\\/\\\/x.com\\\/notmercedinas\",\"https:\\\/\\\/www.instagram.com\\\/noticiasmercedinas\\\/\"]},{\"@type\":\"Person\",\"@id\":\"https:\\\/\\\/noticiasmercedinas.com\\\/site\\\/#\\\/schema\\\/person\\\/84b59c099c28ff2e8b77d4ceec5d8063\",\"name\":\"NOTICIASMERCEDINAS.COM\",\"image\":{\"@type\":\"ImageObject\",\"inLanguage\":\"es\",\"@id\":\"https:\\\/\\\/secure.gravatar.com\\\/avatar\\\/4dfbf16b4d17945bfb6341b2d19043457132fcf478a5ee04f42e959fd8f5df0a?s=96&d=mm&r=g\",\"url\":\"https:\\\/\\\/secure.gravatar.com\\\/avatar\\\/4dfbf16b4d17945bfb6341b2d19043457132fcf478a5ee04f42e959fd8f5df0a?s=96&d=mm&r=g\",\"contentUrl\":\"https:\\\/\\\/secure.gravatar.com\\\/avatar\\\/4dfbf16b4d17945bfb6341b2d19043457132fcf478a5ee04f42e959fd8f5df0a?s=96&d=mm&r=g\",\"caption\":\"NOTICIASMERCEDINAS.COM\"},\"url\":\"https:\\\/\\\/noticiasmercedinas.com\\\/site\\\/author\\\/anonimo\\\/\"}]}<\/script>\n<!-- \/ Yoast SEO plugin. -->","yoast_head_json":{"title":"Expectativas de Turismo y productores por el Festival de Cerveceros","robots":{"index":"index","follow":"follow","max-snippet":"max-snippet:-1","max-image-preview":"max-image-preview:large","max-video-preview":"max-video-preview:-1"},"canonical":"https:\/\/noticiasmercedinas.com\/site\/2022\/10\/01\/expectativas-de-turismo-y-productores-por-el-festival-de-cerveceros\/","og_locale":"es_ES","og_type":"article","og_title":"Expectativas de Turismo y productores por el Festival de Cerveceros","og_description":"\u25a0 \u201cEstamos muy ansiosos por lo que vendr\u00e1\u201d afirman los cerveceros. Desde el area de Turismo trabajan fuerte en la promoci\u00f3n de este evento que se har\u00e1 el fin de semana pr\u00f3ximo en el Parque","og_url":"https:\/\/noticiasmercedinas.com\/site\/2022\/10\/01\/expectativas-de-turismo-y-productores-por-el-festival-de-cerveceros\/","og_site_name":"NOTICIASMERCEDINAS.COM","article_publisher":"https:\/\/www.facebook.com\/noticiasmercedinas\/","article_published_time":"2022-10-01T10:56:44+00:00","article_modified_time":"2022-10-01T23:10:58+00:00","og_image":[{"width":922,"height":615,"url":"https:\/\/noticiasmercedinas.com\/site\/wp-content\/uploads\/2022\/10\/DSC04777.jpg","type":"image\/jpeg"}],"author":"NOTICIASMERCEDINAS.COM","twitter_card":"summary_large_image","twitter_creator":"@notmercedinas","twitter_site":"@notmercedinas","twitter_misc":{"Escrito por":"NOTICIASMERCEDINAS.COM","Tiempo de lectura":"2 minutos"},"schema":{"@context":"https:\/\/schema.org","@graph":[{"@type":"Article","@id":"https:\/\/noticiasmercedinas.com\/site\/2022\/10\/01\/expectativas-de-turismo-y-productores-por-el-festival-de-cerveceros\/#article","isPartOf":{"@id":"https:\/\/noticiasmercedinas.com\/site\/2022\/10\/01\/expectativas-de-turismo-y-productores-por-el-festival-de-cerveceros\/"},"author":{"name":"NOTICIASMERCEDINAS.COM","@id":"https:\/\/noticiasmercedinas.com\/site\/#\/schema\/person\/84b59c099c28ff2e8b77d4ceec5d8063"},"headline":"Expectativas de Turismo y productores por el Festival de Cerveceros","datePublished":"2022-10-01T10:56:44+00:00","dateModified":"2022-10-01T23:10:58+00:00","mainEntityOfPage":{"@id":"https:\/\/noticiasmercedinas.com\/site\/2022\/10\/01\/expectativas-de-turismo-y-productores-por-el-festival-de-cerveceros\/"},"wordCount":223,"commentCount":0,"publisher":{"@id":"https:\/\/noticiasmercedinas.com\/site\/#organization"},"image":{"@id":"https:\/\/noticiasmercedinas.com\/site\/2022\/10\/01\/expectativas-de-turismo-y-productores-por-el-festival-de-cerveceros\/#primaryimage"},"thumbnailUrl":"https:\/\/noticiasmercedinas.com\/site\/wp-content\/uploads\/2022\/10\/DSC04777.jpg","keywords":["festival de Cerveceros","parque municipal","turismo"],"articleSection":["Sociedad"],"inLanguage":"es","potentialAction":[{"@type":"CommentAction","name":"Comment","target":["https:\/\/noticiasmercedinas.com\/site\/2022\/10\/01\/expectativas-de-turismo-y-productores-por-el-festival-de-cerveceros\/#respond"]}]},{"@type":"WebPage","@id":"https:\/\/noticiasmercedinas.com\/site\/2022\/10\/01\/expectativas-de-turismo-y-productores-por-el-festival-de-cerveceros\/","url":"https:\/\/noticiasmercedinas.com\/site\/2022\/10\/01\/expectativas-de-turismo-y-productores-por-el-festival-de-cerveceros\/","name":"Expectativas de Turismo y productores por el Festival de Cerveceros","isPartOf":{"@id":"https:\/\/noticiasmercedinas.com\/site\/#website"},"primaryImageOfPage":{"@id":"https:\/\/noticiasmercedinas.com\/site\/2022\/10\/01\/expectativas-de-turismo-y-productores-por-el-festival-de-cerveceros\/#primaryimage"},"image":{"@id":"https:\/\/noticiasmercedinas.com\/site\/2022\/10\/01\/expectativas-de-turismo-y-productores-por-el-festival-de-cerveceros\/#primaryimage"},"thumbnailUrl":"https:\/\/noticiasmercedinas.com\/site\/wp-content\/uploads\/2022\/10\/DSC04777.jpg","datePublished":"2022-10-01T10:56:44+00:00","dateModified":"2022-10-01T23:10:58+00:00","breadcrumb":{"@id":"https:\/\/noticiasmercedinas.com\/site\/2022\/10\/01\/expectativas-de-turismo-y-productores-por-el-festival-de-cerveceros\/#breadcrumb"},"inLanguage":"es","potentialAction":[{"@type":"ReadAction","target":["https:\/\/noticiasmercedinas.com\/site\/2022\/10\/01\/expectativas-de-turismo-y-productores-por-el-festival-de-cerveceros\/"]}]},{"@type":"ImageObject","inLanguage":"es","@id":"https:\/\/noticiasmercedinas.com\/site\/2022\/10\/01\/expectativas-de-turismo-y-productores-por-el-festival-de-cerveceros\/#primaryimage","url":"https:\/\/noticiasmercedinas.com\/site\/wp-content\/uploads\/2022\/10\/DSC04777.jpg","contentUrl":"https:\/\/noticiasmercedinas.com\/site\/wp-content\/uploads\/2022\/10\/DSC04777.jpg","width":922,"height":615},{"@type":"BreadcrumbList","@id":"https:\/\/noticiasmercedinas.com\/site\/2022\/10\/01\/expectativas-de-turismo-y-productores-por-el-festival-de-cerveceros\/#breadcrumb","itemListElement":[{"@type":"ListItem","position":1,"name":"Portada","item":"https:\/\/noticiasmercedinas.com\/site\/"},{"@type":"ListItem","position":2,"name":"Expectativas de Turismo y productores por el Festival de Cerveceros"}]},{"@type":"WebSite","@id":"https:\/\/noticiasmercedinas.com\/site\/#website","url":"https:\/\/noticiasmercedinas.com\/site\/","name":"NOTICIASMERCEDINAS.COM","description":"Mercedes, Buenos Aires, Argentina","publisher":{"@id":"https:\/\/noticiasmercedinas.com\/site\/#organization"},"potentialAction":[{"@type":"SearchAction","target":{"@type":"EntryPoint","urlTemplate":"https:\/\/noticiasmercedinas.com\/site\/?s={search_term_string}"},"query-input":{"@type":"PropertyValueSpecification","valueRequired":true,"valueName":"search_term_string"}}],"inLanguage":"es"},{"@type":"Organization","@id":"https:\/\/noticiasmercedinas.com\/site\/#organization","name":"NOTICIASMERCEDINAS.COM","url":"https:\/\/noticiasmercedinas.com\/site\/","logo":{"@type":"ImageObject","inLanguage":"es","@id":"https:\/\/noticiasmercedinas.com\/site\/#\/schema\/logo\/image\/","url":"https:\/\/noticiasmercedinas.com\/site\/wp-content\/uploads\/2020\/06\/LOGO-512.jpg","contentUrl":"https:\/\/noticiasmercedinas.com\/site\/wp-content\/uploads\/2020\/06\/LOGO-512.jpg","width":512,"height":512,"caption":"NOTICIASMERCEDINAS.COM"},"image":{"@id":"https:\/\/noticiasmercedinas.com\/site\/#\/schema\/logo\/image\/"},"sameAs":["https:\/\/www.facebook.com\/noticiasmercedinas\/","https:\/\/x.com\/notmercedinas","https:\/\/www.instagram.com\/noticiasmercedinas\/"]},{"@type":"Person","@id":"https:\/\/noticiasmercedinas.com\/site\/#\/schema\/person\/84b59c099c28ff2e8b77d4ceec5d8063","name":"NOTICIASMERCEDINAS.COM","image":{"@type":"ImageObject","inLanguage":"es","@id":"https:\/\/secure.gravatar.com\/avatar\/4dfbf16b4d17945bfb6341b2d19043457132fcf478a5ee04f42e959fd8f5df0a?s=96&d=mm&r=g","url":"https:\/\/secure.gravatar.com\/avatar\/4dfbf16b4d17945bfb6341b2d19043457132fcf478a5ee04f42e959fd8f5df0a?s=96&d=mm&r=g","contentUrl":"https:\/\/secure.gravatar.com\/avatar\/4dfbf16b4d17945bfb6341b2d19043457132fcf478a5ee04f42e959fd8f5df0a?s=96&d=mm&r=g","caption":"NOTICIASMERCEDINAS.COM"},"url":"https:\/\/noticiasmercedinas.com\/site\/author\/anonimo\/"}]}},"amp_enabled":true,"_links":{"self":[{"href":"https:\/\/noticiasmercedinas.com\/site\/wp-json\/wp\/v2\/posts\/100870","targetHints":{"allow":["GET"]}}],"collection":[{"href":"https:\/\/noticiasmercedinas.com\/site\/wp-json\/wp\/v2\/posts"}],"about":[{"href":"https:\/\/noticiasmercedinas.com\/site\/wp-json\/wp\/v2\/types\/post"}],"author":[{"embeddable":true,"href":"https:\/\/noticiasmercedinas.com\/site\/wp-json\/wp\/v2\/users\/16"}],"replies":[{"embeddable":true,"href":"https:\/\/noticiasmercedinas.com\/site\/wp-json\/wp\/v2\/comments?post=100870"}],"version-history":[{"count":2,"href":"https:\/\/noticiasmercedinas.com\/site\/wp-json\/wp\/v2\/posts\/100870\/revisions"}],"predecessor-version":[{"id":100908,"href":"https:\/\/noticiasmercedinas.com\/site\/wp-json\/wp\/v2\/posts\/100870\/revisions\/100908"}],"wp:featuredmedia":[{"embeddable":true,"href":"https:\/\/noticiasmercedinas.com\/site\/wp-json\/wp\/v2\/media\/100869"}],"wp:attachment":[{"href":"https:\/\/noticiasmercedinas.com\/site\/wp-json\/wp\/v2\/media?parent=100870"}],"wp:term":[{"taxonomy":"category","embeddable":true,"href":"https:\/\/noticiasmercedinas.com\/site\/wp-json\/wp\/v2\/categories?post=100870"},{"taxonomy":"post_tag","embeddable":true,"href":"https:\/\/noticiasmercedinas.com\/site\/wp-json\/wp\/v2\/tags?post=100870"}],"curies":[{"name":"wp","href":"https:\/\/api.w.org\/{rel}","templated":true}]}}