{"id":101031,"date":"2022-10-03T09:53:51","date_gmt":"2022-10-03T12:53:51","guid":{"rendered":"https:\/\/noticiasmercedinas.com\/site\/?p=101031"},"modified":"2022-10-03T09:53:51","modified_gmt":"2022-10-03T12:53:51","slug":"wado-de-pedro-concluyo-la-gira-por-estados-unidos","status":"publish","type":"post","link":"https:\/\/noticiasmercedinas.com\/site\/2022\/10\/03\/wado-de-pedro-concluyo-la-gira-por-estados-unidos\/","title":{"rendered":"Wado de Pedro concluy\u00f3 la gira por Estados Unidos"},"content":{"rendered":"<p><img loading=\"lazy\" decoding=\"async\" class=\"alignnone size-large wp-image-101032\" src=\"https:\/\/noticiasmercedinas.com\/site\/wp-content\/uploads\/2022\/10\/2f116c7b-0305-448d-85f1-5a99130cc556-1024x682.jpg\" alt=\"\" width=\"640\" height=\"426\" srcset=\"https:\/\/noticiasmercedinas.com\/site\/wp-content\/uploads\/2022\/10\/2f116c7b-0305-448d-85f1-5a99130cc556-1024x682.jpg 1024w, https:\/\/noticiasmercedinas.com\/site\/wp-content\/uploads\/2022\/10\/2f116c7b-0305-448d-85f1-5a99130cc556-300x200.jpg 300w, https:\/\/noticiasmercedinas.com\/site\/wp-content\/uploads\/2022\/10\/2f116c7b-0305-448d-85f1-5a99130cc556-768x512.jpg 768w, https:\/\/noticiasmercedinas.com\/site\/wp-content\/uploads\/2022\/10\/2f116c7b-0305-448d-85f1-5a99130cc556-1536x1023.jpg 1536w, https:\/\/noticiasmercedinas.com\/site\/wp-content\/uploads\/2022\/10\/2f116c7b-0305-448d-85f1-5a99130cc556-640x426.jpg 640w, https:\/\/noticiasmercedinas.com\/site\/wp-content\/uploads\/2022\/10\/2f116c7b-0305-448d-85f1-5a99130cc556-1280x853.jpg 1280w, https:\/\/noticiasmercedinas.com\/site\/wp-content\/uploads\/2022\/10\/2f116c7b-0305-448d-85f1-5a99130cc556-681x454.jpg 681w, https:\/\/noticiasmercedinas.com\/site\/wp-content\/uploads\/2022\/10\/2f116c7b-0305-448d-85f1-5a99130cc556-1362x907.jpg 1362w, https:\/\/noticiasmercedinas.com\/site\/wp-content\/uploads\/2022\/10\/2f116c7b-0305-448d-85f1-5a99130cc556.jpg 1600w\" sizes=\"auto, (max-width: 640px) 100vw, 640px\" \/><\/p>\n<p>El ministro del Interior, Wado de Pedro, cerr\u00f3 con \u00e9xito la gira por Estados Unidos que encabez\u00f3 junto a los gobernadores de la regi\u00f3n del Norte Grande, entre el 26 y el 30 de septiembre en las ciudades de Washington y Nueva York, que incluy\u00f3 una amplia agenda con organismos multilaterales de cr\u00e9dito, inversores y empresas de tecnolog\u00eda; as\u00ed como importantes reuniones pol\u00edticas en las que analiz\u00f3 el contexto econ\u00f3mico y social que atraviesan ambos pa\u00edses, como as\u00ed tambi\u00e9n los caminos a recorrer para profundizar la relaci\u00f3n bilateral.<\/p>\n<p>El titular de la cartera de Interior, coordin\u00f3 la amplia agenda de los 9 mandatarios de distintas expresiones pol\u00edticas, entre ellos el radical Gerardo Morales, en una comitiva marcada por la pluralidad y que trabaj\u00f3 con el objetivo puesto en mostrar las oportunidades de inversi\u00f3n de la regi\u00f3n que representan.<\/p>\n<p>El propio Wado de Pedro calific\u00f3 como \u00abfruct\u00edfera, positiva y exitosa\u00bb la misi\u00f3n que tuvo la posibilidad de presentar ante las autoridades del Banco Mundial y del Banco Interamericano de Desarrollo (BID) el trabajo contenido en el Plan de Desarrollo Federal. Ese trabajo que viene articulando el ministro nacional busca potenciar las oportunidades de las distintas provincias en materia de desarrollo productivo, obras y generaci\u00f3n de empleo.<\/p>\n<p>En las reuniones encabezadas por Wado de Pedro tambi\u00e9n participaron los mandatarios provinciales Gildo Insfr\u00e1n (Formosa), Ricardo Quintela (La Rioja), Ra\u00fal Jalil (Catamarca), Oscar Herrera Ahuad (Misiones), Gerardo Morales (Jujuy), Jorge Capitanich (Chaco), Gustavo S\u00e1enz (Salta); y, en representaci\u00f3n de la Provincia de Tucum\u00e1n, el vicepresidente de la Legislatura provincial, Regino Amado; adem\u00e1s del embajador argentino en Estados Unidos, Jorge Arg\u00fcello. Asimismo, por el Ministerio del Interior estuvieron presentes la titular de la Direcci\u00f3n Nacional de Migraciones (DNM), Florencia Carignano; y el director nacional electoral, Marcos Schiavi. En tanto por el CFI estuvo su titular, Ignacio Lamothe.<\/p>\n<p>En ese marco, el titular de Interior sostuvo que desde el Gobierno nacional se apoya \u00abfuertemente la iniciativa de los gobernadores del Norte Grande\u00bb, que representan distintos signos pol\u00edticos, porque \u00abencontramos un lugar de diversidad donde toda la energ\u00eda est\u00e1 puesta en resolver los problemas regionales\u00bb y en donde \u00abtodas las capacidades est\u00e1n articuladas para ver cu\u00e1l es la mejor forma de abordar esos desaf\u00edos\u00bb.<\/p>\n<p><strong>AGENDA POL\u00cdTICA<\/strong><\/p>\n<p>Wado de Pedro tambi\u00e9n desarroll\u00f3 una intensa agenda pol\u00edtica, incluso con encuentros en la Casa Blanca. All\u00ed fue recibido por la directora de la Oficina de Asuntos Intergubernamentales del gobierno de Estados Unidos y asesora del presidente Joseph Biden, Julie Ch\u00e1vez Rodr\u00edguez, para dialogar en torno al fortalecimiento de la relaci\u00f3n bilateral.<\/p>\n<p>Uno de los puntos m\u00e1s destacados se registr\u00f3 el mi\u00e9rcoles, cuando mantuvo reuniones en el Departamento de Seguridad Interior con el secretario de Seguridad Nacional, Alejandro Mayorkas; en el Capitolio con el senador dem\u00f3crata Tim Kaine; y en la Casa Blanca con la directora de Asuntos Transfronterizos en el Consejo de Seguridad Nacional, Katie Tobin.<\/p>\n<p>En el encuentro con Mayorkas, a cargo del Homeland Security, se trataron temas ligados a la relaci\u00f3n bilateral respecto de tem\u00e1ticas como ciberdelitos, cr\u00edmenes de odio y tem\u00e1ticas relacionadas a la deep web.<\/p>\n<p>Adem\u00e1s, el funcionario norteamericano reiter\u00f3 ante Wado de Pedro lo ya transmitido d\u00edas atr\u00e1s al ministro An\u00edbal Fern\u00e1ndez, en la reuni\u00f3n en la ONU, donde el Gobierno estadounidense ofreci\u00f3 su colaboraci\u00f3n para el esclarecimiento del atentado contra la vicepresidenta Cristina Fern\u00e1ndez de Kirchner, poniendo a disposici\u00f3n herramientas e instrumentos tecnol\u00f3gicos para aportar a la investigaci\u00f3n.<\/p>\n<p>Luego, en el Capitolio, el ministro realiz\u00f3 un encuentro de trabajo con el senador dem\u00f3crata por Virgina, Tim Kaine -ex candidato a vicepresidente de Hillary Clinton en 2016-, quien expres\u00f3 su solidaridad por el atentado a la vicepresidenta y mostr\u00f3 su preocupaci\u00f3n sobre los discursos de odio.<\/p>\n<p>Con el foco puesto en la atracci\u00f3n de capitales, de Pedro y los gobernadores del Norte Grande celebraron un encuentro en la sede de la Embajada argentina en Washington con representantes de la US Chamber of Commerce ( la C\u00e1mara de Comercio de Estados Unidos), con el objetivo de acercar nuevas inversiones extranjeras y generar actividades comerciales en el Norte Grande.<\/p>\n<p>La gira encabezada por de Pedro cerr\u00f3 en Nueva York, con un encuentro con autoridades de la American Society\/Council of the Americas (AS\/COA). All\u00ed fueron recibidos por la presidenta y CEO de AS\/COA, Susan Segal, para avanzar con inversores estadounidenses en el impulso de proyectos estrat\u00e9gicos para la regi\u00f3n.<\/p>\n","protected":false},"excerpt":{"rendered":"<p>\u25a0 Junto a varios gobernadores del Norte Grande, la gira encabezada por el Ministro del Interior estuvo marcada por importantes encuentros pol\u00edticos y una nutrida agenda con inversores<\/p>\n","protected":false},"author":16,"featured_media":101032,"comment_status":"open","ping_status":"open","sticky":false,"template":"","format":"standard","meta":{"footnotes":""},"categories":[16],"tags":[4262,13795,4963],"class_list":["post-101031","post","type-post","status-publish","format-standard","has-post-thumbnail","hentry","category-politica","tag-estados-unidos","tag-gira","tag-wado-de-pedro"],"yoast_head":"<!-- This site is optimized with the Yoast SEO plugin v27.5 - https:\/\/yoast.com\/product\/yoast-seo-wordpress\/ -->\n<title>Wado de Pedro concluy\u00f3 la gira por Estados Unidos<\/title>\n<meta name=\"robots\" content=\"index, follow, max-snippet:-1, max-image-preview:large, max-video-preview:-1\" \/>\n<link rel=\"canonical\" href=\"https:\/\/noticiasmercedinas.com\/site\/2022\/10\/03\/wado-de-pedro-concluyo-la-gira-por-estados-unidos\/\" \/>\n<meta property=\"og:locale\" content=\"es_ES\" \/>\n<meta property=\"og:type\" content=\"article\" \/>\n<meta property=\"og:title\" content=\"Wado de Pedro concluy\u00f3 la gira por Estados Unidos\" \/>\n<meta property=\"og:description\" content=\"\u25a0 Junto a varios gobernadores del Norte Grande, la gira encabezada por el Ministro del Interior estuvo marcada por importantes encuentros pol\u00edticos y una nutrida agenda con inversores\" \/>\n<meta property=\"og:url\" content=\"https:\/\/noticiasmercedinas.com\/site\/2022\/10\/03\/wado-de-pedro-concluyo-la-gira-por-estados-unidos\/\" \/>\n<meta property=\"og:site_name\" content=\"NOTICIASMERCEDINAS.COM\" \/>\n<meta property=\"article:publisher\" content=\"https:\/\/www.facebook.com\/noticiasmercedinas\/\" \/>\n<meta property=\"article:published_time\" content=\"2022-10-03T12:53:51+00:00\" \/>\n<meta property=\"og:image\" content=\"https:\/\/noticiasmercedinas.com\/site\/wp-content\/uploads\/2022\/10\/2f116c7b-0305-448d-85f1-5a99130cc556.jpg\" \/>\n\t<meta property=\"og:image:width\" content=\"1600\" \/>\n\t<meta property=\"og:image:height\" content=\"1066\" \/>\n\t<meta property=\"og:image:type\" content=\"image\/jpeg\" \/>\n<meta name=\"author\" content=\"NOTICIASMERCEDINAS.COM\" \/>\n<meta name=\"twitter:card\" content=\"summary_large_image\" \/>\n<meta name=\"twitter:creator\" content=\"@notmercedinas\" \/>\n<meta name=\"twitter:site\" content=\"@notmercedinas\" \/>\n<meta name=\"twitter:label1\" content=\"Escrito por\" \/>\n\t<meta name=\"twitter:data1\" content=\"NOTICIASMERCEDINAS.COM\" \/>\n\t<meta name=\"twitter:label2\" content=\"Tiempo de lectura\" \/>\n\t<meta name=\"twitter:data2\" content=\"4 minutos\" \/>\n<script type=\"application\/ld+json\" class=\"yoast-schema-graph\">{\"@context\":\"https:\\\/\\\/schema.org\",\"@graph\":[{\"@type\":\"Article\",\"@id\":\"https:\\\/\\\/noticiasmercedinas.com\\\/site\\\/2022\\\/10\\\/03\\\/wado-de-pedro-concluyo-la-gira-por-estados-unidos\\\/#article\",\"isPartOf\":{\"@id\":\"https:\\\/\\\/noticiasmercedinas.com\\\/site\\\/2022\\\/10\\\/03\\\/wado-de-pedro-concluyo-la-gira-por-estados-unidos\\\/\"},\"author\":{\"name\":\"NOTICIASMERCEDINAS.COM\",\"@id\":\"https:\\\/\\\/noticiasmercedinas.com\\\/site\\\/#\\\/schema\\\/person\\\/84b59c099c28ff2e8b77d4ceec5d8063\"},\"headline\":\"Wado de Pedro concluy\u00f3 la gira por Estados Unidos\",\"datePublished\":\"2022-10-03T12:53:51+00:00\",\"mainEntityOfPage\":{\"@id\":\"https:\\\/\\\/noticiasmercedinas.com\\\/site\\\/2022\\\/10\\\/03\\\/wado-de-pedro-concluyo-la-gira-por-estados-unidos\\\/\"},\"wordCount\":787,\"commentCount\":0,\"publisher\":{\"@id\":\"https:\\\/\\\/noticiasmercedinas.com\\\/site\\\/#organization\"},\"image\":{\"@id\":\"https:\\\/\\\/noticiasmercedinas.com\\\/site\\\/2022\\\/10\\\/03\\\/wado-de-pedro-concluyo-la-gira-por-estados-unidos\\\/#primaryimage\"},\"thumbnailUrl\":\"https:\\\/\\\/noticiasmercedinas.com\\\/site\\\/wp-content\\\/uploads\\\/2022\\\/10\\\/2f116c7b-0305-448d-85f1-5a99130cc556.jpg\",\"keywords\":[\"estados unidos\",\"gira\",\"wado de pedro\"],\"articleSection\":[\"Politica\"],\"inLanguage\":\"es\",\"potentialAction\":[{\"@type\":\"CommentAction\",\"name\":\"Comment\",\"target\":[\"https:\\\/\\\/noticiasmercedinas.com\\\/site\\\/2022\\\/10\\\/03\\\/wado-de-pedro-concluyo-la-gira-por-estados-unidos\\\/#respond\"]}]},{\"@type\":\"WebPage\",\"@id\":\"https:\\\/\\\/noticiasmercedinas.com\\\/site\\\/2022\\\/10\\\/03\\\/wado-de-pedro-concluyo-la-gira-por-estados-unidos\\\/\",\"url\":\"https:\\\/\\\/noticiasmercedinas.com\\\/site\\\/2022\\\/10\\\/03\\\/wado-de-pedro-concluyo-la-gira-por-estados-unidos\\\/\",\"name\":\"Wado de Pedro concluy\u00f3 la gira por Estados Unidos\",\"isPartOf\":{\"@id\":\"https:\\\/\\\/noticiasmercedinas.com\\\/site\\\/#website\"},\"primaryImageOfPage\":{\"@id\":\"https:\\\/\\\/noticiasmercedinas.com\\\/site\\\/2022\\\/10\\\/03\\\/wado-de-pedro-concluyo-la-gira-por-estados-unidos\\\/#primaryimage\"},\"image\":{\"@id\":\"https:\\\/\\\/noticiasmercedinas.com\\\/site\\\/2022\\\/10\\\/03\\\/wado-de-pedro-concluyo-la-gira-por-estados-unidos\\\/#primaryimage\"},\"thumbnailUrl\":\"https:\\\/\\\/noticiasmercedinas.com\\\/site\\\/wp-content\\\/uploads\\\/2022\\\/10\\\/2f116c7b-0305-448d-85f1-5a99130cc556.jpg\",\"datePublished\":\"2022-10-03T12:53:51+00:00\",\"breadcrumb\":{\"@id\":\"https:\\\/\\\/noticiasmercedinas.com\\\/site\\\/2022\\\/10\\\/03\\\/wado-de-pedro-concluyo-la-gira-por-estados-unidos\\\/#breadcrumb\"},\"inLanguage\":\"es\",\"potentialAction\":[{\"@type\":\"ReadAction\",\"target\":[\"https:\\\/\\\/noticiasmercedinas.com\\\/site\\\/2022\\\/10\\\/03\\\/wado-de-pedro-concluyo-la-gira-por-estados-unidos\\\/\"]}]},{\"@type\":\"ImageObject\",\"inLanguage\":\"es\",\"@id\":\"https:\\\/\\\/noticiasmercedinas.com\\\/site\\\/2022\\\/10\\\/03\\\/wado-de-pedro-concluyo-la-gira-por-estados-unidos\\\/#primaryimage\",\"url\":\"https:\\\/\\\/noticiasmercedinas.com\\\/site\\\/wp-content\\\/uploads\\\/2022\\\/10\\\/2f116c7b-0305-448d-85f1-5a99130cc556.jpg\",\"contentUrl\":\"https:\\\/\\\/noticiasmercedinas.com\\\/site\\\/wp-content\\\/uploads\\\/2022\\\/10\\\/2f116c7b-0305-448d-85f1-5a99130cc556.jpg\",\"width\":1600,\"height\":1066},{\"@type\":\"BreadcrumbList\",\"@id\":\"https:\\\/\\\/noticiasmercedinas.com\\\/site\\\/2022\\\/10\\\/03\\\/wado-de-pedro-concluyo-la-gira-por-estados-unidos\\\/#breadcrumb\",\"itemListElement\":[{\"@type\":\"ListItem\",\"position\":1,\"name\":\"Portada\",\"item\":\"https:\\\/\\\/noticiasmercedinas.com\\\/site\\\/\"},{\"@type\":\"ListItem\",\"position\":2,\"name\":\"Wado de Pedro concluy\u00f3 la gira por Estados Unidos\"}]},{\"@type\":\"WebSite\",\"@id\":\"https:\\\/\\\/noticiasmercedinas.com\\\/site\\\/#website\",\"url\":\"https:\\\/\\\/noticiasmercedinas.com\\\/site\\\/\",\"name\":\"NOTICIASMERCEDINAS.COM\",\"description\":\"Mercedes, Buenos Aires, Argentina\",\"publisher\":{\"@id\":\"https:\\\/\\\/noticiasmercedinas.com\\\/site\\\/#organization\"},\"potentialAction\":[{\"@type\":\"SearchAction\",\"target\":{\"@type\":\"EntryPoint\",\"urlTemplate\":\"https:\\\/\\\/noticiasmercedinas.com\\\/site\\\/?s={search_term_string}\"},\"query-input\":{\"@type\":\"PropertyValueSpecification\",\"valueRequired\":true,\"valueName\":\"search_term_string\"}}],\"inLanguage\":\"es\"},{\"@type\":\"Organization\",\"@id\":\"https:\\\/\\\/noticiasmercedinas.com\\\/site\\\/#organization\",\"name\":\"NOTICIASMERCEDINAS.COM\",\"url\":\"https:\\\/\\\/noticiasmercedinas.com\\\/site\\\/\",\"logo\":{\"@type\":\"ImageObject\",\"inLanguage\":\"es\",\"@id\":\"https:\\\/\\\/noticiasmercedinas.com\\\/site\\\/#\\\/schema\\\/logo\\\/image\\\/\",\"url\":\"https:\\\/\\\/noticiasmercedinas.com\\\/site\\\/wp-content\\\/uploads\\\/2020\\\/06\\\/LOGO-512.jpg\",\"contentUrl\":\"https:\\\/\\\/noticiasmercedinas.com\\\/site\\\/wp-content\\\/uploads\\\/2020\\\/06\\\/LOGO-512.jpg\",\"width\":512,\"height\":512,\"caption\":\"NOTICIASMERCEDINAS.COM\"},\"image\":{\"@id\":\"https:\\\/\\\/noticiasmercedinas.com\\\/site\\\/#\\\/schema\\\/logo\\\/image\\\/\"},\"sameAs\":[\"https:\\\/\\\/www.facebook.com\\\/noticiasmercedinas\\\/\",\"https:\\\/\\\/x.com\\\/notmercedinas\",\"https:\\\/\\\/www.instagram.com\\\/noticiasmercedinas\\\/\"]},{\"@type\":\"Person\",\"@id\":\"https:\\\/\\\/noticiasmercedinas.com\\\/site\\\/#\\\/schema\\\/person\\\/84b59c099c28ff2e8b77d4ceec5d8063\",\"name\":\"NOTICIASMERCEDINAS.COM\",\"image\":{\"@type\":\"ImageObject\",\"inLanguage\":\"es\",\"@id\":\"https:\\\/\\\/secure.gravatar.com\\\/avatar\\\/4dfbf16b4d17945bfb6341b2d19043457132fcf478a5ee04f42e959fd8f5df0a?s=96&d=mm&r=g\",\"url\":\"https:\\\/\\\/secure.gravatar.com\\\/avatar\\\/4dfbf16b4d17945bfb6341b2d19043457132fcf478a5ee04f42e959fd8f5df0a?s=96&d=mm&r=g\",\"contentUrl\":\"https:\\\/\\\/secure.gravatar.com\\\/avatar\\\/4dfbf16b4d17945bfb6341b2d19043457132fcf478a5ee04f42e959fd8f5df0a?s=96&d=mm&r=g\",\"caption\":\"NOTICIASMERCEDINAS.COM\"},\"url\":\"https:\\\/\\\/noticiasmercedinas.com\\\/site\\\/author\\\/anonimo\\\/\"}]}<\/script>\n<!-- \/ Yoast SEO plugin. -->","yoast_head_json":{"title":"Wado de Pedro concluy\u00f3 la gira por Estados Unidos","robots":{"index":"index","follow":"follow","max-snippet":"max-snippet:-1","max-image-preview":"max-image-preview:large","max-video-preview":"max-video-preview:-1"},"canonical":"https:\/\/noticiasmercedinas.com\/site\/2022\/10\/03\/wado-de-pedro-concluyo-la-gira-por-estados-unidos\/","og_locale":"es_ES","og_type":"article","og_title":"Wado de Pedro concluy\u00f3 la gira por Estados Unidos","og_description":"\u25a0 Junto a varios gobernadores del Norte Grande, la gira encabezada por el Ministro del Interior estuvo marcada por importantes encuentros pol\u00edticos y una nutrida agenda con inversores","og_url":"https:\/\/noticiasmercedinas.com\/site\/2022\/10\/03\/wado-de-pedro-concluyo-la-gira-por-estados-unidos\/","og_site_name":"NOTICIASMERCEDINAS.COM","article_publisher":"https:\/\/www.facebook.com\/noticiasmercedinas\/","article_published_time":"2022-10-03T12:53:51+00:00","og_image":[{"width":1600,"height":1066,"url":"https:\/\/noticiasmercedinas.com\/site\/wp-content\/uploads\/2022\/10\/2f116c7b-0305-448d-85f1-5a99130cc556.jpg","type":"image\/jpeg"}],"author":"NOTICIASMERCEDINAS.COM","twitter_card":"summary_large_image","twitter_creator":"@notmercedinas","twitter_site":"@notmercedinas","twitter_misc":{"Escrito por":"NOTICIASMERCEDINAS.COM","Tiempo de lectura":"4 minutos"},"schema":{"@context":"https:\/\/schema.org","@graph":[{"@type":"Article","@id":"https:\/\/noticiasmercedinas.com\/site\/2022\/10\/03\/wado-de-pedro-concluyo-la-gira-por-estados-unidos\/#article","isPartOf":{"@id":"https:\/\/noticiasmercedinas.com\/site\/2022\/10\/03\/wado-de-pedro-concluyo-la-gira-por-estados-unidos\/"},"author":{"name":"NOTICIASMERCEDINAS.COM","@id":"https:\/\/noticiasmercedinas.com\/site\/#\/schema\/person\/84b59c099c28ff2e8b77d4ceec5d8063"},"headline":"Wado de Pedro concluy\u00f3 la gira por Estados Unidos","datePublished":"2022-10-03T12:53:51+00:00","mainEntityOfPage":{"@id":"https:\/\/noticiasmercedinas.com\/site\/2022\/10\/03\/wado-de-pedro-concluyo-la-gira-por-estados-unidos\/"},"wordCount":787,"commentCount":0,"publisher":{"@id":"https:\/\/noticiasmercedinas.com\/site\/#organization"},"image":{"@id":"https:\/\/noticiasmercedinas.com\/site\/2022\/10\/03\/wado-de-pedro-concluyo-la-gira-por-estados-unidos\/#primaryimage"},"thumbnailUrl":"https:\/\/noticiasmercedinas.com\/site\/wp-content\/uploads\/2022\/10\/2f116c7b-0305-448d-85f1-5a99130cc556.jpg","keywords":["estados unidos","gira","wado de pedro"],"articleSection":["Politica"],"inLanguage":"es","potentialAction":[{"@type":"CommentAction","name":"Comment","target":["https:\/\/noticiasmercedinas.com\/site\/2022\/10\/03\/wado-de-pedro-concluyo-la-gira-por-estados-unidos\/#respond"]}]},{"@type":"WebPage","@id":"https:\/\/noticiasmercedinas.com\/site\/2022\/10\/03\/wado-de-pedro-concluyo-la-gira-por-estados-unidos\/","url":"https:\/\/noticiasmercedinas.com\/site\/2022\/10\/03\/wado-de-pedro-concluyo-la-gira-por-estados-unidos\/","name":"Wado de Pedro concluy\u00f3 la gira por Estados Unidos","isPartOf":{"@id":"https:\/\/noticiasmercedinas.com\/site\/#website"},"primaryImageOfPage":{"@id":"https:\/\/noticiasmercedinas.com\/site\/2022\/10\/03\/wado-de-pedro-concluyo-la-gira-por-estados-unidos\/#primaryimage"},"image":{"@id":"https:\/\/noticiasmercedinas.com\/site\/2022\/10\/03\/wado-de-pedro-concluyo-la-gira-por-estados-unidos\/#primaryimage"},"thumbnailUrl":"https:\/\/noticiasmercedinas.com\/site\/wp-content\/uploads\/2022\/10\/2f116c7b-0305-448d-85f1-5a99130cc556.jpg","datePublished":"2022-10-03T12:53:51+00:00","breadcrumb":{"@id":"https:\/\/noticiasmercedinas.com\/site\/2022\/10\/03\/wado-de-pedro-concluyo-la-gira-por-estados-unidos\/#breadcrumb"},"inLanguage":"es","potentialAction":[{"@type":"ReadAction","target":["https:\/\/noticiasmercedinas.com\/site\/2022\/10\/03\/wado-de-pedro-concluyo-la-gira-por-estados-unidos\/"]}]},{"@type":"ImageObject","inLanguage":"es","@id":"https:\/\/noticiasmercedinas.com\/site\/2022\/10\/03\/wado-de-pedro-concluyo-la-gira-por-estados-unidos\/#primaryimage","url":"https:\/\/noticiasmercedinas.com\/site\/wp-content\/uploads\/2022\/10\/2f116c7b-0305-448d-85f1-5a99130cc556.jpg","contentUrl":"https:\/\/noticiasmercedinas.com\/site\/wp-content\/uploads\/2022\/10\/2f116c7b-0305-448d-85f1-5a99130cc556.jpg","width":1600,"height":1066},{"@type":"BreadcrumbList","@id":"https:\/\/noticiasmercedinas.com\/site\/2022\/10\/03\/wado-de-pedro-concluyo-la-gira-por-estados-unidos\/#breadcrumb","itemListElement":[{"@type":"ListItem","position":1,"name":"Portada","item":"https:\/\/noticiasmercedinas.com\/site\/"},{"@type":"ListItem","position":2,"name":"Wado de Pedro concluy\u00f3 la gira por Estados Unidos"}]},{"@type":"WebSite","@id":"https:\/\/noticiasmercedinas.com\/site\/#website","url":"https:\/\/noticiasmercedinas.com\/site\/","name":"NOTICIASMERCEDINAS.COM","description":"Mercedes, Buenos Aires, Argentina","publisher":{"@id":"https:\/\/noticiasmercedinas.com\/site\/#organization"},"potentialAction":[{"@type":"SearchAction","target":{"@type":"EntryPoint","urlTemplate":"https:\/\/noticiasmercedinas.com\/site\/?s={search_term_string}"},"query-input":{"@type":"PropertyValueSpecification","valueRequired":true,"valueName":"search_term_string"}}],"inLanguage":"es"},{"@type":"Organization","@id":"https:\/\/noticiasmercedinas.com\/site\/#organization","name":"NOTICIASMERCEDINAS.COM","url":"https:\/\/noticiasmercedinas.com\/site\/","logo":{"@type":"ImageObject","inLanguage":"es","@id":"https:\/\/noticiasmercedinas.com\/site\/#\/schema\/logo\/image\/","url":"https:\/\/noticiasmercedinas.com\/site\/wp-content\/uploads\/2020\/06\/LOGO-512.jpg","contentUrl":"https:\/\/noticiasmercedinas.com\/site\/wp-content\/uploads\/2020\/06\/LOGO-512.jpg","width":512,"height":512,"caption":"NOTICIASMERCEDINAS.COM"},"image":{"@id":"https:\/\/noticiasmercedinas.com\/site\/#\/schema\/logo\/image\/"},"sameAs":["https:\/\/www.facebook.com\/noticiasmercedinas\/","https:\/\/x.com\/notmercedinas","https:\/\/www.instagram.com\/noticiasmercedinas\/"]},{"@type":"Person","@id":"https:\/\/noticiasmercedinas.com\/site\/#\/schema\/person\/84b59c099c28ff2e8b77d4ceec5d8063","name":"NOTICIASMERCEDINAS.COM","image":{"@type":"ImageObject","inLanguage":"es","@id":"https:\/\/secure.gravatar.com\/avatar\/4dfbf16b4d17945bfb6341b2d19043457132fcf478a5ee04f42e959fd8f5df0a?s=96&d=mm&r=g","url":"https:\/\/secure.gravatar.com\/avatar\/4dfbf16b4d17945bfb6341b2d19043457132fcf478a5ee04f42e959fd8f5df0a?s=96&d=mm&r=g","contentUrl":"https:\/\/secure.gravatar.com\/avatar\/4dfbf16b4d17945bfb6341b2d19043457132fcf478a5ee04f42e959fd8f5df0a?s=96&d=mm&r=g","caption":"NOTICIASMERCEDINAS.COM"},"url":"https:\/\/noticiasmercedinas.com\/site\/author\/anonimo\/"}]}},"amp_enabled":true,"_links":{"self":[{"href":"https:\/\/noticiasmercedinas.com\/site\/wp-json\/wp\/v2\/posts\/101031","targetHints":{"allow":["GET"]}}],"collection":[{"href":"https:\/\/noticiasmercedinas.com\/site\/wp-json\/wp\/v2\/posts"}],"about":[{"href":"https:\/\/noticiasmercedinas.com\/site\/wp-json\/wp\/v2\/types\/post"}],"author":[{"embeddable":true,"href":"https:\/\/noticiasmercedinas.com\/site\/wp-json\/wp\/v2\/users\/16"}],"replies":[{"embeddable":true,"href":"https:\/\/noticiasmercedinas.com\/site\/wp-json\/wp\/v2\/comments?post=101031"}],"version-history":[{"count":1,"href":"https:\/\/noticiasmercedinas.com\/site\/wp-json\/wp\/v2\/posts\/101031\/revisions"}],"predecessor-version":[{"id":101033,"href":"https:\/\/noticiasmercedinas.com\/site\/wp-json\/wp\/v2\/posts\/101031\/revisions\/101033"}],"wp:featuredmedia":[{"embeddable":true,"href":"https:\/\/noticiasmercedinas.com\/site\/wp-json\/wp\/v2\/media\/101032"}],"wp:attachment":[{"href":"https:\/\/noticiasmercedinas.com\/site\/wp-json\/wp\/v2\/media?parent=101031"}],"wp:term":[{"taxonomy":"category","embeddable":true,"href":"https:\/\/noticiasmercedinas.com\/site\/wp-json\/wp\/v2\/categories?post=101031"},{"taxonomy":"post_tag","embeddable":true,"href":"https:\/\/noticiasmercedinas.com\/site\/wp-json\/wp\/v2\/tags?post=101031"}],"curies":[{"name":"wp","href":"https:\/\/api.w.org\/{rel}","templated":true}]}}