{"id":101275,"date":"2022-10-06T19:40:07","date_gmt":"2022-10-06T22:40:07","guid":{"rendered":"https:\/\/noticiasmercedinas.com\/site\/?p=101275"},"modified":"2022-10-06T19:46:41","modified_gmt":"2022-10-06T22:46:41","slug":"autopista-5-katopodis-confirmo-en-diputados-que-en-dias-inician-las-obras","status":"publish","type":"post","link":"https:\/\/noticiasmercedinas.com\/site\/2022\/10\/06\/autopista-5-katopodis-confirmo-en-diputados-que-en-dias-inician-las-obras\/","title":{"rendered":"Autopista 5: Katopodis confirm\u00f3 en Diputados que en d\u00edas inician las obras"},"content":{"rendered":"<figure id=\"attachment_101276\" aria-describedby=\"caption-attachment-101276\" style=\"width: 640px\" class=\"wp-caption alignnone\"><img loading=\"lazy\" decoding=\"async\" class=\"wp-image-101276 size-large\" src=\"https:\/\/noticiasmercedinas.com\/site\/wp-content\/uploads\/2022\/10\/gabriel-katopodis-comision-presupuesto-diputados-1024x683.jpeg\" alt=\"\" width=\"640\" height=\"427\" srcset=\"https:\/\/noticiasmercedinas.com\/site\/wp-content\/uploads\/2022\/10\/gabriel-katopodis-comision-presupuesto-diputados-1024x683.jpeg 1024w, https:\/\/noticiasmercedinas.com\/site\/wp-content\/uploads\/2022\/10\/gabriel-katopodis-comision-presupuesto-diputados-300x200.jpeg 300w, https:\/\/noticiasmercedinas.com\/site\/wp-content\/uploads\/2022\/10\/gabriel-katopodis-comision-presupuesto-diputados-768x512.jpeg 768w, https:\/\/noticiasmercedinas.com\/site\/wp-content\/uploads\/2022\/10\/gabriel-katopodis-comision-presupuesto-diputados-640x427.jpeg 640w, https:\/\/noticiasmercedinas.com\/site\/wp-content\/uploads\/2022\/10\/gabriel-katopodis-comision-presupuesto-diputados-681x454.jpeg 681w, https:\/\/noticiasmercedinas.com\/site\/wp-content\/uploads\/2022\/10\/gabriel-katopodis-comision-presupuesto-diputados.jpeg 1200w\" sizes=\"auto, (max-width: 640px) 100vw, 640px\" \/><figcaption id=\"caption-attachment-101276\" class=\"wp-caption-text\">Ministro Gabriel Katopodis<\/figcaption><\/figure>\n<p>En el marco del desfile de funcionarios que asistieron a la Comisi\u00f3n de Presupuesto y Hacienda de la C\u00e1mara de Diputados, el ministro de Obras P\u00fablicas, <strong>Gabriel Katopodis<\/strong>, destac\u00f3 este mi\u00e9rcoles que hacia el final de la gesti\u00f3n de Alberto Fern\u00e1ndez, es decir, en un plazo de cuatro a\u00f1os, el presupuesto para la obra p\u00fablica habr\u00e1 registrado \u201cun aumento del 633%\u201d en comparaci\u00f3n con los recursos previstos en 2020. Y a la hora de responder dudas de los diputados confirm\u00f3 ante la requisitoria del bragadense <strong>Pablo Torello<\/strong> que \u00aben 15 d\u00edas\u00bb se estar\u00e1 dando inicio a la primera etapa del tramo Mercedes \u2013 Suipacha de la Autov\u00eda 5.<\/p>\n<p>Pablo Torello es un diputado nacional que cuenta con familiares en Mercedes, y de hecho su bisabuelo es originario de esta ciudad, que cuenta con el \u201cHogar Torello\u201d, como una de sus hist\u00f3ricas instituciones.<\/p>\n<p>Pero m\u00e1s all\u00e1 de esta an\u00e9cdota, NOTICIAS MERCEDINAS consult\u00f3 al diputado que vive en el Cuartel XI de Bragado sobre su reciente intercambio con el ministro Katopodis en torno a las obras de ruta 5 y sus expectativas al respecto.<\/p>\n<p>\u201cSe estuvo presentando el presupuesto nacional y uno de los funcionarios que se lleg\u00f3 fue Katopodis. Entre otras preguntas yo me mostr\u00e9 interesado por la obra de la Ruta 5. El a\u00f1o pasado ya hab\u00edamos hablado de este tema. En ese momento el presupuesto era en tres tramos de 6 km, igual que ahora, y ahora quedamos con el mismo pedido, y no dijo que la van a hacer\u201d, coment\u00f3 el legislador nacional a este medio.<\/p>\n<figure id=\"attachment_101277\" aria-describedby=\"caption-attachment-101277\" style=\"width: 880px\" class=\"wp-caption alignnone\"><img loading=\"lazy\" decoding=\"async\" class=\"wp-image-101277 size-full\" src=\"https:\/\/noticiasmercedinas.com\/site\/wp-content\/uploads\/2022\/10\/pablo-torello.webp\" alt=\"\" width=\"880\" height=\"495\" srcset=\"https:\/\/noticiasmercedinas.com\/site\/wp-content\/uploads\/2022\/10\/pablo-torello.webp 880w, https:\/\/noticiasmercedinas.com\/site\/wp-content\/uploads\/2022\/10\/pablo-torello-300x169.webp 300w, https:\/\/noticiasmercedinas.com\/site\/wp-content\/uploads\/2022\/10\/pablo-torello-768x432.webp 768w, https:\/\/noticiasmercedinas.com\/site\/wp-content\/uploads\/2022\/10\/pablo-torello-640x360.webp 640w, https:\/\/noticiasmercedinas.com\/site\/wp-content\/uploads\/2022\/10\/pablo-torello-681x383.webp 681w\" sizes=\"auto, (max-width: 880px) 100vw, 880px\" \/><figcaption id=\"caption-attachment-101277\" class=\"wp-caption-text\">Diputado nacional Pablo Torello<\/figcaption><\/figure>\n<p>\u201cEse tramo se lo dieron a CPC, la compa\u00f1\u00eda de Crist\u00f3bal L\u00f3pez, que gan\u00f3 la licitaci\u00f3n y empezar\u00e1n en 15 d\u00edas, seg\u00fan dijo el ministro\u201d, destac\u00f3 Torello.<\/p>\n<p>\u201c<em>Yo lo voy a invitar y usted va a pagar el asado<\/em>, me dijo Katopodis. Nosotros lo que queremos es que se haga todo, hasta Bragado. Y \u00e9l aprovech\u00f3 esta situaci\u00f3n para decir que las PPP era un sistema car\u00edsimo, pero por lo menos estar\u00edan hechas las rutas si hubieran seguido\u201d, agreg\u00f3 el diputado de la naci\u00f3n del PRO en Juntos por el Cambio, quien adem\u00e1s es productor agropecuario. \u201cLlevar\u00e1 10 \u00f3 15 a\u00f1os para que la autov\u00eda llegue a Bragado a este ritmo\u201d, aventur\u00f3. \u201cPero esperamos que se empiece a hacer aunque sea de a poco\u201d.<\/p>\n<blockquote><p>\u201c<em>Yo lo voy a invitar y usted va a pagar el asado<\/em>, me dijo Katopodis. Nosotros lo que queremos es que se haga todo, hasta Bragado. Y \u00e9l aprovech\u00f3 esta situaci\u00f3n para decir que las PPP era un sistema car\u00edsimo, pero por lo menos estar\u00edan hechas las rutas si hubieran seguido\u201d<\/p><\/blockquote>\n<p>El legislador adem\u00e1s coment\u00f3 que el pasado lunes, cuando volv\u00eda de Bragado por ruta 5 hubo \u201cun accidente enorme\u201d. <a href=\"https:\/\/noticiasmercedinas.com\/site\/2022\/10\/04\/cuadruple-choque-en-ruta-5\/\">Se trat\u00f3 de un cu\u00e1druple choque<\/a>: \u201cFue un desastre y se lo dije al ministro. Hay choques todo el tiempo y esta ruta que tiene un tama\u00f1o chico ya que fue hecha en 1960 es necesario que se ampl\u00ede, porque estamos en 2022. Y la provincia pone demasiada plata en concepto de exportaci\u00f3n para que los gobiernos no pongan plata en infraestructura. Se llevan mucho y es poco lo que viene tanto por la coparticipaci\u00f3n como por las exportaciones. La provincia se ve perjudicada\u201d, se\u00f1al\u00f3 el legislador nacional.<\/p>\n<p><strong>\u201cEsperamos que se cumpla\u201d<\/strong><br \/>\nSobre lo que dijo el ministro Katopodis, sus expectativas son buenas. \u201cMe parece una persona educada Katopodis. Esperamos que se cumpla esa promesa. Yo estuve hablando tambi\u00e9n con Arrieta, director de Vialidad, y me confirm\u00f3 que empezaban ahora. El me dijo que no hab\u00eda dudas y es una muy buena noticia\u201d, complet\u00f3 el diputado nacional.<\/p>\n","protected":false},"excerpt":{"rendered":"<p>\u25a0 El ministro respondi\u00f3 al diputado Pablo Torello: \u201cVamos a empezar en 15 d\u00edas y te vas a pagar el asado\u201d, le dijo. \u201cEsperamos que se cumpla la promesa\u201d, afirm\u00f3 el legislador.<\/p>\n","protected":false},"author":2,"featured_media":101276,"comment_status":"open","ping_status":"open","sticky":false,"template":"","format":"standard","meta":{"footnotes":""},"categories":[3],"tags":[1314,1869,174,5728,23,36,4673,665,1095],"class_list":["post-101275","post","type-post","status-publish","format-standard","has-post-thumbnail","hentry","category-sociedad","tag-autopista-5","tag-bragado","tag-diputados","tag-gabriel-katopodis","tag-mercedes","tag-obras","tag-pablo-torello","tag-ruta-5","tag-suipacha"],"yoast_head":"<!-- This site is optimized with the Yoast SEO plugin v27.4 - https:\/\/yoast.com\/product\/yoast-seo-wordpress\/ -->\n<title>Autopista 5: Katopodis confirm\u00f3 en Diputados que en d\u00edas inician las obras<\/title>\n<meta name=\"robots\" content=\"index, follow, max-snippet:-1, max-image-preview:large, max-video-preview:-1\" \/>\n<link rel=\"canonical\" href=\"https:\/\/noticiasmercedinas.com\/site\/2022\/10\/06\/autopista-5-katopodis-confirmo-en-diputados-que-en-dias-inician-las-obras\/\" \/>\n<meta property=\"og:locale\" content=\"es_ES\" \/>\n<meta property=\"og:type\" content=\"article\" \/>\n<meta property=\"og:title\" content=\"Autopista 5: Katopodis confirm\u00f3 en Diputados que en d\u00edas inician las obras\" \/>\n<meta property=\"og:description\" content=\"\u25a0 El ministro respondi\u00f3 al diputado Pablo Torello: \u201cVamos a empezar en 15 d\u00edas y te vas a pagar el asado\u201d, le dijo. \u201cEsperamos que se cumpla la promesa\u201d, afirm\u00f3 el legislador.\" \/>\n<meta property=\"og:url\" content=\"https:\/\/noticiasmercedinas.com\/site\/2022\/10\/06\/autopista-5-katopodis-confirmo-en-diputados-que-en-dias-inician-las-obras\/\" \/>\n<meta property=\"og:site_name\" content=\"NOTICIASMERCEDINAS.COM\" \/>\n<meta property=\"article:publisher\" content=\"https:\/\/www.facebook.com\/noticiasmercedinas\/\" \/>\n<meta property=\"article:author\" content=\"https:\/\/www.facebook.com\/cristian.falabella\" \/>\n<meta property=\"article:published_time\" content=\"2022-10-06T22:40:07+00:00\" \/>\n<meta property=\"article:modified_time\" content=\"2022-10-06T22:46:41+00:00\" \/>\n<meta property=\"og:image\" content=\"https:\/\/noticiasmercedinas.com\/site\/wp-content\/uploads\/2022\/10\/gabriel-katopodis-comision-presupuesto-diputados.jpeg\" \/>\n\t<meta property=\"og:image:width\" content=\"1200\" \/>\n\t<meta property=\"og:image:height\" content=\"800\" \/>\n\t<meta property=\"og:image:type\" content=\"image\/jpeg\" \/>\n<meta name=\"author\" content=\"Cristian Falabella NOTICIASMERCEDINAS.COM\" \/>\n<meta name=\"twitter:card\" content=\"summary_large_image\" \/>\n<meta name=\"twitter:creator\" content=\"@https:\/\/twitter.com\/NOTMERCEDINAS\" \/>\n<meta name=\"twitter:site\" content=\"@notmercedinas\" \/>\n<meta name=\"twitter:label1\" content=\"Escrito por\" \/>\n\t<meta name=\"twitter:data1\" content=\"Cristian Falabella NOTICIASMERCEDINAS.COM\" \/>\n\t<meta name=\"twitter:label2\" content=\"Tiempo de lectura\" \/>\n\t<meta name=\"twitter:data2\" content=\"4 minutos\" \/>\n<script type=\"application\/ld+json\" class=\"yoast-schema-graph\">{\"@context\":\"https:\\\/\\\/schema.org\",\"@graph\":[{\"@type\":\"Article\",\"@id\":\"https:\\\/\\\/noticiasmercedinas.com\\\/site\\\/2022\\\/10\\\/06\\\/autopista-5-katopodis-confirmo-en-diputados-que-en-dias-inician-las-obras\\\/#article\",\"isPartOf\":{\"@id\":\"https:\\\/\\\/noticiasmercedinas.com\\\/site\\\/2022\\\/10\\\/06\\\/autopista-5-katopodis-confirmo-en-diputados-que-en-dias-inician-las-obras\\\/\"},\"author\":{\"name\":\"Cristian Falabella NOTICIASMERCEDINAS.COM\",\"@id\":\"https:\\\/\\\/noticiasmercedinas.com\\\/site\\\/#\\\/schema\\\/person\\\/d481a9696a5feaec13a60e2bbd991a6a\"},\"headline\":\"Autopista 5: Katopodis confirm\u00f3 en Diputados que en d\u00edas inician las obras\",\"datePublished\":\"2022-10-06T22:40:07+00:00\",\"dateModified\":\"2022-10-06T22:46:41+00:00\",\"mainEntityOfPage\":{\"@id\":\"https:\\\/\\\/noticiasmercedinas.com\\\/site\\\/2022\\\/10\\\/06\\\/autopista-5-katopodis-confirmo-en-diputados-que-en-dias-inician-las-obras\\\/\"},\"wordCount\":660,\"commentCount\":0,\"publisher\":{\"@id\":\"https:\\\/\\\/noticiasmercedinas.com\\\/site\\\/#organization\"},\"image\":{\"@id\":\"https:\\\/\\\/noticiasmercedinas.com\\\/site\\\/2022\\\/10\\\/06\\\/autopista-5-katopodis-confirmo-en-diputados-que-en-dias-inician-las-obras\\\/#primaryimage\"},\"thumbnailUrl\":\"https:\\\/\\\/noticiasmercedinas.com\\\/site\\\/wp-content\\\/uploads\\\/2022\\\/10\\\/gabriel-katopodis-comision-presupuesto-diputados.jpeg\",\"keywords\":[\"autopista 5\",\"Bragado\",\"diputados\",\"Gabriel katopodis\",\"mercedes\",\"obras\",\"Pablo Torello\",\"ruta 5\",\"suipacha\"],\"articleSection\":[\"Sociedad\"],\"inLanguage\":\"es\",\"potentialAction\":[{\"@type\":\"CommentAction\",\"name\":\"Comment\",\"target\":[\"https:\\\/\\\/noticiasmercedinas.com\\\/site\\\/2022\\\/10\\\/06\\\/autopista-5-katopodis-confirmo-en-diputados-que-en-dias-inician-las-obras\\\/#respond\"]}]},{\"@type\":\"WebPage\",\"@id\":\"https:\\\/\\\/noticiasmercedinas.com\\\/site\\\/2022\\\/10\\\/06\\\/autopista-5-katopodis-confirmo-en-diputados-que-en-dias-inician-las-obras\\\/\",\"url\":\"https:\\\/\\\/noticiasmercedinas.com\\\/site\\\/2022\\\/10\\\/06\\\/autopista-5-katopodis-confirmo-en-diputados-que-en-dias-inician-las-obras\\\/\",\"name\":\"Autopista 5: Katopodis confirm\u00f3 en Diputados que en d\u00edas inician las obras\",\"isPartOf\":{\"@id\":\"https:\\\/\\\/noticiasmercedinas.com\\\/site\\\/#website\"},\"primaryImageOfPage\":{\"@id\":\"https:\\\/\\\/noticiasmercedinas.com\\\/site\\\/2022\\\/10\\\/06\\\/autopista-5-katopodis-confirmo-en-diputados-que-en-dias-inician-las-obras\\\/#primaryimage\"},\"image\":{\"@id\":\"https:\\\/\\\/noticiasmercedinas.com\\\/site\\\/2022\\\/10\\\/06\\\/autopista-5-katopodis-confirmo-en-diputados-que-en-dias-inician-las-obras\\\/#primaryimage\"},\"thumbnailUrl\":\"https:\\\/\\\/noticiasmercedinas.com\\\/site\\\/wp-content\\\/uploads\\\/2022\\\/10\\\/gabriel-katopodis-comision-presupuesto-diputados.jpeg\",\"datePublished\":\"2022-10-06T22:40:07+00:00\",\"dateModified\":\"2022-10-06T22:46:41+00:00\",\"breadcrumb\":{\"@id\":\"https:\\\/\\\/noticiasmercedinas.com\\\/site\\\/2022\\\/10\\\/06\\\/autopista-5-katopodis-confirmo-en-diputados-que-en-dias-inician-las-obras\\\/#breadcrumb\"},\"inLanguage\":\"es\",\"potentialAction\":[{\"@type\":\"ReadAction\",\"target\":[\"https:\\\/\\\/noticiasmercedinas.com\\\/site\\\/2022\\\/10\\\/06\\\/autopista-5-katopodis-confirmo-en-diputados-que-en-dias-inician-las-obras\\\/\"]}]},{\"@type\":\"ImageObject\",\"inLanguage\":\"es\",\"@id\":\"https:\\\/\\\/noticiasmercedinas.com\\\/site\\\/2022\\\/10\\\/06\\\/autopista-5-katopodis-confirmo-en-diputados-que-en-dias-inician-las-obras\\\/#primaryimage\",\"url\":\"https:\\\/\\\/noticiasmercedinas.com\\\/site\\\/wp-content\\\/uploads\\\/2022\\\/10\\\/gabriel-katopodis-comision-presupuesto-diputados.jpeg\",\"contentUrl\":\"https:\\\/\\\/noticiasmercedinas.com\\\/site\\\/wp-content\\\/uploads\\\/2022\\\/10\\\/gabriel-katopodis-comision-presupuesto-diputados.jpeg\",\"width\":1200,\"height\":800},{\"@type\":\"BreadcrumbList\",\"@id\":\"https:\\\/\\\/noticiasmercedinas.com\\\/site\\\/2022\\\/10\\\/06\\\/autopista-5-katopodis-confirmo-en-diputados-que-en-dias-inician-las-obras\\\/#breadcrumb\",\"itemListElement\":[{\"@type\":\"ListItem\",\"position\":1,\"name\":\"Portada\",\"item\":\"https:\\\/\\\/noticiasmercedinas.com\\\/site\\\/\"},{\"@type\":\"ListItem\",\"position\":2,\"name\":\"Autopista 5: Katopodis confirm\u00f3 en Diputados que en d\u00edas inician las obras\"}]},{\"@type\":\"WebSite\",\"@id\":\"https:\\\/\\\/noticiasmercedinas.com\\\/site\\\/#website\",\"url\":\"https:\\\/\\\/noticiasmercedinas.com\\\/site\\\/\",\"name\":\"NOTICIASMERCEDINAS.COM\",\"description\":\"Mercedes, Buenos Aires, Argentina\",\"publisher\":{\"@id\":\"https:\\\/\\\/noticiasmercedinas.com\\\/site\\\/#organization\"},\"potentialAction\":[{\"@type\":\"SearchAction\",\"target\":{\"@type\":\"EntryPoint\",\"urlTemplate\":\"https:\\\/\\\/noticiasmercedinas.com\\\/site\\\/?s={search_term_string}\"},\"query-input\":{\"@type\":\"PropertyValueSpecification\",\"valueRequired\":true,\"valueName\":\"search_term_string\"}}],\"inLanguage\":\"es\"},{\"@type\":\"Organization\",\"@id\":\"https:\\\/\\\/noticiasmercedinas.com\\\/site\\\/#organization\",\"name\":\"NOTICIASMERCEDINAS.COM\",\"url\":\"https:\\\/\\\/noticiasmercedinas.com\\\/site\\\/\",\"logo\":{\"@type\":\"ImageObject\",\"inLanguage\":\"es\",\"@id\":\"https:\\\/\\\/noticiasmercedinas.com\\\/site\\\/#\\\/schema\\\/logo\\\/image\\\/\",\"url\":\"https:\\\/\\\/noticiasmercedinas.com\\\/site\\\/wp-content\\\/uploads\\\/2020\\\/06\\\/LOGO-512.jpg\",\"contentUrl\":\"https:\\\/\\\/noticiasmercedinas.com\\\/site\\\/wp-content\\\/uploads\\\/2020\\\/06\\\/LOGO-512.jpg\",\"width\":512,\"height\":512,\"caption\":\"NOTICIASMERCEDINAS.COM\"},\"image\":{\"@id\":\"https:\\\/\\\/noticiasmercedinas.com\\\/site\\\/#\\\/schema\\\/logo\\\/image\\\/\"},\"sameAs\":[\"https:\\\/\\\/www.facebook.com\\\/noticiasmercedinas\\\/\",\"https:\\\/\\\/x.com\\\/notmercedinas\",\"https:\\\/\\\/www.instagram.com\\\/noticiasmercedinas\\\/\"]},{\"@type\":\"Person\",\"@id\":\"https:\\\/\\\/noticiasmercedinas.com\\\/site\\\/#\\\/schema\\\/person\\\/d481a9696a5feaec13a60e2bbd991a6a\",\"name\":\"Cristian Falabella NOTICIASMERCEDINAS.COM\",\"image\":{\"@type\":\"ImageObject\",\"inLanguage\":\"es\",\"@id\":\"https:\\\/\\\/secure.gravatar.com\\\/avatar\\\/0dbbfc45970cc46bcd0e57766228574ff3511d6eed045b182f536f0f478c1f06?s=96&d=mm&r=g\",\"url\":\"https:\\\/\\\/secure.gravatar.com\\\/avatar\\\/0dbbfc45970cc46bcd0e57766228574ff3511d6eed045b182f536f0f478c1f06?s=96&d=mm&r=g\",\"contentUrl\":\"https:\\\/\\\/secure.gravatar.com\\\/avatar\\\/0dbbfc45970cc46bcd0e57766228574ff3511d6eed045b182f536f0f478c1f06?s=96&d=mm&r=g\",\"caption\":\"Cristian Falabella NOTICIASMERCEDINAS.COM\"},\"description\":\"Periodista, editor de Noticias Mercedinas. Pas\u00f3 por varias redacciones y emprendimientos de prensa, en distintos formatos y \u00e9pocas. Se especializ\u00f3 --y sigue haci\u00e9ndolo-- en comunicaci\u00f3n en la web y en junio de 2006 fund\u00f3 este diario digital.\",\"sameAs\":[\"https:\\\/\\\/noticiasmercedinas.com\",\"https:\\\/\\\/www.facebook.com\\\/cristian.falabella\",\"https:\\\/\\\/www.instagram.com\\\/noticiasmercedinas\\\/\",\"https:\\\/\\\/x.com\\\/https:\\\/\\\/twitter.com\\\/NOTMERCEDINAS\"],\"url\":\"https:\\\/\\\/noticiasmercedinas.com\\\/site\\\/author\\\/as000384\\\/\"}]}<\/script>\n<!-- \/ Yoast SEO plugin. -->","yoast_head_json":{"title":"Autopista 5: Katopodis confirm\u00f3 en Diputados que en d\u00edas inician las obras","robots":{"index":"index","follow":"follow","max-snippet":"max-snippet:-1","max-image-preview":"max-image-preview:large","max-video-preview":"max-video-preview:-1"},"canonical":"https:\/\/noticiasmercedinas.com\/site\/2022\/10\/06\/autopista-5-katopodis-confirmo-en-diputados-que-en-dias-inician-las-obras\/","og_locale":"es_ES","og_type":"article","og_title":"Autopista 5: Katopodis confirm\u00f3 en Diputados que en d\u00edas inician las obras","og_description":"\u25a0 El ministro respondi\u00f3 al diputado Pablo Torello: \u201cVamos a empezar en 15 d\u00edas y te vas a pagar el asado\u201d, le dijo. \u201cEsperamos que se cumpla la promesa\u201d, afirm\u00f3 el legislador.","og_url":"https:\/\/noticiasmercedinas.com\/site\/2022\/10\/06\/autopista-5-katopodis-confirmo-en-diputados-que-en-dias-inician-las-obras\/","og_site_name":"NOTICIASMERCEDINAS.COM","article_publisher":"https:\/\/www.facebook.com\/noticiasmercedinas\/","article_author":"https:\/\/www.facebook.com\/cristian.falabella","article_published_time":"2022-10-06T22:40:07+00:00","article_modified_time":"2022-10-06T22:46:41+00:00","og_image":[{"width":1200,"height":800,"url":"https:\/\/noticiasmercedinas.com\/site\/wp-content\/uploads\/2022\/10\/gabriel-katopodis-comision-presupuesto-diputados.jpeg","type":"image\/jpeg"}],"author":"Cristian Falabella NOTICIASMERCEDINAS.COM","twitter_card":"summary_large_image","twitter_creator":"@https:\/\/twitter.com\/NOTMERCEDINAS","twitter_site":"@notmercedinas","twitter_misc":{"Escrito por":"Cristian Falabella NOTICIASMERCEDINAS.COM","Tiempo de lectura":"4 minutos"},"schema":{"@context":"https:\/\/schema.org","@graph":[{"@type":"Article","@id":"https:\/\/noticiasmercedinas.com\/site\/2022\/10\/06\/autopista-5-katopodis-confirmo-en-diputados-que-en-dias-inician-las-obras\/#article","isPartOf":{"@id":"https:\/\/noticiasmercedinas.com\/site\/2022\/10\/06\/autopista-5-katopodis-confirmo-en-diputados-que-en-dias-inician-las-obras\/"},"author":{"name":"Cristian Falabella NOTICIASMERCEDINAS.COM","@id":"https:\/\/noticiasmercedinas.com\/site\/#\/schema\/person\/d481a9696a5feaec13a60e2bbd991a6a"},"headline":"Autopista 5: Katopodis confirm\u00f3 en Diputados que en d\u00edas inician las obras","datePublished":"2022-10-06T22:40:07+00:00","dateModified":"2022-10-06T22:46:41+00:00","mainEntityOfPage":{"@id":"https:\/\/noticiasmercedinas.com\/site\/2022\/10\/06\/autopista-5-katopodis-confirmo-en-diputados-que-en-dias-inician-las-obras\/"},"wordCount":660,"commentCount":0,"publisher":{"@id":"https:\/\/noticiasmercedinas.com\/site\/#organization"},"image":{"@id":"https:\/\/noticiasmercedinas.com\/site\/2022\/10\/06\/autopista-5-katopodis-confirmo-en-diputados-que-en-dias-inician-las-obras\/#primaryimage"},"thumbnailUrl":"https:\/\/noticiasmercedinas.com\/site\/wp-content\/uploads\/2022\/10\/gabriel-katopodis-comision-presupuesto-diputados.jpeg","keywords":["autopista 5","Bragado","diputados","Gabriel katopodis","mercedes","obras","Pablo Torello","ruta 5","suipacha"],"articleSection":["Sociedad"],"inLanguage":"es","potentialAction":[{"@type":"CommentAction","name":"Comment","target":["https:\/\/noticiasmercedinas.com\/site\/2022\/10\/06\/autopista-5-katopodis-confirmo-en-diputados-que-en-dias-inician-las-obras\/#respond"]}]},{"@type":"WebPage","@id":"https:\/\/noticiasmercedinas.com\/site\/2022\/10\/06\/autopista-5-katopodis-confirmo-en-diputados-que-en-dias-inician-las-obras\/","url":"https:\/\/noticiasmercedinas.com\/site\/2022\/10\/06\/autopista-5-katopodis-confirmo-en-diputados-que-en-dias-inician-las-obras\/","name":"Autopista 5: Katopodis confirm\u00f3 en Diputados que en d\u00edas inician las obras","isPartOf":{"@id":"https:\/\/noticiasmercedinas.com\/site\/#website"},"primaryImageOfPage":{"@id":"https:\/\/noticiasmercedinas.com\/site\/2022\/10\/06\/autopista-5-katopodis-confirmo-en-diputados-que-en-dias-inician-las-obras\/#primaryimage"},"image":{"@id":"https:\/\/noticiasmercedinas.com\/site\/2022\/10\/06\/autopista-5-katopodis-confirmo-en-diputados-que-en-dias-inician-las-obras\/#primaryimage"},"thumbnailUrl":"https:\/\/noticiasmercedinas.com\/site\/wp-content\/uploads\/2022\/10\/gabriel-katopodis-comision-presupuesto-diputados.jpeg","datePublished":"2022-10-06T22:40:07+00:00","dateModified":"2022-10-06T22:46:41+00:00","breadcrumb":{"@id":"https:\/\/noticiasmercedinas.com\/site\/2022\/10\/06\/autopista-5-katopodis-confirmo-en-diputados-que-en-dias-inician-las-obras\/#breadcrumb"},"inLanguage":"es","potentialAction":[{"@type":"ReadAction","target":["https:\/\/noticiasmercedinas.com\/site\/2022\/10\/06\/autopista-5-katopodis-confirmo-en-diputados-que-en-dias-inician-las-obras\/"]}]},{"@type":"ImageObject","inLanguage":"es","@id":"https:\/\/noticiasmercedinas.com\/site\/2022\/10\/06\/autopista-5-katopodis-confirmo-en-diputados-que-en-dias-inician-las-obras\/#primaryimage","url":"https:\/\/noticiasmercedinas.com\/site\/wp-content\/uploads\/2022\/10\/gabriel-katopodis-comision-presupuesto-diputados.jpeg","contentUrl":"https:\/\/noticiasmercedinas.com\/site\/wp-content\/uploads\/2022\/10\/gabriel-katopodis-comision-presupuesto-diputados.jpeg","width":1200,"height":800},{"@type":"BreadcrumbList","@id":"https:\/\/noticiasmercedinas.com\/site\/2022\/10\/06\/autopista-5-katopodis-confirmo-en-diputados-que-en-dias-inician-las-obras\/#breadcrumb","itemListElement":[{"@type":"ListItem","position":1,"name":"Portada","item":"https:\/\/noticiasmercedinas.com\/site\/"},{"@type":"ListItem","position":2,"name":"Autopista 5: Katopodis confirm\u00f3 en Diputados que en d\u00edas inician las obras"}]},{"@type":"WebSite","@id":"https:\/\/noticiasmercedinas.com\/site\/#website","url":"https:\/\/noticiasmercedinas.com\/site\/","name":"NOTICIASMERCEDINAS.COM","description":"Mercedes, Buenos Aires, Argentina","publisher":{"@id":"https:\/\/noticiasmercedinas.com\/site\/#organization"},"potentialAction":[{"@type":"SearchAction","target":{"@type":"EntryPoint","urlTemplate":"https:\/\/noticiasmercedinas.com\/site\/?s={search_term_string}"},"query-input":{"@type":"PropertyValueSpecification","valueRequired":true,"valueName":"search_term_string"}}],"inLanguage":"es"},{"@type":"Organization","@id":"https:\/\/noticiasmercedinas.com\/site\/#organization","name":"NOTICIASMERCEDINAS.COM","url":"https:\/\/noticiasmercedinas.com\/site\/","logo":{"@type":"ImageObject","inLanguage":"es","@id":"https:\/\/noticiasmercedinas.com\/site\/#\/schema\/logo\/image\/","url":"https:\/\/noticiasmercedinas.com\/site\/wp-content\/uploads\/2020\/06\/LOGO-512.jpg","contentUrl":"https:\/\/noticiasmercedinas.com\/site\/wp-content\/uploads\/2020\/06\/LOGO-512.jpg","width":512,"height":512,"caption":"NOTICIASMERCEDINAS.COM"},"image":{"@id":"https:\/\/noticiasmercedinas.com\/site\/#\/schema\/logo\/image\/"},"sameAs":["https:\/\/www.facebook.com\/noticiasmercedinas\/","https:\/\/x.com\/notmercedinas","https:\/\/www.instagram.com\/noticiasmercedinas\/"]},{"@type":"Person","@id":"https:\/\/noticiasmercedinas.com\/site\/#\/schema\/person\/d481a9696a5feaec13a60e2bbd991a6a","name":"Cristian Falabella NOTICIASMERCEDINAS.COM","image":{"@type":"ImageObject","inLanguage":"es","@id":"https:\/\/secure.gravatar.com\/avatar\/0dbbfc45970cc46bcd0e57766228574ff3511d6eed045b182f536f0f478c1f06?s=96&d=mm&r=g","url":"https:\/\/secure.gravatar.com\/avatar\/0dbbfc45970cc46bcd0e57766228574ff3511d6eed045b182f536f0f478c1f06?s=96&d=mm&r=g","contentUrl":"https:\/\/secure.gravatar.com\/avatar\/0dbbfc45970cc46bcd0e57766228574ff3511d6eed045b182f536f0f478c1f06?s=96&d=mm&r=g","caption":"Cristian Falabella NOTICIASMERCEDINAS.COM"},"description":"Periodista, editor de Noticias Mercedinas. Pas\u00f3 por varias redacciones y emprendimientos de prensa, en distintos formatos y \u00e9pocas. Se especializ\u00f3 --y sigue haci\u00e9ndolo-- en comunicaci\u00f3n en la web y en junio de 2006 fund\u00f3 este diario digital.","sameAs":["https:\/\/noticiasmercedinas.com","https:\/\/www.facebook.com\/cristian.falabella","https:\/\/www.instagram.com\/noticiasmercedinas\/","https:\/\/x.com\/https:\/\/twitter.com\/NOTMERCEDINAS"],"url":"https:\/\/noticiasmercedinas.com\/site\/author\/as000384\/"}]}},"amp_enabled":true,"_links":{"self":[{"href":"https:\/\/noticiasmercedinas.com\/site\/wp-json\/wp\/v2\/posts\/101275","targetHints":{"allow":["GET"]}}],"collection":[{"href":"https:\/\/noticiasmercedinas.com\/site\/wp-json\/wp\/v2\/posts"}],"about":[{"href":"https:\/\/noticiasmercedinas.com\/site\/wp-json\/wp\/v2\/types\/post"}],"author":[{"embeddable":true,"href":"https:\/\/noticiasmercedinas.com\/site\/wp-json\/wp\/v2\/users\/2"}],"replies":[{"embeddable":true,"href":"https:\/\/noticiasmercedinas.com\/site\/wp-json\/wp\/v2\/comments?post=101275"}],"version-history":[{"count":4,"href":"https:\/\/noticiasmercedinas.com\/site\/wp-json\/wp\/v2\/posts\/101275\/revisions"}],"predecessor-version":[{"id":101281,"href":"https:\/\/noticiasmercedinas.com\/site\/wp-json\/wp\/v2\/posts\/101275\/revisions\/101281"}],"wp:featuredmedia":[{"embeddable":true,"href":"https:\/\/noticiasmercedinas.com\/site\/wp-json\/wp\/v2\/media\/101276"}],"wp:attachment":[{"href":"https:\/\/noticiasmercedinas.com\/site\/wp-json\/wp\/v2\/media?parent=101275"}],"wp:term":[{"taxonomy":"category","embeddable":true,"href":"https:\/\/noticiasmercedinas.com\/site\/wp-json\/wp\/v2\/categories?post=101275"},{"taxonomy":"post_tag","embeddable":true,"href":"https:\/\/noticiasmercedinas.com\/site\/wp-json\/wp\/v2\/tags?post=101275"}],"curies":[{"name":"wp","href":"https:\/\/api.w.org\/{rel}","templated":true}]}}