{"id":101421,"date":"2022-10-09T09:12:27","date_gmt":"2022-10-09T12:12:27","guid":{"rendered":"https:\/\/noticiasmercedinas.com\/site\/?p=101421"},"modified":"2022-10-09T11:28:33","modified_gmt":"2022-10-09T14:28:33","slug":"hernan-casciari-abre-en-lujan-un-ciclo-de-charlas-sobre-gestion-cultural","status":"publish","type":"post","link":"https:\/\/noticiasmercedinas.com\/site\/2022\/10\/09\/hernan-casciari-abre-en-lujan-un-ciclo-de-charlas-sobre-gestion-cultural\/","title":{"rendered":"Hern\u00e1n Casciari abre en Luj\u00e1n un ciclo de charlas sobre Gesti\u00f3n Cultural"},"content":{"rendered":"<p><a href=\"https:\/\/noticiasmercedinas.com\/site\/wp-content\/uploads\/2022\/10\/Casciari.jpg\"><img loading=\"lazy\" decoding=\"async\" class=\"alignnone wp-image-101422\" src=\"https:\/\/noticiasmercedinas.com\/site\/wp-content\/uploads\/2022\/10\/Casciari.jpg\" alt=\"\" width=\"640\" height=\"429\" srcset=\"https:\/\/noticiasmercedinas.com\/site\/wp-content\/uploads\/2022\/10\/Casciari.jpg 610w, https:\/\/noticiasmercedinas.com\/site\/wp-content\/uploads\/2022\/10\/Casciari-300x201.jpg 300w, https:\/\/noticiasmercedinas.com\/site\/wp-content\/uploads\/2022\/10\/Casciari-537x360.jpg 537w\" sizes=\"auto, (max-width: 640px) 100vw, 640px\" \/><\/a><\/p>\n<p>El Municipio de Luj\u00e1n invit\u00f3 a participar de la charla que brindar\u00e1 el escritor y editor Hern\u00e1n Casciari, que tendr\u00e1 lugar el pr\u00f3ximo jueves 13 de octubre a las 19 horas en el Teatro Municipal Trinidad Guevara.<\/p>\n<p>Con entrada libre y gratuita, la propuesta se enmarca en el \u201cCiclo de Charlas sobre Gesti\u00f3n Cultural\u201d organizado por docentes y estudiantes de la Tecnicatura en Gesti\u00f3n Cultural del Instituto Municipal \u201cEmilio Mignone\u201d, con el objetivo de generar \u00e1mbitos de debate e intercambio con referentes del sector.<\/p>\n<p>En este sentido, el reconocido escritor mercedino se presentar\u00e1 con una propuesta participativa, con la posibilidad de interactuar con el p\u00fablico. Las entradas para el evento deber\u00e1n retirarse con anticipaci\u00f3n en la Boleter\u00eda del Teatro Municipal, de lunes a viernes de 9 a 13 horas.<\/p>\n<blockquote><p>El reconocido escritor mercedino se presentar\u00e1 con una propuesta participativa.<\/p><\/blockquote>\n<p>El Ciclo de Charlas continuar\u00e1 en el mes de noviembre con la presentaci\u00f3n del cineasta C\u00e9sar Gonz\u00e1lez y la m\u00fasica \u201cCharo\u201d Bogar\u00edn.<\/p>\n<p>Recordaron los organizadores que Hern\u00e1n Casciari se hizo inicialmente conocido por su trabajo de uni\u00f3n entre literatura e internet con el c\u00e9lebre \u201cBlog de una mujer gorda\u201d. M\u00e1s tarde cre\u00f3 la Editorial Orsai y desde 2011 dirige la revista Orsai, de cr\u00f3nica period\u00edstica y literatura. Public\u00f3 m\u00e1s de una docena de libros y se caracteriza por leer sus historias en voz alta en radio, televisi\u00f3n y teatros.<\/p>\n<p>En los \u00faltimos a\u00f1os, adem\u00e1s, incursion\u00f3 en el cine con la realizaci\u00f3n de la adaptaci\u00f3n de la novela \u00abLa Uruguaya\u00bb de Pedro Mairal, producida por socios de la Comunidad Orsai bajo el formato de financiamiento colectivo. Recientemente lanz\u00f3 Orsai Educaci\u00f3n, una iniciativa para promover las nuevas narrativas en el \u00e1mbito educativo.<\/p>\n","protected":false},"excerpt":{"rendered":"<p>\u25a0 Ser\u00e1 este jueves 13 de octubre a las 19 horas en el Teatro Municipal Trinidad Guevara. Es una actividad organizada por estudiantes y docentes del Instituto Mignone.<\/p>\n","protected":false},"author":16,"featured_media":101422,"comment_status":"open","ping_status":"open","sticky":false,"template":"","format":"standard","meta":{"footnotes":""},"categories":[4],"tags":[6429,193,15450,40,15449],"class_list":["post-101421","post","type-post","status-publish","format-standard","has-post-thumbnail","hentry","category-cultura","tag-gestion-cultural","tag-hernan-casciari","tag-instituto-mignone","tag-lujan","tag-teatro-trinidad-guevara"],"yoast_head":"<!-- This site is optimized with the Yoast SEO plugin v27.4 - https:\/\/yoast.com\/product\/yoast-seo-wordpress\/ -->\n<title>Hern\u00e1n Casciari abre en Luj\u00e1n un ciclo de charlas sobre Gesti\u00f3n Cultural<\/title>\n<meta name=\"robots\" content=\"index, follow, max-snippet:-1, max-image-preview:large, max-video-preview:-1\" \/>\n<link rel=\"canonical\" href=\"https:\/\/noticiasmercedinas.com\/site\/2022\/10\/09\/hernan-casciari-abre-en-lujan-un-ciclo-de-charlas-sobre-gestion-cultural\/\" \/>\n<meta property=\"og:locale\" content=\"es_ES\" \/>\n<meta property=\"og:type\" content=\"article\" \/>\n<meta property=\"og:title\" content=\"Hern\u00e1n Casciari abre en Luj\u00e1n un ciclo de charlas sobre Gesti\u00f3n Cultural\" \/>\n<meta property=\"og:description\" content=\"\u25a0 Ser\u00e1 este jueves 13 de octubre a las 19 horas en el Teatro Municipal Trinidad Guevara. Es una actividad organizada por estudiantes y docentes del Instituto Mignone.\" \/>\n<meta property=\"og:url\" content=\"https:\/\/noticiasmercedinas.com\/site\/2022\/10\/09\/hernan-casciari-abre-en-lujan-un-ciclo-de-charlas-sobre-gestion-cultural\/\" \/>\n<meta property=\"og:site_name\" content=\"NOTICIASMERCEDINAS.COM\" \/>\n<meta property=\"article:publisher\" content=\"https:\/\/www.facebook.com\/noticiasmercedinas\/\" \/>\n<meta property=\"article:published_time\" content=\"2022-10-09T12:12:27+00:00\" \/>\n<meta property=\"article:modified_time\" content=\"2022-10-09T14:28:33+00:00\" \/>\n<meta property=\"og:image\" content=\"https:\/\/noticiasmercedinas.com\/site\/wp-content\/uploads\/2022\/10\/Casciari.jpg\" \/>\n\t<meta property=\"og:image:width\" content=\"610\" \/>\n\t<meta property=\"og:image:height\" content=\"409\" \/>\n\t<meta property=\"og:image:type\" content=\"image\/jpeg\" \/>\n<meta name=\"author\" content=\"NOTICIASMERCEDINAS.COM\" \/>\n<meta name=\"twitter:card\" content=\"summary_large_image\" \/>\n<meta name=\"twitter:creator\" content=\"@notmercedinas\" \/>\n<meta name=\"twitter:site\" content=\"@notmercedinas\" \/>\n<meta name=\"twitter:label1\" content=\"Escrito por\" \/>\n\t<meta name=\"twitter:data1\" content=\"NOTICIASMERCEDINAS.COM\" \/>\n\t<meta name=\"twitter:label2\" content=\"Tiempo de lectura\" \/>\n\t<meta name=\"twitter:data2\" content=\"2 minutos\" \/>\n<script type=\"application\/ld+json\" class=\"yoast-schema-graph\">{\"@context\":\"https:\\\/\\\/schema.org\",\"@graph\":[{\"@type\":\"Article\",\"@id\":\"https:\\\/\\\/noticiasmercedinas.com\\\/site\\\/2022\\\/10\\\/09\\\/hernan-casciari-abre-en-lujan-un-ciclo-de-charlas-sobre-gestion-cultural\\\/#article\",\"isPartOf\":{\"@id\":\"https:\\\/\\\/noticiasmercedinas.com\\\/site\\\/2022\\\/10\\\/09\\\/hernan-casciari-abre-en-lujan-un-ciclo-de-charlas-sobre-gestion-cultural\\\/\"},\"author\":{\"name\":\"NOTICIASMERCEDINAS.COM\",\"@id\":\"https:\\\/\\\/noticiasmercedinas.com\\\/site\\\/#\\\/schema\\\/person\\\/84b59c099c28ff2e8b77d4ceec5d8063\"},\"headline\":\"Hern\u00e1n Casciari abre en Luj\u00e1n un ciclo de charlas sobre Gesti\u00f3n Cultural\",\"datePublished\":\"2022-10-09T12:12:27+00:00\",\"dateModified\":\"2022-10-09T14:28:33+00:00\",\"mainEntityOfPage\":{\"@id\":\"https:\\\/\\\/noticiasmercedinas.com\\\/site\\\/2022\\\/10\\\/09\\\/hernan-casciari-abre-en-lujan-un-ciclo-de-charlas-sobre-gestion-cultural\\\/\"},\"wordCount\":316,\"commentCount\":0,\"publisher\":{\"@id\":\"https:\\\/\\\/noticiasmercedinas.com\\\/site\\\/#organization\"},\"image\":{\"@id\":\"https:\\\/\\\/noticiasmercedinas.com\\\/site\\\/2022\\\/10\\\/09\\\/hernan-casciari-abre-en-lujan-un-ciclo-de-charlas-sobre-gestion-cultural\\\/#primaryimage\"},\"thumbnailUrl\":\"https:\\\/\\\/noticiasmercedinas.com\\\/site\\\/wp-content\\\/uploads\\\/2022\\\/10\\\/Casciari.jpg\",\"keywords\":[\"gestion cultural\",\"hernan casciari\",\"Instituto Mignone\",\"lujan\",\"Teatro Trinidad Guevara\"],\"articleSection\":[\"Cultura\"],\"inLanguage\":\"es\",\"potentialAction\":[{\"@type\":\"CommentAction\",\"name\":\"Comment\",\"target\":[\"https:\\\/\\\/noticiasmercedinas.com\\\/site\\\/2022\\\/10\\\/09\\\/hernan-casciari-abre-en-lujan-un-ciclo-de-charlas-sobre-gestion-cultural\\\/#respond\"]}]},{\"@type\":\"WebPage\",\"@id\":\"https:\\\/\\\/noticiasmercedinas.com\\\/site\\\/2022\\\/10\\\/09\\\/hernan-casciari-abre-en-lujan-un-ciclo-de-charlas-sobre-gestion-cultural\\\/\",\"url\":\"https:\\\/\\\/noticiasmercedinas.com\\\/site\\\/2022\\\/10\\\/09\\\/hernan-casciari-abre-en-lujan-un-ciclo-de-charlas-sobre-gestion-cultural\\\/\",\"name\":\"Hern\u00e1n Casciari abre en Luj\u00e1n un ciclo de charlas sobre Gesti\u00f3n Cultural\",\"isPartOf\":{\"@id\":\"https:\\\/\\\/noticiasmercedinas.com\\\/site\\\/#website\"},\"primaryImageOfPage\":{\"@id\":\"https:\\\/\\\/noticiasmercedinas.com\\\/site\\\/2022\\\/10\\\/09\\\/hernan-casciari-abre-en-lujan-un-ciclo-de-charlas-sobre-gestion-cultural\\\/#primaryimage\"},\"image\":{\"@id\":\"https:\\\/\\\/noticiasmercedinas.com\\\/site\\\/2022\\\/10\\\/09\\\/hernan-casciari-abre-en-lujan-un-ciclo-de-charlas-sobre-gestion-cultural\\\/#primaryimage\"},\"thumbnailUrl\":\"https:\\\/\\\/noticiasmercedinas.com\\\/site\\\/wp-content\\\/uploads\\\/2022\\\/10\\\/Casciari.jpg\",\"datePublished\":\"2022-10-09T12:12:27+00:00\",\"dateModified\":\"2022-10-09T14:28:33+00:00\",\"breadcrumb\":{\"@id\":\"https:\\\/\\\/noticiasmercedinas.com\\\/site\\\/2022\\\/10\\\/09\\\/hernan-casciari-abre-en-lujan-un-ciclo-de-charlas-sobre-gestion-cultural\\\/#breadcrumb\"},\"inLanguage\":\"es\",\"potentialAction\":[{\"@type\":\"ReadAction\",\"target\":[\"https:\\\/\\\/noticiasmercedinas.com\\\/site\\\/2022\\\/10\\\/09\\\/hernan-casciari-abre-en-lujan-un-ciclo-de-charlas-sobre-gestion-cultural\\\/\"]}]},{\"@type\":\"ImageObject\",\"inLanguage\":\"es\",\"@id\":\"https:\\\/\\\/noticiasmercedinas.com\\\/site\\\/2022\\\/10\\\/09\\\/hernan-casciari-abre-en-lujan-un-ciclo-de-charlas-sobre-gestion-cultural\\\/#primaryimage\",\"url\":\"https:\\\/\\\/noticiasmercedinas.com\\\/site\\\/wp-content\\\/uploads\\\/2022\\\/10\\\/Casciari.jpg\",\"contentUrl\":\"https:\\\/\\\/noticiasmercedinas.com\\\/site\\\/wp-content\\\/uploads\\\/2022\\\/10\\\/Casciari.jpg\",\"width\":610,\"height\":409},{\"@type\":\"BreadcrumbList\",\"@id\":\"https:\\\/\\\/noticiasmercedinas.com\\\/site\\\/2022\\\/10\\\/09\\\/hernan-casciari-abre-en-lujan-un-ciclo-de-charlas-sobre-gestion-cultural\\\/#breadcrumb\",\"itemListElement\":[{\"@type\":\"ListItem\",\"position\":1,\"name\":\"Portada\",\"item\":\"https:\\\/\\\/noticiasmercedinas.com\\\/site\\\/\"},{\"@type\":\"ListItem\",\"position\":2,\"name\":\"Hern\u00e1n Casciari abre en Luj\u00e1n un ciclo de charlas sobre Gesti\u00f3n Cultural\"}]},{\"@type\":\"WebSite\",\"@id\":\"https:\\\/\\\/noticiasmercedinas.com\\\/site\\\/#website\",\"url\":\"https:\\\/\\\/noticiasmercedinas.com\\\/site\\\/\",\"name\":\"NOTICIASMERCEDINAS.COM\",\"description\":\"Mercedes, Buenos Aires, Argentina\",\"publisher\":{\"@id\":\"https:\\\/\\\/noticiasmercedinas.com\\\/site\\\/#organization\"},\"potentialAction\":[{\"@type\":\"SearchAction\",\"target\":{\"@type\":\"EntryPoint\",\"urlTemplate\":\"https:\\\/\\\/noticiasmercedinas.com\\\/site\\\/?s={search_term_string}\"},\"query-input\":{\"@type\":\"PropertyValueSpecification\",\"valueRequired\":true,\"valueName\":\"search_term_string\"}}],\"inLanguage\":\"es\"},{\"@type\":\"Organization\",\"@id\":\"https:\\\/\\\/noticiasmercedinas.com\\\/site\\\/#organization\",\"name\":\"NOTICIASMERCEDINAS.COM\",\"url\":\"https:\\\/\\\/noticiasmercedinas.com\\\/site\\\/\",\"logo\":{\"@type\":\"ImageObject\",\"inLanguage\":\"es\",\"@id\":\"https:\\\/\\\/noticiasmercedinas.com\\\/site\\\/#\\\/schema\\\/logo\\\/image\\\/\",\"url\":\"https:\\\/\\\/noticiasmercedinas.com\\\/site\\\/wp-content\\\/uploads\\\/2020\\\/06\\\/LOGO-512.jpg\",\"contentUrl\":\"https:\\\/\\\/noticiasmercedinas.com\\\/site\\\/wp-content\\\/uploads\\\/2020\\\/06\\\/LOGO-512.jpg\",\"width\":512,\"height\":512,\"caption\":\"NOTICIASMERCEDINAS.COM\"},\"image\":{\"@id\":\"https:\\\/\\\/noticiasmercedinas.com\\\/site\\\/#\\\/schema\\\/logo\\\/image\\\/\"},\"sameAs\":[\"https:\\\/\\\/www.facebook.com\\\/noticiasmercedinas\\\/\",\"https:\\\/\\\/x.com\\\/notmercedinas\",\"https:\\\/\\\/www.instagram.com\\\/noticiasmercedinas\\\/\"]},{\"@type\":\"Person\",\"@id\":\"https:\\\/\\\/noticiasmercedinas.com\\\/site\\\/#\\\/schema\\\/person\\\/84b59c099c28ff2e8b77d4ceec5d8063\",\"name\":\"NOTICIASMERCEDINAS.COM\",\"image\":{\"@type\":\"ImageObject\",\"inLanguage\":\"es\",\"@id\":\"https:\\\/\\\/secure.gravatar.com\\\/avatar\\\/4dfbf16b4d17945bfb6341b2d19043457132fcf478a5ee04f42e959fd8f5df0a?s=96&d=mm&r=g\",\"url\":\"https:\\\/\\\/secure.gravatar.com\\\/avatar\\\/4dfbf16b4d17945bfb6341b2d19043457132fcf478a5ee04f42e959fd8f5df0a?s=96&d=mm&r=g\",\"contentUrl\":\"https:\\\/\\\/secure.gravatar.com\\\/avatar\\\/4dfbf16b4d17945bfb6341b2d19043457132fcf478a5ee04f42e959fd8f5df0a?s=96&d=mm&r=g\",\"caption\":\"NOTICIASMERCEDINAS.COM\"},\"url\":\"https:\\\/\\\/noticiasmercedinas.com\\\/site\\\/author\\\/anonimo\\\/\"}]}<\/script>\n<!-- \/ Yoast SEO plugin. -->","yoast_head_json":{"title":"Hern\u00e1n Casciari abre en Luj\u00e1n un ciclo de charlas sobre Gesti\u00f3n Cultural","robots":{"index":"index","follow":"follow","max-snippet":"max-snippet:-1","max-image-preview":"max-image-preview:large","max-video-preview":"max-video-preview:-1"},"canonical":"https:\/\/noticiasmercedinas.com\/site\/2022\/10\/09\/hernan-casciari-abre-en-lujan-un-ciclo-de-charlas-sobre-gestion-cultural\/","og_locale":"es_ES","og_type":"article","og_title":"Hern\u00e1n Casciari abre en Luj\u00e1n un ciclo de charlas sobre Gesti\u00f3n Cultural","og_description":"\u25a0 Ser\u00e1 este jueves 13 de octubre a las 19 horas en el Teatro Municipal Trinidad Guevara. Es una actividad organizada por estudiantes y docentes del Instituto Mignone.","og_url":"https:\/\/noticiasmercedinas.com\/site\/2022\/10\/09\/hernan-casciari-abre-en-lujan-un-ciclo-de-charlas-sobre-gestion-cultural\/","og_site_name":"NOTICIASMERCEDINAS.COM","article_publisher":"https:\/\/www.facebook.com\/noticiasmercedinas\/","article_published_time":"2022-10-09T12:12:27+00:00","article_modified_time":"2022-10-09T14:28:33+00:00","og_image":[{"width":610,"height":409,"url":"https:\/\/noticiasmercedinas.com\/site\/wp-content\/uploads\/2022\/10\/Casciari.jpg","type":"image\/jpeg"}],"author":"NOTICIASMERCEDINAS.COM","twitter_card":"summary_large_image","twitter_creator":"@notmercedinas","twitter_site":"@notmercedinas","twitter_misc":{"Escrito por":"NOTICIASMERCEDINAS.COM","Tiempo de lectura":"2 minutos"},"schema":{"@context":"https:\/\/schema.org","@graph":[{"@type":"Article","@id":"https:\/\/noticiasmercedinas.com\/site\/2022\/10\/09\/hernan-casciari-abre-en-lujan-un-ciclo-de-charlas-sobre-gestion-cultural\/#article","isPartOf":{"@id":"https:\/\/noticiasmercedinas.com\/site\/2022\/10\/09\/hernan-casciari-abre-en-lujan-un-ciclo-de-charlas-sobre-gestion-cultural\/"},"author":{"name":"NOTICIASMERCEDINAS.COM","@id":"https:\/\/noticiasmercedinas.com\/site\/#\/schema\/person\/84b59c099c28ff2e8b77d4ceec5d8063"},"headline":"Hern\u00e1n Casciari abre en Luj\u00e1n un ciclo de charlas sobre Gesti\u00f3n Cultural","datePublished":"2022-10-09T12:12:27+00:00","dateModified":"2022-10-09T14:28:33+00:00","mainEntityOfPage":{"@id":"https:\/\/noticiasmercedinas.com\/site\/2022\/10\/09\/hernan-casciari-abre-en-lujan-un-ciclo-de-charlas-sobre-gestion-cultural\/"},"wordCount":316,"commentCount":0,"publisher":{"@id":"https:\/\/noticiasmercedinas.com\/site\/#organization"},"image":{"@id":"https:\/\/noticiasmercedinas.com\/site\/2022\/10\/09\/hernan-casciari-abre-en-lujan-un-ciclo-de-charlas-sobre-gestion-cultural\/#primaryimage"},"thumbnailUrl":"https:\/\/noticiasmercedinas.com\/site\/wp-content\/uploads\/2022\/10\/Casciari.jpg","keywords":["gestion cultural","hernan casciari","Instituto Mignone","lujan","Teatro Trinidad Guevara"],"articleSection":["Cultura"],"inLanguage":"es","potentialAction":[{"@type":"CommentAction","name":"Comment","target":["https:\/\/noticiasmercedinas.com\/site\/2022\/10\/09\/hernan-casciari-abre-en-lujan-un-ciclo-de-charlas-sobre-gestion-cultural\/#respond"]}]},{"@type":"WebPage","@id":"https:\/\/noticiasmercedinas.com\/site\/2022\/10\/09\/hernan-casciari-abre-en-lujan-un-ciclo-de-charlas-sobre-gestion-cultural\/","url":"https:\/\/noticiasmercedinas.com\/site\/2022\/10\/09\/hernan-casciari-abre-en-lujan-un-ciclo-de-charlas-sobre-gestion-cultural\/","name":"Hern\u00e1n Casciari abre en Luj\u00e1n un ciclo de charlas sobre Gesti\u00f3n Cultural","isPartOf":{"@id":"https:\/\/noticiasmercedinas.com\/site\/#website"},"primaryImageOfPage":{"@id":"https:\/\/noticiasmercedinas.com\/site\/2022\/10\/09\/hernan-casciari-abre-en-lujan-un-ciclo-de-charlas-sobre-gestion-cultural\/#primaryimage"},"image":{"@id":"https:\/\/noticiasmercedinas.com\/site\/2022\/10\/09\/hernan-casciari-abre-en-lujan-un-ciclo-de-charlas-sobre-gestion-cultural\/#primaryimage"},"thumbnailUrl":"https:\/\/noticiasmercedinas.com\/site\/wp-content\/uploads\/2022\/10\/Casciari.jpg","datePublished":"2022-10-09T12:12:27+00:00","dateModified":"2022-10-09T14:28:33+00:00","breadcrumb":{"@id":"https:\/\/noticiasmercedinas.com\/site\/2022\/10\/09\/hernan-casciari-abre-en-lujan-un-ciclo-de-charlas-sobre-gestion-cultural\/#breadcrumb"},"inLanguage":"es","potentialAction":[{"@type":"ReadAction","target":["https:\/\/noticiasmercedinas.com\/site\/2022\/10\/09\/hernan-casciari-abre-en-lujan-un-ciclo-de-charlas-sobre-gestion-cultural\/"]}]},{"@type":"ImageObject","inLanguage":"es","@id":"https:\/\/noticiasmercedinas.com\/site\/2022\/10\/09\/hernan-casciari-abre-en-lujan-un-ciclo-de-charlas-sobre-gestion-cultural\/#primaryimage","url":"https:\/\/noticiasmercedinas.com\/site\/wp-content\/uploads\/2022\/10\/Casciari.jpg","contentUrl":"https:\/\/noticiasmercedinas.com\/site\/wp-content\/uploads\/2022\/10\/Casciari.jpg","width":610,"height":409},{"@type":"BreadcrumbList","@id":"https:\/\/noticiasmercedinas.com\/site\/2022\/10\/09\/hernan-casciari-abre-en-lujan-un-ciclo-de-charlas-sobre-gestion-cultural\/#breadcrumb","itemListElement":[{"@type":"ListItem","position":1,"name":"Portada","item":"https:\/\/noticiasmercedinas.com\/site\/"},{"@type":"ListItem","position":2,"name":"Hern\u00e1n Casciari abre en Luj\u00e1n un ciclo de charlas sobre Gesti\u00f3n Cultural"}]},{"@type":"WebSite","@id":"https:\/\/noticiasmercedinas.com\/site\/#website","url":"https:\/\/noticiasmercedinas.com\/site\/","name":"NOTICIASMERCEDINAS.COM","description":"Mercedes, Buenos Aires, Argentina","publisher":{"@id":"https:\/\/noticiasmercedinas.com\/site\/#organization"},"potentialAction":[{"@type":"SearchAction","target":{"@type":"EntryPoint","urlTemplate":"https:\/\/noticiasmercedinas.com\/site\/?s={search_term_string}"},"query-input":{"@type":"PropertyValueSpecification","valueRequired":true,"valueName":"search_term_string"}}],"inLanguage":"es"},{"@type":"Organization","@id":"https:\/\/noticiasmercedinas.com\/site\/#organization","name":"NOTICIASMERCEDINAS.COM","url":"https:\/\/noticiasmercedinas.com\/site\/","logo":{"@type":"ImageObject","inLanguage":"es","@id":"https:\/\/noticiasmercedinas.com\/site\/#\/schema\/logo\/image\/","url":"https:\/\/noticiasmercedinas.com\/site\/wp-content\/uploads\/2020\/06\/LOGO-512.jpg","contentUrl":"https:\/\/noticiasmercedinas.com\/site\/wp-content\/uploads\/2020\/06\/LOGO-512.jpg","width":512,"height":512,"caption":"NOTICIASMERCEDINAS.COM"},"image":{"@id":"https:\/\/noticiasmercedinas.com\/site\/#\/schema\/logo\/image\/"},"sameAs":["https:\/\/www.facebook.com\/noticiasmercedinas\/","https:\/\/x.com\/notmercedinas","https:\/\/www.instagram.com\/noticiasmercedinas\/"]},{"@type":"Person","@id":"https:\/\/noticiasmercedinas.com\/site\/#\/schema\/person\/84b59c099c28ff2e8b77d4ceec5d8063","name":"NOTICIASMERCEDINAS.COM","image":{"@type":"ImageObject","inLanguage":"es","@id":"https:\/\/secure.gravatar.com\/avatar\/4dfbf16b4d17945bfb6341b2d19043457132fcf478a5ee04f42e959fd8f5df0a?s=96&d=mm&r=g","url":"https:\/\/secure.gravatar.com\/avatar\/4dfbf16b4d17945bfb6341b2d19043457132fcf478a5ee04f42e959fd8f5df0a?s=96&d=mm&r=g","contentUrl":"https:\/\/secure.gravatar.com\/avatar\/4dfbf16b4d17945bfb6341b2d19043457132fcf478a5ee04f42e959fd8f5df0a?s=96&d=mm&r=g","caption":"NOTICIASMERCEDINAS.COM"},"url":"https:\/\/noticiasmercedinas.com\/site\/author\/anonimo\/"}]}},"amp_enabled":true,"_links":{"self":[{"href":"https:\/\/noticiasmercedinas.com\/site\/wp-json\/wp\/v2\/posts\/101421","targetHints":{"allow":["GET"]}}],"collection":[{"href":"https:\/\/noticiasmercedinas.com\/site\/wp-json\/wp\/v2\/posts"}],"about":[{"href":"https:\/\/noticiasmercedinas.com\/site\/wp-json\/wp\/v2\/types\/post"}],"author":[{"embeddable":true,"href":"https:\/\/noticiasmercedinas.com\/site\/wp-json\/wp\/v2\/users\/16"}],"replies":[{"embeddable":true,"href":"https:\/\/noticiasmercedinas.com\/site\/wp-json\/wp\/v2\/comments?post=101421"}],"version-history":[{"count":2,"href":"https:\/\/noticiasmercedinas.com\/site\/wp-json\/wp\/v2\/posts\/101421\/revisions"}],"predecessor-version":[{"id":101437,"href":"https:\/\/noticiasmercedinas.com\/site\/wp-json\/wp\/v2\/posts\/101421\/revisions\/101437"}],"wp:featuredmedia":[{"embeddable":true,"href":"https:\/\/noticiasmercedinas.com\/site\/wp-json\/wp\/v2\/media\/101422"}],"wp:attachment":[{"href":"https:\/\/noticiasmercedinas.com\/site\/wp-json\/wp\/v2\/media?parent=101421"}],"wp:term":[{"taxonomy":"category","embeddable":true,"href":"https:\/\/noticiasmercedinas.com\/site\/wp-json\/wp\/v2\/categories?post=101421"},{"taxonomy":"post_tag","embeddable":true,"href":"https:\/\/noticiasmercedinas.com\/site\/wp-json\/wp\/v2\/tags?post=101421"}],"curies":[{"name":"wp","href":"https:\/\/api.w.org\/{rel}","templated":true}]}}