{"id":10162,"date":"2019-01-03T13:18:08","date_gmt":"2019-01-03T16:18:08","guid":{"rendered":"https:\/\/noticiasmercedinas.com\/site\/?p=10162"},"modified":"2019-01-03T13:26:37","modified_gmt":"2019-01-03T16:26:37","slug":"fue-un-ano-complicado-politicamente-pero-en-el-trabajo-avanzamos-mucho","status":"publish","type":"post","link":"https:\/\/noticiasmercedinas.com\/site\/2019\/01\/03\/fue-un-ano-complicado-politicamente-pero-en-el-trabajo-avanzamos-mucho\/","title":{"rendered":"\u00abFue un a\u00f1o complicado pol\u00edticamente pero en el trabajo avanzamos mucho\u00bb"},"content":{"rendered":"<p><img loading=\"lazy\" decoding=\"async\" class=\"alignnone wp-image-10163 size-full\" src=\"https:\/\/noticiasmercedinas.com\/site\/wp-content\/uploads\/2019\/01\/IMG_20190103_122146.jpg\" width=\"2560\" height=\"1440\" srcset=\"https:\/\/noticiasmercedinas.com\/site\/wp-content\/uploads\/2019\/01\/IMG_20190103_122146.jpg 2560w, https:\/\/noticiasmercedinas.com\/site\/wp-content\/uploads\/2019\/01\/IMG_20190103_122146-300x169.jpg 300w, https:\/\/noticiasmercedinas.com\/site\/wp-content\/uploads\/2019\/01\/IMG_20190103_122146-768x432.jpg 768w, https:\/\/noticiasmercedinas.com\/site\/wp-content\/uploads\/2019\/01\/IMG_20190103_122146-1024x576.jpg 1024w, https:\/\/noticiasmercedinas.com\/site\/wp-content\/uploads\/2019\/01\/IMG_20190103_122146-640x360.jpg 640w, https:\/\/noticiasmercedinas.com\/site\/wp-content\/uploads\/2019\/01\/IMG_20190103_122146-1280x720.jpg 1280w, https:\/\/noticiasmercedinas.com\/site\/wp-content\/uploads\/2019\/01\/IMG_20190103_122146-681x383.jpg 681w, https:\/\/noticiasmercedinas.com\/site\/wp-content\/uploads\/2019\/01\/IMG_20190103_122146-1362x766.jpg 1362w\" sizes=\"auto, (max-width: 2560px) 100vw, 2560px\" \/><\/p>\n<p>La presidenta del Consejo Escolar, Ana Darritchon, valor\u00f3 las obras que se llevan adelante, sin pausa, en la Escuela Normal, las que -asegur\u00f3- \u00aben noviembre de este a\u00f1o estar\u00edan terminadas\u00bb en su primera etapa.<\/p>\n<p>\u00abVa todo muy bien y en los tiempos previstos\u00bb, indic\u00f3 consultada por este medio destacando que lograron \u00abno tener que trasladar cursos\u00bb y que piensan que las obras estar\u00e1n hechas antes de que empiece el ciclo 2019 en espacios de uso com\u00fan, como por ejemplo los ba\u00f1os.<\/p>\n<p>Adem\u00e1s Darritchon dijo que fue importante la reciente visita del ministro S\u00e1nchez Zinny: \u00abEl ministro fue invitado a ver las obras, fuimos hasta all\u00e1 con \u00e9l y el intendente\u00bb, record\u00f3.<\/p>\n<p>En este contexto precis\u00f3 que lo que se ve en marcha en el edificio de Normal es \u00abuna primera etapa de tres proyectadas\u00bb.<\/p>\n<p>\u00abFalta primaria y todo el contorno, de las calles que no son la avenida 29\u00bb, explic\u00f3 sobre las refacciones.<\/p>\n<p>Por otra parte, al ser consultada sobre como lo valoran, indic\u00f3: \u00abLa gente no convierte esto en un tema pol\u00edtico partidario, esta feliz. Aunque algunos siguen negando el avance de la obra\u00bb.<\/p>\n<p><img loading=\"lazy\" decoding=\"async\" src=\"https:\/\/noticiasmercedinas.com\/site\/wp-content\/uploads\/2019\/01\/IMG_20190103_132441.jpg\" width=\"2560\" height=\"1440\" class=\"alignnone wp-image-10165 size-full\" srcset=\"https:\/\/noticiasmercedinas.com\/site\/wp-content\/uploads\/2019\/01\/IMG_20190103_132441.jpg 2560w, https:\/\/noticiasmercedinas.com\/site\/wp-content\/uploads\/2019\/01\/IMG_20190103_132441-300x169.jpg 300w, https:\/\/noticiasmercedinas.com\/site\/wp-content\/uploads\/2019\/01\/IMG_20190103_132441-768x432.jpg 768w, https:\/\/noticiasmercedinas.com\/site\/wp-content\/uploads\/2019\/01\/IMG_20190103_132441-1024x576.jpg 1024w, https:\/\/noticiasmercedinas.com\/site\/wp-content\/uploads\/2019\/01\/IMG_20190103_132441-640x360.jpg 640w, https:\/\/noticiasmercedinas.com\/site\/wp-content\/uploads\/2019\/01\/IMG_20190103_132441-1280x720.jpg 1280w, https:\/\/noticiasmercedinas.com\/site\/wp-content\/uploads\/2019\/01\/IMG_20190103_132441-681x383.jpg 681w, https:\/\/noticiasmercedinas.com\/site\/wp-content\/uploads\/2019\/01\/IMG_20190103_132441-1362x766.jpg 1362w\" sizes=\"auto, (max-width: 2560px) 100vw, 2560px\" \/><\/p>\n<p>La de Normal es, seg\u00fan la funcionar\u00eda que preside el Consejo Escolar, \u00abla obra m\u00e1s grande y de mayor inversi\u00f3n\u00bb de casi 45 millones en la primera etapa, aunque habr\u00e1 otros trabajos en marcha en breve con la puesta en valor del edificio de la secundaria 13 y el CENS, licitaci\u00f3n que se encarar\u00eda este a\u00f1o con un proyecto de Provincia y fondos de Provincia.<\/p>\n<p>En estos momentos indic\u00f3 que tambi\u00e9n se esta trabajando en la Escuela 37 con gas y techos en el establecimiento; en las escuelas 7, 8 y 36, as\u00ed como tambi\u00e9n la escuela 25 y el jard\u00edn 913. \u00abAdem\u00e1s terminaron obras en Agro y la Escuela 504. Y es la primera vez que hay planos de las instalaciones de gas en las escuelas\u00bb, dijo.<\/p>\n<p>A la hora de hacer un balance sobre 2018, por \u00faltimo, sostuvo que fue un \u00aba\u00f1o complicado pol\u00edticamente pero en el trabajo avanzamos mucho\u00bb.<\/p>\n","protected":false},"excerpt":{"rendered":"<p>La presidenta del Consejo Escolar, Ana Darritchon, valor\u00f3 las obras que se llevan adelante, sin pausa, en la Escuela Normal, las que -asegur\u00f3- \u00aben noviembre de este a\u00f1o estar\u00edan terminadas\u00bb en su primera etapa. \u00abVa todo muy bien y en los tiempos previstos\u00bb, indic\u00f3 consultada por este medio destacando que lograron \u00abno tener que trasladar [&hellip;]<\/p>\n","protected":false},"author":2,"featured_media":10163,"comment_status":"open","ping_status":"open","sticky":false,"template":"","format":"standard","meta":{"footnotes":""},"categories":[3],"tags":[815,267,1098],"class_list":["post-10162","post","type-post","status-publish","format-standard","has-post-thumbnail","hentry","category-sociedad","tag-ana-darritchon","tag-consejo-escolar","tag-escuela-normal"],"yoast_head":"<!-- This site is optimized with the Yoast SEO plugin v27.5 - https:\/\/yoast.com\/product\/yoast-seo-wordpress\/ -->\n<title>&quot;Fue un a\u00f1o complicado pol\u00edticamente pero en el trabajo avanzamos mucho&quot;<\/title>\n<meta name=\"robots\" content=\"index, follow, max-snippet:-1, max-image-preview:large, max-video-preview:-1\" \/>\n<link rel=\"canonical\" href=\"https:\/\/noticiasmercedinas.com\/site\/2019\/01\/03\/fue-un-ano-complicado-politicamente-pero-en-el-trabajo-avanzamos-mucho\/\" \/>\n<meta property=\"og:locale\" content=\"es_ES\" \/>\n<meta property=\"og:type\" content=\"article\" \/>\n<meta property=\"og:title\" content=\"&quot;Fue un a\u00f1o complicado pol\u00edticamente pero en el trabajo avanzamos mucho&quot;\" \/>\n<meta property=\"og:description\" content=\"La presidenta del Consejo Escolar, Ana Darritchon, valor\u00f3 las obras que se llevan adelante, sin pausa, en la Escuela Normal, las que -asegur\u00f3- \u00aben noviembre de este a\u00f1o estar\u00edan terminadas\u00bb en su primera etapa. \u00abVa todo muy bien y en los tiempos previstos\u00bb, indic\u00f3 consultada por este medio destacando que lograron \u00abno tener que trasladar [&hellip;]\" \/>\n<meta property=\"og:url\" content=\"https:\/\/noticiasmercedinas.com\/site\/2019\/01\/03\/fue-un-ano-complicado-politicamente-pero-en-el-trabajo-avanzamos-mucho\/\" \/>\n<meta property=\"og:site_name\" content=\"NOTICIASMERCEDINAS.COM\" \/>\n<meta property=\"article:publisher\" content=\"https:\/\/www.facebook.com\/noticiasmercedinas\/\" \/>\n<meta property=\"article:author\" content=\"https:\/\/www.facebook.com\/cristian.falabella\" \/>\n<meta property=\"article:published_time\" content=\"2019-01-03T16:18:08+00:00\" \/>\n<meta property=\"article:modified_time\" content=\"2019-01-03T16:26:37+00:00\" \/>\n<meta property=\"og:image\" content=\"https:\/\/noticiasmercedinas.com\/site\/wp-content\/uploads\/2019\/01\/IMG_20190103_122146.jpg\" \/>\n\t<meta property=\"og:image:width\" content=\"2560\" \/>\n\t<meta property=\"og:image:height\" content=\"1440\" \/>\n\t<meta property=\"og:image:type\" content=\"image\/jpeg\" \/>\n<meta name=\"author\" content=\"Cristian Falabella NOTICIASMERCEDINAS.COM\" \/>\n<meta name=\"twitter:card\" content=\"summary_large_image\" \/>\n<meta name=\"twitter:creator\" content=\"@https:\/\/twitter.com\/NOTMERCEDINAS\" \/>\n<meta name=\"twitter:site\" content=\"@notmercedinas\" \/>\n<meta name=\"twitter:label1\" content=\"Escrito por\" \/>\n\t<meta name=\"twitter:data1\" content=\"Cristian Falabella NOTICIASMERCEDINAS.COM\" \/>\n\t<meta name=\"twitter:label2\" content=\"Tiempo de lectura\" \/>\n\t<meta name=\"twitter:data2\" content=\"2 minutos\" \/>\n<script type=\"application\/ld+json\" class=\"yoast-schema-graph\">{\"@context\":\"https:\\\/\\\/schema.org\",\"@graph\":[{\"@type\":\"Article\",\"@id\":\"https:\\\/\\\/noticiasmercedinas.com\\\/site\\\/2019\\\/01\\\/03\\\/fue-un-ano-complicado-politicamente-pero-en-el-trabajo-avanzamos-mucho\\\/#article\",\"isPartOf\":{\"@id\":\"https:\\\/\\\/noticiasmercedinas.com\\\/site\\\/2019\\\/01\\\/03\\\/fue-un-ano-complicado-politicamente-pero-en-el-trabajo-avanzamos-mucho\\\/\"},\"author\":{\"name\":\"Cristian Falabella NOTICIASMERCEDINAS.COM\",\"@id\":\"https:\\\/\\\/noticiasmercedinas.com\\\/site\\\/#\\\/schema\\\/person\\\/d481a9696a5feaec13a60e2bbd991a6a\"},\"headline\":\"\u00abFue un a\u00f1o complicado pol\u00edticamente pero en el trabajo avanzamos mucho\u00bb\",\"datePublished\":\"2019-01-03T16:18:08+00:00\",\"dateModified\":\"2019-01-03T16:26:37+00:00\",\"mainEntityOfPage\":{\"@id\":\"https:\\\/\\\/noticiasmercedinas.com\\\/site\\\/2019\\\/01\\\/03\\\/fue-un-ano-complicado-politicamente-pero-en-el-trabajo-avanzamos-mucho\\\/\"},\"wordCount\":360,\"commentCount\":0,\"publisher\":{\"@id\":\"https:\\\/\\\/noticiasmercedinas.com\\\/site\\\/#organization\"},\"image\":{\"@id\":\"https:\\\/\\\/noticiasmercedinas.com\\\/site\\\/2019\\\/01\\\/03\\\/fue-un-ano-complicado-politicamente-pero-en-el-trabajo-avanzamos-mucho\\\/#primaryimage\"},\"thumbnailUrl\":\"https:\\\/\\\/noticiasmercedinas.com\\\/site\\\/wp-content\\\/uploads\\\/2019\\\/01\\\/IMG_20190103_122146.jpg\",\"keywords\":[\"Ana Darritchon\",\"consejo escolar\",\"escuela normal\"],\"articleSection\":[\"Sociedad\"],\"inLanguage\":\"es\",\"potentialAction\":[{\"@type\":\"CommentAction\",\"name\":\"Comment\",\"target\":[\"https:\\\/\\\/noticiasmercedinas.com\\\/site\\\/2019\\\/01\\\/03\\\/fue-un-ano-complicado-politicamente-pero-en-el-trabajo-avanzamos-mucho\\\/#respond\"]}]},{\"@type\":\"WebPage\",\"@id\":\"https:\\\/\\\/noticiasmercedinas.com\\\/site\\\/2019\\\/01\\\/03\\\/fue-un-ano-complicado-politicamente-pero-en-el-trabajo-avanzamos-mucho\\\/\",\"url\":\"https:\\\/\\\/noticiasmercedinas.com\\\/site\\\/2019\\\/01\\\/03\\\/fue-un-ano-complicado-politicamente-pero-en-el-trabajo-avanzamos-mucho\\\/\",\"name\":\"\\\"Fue un a\u00f1o complicado pol\u00edticamente pero en el trabajo avanzamos mucho\\\"\",\"isPartOf\":{\"@id\":\"https:\\\/\\\/noticiasmercedinas.com\\\/site\\\/#website\"},\"primaryImageOfPage\":{\"@id\":\"https:\\\/\\\/noticiasmercedinas.com\\\/site\\\/2019\\\/01\\\/03\\\/fue-un-ano-complicado-politicamente-pero-en-el-trabajo-avanzamos-mucho\\\/#primaryimage\"},\"image\":{\"@id\":\"https:\\\/\\\/noticiasmercedinas.com\\\/site\\\/2019\\\/01\\\/03\\\/fue-un-ano-complicado-politicamente-pero-en-el-trabajo-avanzamos-mucho\\\/#primaryimage\"},\"thumbnailUrl\":\"https:\\\/\\\/noticiasmercedinas.com\\\/site\\\/wp-content\\\/uploads\\\/2019\\\/01\\\/IMG_20190103_122146.jpg\",\"datePublished\":\"2019-01-03T16:18:08+00:00\",\"dateModified\":\"2019-01-03T16:26:37+00:00\",\"breadcrumb\":{\"@id\":\"https:\\\/\\\/noticiasmercedinas.com\\\/site\\\/2019\\\/01\\\/03\\\/fue-un-ano-complicado-politicamente-pero-en-el-trabajo-avanzamos-mucho\\\/#breadcrumb\"},\"inLanguage\":\"es\",\"potentialAction\":[{\"@type\":\"ReadAction\",\"target\":[\"https:\\\/\\\/noticiasmercedinas.com\\\/site\\\/2019\\\/01\\\/03\\\/fue-un-ano-complicado-politicamente-pero-en-el-trabajo-avanzamos-mucho\\\/\"]}]},{\"@type\":\"ImageObject\",\"inLanguage\":\"es\",\"@id\":\"https:\\\/\\\/noticiasmercedinas.com\\\/site\\\/2019\\\/01\\\/03\\\/fue-un-ano-complicado-politicamente-pero-en-el-trabajo-avanzamos-mucho\\\/#primaryimage\",\"url\":\"https:\\\/\\\/noticiasmercedinas.com\\\/site\\\/wp-content\\\/uploads\\\/2019\\\/01\\\/IMG_20190103_122146.jpg\",\"contentUrl\":\"https:\\\/\\\/noticiasmercedinas.com\\\/site\\\/wp-content\\\/uploads\\\/2019\\\/01\\\/IMG_20190103_122146.jpg\",\"width\":2560,\"height\":1440},{\"@type\":\"BreadcrumbList\",\"@id\":\"https:\\\/\\\/noticiasmercedinas.com\\\/site\\\/2019\\\/01\\\/03\\\/fue-un-ano-complicado-politicamente-pero-en-el-trabajo-avanzamos-mucho\\\/#breadcrumb\",\"itemListElement\":[{\"@type\":\"ListItem\",\"position\":1,\"name\":\"Portada\",\"item\":\"https:\\\/\\\/noticiasmercedinas.com\\\/site\\\/\"},{\"@type\":\"ListItem\",\"position\":2,\"name\":\"\u00abFue un a\u00f1o complicado pol\u00edticamente pero en el trabajo avanzamos mucho\u00bb\"}]},{\"@type\":\"WebSite\",\"@id\":\"https:\\\/\\\/noticiasmercedinas.com\\\/site\\\/#website\",\"url\":\"https:\\\/\\\/noticiasmercedinas.com\\\/site\\\/\",\"name\":\"NOTICIASMERCEDINAS.COM\",\"description\":\"Mercedes, Buenos Aires, Argentina\",\"publisher\":{\"@id\":\"https:\\\/\\\/noticiasmercedinas.com\\\/site\\\/#organization\"},\"potentialAction\":[{\"@type\":\"SearchAction\",\"target\":{\"@type\":\"EntryPoint\",\"urlTemplate\":\"https:\\\/\\\/noticiasmercedinas.com\\\/site\\\/?s={search_term_string}\"},\"query-input\":{\"@type\":\"PropertyValueSpecification\",\"valueRequired\":true,\"valueName\":\"search_term_string\"}}],\"inLanguage\":\"es\"},{\"@type\":\"Organization\",\"@id\":\"https:\\\/\\\/noticiasmercedinas.com\\\/site\\\/#organization\",\"name\":\"NOTICIASMERCEDINAS.COM\",\"url\":\"https:\\\/\\\/noticiasmercedinas.com\\\/site\\\/\",\"logo\":{\"@type\":\"ImageObject\",\"inLanguage\":\"es\",\"@id\":\"https:\\\/\\\/noticiasmercedinas.com\\\/site\\\/#\\\/schema\\\/logo\\\/image\\\/\",\"url\":\"https:\\\/\\\/noticiasmercedinas.com\\\/site\\\/wp-content\\\/uploads\\\/2020\\\/06\\\/LOGO-512.jpg\",\"contentUrl\":\"https:\\\/\\\/noticiasmercedinas.com\\\/site\\\/wp-content\\\/uploads\\\/2020\\\/06\\\/LOGO-512.jpg\",\"width\":512,\"height\":512,\"caption\":\"NOTICIASMERCEDINAS.COM\"},\"image\":{\"@id\":\"https:\\\/\\\/noticiasmercedinas.com\\\/site\\\/#\\\/schema\\\/logo\\\/image\\\/\"},\"sameAs\":[\"https:\\\/\\\/www.facebook.com\\\/noticiasmercedinas\\\/\",\"https:\\\/\\\/x.com\\\/notmercedinas\",\"https:\\\/\\\/www.instagram.com\\\/noticiasmercedinas\\\/\"]},{\"@type\":\"Person\",\"@id\":\"https:\\\/\\\/noticiasmercedinas.com\\\/site\\\/#\\\/schema\\\/person\\\/d481a9696a5feaec13a60e2bbd991a6a\",\"name\":\"Cristian Falabella NOTICIASMERCEDINAS.COM\",\"image\":{\"@type\":\"ImageObject\",\"inLanguage\":\"es\",\"@id\":\"https:\\\/\\\/secure.gravatar.com\\\/avatar\\\/0dbbfc45970cc46bcd0e57766228574ff3511d6eed045b182f536f0f478c1f06?s=96&d=mm&r=g\",\"url\":\"https:\\\/\\\/secure.gravatar.com\\\/avatar\\\/0dbbfc45970cc46bcd0e57766228574ff3511d6eed045b182f536f0f478c1f06?s=96&d=mm&r=g\",\"contentUrl\":\"https:\\\/\\\/secure.gravatar.com\\\/avatar\\\/0dbbfc45970cc46bcd0e57766228574ff3511d6eed045b182f536f0f478c1f06?s=96&d=mm&r=g\",\"caption\":\"Cristian Falabella NOTICIASMERCEDINAS.COM\"},\"description\":\"Periodista, editor de Noticias Mercedinas. Pas\u00f3 por varias redacciones y emprendimientos de prensa, en distintos formatos y \u00e9pocas. Se especializ\u00f3 --y sigue haci\u00e9ndolo-- en comunicaci\u00f3n en la web y en junio de 2006 fund\u00f3 este diario digital.\",\"sameAs\":[\"https:\\\/\\\/noticiasmercedinas.com\",\"https:\\\/\\\/www.facebook.com\\\/cristian.falabella\",\"https:\\\/\\\/www.instagram.com\\\/noticiasmercedinas\\\/\",\"https:\\\/\\\/x.com\\\/https:\\\/\\\/twitter.com\\\/NOTMERCEDINAS\"],\"url\":\"https:\\\/\\\/noticiasmercedinas.com\\\/site\\\/author\\\/as000384\\\/\"}]}<\/script>\n<!-- \/ Yoast SEO plugin. -->","yoast_head_json":{"title":"\"Fue un a\u00f1o complicado pol\u00edticamente pero en el trabajo avanzamos mucho\"","robots":{"index":"index","follow":"follow","max-snippet":"max-snippet:-1","max-image-preview":"max-image-preview:large","max-video-preview":"max-video-preview:-1"},"canonical":"https:\/\/noticiasmercedinas.com\/site\/2019\/01\/03\/fue-un-ano-complicado-politicamente-pero-en-el-trabajo-avanzamos-mucho\/","og_locale":"es_ES","og_type":"article","og_title":"\"Fue un a\u00f1o complicado pol\u00edticamente pero en el trabajo avanzamos mucho\"","og_description":"La presidenta del Consejo Escolar, Ana Darritchon, valor\u00f3 las obras que se llevan adelante, sin pausa, en la Escuela Normal, las que -asegur\u00f3- \u00aben noviembre de este a\u00f1o estar\u00edan terminadas\u00bb en su primera etapa. \u00abVa todo muy bien y en los tiempos previstos\u00bb, indic\u00f3 consultada por este medio destacando que lograron \u00abno tener que trasladar [&hellip;]","og_url":"https:\/\/noticiasmercedinas.com\/site\/2019\/01\/03\/fue-un-ano-complicado-politicamente-pero-en-el-trabajo-avanzamos-mucho\/","og_site_name":"NOTICIASMERCEDINAS.COM","article_publisher":"https:\/\/www.facebook.com\/noticiasmercedinas\/","article_author":"https:\/\/www.facebook.com\/cristian.falabella","article_published_time":"2019-01-03T16:18:08+00:00","article_modified_time":"2019-01-03T16:26:37+00:00","og_image":[{"width":2560,"height":1440,"url":"https:\/\/noticiasmercedinas.com\/site\/wp-content\/uploads\/2019\/01\/IMG_20190103_122146.jpg","type":"image\/jpeg"}],"author":"Cristian Falabella NOTICIASMERCEDINAS.COM","twitter_card":"summary_large_image","twitter_creator":"@https:\/\/twitter.com\/NOTMERCEDINAS","twitter_site":"@notmercedinas","twitter_misc":{"Escrito por":"Cristian Falabella NOTICIASMERCEDINAS.COM","Tiempo de lectura":"2 minutos"},"schema":{"@context":"https:\/\/schema.org","@graph":[{"@type":"Article","@id":"https:\/\/noticiasmercedinas.com\/site\/2019\/01\/03\/fue-un-ano-complicado-politicamente-pero-en-el-trabajo-avanzamos-mucho\/#article","isPartOf":{"@id":"https:\/\/noticiasmercedinas.com\/site\/2019\/01\/03\/fue-un-ano-complicado-politicamente-pero-en-el-trabajo-avanzamos-mucho\/"},"author":{"name":"Cristian Falabella NOTICIASMERCEDINAS.COM","@id":"https:\/\/noticiasmercedinas.com\/site\/#\/schema\/person\/d481a9696a5feaec13a60e2bbd991a6a"},"headline":"\u00abFue un a\u00f1o complicado pol\u00edticamente pero en el trabajo avanzamos mucho\u00bb","datePublished":"2019-01-03T16:18:08+00:00","dateModified":"2019-01-03T16:26:37+00:00","mainEntityOfPage":{"@id":"https:\/\/noticiasmercedinas.com\/site\/2019\/01\/03\/fue-un-ano-complicado-politicamente-pero-en-el-trabajo-avanzamos-mucho\/"},"wordCount":360,"commentCount":0,"publisher":{"@id":"https:\/\/noticiasmercedinas.com\/site\/#organization"},"image":{"@id":"https:\/\/noticiasmercedinas.com\/site\/2019\/01\/03\/fue-un-ano-complicado-politicamente-pero-en-el-trabajo-avanzamos-mucho\/#primaryimage"},"thumbnailUrl":"https:\/\/noticiasmercedinas.com\/site\/wp-content\/uploads\/2019\/01\/IMG_20190103_122146.jpg","keywords":["Ana Darritchon","consejo escolar","escuela normal"],"articleSection":["Sociedad"],"inLanguage":"es","potentialAction":[{"@type":"CommentAction","name":"Comment","target":["https:\/\/noticiasmercedinas.com\/site\/2019\/01\/03\/fue-un-ano-complicado-politicamente-pero-en-el-trabajo-avanzamos-mucho\/#respond"]}]},{"@type":"WebPage","@id":"https:\/\/noticiasmercedinas.com\/site\/2019\/01\/03\/fue-un-ano-complicado-politicamente-pero-en-el-trabajo-avanzamos-mucho\/","url":"https:\/\/noticiasmercedinas.com\/site\/2019\/01\/03\/fue-un-ano-complicado-politicamente-pero-en-el-trabajo-avanzamos-mucho\/","name":"\"Fue un a\u00f1o complicado pol\u00edticamente pero en el trabajo avanzamos mucho\"","isPartOf":{"@id":"https:\/\/noticiasmercedinas.com\/site\/#website"},"primaryImageOfPage":{"@id":"https:\/\/noticiasmercedinas.com\/site\/2019\/01\/03\/fue-un-ano-complicado-politicamente-pero-en-el-trabajo-avanzamos-mucho\/#primaryimage"},"image":{"@id":"https:\/\/noticiasmercedinas.com\/site\/2019\/01\/03\/fue-un-ano-complicado-politicamente-pero-en-el-trabajo-avanzamos-mucho\/#primaryimage"},"thumbnailUrl":"https:\/\/noticiasmercedinas.com\/site\/wp-content\/uploads\/2019\/01\/IMG_20190103_122146.jpg","datePublished":"2019-01-03T16:18:08+00:00","dateModified":"2019-01-03T16:26:37+00:00","breadcrumb":{"@id":"https:\/\/noticiasmercedinas.com\/site\/2019\/01\/03\/fue-un-ano-complicado-politicamente-pero-en-el-trabajo-avanzamos-mucho\/#breadcrumb"},"inLanguage":"es","potentialAction":[{"@type":"ReadAction","target":["https:\/\/noticiasmercedinas.com\/site\/2019\/01\/03\/fue-un-ano-complicado-politicamente-pero-en-el-trabajo-avanzamos-mucho\/"]}]},{"@type":"ImageObject","inLanguage":"es","@id":"https:\/\/noticiasmercedinas.com\/site\/2019\/01\/03\/fue-un-ano-complicado-politicamente-pero-en-el-trabajo-avanzamos-mucho\/#primaryimage","url":"https:\/\/noticiasmercedinas.com\/site\/wp-content\/uploads\/2019\/01\/IMG_20190103_122146.jpg","contentUrl":"https:\/\/noticiasmercedinas.com\/site\/wp-content\/uploads\/2019\/01\/IMG_20190103_122146.jpg","width":2560,"height":1440},{"@type":"BreadcrumbList","@id":"https:\/\/noticiasmercedinas.com\/site\/2019\/01\/03\/fue-un-ano-complicado-politicamente-pero-en-el-trabajo-avanzamos-mucho\/#breadcrumb","itemListElement":[{"@type":"ListItem","position":1,"name":"Portada","item":"https:\/\/noticiasmercedinas.com\/site\/"},{"@type":"ListItem","position":2,"name":"\u00abFue un a\u00f1o complicado pol\u00edticamente pero en el trabajo avanzamos mucho\u00bb"}]},{"@type":"WebSite","@id":"https:\/\/noticiasmercedinas.com\/site\/#website","url":"https:\/\/noticiasmercedinas.com\/site\/","name":"NOTICIASMERCEDINAS.COM","description":"Mercedes, Buenos Aires, Argentina","publisher":{"@id":"https:\/\/noticiasmercedinas.com\/site\/#organization"},"potentialAction":[{"@type":"SearchAction","target":{"@type":"EntryPoint","urlTemplate":"https:\/\/noticiasmercedinas.com\/site\/?s={search_term_string}"},"query-input":{"@type":"PropertyValueSpecification","valueRequired":true,"valueName":"search_term_string"}}],"inLanguage":"es"},{"@type":"Organization","@id":"https:\/\/noticiasmercedinas.com\/site\/#organization","name":"NOTICIASMERCEDINAS.COM","url":"https:\/\/noticiasmercedinas.com\/site\/","logo":{"@type":"ImageObject","inLanguage":"es","@id":"https:\/\/noticiasmercedinas.com\/site\/#\/schema\/logo\/image\/","url":"https:\/\/noticiasmercedinas.com\/site\/wp-content\/uploads\/2020\/06\/LOGO-512.jpg","contentUrl":"https:\/\/noticiasmercedinas.com\/site\/wp-content\/uploads\/2020\/06\/LOGO-512.jpg","width":512,"height":512,"caption":"NOTICIASMERCEDINAS.COM"},"image":{"@id":"https:\/\/noticiasmercedinas.com\/site\/#\/schema\/logo\/image\/"},"sameAs":["https:\/\/www.facebook.com\/noticiasmercedinas\/","https:\/\/x.com\/notmercedinas","https:\/\/www.instagram.com\/noticiasmercedinas\/"]},{"@type":"Person","@id":"https:\/\/noticiasmercedinas.com\/site\/#\/schema\/person\/d481a9696a5feaec13a60e2bbd991a6a","name":"Cristian Falabella NOTICIASMERCEDINAS.COM","image":{"@type":"ImageObject","inLanguage":"es","@id":"https:\/\/secure.gravatar.com\/avatar\/0dbbfc45970cc46bcd0e57766228574ff3511d6eed045b182f536f0f478c1f06?s=96&d=mm&r=g","url":"https:\/\/secure.gravatar.com\/avatar\/0dbbfc45970cc46bcd0e57766228574ff3511d6eed045b182f536f0f478c1f06?s=96&d=mm&r=g","contentUrl":"https:\/\/secure.gravatar.com\/avatar\/0dbbfc45970cc46bcd0e57766228574ff3511d6eed045b182f536f0f478c1f06?s=96&d=mm&r=g","caption":"Cristian Falabella NOTICIASMERCEDINAS.COM"},"description":"Periodista, editor de Noticias Mercedinas. Pas\u00f3 por varias redacciones y emprendimientos de prensa, en distintos formatos y \u00e9pocas. Se especializ\u00f3 --y sigue haci\u00e9ndolo-- en comunicaci\u00f3n en la web y en junio de 2006 fund\u00f3 este diario digital.","sameAs":["https:\/\/noticiasmercedinas.com","https:\/\/www.facebook.com\/cristian.falabella","https:\/\/www.instagram.com\/noticiasmercedinas\/","https:\/\/x.com\/https:\/\/twitter.com\/NOTMERCEDINAS"],"url":"https:\/\/noticiasmercedinas.com\/site\/author\/as000384\/"}]}},"amp_enabled":true,"_links":{"self":[{"href":"https:\/\/noticiasmercedinas.com\/site\/wp-json\/wp\/v2\/posts\/10162","targetHints":{"allow":["GET"]}}],"collection":[{"href":"https:\/\/noticiasmercedinas.com\/site\/wp-json\/wp\/v2\/posts"}],"about":[{"href":"https:\/\/noticiasmercedinas.com\/site\/wp-json\/wp\/v2\/types\/post"}],"author":[{"embeddable":true,"href":"https:\/\/noticiasmercedinas.com\/site\/wp-json\/wp\/v2\/users\/2"}],"replies":[{"embeddable":true,"href":"https:\/\/noticiasmercedinas.com\/site\/wp-json\/wp\/v2\/comments?post=10162"}],"version-history":[{"count":2,"href":"https:\/\/noticiasmercedinas.com\/site\/wp-json\/wp\/v2\/posts\/10162\/revisions"}],"predecessor-version":[{"id":10166,"href":"https:\/\/noticiasmercedinas.com\/site\/wp-json\/wp\/v2\/posts\/10162\/revisions\/10166"}],"wp:featuredmedia":[{"embeddable":true,"href":"https:\/\/noticiasmercedinas.com\/site\/wp-json\/wp\/v2\/media\/10163"}],"wp:attachment":[{"href":"https:\/\/noticiasmercedinas.com\/site\/wp-json\/wp\/v2\/media?parent=10162"}],"wp:term":[{"taxonomy":"category","embeddable":true,"href":"https:\/\/noticiasmercedinas.com\/site\/wp-json\/wp\/v2\/categories?post=10162"},{"taxonomy":"post_tag","embeddable":true,"href":"https:\/\/noticiasmercedinas.com\/site\/wp-json\/wp\/v2\/tags?post=10162"}],"curies":[{"name":"wp","href":"https:\/\/api.w.org\/{rel}","templated":true}]}}