{"id":101751,"date":"2022-10-12T11:10:30","date_gmt":"2022-10-12T14:10:30","guid":{"rendered":"https:\/\/noticiasmercedinas.com\/site\/?p=101751"},"modified":"2022-10-12T11:10:30","modified_gmt":"2022-10-12T14:10:30","slug":"este-sabado-mercedes-recibe-al-criterium-de-apertura","status":"publish","type":"post","link":"https:\/\/noticiasmercedinas.com\/site\/2022\/10\/12\/este-sabado-mercedes-recibe-al-criterium-de-apertura\/","title":{"rendered":"Este s\u00e1bado Mercedes recibe al Crit\u00e9rium de Apertura"},"content":{"rendered":"<figure id=\"attachment_101755\" aria-describedby=\"caption-attachment-101755\" style=\"width: 640px\" class=\"wp-caption alignnone\"><img loading=\"lazy\" decoding=\"async\" class=\"wp-image-101755 size-full\" src=\"https:\/\/noticiasmercedinas.com\/site\/wp-content\/uploads\/2022\/10\/IMG_1829-1.jpg\" alt=\"\" width=\"640\" height=\"383\" srcset=\"https:\/\/noticiasmercedinas.com\/site\/wp-content\/uploads\/2022\/10\/IMG_1829-1.jpg 640w, https:\/\/noticiasmercedinas.com\/site\/wp-content\/uploads\/2022\/10\/IMG_1829-1-300x180.jpg 300w\" sizes=\"auto, (max-width: 640px) 100vw, 640px\" \/><figcaption id=\"caption-attachment-101755\" class=\"wp-caption-text\">El final del Crit\u00e9rium 2021, este s\u00e1bado vuelve a la 40.<\/figcaption><\/figure>\n<p>La carrera cicl\u00edstica que est\u00e1 a punto de cumplir su centenario vivir\u00e1 este s\u00e1bado 15 en Mercedes su 99\u00b0 edici\u00f3n, el Crit\u00e9rium de Apertura regresa a la ciudad y se desarrollar\u00e1 en horas de la tarde en Avenida 40 entre las calles 25 y Avenida 1, con lo que el tr\u00e1fico estar\u00e1 interrumpido desde la hora 13 hasta pasadas las 18 horas.<\/p>\n<p>La organizaci\u00f3n de la jornada ciclista en el trazado callejero corre por parte del Club Ciclista Naci\u00f3n m\u00e1s la Direcci\u00f3n de Deportes y otras \u00e1reas del Municipio, estando tambi\u00e9n la Comisi\u00f3n Municipal de Ciclismo. El programa de carreras se inicia a las 13 con Elite II y Master A que correr\u00e1n por espacio de una hora con premiaci\u00f3n del primero al sexto.<\/p>\n<p>Para la Master B, desde las 14.15, ser\u00e1n otros 60 minutos y premiaci\u00f3n a los primeros seis. Estas categor\u00edas y las anteriores tendr\u00e1n su inscripci\u00f3n desde las 11.30 de la ma\u00f1ana en el Centro Cultural La Trocha de Avenida 40 y calle 21, a los ciclistas se le solicita puntualidad al ponerse en marcha las pruebas en el horario anunciado, en tanto a los vecinos se le solicita cuidar mascotas y no dejar veh\u00edculos estacionados en Avenida 40.<\/p>\n<p>Para la hora 15.30 se anuncia el plato fuerte, el 99\u00b0 Crit\u00e9rium de Apertura que tiene si inscripci\u00f3n previa por parte del Club Ciclista Naci\u00f3n y s\u00f3lo ser\u00e1 para pedaleros Elite \u2013 Sub 23 y Juniors. Ser\u00e1n dos horas de carrera en el trazado de 2200 metros, un espect\u00e1culo asegurado con lo mejor del pelot\u00f3n bonaerense y algunos que llegaron desde puntos m\u00e1s lejanos.<\/p>\n<p><strong>El pasado Crit\u00e9rium<\/strong><br \/>\nEn el 2021 la carrera del Club Ciclista Naci\u00f3n tuvo como ganador al de P\u00e9rez (Santa Fe) Javier Canova\u00a0 que integraba el equipo Lafran Fox por aquel entonces. Lo escoltaron Juan Bold\u00fa (Los Cascos) y Sergio Fredes (KTM). En Sub 23 se impuso Agust\u00edn Del Negro (SAT) y en Junior la victoria fue para Mat\u00edas Quiroga (SAT).<\/p>\n","protected":false},"excerpt":{"rendered":"<p>\u25a0 En Avenida 40 ser\u00e1 la 99\u00b0 edici\u00f3n para Elite \u2013 Sub 23 y Juniors desde 15.30. En la previa habr\u00e1 dos competencias desde las 13 con Elite II \u2013 Master A m\u00e1s la Master B. Lo mejor del ciclismo se vivir\u00e1 en la ciudad.<\/p>\n","protected":false},"author":6,"featured_media":101753,"comment_status":"open","ping_status":"open","sticky":false,"template":"","format":"standard","meta":{"footnotes":""},"categories":[5],"tags":[108,10385,11116,10384,23],"class_list":["post-101751","post","type-post","status-publish","format-standard","has-post-thumbnail","hentry","category-deportes","tag-ciclismo","tag-club-ciclista-nacion","tag-comision-municipal-de-ciclismo","tag-criterium-de-apertura","tag-mercedes"],"yoast_head":"<!-- This site is optimized with the Yoast SEO plugin v27.4 - https:\/\/yoast.com\/product\/yoast-seo-wordpress\/ -->\n<title>Este s\u00e1bado Mercedes recibe al Crit\u00e9rium de Apertura<\/title>\n<meta name=\"robots\" content=\"index, follow, max-snippet:-1, max-image-preview:large, max-video-preview:-1\" \/>\n<link rel=\"canonical\" href=\"https:\/\/noticiasmercedinas.com\/site\/2022\/10\/12\/este-sabado-mercedes-recibe-al-criterium-de-apertura\/\" \/>\n<meta property=\"og:locale\" content=\"es_ES\" \/>\n<meta property=\"og:type\" content=\"article\" \/>\n<meta property=\"og:title\" content=\"Este s\u00e1bado Mercedes recibe al Crit\u00e9rium de Apertura\" \/>\n<meta property=\"og:description\" content=\"\u25a0 En Avenida 40 ser\u00e1 la 99\u00b0 edici\u00f3n para Elite \u2013 Sub 23 y Juniors desde 15.30. En la previa habr\u00e1 dos competencias desde las 13 con Elite II \u2013 Master A m\u00e1s la Master B. Lo mejor del ciclismo se vivir\u00e1 en la ciudad.\" \/>\n<meta property=\"og:url\" content=\"https:\/\/noticiasmercedinas.com\/site\/2022\/10\/12\/este-sabado-mercedes-recibe-al-criterium-de-apertura\/\" \/>\n<meta property=\"og:site_name\" content=\"NOTICIASMERCEDINAS.COM\" \/>\n<meta property=\"article:publisher\" content=\"https:\/\/www.facebook.com\/noticiasmercedinas\/\" \/>\n<meta property=\"article:published_time\" content=\"2022-10-12T14:10:30+00:00\" \/>\n<meta property=\"og:image\" content=\"https:\/\/noticiasmercedinas.com\/site\/wp-content\/uploads\/2022\/10\/IMG_1829.jpg\" \/>\n\t<meta property=\"og:image:width\" content=\"640\" \/>\n\t<meta property=\"og:image:height\" content=\"383\" \/>\n\t<meta property=\"og:image:type\" content=\"image\/jpeg\" \/>\n<meta name=\"author\" content=\"Juan Dagnino NOTICIASMERCEDINAS.COM\" \/>\n<meta name=\"twitter:card\" content=\"summary_large_image\" \/>\n<meta name=\"twitter:creator\" content=\"@notmercedinas\" \/>\n<meta name=\"twitter:site\" content=\"@notmercedinas\" \/>\n<meta name=\"twitter:label1\" content=\"Escrito por\" \/>\n\t<meta name=\"twitter:data1\" content=\"Juan Dagnino NOTICIASMERCEDINAS.COM\" \/>\n\t<meta name=\"twitter:label2\" content=\"Tiempo de lectura\" \/>\n\t<meta name=\"twitter:data2\" content=\"2 minutos\" \/>\n<script type=\"application\/ld+json\" class=\"yoast-schema-graph\">{\"@context\":\"https:\\\/\\\/schema.org\",\"@graph\":[{\"@type\":\"Article\",\"@id\":\"https:\\\/\\\/noticiasmercedinas.com\\\/site\\\/2022\\\/10\\\/12\\\/este-sabado-mercedes-recibe-al-criterium-de-apertura\\\/#article\",\"isPartOf\":{\"@id\":\"https:\\\/\\\/noticiasmercedinas.com\\\/site\\\/2022\\\/10\\\/12\\\/este-sabado-mercedes-recibe-al-criterium-de-apertura\\\/\"},\"author\":{\"name\":\"Juan Dagnino NOTICIASMERCEDINAS.COM\",\"@id\":\"https:\\\/\\\/noticiasmercedinas.com\\\/site\\\/#\\\/schema\\\/person\\\/8f2f09d666ef40986eba4a5e6f2a06f9\"},\"headline\":\"Este s\u00e1bado Mercedes recibe al Crit\u00e9rium de Apertura\",\"datePublished\":\"2022-10-12T14:10:30+00:00\",\"mainEntityOfPage\":{\"@id\":\"https:\\\/\\\/noticiasmercedinas.com\\\/site\\\/2022\\\/10\\\/12\\\/este-sabado-mercedes-recibe-al-criterium-de-apertura\\\/\"},\"wordCount\":366,\"commentCount\":0,\"publisher\":{\"@id\":\"https:\\\/\\\/noticiasmercedinas.com\\\/site\\\/#organization\"},\"image\":{\"@id\":\"https:\\\/\\\/noticiasmercedinas.com\\\/site\\\/2022\\\/10\\\/12\\\/este-sabado-mercedes-recibe-al-criterium-de-apertura\\\/#primaryimage\"},\"thumbnailUrl\":\"https:\\\/\\\/noticiasmercedinas.com\\\/site\\\/wp-content\\\/uploads\\\/2022\\\/10\\\/IMG_1829.jpg\",\"keywords\":[\"ciclismo\",\"club ciclista nacion\",\"comision municipal de ciclismo\",\"criterium de apertura\",\"mercedes\"],\"articleSection\":[\"Deportes\"],\"inLanguage\":\"es\",\"potentialAction\":[{\"@type\":\"CommentAction\",\"name\":\"Comment\",\"target\":[\"https:\\\/\\\/noticiasmercedinas.com\\\/site\\\/2022\\\/10\\\/12\\\/este-sabado-mercedes-recibe-al-criterium-de-apertura\\\/#respond\"]}]},{\"@type\":\"WebPage\",\"@id\":\"https:\\\/\\\/noticiasmercedinas.com\\\/site\\\/2022\\\/10\\\/12\\\/este-sabado-mercedes-recibe-al-criterium-de-apertura\\\/\",\"url\":\"https:\\\/\\\/noticiasmercedinas.com\\\/site\\\/2022\\\/10\\\/12\\\/este-sabado-mercedes-recibe-al-criterium-de-apertura\\\/\",\"name\":\"Este s\u00e1bado Mercedes recibe al Crit\u00e9rium de Apertura\",\"isPartOf\":{\"@id\":\"https:\\\/\\\/noticiasmercedinas.com\\\/site\\\/#website\"},\"primaryImageOfPage\":{\"@id\":\"https:\\\/\\\/noticiasmercedinas.com\\\/site\\\/2022\\\/10\\\/12\\\/este-sabado-mercedes-recibe-al-criterium-de-apertura\\\/#primaryimage\"},\"image\":{\"@id\":\"https:\\\/\\\/noticiasmercedinas.com\\\/site\\\/2022\\\/10\\\/12\\\/este-sabado-mercedes-recibe-al-criterium-de-apertura\\\/#primaryimage\"},\"thumbnailUrl\":\"https:\\\/\\\/noticiasmercedinas.com\\\/site\\\/wp-content\\\/uploads\\\/2022\\\/10\\\/IMG_1829.jpg\",\"datePublished\":\"2022-10-12T14:10:30+00:00\",\"breadcrumb\":{\"@id\":\"https:\\\/\\\/noticiasmercedinas.com\\\/site\\\/2022\\\/10\\\/12\\\/este-sabado-mercedes-recibe-al-criterium-de-apertura\\\/#breadcrumb\"},\"inLanguage\":\"es\",\"potentialAction\":[{\"@type\":\"ReadAction\",\"target\":[\"https:\\\/\\\/noticiasmercedinas.com\\\/site\\\/2022\\\/10\\\/12\\\/este-sabado-mercedes-recibe-al-criterium-de-apertura\\\/\"]}]},{\"@type\":\"ImageObject\",\"inLanguage\":\"es\",\"@id\":\"https:\\\/\\\/noticiasmercedinas.com\\\/site\\\/2022\\\/10\\\/12\\\/este-sabado-mercedes-recibe-al-criterium-de-apertura\\\/#primaryimage\",\"url\":\"https:\\\/\\\/noticiasmercedinas.com\\\/site\\\/wp-content\\\/uploads\\\/2022\\\/10\\\/IMG_1829.jpg\",\"contentUrl\":\"https:\\\/\\\/noticiasmercedinas.com\\\/site\\\/wp-content\\\/uploads\\\/2022\\\/10\\\/IMG_1829.jpg\",\"width\":640,\"height\":383},{\"@type\":\"BreadcrumbList\",\"@id\":\"https:\\\/\\\/noticiasmercedinas.com\\\/site\\\/2022\\\/10\\\/12\\\/este-sabado-mercedes-recibe-al-criterium-de-apertura\\\/#breadcrumb\",\"itemListElement\":[{\"@type\":\"ListItem\",\"position\":1,\"name\":\"Portada\",\"item\":\"https:\\\/\\\/noticiasmercedinas.com\\\/site\\\/\"},{\"@type\":\"ListItem\",\"position\":2,\"name\":\"Este s\u00e1bado Mercedes recibe al Crit\u00e9rium de Apertura\"}]},{\"@type\":\"WebSite\",\"@id\":\"https:\\\/\\\/noticiasmercedinas.com\\\/site\\\/#website\",\"url\":\"https:\\\/\\\/noticiasmercedinas.com\\\/site\\\/\",\"name\":\"NOTICIASMERCEDINAS.COM\",\"description\":\"Mercedes, Buenos Aires, Argentina\",\"publisher\":{\"@id\":\"https:\\\/\\\/noticiasmercedinas.com\\\/site\\\/#organization\"},\"potentialAction\":[{\"@type\":\"SearchAction\",\"target\":{\"@type\":\"EntryPoint\",\"urlTemplate\":\"https:\\\/\\\/noticiasmercedinas.com\\\/site\\\/?s={search_term_string}\"},\"query-input\":{\"@type\":\"PropertyValueSpecification\",\"valueRequired\":true,\"valueName\":\"search_term_string\"}}],\"inLanguage\":\"es\"},{\"@type\":\"Organization\",\"@id\":\"https:\\\/\\\/noticiasmercedinas.com\\\/site\\\/#organization\",\"name\":\"NOTICIASMERCEDINAS.COM\",\"url\":\"https:\\\/\\\/noticiasmercedinas.com\\\/site\\\/\",\"logo\":{\"@type\":\"ImageObject\",\"inLanguage\":\"es\",\"@id\":\"https:\\\/\\\/noticiasmercedinas.com\\\/site\\\/#\\\/schema\\\/logo\\\/image\\\/\",\"url\":\"https:\\\/\\\/noticiasmercedinas.com\\\/site\\\/wp-content\\\/uploads\\\/2020\\\/06\\\/LOGO-512.jpg\",\"contentUrl\":\"https:\\\/\\\/noticiasmercedinas.com\\\/site\\\/wp-content\\\/uploads\\\/2020\\\/06\\\/LOGO-512.jpg\",\"width\":512,\"height\":512,\"caption\":\"NOTICIASMERCEDINAS.COM\"},\"image\":{\"@id\":\"https:\\\/\\\/noticiasmercedinas.com\\\/site\\\/#\\\/schema\\\/logo\\\/image\\\/\"},\"sameAs\":[\"https:\\\/\\\/www.facebook.com\\\/noticiasmercedinas\\\/\",\"https:\\\/\\\/x.com\\\/notmercedinas\",\"https:\\\/\\\/www.instagram.com\\\/noticiasmercedinas\\\/\"]},{\"@type\":\"Person\",\"@id\":\"https:\\\/\\\/noticiasmercedinas.com\\\/site\\\/#\\\/schema\\\/person\\\/8f2f09d666ef40986eba4a5e6f2a06f9\",\"name\":\"Juan Dagnino NOTICIASMERCEDINAS.COM\",\"image\":{\"@type\":\"ImageObject\",\"inLanguage\":\"es\",\"@id\":\"https:\\\/\\\/secure.gravatar.com\\\/avatar\\\/fc7059a769f5a3cae65fadb228a3e4accf3a64b4b2305020d0a27e6d5333c91b?s=96&d=mm&r=g\",\"url\":\"https:\\\/\\\/secure.gravatar.com\\\/avatar\\\/fc7059a769f5a3cae65fadb228a3e4accf3a64b4b2305020d0a27e6d5333c91b?s=96&d=mm&r=g\",\"contentUrl\":\"https:\\\/\\\/secure.gravatar.com\\\/avatar\\\/fc7059a769f5a3cae65fadb228a3e4accf3a64b4b2305020d0a27e6d5333c91b?s=96&d=mm&r=g\",\"caption\":\"Juan Dagnino NOTICIASMERCEDINAS.COM\"},\"url\":\"https:\\\/\\\/noticiasmercedinas.com\\\/site\\\/author\\\/juandagnino\\\/\"}]}<\/script>\n<!-- \/ Yoast SEO plugin. -->","yoast_head_json":{"title":"Este s\u00e1bado Mercedes recibe al Crit\u00e9rium de Apertura","robots":{"index":"index","follow":"follow","max-snippet":"max-snippet:-1","max-image-preview":"max-image-preview:large","max-video-preview":"max-video-preview:-1"},"canonical":"https:\/\/noticiasmercedinas.com\/site\/2022\/10\/12\/este-sabado-mercedes-recibe-al-criterium-de-apertura\/","og_locale":"es_ES","og_type":"article","og_title":"Este s\u00e1bado Mercedes recibe al Crit\u00e9rium de Apertura","og_description":"\u25a0 En Avenida 40 ser\u00e1 la 99\u00b0 edici\u00f3n para Elite \u2013 Sub 23 y Juniors desde 15.30. En la previa habr\u00e1 dos competencias desde las 13 con Elite II \u2013 Master A m\u00e1s la Master B. Lo mejor del ciclismo se vivir\u00e1 en la ciudad.","og_url":"https:\/\/noticiasmercedinas.com\/site\/2022\/10\/12\/este-sabado-mercedes-recibe-al-criterium-de-apertura\/","og_site_name":"NOTICIASMERCEDINAS.COM","article_publisher":"https:\/\/www.facebook.com\/noticiasmercedinas\/","article_published_time":"2022-10-12T14:10:30+00:00","og_image":[{"width":640,"height":383,"url":"https:\/\/noticiasmercedinas.com\/site\/wp-content\/uploads\/2022\/10\/IMG_1829.jpg","type":"image\/jpeg"}],"author":"Juan Dagnino NOTICIASMERCEDINAS.COM","twitter_card":"summary_large_image","twitter_creator":"@notmercedinas","twitter_site":"@notmercedinas","twitter_misc":{"Escrito por":"Juan Dagnino NOTICIASMERCEDINAS.COM","Tiempo de lectura":"2 minutos"},"schema":{"@context":"https:\/\/schema.org","@graph":[{"@type":"Article","@id":"https:\/\/noticiasmercedinas.com\/site\/2022\/10\/12\/este-sabado-mercedes-recibe-al-criterium-de-apertura\/#article","isPartOf":{"@id":"https:\/\/noticiasmercedinas.com\/site\/2022\/10\/12\/este-sabado-mercedes-recibe-al-criterium-de-apertura\/"},"author":{"name":"Juan Dagnino NOTICIASMERCEDINAS.COM","@id":"https:\/\/noticiasmercedinas.com\/site\/#\/schema\/person\/8f2f09d666ef40986eba4a5e6f2a06f9"},"headline":"Este s\u00e1bado Mercedes recibe al Crit\u00e9rium de Apertura","datePublished":"2022-10-12T14:10:30+00:00","mainEntityOfPage":{"@id":"https:\/\/noticiasmercedinas.com\/site\/2022\/10\/12\/este-sabado-mercedes-recibe-al-criterium-de-apertura\/"},"wordCount":366,"commentCount":0,"publisher":{"@id":"https:\/\/noticiasmercedinas.com\/site\/#organization"},"image":{"@id":"https:\/\/noticiasmercedinas.com\/site\/2022\/10\/12\/este-sabado-mercedes-recibe-al-criterium-de-apertura\/#primaryimage"},"thumbnailUrl":"https:\/\/noticiasmercedinas.com\/site\/wp-content\/uploads\/2022\/10\/IMG_1829.jpg","keywords":["ciclismo","club ciclista nacion","comision municipal de ciclismo","criterium de apertura","mercedes"],"articleSection":["Deportes"],"inLanguage":"es","potentialAction":[{"@type":"CommentAction","name":"Comment","target":["https:\/\/noticiasmercedinas.com\/site\/2022\/10\/12\/este-sabado-mercedes-recibe-al-criterium-de-apertura\/#respond"]}]},{"@type":"WebPage","@id":"https:\/\/noticiasmercedinas.com\/site\/2022\/10\/12\/este-sabado-mercedes-recibe-al-criterium-de-apertura\/","url":"https:\/\/noticiasmercedinas.com\/site\/2022\/10\/12\/este-sabado-mercedes-recibe-al-criterium-de-apertura\/","name":"Este s\u00e1bado Mercedes recibe al Crit\u00e9rium de Apertura","isPartOf":{"@id":"https:\/\/noticiasmercedinas.com\/site\/#website"},"primaryImageOfPage":{"@id":"https:\/\/noticiasmercedinas.com\/site\/2022\/10\/12\/este-sabado-mercedes-recibe-al-criterium-de-apertura\/#primaryimage"},"image":{"@id":"https:\/\/noticiasmercedinas.com\/site\/2022\/10\/12\/este-sabado-mercedes-recibe-al-criterium-de-apertura\/#primaryimage"},"thumbnailUrl":"https:\/\/noticiasmercedinas.com\/site\/wp-content\/uploads\/2022\/10\/IMG_1829.jpg","datePublished":"2022-10-12T14:10:30+00:00","breadcrumb":{"@id":"https:\/\/noticiasmercedinas.com\/site\/2022\/10\/12\/este-sabado-mercedes-recibe-al-criterium-de-apertura\/#breadcrumb"},"inLanguage":"es","potentialAction":[{"@type":"ReadAction","target":["https:\/\/noticiasmercedinas.com\/site\/2022\/10\/12\/este-sabado-mercedes-recibe-al-criterium-de-apertura\/"]}]},{"@type":"ImageObject","inLanguage":"es","@id":"https:\/\/noticiasmercedinas.com\/site\/2022\/10\/12\/este-sabado-mercedes-recibe-al-criterium-de-apertura\/#primaryimage","url":"https:\/\/noticiasmercedinas.com\/site\/wp-content\/uploads\/2022\/10\/IMG_1829.jpg","contentUrl":"https:\/\/noticiasmercedinas.com\/site\/wp-content\/uploads\/2022\/10\/IMG_1829.jpg","width":640,"height":383},{"@type":"BreadcrumbList","@id":"https:\/\/noticiasmercedinas.com\/site\/2022\/10\/12\/este-sabado-mercedes-recibe-al-criterium-de-apertura\/#breadcrumb","itemListElement":[{"@type":"ListItem","position":1,"name":"Portada","item":"https:\/\/noticiasmercedinas.com\/site\/"},{"@type":"ListItem","position":2,"name":"Este s\u00e1bado Mercedes recibe al Crit\u00e9rium de Apertura"}]},{"@type":"WebSite","@id":"https:\/\/noticiasmercedinas.com\/site\/#website","url":"https:\/\/noticiasmercedinas.com\/site\/","name":"NOTICIASMERCEDINAS.COM","description":"Mercedes, Buenos Aires, Argentina","publisher":{"@id":"https:\/\/noticiasmercedinas.com\/site\/#organization"},"potentialAction":[{"@type":"SearchAction","target":{"@type":"EntryPoint","urlTemplate":"https:\/\/noticiasmercedinas.com\/site\/?s={search_term_string}"},"query-input":{"@type":"PropertyValueSpecification","valueRequired":true,"valueName":"search_term_string"}}],"inLanguage":"es"},{"@type":"Organization","@id":"https:\/\/noticiasmercedinas.com\/site\/#organization","name":"NOTICIASMERCEDINAS.COM","url":"https:\/\/noticiasmercedinas.com\/site\/","logo":{"@type":"ImageObject","inLanguage":"es","@id":"https:\/\/noticiasmercedinas.com\/site\/#\/schema\/logo\/image\/","url":"https:\/\/noticiasmercedinas.com\/site\/wp-content\/uploads\/2020\/06\/LOGO-512.jpg","contentUrl":"https:\/\/noticiasmercedinas.com\/site\/wp-content\/uploads\/2020\/06\/LOGO-512.jpg","width":512,"height":512,"caption":"NOTICIASMERCEDINAS.COM"},"image":{"@id":"https:\/\/noticiasmercedinas.com\/site\/#\/schema\/logo\/image\/"},"sameAs":["https:\/\/www.facebook.com\/noticiasmercedinas\/","https:\/\/x.com\/notmercedinas","https:\/\/www.instagram.com\/noticiasmercedinas\/"]},{"@type":"Person","@id":"https:\/\/noticiasmercedinas.com\/site\/#\/schema\/person\/8f2f09d666ef40986eba4a5e6f2a06f9","name":"Juan Dagnino NOTICIASMERCEDINAS.COM","image":{"@type":"ImageObject","inLanguage":"es","@id":"https:\/\/secure.gravatar.com\/avatar\/fc7059a769f5a3cae65fadb228a3e4accf3a64b4b2305020d0a27e6d5333c91b?s=96&d=mm&r=g","url":"https:\/\/secure.gravatar.com\/avatar\/fc7059a769f5a3cae65fadb228a3e4accf3a64b4b2305020d0a27e6d5333c91b?s=96&d=mm&r=g","contentUrl":"https:\/\/secure.gravatar.com\/avatar\/fc7059a769f5a3cae65fadb228a3e4accf3a64b4b2305020d0a27e6d5333c91b?s=96&d=mm&r=g","caption":"Juan Dagnino NOTICIASMERCEDINAS.COM"},"url":"https:\/\/noticiasmercedinas.com\/site\/author\/juandagnino\/"}]}},"amp_enabled":true,"_links":{"self":[{"href":"https:\/\/noticiasmercedinas.com\/site\/wp-json\/wp\/v2\/posts\/101751","targetHints":{"allow":["GET"]}}],"collection":[{"href":"https:\/\/noticiasmercedinas.com\/site\/wp-json\/wp\/v2\/posts"}],"about":[{"href":"https:\/\/noticiasmercedinas.com\/site\/wp-json\/wp\/v2\/types\/post"}],"author":[{"embeddable":true,"href":"https:\/\/noticiasmercedinas.com\/site\/wp-json\/wp\/v2\/users\/6"}],"replies":[{"embeddable":true,"href":"https:\/\/noticiasmercedinas.com\/site\/wp-json\/wp\/v2\/comments?post=101751"}],"version-history":[{"count":1,"href":"https:\/\/noticiasmercedinas.com\/site\/wp-json\/wp\/v2\/posts\/101751\/revisions"}],"predecessor-version":[{"id":101757,"href":"https:\/\/noticiasmercedinas.com\/site\/wp-json\/wp\/v2\/posts\/101751\/revisions\/101757"}],"wp:featuredmedia":[{"embeddable":true,"href":"https:\/\/noticiasmercedinas.com\/site\/wp-json\/wp\/v2\/media\/101753"}],"wp:attachment":[{"href":"https:\/\/noticiasmercedinas.com\/site\/wp-json\/wp\/v2\/media?parent=101751"}],"wp:term":[{"taxonomy":"category","embeddable":true,"href":"https:\/\/noticiasmercedinas.com\/site\/wp-json\/wp\/v2\/categories?post=101751"},{"taxonomy":"post_tag","embeddable":true,"href":"https:\/\/noticiasmercedinas.com\/site\/wp-json\/wp\/v2\/tags?post=101751"}],"curies":[{"name":"wp","href":"https:\/\/api.w.org\/{rel}","templated":true}]}}