{"id":1018,"date":"2018-09-04T10:09:40","date_gmt":"2018-09-04T13:09:40","guid":{"rendered":"https:\/\/noticiasmercedinas.com\/site\/?p=1018"},"modified":"2018-09-04T10:09:40","modified_gmt":"2018-09-04T13:09:40","slug":"esta-noche-se-pone-en-marcha-el-reducido","status":"publish","type":"post","link":"https:\/\/noticiasmercedinas.com\/site\/2018\/09\/04\/esta-noche-se-pone-en-marcha-el-reducido\/","title":{"rendered":"Esta noche se pone en marcha el Reducido"},"content":{"rendered":"<p><strong>S\u00f3lo habr\u00e1 un partido desde las 20.30 entre AMEFIP San Mart\u00edn y Atl\u00e9tico Marcos Paz. El clasificado enfrentar\u00e1 a Club Mercedes el pr\u00f3ximo s\u00e1bado. Ma\u00f1ana habr\u00e1 otros tres cruces con dos partidos en la Liga y uno en Marcos Paz.<\/p>\n<p><img loading=\"lazy\" decoding=\"async\" class=\"alignnone size-full wp-image-1019\" src=\"https:\/\/noticiasmercedinas.com\/site\/wp-content\/uploads\/2018\/09\/IMG_4022.jpg\" alt=\"\" width=\"650\" height=\"347\" srcset=\"https:\/\/noticiasmercedinas.com\/site\/wp-content\/uploads\/2018\/09\/IMG_4022.jpg 650w, https:\/\/noticiasmercedinas.com\/site\/wp-content\/uploads\/2018\/09\/IMG_4022-300x160.jpg 300w, https:\/\/noticiasmercedinas.com\/site\/wp-content\/uploads\/2018\/09\/IMG_4022-600x320.jpg 600w, https:\/\/noticiasmercedinas.com\/site\/wp-content\/uploads\/2018\/09\/IMG_4022-640x342.jpg 640w\" sizes=\"auto, (max-width: 650px) 100vw, 650px\" \/><br \/>\n<\/strong><\/p>\n<p>Atr\u00e1s a quedado la fase regular, esa instancia donde los equipos lucharon por clasificar. Fueron 12 los que lo consiguieron para que entre hoy y ma\u00f1ana 8 de ellos comiencen a jugar el Reducido. En cancha de la Liga, esta noche, desde las 20.30 jugar\u00e1n AMEFIP San Mart\u00edn y Atl\u00e9tico Marcos Paz, la ventaja deportiva en caso de empate ser\u00e1 para los del \u201cBarrio\u201d en medio de un encuentro donde el \u201cVerde\u201d est\u00e1 obligado a ganar en lo que ser\u00e1 un \u00fanico partido. El clasificado visitar\u00e1 a Club Mercedes el pr\u00f3ximo s\u00e1bado 8.<\/p>\n<p>AMEFIP San Mart\u00edn viene de caer en sus \u00faltimas dos presentaciones, ante Costa Brava y Trocha, finalizando en la cuarta posici\u00f3n. Por su parte, Atl\u00e9tico Marcos Paz tropez\u00f3 frente Comunicaciones poniendo en cancha un equipo con jugadores que habitualmente no son titulares, guardando sus hombres m\u00e1s destacados para el partido de esta noche.<\/p>\n<p>El Reducido seguir\u00e1n adelante el mi\u00e9rcoles 5 entre Pabell\u00f3n vs. Quilmes, el que pase visita a Juventud. Otro cruce ser\u00e1 entre De Estudiantes vs. V\u00e9lez esperando en la llave El Front\u00f3n. De Trocha vs. Ateneo quedar\u00e1 el rival de Col\u00f3n de Luj\u00e1n. Se abre la serie por un lugar en la final de temporada y la clasificaci\u00f3n al Torneo Federal Amateur 2019 para acompa\u00f1ar a Club Mercedes y El Front\u00f3n. El primero viene del Federal B y los de San Andr\u00e9s de Giles son los campeones de la temporada 2017 de la Liga.<\/p>\n<p><strong>Reducido<\/strong><br \/>\n<strong>Martes 4<br \/>\nCancha: <\/strong><strong>Liga Mercedina<\/strong>.<br \/>\nA las 20.30 AMEFIP San Mart\u00edn vs. Atl\u00e9tico Marcos Paz.<\/p>\n<p><strong>Mi\u00e9rcoles 5<br \/>\nCancha: <\/strong><strong>Liga Mercedina<\/strong>.<br \/>\nA las 19.30 Estudiantes vs. V\u00e9lez Sarsfield.<br \/>\nA las 21.30 Trocha vs. Ateneo.<\/p>\n<p><strong>Mi\u00e9rcoles 5<br \/>\nCancha: <\/strong><strong>Pabell\u00f3n Argentino<\/strong>.<br \/>\nA las 21.10 Pabell\u00f3n Argentino vs. Quilmes.<\/p>\n<p><strong>\u00a0<\/strong><\/p>\n","protected":false},"excerpt":{"rendered":"<p>S\u00f3lo habr\u00e1 un partido desde las 20.30 entre AMEFIP San Mart\u00edn y Atl\u00e9tico Marcos Paz. El clasificado enfrentar\u00e1 a Club Mercedes el pr\u00f3ximo s\u00e1bado. Ma\u00f1ana habr\u00e1 otros tres cruces con dos partidos en la Liga y uno en Marcos Paz. Atr\u00e1s a quedado la fase regular, esa instancia donde los equipos lucharon por clasificar. Fueron [&hellip;]<\/p>\n","protected":false},"author":6,"featured_media":1019,"comment_status":"open","ping_status":"open","sticky":false,"template":"","format":"standard","meta":{"footnotes":""},"categories":[5],"tags":[27,30,347],"class_list":["post-1018","post","type-post","status-publish","format-standard","has-post-thumbnail","hentry","category-deportes","tag-futbol","tag-liga","tag-reducido"],"yoast_head":"<!-- This site is optimized with the Yoast SEO plugin v27.4 - https:\/\/yoast.com\/product\/yoast-seo-wordpress\/ -->\n<title>Esta noche se pone en marcha el Reducido<\/title>\n<meta name=\"robots\" content=\"index, follow, max-snippet:-1, max-image-preview:large, max-video-preview:-1\" \/>\n<link rel=\"canonical\" href=\"https:\/\/noticiasmercedinas.com\/site\/2018\/09\/04\/esta-noche-se-pone-en-marcha-el-reducido\/\" \/>\n<meta property=\"og:locale\" content=\"es_ES\" \/>\n<meta property=\"og:type\" content=\"article\" \/>\n<meta property=\"og:title\" content=\"Esta noche se pone en marcha el Reducido\" \/>\n<meta property=\"og:description\" content=\"S\u00f3lo habr\u00e1 un partido desde las 20.30 entre AMEFIP San Mart\u00edn y Atl\u00e9tico Marcos Paz. El clasificado enfrentar\u00e1 a Club Mercedes el pr\u00f3ximo s\u00e1bado. Ma\u00f1ana habr\u00e1 otros tres cruces con dos partidos en la Liga y uno en Marcos Paz. Atr\u00e1s a quedado la fase regular, esa instancia donde los equipos lucharon por clasificar. Fueron [&hellip;]\" \/>\n<meta property=\"og:url\" content=\"https:\/\/noticiasmercedinas.com\/site\/2018\/09\/04\/esta-noche-se-pone-en-marcha-el-reducido\/\" \/>\n<meta property=\"og:site_name\" content=\"NOTICIASMERCEDINAS.COM\" \/>\n<meta property=\"article:publisher\" content=\"https:\/\/www.facebook.com\/noticiasmercedinas\/\" \/>\n<meta property=\"article:published_time\" content=\"2018-09-04T13:09:40+00:00\" \/>\n<meta property=\"og:image\" content=\"https:\/\/noticiasmercedinas.com\/site\/wp-content\/uploads\/2018\/09\/IMG_4022.jpg\" \/>\n\t<meta property=\"og:image:width\" content=\"650\" \/>\n\t<meta property=\"og:image:height\" content=\"347\" \/>\n\t<meta property=\"og:image:type\" content=\"image\/jpeg\" \/>\n<meta name=\"author\" content=\"Juan Dagnino NOTICIASMERCEDINAS.COM\" \/>\n<meta name=\"twitter:card\" content=\"summary_large_image\" \/>\n<meta name=\"twitter:creator\" content=\"@notmercedinas\" \/>\n<meta name=\"twitter:site\" content=\"@notmercedinas\" \/>\n<meta name=\"twitter:label1\" content=\"Escrito por\" \/>\n\t<meta name=\"twitter:data1\" content=\"Juan Dagnino NOTICIASMERCEDINAS.COM\" \/>\n\t<meta name=\"twitter:label2\" content=\"Tiempo de lectura\" \/>\n\t<meta name=\"twitter:data2\" content=\"2 minutos\" \/>\n<script type=\"application\/ld+json\" class=\"yoast-schema-graph\">{\"@context\":\"https:\\\/\\\/schema.org\",\"@graph\":[{\"@type\":\"Article\",\"@id\":\"https:\\\/\\\/noticiasmercedinas.com\\\/site\\\/2018\\\/09\\\/04\\\/esta-noche-se-pone-en-marcha-el-reducido\\\/#article\",\"isPartOf\":{\"@id\":\"https:\\\/\\\/noticiasmercedinas.com\\\/site\\\/2018\\\/09\\\/04\\\/esta-noche-se-pone-en-marcha-el-reducido\\\/\"},\"author\":{\"name\":\"Juan Dagnino NOTICIASMERCEDINAS.COM\",\"@id\":\"https:\\\/\\\/noticiasmercedinas.com\\\/site\\\/#\\\/schema\\\/person\\\/8f2f09d666ef40986eba4a5e6f2a06f9\"},\"headline\":\"Esta noche se pone en marcha el Reducido\",\"datePublished\":\"2018-09-04T13:09:40+00:00\",\"mainEntityOfPage\":{\"@id\":\"https:\\\/\\\/noticiasmercedinas.com\\\/site\\\/2018\\\/09\\\/04\\\/esta-noche-se-pone-en-marcha-el-reducido\\\/\"},\"wordCount\":353,\"commentCount\":0,\"publisher\":{\"@id\":\"https:\\\/\\\/noticiasmercedinas.com\\\/site\\\/#organization\"},\"image\":{\"@id\":\"https:\\\/\\\/noticiasmercedinas.com\\\/site\\\/2018\\\/09\\\/04\\\/esta-noche-se-pone-en-marcha-el-reducido\\\/#primaryimage\"},\"thumbnailUrl\":\"https:\\\/\\\/noticiasmercedinas.com\\\/site\\\/wp-content\\\/uploads\\\/2018\\\/09\\\/IMG_4022.jpg\",\"keywords\":[\"futbol\",\"liga\",\"reducido\"],\"articleSection\":[\"Deportes\"],\"inLanguage\":\"es\",\"potentialAction\":[{\"@type\":\"CommentAction\",\"name\":\"Comment\",\"target\":[\"https:\\\/\\\/noticiasmercedinas.com\\\/site\\\/2018\\\/09\\\/04\\\/esta-noche-se-pone-en-marcha-el-reducido\\\/#respond\"]}]},{\"@type\":\"WebPage\",\"@id\":\"https:\\\/\\\/noticiasmercedinas.com\\\/site\\\/2018\\\/09\\\/04\\\/esta-noche-se-pone-en-marcha-el-reducido\\\/\",\"url\":\"https:\\\/\\\/noticiasmercedinas.com\\\/site\\\/2018\\\/09\\\/04\\\/esta-noche-se-pone-en-marcha-el-reducido\\\/\",\"name\":\"Esta noche se pone en marcha el Reducido\",\"isPartOf\":{\"@id\":\"https:\\\/\\\/noticiasmercedinas.com\\\/site\\\/#website\"},\"primaryImageOfPage\":{\"@id\":\"https:\\\/\\\/noticiasmercedinas.com\\\/site\\\/2018\\\/09\\\/04\\\/esta-noche-se-pone-en-marcha-el-reducido\\\/#primaryimage\"},\"image\":{\"@id\":\"https:\\\/\\\/noticiasmercedinas.com\\\/site\\\/2018\\\/09\\\/04\\\/esta-noche-se-pone-en-marcha-el-reducido\\\/#primaryimage\"},\"thumbnailUrl\":\"https:\\\/\\\/noticiasmercedinas.com\\\/site\\\/wp-content\\\/uploads\\\/2018\\\/09\\\/IMG_4022.jpg\",\"datePublished\":\"2018-09-04T13:09:40+00:00\",\"breadcrumb\":{\"@id\":\"https:\\\/\\\/noticiasmercedinas.com\\\/site\\\/2018\\\/09\\\/04\\\/esta-noche-se-pone-en-marcha-el-reducido\\\/#breadcrumb\"},\"inLanguage\":\"es\",\"potentialAction\":[{\"@type\":\"ReadAction\",\"target\":[\"https:\\\/\\\/noticiasmercedinas.com\\\/site\\\/2018\\\/09\\\/04\\\/esta-noche-se-pone-en-marcha-el-reducido\\\/\"]}]},{\"@type\":\"ImageObject\",\"inLanguage\":\"es\",\"@id\":\"https:\\\/\\\/noticiasmercedinas.com\\\/site\\\/2018\\\/09\\\/04\\\/esta-noche-se-pone-en-marcha-el-reducido\\\/#primaryimage\",\"url\":\"https:\\\/\\\/noticiasmercedinas.com\\\/site\\\/wp-content\\\/uploads\\\/2018\\\/09\\\/IMG_4022.jpg\",\"contentUrl\":\"https:\\\/\\\/noticiasmercedinas.com\\\/site\\\/wp-content\\\/uploads\\\/2018\\\/09\\\/IMG_4022.jpg\",\"width\":650,\"height\":347},{\"@type\":\"BreadcrumbList\",\"@id\":\"https:\\\/\\\/noticiasmercedinas.com\\\/site\\\/2018\\\/09\\\/04\\\/esta-noche-se-pone-en-marcha-el-reducido\\\/#breadcrumb\",\"itemListElement\":[{\"@type\":\"ListItem\",\"position\":1,\"name\":\"Portada\",\"item\":\"https:\\\/\\\/noticiasmercedinas.com\\\/site\\\/\"},{\"@type\":\"ListItem\",\"position\":2,\"name\":\"Esta noche se pone en marcha el Reducido\"}]},{\"@type\":\"WebSite\",\"@id\":\"https:\\\/\\\/noticiasmercedinas.com\\\/site\\\/#website\",\"url\":\"https:\\\/\\\/noticiasmercedinas.com\\\/site\\\/\",\"name\":\"NOTICIASMERCEDINAS.COM\",\"description\":\"Mercedes, Buenos Aires, Argentina\",\"publisher\":{\"@id\":\"https:\\\/\\\/noticiasmercedinas.com\\\/site\\\/#organization\"},\"potentialAction\":[{\"@type\":\"SearchAction\",\"target\":{\"@type\":\"EntryPoint\",\"urlTemplate\":\"https:\\\/\\\/noticiasmercedinas.com\\\/site\\\/?s={search_term_string}\"},\"query-input\":{\"@type\":\"PropertyValueSpecification\",\"valueRequired\":true,\"valueName\":\"search_term_string\"}}],\"inLanguage\":\"es\"},{\"@type\":\"Organization\",\"@id\":\"https:\\\/\\\/noticiasmercedinas.com\\\/site\\\/#organization\",\"name\":\"NOTICIASMERCEDINAS.COM\",\"url\":\"https:\\\/\\\/noticiasmercedinas.com\\\/site\\\/\",\"logo\":{\"@type\":\"ImageObject\",\"inLanguage\":\"es\",\"@id\":\"https:\\\/\\\/noticiasmercedinas.com\\\/site\\\/#\\\/schema\\\/logo\\\/image\\\/\",\"url\":\"https:\\\/\\\/noticiasmercedinas.com\\\/site\\\/wp-content\\\/uploads\\\/2020\\\/06\\\/LOGO-512.jpg\",\"contentUrl\":\"https:\\\/\\\/noticiasmercedinas.com\\\/site\\\/wp-content\\\/uploads\\\/2020\\\/06\\\/LOGO-512.jpg\",\"width\":512,\"height\":512,\"caption\":\"NOTICIASMERCEDINAS.COM\"},\"image\":{\"@id\":\"https:\\\/\\\/noticiasmercedinas.com\\\/site\\\/#\\\/schema\\\/logo\\\/image\\\/\"},\"sameAs\":[\"https:\\\/\\\/www.facebook.com\\\/noticiasmercedinas\\\/\",\"https:\\\/\\\/x.com\\\/notmercedinas\",\"https:\\\/\\\/www.instagram.com\\\/noticiasmercedinas\\\/\"]},{\"@type\":\"Person\",\"@id\":\"https:\\\/\\\/noticiasmercedinas.com\\\/site\\\/#\\\/schema\\\/person\\\/8f2f09d666ef40986eba4a5e6f2a06f9\",\"name\":\"Juan Dagnino NOTICIASMERCEDINAS.COM\",\"image\":{\"@type\":\"ImageObject\",\"inLanguage\":\"es\",\"@id\":\"https:\\\/\\\/secure.gravatar.com\\\/avatar\\\/fc7059a769f5a3cae65fadb228a3e4accf3a64b4b2305020d0a27e6d5333c91b?s=96&d=mm&r=g\",\"url\":\"https:\\\/\\\/secure.gravatar.com\\\/avatar\\\/fc7059a769f5a3cae65fadb228a3e4accf3a64b4b2305020d0a27e6d5333c91b?s=96&d=mm&r=g\",\"contentUrl\":\"https:\\\/\\\/secure.gravatar.com\\\/avatar\\\/fc7059a769f5a3cae65fadb228a3e4accf3a64b4b2305020d0a27e6d5333c91b?s=96&d=mm&r=g\",\"caption\":\"Juan Dagnino NOTICIASMERCEDINAS.COM\"},\"url\":\"https:\\\/\\\/noticiasmercedinas.com\\\/site\\\/author\\\/juandagnino\\\/\"}]}<\/script>\n<!-- \/ Yoast SEO plugin. -->","yoast_head_json":{"title":"Esta noche se pone en marcha el Reducido","robots":{"index":"index","follow":"follow","max-snippet":"max-snippet:-1","max-image-preview":"max-image-preview:large","max-video-preview":"max-video-preview:-1"},"canonical":"https:\/\/noticiasmercedinas.com\/site\/2018\/09\/04\/esta-noche-se-pone-en-marcha-el-reducido\/","og_locale":"es_ES","og_type":"article","og_title":"Esta noche se pone en marcha el Reducido","og_description":"S\u00f3lo habr\u00e1 un partido desde las 20.30 entre AMEFIP San Mart\u00edn y Atl\u00e9tico Marcos Paz. El clasificado enfrentar\u00e1 a Club Mercedes el pr\u00f3ximo s\u00e1bado. Ma\u00f1ana habr\u00e1 otros tres cruces con dos partidos en la Liga y uno en Marcos Paz. Atr\u00e1s a quedado la fase regular, esa instancia donde los equipos lucharon por clasificar. Fueron [&hellip;]","og_url":"https:\/\/noticiasmercedinas.com\/site\/2018\/09\/04\/esta-noche-se-pone-en-marcha-el-reducido\/","og_site_name":"NOTICIASMERCEDINAS.COM","article_publisher":"https:\/\/www.facebook.com\/noticiasmercedinas\/","article_published_time":"2018-09-04T13:09:40+00:00","og_image":[{"width":650,"height":347,"url":"https:\/\/noticiasmercedinas.com\/site\/wp-content\/uploads\/2018\/09\/IMG_4022.jpg","type":"image\/jpeg"}],"author":"Juan Dagnino NOTICIASMERCEDINAS.COM","twitter_card":"summary_large_image","twitter_creator":"@notmercedinas","twitter_site":"@notmercedinas","twitter_misc":{"Escrito por":"Juan Dagnino NOTICIASMERCEDINAS.COM","Tiempo de lectura":"2 minutos"},"schema":{"@context":"https:\/\/schema.org","@graph":[{"@type":"Article","@id":"https:\/\/noticiasmercedinas.com\/site\/2018\/09\/04\/esta-noche-se-pone-en-marcha-el-reducido\/#article","isPartOf":{"@id":"https:\/\/noticiasmercedinas.com\/site\/2018\/09\/04\/esta-noche-se-pone-en-marcha-el-reducido\/"},"author":{"name":"Juan Dagnino NOTICIASMERCEDINAS.COM","@id":"https:\/\/noticiasmercedinas.com\/site\/#\/schema\/person\/8f2f09d666ef40986eba4a5e6f2a06f9"},"headline":"Esta noche se pone en marcha el Reducido","datePublished":"2018-09-04T13:09:40+00:00","mainEntityOfPage":{"@id":"https:\/\/noticiasmercedinas.com\/site\/2018\/09\/04\/esta-noche-se-pone-en-marcha-el-reducido\/"},"wordCount":353,"commentCount":0,"publisher":{"@id":"https:\/\/noticiasmercedinas.com\/site\/#organization"},"image":{"@id":"https:\/\/noticiasmercedinas.com\/site\/2018\/09\/04\/esta-noche-se-pone-en-marcha-el-reducido\/#primaryimage"},"thumbnailUrl":"https:\/\/noticiasmercedinas.com\/site\/wp-content\/uploads\/2018\/09\/IMG_4022.jpg","keywords":["futbol","liga","reducido"],"articleSection":["Deportes"],"inLanguage":"es","potentialAction":[{"@type":"CommentAction","name":"Comment","target":["https:\/\/noticiasmercedinas.com\/site\/2018\/09\/04\/esta-noche-se-pone-en-marcha-el-reducido\/#respond"]}]},{"@type":"WebPage","@id":"https:\/\/noticiasmercedinas.com\/site\/2018\/09\/04\/esta-noche-se-pone-en-marcha-el-reducido\/","url":"https:\/\/noticiasmercedinas.com\/site\/2018\/09\/04\/esta-noche-se-pone-en-marcha-el-reducido\/","name":"Esta noche se pone en marcha el Reducido","isPartOf":{"@id":"https:\/\/noticiasmercedinas.com\/site\/#website"},"primaryImageOfPage":{"@id":"https:\/\/noticiasmercedinas.com\/site\/2018\/09\/04\/esta-noche-se-pone-en-marcha-el-reducido\/#primaryimage"},"image":{"@id":"https:\/\/noticiasmercedinas.com\/site\/2018\/09\/04\/esta-noche-se-pone-en-marcha-el-reducido\/#primaryimage"},"thumbnailUrl":"https:\/\/noticiasmercedinas.com\/site\/wp-content\/uploads\/2018\/09\/IMG_4022.jpg","datePublished":"2018-09-04T13:09:40+00:00","breadcrumb":{"@id":"https:\/\/noticiasmercedinas.com\/site\/2018\/09\/04\/esta-noche-se-pone-en-marcha-el-reducido\/#breadcrumb"},"inLanguage":"es","potentialAction":[{"@type":"ReadAction","target":["https:\/\/noticiasmercedinas.com\/site\/2018\/09\/04\/esta-noche-se-pone-en-marcha-el-reducido\/"]}]},{"@type":"ImageObject","inLanguage":"es","@id":"https:\/\/noticiasmercedinas.com\/site\/2018\/09\/04\/esta-noche-se-pone-en-marcha-el-reducido\/#primaryimage","url":"https:\/\/noticiasmercedinas.com\/site\/wp-content\/uploads\/2018\/09\/IMG_4022.jpg","contentUrl":"https:\/\/noticiasmercedinas.com\/site\/wp-content\/uploads\/2018\/09\/IMG_4022.jpg","width":650,"height":347},{"@type":"BreadcrumbList","@id":"https:\/\/noticiasmercedinas.com\/site\/2018\/09\/04\/esta-noche-se-pone-en-marcha-el-reducido\/#breadcrumb","itemListElement":[{"@type":"ListItem","position":1,"name":"Portada","item":"https:\/\/noticiasmercedinas.com\/site\/"},{"@type":"ListItem","position":2,"name":"Esta noche se pone en marcha el Reducido"}]},{"@type":"WebSite","@id":"https:\/\/noticiasmercedinas.com\/site\/#website","url":"https:\/\/noticiasmercedinas.com\/site\/","name":"NOTICIASMERCEDINAS.COM","description":"Mercedes, Buenos Aires, Argentina","publisher":{"@id":"https:\/\/noticiasmercedinas.com\/site\/#organization"},"potentialAction":[{"@type":"SearchAction","target":{"@type":"EntryPoint","urlTemplate":"https:\/\/noticiasmercedinas.com\/site\/?s={search_term_string}"},"query-input":{"@type":"PropertyValueSpecification","valueRequired":true,"valueName":"search_term_string"}}],"inLanguage":"es"},{"@type":"Organization","@id":"https:\/\/noticiasmercedinas.com\/site\/#organization","name":"NOTICIASMERCEDINAS.COM","url":"https:\/\/noticiasmercedinas.com\/site\/","logo":{"@type":"ImageObject","inLanguage":"es","@id":"https:\/\/noticiasmercedinas.com\/site\/#\/schema\/logo\/image\/","url":"https:\/\/noticiasmercedinas.com\/site\/wp-content\/uploads\/2020\/06\/LOGO-512.jpg","contentUrl":"https:\/\/noticiasmercedinas.com\/site\/wp-content\/uploads\/2020\/06\/LOGO-512.jpg","width":512,"height":512,"caption":"NOTICIASMERCEDINAS.COM"},"image":{"@id":"https:\/\/noticiasmercedinas.com\/site\/#\/schema\/logo\/image\/"},"sameAs":["https:\/\/www.facebook.com\/noticiasmercedinas\/","https:\/\/x.com\/notmercedinas","https:\/\/www.instagram.com\/noticiasmercedinas\/"]},{"@type":"Person","@id":"https:\/\/noticiasmercedinas.com\/site\/#\/schema\/person\/8f2f09d666ef40986eba4a5e6f2a06f9","name":"Juan Dagnino NOTICIASMERCEDINAS.COM","image":{"@type":"ImageObject","inLanguage":"es","@id":"https:\/\/secure.gravatar.com\/avatar\/fc7059a769f5a3cae65fadb228a3e4accf3a64b4b2305020d0a27e6d5333c91b?s=96&d=mm&r=g","url":"https:\/\/secure.gravatar.com\/avatar\/fc7059a769f5a3cae65fadb228a3e4accf3a64b4b2305020d0a27e6d5333c91b?s=96&d=mm&r=g","contentUrl":"https:\/\/secure.gravatar.com\/avatar\/fc7059a769f5a3cae65fadb228a3e4accf3a64b4b2305020d0a27e6d5333c91b?s=96&d=mm&r=g","caption":"Juan Dagnino NOTICIASMERCEDINAS.COM"},"url":"https:\/\/noticiasmercedinas.com\/site\/author\/juandagnino\/"}]}},"amp_enabled":true,"_links":{"self":[{"href":"https:\/\/noticiasmercedinas.com\/site\/wp-json\/wp\/v2\/posts\/1018","targetHints":{"allow":["GET"]}}],"collection":[{"href":"https:\/\/noticiasmercedinas.com\/site\/wp-json\/wp\/v2\/posts"}],"about":[{"href":"https:\/\/noticiasmercedinas.com\/site\/wp-json\/wp\/v2\/types\/post"}],"author":[{"embeddable":true,"href":"https:\/\/noticiasmercedinas.com\/site\/wp-json\/wp\/v2\/users\/6"}],"replies":[{"embeddable":true,"href":"https:\/\/noticiasmercedinas.com\/site\/wp-json\/wp\/v2\/comments?post=1018"}],"version-history":[{"count":1,"href":"https:\/\/noticiasmercedinas.com\/site\/wp-json\/wp\/v2\/posts\/1018\/revisions"}],"predecessor-version":[{"id":1022,"href":"https:\/\/noticiasmercedinas.com\/site\/wp-json\/wp\/v2\/posts\/1018\/revisions\/1022"}],"wp:featuredmedia":[{"embeddable":true,"href":"https:\/\/noticiasmercedinas.com\/site\/wp-json\/wp\/v2\/media\/1019"}],"wp:attachment":[{"href":"https:\/\/noticiasmercedinas.com\/site\/wp-json\/wp\/v2\/media?parent=1018"}],"wp:term":[{"taxonomy":"category","embeddable":true,"href":"https:\/\/noticiasmercedinas.com\/site\/wp-json\/wp\/v2\/categories?post=1018"},{"taxonomy":"post_tag","embeddable":true,"href":"https:\/\/noticiasmercedinas.com\/site\/wp-json\/wp\/v2\/tags?post=1018"}],"curies":[{"name":"wp","href":"https:\/\/api.w.org\/{rel}","templated":true}]}}