{"id":101831,"date":"2022-10-13T15:35:41","date_gmt":"2022-10-13T18:35:41","guid":{"rendered":"https:\/\/noticiasmercedinas.com\/site\/?p=101831"},"modified":"2022-10-13T15:35:41","modified_gmt":"2022-10-13T18:35:41","slug":"se-estrena-la-obra-ganadora-del-concurso-de-la-comedia-municipal","status":"publish","type":"post","link":"https:\/\/noticiasmercedinas.com\/site\/2022\/10\/13\/se-estrena-la-obra-ganadora-del-concurso-de-la-comedia-municipal\/","title":{"rendered":"Se estrena la obra ganadora del concurso de la Comedia Municipal"},"content":{"rendered":"<p><img loading=\"lazy\" decoding=\"async\" class=\"alignnone size-full wp-image-101832\" src=\"https:\/\/noticiasmercedinas.com\/site\/wp-content\/uploads\/2022\/10\/DSC09520.jpg\" alt=\"\" width=\"922\" height=\"615\" srcset=\"https:\/\/noticiasmercedinas.com\/site\/wp-content\/uploads\/2022\/10\/DSC09520.jpg 922w, https:\/\/noticiasmercedinas.com\/site\/wp-content\/uploads\/2022\/10\/DSC09520-300x200.jpg 300w, https:\/\/noticiasmercedinas.com\/site\/wp-content\/uploads\/2022\/10\/DSC09520-768x512.jpg 768w, https:\/\/noticiasmercedinas.com\/site\/wp-content\/uploads\/2022\/10\/DSC09520-640x427.jpg 640w, https:\/\/noticiasmercedinas.com\/site\/wp-content\/uploads\/2022\/10\/DSC09520-681x454.jpg 681w\" sizes=\"auto, (max-width: 922px) 100vw, 922px\" \/><\/p>\n<p>Desde el Teatro Argentino \u201cJulio C\u00e9sar Gioscio\u201d se inform\u00f3 que \u00abEl Coraz\u00f3n del incauto\u00bb, la obra ganadora del Concurso de Comedia Municipal \u00abRa\u00fal Bustos Berrondo 2022\u00bb ya tiene fecha de estreno, ser\u00e1 este pr\u00f3ximo 23 de octubre, a las 20:30 horas, con un bono contribuci\u00f3n de 600 pesos la entrada. Adem\u00e1s, habr\u00e1 funciones durante los meses de octubre y noviembre para que todos los vecinos tengan la oportunidad de ver esta obra.<\/p>\n<p><strong>Luc\u00eda Capaccio<\/strong>, directora de Cultura, expres\u00f3 al respecto: \u201cDesde mi lugar felicitar a todos los que componen esta obra, en otro a\u00f1o m\u00e1s apostando al teatro, a esta pol\u00edtica cultural que con el intendente Ustarroz decidimos desde el inicio de esta gesti\u00f3n, poder aportar, invertir en los diferentes proyectos de teatro y culturales en general\u201d y agreg\u00f3 que \u201cestamos muy contentos, y queremos invitar a todos los vecinos a que vengan a este teatro, valoren el trabajo de nuestros artistas de la ciudad\u201d.<\/p>\n<p>\u201cLas \u00faltimas experiencias que hemos tenido, fueron a sala llena, as\u00ed que muy contentos, y felicitar la labor de todos, sabemos que se invierte mucho tiempo y agradecer por confiar en los proyectos de la Municipalidad de Mercedes y querer ser parte\u201d enfatiz\u00f3 Capaccio.<\/p>\n<p>En tanto, <strong>Francisco Dinova<\/strong>, responsable de la Coordinaci\u00f3n del Teatro municipal, indic\u00f3: \u201cEstamos prontos a estrenar la obra, sobre un arduo proceso de trabajo que venimos haciendo junto a su director y todo el elenco, mismo que ha sido muy bueno e intenso\u201d.<\/p>\n<p>\u201cCreo que se viene algo muy interesante por lo que invitamos a todos a que se sumen tanto al estreno como a la seguidilla de funciones que se dar\u00e1n entre los meses de octubre y noviembre\u201d, agreg\u00f3.<\/p>\n<p>Su director, <strong>Claudio Mateo<\/strong>, se\u00f1al\u00f3: \u201cEl proceso de ensayo fue bastante arduo, pero con un gran compromiso y profesionalismo por parte de los actores\u201d y apunt\u00f3 que \u201clos actores elegidos fueron; para el personaje de Honorio lo interpretar\u00e1 <strong>Mariano Anido<\/strong>, el personaje de Justo el elegido fue <strong>Lucas Riselli<\/strong> y para el personaje de Mar\u00eda la elegida fue <strong>Cristina Lamothe<\/strong>\u201d<\/p>\n<p>\u201cEl equipo de trabajo se completa con visuales de <strong>Anabel Pi\u00f1eyro<\/strong> y la asistencia de direcci\u00f3n de <strong>Marina Cabral<\/strong>\u201d, divulg\u00f3.<\/p>\n<p>\u201cEs una obra que tienen que venir a ver, es incre\u00edble la tem\u00e1tica y el recorrido que hace, donde para nosotros fue un gran compromiso y desaf\u00edo abordar una obra de estas caracter\u00edsticas\u201d, dijo y agradeci\u00f3 \u201cel gran trabajo a nivel cultural del Municipio de Mercedes y de toda el \u00e1rea de Cultura, donde poder llegar a este punto es gracias a que se fueron cumpliendo con los tiempos de las cosas que necesit\u00e1bamos, como elementos, vestuarios, escenograf\u00eda. Todo fue perfecto y con mucha colaboraci\u00f3n\u201d.<\/p>\n<p><iframe loading=\"lazy\" title=\"Invitaci\u00f3n a la Comedia Municipal de Teatro\" width=\"640\" height=\"360\" src=\"https:\/\/www.youtube.com\/embed\/eQf2BObX0Bg?feature=oembed\" frameborder=\"0\" allow=\"accelerometer; autoplay; clipboard-write; encrypted-media; gyroscope; picture-in-picture; web-share\" referrerpolicy=\"strict-origin-when-cross-origin\" allowfullscreen><\/iframe><\/p>\n","protected":false},"excerpt":{"rendered":"<p>\u25a0 \u00abEl Coraz\u00f3n del incauto\u00bb tendr\u00e1 su primera funci\u00f3n ser\u00e1 el pr\u00f3ximo 23 de octubre, a las 20:30 horas, con un bono contribuci\u00f3n de 600 pesos la entrada<\/p>\n","protected":false},"author":16,"featured_media":101832,"comment_status":"open","ping_status":"open","sticky":false,"template":"","format":"standard","meta":{"footnotes":""},"categories":[4],"tags":[14819,2949,6781,6920,11814,2614,2192,2342,6089,480,163],"class_list":["post-101831","post","type-post","status-publish","format-standard","has-post-thumbnail","hentry","category-cultura","tag-anabel-pineyro","tag-claudio-mateo","tag-comedia-municipal","tag-cristina-lamothe","tag-francisco-dinova","tag-lucas-riselli","tag-lucia-capaccio","tag-mariano-anido","tag-marina-cabral","tag-teatro","tag-teatro-argentino"],"yoast_head":"<!-- This site is optimized with the Yoast SEO plugin v27.5 - https:\/\/yoast.com\/product\/yoast-seo-wordpress\/ -->\n<title>Se estrena la obra ganadora del concurso de la Comedia Municipal<\/title>\n<meta name=\"robots\" content=\"index, follow, max-snippet:-1, max-image-preview:large, max-video-preview:-1\" \/>\n<link rel=\"canonical\" href=\"https:\/\/noticiasmercedinas.com\/site\/2022\/10\/13\/se-estrena-la-obra-ganadora-del-concurso-de-la-comedia-municipal\/\" \/>\n<meta property=\"og:locale\" content=\"es_ES\" \/>\n<meta property=\"og:type\" content=\"article\" \/>\n<meta property=\"og:title\" content=\"Se estrena la obra ganadora del concurso de la Comedia Municipal\" \/>\n<meta property=\"og:description\" content=\"\u25a0 &quot;El Coraz\u00f3n del incauto&quot; tendr\u00e1 su primera funci\u00f3n ser\u00e1 el pr\u00f3ximo 23 de octubre, a las 20:30 horas, con un bono contribuci\u00f3n de 600 pesos la entrada\" \/>\n<meta property=\"og:url\" content=\"https:\/\/noticiasmercedinas.com\/site\/2022\/10\/13\/se-estrena-la-obra-ganadora-del-concurso-de-la-comedia-municipal\/\" \/>\n<meta property=\"og:site_name\" content=\"NOTICIASMERCEDINAS.COM\" \/>\n<meta property=\"article:publisher\" content=\"https:\/\/www.facebook.com\/noticiasmercedinas\/\" \/>\n<meta property=\"article:published_time\" content=\"2022-10-13T18:35:41+00:00\" \/>\n<meta property=\"og:image\" content=\"https:\/\/noticiasmercedinas.com\/site\/wp-content\/uploads\/2022\/10\/DSC09520.jpg\" \/>\n\t<meta property=\"og:image:width\" content=\"922\" \/>\n\t<meta property=\"og:image:height\" content=\"615\" \/>\n\t<meta property=\"og:image:type\" content=\"image\/jpeg\" \/>\n<meta name=\"author\" content=\"NOTICIASMERCEDINAS.COM\" \/>\n<meta name=\"twitter:card\" content=\"summary_large_image\" \/>\n<meta name=\"twitter:creator\" content=\"@notmercedinas\" \/>\n<meta name=\"twitter:site\" content=\"@notmercedinas\" \/>\n<meta name=\"twitter:label1\" content=\"Escrito por\" \/>\n\t<meta name=\"twitter:data1\" content=\"NOTICIASMERCEDINAS.COM\" \/>\n\t<meta name=\"twitter:label2\" content=\"Tiempo de lectura\" \/>\n\t<meta name=\"twitter:data2\" content=\"3 minutos\" \/>\n<script type=\"application\/ld+json\" class=\"yoast-schema-graph\">{\"@context\":\"https:\\\/\\\/schema.org\",\"@graph\":[{\"@type\":\"Article\",\"@id\":\"https:\\\/\\\/noticiasmercedinas.com\\\/site\\\/2022\\\/10\\\/13\\\/se-estrena-la-obra-ganadora-del-concurso-de-la-comedia-municipal\\\/#article\",\"isPartOf\":{\"@id\":\"https:\\\/\\\/noticiasmercedinas.com\\\/site\\\/2022\\\/10\\\/13\\\/se-estrena-la-obra-ganadora-del-concurso-de-la-comedia-municipal\\\/\"},\"author\":{\"name\":\"NOTICIASMERCEDINAS.COM\",\"@id\":\"https:\\\/\\\/noticiasmercedinas.com\\\/site\\\/#\\\/schema\\\/person\\\/84b59c099c28ff2e8b77d4ceec5d8063\"},\"headline\":\"Se estrena la obra ganadora del concurso de la Comedia Municipal\",\"datePublished\":\"2022-10-13T18:35:41+00:00\",\"mainEntityOfPage\":{\"@id\":\"https:\\\/\\\/noticiasmercedinas.com\\\/site\\\/2022\\\/10\\\/13\\\/se-estrena-la-obra-ganadora-del-concurso-de-la-comedia-municipal\\\/\"},\"wordCount\":484,\"commentCount\":0,\"publisher\":{\"@id\":\"https:\\\/\\\/noticiasmercedinas.com\\\/site\\\/#organization\"},\"image\":{\"@id\":\"https:\\\/\\\/noticiasmercedinas.com\\\/site\\\/2022\\\/10\\\/13\\\/se-estrena-la-obra-ganadora-del-concurso-de-la-comedia-municipal\\\/#primaryimage\"},\"thumbnailUrl\":\"https:\\\/\\\/noticiasmercedinas.com\\\/site\\\/wp-content\\\/uploads\\\/2022\\\/10\\\/DSC09520.jpg\",\"keywords\":[\"Anabel Pi\u00f1eyro\",\"claudio mateo\",\"comedia municipal\",\"Cristina Lamothe\",\"francisco dinova\",\"Lucas Riselli\",\"Luc\u00eda Capaccio\",\"Mariano Anido\",\"Marina Cabral\",\"teatro\",\"teatro argentino\"],\"articleSection\":[\"Cultura\"],\"inLanguage\":\"es\",\"potentialAction\":[{\"@type\":\"CommentAction\",\"name\":\"Comment\",\"target\":[\"https:\\\/\\\/noticiasmercedinas.com\\\/site\\\/2022\\\/10\\\/13\\\/se-estrena-la-obra-ganadora-del-concurso-de-la-comedia-municipal\\\/#respond\"]}]},{\"@type\":\"WebPage\",\"@id\":\"https:\\\/\\\/noticiasmercedinas.com\\\/site\\\/2022\\\/10\\\/13\\\/se-estrena-la-obra-ganadora-del-concurso-de-la-comedia-municipal\\\/\",\"url\":\"https:\\\/\\\/noticiasmercedinas.com\\\/site\\\/2022\\\/10\\\/13\\\/se-estrena-la-obra-ganadora-del-concurso-de-la-comedia-municipal\\\/\",\"name\":\"Se estrena la obra ganadora del concurso de la Comedia Municipal\",\"isPartOf\":{\"@id\":\"https:\\\/\\\/noticiasmercedinas.com\\\/site\\\/#website\"},\"primaryImageOfPage\":{\"@id\":\"https:\\\/\\\/noticiasmercedinas.com\\\/site\\\/2022\\\/10\\\/13\\\/se-estrena-la-obra-ganadora-del-concurso-de-la-comedia-municipal\\\/#primaryimage\"},\"image\":{\"@id\":\"https:\\\/\\\/noticiasmercedinas.com\\\/site\\\/2022\\\/10\\\/13\\\/se-estrena-la-obra-ganadora-del-concurso-de-la-comedia-municipal\\\/#primaryimage\"},\"thumbnailUrl\":\"https:\\\/\\\/noticiasmercedinas.com\\\/site\\\/wp-content\\\/uploads\\\/2022\\\/10\\\/DSC09520.jpg\",\"datePublished\":\"2022-10-13T18:35:41+00:00\",\"breadcrumb\":{\"@id\":\"https:\\\/\\\/noticiasmercedinas.com\\\/site\\\/2022\\\/10\\\/13\\\/se-estrena-la-obra-ganadora-del-concurso-de-la-comedia-municipal\\\/#breadcrumb\"},\"inLanguage\":\"es\",\"potentialAction\":[{\"@type\":\"ReadAction\",\"target\":[\"https:\\\/\\\/noticiasmercedinas.com\\\/site\\\/2022\\\/10\\\/13\\\/se-estrena-la-obra-ganadora-del-concurso-de-la-comedia-municipal\\\/\"]}]},{\"@type\":\"ImageObject\",\"inLanguage\":\"es\",\"@id\":\"https:\\\/\\\/noticiasmercedinas.com\\\/site\\\/2022\\\/10\\\/13\\\/se-estrena-la-obra-ganadora-del-concurso-de-la-comedia-municipal\\\/#primaryimage\",\"url\":\"https:\\\/\\\/noticiasmercedinas.com\\\/site\\\/wp-content\\\/uploads\\\/2022\\\/10\\\/DSC09520.jpg\",\"contentUrl\":\"https:\\\/\\\/noticiasmercedinas.com\\\/site\\\/wp-content\\\/uploads\\\/2022\\\/10\\\/DSC09520.jpg\",\"width\":922,\"height\":615},{\"@type\":\"BreadcrumbList\",\"@id\":\"https:\\\/\\\/noticiasmercedinas.com\\\/site\\\/2022\\\/10\\\/13\\\/se-estrena-la-obra-ganadora-del-concurso-de-la-comedia-municipal\\\/#breadcrumb\",\"itemListElement\":[{\"@type\":\"ListItem\",\"position\":1,\"name\":\"Portada\",\"item\":\"https:\\\/\\\/noticiasmercedinas.com\\\/site\\\/\"},{\"@type\":\"ListItem\",\"position\":2,\"name\":\"Se estrena la obra ganadora del concurso de la Comedia Municipal\"}]},{\"@type\":\"WebSite\",\"@id\":\"https:\\\/\\\/noticiasmercedinas.com\\\/site\\\/#website\",\"url\":\"https:\\\/\\\/noticiasmercedinas.com\\\/site\\\/\",\"name\":\"NOTICIASMERCEDINAS.COM\",\"description\":\"Mercedes, Buenos Aires, Argentina\",\"publisher\":{\"@id\":\"https:\\\/\\\/noticiasmercedinas.com\\\/site\\\/#organization\"},\"potentialAction\":[{\"@type\":\"SearchAction\",\"target\":{\"@type\":\"EntryPoint\",\"urlTemplate\":\"https:\\\/\\\/noticiasmercedinas.com\\\/site\\\/?s={search_term_string}\"},\"query-input\":{\"@type\":\"PropertyValueSpecification\",\"valueRequired\":true,\"valueName\":\"search_term_string\"}}],\"inLanguage\":\"es\"},{\"@type\":\"Organization\",\"@id\":\"https:\\\/\\\/noticiasmercedinas.com\\\/site\\\/#organization\",\"name\":\"NOTICIASMERCEDINAS.COM\",\"url\":\"https:\\\/\\\/noticiasmercedinas.com\\\/site\\\/\",\"logo\":{\"@type\":\"ImageObject\",\"inLanguage\":\"es\",\"@id\":\"https:\\\/\\\/noticiasmercedinas.com\\\/site\\\/#\\\/schema\\\/logo\\\/image\\\/\",\"url\":\"https:\\\/\\\/noticiasmercedinas.com\\\/site\\\/wp-content\\\/uploads\\\/2020\\\/06\\\/LOGO-512.jpg\",\"contentUrl\":\"https:\\\/\\\/noticiasmercedinas.com\\\/site\\\/wp-content\\\/uploads\\\/2020\\\/06\\\/LOGO-512.jpg\",\"width\":512,\"height\":512,\"caption\":\"NOTICIASMERCEDINAS.COM\"},\"image\":{\"@id\":\"https:\\\/\\\/noticiasmercedinas.com\\\/site\\\/#\\\/schema\\\/logo\\\/image\\\/\"},\"sameAs\":[\"https:\\\/\\\/www.facebook.com\\\/noticiasmercedinas\\\/\",\"https:\\\/\\\/x.com\\\/notmercedinas\",\"https:\\\/\\\/www.instagram.com\\\/noticiasmercedinas\\\/\"]},{\"@type\":\"Person\",\"@id\":\"https:\\\/\\\/noticiasmercedinas.com\\\/site\\\/#\\\/schema\\\/person\\\/84b59c099c28ff2e8b77d4ceec5d8063\",\"name\":\"NOTICIASMERCEDINAS.COM\",\"image\":{\"@type\":\"ImageObject\",\"inLanguage\":\"es\",\"@id\":\"https:\\\/\\\/secure.gravatar.com\\\/avatar\\\/4dfbf16b4d17945bfb6341b2d19043457132fcf478a5ee04f42e959fd8f5df0a?s=96&d=mm&r=g\",\"url\":\"https:\\\/\\\/secure.gravatar.com\\\/avatar\\\/4dfbf16b4d17945bfb6341b2d19043457132fcf478a5ee04f42e959fd8f5df0a?s=96&d=mm&r=g\",\"contentUrl\":\"https:\\\/\\\/secure.gravatar.com\\\/avatar\\\/4dfbf16b4d17945bfb6341b2d19043457132fcf478a5ee04f42e959fd8f5df0a?s=96&d=mm&r=g\",\"caption\":\"NOTICIASMERCEDINAS.COM\"},\"url\":\"https:\\\/\\\/noticiasmercedinas.com\\\/site\\\/author\\\/anonimo\\\/\"}]}<\/script>\n<!-- \/ Yoast SEO plugin. -->","yoast_head_json":{"title":"Se estrena la obra ganadora del concurso de la Comedia Municipal","robots":{"index":"index","follow":"follow","max-snippet":"max-snippet:-1","max-image-preview":"max-image-preview:large","max-video-preview":"max-video-preview:-1"},"canonical":"https:\/\/noticiasmercedinas.com\/site\/2022\/10\/13\/se-estrena-la-obra-ganadora-del-concurso-de-la-comedia-municipal\/","og_locale":"es_ES","og_type":"article","og_title":"Se estrena la obra ganadora del concurso de la Comedia Municipal","og_description":"\u25a0 \"El Coraz\u00f3n del incauto\" tendr\u00e1 su primera funci\u00f3n ser\u00e1 el pr\u00f3ximo 23 de octubre, a las 20:30 horas, con un bono contribuci\u00f3n de 600 pesos la entrada","og_url":"https:\/\/noticiasmercedinas.com\/site\/2022\/10\/13\/se-estrena-la-obra-ganadora-del-concurso-de-la-comedia-municipal\/","og_site_name":"NOTICIASMERCEDINAS.COM","article_publisher":"https:\/\/www.facebook.com\/noticiasmercedinas\/","article_published_time":"2022-10-13T18:35:41+00:00","og_image":[{"width":922,"height":615,"url":"https:\/\/noticiasmercedinas.com\/site\/wp-content\/uploads\/2022\/10\/DSC09520.jpg","type":"image\/jpeg"}],"author":"NOTICIASMERCEDINAS.COM","twitter_card":"summary_large_image","twitter_creator":"@notmercedinas","twitter_site":"@notmercedinas","twitter_misc":{"Escrito por":"NOTICIASMERCEDINAS.COM","Tiempo de lectura":"3 minutos"},"schema":{"@context":"https:\/\/schema.org","@graph":[{"@type":"Article","@id":"https:\/\/noticiasmercedinas.com\/site\/2022\/10\/13\/se-estrena-la-obra-ganadora-del-concurso-de-la-comedia-municipal\/#article","isPartOf":{"@id":"https:\/\/noticiasmercedinas.com\/site\/2022\/10\/13\/se-estrena-la-obra-ganadora-del-concurso-de-la-comedia-municipal\/"},"author":{"name":"NOTICIASMERCEDINAS.COM","@id":"https:\/\/noticiasmercedinas.com\/site\/#\/schema\/person\/84b59c099c28ff2e8b77d4ceec5d8063"},"headline":"Se estrena la obra ganadora del concurso de la Comedia Municipal","datePublished":"2022-10-13T18:35:41+00:00","mainEntityOfPage":{"@id":"https:\/\/noticiasmercedinas.com\/site\/2022\/10\/13\/se-estrena-la-obra-ganadora-del-concurso-de-la-comedia-municipal\/"},"wordCount":484,"commentCount":0,"publisher":{"@id":"https:\/\/noticiasmercedinas.com\/site\/#organization"},"image":{"@id":"https:\/\/noticiasmercedinas.com\/site\/2022\/10\/13\/se-estrena-la-obra-ganadora-del-concurso-de-la-comedia-municipal\/#primaryimage"},"thumbnailUrl":"https:\/\/noticiasmercedinas.com\/site\/wp-content\/uploads\/2022\/10\/DSC09520.jpg","keywords":["Anabel Pi\u00f1eyro","claudio mateo","comedia municipal","Cristina Lamothe","francisco dinova","Lucas Riselli","Luc\u00eda Capaccio","Mariano Anido","Marina Cabral","teatro","teatro argentino"],"articleSection":["Cultura"],"inLanguage":"es","potentialAction":[{"@type":"CommentAction","name":"Comment","target":["https:\/\/noticiasmercedinas.com\/site\/2022\/10\/13\/se-estrena-la-obra-ganadora-del-concurso-de-la-comedia-municipal\/#respond"]}]},{"@type":"WebPage","@id":"https:\/\/noticiasmercedinas.com\/site\/2022\/10\/13\/se-estrena-la-obra-ganadora-del-concurso-de-la-comedia-municipal\/","url":"https:\/\/noticiasmercedinas.com\/site\/2022\/10\/13\/se-estrena-la-obra-ganadora-del-concurso-de-la-comedia-municipal\/","name":"Se estrena la obra ganadora del concurso de la Comedia Municipal","isPartOf":{"@id":"https:\/\/noticiasmercedinas.com\/site\/#website"},"primaryImageOfPage":{"@id":"https:\/\/noticiasmercedinas.com\/site\/2022\/10\/13\/se-estrena-la-obra-ganadora-del-concurso-de-la-comedia-municipal\/#primaryimage"},"image":{"@id":"https:\/\/noticiasmercedinas.com\/site\/2022\/10\/13\/se-estrena-la-obra-ganadora-del-concurso-de-la-comedia-municipal\/#primaryimage"},"thumbnailUrl":"https:\/\/noticiasmercedinas.com\/site\/wp-content\/uploads\/2022\/10\/DSC09520.jpg","datePublished":"2022-10-13T18:35:41+00:00","breadcrumb":{"@id":"https:\/\/noticiasmercedinas.com\/site\/2022\/10\/13\/se-estrena-la-obra-ganadora-del-concurso-de-la-comedia-municipal\/#breadcrumb"},"inLanguage":"es","potentialAction":[{"@type":"ReadAction","target":["https:\/\/noticiasmercedinas.com\/site\/2022\/10\/13\/se-estrena-la-obra-ganadora-del-concurso-de-la-comedia-municipal\/"]}]},{"@type":"ImageObject","inLanguage":"es","@id":"https:\/\/noticiasmercedinas.com\/site\/2022\/10\/13\/se-estrena-la-obra-ganadora-del-concurso-de-la-comedia-municipal\/#primaryimage","url":"https:\/\/noticiasmercedinas.com\/site\/wp-content\/uploads\/2022\/10\/DSC09520.jpg","contentUrl":"https:\/\/noticiasmercedinas.com\/site\/wp-content\/uploads\/2022\/10\/DSC09520.jpg","width":922,"height":615},{"@type":"BreadcrumbList","@id":"https:\/\/noticiasmercedinas.com\/site\/2022\/10\/13\/se-estrena-la-obra-ganadora-del-concurso-de-la-comedia-municipal\/#breadcrumb","itemListElement":[{"@type":"ListItem","position":1,"name":"Portada","item":"https:\/\/noticiasmercedinas.com\/site\/"},{"@type":"ListItem","position":2,"name":"Se estrena la obra ganadora del concurso de la Comedia Municipal"}]},{"@type":"WebSite","@id":"https:\/\/noticiasmercedinas.com\/site\/#website","url":"https:\/\/noticiasmercedinas.com\/site\/","name":"NOTICIASMERCEDINAS.COM","description":"Mercedes, Buenos Aires, Argentina","publisher":{"@id":"https:\/\/noticiasmercedinas.com\/site\/#organization"},"potentialAction":[{"@type":"SearchAction","target":{"@type":"EntryPoint","urlTemplate":"https:\/\/noticiasmercedinas.com\/site\/?s={search_term_string}"},"query-input":{"@type":"PropertyValueSpecification","valueRequired":true,"valueName":"search_term_string"}}],"inLanguage":"es"},{"@type":"Organization","@id":"https:\/\/noticiasmercedinas.com\/site\/#organization","name":"NOTICIASMERCEDINAS.COM","url":"https:\/\/noticiasmercedinas.com\/site\/","logo":{"@type":"ImageObject","inLanguage":"es","@id":"https:\/\/noticiasmercedinas.com\/site\/#\/schema\/logo\/image\/","url":"https:\/\/noticiasmercedinas.com\/site\/wp-content\/uploads\/2020\/06\/LOGO-512.jpg","contentUrl":"https:\/\/noticiasmercedinas.com\/site\/wp-content\/uploads\/2020\/06\/LOGO-512.jpg","width":512,"height":512,"caption":"NOTICIASMERCEDINAS.COM"},"image":{"@id":"https:\/\/noticiasmercedinas.com\/site\/#\/schema\/logo\/image\/"},"sameAs":["https:\/\/www.facebook.com\/noticiasmercedinas\/","https:\/\/x.com\/notmercedinas","https:\/\/www.instagram.com\/noticiasmercedinas\/"]},{"@type":"Person","@id":"https:\/\/noticiasmercedinas.com\/site\/#\/schema\/person\/84b59c099c28ff2e8b77d4ceec5d8063","name":"NOTICIASMERCEDINAS.COM","image":{"@type":"ImageObject","inLanguage":"es","@id":"https:\/\/secure.gravatar.com\/avatar\/4dfbf16b4d17945bfb6341b2d19043457132fcf478a5ee04f42e959fd8f5df0a?s=96&d=mm&r=g","url":"https:\/\/secure.gravatar.com\/avatar\/4dfbf16b4d17945bfb6341b2d19043457132fcf478a5ee04f42e959fd8f5df0a?s=96&d=mm&r=g","contentUrl":"https:\/\/secure.gravatar.com\/avatar\/4dfbf16b4d17945bfb6341b2d19043457132fcf478a5ee04f42e959fd8f5df0a?s=96&d=mm&r=g","caption":"NOTICIASMERCEDINAS.COM"},"url":"https:\/\/noticiasmercedinas.com\/site\/author\/anonimo\/"}]}},"amp_enabled":true,"_links":{"self":[{"href":"https:\/\/noticiasmercedinas.com\/site\/wp-json\/wp\/v2\/posts\/101831","targetHints":{"allow":["GET"]}}],"collection":[{"href":"https:\/\/noticiasmercedinas.com\/site\/wp-json\/wp\/v2\/posts"}],"about":[{"href":"https:\/\/noticiasmercedinas.com\/site\/wp-json\/wp\/v2\/types\/post"}],"author":[{"embeddable":true,"href":"https:\/\/noticiasmercedinas.com\/site\/wp-json\/wp\/v2\/users\/16"}],"replies":[{"embeddable":true,"href":"https:\/\/noticiasmercedinas.com\/site\/wp-json\/wp\/v2\/comments?post=101831"}],"version-history":[{"count":1,"href":"https:\/\/noticiasmercedinas.com\/site\/wp-json\/wp\/v2\/posts\/101831\/revisions"}],"predecessor-version":[{"id":101833,"href":"https:\/\/noticiasmercedinas.com\/site\/wp-json\/wp\/v2\/posts\/101831\/revisions\/101833"}],"wp:featuredmedia":[{"embeddable":true,"href":"https:\/\/noticiasmercedinas.com\/site\/wp-json\/wp\/v2\/media\/101832"}],"wp:attachment":[{"href":"https:\/\/noticiasmercedinas.com\/site\/wp-json\/wp\/v2\/media?parent=101831"}],"wp:term":[{"taxonomy":"category","embeddable":true,"href":"https:\/\/noticiasmercedinas.com\/site\/wp-json\/wp\/v2\/categories?post=101831"},{"taxonomy":"post_tag","embeddable":true,"href":"https:\/\/noticiasmercedinas.com\/site\/wp-json\/wp\/v2\/tags?post=101831"}],"curies":[{"name":"wp","href":"https:\/\/api.w.org\/{rel}","templated":true}]}}