{"id":102309,"date":"2022-10-19T16:08:17","date_gmt":"2022-10-19T19:08:17","guid":{"rendered":"https:\/\/noticiasmercedinas.com\/site\/?p=102309"},"modified":"2022-10-19T16:13:48","modified_gmt":"2022-10-19T19:13:48","slug":"rodriguez-larreta-anuncio-un-amplio-consenso-de-ciudades-argentinas-para-enfrentar-las-consecuencias-del-cambio-climatico","status":"publish","type":"post","link":"https:\/\/noticiasmercedinas.com\/site\/2022\/10\/19\/rodriguez-larreta-anuncio-un-amplio-consenso-de-ciudades-argentinas-para-enfrentar-las-consecuencias-del-cambio-climatico\/","title":{"rendered":"Rodr\u00edguez Larreta anunci\u00f3 un amplio consenso de ciudades argentinas para enfrentar las consecuencias del cambio clim\u00e1tico"},"content":{"rendered":"<p><img loading=\"lazy\" decoding=\"async\" class=\"alignnone size-large wp-image-102311\" src=\"https:\/\/noticiasmercedinas.com\/site\/wp-content\/uploads\/2022\/10\/05fde8f7-e5f8-492b-bfe3-b801f1a9b802-1024x659.jpg\" alt=\"\" width=\"640\" height=\"412\" srcset=\"https:\/\/noticiasmercedinas.com\/site\/wp-content\/uploads\/2022\/10\/05fde8f7-e5f8-492b-bfe3-b801f1a9b802-1024x659.jpg 1024w, https:\/\/noticiasmercedinas.com\/site\/wp-content\/uploads\/2022\/10\/05fde8f7-e5f8-492b-bfe3-b801f1a9b802-300x194.jpg 300w, https:\/\/noticiasmercedinas.com\/site\/wp-content\/uploads\/2022\/10\/05fde8f7-e5f8-492b-bfe3-b801f1a9b802-768x494.jpg 768w, https:\/\/noticiasmercedinas.com\/site\/wp-content\/uploads\/2022\/10\/05fde8f7-e5f8-492b-bfe3-b801f1a9b802-1536x989.jpg 1536w, https:\/\/noticiasmercedinas.com\/site\/wp-content\/uploads\/2022\/10\/05fde8f7-e5f8-492b-bfe3-b801f1a9b802-341x220.jpg 341w, https:\/\/noticiasmercedinas.com\/site\/wp-content\/uploads\/2022\/10\/05fde8f7-e5f8-492b-bfe3-b801f1a9b802-682x440.jpg 682w, https:\/\/noticiasmercedinas.com\/site\/wp-content\/uploads\/2022\/10\/05fde8f7-e5f8-492b-bfe3-b801f1a9b802-640x412.jpg 640w, https:\/\/noticiasmercedinas.com\/site\/wp-content\/uploads\/2022\/10\/05fde8f7-e5f8-492b-bfe3-b801f1a9b802-1280x824.jpg 1280w, https:\/\/noticiasmercedinas.com\/site\/wp-content\/uploads\/2022\/10\/05fde8f7-e5f8-492b-bfe3-b801f1a9b802-681x438.jpg 681w, https:\/\/noticiasmercedinas.com\/site\/wp-content\/uploads\/2022\/10\/05fde8f7-e5f8-492b-bfe3-b801f1a9b802-1362x877.jpg 1362w, https:\/\/noticiasmercedinas.com\/site\/wp-content\/uploads\/2022\/10\/05fde8f7-e5f8-492b-bfe3-b801f1a9b802.jpg 1600w\" sizes=\"auto, (max-width: 640px) 100vw, 640px\" \/><\/p>\n<p>Junto a m\u00e1s de 100 intendentes de todo el pa\u00eds, el jefe de Gobierno de la Ciudad de Buenos Aires, <strong>Horacio Rodr\u00edguez Larreta<\/strong>, present\u00f3 hoy una Declaraci\u00f3n de Ciudades Argentinas con compromisos clim\u00e1ticos en el Foro Urbano Federal en la previa de la Cumbre Mundial de Alcaldes de C40. La cumbre es el evento de ciudades y cambio clim\u00e1tico m\u00e1s importante del mundo.<\/p>\n<p>\u201cNecesitamos un plan federal para enfrentar las consecuencias del cambio clim\u00e1tico. Celebro que hoy estemos todos ac\u00e1, despu\u00e9s de tantos meses de trabajo conjunto, con el foco puesto en encontrar soluciones federales a esta crisis clim\u00e1tica sin precedentes. Me enorgullece much\u00edsimo ver que estamos reunidas personas de todos los partidos pol\u00edticos: intendentes de Juntos por el Cambio, del peronismo, de partidos provinciales, y la verdad es que esto es lo mejor que podemos hacer: mostrar con el ejemplo que el camino para resolver los problemas de los argentinos es trabajando juntos. Me da esperanza lo que estamos logrando juntos. Hac\u00eda mucho tiempo que en la Argentina no hab\u00eda un consenso tan grande y tan amplio\u201d, destac\u00f3 Rodr\u00edguez Larreta en el discurso de apertura del encuentro.<\/p>\n<p>Rodr\u00edguez Larreta y los intendentes Pablo Javkin (Rosario), Eduardo Tassano (Corrientes), Bettina Romero (Salta), Soledad Mart\u00ednez (Vicente L\u00f3pez) brindaron una conferencia de prensa y presentaron los compromisos de las ciudades argentinas. La Declaraci\u00f3n de Ciudades Argentinas expresa una serie de consensos clim\u00e1ticos que los intendentes vienen trabajando desde inicio del a\u00f1o, en sucesivos encuentros de trabajo realizados en la ciudad de Buenos Aires, Rosario y Corrientes bajo el lema \u201cEl Camino Federal Hacia la Cumbre\u201d.<\/p>\n<p>Entre otros, los compromisos a los que adhirieron las ciudades argentinas incluyen: reconocer la emergencia clim\u00e1tica y la relevancia de las ciudades en su abordaje, limitar el aumento de la temperatura a 1,5\u00b0C y ser carbono neutrales a 2050. Adem\u00e1s, los gobiernos locales se comprometen a presentar Planes de Acci\u00f3n Clim\u00e1tica y publicar Inventarios de Gases de Efecto Invernadero y evaluaciones de riesgo. La declaraci\u00f3n tambi\u00e9n incluye la publicaci\u00f3n de datos clim\u00e1ticos y la incorporaci\u00f3n de estrategias para alentar la creaci\u00f3n de empleos verdes.<\/p>\n<p><img loading=\"lazy\" decoding=\"async\" class=\"alignnone size-large wp-image-102313\" src=\"https:\/\/noticiasmercedinas.com\/site\/wp-content\/uploads\/2022\/10\/c1382e74-22db-4cff-a336-21d630a93826-1024x546.jpg\" alt=\"\" width=\"640\" height=\"341\" srcset=\"https:\/\/noticiasmercedinas.com\/site\/wp-content\/uploads\/2022\/10\/c1382e74-22db-4cff-a336-21d630a93826-1024x546.jpg 1024w, https:\/\/noticiasmercedinas.com\/site\/wp-content\/uploads\/2022\/10\/c1382e74-22db-4cff-a336-21d630a93826-300x160.jpg 300w, https:\/\/noticiasmercedinas.com\/site\/wp-content\/uploads\/2022\/10\/c1382e74-22db-4cff-a336-21d630a93826-768x410.jpg 768w, https:\/\/noticiasmercedinas.com\/site\/wp-content\/uploads\/2022\/10\/c1382e74-22db-4cff-a336-21d630a93826-600x320.jpg 600w, https:\/\/noticiasmercedinas.com\/site\/wp-content\/uploads\/2022\/10\/c1382e74-22db-4cff-a336-21d630a93826-640x342.jpg 640w, https:\/\/noticiasmercedinas.com\/site\/wp-content\/uploads\/2022\/10\/c1382e74-22db-4cff-a336-21d630a93826-681x363.jpg 681w, https:\/\/noticiasmercedinas.com\/site\/wp-content\/uploads\/2022\/10\/c1382e74-22db-4cff-a336-21d630a93826.jpg 1280w\" sizes=\"auto, (max-width: 640px) 100vw, 640px\" \/><\/p>\n<p>Asimismo, el jefe de Gobierno destac\u00f3 a la Cumbre de Alcaldes de C40 como una nueva oportunidad de la Argentina para integrarse al mundo. \u201cHoy, los ojos del mundo est\u00e1n puestos en la Argentina. No podemos dejar pasar esta nueva oportunidad de integrarnos. A m\u00ed me duele ver a la Argentina cada vez m\u00e1s aislada, porque cerrarnos al mundo limita nuestro potencial de crecimiento. En cambio, integrarnos significa inversiones, exportaciones y, sobre todo, trabajo. Tenemos que asumir el desaf\u00edo de priorizar el desarrollo de nuestras econom\u00edas regionales por sobre la confrontaci\u00f3n pol\u00edtica, tal como estamos haciendo en este Foro Urbano Federal\u201d, indic\u00f3 Rodr\u00edguez Larreta.<\/p>\n<p>Participaron del foro, de la Provincia de Buenos Aires, los intendentes: Soledad Mart\u00ednez (Vicente L\u00f3pez), Mariano Barroso (9 de julio, PBA), Hern\u00e1n Bertellys (Azul), H\u00e9ctor Gay (Bah\u00eda Blanca), Julio Garro (La Plata), Diego Valenzuela (Tres de Febrero) N\u00e9stor Grindetti (Lan\u00fas) Esteban Reino (Balcarce), Carlos Esteban Santoro (General Madariaga), Guillermo Montenegro (General Pueyrred\u00f3n), Eduardo Lorenzo Campana (General Villegas), Pablo Petrecca (Jun\u00edn), Arnaldo Harispe (Lezama), Jorge Etcheverry (Lobos), Ezequiel Galli (Olavarr\u00eda), Javier Arturo Mart\u00ednez (Pergamino), Francisco Ratto (San Antonio de Areco), Gustavo Perie (Ramallo), Alejandro Walter Federico (Suipacha), Miguel \u00c1ngel Fern\u00e1ndez (Trenque Lauquen), Miguel Gargaglione (San Cayetano), Nahuel Mittelbach (Florentino Ameghino), Vicente Gatica (Bragado), Edgardo H\u00e9ctor Battaglia (General Arenales), Jos\u00e9 Castro (San Miguel del Monte), Rom\u00e1n Luj\u00e1n Bouvier (Rojas), Jorge Etcheverry (Lobos).<\/p>\n<p>Tambi\u00e9n participan como oradores los alcaldes Eduardo da Costa Paes (R\u00edo de Janeiro), Daniel Quintero Calle (Medell\u00edn), Kate Gallego (Phoenix), Sophie H\u00e6storp Andersen (Copenhague), Rafael Greca (Curitiba), y expertos de la Alianza para el Gobierno Abierto, Open Data Charter (ODC), el Programa de Naciones Unidas para el Desarrollo en Argentina (PNUD), el Pacto Mundial de Alcaldes por la Energ\u00eda y el Clima, y Climate Save Argentina.<\/p>\n<p>El Foro Urbano Federal se realiza en conjunto con las Naciones Unidas y la Red Argentina de Municipios Frente Al Cambio Clim\u00e1tico (RAMCC), y cuenta con el apoyo del Banco Mundial.<\/p>\n<p>Ma\u00f1ana, jueves, Rodr\u00edguez Larreta y el alcalde de Londres, Sadiq Khan, recibir\u00e1n a m\u00e1s de 100 alcaldes de todo el mundo en la apertura internacional de la Cumbre Mundial de Alcaldes de C40.<\/p>\n<p><img loading=\"lazy\" decoding=\"async\" class=\"alignnone size-large wp-image-102310\" src=\"https:\/\/noticiasmercedinas.com\/site\/wp-content\/uploads\/2022\/10\/243c13fd-fb95-4bd8-b576-3e7f1f2cb9b6-1024x692.jpg\" alt=\"\" width=\"640\" height=\"433\" srcset=\"https:\/\/noticiasmercedinas.com\/site\/wp-content\/uploads\/2022\/10\/243c13fd-fb95-4bd8-b576-3e7f1f2cb9b6-1024x692.jpg 1024w, https:\/\/noticiasmercedinas.com\/site\/wp-content\/uploads\/2022\/10\/243c13fd-fb95-4bd8-b576-3e7f1f2cb9b6-300x203.jpg 300w, https:\/\/noticiasmercedinas.com\/site\/wp-content\/uploads\/2022\/10\/243c13fd-fb95-4bd8-b576-3e7f1f2cb9b6-768x519.jpg 768w, https:\/\/noticiasmercedinas.com\/site\/wp-content\/uploads\/2022\/10\/243c13fd-fb95-4bd8-b576-3e7f1f2cb9b6-1536x1039.jpg 1536w, https:\/\/noticiasmercedinas.com\/site\/wp-content\/uploads\/2022\/10\/243c13fd-fb95-4bd8-b576-3e7f1f2cb9b6-640x433.jpg 640w, https:\/\/noticiasmercedinas.com\/site\/wp-content\/uploads\/2022\/10\/243c13fd-fb95-4bd8-b576-3e7f1f2cb9b6-1280x866.jpg 1280w, https:\/\/noticiasmercedinas.com\/site\/wp-content\/uploads\/2022\/10\/243c13fd-fb95-4bd8-b576-3e7f1f2cb9b6-681x461.jpg 681w, https:\/\/noticiasmercedinas.com\/site\/wp-content\/uploads\/2022\/10\/243c13fd-fb95-4bd8-b576-3e7f1f2cb9b6-1362x921.jpg 1362w, https:\/\/noticiasmercedinas.com\/site\/wp-content\/uploads\/2022\/10\/243c13fd-fb95-4bd8-b576-3e7f1f2cb9b6.jpg 1600w\" sizes=\"auto, (max-width: 640px) 100vw, 640px\" \/><\/p>\n","protected":false},"excerpt":{"rendered":"<p>\u25a0 El jefe de Gobierno de la Ciudad Aut\u00f3noma, estuvo junto a intendentes bonaerenses y de todo el pa\u00eds, ente ellos el de Suipacha y el de Carmen de Areco.<\/p>\n","protected":false},"author":16,"featured_media":102311,"comment_status":"open","ping_status":"open","sticky":false,"template":"","format":"standard","meta":{"footnotes":""},"categories":[139],"tags":[1869,307,4819,15548,1095],"class_list":["post-102309","post","type-post","status-publish","format-standard","has-post-thumbnail","hentry","category-regionales","tag-bragado","tag-cambio-climatico","tag-carmen-de-areco","tag-horacion-rodiguez-larreta","tag-suipacha"],"yoast_head":"<!-- This site is optimized with the Yoast SEO plugin v27.5 - https:\/\/yoast.com\/product\/yoast-seo-wordpress\/ -->\n<title>Rodr\u00edguez Larreta anunci\u00f3 un amplio consenso de ciudades argentinas para enfrentar las consecuencias del cambio clim\u00e1tico<\/title>\n<meta name=\"robots\" content=\"index, follow, max-snippet:-1, max-image-preview:large, max-video-preview:-1\" \/>\n<link rel=\"canonical\" href=\"https:\/\/noticiasmercedinas.com\/site\/2022\/10\/19\/rodriguez-larreta-anuncio-un-amplio-consenso-de-ciudades-argentinas-para-enfrentar-las-consecuencias-del-cambio-climatico\/\" \/>\n<meta property=\"og:locale\" content=\"es_ES\" \/>\n<meta property=\"og:type\" content=\"article\" \/>\n<meta property=\"og:title\" content=\"Rodr\u00edguez Larreta anunci\u00f3 un amplio consenso de ciudades argentinas para enfrentar las consecuencias del cambio clim\u00e1tico\" \/>\n<meta property=\"og:description\" content=\"\u25a0 El jefe de Gobierno de la Ciudad Aut\u00f3noma, estuvo junto a intendentes bonaerenses y de todo el pa\u00eds, ente ellos el de Suipacha y el de Carmen de Areco.\" \/>\n<meta property=\"og:url\" content=\"https:\/\/noticiasmercedinas.com\/site\/2022\/10\/19\/rodriguez-larreta-anuncio-un-amplio-consenso-de-ciudades-argentinas-para-enfrentar-las-consecuencias-del-cambio-climatico\/\" \/>\n<meta property=\"og:site_name\" content=\"NOTICIASMERCEDINAS.COM\" \/>\n<meta property=\"article:publisher\" content=\"https:\/\/www.facebook.com\/noticiasmercedinas\/\" \/>\n<meta property=\"article:published_time\" content=\"2022-10-19T19:08:17+00:00\" \/>\n<meta property=\"article:modified_time\" content=\"2022-10-19T19:13:48+00:00\" \/>\n<meta property=\"og:image\" content=\"https:\/\/noticiasmercedinas.com\/site\/wp-content\/uploads\/2022\/10\/05fde8f7-e5f8-492b-bfe3-b801f1a9b802.jpg\" \/>\n\t<meta property=\"og:image:width\" content=\"1600\" \/>\n\t<meta property=\"og:image:height\" content=\"1030\" \/>\n\t<meta property=\"og:image:type\" content=\"image\/jpeg\" \/>\n<meta name=\"author\" content=\"NOTICIASMERCEDINAS.COM\" \/>\n<meta name=\"twitter:card\" content=\"summary_large_image\" \/>\n<meta name=\"twitter:creator\" content=\"@notmercedinas\" \/>\n<meta name=\"twitter:site\" content=\"@notmercedinas\" \/>\n<meta name=\"twitter:label1\" content=\"Escrito por\" \/>\n\t<meta name=\"twitter:data1\" content=\"NOTICIASMERCEDINAS.COM\" \/>\n\t<meta name=\"twitter:label2\" content=\"Tiempo de lectura\" \/>\n\t<meta name=\"twitter:data2\" content=\"4 minutos\" \/>\n<script type=\"application\/ld+json\" class=\"yoast-schema-graph\">{\"@context\":\"https:\\\/\\\/schema.org\",\"@graph\":[{\"@type\":\"Article\",\"@id\":\"https:\\\/\\\/noticiasmercedinas.com\\\/site\\\/2022\\\/10\\\/19\\\/rodriguez-larreta-anuncio-un-amplio-consenso-de-ciudades-argentinas-para-enfrentar-las-consecuencias-del-cambio-climatico\\\/#article\",\"isPartOf\":{\"@id\":\"https:\\\/\\\/noticiasmercedinas.com\\\/site\\\/2022\\\/10\\\/19\\\/rodriguez-larreta-anuncio-un-amplio-consenso-de-ciudades-argentinas-para-enfrentar-las-consecuencias-del-cambio-climatico\\\/\"},\"author\":{\"name\":\"NOTICIASMERCEDINAS.COM\",\"@id\":\"https:\\\/\\\/noticiasmercedinas.com\\\/site\\\/#\\\/schema\\\/person\\\/84b59c099c28ff2e8b77d4ceec5d8063\"},\"headline\":\"Rodr\u00edguez Larreta anunci\u00f3 un amplio consenso de ciudades argentinas para enfrentar las consecuencias del cambio clim\u00e1tico\",\"datePublished\":\"2022-10-19T19:08:17+00:00\",\"dateModified\":\"2022-10-19T19:13:48+00:00\",\"mainEntityOfPage\":{\"@id\":\"https:\\\/\\\/noticiasmercedinas.com\\\/site\\\/2022\\\/10\\\/19\\\/rodriguez-larreta-anuncio-un-amplio-consenso-de-ciudades-argentinas-para-enfrentar-las-consecuencias-del-cambio-climatico\\\/\"},\"wordCount\":778,\"commentCount\":0,\"publisher\":{\"@id\":\"https:\\\/\\\/noticiasmercedinas.com\\\/site\\\/#organization\"},\"image\":{\"@id\":\"https:\\\/\\\/noticiasmercedinas.com\\\/site\\\/2022\\\/10\\\/19\\\/rodriguez-larreta-anuncio-un-amplio-consenso-de-ciudades-argentinas-para-enfrentar-las-consecuencias-del-cambio-climatico\\\/#primaryimage\"},\"thumbnailUrl\":\"https:\\\/\\\/noticiasmercedinas.com\\\/site\\\/wp-content\\\/uploads\\\/2022\\\/10\\\/05fde8f7-e5f8-492b-bfe3-b801f1a9b802.jpg\",\"keywords\":[\"Bragado\",\"cambio climatico\",\"carmen de areco\",\"horacion rodiguez larreta\",\"suipacha\"],\"articleSection\":[\"Regionales\"],\"inLanguage\":\"es\",\"potentialAction\":[{\"@type\":\"CommentAction\",\"name\":\"Comment\",\"target\":[\"https:\\\/\\\/noticiasmercedinas.com\\\/site\\\/2022\\\/10\\\/19\\\/rodriguez-larreta-anuncio-un-amplio-consenso-de-ciudades-argentinas-para-enfrentar-las-consecuencias-del-cambio-climatico\\\/#respond\"]}]},{\"@type\":\"WebPage\",\"@id\":\"https:\\\/\\\/noticiasmercedinas.com\\\/site\\\/2022\\\/10\\\/19\\\/rodriguez-larreta-anuncio-un-amplio-consenso-de-ciudades-argentinas-para-enfrentar-las-consecuencias-del-cambio-climatico\\\/\",\"url\":\"https:\\\/\\\/noticiasmercedinas.com\\\/site\\\/2022\\\/10\\\/19\\\/rodriguez-larreta-anuncio-un-amplio-consenso-de-ciudades-argentinas-para-enfrentar-las-consecuencias-del-cambio-climatico\\\/\",\"name\":\"Rodr\u00edguez Larreta anunci\u00f3 un amplio consenso de ciudades argentinas para enfrentar las consecuencias del cambio clim\u00e1tico\",\"isPartOf\":{\"@id\":\"https:\\\/\\\/noticiasmercedinas.com\\\/site\\\/#website\"},\"primaryImageOfPage\":{\"@id\":\"https:\\\/\\\/noticiasmercedinas.com\\\/site\\\/2022\\\/10\\\/19\\\/rodriguez-larreta-anuncio-un-amplio-consenso-de-ciudades-argentinas-para-enfrentar-las-consecuencias-del-cambio-climatico\\\/#primaryimage\"},\"image\":{\"@id\":\"https:\\\/\\\/noticiasmercedinas.com\\\/site\\\/2022\\\/10\\\/19\\\/rodriguez-larreta-anuncio-un-amplio-consenso-de-ciudades-argentinas-para-enfrentar-las-consecuencias-del-cambio-climatico\\\/#primaryimage\"},\"thumbnailUrl\":\"https:\\\/\\\/noticiasmercedinas.com\\\/site\\\/wp-content\\\/uploads\\\/2022\\\/10\\\/05fde8f7-e5f8-492b-bfe3-b801f1a9b802.jpg\",\"datePublished\":\"2022-10-19T19:08:17+00:00\",\"dateModified\":\"2022-10-19T19:13:48+00:00\",\"breadcrumb\":{\"@id\":\"https:\\\/\\\/noticiasmercedinas.com\\\/site\\\/2022\\\/10\\\/19\\\/rodriguez-larreta-anuncio-un-amplio-consenso-de-ciudades-argentinas-para-enfrentar-las-consecuencias-del-cambio-climatico\\\/#breadcrumb\"},\"inLanguage\":\"es\",\"potentialAction\":[{\"@type\":\"ReadAction\",\"target\":[\"https:\\\/\\\/noticiasmercedinas.com\\\/site\\\/2022\\\/10\\\/19\\\/rodriguez-larreta-anuncio-un-amplio-consenso-de-ciudades-argentinas-para-enfrentar-las-consecuencias-del-cambio-climatico\\\/\"]}]},{\"@type\":\"ImageObject\",\"inLanguage\":\"es\",\"@id\":\"https:\\\/\\\/noticiasmercedinas.com\\\/site\\\/2022\\\/10\\\/19\\\/rodriguez-larreta-anuncio-un-amplio-consenso-de-ciudades-argentinas-para-enfrentar-las-consecuencias-del-cambio-climatico\\\/#primaryimage\",\"url\":\"https:\\\/\\\/noticiasmercedinas.com\\\/site\\\/wp-content\\\/uploads\\\/2022\\\/10\\\/05fde8f7-e5f8-492b-bfe3-b801f1a9b802.jpg\",\"contentUrl\":\"https:\\\/\\\/noticiasmercedinas.com\\\/site\\\/wp-content\\\/uploads\\\/2022\\\/10\\\/05fde8f7-e5f8-492b-bfe3-b801f1a9b802.jpg\",\"width\":1600,\"height\":1030},{\"@type\":\"BreadcrumbList\",\"@id\":\"https:\\\/\\\/noticiasmercedinas.com\\\/site\\\/2022\\\/10\\\/19\\\/rodriguez-larreta-anuncio-un-amplio-consenso-de-ciudades-argentinas-para-enfrentar-las-consecuencias-del-cambio-climatico\\\/#breadcrumb\",\"itemListElement\":[{\"@type\":\"ListItem\",\"position\":1,\"name\":\"Portada\",\"item\":\"https:\\\/\\\/noticiasmercedinas.com\\\/site\\\/\"},{\"@type\":\"ListItem\",\"position\":2,\"name\":\"Rodr\u00edguez Larreta anunci\u00f3 un amplio consenso de ciudades argentinas para enfrentar las consecuencias del cambio clim\u00e1tico\"}]},{\"@type\":\"WebSite\",\"@id\":\"https:\\\/\\\/noticiasmercedinas.com\\\/site\\\/#website\",\"url\":\"https:\\\/\\\/noticiasmercedinas.com\\\/site\\\/\",\"name\":\"NOTICIASMERCEDINAS.COM\",\"description\":\"Mercedes, Buenos Aires, Argentina\",\"publisher\":{\"@id\":\"https:\\\/\\\/noticiasmercedinas.com\\\/site\\\/#organization\"},\"potentialAction\":[{\"@type\":\"SearchAction\",\"target\":{\"@type\":\"EntryPoint\",\"urlTemplate\":\"https:\\\/\\\/noticiasmercedinas.com\\\/site\\\/?s={search_term_string}\"},\"query-input\":{\"@type\":\"PropertyValueSpecification\",\"valueRequired\":true,\"valueName\":\"search_term_string\"}}],\"inLanguage\":\"es\"},{\"@type\":\"Organization\",\"@id\":\"https:\\\/\\\/noticiasmercedinas.com\\\/site\\\/#organization\",\"name\":\"NOTICIASMERCEDINAS.COM\",\"url\":\"https:\\\/\\\/noticiasmercedinas.com\\\/site\\\/\",\"logo\":{\"@type\":\"ImageObject\",\"inLanguage\":\"es\",\"@id\":\"https:\\\/\\\/noticiasmercedinas.com\\\/site\\\/#\\\/schema\\\/logo\\\/image\\\/\",\"url\":\"https:\\\/\\\/noticiasmercedinas.com\\\/site\\\/wp-content\\\/uploads\\\/2020\\\/06\\\/LOGO-512.jpg\",\"contentUrl\":\"https:\\\/\\\/noticiasmercedinas.com\\\/site\\\/wp-content\\\/uploads\\\/2020\\\/06\\\/LOGO-512.jpg\",\"width\":512,\"height\":512,\"caption\":\"NOTICIASMERCEDINAS.COM\"},\"image\":{\"@id\":\"https:\\\/\\\/noticiasmercedinas.com\\\/site\\\/#\\\/schema\\\/logo\\\/image\\\/\"},\"sameAs\":[\"https:\\\/\\\/www.facebook.com\\\/noticiasmercedinas\\\/\",\"https:\\\/\\\/x.com\\\/notmercedinas\",\"https:\\\/\\\/www.instagram.com\\\/noticiasmercedinas\\\/\"]},{\"@type\":\"Person\",\"@id\":\"https:\\\/\\\/noticiasmercedinas.com\\\/site\\\/#\\\/schema\\\/person\\\/84b59c099c28ff2e8b77d4ceec5d8063\",\"name\":\"NOTICIASMERCEDINAS.COM\",\"image\":{\"@type\":\"ImageObject\",\"inLanguage\":\"es\",\"@id\":\"https:\\\/\\\/secure.gravatar.com\\\/avatar\\\/4dfbf16b4d17945bfb6341b2d19043457132fcf478a5ee04f42e959fd8f5df0a?s=96&d=mm&r=g\",\"url\":\"https:\\\/\\\/secure.gravatar.com\\\/avatar\\\/4dfbf16b4d17945bfb6341b2d19043457132fcf478a5ee04f42e959fd8f5df0a?s=96&d=mm&r=g\",\"contentUrl\":\"https:\\\/\\\/secure.gravatar.com\\\/avatar\\\/4dfbf16b4d17945bfb6341b2d19043457132fcf478a5ee04f42e959fd8f5df0a?s=96&d=mm&r=g\",\"caption\":\"NOTICIASMERCEDINAS.COM\"},\"url\":\"https:\\\/\\\/noticiasmercedinas.com\\\/site\\\/author\\\/anonimo\\\/\"}]}<\/script>\n<!-- \/ Yoast SEO plugin. -->","yoast_head_json":{"title":"Rodr\u00edguez Larreta anunci\u00f3 un amplio consenso de ciudades argentinas para enfrentar las consecuencias del cambio clim\u00e1tico","robots":{"index":"index","follow":"follow","max-snippet":"max-snippet:-1","max-image-preview":"max-image-preview:large","max-video-preview":"max-video-preview:-1"},"canonical":"https:\/\/noticiasmercedinas.com\/site\/2022\/10\/19\/rodriguez-larreta-anuncio-un-amplio-consenso-de-ciudades-argentinas-para-enfrentar-las-consecuencias-del-cambio-climatico\/","og_locale":"es_ES","og_type":"article","og_title":"Rodr\u00edguez Larreta anunci\u00f3 un amplio consenso de ciudades argentinas para enfrentar las consecuencias del cambio clim\u00e1tico","og_description":"\u25a0 El jefe de Gobierno de la Ciudad Aut\u00f3noma, estuvo junto a intendentes bonaerenses y de todo el pa\u00eds, ente ellos el de Suipacha y el de Carmen de Areco.","og_url":"https:\/\/noticiasmercedinas.com\/site\/2022\/10\/19\/rodriguez-larreta-anuncio-un-amplio-consenso-de-ciudades-argentinas-para-enfrentar-las-consecuencias-del-cambio-climatico\/","og_site_name":"NOTICIASMERCEDINAS.COM","article_publisher":"https:\/\/www.facebook.com\/noticiasmercedinas\/","article_published_time":"2022-10-19T19:08:17+00:00","article_modified_time":"2022-10-19T19:13:48+00:00","og_image":[{"width":1600,"height":1030,"url":"https:\/\/noticiasmercedinas.com\/site\/wp-content\/uploads\/2022\/10\/05fde8f7-e5f8-492b-bfe3-b801f1a9b802.jpg","type":"image\/jpeg"}],"author":"NOTICIASMERCEDINAS.COM","twitter_card":"summary_large_image","twitter_creator":"@notmercedinas","twitter_site":"@notmercedinas","twitter_misc":{"Escrito por":"NOTICIASMERCEDINAS.COM","Tiempo de lectura":"4 minutos"},"schema":{"@context":"https:\/\/schema.org","@graph":[{"@type":"Article","@id":"https:\/\/noticiasmercedinas.com\/site\/2022\/10\/19\/rodriguez-larreta-anuncio-un-amplio-consenso-de-ciudades-argentinas-para-enfrentar-las-consecuencias-del-cambio-climatico\/#article","isPartOf":{"@id":"https:\/\/noticiasmercedinas.com\/site\/2022\/10\/19\/rodriguez-larreta-anuncio-un-amplio-consenso-de-ciudades-argentinas-para-enfrentar-las-consecuencias-del-cambio-climatico\/"},"author":{"name":"NOTICIASMERCEDINAS.COM","@id":"https:\/\/noticiasmercedinas.com\/site\/#\/schema\/person\/84b59c099c28ff2e8b77d4ceec5d8063"},"headline":"Rodr\u00edguez Larreta anunci\u00f3 un amplio consenso de ciudades argentinas para enfrentar las consecuencias del cambio clim\u00e1tico","datePublished":"2022-10-19T19:08:17+00:00","dateModified":"2022-10-19T19:13:48+00:00","mainEntityOfPage":{"@id":"https:\/\/noticiasmercedinas.com\/site\/2022\/10\/19\/rodriguez-larreta-anuncio-un-amplio-consenso-de-ciudades-argentinas-para-enfrentar-las-consecuencias-del-cambio-climatico\/"},"wordCount":778,"commentCount":0,"publisher":{"@id":"https:\/\/noticiasmercedinas.com\/site\/#organization"},"image":{"@id":"https:\/\/noticiasmercedinas.com\/site\/2022\/10\/19\/rodriguez-larreta-anuncio-un-amplio-consenso-de-ciudades-argentinas-para-enfrentar-las-consecuencias-del-cambio-climatico\/#primaryimage"},"thumbnailUrl":"https:\/\/noticiasmercedinas.com\/site\/wp-content\/uploads\/2022\/10\/05fde8f7-e5f8-492b-bfe3-b801f1a9b802.jpg","keywords":["Bragado","cambio climatico","carmen de areco","horacion rodiguez larreta","suipacha"],"articleSection":["Regionales"],"inLanguage":"es","potentialAction":[{"@type":"CommentAction","name":"Comment","target":["https:\/\/noticiasmercedinas.com\/site\/2022\/10\/19\/rodriguez-larreta-anuncio-un-amplio-consenso-de-ciudades-argentinas-para-enfrentar-las-consecuencias-del-cambio-climatico\/#respond"]}]},{"@type":"WebPage","@id":"https:\/\/noticiasmercedinas.com\/site\/2022\/10\/19\/rodriguez-larreta-anuncio-un-amplio-consenso-de-ciudades-argentinas-para-enfrentar-las-consecuencias-del-cambio-climatico\/","url":"https:\/\/noticiasmercedinas.com\/site\/2022\/10\/19\/rodriguez-larreta-anuncio-un-amplio-consenso-de-ciudades-argentinas-para-enfrentar-las-consecuencias-del-cambio-climatico\/","name":"Rodr\u00edguez Larreta anunci\u00f3 un amplio consenso de ciudades argentinas para enfrentar las consecuencias del cambio clim\u00e1tico","isPartOf":{"@id":"https:\/\/noticiasmercedinas.com\/site\/#website"},"primaryImageOfPage":{"@id":"https:\/\/noticiasmercedinas.com\/site\/2022\/10\/19\/rodriguez-larreta-anuncio-un-amplio-consenso-de-ciudades-argentinas-para-enfrentar-las-consecuencias-del-cambio-climatico\/#primaryimage"},"image":{"@id":"https:\/\/noticiasmercedinas.com\/site\/2022\/10\/19\/rodriguez-larreta-anuncio-un-amplio-consenso-de-ciudades-argentinas-para-enfrentar-las-consecuencias-del-cambio-climatico\/#primaryimage"},"thumbnailUrl":"https:\/\/noticiasmercedinas.com\/site\/wp-content\/uploads\/2022\/10\/05fde8f7-e5f8-492b-bfe3-b801f1a9b802.jpg","datePublished":"2022-10-19T19:08:17+00:00","dateModified":"2022-10-19T19:13:48+00:00","breadcrumb":{"@id":"https:\/\/noticiasmercedinas.com\/site\/2022\/10\/19\/rodriguez-larreta-anuncio-un-amplio-consenso-de-ciudades-argentinas-para-enfrentar-las-consecuencias-del-cambio-climatico\/#breadcrumb"},"inLanguage":"es","potentialAction":[{"@type":"ReadAction","target":["https:\/\/noticiasmercedinas.com\/site\/2022\/10\/19\/rodriguez-larreta-anuncio-un-amplio-consenso-de-ciudades-argentinas-para-enfrentar-las-consecuencias-del-cambio-climatico\/"]}]},{"@type":"ImageObject","inLanguage":"es","@id":"https:\/\/noticiasmercedinas.com\/site\/2022\/10\/19\/rodriguez-larreta-anuncio-un-amplio-consenso-de-ciudades-argentinas-para-enfrentar-las-consecuencias-del-cambio-climatico\/#primaryimage","url":"https:\/\/noticiasmercedinas.com\/site\/wp-content\/uploads\/2022\/10\/05fde8f7-e5f8-492b-bfe3-b801f1a9b802.jpg","contentUrl":"https:\/\/noticiasmercedinas.com\/site\/wp-content\/uploads\/2022\/10\/05fde8f7-e5f8-492b-bfe3-b801f1a9b802.jpg","width":1600,"height":1030},{"@type":"BreadcrumbList","@id":"https:\/\/noticiasmercedinas.com\/site\/2022\/10\/19\/rodriguez-larreta-anuncio-un-amplio-consenso-de-ciudades-argentinas-para-enfrentar-las-consecuencias-del-cambio-climatico\/#breadcrumb","itemListElement":[{"@type":"ListItem","position":1,"name":"Portada","item":"https:\/\/noticiasmercedinas.com\/site\/"},{"@type":"ListItem","position":2,"name":"Rodr\u00edguez Larreta anunci\u00f3 un amplio consenso de ciudades argentinas para enfrentar las consecuencias del cambio clim\u00e1tico"}]},{"@type":"WebSite","@id":"https:\/\/noticiasmercedinas.com\/site\/#website","url":"https:\/\/noticiasmercedinas.com\/site\/","name":"NOTICIASMERCEDINAS.COM","description":"Mercedes, Buenos Aires, Argentina","publisher":{"@id":"https:\/\/noticiasmercedinas.com\/site\/#organization"},"potentialAction":[{"@type":"SearchAction","target":{"@type":"EntryPoint","urlTemplate":"https:\/\/noticiasmercedinas.com\/site\/?s={search_term_string}"},"query-input":{"@type":"PropertyValueSpecification","valueRequired":true,"valueName":"search_term_string"}}],"inLanguage":"es"},{"@type":"Organization","@id":"https:\/\/noticiasmercedinas.com\/site\/#organization","name":"NOTICIASMERCEDINAS.COM","url":"https:\/\/noticiasmercedinas.com\/site\/","logo":{"@type":"ImageObject","inLanguage":"es","@id":"https:\/\/noticiasmercedinas.com\/site\/#\/schema\/logo\/image\/","url":"https:\/\/noticiasmercedinas.com\/site\/wp-content\/uploads\/2020\/06\/LOGO-512.jpg","contentUrl":"https:\/\/noticiasmercedinas.com\/site\/wp-content\/uploads\/2020\/06\/LOGO-512.jpg","width":512,"height":512,"caption":"NOTICIASMERCEDINAS.COM"},"image":{"@id":"https:\/\/noticiasmercedinas.com\/site\/#\/schema\/logo\/image\/"},"sameAs":["https:\/\/www.facebook.com\/noticiasmercedinas\/","https:\/\/x.com\/notmercedinas","https:\/\/www.instagram.com\/noticiasmercedinas\/"]},{"@type":"Person","@id":"https:\/\/noticiasmercedinas.com\/site\/#\/schema\/person\/84b59c099c28ff2e8b77d4ceec5d8063","name":"NOTICIASMERCEDINAS.COM","image":{"@type":"ImageObject","inLanguage":"es","@id":"https:\/\/secure.gravatar.com\/avatar\/4dfbf16b4d17945bfb6341b2d19043457132fcf478a5ee04f42e959fd8f5df0a?s=96&d=mm&r=g","url":"https:\/\/secure.gravatar.com\/avatar\/4dfbf16b4d17945bfb6341b2d19043457132fcf478a5ee04f42e959fd8f5df0a?s=96&d=mm&r=g","contentUrl":"https:\/\/secure.gravatar.com\/avatar\/4dfbf16b4d17945bfb6341b2d19043457132fcf478a5ee04f42e959fd8f5df0a?s=96&d=mm&r=g","caption":"NOTICIASMERCEDINAS.COM"},"url":"https:\/\/noticiasmercedinas.com\/site\/author\/anonimo\/"}]}},"amp_enabled":true,"_links":{"self":[{"href":"https:\/\/noticiasmercedinas.com\/site\/wp-json\/wp\/v2\/posts\/102309","targetHints":{"allow":["GET"]}}],"collection":[{"href":"https:\/\/noticiasmercedinas.com\/site\/wp-json\/wp\/v2\/posts"}],"about":[{"href":"https:\/\/noticiasmercedinas.com\/site\/wp-json\/wp\/v2\/types\/post"}],"author":[{"embeddable":true,"href":"https:\/\/noticiasmercedinas.com\/site\/wp-json\/wp\/v2\/users\/16"}],"replies":[{"embeddable":true,"href":"https:\/\/noticiasmercedinas.com\/site\/wp-json\/wp\/v2\/comments?post=102309"}],"version-history":[{"count":2,"href":"https:\/\/noticiasmercedinas.com\/site\/wp-json\/wp\/v2\/posts\/102309\/revisions"}],"predecessor-version":[{"id":102314,"href":"https:\/\/noticiasmercedinas.com\/site\/wp-json\/wp\/v2\/posts\/102309\/revisions\/102314"}],"wp:featuredmedia":[{"embeddable":true,"href":"https:\/\/noticiasmercedinas.com\/site\/wp-json\/wp\/v2\/media\/102311"}],"wp:attachment":[{"href":"https:\/\/noticiasmercedinas.com\/site\/wp-json\/wp\/v2\/media?parent=102309"}],"wp:term":[{"taxonomy":"category","embeddable":true,"href":"https:\/\/noticiasmercedinas.com\/site\/wp-json\/wp\/v2\/categories?post=102309"},{"taxonomy":"post_tag","embeddable":true,"href":"https:\/\/noticiasmercedinas.com\/site\/wp-json\/wp\/v2\/tags?post=102309"}],"curies":[{"name":"wp","href":"https:\/\/api.w.org\/{rel}","templated":true}]}}