{"id":102526,"date":"2022-10-22T14:28:18","date_gmt":"2022-10-22T17:28:18","guid":{"rendered":"https:\/\/noticiasmercedinas.com\/site\/?p=102526"},"modified":"2022-10-22T14:28:18","modified_gmt":"2022-10-22T17:28:18","slug":"el-lunes-por-la-manana-habra-corte-de-luz-en-barrio-marchetti-por-mantenimiento","status":"publish","type":"post","link":"https:\/\/noticiasmercedinas.com\/site\/2022\/10\/22\/el-lunes-por-la-manana-habra-corte-de-luz-en-barrio-marchetti-por-mantenimiento\/","title":{"rendered":"El lunes por la ma\u00f1ana habr\u00e1 corte de luz en barrio Marchetti por mantenimiento"},"content":{"rendered":"<p><img loading=\"lazy\" decoding=\"async\" class=\"alignnone size-full wp-image-29402\" src=\"https:\/\/noticiasmercedinas.com\/site\/wp-content\/uploads\/2019\/09\/bbx_754813666_1_eden2069667809531098686.jpg\" alt=\"\" width=\"800\" height=\"579\" srcset=\"https:\/\/noticiasmercedinas.com\/site\/wp-content\/uploads\/2019\/09\/bbx_754813666_1_eden2069667809531098686.jpg 800w, https:\/\/noticiasmercedinas.com\/site\/wp-content\/uploads\/2019\/09\/bbx_754813666_1_eden2069667809531098686-300x217.jpg 300w, https:\/\/noticiasmercedinas.com\/site\/wp-content\/uploads\/2019\/09\/bbx_754813666_1_eden2069667809531098686-768x556.jpg 768w, https:\/\/noticiasmercedinas.com\/site\/wp-content\/uploads\/2019\/09\/bbx_754813666_1_eden2069667809531098686-640x463.jpg 640w, https:\/\/noticiasmercedinas.com\/site\/wp-content\/uploads\/2019\/09\/bbx_754813666_1_eden2069667809531098686-681x493.jpg 681w\" sizes=\"auto, (max-width: 800px) 100vw, 800px\" \/><\/p>\n<p>Desde la empresa EDEN se inform\u00f3 que este lunes se realizar\u00e1n tareas de mantenimiento, y esto afectar\u00e1 a domicilios del barrio Marchetti por la ma\u00f1ana.<\/p>\n<p>EDEN inform\u00f3 que realizar\u00e1 tareas de mantenimiento, con el objetivo de mejorar la calidad del servicio.<\/p>\n<p>\u00abPara poder realizar estas mejoras y como medida de seguridad, es necesario interrumpir el servicio mientras se trabaja en la red el\u00e9ctrica\u00bb, sostuvieron.<\/p>\n<p>Los trabajos se realizar\u00e1n, seg\u00fan informaron,\u00a0el d\u00eda lunes 24 de octubre,\u00a0de 8:30 a 11 horas,\u00a0en el barrio Marchetti, en las calles 32 desde 55 hasta 65, por 30, 28 y 26 hasta calle 26 prolongaci\u00f3n.<\/p>\n<p>\u00abEn caso de presentarse condiciones clim\u00e1ticas adversas, las actividades ser\u00e1n reprogramadas\u00bb, indicaron.<\/p>\n<p><strong>Corte este s\u00e1bado<\/strong><br \/>\nEn tanto, este s\u00e1bado al mediod\u00eda se report\u00f3 un corte de energ\u00eda el\u00e9ctrica en transformadores de EDEN que pudo afectar la presi\u00f3n de agua por el impacto en las bombas extractoras de agua.<\/p>\n","protected":false},"excerpt":{"rendered":"<p>\u25a0 Los trabajos se realizar\u00e1n, seg\u00fan informaron,\u00a0el d\u00eda lunes 24 de octubre,\u00a0de 8:30 a 11 horas,\u00a0en el barrio Marchetti, en las calles 32 desde 55 hasta 65, por 30, 28 y 26 hasta calle 26 prolongaci\u00f3n.<\/p>\n","protected":false},"author":16,"featured_media":29402,"comment_status":"open","ping_status":"open","sticky":false,"template":"","format":"standard","meta":{"footnotes":""},"categories":[3],"tags":[1335,1801,34],"class_list":["post-102526","post","type-post","status-publish","format-standard","has-post-thumbnail","hentry","category-sociedad","tag-barrio-marchetti","tag-corte-de-luz","tag-eden"],"yoast_head":"<!-- This site is optimized with the Yoast SEO plugin v27.5 - https:\/\/yoast.com\/product\/yoast-seo-wordpress\/ -->\n<title>El lunes por la ma\u00f1ana habr\u00e1 corte de luz en barrio Marchetti por mantenimiento<\/title>\n<meta name=\"robots\" content=\"index, follow, max-snippet:-1, max-image-preview:large, max-video-preview:-1\" \/>\n<link rel=\"canonical\" href=\"https:\/\/noticiasmercedinas.com\/site\/2022\/10\/22\/el-lunes-por-la-manana-habra-corte-de-luz-en-barrio-marchetti-por-mantenimiento\/\" \/>\n<meta property=\"og:locale\" content=\"es_ES\" \/>\n<meta property=\"og:type\" content=\"article\" \/>\n<meta property=\"og:title\" content=\"El lunes por la ma\u00f1ana habr\u00e1 corte de luz en barrio Marchetti por mantenimiento\" \/>\n<meta property=\"og:description\" content=\"\u25a0 Los trabajos se realizar\u00e1n, seg\u00fan informaron,\u00a0el d\u00eda lunes 24 de octubre,\u00a0de 8:30 a 11 horas,\u00a0en el barrio Marchetti, en las calles 32 desde 55 hasta 65, por 30, 28 y 26 hasta calle 26 prolongaci\u00f3n.\" \/>\n<meta property=\"og:url\" content=\"https:\/\/noticiasmercedinas.com\/site\/2022\/10\/22\/el-lunes-por-la-manana-habra-corte-de-luz-en-barrio-marchetti-por-mantenimiento\/\" \/>\n<meta property=\"og:site_name\" content=\"NOTICIASMERCEDINAS.COM\" \/>\n<meta property=\"article:publisher\" content=\"https:\/\/www.facebook.com\/noticiasmercedinas\/\" \/>\n<meta property=\"article:published_time\" content=\"2022-10-22T17:28:18+00:00\" \/>\n<meta property=\"og:image\" content=\"https:\/\/noticiasmercedinas.com\/site\/wp-content\/uploads\/2019\/09\/bbx_754813666_1_eden2069667809531098686.jpg\" \/>\n\t<meta property=\"og:image:width\" content=\"800\" \/>\n\t<meta property=\"og:image:height\" content=\"579\" \/>\n\t<meta property=\"og:image:type\" content=\"image\/jpeg\" \/>\n<meta name=\"author\" content=\"NOTICIASMERCEDINAS.COM\" \/>\n<meta name=\"twitter:card\" content=\"summary_large_image\" \/>\n<meta name=\"twitter:creator\" content=\"@notmercedinas\" \/>\n<meta name=\"twitter:site\" content=\"@notmercedinas\" \/>\n<meta name=\"twitter:label1\" content=\"Escrito por\" \/>\n\t<meta name=\"twitter:data1\" content=\"NOTICIASMERCEDINAS.COM\" \/>\n\t<meta name=\"twitter:label2\" content=\"Tiempo de lectura\" \/>\n\t<meta name=\"twitter:data2\" content=\"1 minuto\" \/>\n<script type=\"application\/ld+json\" class=\"yoast-schema-graph\">{\"@context\":\"https:\\\/\\\/schema.org\",\"@graph\":[{\"@type\":\"Article\",\"@id\":\"https:\\\/\\\/noticiasmercedinas.com\\\/site\\\/2022\\\/10\\\/22\\\/el-lunes-por-la-manana-habra-corte-de-luz-en-barrio-marchetti-por-mantenimiento\\\/#article\",\"isPartOf\":{\"@id\":\"https:\\\/\\\/noticiasmercedinas.com\\\/site\\\/2022\\\/10\\\/22\\\/el-lunes-por-la-manana-habra-corte-de-luz-en-barrio-marchetti-por-mantenimiento\\\/\"},\"author\":{\"name\":\"NOTICIASMERCEDINAS.COM\",\"@id\":\"https:\\\/\\\/noticiasmercedinas.com\\\/site\\\/#\\\/schema\\\/person\\\/84b59c099c28ff2e8b77d4ceec5d8063\"},\"headline\":\"El lunes por la ma\u00f1ana habr\u00e1 corte de luz en barrio Marchetti por mantenimiento\",\"datePublished\":\"2022-10-22T17:28:18+00:00\",\"mainEntityOfPage\":{\"@id\":\"https:\\\/\\\/noticiasmercedinas.com\\\/site\\\/2022\\\/10\\\/22\\\/el-lunes-por-la-manana-habra-corte-de-luz-en-barrio-marchetti-por-mantenimiento\\\/\"},\"wordCount\":170,\"commentCount\":0,\"publisher\":{\"@id\":\"https:\\\/\\\/noticiasmercedinas.com\\\/site\\\/#organization\"},\"image\":{\"@id\":\"https:\\\/\\\/noticiasmercedinas.com\\\/site\\\/2022\\\/10\\\/22\\\/el-lunes-por-la-manana-habra-corte-de-luz-en-barrio-marchetti-por-mantenimiento\\\/#primaryimage\"},\"thumbnailUrl\":\"https:\\\/\\\/noticiasmercedinas.com\\\/site\\\/wp-content\\\/uploads\\\/2019\\\/09\\\/bbx_754813666_1_eden2069667809531098686.jpg\",\"keywords\":[\"barrio marchetti\",\"corte de luz\",\"eden\"],\"articleSection\":[\"Sociedad\"],\"inLanguage\":\"es\",\"potentialAction\":[{\"@type\":\"CommentAction\",\"name\":\"Comment\",\"target\":[\"https:\\\/\\\/noticiasmercedinas.com\\\/site\\\/2022\\\/10\\\/22\\\/el-lunes-por-la-manana-habra-corte-de-luz-en-barrio-marchetti-por-mantenimiento\\\/#respond\"]}]},{\"@type\":\"WebPage\",\"@id\":\"https:\\\/\\\/noticiasmercedinas.com\\\/site\\\/2022\\\/10\\\/22\\\/el-lunes-por-la-manana-habra-corte-de-luz-en-barrio-marchetti-por-mantenimiento\\\/\",\"url\":\"https:\\\/\\\/noticiasmercedinas.com\\\/site\\\/2022\\\/10\\\/22\\\/el-lunes-por-la-manana-habra-corte-de-luz-en-barrio-marchetti-por-mantenimiento\\\/\",\"name\":\"El lunes por la ma\u00f1ana habr\u00e1 corte de luz en barrio Marchetti por mantenimiento\",\"isPartOf\":{\"@id\":\"https:\\\/\\\/noticiasmercedinas.com\\\/site\\\/#website\"},\"primaryImageOfPage\":{\"@id\":\"https:\\\/\\\/noticiasmercedinas.com\\\/site\\\/2022\\\/10\\\/22\\\/el-lunes-por-la-manana-habra-corte-de-luz-en-barrio-marchetti-por-mantenimiento\\\/#primaryimage\"},\"image\":{\"@id\":\"https:\\\/\\\/noticiasmercedinas.com\\\/site\\\/2022\\\/10\\\/22\\\/el-lunes-por-la-manana-habra-corte-de-luz-en-barrio-marchetti-por-mantenimiento\\\/#primaryimage\"},\"thumbnailUrl\":\"https:\\\/\\\/noticiasmercedinas.com\\\/site\\\/wp-content\\\/uploads\\\/2019\\\/09\\\/bbx_754813666_1_eden2069667809531098686.jpg\",\"datePublished\":\"2022-10-22T17:28:18+00:00\",\"breadcrumb\":{\"@id\":\"https:\\\/\\\/noticiasmercedinas.com\\\/site\\\/2022\\\/10\\\/22\\\/el-lunes-por-la-manana-habra-corte-de-luz-en-barrio-marchetti-por-mantenimiento\\\/#breadcrumb\"},\"inLanguage\":\"es\",\"potentialAction\":[{\"@type\":\"ReadAction\",\"target\":[\"https:\\\/\\\/noticiasmercedinas.com\\\/site\\\/2022\\\/10\\\/22\\\/el-lunes-por-la-manana-habra-corte-de-luz-en-barrio-marchetti-por-mantenimiento\\\/\"]}]},{\"@type\":\"ImageObject\",\"inLanguage\":\"es\",\"@id\":\"https:\\\/\\\/noticiasmercedinas.com\\\/site\\\/2022\\\/10\\\/22\\\/el-lunes-por-la-manana-habra-corte-de-luz-en-barrio-marchetti-por-mantenimiento\\\/#primaryimage\",\"url\":\"https:\\\/\\\/noticiasmercedinas.com\\\/site\\\/wp-content\\\/uploads\\\/2019\\\/09\\\/bbx_754813666_1_eden2069667809531098686.jpg\",\"contentUrl\":\"https:\\\/\\\/noticiasmercedinas.com\\\/site\\\/wp-content\\\/uploads\\\/2019\\\/09\\\/bbx_754813666_1_eden2069667809531098686.jpg\",\"width\":800,\"height\":579},{\"@type\":\"BreadcrumbList\",\"@id\":\"https:\\\/\\\/noticiasmercedinas.com\\\/site\\\/2022\\\/10\\\/22\\\/el-lunes-por-la-manana-habra-corte-de-luz-en-barrio-marchetti-por-mantenimiento\\\/#breadcrumb\",\"itemListElement\":[{\"@type\":\"ListItem\",\"position\":1,\"name\":\"Portada\",\"item\":\"https:\\\/\\\/noticiasmercedinas.com\\\/site\\\/\"},{\"@type\":\"ListItem\",\"position\":2,\"name\":\"El lunes por la ma\u00f1ana habr\u00e1 corte de luz en barrio Marchetti por mantenimiento\"}]},{\"@type\":\"WebSite\",\"@id\":\"https:\\\/\\\/noticiasmercedinas.com\\\/site\\\/#website\",\"url\":\"https:\\\/\\\/noticiasmercedinas.com\\\/site\\\/\",\"name\":\"NOTICIASMERCEDINAS.COM\",\"description\":\"Mercedes, Buenos Aires, Argentina\",\"publisher\":{\"@id\":\"https:\\\/\\\/noticiasmercedinas.com\\\/site\\\/#organization\"},\"potentialAction\":[{\"@type\":\"SearchAction\",\"target\":{\"@type\":\"EntryPoint\",\"urlTemplate\":\"https:\\\/\\\/noticiasmercedinas.com\\\/site\\\/?s={search_term_string}\"},\"query-input\":{\"@type\":\"PropertyValueSpecification\",\"valueRequired\":true,\"valueName\":\"search_term_string\"}}],\"inLanguage\":\"es\"},{\"@type\":\"Organization\",\"@id\":\"https:\\\/\\\/noticiasmercedinas.com\\\/site\\\/#organization\",\"name\":\"NOTICIASMERCEDINAS.COM\",\"url\":\"https:\\\/\\\/noticiasmercedinas.com\\\/site\\\/\",\"logo\":{\"@type\":\"ImageObject\",\"inLanguage\":\"es\",\"@id\":\"https:\\\/\\\/noticiasmercedinas.com\\\/site\\\/#\\\/schema\\\/logo\\\/image\\\/\",\"url\":\"https:\\\/\\\/noticiasmercedinas.com\\\/site\\\/wp-content\\\/uploads\\\/2020\\\/06\\\/LOGO-512.jpg\",\"contentUrl\":\"https:\\\/\\\/noticiasmercedinas.com\\\/site\\\/wp-content\\\/uploads\\\/2020\\\/06\\\/LOGO-512.jpg\",\"width\":512,\"height\":512,\"caption\":\"NOTICIASMERCEDINAS.COM\"},\"image\":{\"@id\":\"https:\\\/\\\/noticiasmercedinas.com\\\/site\\\/#\\\/schema\\\/logo\\\/image\\\/\"},\"sameAs\":[\"https:\\\/\\\/www.facebook.com\\\/noticiasmercedinas\\\/\",\"https:\\\/\\\/x.com\\\/notmercedinas\",\"https:\\\/\\\/www.instagram.com\\\/noticiasmercedinas\\\/\"]},{\"@type\":\"Person\",\"@id\":\"https:\\\/\\\/noticiasmercedinas.com\\\/site\\\/#\\\/schema\\\/person\\\/84b59c099c28ff2e8b77d4ceec5d8063\",\"name\":\"NOTICIASMERCEDINAS.COM\",\"image\":{\"@type\":\"ImageObject\",\"inLanguage\":\"es\",\"@id\":\"https:\\\/\\\/secure.gravatar.com\\\/avatar\\\/4dfbf16b4d17945bfb6341b2d19043457132fcf478a5ee04f42e959fd8f5df0a?s=96&d=mm&r=g\",\"url\":\"https:\\\/\\\/secure.gravatar.com\\\/avatar\\\/4dfbf16b4d17945bfb6341b2d19043457132fcf478a5ee04f42e959fd8f5df0a?s=96&d=mm&r=g\",\"contentUrl\":\"https:\\\/\\\/secure.gravatar.com\\\/avatar\\\/4dfbf16b4d17945bfb6341b2d19043457132fcf478a5ee04f42e959fd8f5df0a?s=96&d=mm&r=g\",\"caption\":\"NOTICIASMERCEDINAS.COM\"},\"url\":\"https:\\\/\\\/noticiasmercedinas.com\\\/site\\\/author\\\/anonimo\\\/\"}]}<\/script>\n<!-- \/ Yoast SEO plugin. -->","yoast_head_json":{"title":"El lunes por la ma\u00f1ana habr\u00e1 corte de luz en barrio Marchetti por mantenimiento","robots":{"index":"index","follow":"follow","max-snippet":"max-snippet:-1","max-image-preview":"max-image-preview:large","max-video-preview":"max-video-preview:-1"},"canonical":"https:\/\/noticiasmercedinas.com\/site\/2022\/10\/22\/el-lunes-por-la-manana-habra-corte-de-luz-en-barrio-marchetti-por-mantenimiento\/","og_locale":"es_ES","og_type":"article","og_title":"El lunes por la ma\u00f1ana habr\u00e1 corte de luz en barrio Marchetti por mantenimiento","og_description":"\u25a0 Los trabajos se realizar\u00e1n, seg\u00fan informaron,\u00a0el d\u00eda lunes 24 de octubre,\u00a0de 8:30 a 11 horas,\u00a0en el barrio Marchetti, en las calles 32 desde 55 hasta 65, por 30, 28 y 26 hasta calle 26 prolongaci\u00f3n.","og_url":"https:\/\/noticiasmercedinas.com\/site\/2022\/10\/22\/el-lunes-por-la-manana-habra-corte-de-luz-en-barrio-marchetti-por-mantenimiento\/","og_site_name":"NOTICIASMERCEDINAS.COM","article_publisher":"https:\/\/www.facebook.com\/noticiasmercedinas\/","article_published_time":"2022-10-22T17:28:18+00:00","og_image":[{"width":800,"height":579,"url":"https:\/\/noticiasmercedinas.com\/site\/wp-content\/uploads\/2019\/09\/bbx_754813666_1_eden2069667809531098686.jpg","type":"image\/jpeg"}],"author":"NOTICIASMERCEDINAS.COM","twitter_card":"summary_large_image","twitter_creator":"@notmercedinas","twitter_site":"@notmercedinas","twitter_misc":{"Escrito por":"NOTICIASMERCEDINAS.COM","Tiempo de lectura":"1 minuto"},"schema":{"@context":"https:\/\/schema.org","@graph":[{"@type":"Article","@id":"https:\/\/noticiasmercedinas.com\/site\/2022\/10\/22\/el-lunes-por-la-manana-habra-corte-de-luz-en-barrio-marchetti-por-mantenimiento\/#article","isPartOf":{"@id":"https:\/\/noticiasmercedinas.com\/site\/2022\/10\/22\/el-lunes-por-la-manana-habra-corte-de-luz-en-barrio-marchetti-por-mantenimiento\/"},"author":{"name":"NOTICIASMERCEDINAS.COM","@id":"https:\/\/noticiasmercedinas.com\/site\/#\/schema\/person\/84b59c099c28ff2e8b77d4ceec5d8063"},"headline":"El lunes por la ma\u00f1ana habr\u00e1 corte de luz en barrio Marchetti por mantenimiento","datePublished":"2022-10-22T17:28:18+00:00","mainEntityOfPage":{"@id":"https:\/\/noticiasmercedinas.com\/site\/2022\/10\/22\/el-lunes-por-la-manana-habra-corte-de-luz-en-barrio-marchetti-por-mantenimiento\/"},"wordCount":170,"commentCount":0,"publisher":{"@id":"https:\/\/noticiasmercedinas.com\/site\/#organization"},"image":{"@id":"https:\/\/noticiasmercedinas.com\/site\/2022\/10\/22\/el-lunes-por-la-manana-habra-corte-de-luz-en-barrio-marchetti-por-mantenimiento\/#primaryimage"},"thumbnailUrl":"https:\/\/noticiasmercedinas.com\/site\/wp-content\/uploads\/2019\/09\/bbx_754813666_1_eden2069667809531098686.jpg","keywords":["barrio marchetti","corte de luz","eden"],"articleSection":["Sociedad"],"inLanguage":"es","potentialAction":[{"@type":"CommentAction","name":"Comment","target":["https:\/\/noticiasmercedinas.com\/site\/2022\/10\/22\/el-lunes-por-la-manana-habra-corte-de-luz-en-barrio-marchetti-por-mantenimiento\/#respond"]}]},{"@type":"WebPage","@id":"https:\/\/noticiasmercedinas.com\/site\/2022\/10\/22\/el-lunes-por-la-manana-habra-corte-de-luz-en-barrio-marchetti-por-mantenimiento\/","url":"https:\/\/noticiasmercedinas.com\/site\/2022\/10\/22\/el-lunes-por-la-manana-habra-corte-de-luz-en-barrio-marchetti-por-mantenimiento\/","name":"El lunes por la ma\u00f1ana habr\u00e1 corte de luz en barrio Marchetti por mantenimiento","isPartOf":{"@id":"https:\/\/noticiasmercedinas.com\/site\/#website"},"primaryImageOfPage":{"@id":"https:\/\/noticiasmercedinas.com\/site\/2022\/10\/22\/el-lunes-por-la-manana-habra-corte-de-luz-en-barrio-marchetti-por-mantenimiento\/#primaryimage"},"image":{"@id":"https:\/\/noticiasmercedinas.com\/site\/2022\/10\/22\/el-lunes-por-la-manana-habra-corte-de-luz-en-barrio-marchetti-por-mantenimiento\/#primaryimage"},"thumbnailUrl":"https:\/\/noticiasmercedinas.com\/site\/wp-content\/uploads\/2019\/09\/bbx_754813666_1_eden2069667809531098686.jpg","datePublished":"2022-10-22T17:28:18+00:00","breadcrumb":{"@id":"https:\/\/noticiasmercedinas.com\/site\/2022\/10\/22\/el-lunes-por-la-manana-habra-corte-de-luz-en-barrio-marchetti-por-mantenimiento\/#breadcrumb"},"inLanguage":"es","potentialAction":[{"@type":"ReadAction","target":["https:\/\/noticiasmercedinas.com\/site\/2022\/10\/22\/el-lunes-por-la-manana-habra-corte-de-luz-en-barrio-marchetti-por-mantenimiento\/"]}]},{"@type":"ImageObject","inLanguage":"es","@id":"https:\/\/noticiasmercedinas.com\/site\/2022\/10\/22\/el-lunes-por-la-manana-habra-corte-de-luz-en-barrio-marchetti-por-mantenimiento\/#primaryimage","url":"https:\/\/noticiasmercedinas.com\/site\/wp-content\/uploads\/2019\/09\/bbx_754813666_1_eden2069667809531098686.jpg","contentUrl":"https:\/\/noticiasmercedinas.com\/site\/wp-content\/uploads\/2019\/09\/bbx_754813666_1_eden2069667809531098686.jpg","width":800,"height":579},{"@type":"BreadcrumbList","@id":"https:\/\/noticiasmercedinas.com\/site\/2022\/10\/22\/el-lunes-por-la-manana-habra-corte-de-luz-en-barrio-marchetti-por-mantenimiento\/#breadcrumb","itemListElement":[{"@type":"ListItem","position":1,"name":"Portada","item":"https:\/\/noticiasmercedinas.com\/site\/"},{"@type":"ListItem","position":2,"name":"El lunes por la ma\u00f1ana habr\u00e1 corte de luz en barrio Marchetti por mantenimiento"}]},{"@type":"WebSite","@id":"https:\/\/noticiasmercedinas.com\/site\/#website","url":"https:\/\/noticiasmercedinas.com\/site\/","name":"NOTICIASMERCEDINAS.COM","description":"Mercedes, Buenos Aires, Argentina","publisher":{"@id":"https:\/\/noticiasmercedinas.com\/site\/#organization"},"potentialAction":[{"@type":"SearchAction","target":{"@type":"EntryPoint","urlTemplate":"https:\/\/noticiasmercedinas.com\/site\/?s={search_term_string}"},"query-input":{"@type":"PropertyValueSpecification","valueRequired":true,"valueName":"search_term_string"}}],"inLanguage":"es"},{"@type":"Organization","@id":"https:\/\/noticiasmercedinas.com\/site\/#organization","name":"NOTICIASMERCEDINAS.COM","url":"https:\/\/noticiasmercedinas.com\/site\/","logo":{"@type":"ImageObject","inLanguage":"es","@id":"https:\/\/noticiasmercedinas.com\/site\/#\/schema\/logo\/image\/","url":"https:\/\/noticiasmercedinas.com\/site\/wp-content\/uploads\/2020\/06\/LOGO-512.jpg","contentUrl":"https:\/\/noticiasmercedinas.com\/site\/wp-content\/uploads\/2020\/06\/LOGO-512.jpg","width":512,"height":512,"caption":"NOTICIASMERCEDINAS.COM"},"image":{"@id":"https:\/\/noticiasmercedinas.com\/site\/#\/schema\/logo\/image\/"},"sameAs":["https:\/\/www.facebook.com\/noticiasmercedinas\/","https:\/\/x.com\/notmercedinas","https:\/\/www.instagram.com\/noticiasmercedinas\/"]},{"@type":"Person","@id":"https:\/\/noticiasmercedinas.com\/site\/#\/schema\/person\/84b59c099c28ff2e8b77d4ceec5d8063","name":"NOTICIASMERCEDINAS.COM","image":{"@type":"ImageObject","inLanguage":"es","@id":"https:\/\/secure.gravatar.com\/avatar\/4dfbf16b4d17945bfb6341b2d19043457132fcf478a5ee04f42e959fd8f5df0a?s=96&d=mm&r=g","url":"https:\/\/secure.gravatar.com\/avatar\/4dfbf16b4d17945bfb6341b2d19043457132fcf478a5ee04f42e959fd8f5df0a?s=96&d=mm&r=g","contentUrl":"https:\/\/secure.gravatar.com\/avatar\/4dfbf16b4d17945bfb6341b2d19043457132fcf478a5ee04f42e959fd8f5df0a?s=96&d=mm&r=g","caption":"NOTICIASMERCEDINAS.COM"},"url":"https:\/\/noticiasmercedinas.com\/site\/author\/anonimo\/"}]}},"amp_enabled":true,"_links":{"self":[{"href":"https:\/\/noticiasmercedinas.com\/site\/wp-json\/wp\/v2\/posts\/102526","targetHints":{"allow":["GET"]}}],"collection":[{"href":"https:\/\/noticiasmercedinas.com\/site\/wp-json\/wp\/v2\/posts"}],"about":[{"href":"https:\/\/noticiasmercedinas.com\/site\/wp-json\/wp\/v2\/types\/post"}],"author":[{"embeddable":true,"href":"https:\/\/noticiasmercedinas.com\/site\/wp-json\/wp\/v2\/users\/16"}],"replies":[{"embeddable":true,"href":"https:\/\/noticiasmercedinas.com\/site\/wp-json\/wp\/v2\/comments?post=102526"}],"version-history":[{"count":1,"href":"https:\/\/noticiasmercedinas.com\/site\/wp-json\/wp\/v2\/posts\/102526\/revisions"}],"predecessor-version":[{"id":102527,"href":"https:\/\/noticiasmercedinas.com\/site\/wp-json\/wp\/v2\/posts\/102526\/revisions\/102527"}],"wp:featuredmedia":[{"embeddable":true,"href":"https:\/\/noticiasmercedinas.com\/site\/wp-json\/wp\/v2\/media\/29402"}],"wp:attachment":[{"href":"https:\/\/noticiasmercedinas.com\/site\/wp-json\/wp\/v2\/media?parent=102526"}],"wp:term":[{"taxonomy":"category","embeddable":true,"href":"https:\/\/noticiasmercedinas.com\/site\/wp-json\/wp\/v2\/categories?post=102526"},{"taxonomy":"post_tag","embeddable":true,"href":"https:\/\/noticiasmercedinas.com\/site\/wp-json\/wp\/v2\/tags?post=102526"}],"curies":[{"name":"wp","href":"https:\/\/api.w.org\/{rel}","templated":true}]}}