{"id":102549,"date":"2022-10-22T23:01:59","date_gmt":"2022-10-23T02:01:59","guid":{"rendered":"https:\/\/noticiasmercedinas.com\/site\/?p=102549"},"modified":"2022-10-22T23:05:27","modified_gmt":"2022-10-23T02:05:27","slug":"la-copa-fue-dejando-sus-primeros-clasificados","status":"publish","type":"post","link":"https:\/\/noticiasmercedinas.com\/site\/2022\/10\/22\/la-copa-fue-dejando-sus-primeros-clasificados\/","title":{"rendered":"La Copa fue dejando sus primeros clasificados"},"content":{"rendered":"<figure id=\"attachment_102553\" aria-describedby=\"caption-attachment-102553\" style=\"width: 640px\" class=\"wp-caption alignnone\"><img loading=\"lazy\" decoding=\"async\" class=\"wp-image-102553 size-full\" src=\"https:\/\/noticiasmercedinas.com\/site\/wp-content\/uploads\/2022\/10\/IMG_1229-1.jpg\" alt=\"\" width=\"640\" height=\"411\" srcset=\"https:\/\/noticiasmercedinas.com\/site\/wp-content\/uploads\/2022\/10\/IMG_1229-1.jpg 640w, https:\/\/noticiasmercedinas.com\/site\/wp-content\/uploads\/2022\/10\/IMG_1229-1-300x194.jpg 300w, https:\/\/noticiasmercedinas.com\/site\/wp-content\/uploads\/2022\/10\/IMG_1229-1-341x220.jpg 341w\" sizes=\"auto, (max-width: 640px) 100vw, 640px\" \/><figcaption id=\"caption-attachment-102553\" class=\"wp-caption-text\">Holanda Tuvo su tarde.<\/figcaption><\/figure>\n<p>En cancha de la Liga Mercedina, sin p\u00fablico, se jug\u00f3 este s\u00e1bado la primera instancia de la Copa de La Liga que arroj\u00f3 los primeros clasificados, aquellos que quedaron eliminados y ya se conocer algunos cruces de la segunda fase, mientras tanto este donde habr\u00e1 m\u00e1s acci\u00f3n en cancha de Quilmes y Marcos Paz, ya con p\u00fablico.<br \/>\n<strong><br \/>\n<\/strong>Hoy por la m\u00ednima Defensores le gan\u00f3 a El Front\u00f3n, tras no alcanzar el ascenso el equipo de Molina se hizo de la clasificaci\u00f3n. Defensores ser\u00e1 pr\u00f3ximo rival de V\u00e9lez siendo local el celeste. En la continuidad de partidos, el \u201cPincha\u201d y Atl\u00e9tico General Rodr\u00edguez empataban 1 a 1 con lo que iban a los penales, sobre la hora se impuso Estudiantes, ahora enfrentar\u00e1 a Quilmes.<\/p>\n<p>De todos los partidos del s\u00e1bado el Holanda y Los Carteros fue el de mayor cantidad de goles, 3-0 para el \u201cNaranja\u201d con Diego Miranda como DT. El pr\u00f3ximo rival de Holanda ser\u00e1 Trocha. Por \u00faltimo, ya en la noche del s\u00e1bado, se dio una definici\u00f3n infartante entre Club Mercedes y Diego Armando en la Liga. Arranc\u00f3 ganando \u201cLa Diego\u201d con un penal, teniendo el \u201cBlanquinegro\u201d la expulsi\u00f3n de Barrientos.<\/p>\n<p>Pese a tener uno menos supo adelantarse en cancha, lo empat\u00f3 de penal y sobre el cierre el ingresado Espil dej\u00f3 las cosas 2-1, aunque a Diego Armando el palo le neg\u00f3 el gol en la agon\u00eda del encuentro. Mercedes ahora enfrentar\u00e1 a AMEFIP San Mart\u00edn, eliminados de la Copa han quedado El Front\u00f3n, Los Carteros, General Rodr\u00edguez y Diego Armando.<\/p>\n<p>Esperan rivales tras los partidos del domingo: El Tim\u00f3n de J\u00e1uregui, , Pabell\u00f3n Argentino de Marcos Paz, Juventud de Suipacha y Col\u00f3n de Luj\u00e1n.<\/p>\n<p><strong><img loading=\"lazy\" decoding=\"async\" class=\"alignnone size-full wp-image-102551\" src=\"https:\/\/noticiasmercedinas.com\/site\/wp-content\/uploads\/2022\/10\/IMG_1241.jpg\" alt=\"\" width=\"640\" height=\"427\" srcset=\"https:\/\/noticiasmercedinas.com\/site\/wp-content\/uploads\/2022\/10\/IMG_1241.jpg 640w, https:\/\/noticiasmercedinas.com\/site\/wp-content\/uploads\/2022\/10\/IMG_1241-300x200.jpg 300w\" sizes=\"auto, (max-width: 640px) 100vw, 640px\" \/><\/strong><\/p>\n<p>Defensores 1: Braian Lucero.<br \/>\n<strong>El Front\u00f3n 0.<br \/>\nArbitro:<\/strong> Miguel Contreras (AAM).<\/p>\n<p><strong>Estudiantes 2:<\/strong> Nicol\u00e1s Ram\u00edrez 2.<br \/>\n<strong>Atl\u00e9tico General Rodr\u00edguez 1:<\/strong> Alejo Lema.<br \/>\n<strong>Arbitro:<\/strong> Luis L\u00f3pez (AAM).<\/p>\n<p><strong>Carteros 0.<br \/>\nHolanda 3: <\/strong>Agust\u00edn Uboldi 2 y Franco Irusta.<br \/>\n<strong>Arbitro:<\/strong> Palavecino (AAM).<\/p>\n<p><strong>Club Mercedes 2: <\/strong>Francisco Bomaggio de penal y Solano Espil.<br \/>\n<strong>La Diego Armando 1: <\/strong>Jerem\u00edas Quintana de penal.<br \/>\nArbitro: Fabi\u00e1n Obes (AAM).<br \/>\n<strong>Expulsado:<\/strong> Cristian Barrientos en Club Mercedes.<\/p>\n<p><strong>Domingo 23 de octubre<br \/>\nCancha:<\/strong> Quilmes.<br \/>\nA las 12 La Tijera vs. Pistacho.<br \/>\nA las 14 Uni\u00f3n vs. Deportivo Gowland.<br \/>\nA las 16 Palometas vs. Talleres.<\/p>\n<p><strong>Cancha:<\/strong> Atl\u00e9tico Marcos Paz.<br \/>\nA las 16 Atl\u00e9tico Marcos Paz vs. Ateneo.<\/p>\n","protected":false},"excerpt":{"rendered":"<p>\u25a0 Defensores Juniors, Estudiantes, Holanda y Club Mercedes ganaron sus partidos. Sobresali\u00f3 el \u201cNaranja\u201d con un 3-0 a Los Carteros. Los dem\u00e1s cruces ofrecieron marcadores ajustados. Este domingo siguen los cruces.<\/p>\n","protected":false},"author":6,"featured_media":102553,"comment_status":"open","ping_status":"open","sticky":false,"template":"","format":"standard","meta":{"footnotes":""},"categories":[5],"tags":[15499,3346],"class_list":["post-102549","post","type-post","status-publish","format-standard","has-post-thumbnail","hentry","category-deportes","tag-copa-de-la-liga","tag-liga-mercedina-de-futbol"],"yoast_head":"<!-- This site is optimized with the Yoast SEO plugin v28.3 - https:\/\/yoast.com\/product\/yoast-seo-wordpress\/ -->\n<title>La Copa fue dejando sus primeros clasificados<\/title>\n<meta name=\"robots\" content=\"index, follow, max-snippet:-1, max-image-preview:large, max-video-preview:-1\" \/>\n<link rel=\"canonical\" href=\"https:\/\/noticiasmercedinas.com\/site\/2022\/10\/22\/la-copa-fue-dejando-sus-primeros-clasificados\/\" \/>\n<meta property=\"og:locale\" content=\"es_ES\" \/>\n<meta property=\"og:type\" content=\"article\" \/>\n<meta property=\"og:title\" content=\"La Copa fue dejando sus primeros clasificados\" \/>\n<meta property=\"og:description\" content=\"\u25a0 Defensores Juniors, Estudiantes, Holanda y Club Mercedes ganaron sus partidos. Sobresali\u00f3 el \u201cNaranja\u201d con un 3-0 a Los Carteros. Los dem\u00e1s cruces ofrecieron marcadores ajustados. Este domingo siguen los cruces.\" \/>\n<meta property=\"og:url\" content=\"https:\/\/noticiasmercedinas.com\/site\/2022\/10\/22\/la-copa-fue-dejando-sus-primeros-clasificados\/\" \/>\n<meta property=\"og:site_name\" content=\"NOTICIASMERCEDINAS.COM\" \/>\n<meta property=\"article:publisher\" content=\"https:\/\/www.facebook.com\/noticiasmercedinas\/\" \/>\n<meta property=\"article:published_time\" content=\"2022-10-23T02:01:59+00:00\" \/>\n<meta property=\"article:modified_time\" content=\"2022-10-23T02:05:27+00:00\" \/>\n<meta property=\"og:image\" content=\"https:\/\/noticiasmercedinas.com\/site\/wp-content\/uploads\/2022\/10\/IMG_1229-1.jpg\" \/>\n\t<meta property=\"og:image:width\" content=\"640\" \/>\n\t<meta property=\"og:image:height\" content=\"411\" \/>\n\t<meta property=\"og:image:type\" content=\"image\/jpeg\" \/>\n<meta name=\"author\" content=\"Juan Dagnino NOTICIASMERCEDINAS.COM\" \/>\n<meta name=\"twitter:card\" content=\"summary_large_image\" \/>\n<meta name=\"twitter:creator\" content=\"@notmercedinas\" \/>\n<meta name=\"twitter:site\" content=\"@notmercedinas\" \/>\n<meta name=\"twitter:label1\" content=\"Escrito por\" \/>\n\t<meta name=\"twitter:data1\" content=\"Juan Dagnino NOTICIASMERCEDINAS.COM\" \/>\n\t<meta name=\"twitter:label2\" content=\"Tiempo de lectura\" \/>\n\t<meta name=\"twitter:data2\" content=\"3 minutos\" \/>\n<script type=\"application\/ld+json\" class=\"yoast-schema-graph\">{\"@context\":\"https:\\\/\\\/schema.org\",\"@graph\":[{\"@type\":\"Article\",\"@id\":\"https:\\\/\\\/noticiasmercedinas.com\\\/site\\\/2022\\\/10\\\/22\\\/la-copa-fue-dejando-sus-primeros-clasificados\\\/#article\",\"isPartOf\":{\"@id\":\"https:\\\/\\\/noticiasmercedinas.com\\\/site\\\/2022\\\/10\\\/22\\\/la-copa-fue-dejando-sus-primeros-clasificados\\\/\"},\"author\":{\"name\":\"Juan Dagnino NOTICIASMERCEDINAS.COM\",\"@id\":\"https:\\\/\\\/noticiasmercedinas.com\\\/site\\\/#\\\/schema\\\/person\\\/8f2f09d666ef40986eba4a5e6f2a06f9\"},\"headline\":\"La Copa fue dejando sus primeros clasificados\",\"datePublished\":\"2022-10-23T02:01:59+00:00\",\"dateModified\":\"2022-10-23T02:05:27+00:00\",\"mainEntityOfPage\":{\"@id\":\"https:\\\/\\\/noticiasmercedinas.com\\\/site\\\/2022\\\/10\\\/22\\\/la-copa-fue-dejando-sus-primeros-clasificados\\\/\"},\"wordCount\":421,\"commentCount\":0,\"publisher\":{\"@id\":\"https:\\\/\\\/noticiasmercedinas.com\\\/site\\\/#organization\"},\"image\":{\"@id\":\"https:\\\/\\\/noticiasmercedinas.com\\\/site\\\/2022\\\/10\\\/22\\\/la-copa-fue-dejando-sus-primeros-clasificados\\\/#primaryimage\"},\"thumbnailUrl\":\"https:\\\/\\\/noticiasmercedinas.com\\\/site\\\/wp-content\\\/uploads\\\/2022\\\/10\\\/IMG_1229-1.jpg\",\"keywords\":[\"Copa de la Liga\",\"Liga Mercedina de F\u00fatbol\"],\"articleSection\":[\"Deportes\"],\"inLanguage\":\"es\",\"potentialAction\":[{\"@type\":\"CommentAction\",\"name\":\"Comment\",\"target\":[\"https:\\\/\\\/noticiasmercedinas.com\\\/site\\\/2022\\\/10\\\/22\\\/la-copa-fue-dejando-sus-primeros-clasificados\\\/#respond\"]}]},{\"@type\":\"WebPage\",\"@id\":\"https:\\\/\\\/noticiasmercedinas.com\\\/site\\\/2022\\\/10\\\/22\\\/la-copa-fue-dejando-sus-primeros-clasificados\\\/\",\"url\":\"https:\\\/\\\/noticiasmercedinas.com\\\/site\\\/2022\\\/10\\\/22\\\/la-copa-fue-dejando-sus-primeros-clasificados\\\/\",\"name\":\"La Copa fue dejando sus primeros clasificados\",\"isPartOf\":{\"@id\":\"https:\\\/\\\/noticiasmercedinas.com\\\/site\\\/#website\"},\"primaryImageOfPage\":{\"@id\":\"https:\\\/\\\/noticiasmercedinas.com\\\/site\\\/2022\\\/10\\\/22\\\/la-copa-fue-dejando-sus-primeros-clasificados\\\/#primaryimage\"},\"image\":{\"@id\":\"https:\\\/\\\/noticiasmercedinas.com\\\/site\\\/2022\\\/10\\\/22\\\/la-copa-fue-dejando-sus-primeros-clasificados\\\/#primaryimage\"},\"thumbnailUrl\":\"https:\\\/\\\/noticiasmercedinas.com\\\/site\\\/wp-content\\\/uploads\\\/2022\\\/10\\\/IMG_1229-1.jpg\",\"datePublished\":\"2022-10-23T02:01:59+00:00\",\"dateModified\":\"2022-10-23T02:05:27+00:00\",\"breadcrumb\":{\"@id\":\"https:\\\/\\\/noticiasmercedinas.com\\\/site\\\/2022\\\/10\\\/22\\\/la-copa-fue-dejando-sus-primeros-clasificados\\\/#breadcrumb\"},\"inLanguage\":\"es\",\"potentialAction\":[{\"@type\":\"ReadAction\",\"target\":[\"https:\\\/\\\/noticiasmercedinas.com\\\/site\\\/2022\\\/10\\\/22\\\/la-copa-fue-dejando-sus-primeros-clasificados\\\/\"]}]},{\"@type\":\"ImageObject\",\"inLanguage\":\"es\",\"@id\":\"https:\\\/\\\/noticiasmercedinas.com\\\/site\\\/2022\\\/10\\\/22\\\/la-copa-fue-dejando-sus-primeros-clasificados\\\/#primaryimage\",\"url\":\"https:\\\/\\\/noticiasmercedinas.com\\\/site\\\/wp-content\\\/uploads\\\/2022\\\/10\\\/IMG_1229-1.jpg\",\"contentUrl\":\"https:\\\/\\\/noticiasmercedinas.com\\\/site\\\/wp-content\\\/uploads\\\/2022\\\/10\\\/IMG_1229-1.jpg\",\"width\":640,\"height\":411},{\"@type\":\"BreadcrumbList\",\"@id\":\"https:\\\/\\\/noticiasmercedinas.com\\\/site\\\/2022\\\/10\\\/22\\\/la-copa-fue-dejando-sus-primeros-clasificados\\\/#breadcrumb\",\"itemListElement\":[{\"@type\":\"ListItem\",\"position\":1,\"name\":\"Portada\",\"item\":\"https:\\\/\\\/noticiasmercedinas.com\\\/site\\\/\"},{\"@type\":\"ListItem\",\"position\":2,\"name\":\"La Copa fue dejando sus primeros clasificados\"}]},{\"@type\":\"WebSite\",\"@id\":\"https:\\\/\\\/noticiasmercedinas.com\\\/site\\\/#website\",\"url\":\"https:\\\/\\\/noticiasmercedinas.com\\\/site\\\/\",\"name\":\"NOTICIASMERCEDINAS.COM\",\"description\":\"Mercedes, Buenos Aires, Argentina\",\"publisher\":{\"@id\":\"https:\\\/\\\/noticiasmercedinas.com\\\/site\\\/#organization\"},\"potentialAction\":[{\"@type\":\"SearchAction\",\"target\":{\"@type\":\"EntryPoint\",\"urlTemplate\":\"https:\\\/\\\/noticiasmercedinas.com\\\/site\\\/?s={search_term_string}\"},\"query-input\":{\"@type\":\"PropertyValueSpecification\",\"valueRequired\":true,\"valueName\":\"search_term_string\"}}],\"inLanguage\":\"es\"},{\"@type\":\"Organization\",\"@id\":\"https:\\\/\\\/noticiasmercedinas.com\\\/site\\\/#organization\",\"name\":\"NOTICIASMERCEDINAS.COM\",\"url\":\"https:\\\/\\\/noticiasmercedinas.com\\\/site\\\/\",\"logo\":{\"@type\":\"ImageObject\",\"inLanguage\":\"es\",\"@id\":\"https:\\\/\\\/noticiasmercedinas.com\\\/site\\\/#\\\/schema\\\/logo\\\/image\\\/\",\"url\":\"https:\\\/\\\/noticiasmercedinas.com\\\/site\\\/wp-content\\\/uploads\\\/2020\\\/06\\\/LOGO-512.jpg\",\"contentUrl\":\"https:\\\/\\\/noticiasmercedinas.com\\\/site\\\/wp-content\\\/uploads\\\/2020\\\/06\\\/LOGO-512.jpg\",\"width\":512,\"height\":512,\"caption\":\"NOTICIASMERCEDINAS.COM\"},\"image\":{\"@id\":\"https:\\\/\\\/noticiasmercedinas.com\\\/site\\\/#\\\/schema\\\/logo\\\/image\\\/\"},\"sameAs\":[\"https:\\\/\\\/www.facebook.com\\\/noticiasmercedinas\\\/\",\"https:\\\/\\\/x.com\\\/notmercedinas\",\"https:\\\/\\\/www.instagram.com\\\/noticiasmercedinas\\\/\"]},{\"@type\":\"Person\",\"@id\":\"https:\\\/\\\/noticiasmercedinas.com\\\/site\\\/#\\\/schema\\\/person\\\/8f2f09d666ef40986eba4a5e6f2a06f9\",\"name\":\"Juan Dagnino NOTICIASMERCEDINAS.COM\",\"image\":{\"@type\":\"ImageObject\",\"inLanguage\":\"es\",\"@id\":\"https:\\\/\\\/secure.gravatar.com\\\/avatar\\\/fc7059a769f5a3cae65fadb228a3e4accf3a64b4b2305020d0a27e6d5333c91b?s=96&d=mm&r=g\",\"url\":\"https:\\\/\\\/secure.gravatar.com\\\/avatar\\\/fc7059a769f5a3cae65fadb228a3e4accf3a64b4b2305020d0a27e6d5333c91b?s=96&d=mm&r=g\",\"contentUrl\":\"https:\\\/\\\/secure.gravatar.com\\\/avatar\\\/fc7059a769f5a3cae65fadb228a3e4accf3a64b4b2305020d0a27e6d5333c91b?s=96&d=mm&r=g\",\"caption\":\"Juan Dagnino NOTICIASMERCEDINAS.COM\"},\"url\":\"https:\\\/\\\/noticiasmercedinas.com\\\/site\\\/author\\\/juandagnino\\\/\"}]}<\/script>\n<!-- \/ Yoast SEO plugin. -->","yoast_head_json":{"title":"La Copa fue dejando sus primeros clasificados","robots":{"index":"index","follow":"follow","max-snippet":"max-snippet:-1","max-image-preview":"max-image-preview:large","max-video-preview":"max-video-preview:-1"},"canonical":"https:\/\/noticiasmercedinas.com\/site\/2022\/10\/22\/la-copa-fue-dejando-sus-primeros-clasificados\/","og_locale":"es_ES","og_type":"article","og_title":"La Copa fue dejando sus primeros clasificados","og_description":"\u25a0 Defensores Juniors, Estudiantes, Holanda y Club Mercedes ganaron sus partidos. Sobresali\u00f3 el \u201cNaranja\u201d con un 3-0 a Los Carteros. Los dem\u00e1s cruces ofrecieron marcadores ajustados. Este domingo siguen los cruces.","og_url":"https:\/\/noticiasmercedinas.com\/site\/2022\/10\/22\/la-copa-fue-dejando-sus-primeros-clasificados\/","og_site_name":"NOTICIASMERCEDINAS.COM","article_publisher":"https:\/\/www.facebook.com\/noticiasmercedinas\/","article_published_time":"2022-10-23T02:01:59+00:00","article_modified_time":"2022-10-23T02:05:27+00:00","og_image":[{"width":640,"height":411,"url":"https:\/\/noticiasmercedinas.com\/site\/wp-content\/uploads\/2022\/10\/IMG_1229-1.jpg","type":"image\/jpeg"}],"author":"Juan Dagnino NOTICIASMERCEDINAS.COM","twitter_card":"summary_large_image","twitter_creator":"@notmercedinas","twitter_site":"@notmercedinas","twitter_misc":{"Escrito por":"Juan Dagnino NOTICIASMERCEDINAS.COM","Tiempo de lectura":"3 minutos"},"schema":{"@context":"https:\/\/schema.org","@graph":[{"@type":"Article","@id":"https:\/\/noticiasmercedinas.com\/site\/2022\/10\/22\/la-copa-fue-dejando-sus-primeros-clasificados\/#article","isPartOf":{"@id":"https:\/\/noticiasmercedinas.com\/site\/2022\/10\/22\/la-copa-fue-dejando-sus-primeros-clasificados\/"},"author":{"name":"Juan Dagnino NOTICIASMERCEDINAS.COM","@id":"https:\/\/noticiasmercedinas.com\/site\/#\/schema\/person\/8f2f09d666ef40986eba4a5e6f2a06f9"},"headline":"La Copa fue dejando sus primeros clasificados","datePublished":"2022-10-23T02:01:59+00:00","dateModified":"2022-10-23T02:05:27+00:00","mainEntityOfPage":{"@id":"https:\/\/noticiasmercedinas.com\/site\/2022\/10\/22\/la-copa-fue-dejando-sus-primeros-clasificados\/"},"wordCount":421,"commentCount":0,"publisher":{"@id":"https:\/\/noticiasmercedinas.com\/site\/#organization"},"image":{"@id":"https:\/\/noticiasmercedinas.com\/site\/2022\/10\/22\/la-copa-fue-dejando-sus-primeros-clasificados\/#primaryimage"},"thumbnailUrl":"https:\/\/noticiasmercedinas.com\/site\/wp-content\/uploads\/2022\/10\/IMG_1229-1.jpg","keywords":["Copa de la Liga","Liga Mercedina de F\u00fatbol"],"articleSection":["Deportes"],"inLanguage":"es","potentialAction":[{"@type":"CommentAction","name":"Comment","target":["https:\/\/noticiasmercedinas.com\/site\/2022\/10\/22\/la-copa-fue-dejando-sus-primeros-clasificados\/#respond"]}]},{"@type":"WebPage","@id":"https:\/\/noticiasmercedinas.com\/site\/2022\/10\/22\/la-copa-fue-dejando-sus-primeros-clasificados\/","url":"https:\/\/noticiasmercedinas.com\/site\/2022\/10\/22\/la-copa-fue-dejando-sus-primeros-clasificados\/","name":"La Copa fue dejando sus primeros clasificados","isPartOf":{"@id":"https:\/\/noticiasmercedinas.com\/site\/#website"},"primaryImageOfPage":{"@id":"https:\/\/noticiasmercedinas.com\/site\/2022\/10\/22\/la-copa-fue-dejando-sus-primeros-clasificados\/#primaryimage"},"image":{"@id":"https:\/\/noticiasmercedinas.com\/site\/2022\/10\/22\/la-copa-fue-dejando-sus-primeros-clasificados\/#primaryimage"},"thumbnailUrl":"https:\/\/noticiasmercedinas.com\/site\/wp-content\/uploads\/2022\/10\/IMG_1229-1.jpg","datePublished":"2022-10-23T02:01:59+00:00","dateModified":"2022-10-23T02:05:27+00:00","breadcrumb":{"@id":"https:\/\/noticiasmercedinas.com\/site\/2022\/10\/22\/la-copa-fue-dejando-sus-primeros-clasificados\/#breadcrumb"},"inLanguage":"es","potentialAction":[{"@type":"ReadAction","target":["https:\/\/noticiasmercedinas.com\/site\/2022\/10\/22\/la-copa-fue-dejando-sus-primeros-clasificados\/"]}]},{"@type":"ImageObject","inLanguage":"es","@id":"https:\/\/noticiasmercedinas.com\/site\/2022\/10\/22\/la-copa-fue-dejando-sus-primeros-clasificados\/#primaryimage","url":"https:\/\/noticiasmercedinas.com\/site\/wp-content\/uploads\/2022\/10\/IMG_1229-1.jpg","contentUrl":"https:\/\/noticiasmercedinas.com\/site\/wp-content\/uploads\/2022\/10\/IMG_1229-1.jpg","width":640,"height":411},{"@type":"BreadcrumbList","@id":"https:\/\/noticiasmercedinas.com\/site\/2022\/10\/22\/la-copa-fue-dejando-sus-primeros-clasificados\/#breadcrumb","itemListElement":[{"@type":"ListItem","position":1,"name":"Portada","item":"https:\/\/noticiasmercedinas.com\/site\/"},{"@type":"ListItem","position":2,"name":"La Copa fue dejando sus primeros clasificados"}]},{"@type":"WebSite","@id":"https:\/\/noticiasmercedinas.com\/site\/#website","url":"https:\/\/noticiasmercedinas.com\/site\/","name":"NOTICIASMERCEDINAS.COM","description":"Mercedes, Buenos Aires, Argentina","publisher":{"@id":"https:\/\/noticiasmercedinas.com\/site\/#organization"},"potentialAction":[{"@type":"SearchAction","target":{"@type":"EntryPoint","urlTemplate":"https:\/\/noticiasmercedinas.com\/site\/?s={search_term_string}"},"query-input":{"@type":"PropertyValueSpecification","valueRequired":true,"valueName":"search_term_string"}}],"inLanguage":"es"},{"@type":"Organization","@id":"https:\/\/noticiasmercedinas.com\/site\/#organization","name":"NOTICIASMERCEDINAS.COM","url":"https:\/\/noticiasmercedinas.com\/site\/","logo":{"@type":"ImageObject","inLanguage":"es","@id":"https:\/\/noticiasmercedinas.com\/site\/#\/schema\/logo\/image\/","url":"https:\/\/noticiasmercedinas.com\/site\/wp-content\/uploads\/2020\/06\/LOGO-512.jpg","contentUrl":"https:\/\/noticiasmercedinas.com\/site\/wp-content\/uploads\/2020\/06\/LOGO-512.jpg","width":512,"height":512,"caption":"NOTICIASMERCEDINAS.COM"},"image":{"@id":"https:\/\/noticiasmercedinas.com\/site\/#\/schema\/logo\/image\/"},"sameAs":["https:\/\/www.facebook.com\/noticiasmercedinas\/","https:\/\/x.com\/notmercedinas","https:\/\/www.instagram.com\/noticiasmercedinas\/"]},{"@type":"Person","@id":"https:\/\/noticiasmercedinas.com\/site\/#\/schema\/person\/8f2f09d666ef40986eba4a5e6f2a06f9","name":"Juan Dagnino NOTICIASMERCEDINAS.COM","image":{"@type":"ImageObject","inLanguage":"es","@id":"https:\/\/secure.gravatar.com\/avatar\/fc7059a769f5a3cae65fadb228a3e4accf3a64b4b2305020d0a27e6d5333c91b?s=96&d=mm&r=g","url":"https:\/\/secure.gravatar.com\/avatar\/fc7059a769f5a3cae65fadb228a3e4accf3a64b4b2305020d0a27e6d5333c91b?s=96&d=mm&r=g","contentUrl":"https:\/\/secure.gravatar.com\/avatar\/fc7059a769f5a3cae65fadb228a3e4accf3a64b4b2305020d0a27e6d5333c91b?s=96&d=mm&r=g","caption":"Juan Dagnino NOTICIASMERCEDINAS.COM"},"url":"https:\/\/noticiasmercedinas.com\/site\/author\/juandagnino\/"}]}},"amp_enabled":true,"_links":{"self":[{"href":"https:\/\/noticiasmercedinas.com\/site\/wp-json\/wp\/v2\/posts\/102549","targetHints":{"allow":["GET"]}}],"collection":[{"href":"https:\/\/noticiasmercedinas.com\/site\/wp-json\/wp\/v2\/posts"}],"about":[{"href":"https:\/\/noticiasmercedinas.com\/site\/wp-json\/wp\/v2\/types\/post"}],"author":[{"embeddable":true,"href":"https:\/\/noticiasmercedinas.com\/site\/wp-json\/wp\/v2\/users\/6"}],"replies":[{"embeddable":true,"href":"https:\/\/noticiasmercedinas.com\/site\/wp-json\/wp\/v2\/comments?post=102549"}],"version-history":[{"count":3,"href":"https:\/\/noticiasmercedinas.com\/site\/wp-json\/wp\/v2\/posts\/102549\/revisions"}],"predecessor-version":[{"id":102555,"href":"https:\/\/noticiasmercedinas.com\/site\/wp-json\/wp\/v2\/posts\/102549\/revisions\/102555"}],"wp:featuredmedia":[{"embeddable":true,"href":"https:\/\/noticiasmercedinas.com\/site\/wp-json\/wp\/v2\/media\/102553"}],"wp:attachment":[{"href":"https:\/\/noticiasmercedinas.com\/site\/wp-json\/wp\/v2\/media?parent=102549"}],"wp:term":[{"taxonomy":"category","embeddable":true,"href":"https:\/\/noticiasmercedinas.com\/site\/wp-json\/wp\/v2\/categories?post=102549"},{"taxonomy":"post_tag","embeddable":true,"href":"https:\/\/noticiasmercedinas.com\/site\/wp-json\/wp\/v2\/tags?post=102549"}],"curies":[{"name":"wp","href":"https:\/\/api.w.org\/{rel}","templated":true}]}}