{"id":102562,"date":"2022-10-23T00:58:10","date_gmt":"2022-10-23T03:58:10","guid":{"rendered":"https:\/\/noticiasmercedinas.com\/site\/?p=102562"},"modified":"2022-10-23T10:46:30","modified_gmt":"2022-10-23T13:46:30","slug":"federico-vivas-por-tercera-vez","status":"publish","type":"post","link":"https:\/\/noticiasmercedinas.com\/site\/2022\/10\/23\/federico-vivas-por-tercera-vez\/","title":{"rendered":"Crit\u00e9rium de Apertura: Federico Vivas, por tercera vez"},"content":{"rendered":"<figure id=\"attachment_102563\" aria-describedby=\"caption-attachment-102563\" style=\"width: 640px\" class=\"wp-caption alignnone\"><img loading=\"lazy\" decoding=\"async\" class=\"wp-image-102563 size-full\" src=\"https:\/\/noticiasmercedinas.com\/site\/wp-content\/uploads\/2022\/10\/IMG_1207.jpg\" alt=\"\" width=\"640\" height=\"415\" srcset=\"https:\/\/noticiasmercedinas.com\/site\/wp-content\/uploads\/2022\/10\/IMG_1207.jpg 640w, https:\/\/noticiasmercedinas.com\/site\/wp-content\/uploads\/2022\/10\/IMG_1207-300x194.jpg 300w, https:\/\/noticiasmercedinas.com\/site\/wp-content\/uploads\/2022\/10\/IMG_1207-600x388.jpg 600w, https:\/\/noticiasmercedinas.com\/site\/wp-content\/uploads\/2022\/10\/IMG_1207-341x220.jpg 341w\" sizes=\"auto, (max-width: 640px) 100vw, 640px\" \/><figcaption id=\"caption-attachment-102563\" class=\"wp-caption-text\">Vivas marcando diferencias metros antes de la meta.<\/figcaption><\/figure>\n<p>Superado un clima que le jug\u00f3 en contra, ya que el s\u00e1bado 15 no se consigui\u00f3 realizar, este 22 finalmente se pudo celebrar en Mercedes la 99\u00b0 edici\u00f3n del Crit\u00e9rium de Apertura.<\/p>\n<p>En su previa tuvo dos carreras organizadas por la Comisi\u00f3n Municipal de Ciclismo, poni\u00e9ndose en marcha poco despu\u00e9s de las 13.30 la Elite II y Master, con victoria en solitario del gilense Javier Ortiz. Del lote perseguidor que se fue desgranando en la hora de carrera fueron resultando los restantes clasificados.<\/p>\n<p>En el programa de carreras le sigui\u00f3 la Master B, una escapada de tres pedaleros marc\u00f3 la definici\u00f3n, aunque Torres cambi\u00f3 bicicleta en la \u00faltima vuelta para perder su chance de victoria, que fue para Di Palma.<\/p>\n<p>Para el cierre qued\u00f3 una de las carreras emblemas del Club Ciclista Naci\u00f3n, el Crit\u00e9rium de Apertura que est\u00e1 cerca de cumplir 100 ediciones, siendo el s\u00e1bado la versi\u00f3n 99 con algo m\u00e1s de 80 pedaleros que animaron 2 horas de puro ciclismo.<\/p>\n<p>Padeciendo, como sucedi\u00f3 en la Master B, que alg\u00fan \u201cinadaptado\u201d arrojara tachuelas en la zona de la rotonda y con ello se repitieron los pinchazos que llevaron al cambio de rueda, pudi\u00e9ndose reintegrar cada ciclista al lote donde ven\u00eda viajando en competencia. Esta situaci\u00f3n, dif\u00edcil de controlar, no es la primera vez que se advierte, en otros puntos se da al existir personas a las que les molesta el ciclismo en las calles, sin entender lo distinto que es a otras disciplinas con un espect\u00e1culo \u00fanico.<\/p>\n<p>En lo que fue a la carrera, con fugas que fueron neutralizadas, unos pocos intentos en soledad m\u00e1s un alt\u00edsimo ritmo de carrera fueron llevando a una definici\u00f3n masiva. Con un trabajo impecable de KTM, conformando un tren que lo dej\u00f3 a Federico Vivas con su punta de velocidad para hacerse de la victoria, tercera en esta prueba donde con la camiseta del SAT lo gan\u00f3 en 2014 y 2018 en el mismo trazado. De esta manera se apunta junto a Juan Carlos Haedo 5 victorias m\u00e1s Oscar Muleiro y Eugenio Gret con 3 cada uno.<br \/>\n<strong><br \/>\n<\/strong>Lo cierto que el Crit\u00e9rium sigue haciendo historia, tuvo en la prueba de fondo al mercedino Dar\u00edo Oliva (KTM) que tambi\u00e9n padeci\u00f3 una pinchadura y a la hora de batallar, de ponerse el overol, no dud\u00f3 un instante y dej\u00f3 todo por el equipo como sus compa\u00f1eros que hicieron todo para ganar la carrera con Vivas. Adem\u00e1s de Club Ciclista Naci\u00f3n y la Comisi\u00f3n Municipal de Ciclismo en la organizaci\u00f3n estuvo la Municipalidad de Mercedes y su Direcci\u00f3n de Deportes. <strong><br \/>\n<\/strong><\/p>\n\r\n                <style type=\"text\/css\">\r\n                    \r\n                    #td_uid_1_69ef1a6ca2438  .td-doubleSlider-2 .td-item1 {\r\n                        background: url(https:\/\/noticiasmercedinas.com\/site\/wp-content\/uploads\/2022\/10\/IMG_1115-160x120.jpg) 0 0 no-repeat;\r\n                    }\r\n                    #td_uid_1_69ef1a6ca2438  .td-doubleSlider-2 .td-item2 {\r\n                        background: url(https:\/\/noticiasmercedinas.com\/site\/wp-content\/uploads\/2022\/10\/IMG_1116-160x120.jpg) 0 0 no-repeat;\r\n                    }\r\n                    #td_uid_1_69ef1a6ca2438  .td-doubleSlider-2 .td-item3 {\r\n                        background: url(https:\/\/noticiasmercedinas.com\/site\/wp-content\/uploads\/2022\/10\/IMG_1124-160x120.jpg) 0 0 no-repeat;\r\n                    }\r\n                    #td_uid_1_69ef1a6ca2438  .td-doubleSlider-2 .td-item4 {\r\n                        background: url(https:\/\/noticiasmercedinas.com\/site\/wp-content\/uploads\/2022\/10\/IMG_1133-160x120.jpg) 0 0 no-repeat;\r\n                    }\r\n                    #td_uid_1_69ef1a6ca2438  .td-doubleSlider-2 .td-item5 {\r\n                        background: url(https:\/\/noticiasmercedinas.com\/site\/wp-content\/uploads\/2022\/10\/IMG_1134-160x120.jpg) 0 0 no-repeat;\r\n                    }\r\n                    #td_uid_1_69ef1a6ca2438  .td-doubleSlider-2 .td-item6 {\r\n                        background: url(https:\/\/noticiasmercedinas.com\/site\/wp-content\/uploads\/2022\/10\/IMG_1136-160x120.jpg) 0 0 no-repeat;\r\n                    }\r\n                    #td_uid_1_69ef1a6ca2438  .td-doubleSlider-2 .td-item7 {\r\n                        background: url(https:\/\/noticiasmercedinas.com\/site\/wp-content\/uploads\/2022\/10\/IMG_1141-160x120.jpg) 0 0 no-repeat;\r\n                    }\r\n                    #td_uid_1_69ef1a6ca2438  .td-doubleSlider-2 .td-item8 {\r\n                        background: url(https:\/\/noticiasmercedinas.com\/site\/wp-content\/uploads\/2022\/10\/IMG_1142-160x120.jpg) 0 0 no-repeat;\r\n                    }\r\n                    #td_uid_1_69ef1a6ca2438  .td-doubleSlider-2 .td-item9 {\r\n                        background: url(https:\/\/noticiasmercedinas.com\/site\/wp-content\/uploads\/2022\/10\/IMG_1149-160x120.jpg) 0 0 no-repeat;\r\n                    }\r\n                    #td_uid_1_69ef1a6ca2438  .td-doubleSlider-2 .td-item10 {\r\n                        background: url(https:\/\/noticiasmercedinas.com\/site\/wp-content\/uploads\/2022\/10\/IMG_1154-160x120.jpg) 0 0 no-repeat;\r\n                    }\r\n                    #td_uid_1_69ef1a6ca2438  .td-doubleSlider-2 .td-item11 {\r\n                        background: url(https:\/\/noticiasmercedinas.com\/site\/wp-content\/uploads\/2022\/10\/IMG_1157-160x120.jpg) 0 0 no-repeat;\r\n                    }\r\n                    #td_uid_1_69ef1a6ca2438  .td-doubleSlider-2 .td-item12 {\r\n                        background: url(https:\/\/noticiasmercedinas.com\/site\/wp-content\/uploads\/2022\/10\/IMG_1165-160x120.jpg) 0 0 no-repeat;\r\n                    }\r\n                    #td_uid_1_69ef1a6ca2438  .td-doubleSlider-2 .td-item13 {\r\n                        background: url(https:\/\/noticiasmercedinas.com\/site\/wp-content\/uploads\/2022\/10\/IMG_1167-160x120.jpg) 0 0 no-repeat;\r\n                    }\r\n                    #td_uid_1_69ef1a6ca2438  .td-doubleSlider-2 .td-item14 {\r\n                        background: url(https:\/\/noticiasmercedinas.com\/site\/wp-content\/uploads\/2022\/10\/IMG_1178-160x120.jpg) 0 0 no-repeat;\r\n                    }\r\n                    #td_uid_1_69ef1a6ca2438  .td-doubleSlider-2 .td-item15 {\r\n                        background: url(https:\/\/noticiasmercedinas.com\/site\/wp-content\/uploads\/2022\/10\/IMG_1183-160x120.jpg) 0 0 no-repeat;\r\n                    }\r\n                    #td_uid_1_69ef1a6ca2438  .td-doubleSlider-2 .td-item16 {\r\n                        background: url(https:\/\/noticiasmercedinas.com\/site\/wp-content\/uploads\/2022\/10\/IMG_1188-160x120.jpg) 0 0 no-repeat;\r\n                    }\r\n                    #td_uid_1_69ef1a6ca2438  .td-doubleSlider-2 .td-item17 {\r\n                        background: url(https:\/\/noticiasmercedinas.com\/site\/wp-content\/uploads\/2022\/10\/IMG_1199-160x120.jpg) 0 0 no-repeat;\r\n                    }\r\n                    #td_uid_1_69ef1a6ca2438  .td-doubleSlider-2 .td-item18 {\r\n                        background: url(https:\/\/noticiasmercedinas.com\/site\/wp-content\/uploads\/2022\/10\/IMG_1207-1-160x120.jpg) 0 0 no-repeat;\r\n                    }\r\n                    #td_uid_1_69ef1a6ca2438  .td-doubleSlider-2 .td-item19 {\r\n                        background: url(https:\/\/noticiasmercedinas.com\/site\/wp-content\/uploads\/2022\/10\/IMG_1215-160x120.jpg) 0 0 no-repeat;\r\n                    }\r\n                    #td_uid_1_69ef1a6ca2438  .td-doubleSlider-2 .td-item20 {\r\n                        background: url(https:\/\/noticiasmercedinas.com\/site\/wp-content\/uploads\/2022\/10\/IMG_1220-160x120.jpg) 0 0 no-repeat;\r\n                    }\r\n                    #td_uid_1_69ef1a6ca2438  .td-doubleSlider-2 .td-item21 {\r\n                        background: url(https:\/\/noticiasmercedinas.com\/site\/wp-content\/uploads\/2022\/10\/IMG_1224-160x120.jpg) 0 0 no-repeat;\r\n                    }\r\n                <\/style>\r\n\r\n                <div id=\"td_uid_1_69ef1a6ca2438\" class=\"td-gallery td-slide-on-2-columns\">\r\n                    <div class=\"post_td_gallery\">\r\n                        <div class=\"td-gallery-slide-top\">\r\n                           <div class=\"td-gallery-title\">Crit\u00e9rium de Apertura<\/div>\r\n\r\n                            <div class=\"td-gallery-controls-wrapper\">\r\n                                <div class=\"td-gallery-slide-count\"><span class=\"td-gallery-slide-item-focus\">1<\/span> de 21<\/div>\r\n                                <div class=\"td-gallery-slide-prev-next-but\">\r\n                                    <i class = \"td-icon-left doubleSliderPrevButton\"><\/i>\r\n                                    <i class = \"td-icon-right doubleSliderNextButton\"><\/i>\r\n                                <\/div>\r\n                            <\/div>\r\n                        <\/div>\r\n\r\n                        <div class = \"td-doubleSlider-1 \">\r\n                            <div class = \"td-slider\">\r\n                                \r\n                    <div class = \"td-slide-item td-item1\">\r\n                        <figure class=\"td-slide-galery-figure td-slide-popup-gallery\">\r\n                            <a class=\"slide-gallery-image-link\" href=\"https:\/\/noticiasmercedinas.com\/site\/wp-content\/uploads\/2022\/10\/IMG_1115.jpg\" title=\"IMG_1115\"  data-caption=\"\"  data-description=\"\">\r\n                                <img decoding=\"async\" src=\"https:\/\/noticiasmercedinas.com\/site\/wp-content\/uploads\/2022\/10\/IMG_1115.jpg\" srcset=\"https:\/\/noticiasmercedinas.com\/site\/wp-content\/uploads\/2022\/10\/IMG_1115.jpg 640w, https:\/\/noticiasmercedinas.com\/site\/wp-content\/uploads\/2022\/10\/IMG_1115-300x200.jpg 300w\" sizes=\"(max-width: 640px) 100vw, 640px\" alt=\"\">\r\n                            <\/a>\r\n                            \r\n                        <\/figure>\r\n                    <\/div>\r\n                    <div class = \"td-slide-item td-item2\">\r\n                        <figure class=\"td-slide-galery-figure td-slide-popup-gallery\">\r\n                            <a class=\"slide-gallery-image-link\" href=\"https:\/\/noticiasmercedinas.com\/site\/wp-content\/uploads\/2022\/10\/IMG_1116.jpg\" title=\"IMG_1116\"  data-caption=\"\"  data-description=\"\">\r\n                                <img decoding=\"async\" src=\"https:\/\/noticiasmercedinas.com\/site\/wp-content\/uploads\/2022\/10\/IMG_1116.jpg\" srcset=\"https:\/\/noticiasmercedinas.com\/site\/wp-content\/uploads\/2022\/10\/IMG_1116.jpg 640w, https:\/\/noticiasmercedinas.com\/site\/wp-content\/uploads\/2022\/10\/IMG_1116-300x194.jpg 300w, https:\/\/noticiasmercedinas.com\/site\/wp-content\/uploads\/2022\/10\/IMG_1116-341x220.jpg 341w\" sizes=\"(max-width: 640px) 100vw, 640px\" alt=\"\">\r\n                            <\/a>\r\n                            \r\n                        <\/figure>\r\n                    <\/div>\r\n                    <div class = \"td-slide-item td-item3\">\r\n                        <figure class=\"td-slide-galery-figure td-slide-popup-gallery\">\r\n                            <a class=\"slide-gallery-image-link\" href=\"https:\/\/noticiasmercedinas.com\/site\/wp-content\/uploads\/2022\/10\/IMG_1124.jpg\" title=\"IMG_1124\"  data-caption=\"\"  data-description=\"\">\r\n                                <img decoding=\"async\" src=\"https:\/\/noticiasmercedinas.com\/site\/wp-content\/uploads\/2022\/10\/IMG_1124.jpg\" srcset=\"https:\/\/noticiasmercedinas.com\/site\/wp-content\/uploads\/2022\/10\/IMG_1124.jpg 640w, https:\/\/noticiasmercedinas.com\/site\/wp-content\/uploads\/2022\/10\/IMG_1124-300x200.jpg 300w\" sizes=\"(max-width: 640px) 100vw, 640px\" alt=\"\">\r\n                            <\/a>\r\n                            \r\n                        <\/figure>\r\n                    <\/div>\r\n                    <div class = \"td-slide-item td-item4\">\r\n                        <figure class=\"td-slide-galery-figure td-slide-popup-gallery\">\r\n                            <a class=\"slide-gallery-image-link\" href=\"https:\/\/noticiasmercedinas.com\/site\/wp-content\/uploads\/2022\/10\/IMG_1133.jpg\" title=\"IMG_1133\"  data-caption=\"\"  data-description=\"\">\r\n                                <img decoding=\"async\" src=\"https:\/\/noticiasmercedinas.com\/site\/wp-content\/uploads\/2022\/10\/IMG_1133.jpg\" srcset=\"https:\/\/noticiasmercedinas.com\/site\/wp-content\/uploads\/2022\/10\/IMG_1133.jpg 640w, https:\/\/noticiasmercedinas.com\/site\/wp-content\/uploads\/2022\/10\/IMG_1133-300x200.jpg 300w\" sizes=\"(max-width: 640px) 100vw, 640px\" alt=\"\">\r\n                            <\/a>\r\n                            \r\n                        <\/figure>\r\n                    <\/div>\r\n                    <div class = \"td-slide-item td-item5\">\r\n                        <figure class=\"td-slide-galery-figure td-slide-popup-gallery\">\r\n                            <a class=\"slide-gallery-image-link\" href=\"https:\/\/noticiasmercedinas.com\/site\/wp-content\/uploads\/2022\/10\/IMG_1134.jpg\" title=\"IMG_1134\"  data-caption=\"\"  data-description=\"\">\r\n                                <img decoding=\"async\" src=\"https:\/\/noticiasmercedinas.com\/site\/wp-content\/uploads\/2022\/10\/IMG_1134.jpg\" srcset=\"https:\/\/noticiasmercedinas.com\/site\/wp-content\/uploads\/2022\/10\/IMG_1134.jpg 640w, https:\/\/noticiasmercedinas.com\/site\/wp-content\/uploads\/2022\/10\/IMG_1134-300x200.jpg 300w\" sizes=\"(max-width: 640px) 100vw, 640px\" alt=\"\">\r\n                            <\/a>\r\n                            \r\n                        <\/figure>\r\n                    <\/div>\r\n                    <div class = \"td-slide-item td-item6\">\r\n                        <figure class=\"td-slide-galery-figure td-slide-popup-gallery\">\r\n                            <a class=\"slide-gallery-image-link\" href=\"https:\/\/noticiasmercedinas.com\/site\/wp-content\/uploads\/2022\/10\/IMG_1136.jpg\" title=\"IMG_1136\"  data-caption=\"\"  data-description=\"\">\r\n                                <img decoding=\"async\" src=\"https:\/\/noticiasmercedinas.com\/site\/wp-content\/uploads\/2022\/10\/IMG_1136.jpg\" srcset=\"https:\/\/noticiasmercedinas.com\/site\/wp-content\/uploads\/2022\/10\/IMG_1136.jpg 640w, https:\/\/noticiasmercedinas.com\/site\/wp-content\/uploads\/2022\/10\/IMG_1136-300x200.jpg 300w\" sizes=\"(max-width: 640px) 100vw, 640px\" alt=\"\">\r\n                            <\/a>\r\n                            \r\n                        <\/figure>\r\n                    <\/div>\r\n                    <div class = \"td-slide-item td-item7\">\r\n                        <figure class=\"td-slide-galery-figure td-slide-popup-gallery\">\r\n                            <a class=\"slide-gallery-image-link\" href=\"https:\/\/noticiasmercedinas.com\/site\/wp-content\/uploads\/2022\/10\/IMG_1141.jpg\" title=\"IMG_1141\"  data-caption=\"\"  data-description=\"\">\r\n                                <img decoding=\"async\" src=\"https:\/\/noticiasmercedinas.com\/site\/wp-content\/uploads\/2022\/10\/IMG_1141.jpg\" srcset=\"https:\/\/noticiasmercedinas.com\/site\/wp-content\/uploads\/2022\/10\/IMG_1141.jpg 640w, https:\/\/noticiasmercedinas.com\/site\/wp-content\/uploads\/2022\/10\/IMG_1141-300x200.jpg 300w\" sizes=\"(max-width: 640px) 100vw, 640px\" alt=\"\">\r\n                            <\/a>\r\n                            \r\n                        <\/figure>\r\n                    <\/div>\r\n                    <div class = \"td-slide-item td-item8\">\r\n                        <figure class=\"td-slide-galery-figure td-slide-popup-gallery\">\r\n                            <a class=\"slide-gallery-image-link\" href=\"https:\/\/noticiasmercedinas.com\/site\/wp-content\/uploads\/2022\/10\/IMG_1142.jpg\" title=\"IMG_1142\"  data-caption=\"\"  data-description=\"\">\r\n                                <img decoding=\"async\" src=\"https:\/\/noticiasmercedinas.com\/site\/wp-content\/uploads\/2022\/10\/IMG_1142.jpg\" srcset=\"https:\/\/noticiasmercedinas.com\/site\/wp-content\/uploads\/2022\/10\/IMG_1142.jpg 640w, https:\/\/noticiasmercedinas.com\/site\/wp-content\/uploads\/2022\/10\/IMG_1142-300x200.jpg 300w\" sizes=\"(max-width: 640px) 100vw, 640px\" alt=\"\">\r\n                            <\/a>\r\n                            \r\n                        <\/figure>\r\n                    <\/div>\r\n                    <div class = \"td-slide-item td-item9\">\r\n                        <figure class=\"td-slide-galery-figure td-slide-popup-gallery\">\r\n                            <a class=\"slide-gallery-image-link\" href=\"https:\/\/noticiasmercedinas.com\/site\/wp-content\/uploads\/2022\/10\/IMG_1149.jpg\" title=\"IMG_1149\"  data-caption=\"\"  data-description=\"\">\r\n                                <img decoding=\"async\" src=\"https:\/\/noticiasmercedinas.com\/site\/wp-content\/uploads\/2022\/10\/IMG_1149.jpg\" srcset=\"https:\/\/noticiasmercedinas.com\/site\/wp-content\/uploads\/2022\/10\/IMG_1149.jpg 640w, https:\/\/noticiasmercedinas.com\/site\/wp-content\/uploads\/2022\/10\/IMG_1149-300x200.jpg 300w\" sizes=\"(max-width: 640px) 100vw, 640px\" alt=\"\">\r\n                            <\/a>\r\n                            \r\n                        <\/figure>\r\n                    <\/div>\r\n                    <div class = \"td-slide-item td-item10\">\r\n                        <figure class=\"td-slide-galery-figure td-slide-popup-gallery\">\r\n                            <a class=\"slide-gallery-image-link\" href=\"https:\/\/noticiasmercedinas.com\/site\/wp-content\/uploads\/2022\/10\/IMG_1154.jpg\" title=\"IMG_1154\"  data-caption=\"\"  data-description=\"\">\r\n                                <img decoding=\"async\" src=\"https:\/\/noticiasmercedinas.com\/site\/wp-content\/uploads\/2022\/10\/IMG_1154.jpg\" srcset=\"https:\/\/noticiasmercedinas.com\/site\/wp-content\/uploads\/2022\/10\/IMG_1154.jpg 640w, https:\/\/noticiasmercedinas.com\/site\/wp-content\/uploads\/2022\/10\/IMG_1154-300x200.jpg 300w\" sizes=\"(max-width: 640px) 100vw, 640px\" alt=\"\">\r\n                            <\/a>\r\n                            \r\n                        <\/figure>\r\n                    <\/div>\r\n                    <div class = \"td-slide-item td-item11\">\r\n                        <figure class=\"td-slide-galery-figure td-slide-popup-gallery\">\r\n                            <a class=\"slide-gallery-image-link\" href=\"https:\/\/noticiasmercedinas.com\/site\/wp-content\/uploads\/2022\/10\/IMG_1157.jpg\" title=\"IMG_1157\"  data-caption=\"\"  data-description=\"\">\r\n                                <img decoding=\"async\" src=\"https:\/\/noticiasmercedinas.com\/site\/wp-content\/uploads\/2022\/10\/IMG_1157.jpg\" srcset=\"https:\/\/noticiasmercedinas.com\/site\/wp-content\/uploads\/2022\/10\/IMG_1157.jpg 640w, https:\/\/noticiasmercedinas.com\/site\/wp-content\/uploads\/2022\/10\/IMG_1157-300x200.jpg 300w\" sizes=\"(max-width: 640px) 100vw, 640px\" alt=\"\">\r\n                            <\/a>\r\n                            \r\n                        <\/figure>\r\n                    <\/div>\r\n                    <div class = \"td-slide-item td-item12\">\r\n                        <figure class=\"td-slide-galery-figure td-slide-popup-gallery\">\r\n                            <a class=\"slide-gallery-image-link\" href=\"https:\/\/noticiasmercedinas.com\/site\/wp-content\/uploads\/2022\/10\/IMG_1165.jpg\" title=\"IMG_1165\"  data-caption=\"\"  data-description=\"\">\r\n                                <img decoding=\"async\" src=\"https:\/\/noticiasmercedinas.com\/site\/wp-content\/uploads\/2022\/10\/IMG_1165.jpg\" srcset=\"https:\/\/noticiasmercedinas.com\/site\/wp-content\/uploads\/2022\/10\/IMG_1165.jpg 640w, https:\/\/noticiasmercedinas.com\/site\/wp-content\/uploads\/2022\/10\/IMG_1165-300x200.jpg 300w\" sizes=\"(max-width: 640px) 100vw, 640px\" alt=\"\">\r\n                            <\/a>\r\n                            \r\n                        <\/figure>\r\n                    <\/div>\r\n                    <div class = \"td-slide-item td-item13\">\r\n                        <figure class=\"td-slide-galery-figure td-slide-popup-gallery\">\r\n                            <a class=\"slide-gallery-image-link\" href=\"https:\/\/noticiasmercedinas.com\/site\/wp-content\/uploads\/2022\/10\/IMG_1167.jpg\" title=\"IMG_1167\"  data-caption=\"\"  data-description=\"\">\r\n                                <img decoding=\"async\" src=\"https:\/\/noticiasmercedinas.com\/site\/wp-content\/uploads\/2022\/10\/IMG_1167.jpg\" srcset=\"https:\/\/noticiasmercedinas.com\/site\/wp-content\/uploads\/2022\/10\/IMG_1167.jpg 640w, https:\/\/noticiasmercedinas.com\/site\/wp-content\/uploads\/2022\/10\/IMG_1167-300x187.jpg 300w\" sizes=\"(max-width: 640px) 100vw, 640px\" alt=\"\">\r\n                            <\/a>\r\n                            \r\n                        <\/figure>\r\n                    <\/div>\r\n                    <div class = \"td-slide-item td-item14\">\r\n                        <figure class=\"td-slide-galery-figure td-slide-popup-gallery\">\r\n                            <a class=\"slide-gallery-image-link\" href=\"https:\/\/noticiasmercedinas.com\/site\/wp-content\/uploads\/2022\/10\/IMG_1178.jpg\" title=\"IMG_1178\"  data-caption=\"\"  data-description=\"\">\r\n                                <img decoding=\"async\" src=\"https:\/\/noticiasmercedinas.com\/site\/wp-content\/uploads\/2022\/10\/IMG_1178.jpg\" srcset=\"https:\/\/noticiasmercedinas.com\/site\/wp-content\/uploads\/2022\/10\/IMG_1178.jpg 640w, https:\/\/noticiasmercedinas.com\/site\/wp-content\/uploads\/2022\/10\/IMG_1178-300x200.jpg 300w\" sizes=\"(max-width: 640px) 100vw, 640px\" alt=\"\">\r\n                            <\/a>\r\n                            \r\n                        <\/figure>\r\n                    <\/div>\r\n                    <div class = \"td-slide-item td-item15\">\r\n                        <figure class=\"td-slide-galery-figure td-slide-popup-gallery\">\r\n                            <a class=\"slide-gallery-image-link\" href=\"https:\/\/noticiasmercedinas.com\/site\/wp-content\/uploads\/2022\/10\/IMG_1183.jpg\" title=\"IMG_1183\"  data-caption=\"\"  data-description=\"\">\r\n                                <img decoding=\"async\" src=\"https:\/\/noticiasmercedinas.com\/site\/wp-content\/uploads\/2022\/10\/IMG_1183.jpg\" srcset=\"https:\/\/noticiasmercedinas.com\/site\/wp-content\/uploads\/2022\/10\/IMG_1183.jpg 640w, https:\/\/noticiasmercedinas.com\/site\/wp-content\/uploads\/2022\/10\/IMG_1183-300x200.jpg 300w\" sizes=\"(max-width: 640px) 100vw, 640px\" alt=\"\">\r\n                            <\/a>\r\n                            \r\n                        <\/figure>\r\n                    <\/div>\r\n                    <div class = \"td-slide-item td-item16\">\r\n                        <figure class=\"td-slide-galery-figure td-slide-popup-gallery\">\r\n                            <a class=\"slide-gallery-image-link\" href=\"https:\/\/noticiasmercedinas.com\/site\/wp-content\/uploads\/2022\/10\/IMG_1188.jpg\" title=\"IMG_1188\"  data-caption=\"\"  data-description=\"\">\r\n                                <img decoding=\"async\" src=\"https:\/\/noticiasmercedinas.com\/site\/wp-content\/uploads\/2022\/10\/IMG_1188.jpg\" srcset=\"https:\/\/noticiasmercedinas.com\/site\/wp-content\/uploads\/2022\/10\/IMG_1188.jpg 640w, https:\/\/noticiasmercedinas.com\/site\/wp-content\/uploads\/2022\/10\/IMG_1188-300x181.jpg 300w\" sizes=\"(max-width: 640px) 100vw, 640px\" alt=\"\">\r\n                            <\/a>\r\n                            \r\n                        <\/figure>\r\n                    <\/div>\r\n                    <div class = \"td-slide-item td-item17\">\r\n                        <figure class=\"td-slide-galery-figure td-slide-popup-gallery\">\r\n                            <a class=\"slide-gallery-image-link\" href=\"https:\/\/noticiasmercedinas.com\/site\/wp-content\/uploads\/2022\/10\/IMG_1199.jpg\" title=\"IMG_1199\"  data-caption=\"\"  data-description=\"\">\r\n                                <img decoding=\"async\" src=\"https:\/\/noticiasmercedinas.com\/site\/wp-content\/uploads\/2022\/10\/IMG_1199.jpg\" srcset=\"https:\/\/noticiasmercedinas.com\/site\/wp-content\/uploads\/2022\/10\/IMG_1199.jpg 640w, https:\/\/noticiasmercedinas.com\/site\/wp-content\/uploads\/2022\/10\/IMG_1199-300x196.jpg 300w\" sizes=\"(max-width: 640px) 100vw, 640px\" alt=\"\">\r\n                            <\/a>\r\n                            \r\n                        <\/figure>\r\n                    <\/div>\r\n                    <div class = \"td-slide-item td-item18\">\r\n                        <figure class=\"td-slide-galery-figure td-slide-popup-gallery\">\r\n                            <a class=\"slide-gallery-image-link\" href=\"https:\/\/noticiasmercedinas.com\/site\/wp-content\/uploads\/2022\/10\/IMG_1207-1.jpg\" title=\"IMG_1207\"  data-caption=\"\"  data-description=\"\">\r\n                                <img decoding=\"async\" src=\"https:\/\/noticiasmercedinas.com\/site\/wp-content\/uploads\/2022\/10\/IMG_1207-1.jpg\" srcset=\"https:\/\/noticiasmercedinas.com\/site\/wp-content\/uploads\/2022\/10\/IMG_1207-1.jpg 640w, https:\/\/noticiasmercedinas.com\/site\/wp-content\/uploads\/2022\/10\/IMG_1207-1-300x194.jpg 300w, https:\/\/noticiasmercedinas.com\/site\/wp-content\/uploads\/2022\/10\/IMG_1207-1-600x388.jpg 600w, https:\/\/noticiasmercedinas.com\/site\/wp-content\/uploads\/2022\/10\/IMG_1207-1-341x220.jpg 341w\" sizes=\"(max-width: 640px) 100vw, 640px\" alt=\"\">\r\n                            <\/a>\r\n                            \r\n                        <\/figure>\r\n                    <\/div>\r\n                    <div class = \"td-slide-item td-item19\">\r\n                        <figure class=\"td-slide-galery-figure td-slide-popup-gallery\">\r\n                            <a class=\"slide-gallery-image-link\" href=\"https:\/\/noticiasmercedinas.com\/site\/wp-content\/uploads\/2022\/10\/IMG_1215.jpg\" title=\"IMG_1215\"  data-caption=\"\"  data-description=\"\">\r\n                                <img decoding=\"async\" src=\"https:\/\/noticiasmercedinas.com\/site\/wp-content\/uploads\/2022\/10\/IMG_1215.jpg\" srcset=\"https:\/\/noticiasmercedinas.com\/site\/wp-content\/uploads\/2022\/10\/IMG_1215.jpg 640w, https:\/\/noticiasmercedinas.com\/site\/wp-content\/uploads\/2022\/10\/IMG_1215-300x200.jpg 300w\" sizes=\"(max-width: 640px) 100vw, 640px\" alt=\"\">\r\n                            <\/a>\r\n                            \r\n                        <\/figure>\r\n                    <\/div>\r\n                    <div class = \"td-slide-item td-item20\">\r\n                        <figure class=\"td-slide-galery-figure td-slide-popup-gallery\">\r\n                            <a class=\"slide-gallery-image-link\" href=\"https:\/\/noticiasmercedinas.com\/site\/wp-content\/uploads\/2022\/10\/IMG_1220.jpg\" title=\"IMG_1220\"  data-caption=\"\"  data-description=\"\">\r\n                                <img decoding=\"async\" src=\"https:\/\/noticiasmercedinas.com\/site\/wp-content\/uploads\/2022\/10\/IMG_1220.jpg\" srcset=\"https:\/\/noticiasmercedinas.com\/site\/wp-content\/uploads\/2022\/10\/IMG_1220.jpg 640w, https:\/\/noticiasmercedinas.com\/site\/wp-content\/uploads\/2022\/10\/IMG_1220-300x200.jpg 300w\" sizes=\"(max-width: 640px) 100vw, 640px\" alt=\"\">\r\n                            <\/a>\r\n                            \r\n                        <\/figure>\r\n                    <\/div>\r\n                    <div class = \"td-slide-item td-item21\">\r\n                        <figure class=\"td-slide-galery-figure td-slide-popup-gallery\">\r\n                            <a class=\"slide-gallery-image-link\" href=\"https:\/\/noticiasmercedinas.com\/site\/wp-content\/uploads\/2022\/10\/IMG_1224.jpg\" title=\"IMG_1224\"  data-caption=\"\"  data-description=\"\">\r\n                                <img decoding=\"async\" src=\"https:\/\/noticiasmercedinas.com\/site\/wp-content\/uploads\/2022\/10\/IMG_1224.jpg\" srcset=\"https:\/\/noticiasmercedinas.com\/site\/wp-content\/uploads\/2022\/10\/IMG_1224.jpg 640w, https:\/\/noticiasmercedinas.com\/site\/wp-content\/uploads\/2022\/10\/IMG_1224-300x200.jpg 300w\" sizes=\"(max-width: 640px) 100vw, 640px\" alt=\"\">\r\n                            <\/a>\r\n                            \r\n                        <\/figure>\r\n                    <\/div>\r\n                            <\/div>\r\n                        <\/div>\r\n\r\n                        <div class = \"td-doubleSlider-2\">\r\n                            <div class = \"td-slider\">\r\n                                \r\n                    <div class = \"td-button td-item1\">\r\n                        <div class = \"td-border\"><\/div>\r\n                    <\/div>\r\n                    <div class = \"td-button td-item2\">\r\n                        <div class = \"td-border\"><\/div>\r\n                    <\/div>\r\n                    <div class = \"td-button td-item3\">\r\n                        <div class = \"td-border\"><\/div>\r\n                    <\/div>\r\n                    <div class = \"td-button td-item4\">\r\n                        <div class = \"td-border\"><\/div>\r\n                    <\/div>\r\n                    <div class = \"td-button td-item5\">\r\n                        <div class = \"td-border\"><\/div>\r\n                    <\/div>\r\n                    <div class = \"td-button td-item6\">\r\n                        <div class = \"td-border\"><\/div>\r\n                    <\/div>\r\n                    <div class = \"td-button td-item7\">\r\n                        <div class = \"td-border\"><\/div>\r\n                    <\/div>\r\n                    <div class = \"td-button td-item8\">\r\n                        <div class = \"td-border\"><\/div>\r\n                    <\/div>\r\n                    <div class = \"td-button td-item9\">\r\n                        <div class = \"td-border\"><\/div>\r\n                    <\/div>\r\n                    <div class = \"td-button td-item10\">\r\n                        <div class = \"td-border\"><\/div>\r\n                    <\/div>\r\n                    <div class = \"td-button td-item11\">\r\n                        <div class = \"td-border\"><\/div>\r\n                    <\/div>\r\n                    <div class = \"td-button td-item12\">\r\n                        <div class = \"td-border\"><\/div>\r\n                    <\/div>\r\n                    <div class = \"td-button td-item13\">\r\n                        <div class = \"td-border\"><\/div>\r\n                    <\/div>\r\n                    <div class = \"td-button td-item14\">\r\n                        <div class = \"td-border\"><\/div>\r\n                    <\/div>\r\n                    <div class = \"td-button td-item15\">\r\n                        <div class = \"td-border\"><\/div>\r\n                    <\/div>\r\n                    <div class = \"td-button td-item16\">\r\n                        <div class = \"td-border\"><\/div>\r\n                    <\/div>\r\n                    <div class = \"td-button td-item17\">\r\n                        <div class = \"td-border\"><\/div>\r\n                    <\/div>\r\n                    <div class = \"td-button td-item18\">\r\n                        <div class = \"td-border\"><\/div>\r\n                    <\/div>\r\n                    <div class = \"td-button td-item19\">\r\n                        <div class = \"td-border\"><\/div>\r\n                    <\/div>\r\n                    <div class = \"td-button td-item20\">\r\n                        <div class = \"td-border\"><\/div>\r\n                    <\/div>\r\n                    <div class = \"td-button td-item21\">\r\n                        <div class = \"td-border\"><\/div>\r\n                    <\/div>\r\n                            <\/div>\r\n                        <\/div>\r\n\r\n                    <\/div>\r\n\r\n                <\/div>\r\n                \n<p><strong>Elite<\/strong><br \/>\n1\u00b0 Federico Vivas (KTM).<br \/>\n2\u00b0 Gast\u00f3n Corsaro (SAT).<br \/>\n3\u00b0 Tom\u00e1s Cuevas (Col\u00f3n).<br \/>\n4\u00b0 Nicol\u00e1s Antorena (Chivilcoy).<br \/>\n5\u00b0 Justin Joachin (Lafran Fox).<br \/>\n6\u00b0 Diego Langoni (La Plata).<\/p>\n<p><strong>Sub 23<\/strong><br \/>\n1\u00b0 Luciano Correa (Col\u00f3n).<br \/>\n2\u00b0 Mat\u00edas Cedeira (Chivilcoy).<br \/>\n3\u00b0 Lucio Formigo (SAT).<\/p>\n<p><strong>Junior<\/strong><br \/>\n1\u00b0 Valent\u00edn Ledesma (Lafran Fox).<br \/>\n2\u00b0 Agust\u00edn Ferrari (Rower San Luis).<br \/>\n3\u00b0 Ramiro Astrada (SAT).<\/p>\n<p><strong>Elite II y Master A<\/strong><br \/>\n1\u00b0 Javier Ortiz (San Andr\u00e9s de Giles).<br \/>\n2\u00b0 Mauricio Macillo (Team Zicavo).<br \/>\n3\u00b0 Mat\u00edas Aquino (San Andr\u00e9s de Giles).<br \/>\n4\u00b0 Juan Sulivan (Arrecifes).<br \/>\n5\u00b0 Diego Zicavo (Team Zicavo).<br \/>\n6\u00b0 Jerem\u00edas Mu\u00f1oz (San Andr\u00e9s de Giles).<\/p>\n<p><strong>Master B<\/strong><br \/>\n1\u00b0 Ariel Di Palma (Chivilcoy).<br \/>\n2\u00b0 Diego Torres (Arrecifes).<br \/>\n3\u00b0 Diego Cuello (Lafran Fox).<br \/>\n4\u00b0\u00a0 Roberto Tallarico (Chascom\u00fas).<br \/>\n5\u00b0 Negr\u00edn Oviedo (Chivilcoy).<br \/>\n6\u00b0 Jorge Di Giorgio (Buenos Aires).<\/p>\n","protected":false},"excerpt":{"rendered":"<p>\u25a0 El ciclista de KTM se qued\u00f3 con el 99\u00b0 Crit\u00e9rium de Apertura en Mercedes. Con el SAT los hab\u00eda ganado 2014-18. Fueron 2 horas m\u00e1s 5 vueltas repletas de alternativas. En la previa hubo dos carreras. <\/p>\n","protected":false},"author":6,"featured_media":102563,"comment_status":"open","ping_status":"open","sticky":false,"template":"","format":"standard","meta":{"footnotes":""},"categories":[5],"tags":[108,10385,11116,10384,5992,616],"class_list":["post-102562","post","type-post","status-publish","format-standard","has-post-thumbnail","hentry","category-deportes","tag-ciclismo","tag-club-ciclista-nacion","tag-comision-municipal-de-ciclismo","tag-criterium-de-apertura","tag-direccion-de-deportes","tag-ktm"],"yoast_head":"<!-- This site is optimized with the Yoast SEO plugin v27.4 - https:\/\/yoast.com\/product\/yoast-seo-wordpress\/ -->\n<title>Crit\u00e9rium de Apertura: Federico Vivas, por tercera vez<\/title>\n<meta name=\"robots\" content=\"index, follow, max-snippet:-1, max-image-preview:large, max-video-preview:-1\" \/>\n<link rel=\"canonical\" href=\"https:\/\/noticiasmercedinas.com\/site\/2022\/10\/23\/federico-vivas-por-tercera-vez\/\" \/>\n<meta property=\"og:locale\" content=\"es_ES\" \/>\n<meta property=\"og:type\" content=\"article\" \/>\n<meta property=\"og:title\" content=\"Crit\u00e9rium de Apertura: Federico Vivas, por tercera vez\" \/>\n<meta property=\"og:description\" content=\"\u25a0 El ciclista de KTM se qued\u00f3 con el 99\u00b0 Crit\u00e9rium de Apertura en Mercedes. Con el SAT los hab\u00eda ganado 2014-18. Fueron 2 horas m\u00e1s 5 vueltas repletas de alternativas. En la previa hubo dos carreras.\" \/>\n<meta property=\"og:url\" content=\"https:\/\/noticiasmercedinas.com\/site\/2022\/10\/23\/federico-vivas-por-tercera-vez\/\" \/>\n<meta property=\"og:site_name\" content=\"NOTICIASMERCEDINAS.COM\" \/>\n<meta property=\"article:publisher\" content=\"https:\/\/www.facebook.com\/noticiasmercedinas\/\" \/>\n<meta property=\"article:published_time\" content=\"2022-10-23T03:58:10+00:00\" \/>\n<meta property=\"article:modified_time\" content=\"2022-10-23T13:46:30+00:00\" \/>\n<meta property=\"og:image\" content=\"https:\/\/noticiasmercedinas.com\/site\/wp-content\/uploads\/2022\/10\/IMG_1207.jpg\" \/>\n\t<meta property=\"og:image:width\" content=\"640\" \/>\n\t<meta property=\"og:image:height\" content=\"415\" \/>\n\t<meta property=\"og:image:type\" content=\"image\/jpeg\" \/>\n<meta name=\"author\" content=\"Juan Dagnino NOTICIASMERCEDINAS.COM\" \/>\n<meta name=\"twitter:card\" content=\"summary_large_image\" \/>\n<meta name=\"twitter:creator\" content=\"@notmercedinas\" \/>\n<meta name=\"twitter:site\" content=\"@notmercedinas\" \/>\n<meta name=\"twitter:label1\" content=\"Escrito por\" \/>\n\t<meta name=\"twitter:data1\" content=\"Juan Dagnino NOTICIASMERCEDINAS.COM\" \/>\n\t<meta name=\"twitter:label2\" content=\"Tiempo de lectura\" \/>\n\t<meta name=\"twitter:data2\" content=\"3 minutos\" \/>\n<script type=\"application\/ld+json\" class=\"yoast-schema-graph\">{\"@context\":\"https:\\\/\\\/schema.org\",\"@graph\":[{\"@type\":\"Article\",\"@id\":\"https:\\\/\\\/noticiasmercedinas.com\\\/site\\\/2022\\\/10\\\/23\\\/federico-vivas-por-tercera-vez\\\/#article\",\"isPartOf\":{\"@id\":\"https:\\\/\\\/noticiasmercedinas.com\\\/site\\\/2022\\\/10\\\/23\\\/federico-vivas-por-tercera-vez\\\/\"},\"author\":{\"name\":\"Juan Dagnino NOTICIASMERCEDINAS.COM\",\"@id\":\"https:\\\/\\\/noticiasmercedinas.com\\\/site\\\/#\\\/schema\\\/person\\\/8f2f09d666ef40986eba4a5e6f2a06f9\"},\"headline\":\"Crit\u00e9rium de Apertura: Federico Vivas, por tercera vez\",\"datePublished\":\"2022-10-23T03:58:10+00:00\",\"dateModified\":\"2022-10-23T13:46:30+00:00\",\"mainEntityOfPage\":{\"@id\":\"https:\\\/\\\/noticiasmercedinas.com\\\/site\\\/2022\\\/10\\\/23\\\/federico-vivas-por-tercera-vez\\\/\"},\"wordCount\":605,\"commentCount\":0,\"publisher\":{\"@id\":\"https:\\\/\\\/noticiasmercedinas.com\\\/site\\\/#organization\"},\"image\":{\"@id\":\"https:\\\/\\\/noticiasmercedinas.com\\\/site\\\/2022\\\/10\\\/23\\\/federico-vivas-por-tercera-vez\\\/#primaryimage\"},\"thumbnailUrl\":\"https:\\\/\\\/noticiasmercedinas.com\\\/site\\\/wp-content\\\/uploads\\\/2022\\\/10\\\/IMG_1207.jpg\",\"keywords\":[\"ciclismo\",\"club ciclista nacion\",\"comision municipal de ciclismo\",\"criterium de apertura\",\"Direcci\u00f3n de Deportes\",\"ktm\"],\"articleSection\":[\"Deportes\"],\"inLanguage\":\"es\",\"potentialAction\":[{\"@type\":\"CommentAction\",\"name\":\"Comment\",\"target\":[\"https:\\\/\\\/noticiasmercedinas.com\\\/site\\\/2022\\\/10\\\/23\\\/federico-vivas-por-tercera-vez\\\/#respond\"]}]},{\"@type\":\"WebPage\",\"@id\":\"https:\\\/\\\/noticiasmercedinas.com\\\/site\\\/2022\\\/10\\\/23\\\/federico-vivas-por-tercera-vez\\\/\",\"url\":\"https:\\\/\\\/noticiasmercedinas.com\\\/site\\\/2022\\\/10\\\/23\\\/federico-vivas-por-tercera-vez\\\/\",\"name\":\"Crit\u00e9rium de Apertura: Federico Vivas, por tercera vez\",\"isPartOf\":{\"@id\":\"https:\\\/\\\/noticiasmercedinas.com\\\/site\\\/#website\"},\"primaryImageOfPage\":{\"@id\":\"https:\\\/\\\/noticiasmercedinas.com\\\/site\\\/2022\\\/10\\\/23\\\/federico-vivas-por-tercera-vez\\\/#primaryimage\"},\"image\":{\"@id\":\"https:\\\/\\\/noticiasmercedinas.com\\\/site\\\/2022\\\/10\\\/23\\\/federico-vivas-por-tercera-vez\\\/#primaryimage\"},\"thumbnailUrl\":\"https:\\\/\\\/noticiasmercedinas.com\\\/site\\\/wp-content\\\/uploads\\\/2022\\\/10\\\/IMG_1207.jpg\",\"datePublished\":\"2022-10-23T03:58:10+00:00\",\"dateModified\":\"2022-10-23T13:46:30+00:00\",\"breadcrumb\":{\"@id\":\"https:\\\/\\\/noticiasmercedinas.com\\\/site\\\/2022\\\/10\\\/23\\\/federico-vivas-por-tercera-vez\\\/#breadcrumb\"},\"inLanguage\":\"es\",\"potentialAction\":[{\"@type\":\"ReadAction\",\"target\":[\"https:\\\/\\\/noticiasmercedinas.com\\\/site\\\/2022\\\/10\\\/23\\\/federico-vivas-por-tercera-vez\\\/\"]}]},{\"@type\":\"ImageObject\",\"inLanguage\":\"es\",\"@id\":\"https:\\\/\\\/noticiasmercedinas.com\\\/site\\\/2022\\\/10\\\/23\\\/federico-vivas-por-tercera-vez\\\/#primaryimage\",\"url\":\"https:\\\/\\\/noticiasmercedinas.com\\\/site\\\/wp-content\\\/uploads\\\/2022\\\/10\\\/IMG_1207.jpg\",\"contentUrl\":\"https:\\\/\\\/noticiasmercedinas.com\\\/site\\\/wp-content\\\/uploads\\\/2022\\\/10\\\/IMG_1207.jpg\",\"width\":640,\"height\":415},{\"@type\":\"BreadcrumbList\",\"@id\":\"https:\\\/\\\/noticiasmercedinas.com\\\/site\\\/2022\\\/10\\\/23\\\/federico-vivas-por-tercera-vez\\\/#breadcrumb\",\"itemListElement\":[{\"@type\":\"ListItem\",\"position\":1,\"name\":\"Portada\",\"item\":\"https:\\\/\\\/noticiasmercedinas.com\\\/site\\\/\"},{\"@type\":\"ListItem\",\"position\":2,\"name\":\"Crit\u00e9rium de Apertura: Federico Vivas, por tercera vez\"}]},{\"@type\":\"WebSite\",\"@id\":\"https:\\\/\\\/noticiasmercedinas.com\\\/site\\\/#website\",\"url\":\"https:\\\/\\\/noticiasmercedinas.com\\\/site\\\/\",\"name\":\"NOTICIASMERCEDINAS.COM\",\"description\":\"Mercedes, Buenos Aires, Argentina\",\"publisher\":{\"@id\":\"https:\\\/\\\/noticiasmercedinas.com\\\/site\\\/#organization\"},\"potentialAction\":[{\"@type\":\"SearchAction\",\"target\":{\"@type\":\"EntryPoint\",\"urlTemplate\":\"https:\\\/\\\/noticiasmercedinas.com\\\/site\\\/?s={search_term_string}\"},\"query-input\":{\"@type\":\"PropertyValueSpecification\",\"valueRequired\":true,\"valueName\":\"search_term_string\"}}],\"inLanguage\":\"es\"},{\"@type\":\"Organization\",\"@id\":\"https:\\\/\\\/noticiasmercedinas.com\\\/site\\\/#organization\",\"name\":\"NOTICIASMERCEDINAS.COM\",\"url\":\"https:\\\/\\\/noticiasmercedinas.com\\\/site\\\/\",\"logo\":{\"@type\":\"ImageObject\",\"inLanguage\":\"es\",\"@id\":\"https:\\\/\\\/noticiasmercedinas.com\\\/site\\\/#\\\/schema\\\/logo\\\/image\\\/\",\"url\":\"https:\\\/\\\/noticiasmercedinas.com\\\/site\\\/wp-content\\\/uploads\\\/2020\\\/06\\\/LOGO-512.jpg\",\"contentUrl\":\"https:\\\/\\\/noticiasmercedinas.com\\\/site\\\/wp-content\\\/uploads\\\/2020\\\/06\\\/LOGO-512.jpg\",\"width\":512,\"height\":512,\"caption\":\"NOTICIASMERCEDINAS.COM\"},\"image\":{\"@id\":\"https:\\\/\\\/noticiasmercedinas.com\\\/site\\\/#\\\/schema\\\/logo\\\/image\\\/\"},\"sameAs\":[\"https:\\\/\\\/www.facebook.com\\\/noticiasmercedinas\\\/\",\"https:\\\/\\\/x.com\\\/notmercedinas\",\"https:\\\/\\\/www.instagram.com\\\/noticiasmercedinas\\\/\"]},{\"@type\":\"Person\",\"@id\":\"https:\\\/\\\/noticiasmercedinas.com\\\/site\\\/#\\\/schema\\\/person\\\/8f2f09d666ef40986eba4a5e6f2a06f9\",\"name\":\"Juan Dagnino NOTICIASMERCEDINAS.COM\",\"image\":{\"@type\":\"ImageObject\",\"inLanguage\":\"es\",\"@id\":\"https:\\\/\\\/secure.gravatar.com\\\/avatar\\\/fc7059a769f5a3cae65fadb228a3e4accf3a64b4b2305020d0a27e6d5333c91b?s=96&d=mm&r=g\",\"url\":\"https:\\\/\\\/secure.gravatar.com\\\/avatar\\\/fc7059a769f5a3cae65fadb228a3e4accf3a64b4b2305020d0a27e6d5333c91b?s=96&d=mm&r=g\",\"contentUrl\":\"https:\\\/\\\/secure.gravatar.com\\\/avatar\\\/fc7059a769f5a3cae65fadb228a3e4accf3a64b4b2305020d0a27e6d5333c91b?s=96&d=mm&r=g\",\"caption\":\"Juan Dagnino NOTICIASMERCEDINAS.COM\"},\"url\":\"https:\\\/\\\/noticiasmercedinas.com\\\/site\\\/author\\\/juandagnino\\\/\"}]}<\/script>\n<!-- \/ Yoast SEO plugin. -->","yoast_head_json":{"title":"Crit\u00e9rium de Apertura: Federico Vivas, por tercera vez","robots":{"index":"index","follow":"follow","max-snippet":"max-snippet:-1","max-image-preview":"max-image-preview:large","max-video-preview":"max-video-preview:-1"},"canonical":"https:\/\/noticiasmercedinas.com\/site\/2022\/10\/23\/federico-vivas-por-tercera-vez\/","og_locale":"es_ES","og_type":"article","og_title":"Crit\u00e9rium de Apertura: Federico Vivas, por tercera vez","og_description":"\u25a0 El ciclista de KTM se qued\u00f3 con el 99\u00b0 Crit\u00e9rium de Apertura en Mercedes. Con el SAT los hab\u00eda ganado 2014-18. Fueron 2 horas m\u00e1s 5 vueltas repletas de alternativas. En la previa hubo dos carreras.","og_url":"https:\/\/noticiasmercedinas.com\/site\/2022\/10\/23\/federico-vivas-por-tercera-vez\/","og_site_name":"NOTICIASMERCEDINAS.COM","article_publisher":"https:\/\/www.facebook.com\/noticiasmercedinas\/","article_published_time":"2022-10-23T03:58:10+00:00","article_modified_time":"2022-10-23T13:46:30+00:00","og_image":[{"width":640,"height":415,"url":"https:\/\/noticiasmercedinas.com\/site\/wp-content\/uploads\/2022\/10\/IMG_1207.jpg","type":"image\/jpeg"}],"author":"Juan Dagnino NOTICIASMERCEDINAS.COM","twitter_card":"summary_large_image","twitter_creator":"@notmercedinas","twitter_site":"@notmercedinas","twitter_misc":{"Escrito por":"Juan Dagnino NOTICIASMERCEDINAS.COM","Tiempo de lectura":"3 minutos"},"schema":{"@context":"https:\/\/schema.org","@graph":[{"@type":"Article","@id":"https:\/\/noticiasmercedinas.com\/site\/2022\/10\/23\/federico-vivas-por-tercera-vez\/#article","isPartOf":{"@id":"https:\/\/noticiasmercedinas.com\/site\/2022\/10\/23\/federico-vivas-por-tercera-vez\/"},"author":{"name":"Juan Dagnino NOTICIASMERCEDINAS.COM","@id":"https:\/\/noticiasmercedinas.com\/site\/#\/schema\/person\/8f2f09d666ef40986eba4a5e6f2a06f9"},"headline":"Crit\u00e9rium de Apertura: Federico Vivas, por tercera vez","datePublished":"2022-10-23T03:58:10+00:00","dateModified":"2022-10-23T13:46:30+00:00","mainEntityOfPage":{"@id":"https:\/\/noticiasmercedinas.com\/site\/2022\/10\/23\/federico-vivas-por-tercera-vez\/"},"wordCount":605,"commentCount":0,"publisher":{"@id":"https:\/\/noticiasmercedinas.com\/site\/#organization"},"image":{"@id":"https:\/\/noticiasmercedinas.com\/site\/2022\/10\/23\/federico-vivas-por-tercera-vez\/#primaryimage"},"thumbnailUrl":"https:\/\/noticiasmercedinas.com\/site\/wp-content\/uploads\/2022\/10\/IMG_1207.jpg","keywords":["ciclismo","club ciclista nacion","comision municipal de ciclismo","criterium de apertura","Direcci\u00f3n de Deportes","ktm"],"articleSection":["Deportes"],"inLanguage":"es","potentialAction":[{"@type":"CommentAction","name":"Comment","target":["https:\/\/noticiasmercedinas.com\/site\/2022\/10\/23\/federico-vivas-por-tercera-vez\/#respond"]}]},{"@type":"WebPage","@id":"https:\/\/noticiasmercedinas.com\/site\/2022\/10\/23\/federico-vivas-por-tercera-vez\/","url":"https:\/\/noticiasmercedinas.com\/site\/2022\/10\/23\/federico-vivas-por-tercera-vez\/","name":"Crit\u00e9rium de Apertura: Federico Vivas, por tercera vez","isPartOf":{"@id":"https:\/\/noticiasmercedinas.com\/site\/#website"},"primaryImageOfPage":{"@id":"https:\/\/noticiasmercedinas.com\/site\/2022\/10\/23\/federico-vivas-por-tercera-vez\/#primaryimage"},"image":{"@id":"https:\/\/noticiasmercedinas.com\/site\/2022\/10\/23\/federico-vivas-por-tercera-vez\/#primaryimage"},"thumbnailUrl":"https:\/\/noticiasmercedinas.com\/site\/wp-content\/uploads\/2022\/10\/IMG_1207.jpg","datePublished":"2022-10-23T03:58:10+00:00","dateModified":"2022-10-23T13:46:30+00:00","breadcrumb":{"@id":"https:\/\/noticiasmercedinas.com\/site\/2022\/10\/23\/federico-vivas-por-tercera-vez\/#breadcrumb"},"inLanguage":"es","potentialAction":[{"@type":"ReadAction","target":["https:\/\/noticiasmercedinas.com\/site\/2022\/10\/23\/federico-vivas-por-tercera-vez\/"]}]},{"@type":"ImageObject","inLanguage":"es","@id":"https:\/\/noticiasmercedinas.com\/site\/2022\/10\/23\/federico-vivas-por-tercera-vez\/#primaryimage","url":"https:\/\/noticiasmercedinas.com\/site\/wp-content\/uploads\/2022\/10\/IMG_1207.jpg","contentUrl":"https:\/\/noticiasmercedinas.com\/site\/wp-content\/uploads\/2022\/10\/IMG_1207.jpg","width":640,"height":415},{"@type":"BreadcrumbList","@id":"https:\/\/noticiasmercedinas.com\/site\/2022\/10\/23\/federico-vivas-por-tercera-vez\/#breadcrumb","itemListElement":[{"@type":"ListItem","position":1,"name":"Portada","item":"https:\/\/noticiasmercedinas.com\/site\/"},{"@type":"ListItem","position":2,"name":"Crit\u00e9rium de Apertura: Federico Vivas, por tercera vez"}]},{"@type":"WebSite","@id":"https:\/\/noticiasmercedinas.com\/site\/#website","url":"https:\/\/noticiasmercedinas.com\/site\/","name":"NOTICIASMERCEDINAS.COM","description":"Mercedes, Buenos Aires, Argentina","publisher":{"@id":"https:\/\/noticiasmercedinas.com\/site\/#organization"},"potentialAction":[{"@type":"SearchAction","target":{"@type":"EntryPoint","urlTemplate":"https:\/\/noticiasmercedinas.com\/site\/?s={search_term_string}"},"query-input":{"@type":"PropertyValueSpecification","valueRequired":true,"valueName":"search_term_string"}}],"inLanguage":"es"},{"@type":"Organization","@id":"https:\/\/noticiasmercedinas.com\/site\/#organization","name":"NOTICIASMERCEDINAS.COM","url":"https:\/\/noticiasmercedinas.com\/site\/","logo":{"@type":"ImageObject","inLanguage":"es","@id":"https:\/\/noticiasmercedinas.com\/site\/#\/schema\/logo\/image\/","url":"https:\/\/noticiasmercedinas.com\/site\/wp-content\/uploads\/2020\/06\/LOGO-512.jpg","contentUrl":"https:\/\/noticiasmercedinas.com\/site\/wp-content\/uploads\/2020\/06\/LOGO-512.jpg","width":512,"height":512,"caption":"NOTICIASMERCEDINAS.COM"},"image":{"@id":"https:\/\/noticiasmercedinas.com\/site\/#\/schema\/logo\/image\/"},"sameAs":["https:\/\/www.facebook.com\/noticiasmercedinas\/","https:\/\/x.com\/notmercedinas","https:\/\/www.instagram.com\/noticiasmercedinas\/"]},{"@type":"Person","@id":"https:\/\/noticiasmercedinas.com\/site\/#\/schema\/person\/8f2f09d666ef40986eba4a5e6f2a06f9","name":"Juan Dagnino NOTICIASMERCEDINAS.COM","image":{"@type":"ImageObject","inLanguage":"es","@id":"https:\/\/secure.gravatar.com\/avatar\/fc7059a769f5a3cae65fadb228a3e4accf3a64b4b2305020d0a27e6d5333c91b?s=96&d=mm&r=g","url":"https:\/\/secure.gravatar.com\/avatar\/fc7059a769f5a3cae65fadb228a3e4accf3a64b4b2305020d0a27e6d5333c91b?s=96&d=mm&r=g","contentUrl":"https:\/\/secure.gravatar.com\/avatar\/fc7059a769f5a3cae65fadb228a3e4accf3a64b4b2305020d0a27e6d5333c91b?s=96&d=mm&r=g","caption":"Juan Dagnino NOTICIASMERCEDINAS.COM"},"url":"https:\/\/noticiasmercedinas.com\/site\/author\/juandagnino\/"}]}},"amp_enabled":true,"_links":{"self":[{"href":"https:\/\/noticiasmercedinas.com\/site\/wp-json\/wp\/v2\/posts\/102562","targetHints":{"allow":["GET"]}}],"collection":[{"href":"https:\/\/noticiasmercedinas.com\/site\/wp-json\/wp\/v2\/posts"}],"about":[{"href":"https:\/\/noticiasmercedinas.com\/site\/wp-json\/wp\/v2\/types\/post"}],"author":[{"embeddable":true,"href":"https:\/\/noticiasmercedinas.com\/site\/wp-json\/wp\/v2\/users\/6"}],"replies":[{"embeddable":true,"href":"https:\/\/noticiasmercedinas.com\/site\/wp-json\/wp\/v2\/comments?post=102562"}],"version-history":[{"count":3,"href":"https:\/\/noticiasmercedinas.com\/site\/wp-json\/wp\/v2\/posts\/102562\/revisions"}],"predecessor-version":[{"id":102613,"href":"https:\/\/noticiasmercedinas.com\/site\/wp-json\/wp\/v2\/posts\/102562\/revisions\/102613"}],"wp:featuredmedia":[{"embeddable":true,"href":"https:\/\/noticiasmercedinas.com\/site\/wp-json\/wp\/v2\/media\/102563"}],"wp:attachment":[{"href":"https:\/\/noticiasmercedinas.com\/site\/wp-json\/wp\/v2\/media?parent=102562"}],"wp:term":[{"taxonomy":"category","embeddable":true,"href":"https:\/\/noticiasmercedinas.com\/site\/wp-json\/wp\/v2\/categories?post=102562"},{"taxonomy":"post_tag","embeddable":true,"href":"https:\/\/noticiasmercedinas.com\/site\/wp-json\/wp\/v2\/tags?post=102562"}],"curies":[{"name":"wp","href":"https:\/\/api.w.org\/{rel}","templated":true}]}}