{"id":102648,"date":"2022-10-23T22:24:54","date_gmt":"2022-10-24T01:24:54","guid":{"rendered":"https:\/\/noticiasmercedinas.com\/site\/?p=102648"},"modified":"2022-10-23T22:24:54","modified_gmt":"2022-10-24T01:24:54","slug":"fronton-tricampeon-femenino","status":"publish","type":"post","link":"https:\/\/noticiasmercedinas.com\/site\/2022\/10\/23\/fronton-tricampeon-femenino\/","title":{"rendered":"Front\u00f3n tricampe\u00f3n femenino"},"content":{"rendered":"<figure id=\"attachment_102649\" aria-describedby=\"caption-attachment-102649\" style=\"width: 1368px\" class=\"wp-caption alignnone\"><img loading=\"lazy\" decoding=\"async\" class=\"wp-image-102649 size-full\" src=\"https:\/\/noticiasmercedinas.com\/site\/wp-content\/uploads\/2022\/10\/0de6e9f8-8823-4320-a5e4-c36e31f2573b.jpg\" alt=\"\" width=\"1368\" height=\"912\" srcset=\"https:\/\/noticiasmercedinas.com\/site\/wp-content\/uploads\/2022\/10\/0de6e9f8-8823-4320-a5e4-c36e31f2573b.jpg 1368w, https:\/\/noticiasmercedinas.com\/site\/wp-content\/uploads\/2022\/10\/0de6e9f8-8823-4320-a5e4-c36e31f2573b-300x200.jpg 300w, https:\/\/noticiasmercedinas.com\/site\/wp-content\/uploads\/2022\/10\/0de6e9f8-8823-4320-a5e4-c36e31f2573b-1024x683.jpg 1024w, https:\/\/noticiasmercedinas.com\/site\/wp-content\/uploads\/2022\/10\/0de6e9f8-8823-4320-a5e4-c36e31f2573b-768x512.jpg 768w, https:\/\/noticiasmercedinas.com\/site\/wp-content\/uploads\/2022\/10\/0de6e9f8-8823-4320-a5e4-c36e31f2573b-640x427.jpg 640w, https:\/\/noticiasmercedinas.com\/site\/wp-content\/uploads\/2022\/10\/0de6e9f8-8823-4320-a5e4-c36e31f2573b-1280x853.jpg 1280w, https:\/\/noticiasmercedinas.com\/site\/wp-content\/uploads\/2022\/10\/0de6e9f8-8823-4320-a5e4-c36e31f2573b-681x454.jpg 681w, https:\/\/noticiasmercedinas.com\/site\/wp-content\/uploads\/2022\/10\/0de6e9f8-8823-4320-a5e4-c36e31f2573b-1362x908.jpg 1362w\" sizes=\"auto, (max-width: 1368px) 100vw, 1368px\" \/><figcaption id=\"caption-attachment-102649\" class=\"wp-caption-text\">El Front\u00f3n femenino y la copa (Foto Karina Gil &#8211; El Front\u00f3n).<\/figcaption><\/figure>\n<p>Fue el s\u00e1bado 22 en la cancha principal del predio \u201cTito\u201d Crosetti de San Andr\u00e9s de Giles que se jug\u00f3 la segunda final por el f\u00fatbol femenino de Primera divisi\u00f3n en la \u00f3rbita de la Liga Mercedina, que de esta manera cerr\u00f3 la temporada con el torneo Clausura.<\/p>\n<p>Tras la ida con el 1-0 para Front\u00f3n Rojo, ayer volvi\u00f3 a repetir la victoria y lo hizo con una mayor diferencia para coronarse por tercera vez, fue 4 a 1 quedando un resultado global de 5 a 1. De esta manera, el vicepresidente Jorge Cerfoglio entreg\u00f3 la copa la capitana local y el trofeo de subcampeonas a Pabell\u00f3n.<\/p>\n<p>Pas\u00f3 un a\u00f1o ideal para las gilenses que ganaron el Apertura y Clausura, en cuento a Pabell\u00f3n por primera vez arrib\u00f3 a una final de Primera logrado una destacada campa\u00f1a para un equipo que se sum\u00f3 a la Liga hace unas pocas temporadas.<\/p>\n<p><strong>El Front\u00f3n 4:<\/strong> Evelyn Algara\u00f1az, Yamila Garcia y Dalma Carranza 2.<br \/>\n<strong>Pabell\u00f3n 1:<\/strong> Noelia Molina.<\/p>\n<p>La campeonas de El Front\u00f3n Rojo son: Carolina Altamirano, Noelia Aponte, Roc\u00edo Bra\u00f1as, Agostina Bustos, Daniela Cano, Ail\u00e9n Camino, Dalma Carranza, Delfina D\u00edaz, Leonela D\u00edaz, Marianela D\u00edaz, Laura Fern\u00e1ndez, Mar\u00eda Funes, Yamila Garc\u00eda, Josefina y Guillermina Jofr\u00e9, Lucina L\u00f3pez, Josefina Mu\u00f1oz, Yamila Pacheco, Aldana Peralta, Sof\u00eda Silva, Brisa Vera, Fernanda Ferrari, Helena Pedretti, Evelin Algara\u00f1az y Luna Branchini.<\/p>\n<p>El DT es Sergio Rold\u00e1n y Emanuel Ferro su ayudante de campo.<\/p>\n\r\n                <style type=\"text\/css\">\r\n                    \r\n                    #td_uid_1_69f30e851d84e  .td-doubleSlider-2 .td-item1 {\r\n                        background: url(https:\/\/noticiasmercedinas.com\/site\/wp-content\/uploads\/2022\/10\/2ab87a70-6c7b-498c-944e-a6b58c1196bd-160x120.jpg) 0 0 no-repeat;\r\n                    }\r\n                    #td_uid_1_69f30e851d84e  .td-doubleSlider-2 .td-item2 {\r\n                        background: url(https:\/\/noticiasmercedinas.com\/site\/wp-content\/uploads\/2022\/10\/5dad1d94-3c88-4606-9658-e1cea64acbcd-160x120.jpg) 0 0 no-repeat;\r\n                    }\r\n                    #td_uid_1_69f30e851d84e  .td-doubleSlider-2 .td-item3 {\r\n                        background: url(https:\/\/noticiasmercedinas.com\/site\/wp-content\/uploads\/2022\/10\/cc9bc1f3-46cb-4647-a284-9d37028d4369-160x120.jpg) 0 0 no-repeat;\r\n                    }\r\n                    #td_uid_1_69f30e851d84e  .td-doubleSlider-2 .td-item4 {\r\n                        background: url(https:\/\/noticiasmercedinas.com\/site\/wp-content\/uploads\/2022\/10\/e920a3a9-b0ef-4387-a506-ef3bb6a909c2-160x120.jpg) 0 0 no-repeat;\r\n                    }\r\n                <\/style>\r\n\r\n                <div id=\"td_uid_1_69f30e851d84e\" class=\"td-gallery td-slide-on-2-columns\">\r\n                    <div class=\"post_td_gallery\">\r\n                        <div class=\"td-gallery-slide-top\">\r\n                           <div class=\"td-gallery-title\">El Front\u00f3n campe\u00f3n (Fotos Karina Gil - El Front\u00f3n).<\/div>\r\n\r\n                            <div class=\"td-gallery-controls-wrapper\">\r\n                                <div class=\"td-gallery-slide-count\"><span class=\"td-gallery-slide-item-focus\">1<\/span> de 4<\/div>\r\n                                <div class=\"td-gallery-slide-prev-next-but\">\r\n                                    <i class = \"td-icon-left doubleSliderPrevButton\"><\/i>\r\n                                    <i class = \"td-icon-right doubleSliderNextButton\"><\/i>\r\n                                <\/div>\r\n                            <\/div>\r\n                        <\/div>\r\n\r\n                        <div class = \"td-doubleSlider-1 \">\r\n                            <div class = \"td-slider\">\r\n                                \r\n                    <div class = \"td-slide-item td-item1\">\r\n                        <figure class=\"td-slide-galery-figure td-slide-popup-gallery\">\r\n                            <a class=\"slide-gallery-image-link\" href=\"https:\/\/noticiasmercedinas.com\/site\/wp-content\/uploads\/2022\/10\/2ab87a70-6c7b-498c-944e-a6b58c1196bd.jpg\" title=\"2ab87a70-6c7b-498c-944e-a6b58c1196bd\"  data-caption=\"\"  data-description=\"\">\r\n                                <img decoding=\"async\" src=\"https:\/\/noticiasmercedinas.com\/site\/wp-content\/uploads\/2022\/10\/2ab87a70-6c7b-498c-944e-a6b58c1196bd.jpg\" srcset=\"https:\/\/noticiasmercedinas.com\/site\/wp-content\/uploads\/2022\/10\/2ab87a70-6c7b-498c-944e-a6b58c1196bd.jpg 1368w, https:\/\/noticiasmercedinas.com\/site\/wp-content\/uploads\/2022\/10\/2ab87a70-6c7b-498c-944e-a6b58c1196bd-300x200.jpg 300w, https:\/\/noticiasmercedinas.com\/site\/wp-content\/uploads\/2022\/10\/2ab87a70-6c7b-498c-944e-a6b58c1196bd-1024x683.jpg 1024w, https:\/\/noticiasmercedinas.com\/site\/wp-content\/uploads\/2022\/10\/2ab87a70-6c7b-498c-944e-a6b58c1196bd-768x512.jpg 768w, https:\/\/noticiasmercedinas.com\/site\/wp-content\/uploads\/2022\/10\/2ab87a70-6c7b-498c-944e-a6b58c1196bd-640x427.jpg 640w, https:\/\/noticiasmercedinas.com\/site\/wp-content\/uploads\/2022\/10\/2ab87a70-6c7b-498c-944e-a6b58c1196bd-1280x853.jpg 1280w, https:\/\/noticiasmercedinas.com\/site\/wp-content\/uploads\/2022\/10\/2ab87a70-6c7b-498c-944e-a6b58c1196bd-681x454.jpg 681w, https:\/\/noticiasmercedinas.com\/site\/wp-content\/uploads\/2022\/10\/2ab87a70-6c7b-498c-944e-a6b58c1196bd-1362x908.jpg 1362w\" sizes=\"(max-width: 1368px) 100vw, 1368px\" alt=\"\">\r\n                            <\/a>\r\n                            \r\n                        <\/figure>\r\n                    <\/div>\r\n                    <div class = \"td-slide-item td-item2\">\r\n                        <figure class=\"td-slide-galery-figure td-slide-popup-gallery\">\r\n                            <a class=\"slide-gallery-image-link\" href=\"https:\/\/noticiasmercedinas.com\/site\/wp-content\/uploads\/2022\/10\/5dad1d94-3c88-4606-9658-e1cea64acbcd.jpg\" title=\"5dad1d94-3c88-4606-9658-e1cea64acbcd\"  data-caption=\"\"  data-description=\"\">\r\n                                <img decoding=\"async\" src=\"https:\/\/noticiasmercedinas.com\/site\/wp-content\/uploads\/2022\/10\/5dad1d94-3c88-4606-9658-e1cea64acbcd.jpg\" srcset=\"https:\/\/noticiasmercedinas.com\/site\/wp-content\/uploads\/2022\/10\/5dad1d94-3c88-4606-9658-e1cea64acbcd.jpg 1368w, https:\/\/noticiasmercedinas.com\/site\/wp-content\/uploads\/2022\/10\/5dad1d94-3c88-4606-9658-e1cea64acbcd-300x200.jpg 300w, https:\/\/noticiasmercedinas.com\/site\/wp-content\/uploads\/2022\/10\/5dad1d94-3c88-4606-9658-e1cea64acbcd-1024x683.jpg 1024w, https:\/\/noticiasmercedinas.com\/site\/wp-content\/uploads\/2022\/10\/5dad1d94-3c88-4606-9658-e1cea64acbcd-768x512.jpg 768w, https:\/\/noticiasmercedinas.com\/site\/wp-content\/uploads\/2022\/10\/5dad1d94-3c88-4606-9658-e1cea64acbcd-640x427.jpg 640w, https:\/\/noticiasmercedinas.com\/site\/wp-content\/uploads\/2022\/10\/5dad1d94-3c88-4606-9658-e1cea64acbcd-1280x853.jpg 1280w, https:\/\/noticiasmercedinas.com\/site\/wp-content\/uploads\/2022\/10\/5dad1d94-3c88-4606-9658-e1cea64acbcd-681x454.jpg 681w, https:\/\/noticiasmercedinas.com\/site\/wp-content\/uploads\/2022\/10\/5dad1d94-3c88-4606-9658-e1cea64acbcd-1362x908.jpg 1362w\" sizes=\"(max-width: 1368px) 100vw, 1368px\" alt=\"\">\r\n                            <\/a>\r\n                            \r\n                        <\/figure>\r\n                    <\/div>\r\n                    <div class = \"td-slide-item td-item3\">\r\n                        <figure class=\"td-slide-galery-figure td-slide-popup-gallery\">\r\n                            <a class=\"slide-gallery-image-link\" href=\"https:\/\/noticiasmercedinas.com\/site\/wp-content\/uploads\/2022\/10\/cc9bc1f3-46cb-4647-a284-9d37028d4369.jpg\" title=\"cc9bc1f3-46cb-4647-a284-9d37028d4369\"  data-caption=\"\"  data-description=\"\">\r\n                                <img decoding=\"async\" src=\"https:\/\/noticiasmercedinas.com\/site\/wp-content\/uploads\/2022\/10\/cc9bc1f3-46cb-4647-a284-9d37028d4369.jpg\" srcset=\"https:\/\/noticiasmercedinas.com\/site\/wp-content\/uploads\/2022\/10\/cc9bc1f3-46cb-4647-a284-9d37028d4369.jpg 912w, https:\/\/noticiasmercedinas.com\/site\/wp-content\/uploads\/2022\/10\/cc9bc1f3-46cb-4647-a284-9d37028d4369-200x300.jpg 200w, https:\/\/noticiasmercedinas.com\/site\/wp-content\/uploads\/2022\/10\/cc9bc1f3-46cb-4647-a284-9d37028d4369-683x1024.jpg 683w, https:\/\/noticiasmercedinas.com\/site\/wp-content\/uploads\/2022\/10\/cc9bc1f3-46cb-4647-a284-9d37028d4369-768x1152.jpg 768w, https:\/\/noticiasmercedinas.com\/site\/wp-content\/uploads\/2022\/10\/cc9bc1f3-46cb-4647-a284-9d37028d4369-640x960.jpg 640w, https:\/\/noticiasmercedinas.com\/site\/wp-content\/uploads\/2022\/10\/cc9bc1f3-46cb-4647-a284-9d37028d4369-681x1022.jpg 681w\" sizes=\"(max-width: 912px) 100vw, 912px\" alt=\"\">\r\n                            <\/a>\r\n                            \r\n                        <\/figure>\r\n                    <\/div>\r\n                    <div class = \"td-slide-item td-item4\">\r\n                        <figure class=\"td-slide-galery-figure td-slide-popup-gallery\">\r\n                            <a class=\"slide-gallery-image-link\" href=\"https:\/\/noticiasmercedinas.com\/site\/wp-content\/uploads\/2022\/10\/e920a3a9-b0ef-4387-a506-ef3bb6a909c2.jpg\" title=\"e920a3a9-b0ef-4387-a506-ef3bb6a909c2\"  data-caption=\"\"  data-description=\"\">\r\n                                <img decoding=\"async\" src=\"https:\/\/noticiasmercedinas.com\/site\/wp-content\/uploads\/2022\/10\/e920a3a9-b0ef-4387-a506-ef3bb6a909c2.jpg\" srcset=\"https:\/\/noticiasmercedinas.com\/site\/wp-content\/uploads\/2022\/10\/e920a3a9-b0ef-4387-a506-ef3bb6a909c2.jpg 912w, https:\/\/noticiasmercedinas.com\/site\/wp-content\/uploads\/2022\/10\/e920a3a9-b0ef-4387-a506-ef3bb6a909c2-200x300.jpg 200w, https:\/\/noticiasmercedinas.com\/site\/wp-content\/uploads\/2022\/10\/e920a3a9-b0ef-4387-a506-ef3bb6a909c2-683x1024.jpg 683w, https:\/\/noticiasmercedinas.com\/site\/wp-content\/uploads\/2022\/10\/e920a3a9-b0ef-4387-a506-ef3bb6a909c2-768x1152.jpg 768w, https:\/\/noticiasmercedinas.com\/site\/wp-content\/uploads\/2022\/10\/e920a3a9-b0ef-4387-a506-ef3bb6a909c2-640x960.jpg 640w, https:\/\/noticiasmercedinas.com\/site\/wp-content\/uploads\/2022\/10\/e920a3a9-b0ef-4387-a506-ef3bb6a909c2-681x1022.jpg 681w\" sizes=\"(max-width: 912px) 100vw, 912px\" alt=\"\">\r\n                            <\/a>\r\n                            \r\n                        <\/figure>\r\n                    <\/div>\r\n                            <\/div>\r\n                        <\/div>\r\n\r\n                        <div class = \"td-doubleSlider-2\">\r\n                            <div class = \"td-slider\">\r\n                                \r\n                    <div class = \"td-button td-item1\">\r\n                        <div class = \"td-border\"><\/div>\r\n                    <\/div>\r\n                    <div class = \"td-button td-item2\">\r\n                        <div class = \"td-border\"><\/div>\r\n                    <\/div>\r\n                    <div class = \"td-button td-item3\">\r\n                        <div class = \"td-border\"><\/div>\r\n                    <\/div>\r\n                    <div class = \"td-button td-item4\">\r\n                        <div class = \"td-border\"><\/div>\r\n                    <\/div>\r\n                            <\/div>\r\n                        <\/div>\r\n\r\n                    <\/div>\r\n\r\n                <\/div>\r\n                \n","protected":false},"excerpt":{"rendered":"<p>\u25a0 Gan\u00f3 en San Andr\u00e9s de Giles la final vuelta ante Pabell\u00f3n para volver a festejar en el \u00e1mbito de la Liga Mercedina. Fue 4 a 1 parara quedar un global de 5 a 1. Pabell\u00f3n lleg\u00f3 por primera vez a una definici\u00f3n.<\/p>\n","protected":false},"author":6,"featured_media":102649,"comment_status":"open","ping_status":"open","sticky":false,"template":"","format":"standard","meta":{"footnotes":""},"categories":[5],"tags":[532,751,3346,96,14177],"class_list":["post-102648","post","type-post","status-publish","format-standard","has-post-thumbnail","hentry","category-deportes","tag-el-fronton","tag-futbol-femenino","tag-liga-mercedina-de-futbol","tag-pabellon","tag-primera-division"],"yoast_head":"<!-- This site is optimized with the Yoast SEO plugin v27.5 - https:\/\/yoast.com\/product\/yoast-seo-wordpress\/ -->\n<title>Front\u00f3n tricampe\u00f3n femenino<\/title>\n<meta name=\"robots\" content=\"index, follow, max-snippet:-1, max-image-preview:large, max-video-preview:-1\" \/>\n<link rel=\"canonical\" href=\"https:\/\/noticiasmercedinas.com\/site\/2022\/10\/23\/fronton-tricampeon-femenino\/\" \/>\n<meta property=\"og:locale\" content=\"es_ES\" \/>\n<meta property=\"og:type\" content=\"article\" \/>\n<meta property=\"og:title\" content=\"Front\u00f3n tricampe\u00f3n femenino\" \/>\n<meta property=\"og:description\" content=\"\u25a0 Gan\u00f3 en San Andr\u00e9s de Giles la final vuelta ante Pabell\u00f3n para volver a festejar en el \u00e1mbito de la Liga Mercedina. Fue 4 a 1 parara quedar un global de 5 a 1. Pabell\u00f3n lleg\u00f3 por primera vez a una definici\u00f3n.\" \/>\n<meta property=\"og:url\" content=\"https:\/\/noticiasmercedinas.com\/site\/2022\/10\/23\/fronton-tricampeon-femenino\/\" \/>\n<meta property=\"og:site_name\" content=\"NOTICIASMERCEDINAS.COM\" \/>\n<meta property=\"article:publisher\" content=\"https:\/\/www.facebook.com\/noticiasmercedinas\/\" \/>\n<meta property=\"article:published_time\" content=\"2022-10-24T01:24:54+00:00\" \/>\n<meta property=\"og:image\" content=\"https:\/\/noticiasmercedinas.com\/site\/wp-content\/uploads\/2022\/10\/0de6e9f8-8823-4320-a5e4-c36e31f2573b.jpg\" \/>\n\t<meta property=\"og:image:width\" content=\"1368\" \/>\n\t<meta property=\"og:image:height\" content=\"912\" \/>\n\t<meta property=\"og:image:type\" content=\"image\/jpeg\" \/>\n<meta name=\"author\" content=\"Juan Dagnino NOTICIASMERCEDINAS.COM\" \/>\n<meta name=\"twitter:card\" content=\"summary_large_image\" \/>\n<meta name=\"twitter:creator\" content=\"@notmercedinas\" \/>\n<meta name=\"twitter:site\" content=\"@notmercedinas\" \/>\n<meta name=\"twitter:label1\" content=\"Escrito por\" \/>\n\t<meta name=\"twitter:data1\" content=\"Juan Dagnino NOTICIASMERCEDINAS.COM\" \/>\n\t<meta name=\"twitter:label2\" content=\"Tiempo de lectura\" \/>\n\t<meta name=\"twitter:data2\" content=\"2 minutos\" \/>\n<script type=\"application\/ld+json\" class=\"yoast-schema-graph\">{\"@context\":\"https:\\\/\\\/schema.org\",\"@graph\":[{\"@type\":\"Article\",\"@id\":\"https:\\\/\\\/noticiasmercedinas.com\\\/site\\\/2022\\\/10\\\/23\\\/fronton-tricampeon-femenino\\\/#article\",\"isPartOf\":{\"@id\":\"https:\\\/\\\/noticiasmercedinas.com\\\/site\\\/2022\\\/10\\\/23\\\/fronton-tricampeon-femenino\\\/\"},\"author\":{\"name\":\"Juan Dagnino NOTICIASMERCEDINAS.COM\",\"@id\":\"https:\\\/\\\/noticiasmercedinas.com\\\/site\\\/#\\\/schema\\\/person\\\/8f2f09d666ef40986eba4a5e6f2a06f9\"},\"headline\":\"Front\u00f3n tricampe\u00f3n femenino\",\"datePublished\":\"2022-10-24T01:24:54+00:00\",\"mainEntityOfPage\":{\"@id\":\"https:\\\/\\\/noticiasmercedinas.com\\\/site\\\/2022\\\/10\\\/23\\\/fronton-tricampeon-femenino\\\/\"},\"wordCount\":307,\"commentCount\":0,\"publisher\":{\"@id\":\"https:\\\/\\\/noticiasmercedinas.com\\\/site\\\/#organization\"},\"image\":{\"@id\":\"https:\\\/\\\/noticiasmercedinas.com\\\/site\\\/2022\\\/10\\\/23\\\/fronton-tricampeon-femenino\\\/#primaryimage\"},\"thumbnailUrl\":\"https:\\\/\\\/noticiasmercedinas.com\\\/site\\\/wp-content\\\/uploads\\\/2022\\\/10\\\/0de6e9f8-8823-4320-a5e4-c36e31f2573b.jpg\",\"keywords\":[\"el front\u00f3n\",\"f\u00fatbol femenino\",\"Liga Mercedina de F\u00fatbol\",\"pabellon\",\"primera divisi\u00f3n\"],\"articleSection\":[\"Deportes\"],\"inLanguage\":\"es\",\"potentialAction\":[{\"@type\":\"CommentAction\",\"name\":\"Comment\",\"target\":[\"https:\\\/\\\/noticiasmercedinas.com\\\/site\\\/2022\\\/10\\\/23\\\/fronton-tricampeon-femenino\\\/#respond\"]}]},{\"@type\":\"WebPage\",\"@id\":\"https:\\\/\\\/noticiasmercedinas.com\\\/site\\\/2022\\\/10\\\/23\\\/fronton-tricampeon-femenino\\\/\",\"url\":\"https:\\\/\\\/noticiasmercedinas.com\\\/site\\\/2022\\\/10\\\/23\\\/fronton-tricampeon-femenino\\\/\",\"name\":\"Front\u00f3n tricampe\u00f3n femenino\",\"isPartOf\":{\"@id\":\"https:\\\/\\\/noticiasmercedinas.com\\\/site\\\/#website\"},\"primaryImageOfPage\":{\"@id\":\"https:\\\/\\\/noticiasmercedinas.com\\\/site\\\/2022\\\/10\\\/23\\\/fronton-tricampeon-femenino\\\/#primaryimage\"},\"image\":{\"@id\":\"https:\\\/\\\/noticiasmercedinas.com\\\/site\\\/2022\\\/10\\\/23\\\/fronton-tricampeon-femenino\\\/#primaryimage\"},\"thumbnailUrl\":\"https:\\\/\\\/noticiasmercedinas.com\\\/site\\\/wp-content\\\/uploads\\\/2022\\\/10\\\/0de6e9f8-8823-4320-a5e4-c36e31f2573b.jpg\",\"datePublished\":\"2022-10-24T01:24:54+00:00\",\"breadcrumb\":{\"@id\":\"https:\\\/\\\/noticiasmercedinas.com\\\/site\\\/2022\\\/10\\\/23\\\/fronton-tricampeon-femenino\\\/#breadcrumb\"},\"inLanguage\":\"es\",\"potentialAction\":[{\"@type\":\"ReadAction\",\"target\":[\"https:\\\/\\\/noticiasmercedinas.com\\\/site\\\/2022\\\/10\\\/23\\\/fronton-tricampeon-femenino\\\/\"]}]},{\"@type\":\"ImageObject\",\"inLanguage\":\"es\",\"@id\":\"https:\\\/\\\/noticiasmercedinas.com\\\/site\\\/2022\\\/10\\\/23\\\/fronton-tricampeon-femenino\\\/#primaryimage\",\"url\":\"https:\\\/\\\/noticiasmercedinas.com\\\/site\\\/wp-content\\\/uploads\\\/2022\\\/10\\\/0de6e9f8-8823-4320-a5e4-c36e31f2573b.jpg\",\"contentUrl\":\"https:\\\/\\\/noticiasmercedinas.com\\\/site\\\/wp-content\\\/uploads\\\/2022\\\/10\\\/0de6e9f8-8823-4320-a5e4-c36e31f2573b.jpg\",\"width\":1368,\"height\":912},{\"@type\":\"BreadcrumbList\",\"@id\":\"https:\\\/\\\/noticiasmercedinas.com\\\/site\\\/2022\\\/10\\\/23\\\/fronton-tricampeon-femenino\\\/#breadcrumb\",\"itemListElement\":[{\"@type\":\"ListItem\",\"position\":1,\"name\":\"Portada\",\"item\":\"https:\\\/\\\/noticiasmercedinas.com\\\/site\\\/\"},{\"@type\":\"ListItem\",\"position\":2,\"name\":\"Front\u00f3n tricampe\u00f3n femenino\"}]},{\"@type\":\"WebSite\",\"@id\":\"https:\\\/\\\/noticiasmercedinas.com\\\/site\\\/#website\",\"url\":\"https:\\\/\\\/noticiasmercedinas.com\\\/site\\\/\",\"name\":\"NOTICIASMERCEDINAS.COM\",\"description\":\"Mercedes, Buenos Aires, Argentina\",\"publisher\":{\"@id\":\"https:\\\/\\\/noticiasmercedinas.com\\\/site\\\/#organization\"},\"potentialAction\":[{\"@type\":\"SearchAction\",\"target\":{\"@type\":\"EntryPoint\",\"urlTemplate\":\"https:\\\/\\\/noticiasmercedinas.com\\\/site\\\/?s={search_term_string}\"},\"query-input\":{\"@type\":\"PropertyValueSpecification\",\"valueRequired\":true,\"valueName\":\"search_term_string\"}}],\"inLanguage\":\"es\"},{\"@type\":\"Organization\",\"@id\":\"https:\\\/\\\/noticiasmercedinas.com\\\/site\\\/#organization\",\"name\":\"NOTICIASMERCEDINAS.COM\",\"url\":\"https:\\\/\\\/noticiasmercedinas.com\\\/site\\\/\",\"logo\":{\"@type\":\"ImageObject\",\"inLanguage\":\"es\",\"@id\":\"https:\\\/\\\/noticiasmercedinas.com\\\/site\\\/#\\\/schema\\\/logo\\\/image\\\/\",\"url\":\"https:\\\/\\\/noticiasmercedinas.com\\\/site\\\/wp-content\\\/uploads\\\/2020\\\/06\\\/LOGO-512.jpg\",\"contentUrl\":\"https:\\\/\\\/noticiasmercedinas.com\\\/site\\\/wp-content\\\/uploads\\\/2020\\\/06\\\/LOGO-512.jpg\",\"width\":512,\"height\":512,\"caption\":\"NOTICIASMERCEDINAS.COM\"},\"image\":{\"@id\":\"https:\\\/\\\/noticiasmercedinas.com\\\/site\\\/#\\\/schema\\\/logo\\\/image\\\/\"},\"sameAs\":[\"https:\\\/\\\/www.facebook.com\\\/noticiasmercedinas\\\/\",\"https:\\\/\\\/x.com\\\/notmercedinas\",\"https:\\\/\\\/www.instagram.com\\\/noticiasmercedinas\\\/\"]},{\"@type\":\"Person\",\"@id\":\"https:\\\/\\\/noticiasmercedinas.com\\\/site\\\/#\\\/schema\\\/person\\\/8f2f09d666ef40986eba4a5e6f2a06f9\",\"name\":\"Juan Dagnino NOTICIASMERCEDINAS.COM\",\"image\":{\"@type\":\"ImageObject\",\"inLanguage\":\"es\",\"@id\":\"https:\\\/\\\/secure.gravatar.com\\\/avatar\\\/fc7059a769f5a3cae65fadb228a3e4accf3a64b4b2305020d0a27e6d5333c91b?s=96&d=mm&r=g\",\"url\":\"https:\\\/\\\/secure.gravatar.com\\\/avatar\\\/fc7059a769f5a3cae65fadb228a3e4accf3a64b4b2305020d0a27e6d5333c91b?s=96&d=mm&r=g\",\"contentUrl\":\"https:\\\/\\\/secure.gravatar.com\\\/avatar\\\/fc7059a769f5a3cae65fadb228a3e4accf3a64b4b2305020d0a27e6d5333c91b?s=96&d=mm&r=g\",\"caption\":\"Juan Dagnino NOTICIASMERCEDINAS.COM\"},\"url\":\"https:\\\/\\\/noticiasmercedinas.com\\\/site\\\/author\\\/juandagnino\\\/\"}]}<\/script>\n<!-- \/ Yoast SEO plugin. -->","yoast_head_json":{"title":"Front\u00f3n tricampe\u00f3n femenino","robots":{"index":"index","follow":"follow","max-snippet":"max-snippet:-1","max-image-preview":"max-image-preview:large","max-video-preview":"max-video-preview:-1"},"canonical":"https:\/\/noticiasmercedinas.com\/site\/2022\/10\/23\/fronton-tricampeon-femenino\/","og_locale":"es_ES","og_type":"article","og_title":"Front\u00f3n tricampe\u00f3n femenino","og_description":"\u25a0 Gan\u00f3 en San Andr\u00e9s de Giles la final vuelta ante Pabell\u00f3n para volver a festejar en el \u00e1mbito de la Liga Mercedina. Fue 4 a 1 parara quedar un global de 5 a 1. Pabell\u00f3n lleg\u00f3 por primera vez a una definici\u00f3n.","og_url":"https:\/\/noticiasmercedinas.com\/site\/2022\/10\/23\/fronton-tricampeon-femenino\/","og_site_name":"NOTICIASMERCEDINAS.COM","article_publisher":"https:\/\/www.facebook.com\/noticiasmercedinas\/","article_published_time":"2022-10-24T01:24:54+00:00","og_image":[{"width":1368,"height":912,"url":"https:\/\/noticiasmercedinas.com\/site\/wp-content\/uploads\/2022\/10\/0de6e9f8-8823-4320-a5e4-c36e31f2573b.jpg","type":"image\/jpeg"}],"author":"Juan Dagnino NOTICIASMERCEDINAS.COM","twitter_card":"summary_large_image","twitter_creator":"@notmercedinas","twitter_site":"@notmercedinas","twitter_misc":{"Escrito por":"Juan Dagnino NOTICIASMERCEDINAS.COM","Tiempo de lectura":"2 minutos"},"schema":{"@context":"https:\/\/schema.org","@graph":[{"@type":"Article","@id":"https:\/\/noticiasmercedinas.com\/site\/2022\/10\/23\/fronton-tricampeon-femenino\/#article","isPartOf":{"@id":"https:\/\/noticiasmercedinas.com\/site\/2022\/10\/23\/fronton-tricampeon-femenino\/"},"author":{"name":"Juan Dagnino NOTICIASMERCEDINAS.COM","@id":"https:\/\/noticiasmercedinas.com\/site\/#\/schema\/person\/8f2f09d666ef40986eba4a5e6f2a06f9"},"headline":"Front\u00f3n tricampe\u00f3n femenino","datePublished":"2022-10-24T01:24:54+00:00","mainEntityOfPage":{"@id":"https:\/\/noticiasmercedinas.com\/site\/2022\/10\/23\/fronton-tricampeon-femenino\/"},"wordCount":307,"commentCount":0,"publisher":{"@id":"https:\/\/noticiasmercedinas.com\/site\/#organization"},"image":{"@id":"https:\/\/noticiasmercedinas.com\/site\/2022\/10\/23\/fronton-tricampeon-femenino\/#primaryimage"},"thumbnailUrl":"https:\/\/noticiasmercedinas.com\/site\/wp-content\/uploads\/2022\/10\/0de6e9f8-8823-4320-a5e4-c36e31f2573b.jpg","keywords":["el front\u00f3n","f\u00fatbol femenino","Liga Mercedina de F\u00fatbol","pabellon","primera divisi\u00f3n"],"articleSection":["Deportes"],"inLanguage":"es","potentialAction":[{"@type":"CommentAction","name":"Comment","target":["https:\/\/noticiasmercedinas.com\/site\/2022\/10\/23\/fronton-tricampeon-femenino\/#respond"]}]},{"@type":"WebPage","@id":"https:\/\/noticiasmercedinas.com\/site\/2022\/10\/23\/fronton-tricampeon-femenino\/","url":"https:\/\/noticiasmercedinas.com\/site\/2022\/10\/23\/fronton-tricampeon-femenino\/","name":"Front\u00f3n tricampe\u00f3n femenino","isPartOf":{"@id":"https:\/\/noticiasmercedinas.com\/site\/#website"},"primaryImageOfPage":{"@id":"https:\/\/noticiasmercedinas.com\/site\/2022\/10\/23\/fronton-tricampeon-femenino\/#primaryimage"},"image":{"@id":"https:\/\/noticiasmercedinas.com\/site\/2022\/10\/23\/fronton-tricampeon-femenino\/#primaryimage"},"thumbnailUrl":"https:\/\/noticiasmercedinas.com\/site\/wp-content\/uploads\/2022\/10\/0de6e9f8-8823-4320-a5e4-c36e31f2573b.jpg","datePublished":"2022-10-24T01:24:54+00:00","breadcrumb":{"@id":"https:\/\/noticiasmercedinas.com\/site\/2022\/10\/23\/fronton-tricampeon-femenino\/#breadcrumb"},"inLanguage":"es","potentialAction":[{"@type":"ReadAction","target":["https:\/\/noticiasmercedinas.com\/site\/2022\/10\/23\/fronton-tricampeon-femenino\/"]}]},{"@type":"ImageObject","inLanguage":"es","@id":"https:\/\/noticiasmercedinas.com\/site\/2022\/10\/23\/fronton-tricampeon-femenino\/#primaryimage","url":"https:\/\/noticiasmercedinas.com\/site\/wp-content\/uploads\/2022\/10\/0de6e9f8-8823-4320-a5e4-c36e31f2573b.jpg","contentUrl":"https:\/\/noticiasmercedinas.com\/site\/wp-content\/uploads\/2022\/10\/0de6e9f8-8823-4320-a5e4-c36e31f2573b.jpg","width":1368,"height":912},{"@type":"BreadcrumbList","@id":"https:\/\/noticiasmercedinas.com\/site\/2022\/10\/23\/fronton-tricampeon-femenino\/#breadcrumb","itemListElement":[{"@type":"ListItem","position":1,"name":"Portada","item":"https:\/\/noticiasmercedinas.com\/site\/"},{"@type":"ListItem","position":2,"name":"Front\u00f3n tricampe\u00f3n femenino"}]},{"@type":"WebSite","@id":"https:\/\/noticiasmercedinas.com\/site\/#website","url":"https:\/\/noticiasmercedinas.com\/site\/","name":"NOTICIASMERCEDINAS.COM","description":"Mercedes, Buenos Aires, Argentina","publisher":{"@id":"https:\/\/noticiasmercedinas.com\/site\/#organization"},"potentialAction":[{"@type":"SearchAction","target":{"@type":"EntryPoint","urlTemplate":"https:\/\/noticiasmercedinas.com\/site\/?s={search_term_string}"},"query-input":{"@type":"PropertyValueSpecification","valueRequired":true,"valueName":"search_term_string"}}],"inLanguage":"es"},{"@type":"Organization","@id":"https:\/\/noticiasmercedinas.com\/site\/#organization","name":"NOTICIASMERCEDINAS.COM","url":"https:\/\/noticiasmercedinas.com\/site\/","logo":{"@type":"ImageObject","inLanguage":"es","@id":"https:\/\/noticiasmercedinas.com\/site\/#\/schema\/logo\/image\/","url":"https:\/\/noticiasmercedinas.com\/site\/wp-content\/uploads\/2020\/06\/LOGO-512.jpg","contentUrl":"https:\/\/noticiasmercedinas.com\/site\/wp-content\/uploads\/2020\/06\/LOGO-512.jpg","width":512,"height":512,"caption":"NOTICIASMERCEDINAS.COM"},"image":{"@id":"https:\/\/noticiasmercedinas.com\/site\/#\/schema\/logo\/image\/"},"sameAs":["https:\/\/www.facebook.com\/noticiasmercedinas\/","https:\/\/x.com\/notmercedinas","https:\/\/www.instagram.com\/noticiasmercedinas\/"]},{"@type":"Person","@id":"https:\/\/noticiasmercedinas.com\/site\/#\/schema\/person\/8f2f09d666ef40986eba4a5e6f2a06f9","name":"Juan Dagnino NOTICIASMERCEDINAS.COM","image":{"@type":"ImageObject","inLanguage":"es","@id":"https:\/\/secure.gravatar.com\/avatar\/fc7059a769f5a3cae65fadb228a3e4accf3a64b4b2305020d0a27e6d5333c91b?s=96&d=mm&r=g","url":"https:\/\/secure.gravatar.com\/avatar\/fc7059a769f5a3cae65fadb228a3e4accf3a64b4b2305020d0a27e6d5333c91b?s=96&d=mm&r=g","contentUrl":"https:\/\/secure.gravatar.com\/avatar\/fc7059a769f5a3cae65fadb228a3e4accf3a64b4b2305020d0a27e6d5333c91b?s=96&d=mm&r=g","caption":"Juan Dagnino NOTICIASMERCEDINAS.COM"},"url":"https:\/\/noticiasmercedinas.com\/site\/author\/juandagnino\/"}]}},"amp_enabled":true,"_links":{"self":[{"href":"https:\/\/noticiasmercedinas.com\/site\/wp-json\/wp\/v2\/posts\/102648","targetHints":{"allow":["GET"]}}],"collection":[{"href":"https:\/\/noticiasmercedinas.com\/site\/wp-json\/wp\/v2\/posts"}],"about":[{"href":"https:\/\/noticiasmercedinas.com\/site\/wp-json\/wp\/v2\/types\/post"}],"author":[{"embeddable":true,"href":"https:\/\/noticiasmercedinas.com\/site\/wp-json\/wp\/v2\/users\/6"}],"replies":[{"embeddable":true,"href":"https:\/\/noticiasmercedinas.com\/site\/wp-json\/wp\/v2\/comments?post=102648"}],"version-history":[{"count":1,"href":"https:\/\/noticiasmercedinas.com\/site\/wp-json\/wp\/v2\/posts\/102648\/revisions"}],"predecessor-version":[{"id":102654,"href":"https:\/\/noticiasmercedinas.com\/site\/wp-json\/wp\/v2\/posts\/102648\/revisions\/102654"}],"wp:featuredmedia":[{"embeddable":true,"href":"https:\/\/noticiasmercedinas.com\/site\/wp-json\/wp\/v2\/media\/102649"}],"wp:attachment":[{"href":"https:\/\/noticiasmercedinas.com\/site\/wp-json\/wp\/v2\/media?parent=102648"}],"wp:term":[{"taxonomy":"category","embeddable":true,"href":"https:\/\/noticiasmercedinas.com\/site\/wp-json\/wp\/v2\/categories?post=102648"},{"taxonomy":"post_tag","embeddable":true,"href":"https:\/\/noticiasmercedinas.com\/site\/wp-json\/wp\/v2\/tags?post=102648"}],"curies":[{"name":"wp","href":"https:\/\/api.w.org\/{rel}","templated":true}]}}