{"id":102717,"date":"2022-10-24T16:23:29","date_gmt":"2022-10-24T19:23:29","guid":{"rendered":"https:\/\/noticiasmercedinas.com\/site\/?p=102717"},"modified":"2022-10-24T17:21:47","modified_gmt":"2022-10-24T20:21:47","slug":"estreno-a-sala-llena-de-el-corazon-del-incauto-obra-de-la-comedia-municipal","status":"publish","type":"post","link":"https:\/\/noticiasmercedinas.com\/site\/2022\/10\/24\/estreno-a-sala-llena-de-el-corazon-del-incauto-obra-de-la-comedia-municipal\/","title":{"rendered":"Estreno a sala llena de \u00abEl coraz\u00f3n del incauto\u00bb, obra de la Comedia Municipal"},"content":{"rendered":"<p><img loading=\"lazy\" decoding=\"async\" class=\"alignnone size-large wp-image-102719\" src=\"https:\/\/noticiasmercedinas.com\/site\/wp-content\/uploads\/2022\/10\/be72565d-ae2e-4b46-90e5-e825482c6d8c-1024x768.jpg\" alt=\"\" width=\"640\" height=\"480\" srcset=\"https:\/\/noticiasmercedinas.com\/site\/wp-content\/uploads\/2022\/10\/be72565d-ae2e-4b46-90e5-e825482c6d8c-1024x768.jpg 1024w, https:\/\/noticiasmercedinas.com\/site\/wp-content\/uploads\/2022\/10\/be72565d-ae2e-4b46-90e5-e825482c6d8c-300x225.jpg 300w, https:\/\/noticiasmercedinas.com\/site\/wp-content\/uploads\/2022\/10\/be72565d-ae2e-4b46-90e5-e825482c6d8c-768x576.jpg 768w, https:\/\/noticiasmercedinas.com\/site\/wp-content\/uploads\/2022\/10\/be72565d-ae2e-4b46-90e5-e825482c6d8c-1536x1152.jpg 1536w, https:\/\/noticiasmercedinas.com\/site\/wp-content\/uploads\/2022\/10\/be72565d-ae2e-4b46-90e5-e825482c6d8c-80x60.jpg 80w, https:\/\/noticiasmercedinas.com\/site\/wp-content\/uploads\/2022\/10\/be72565d-ae2e-4b46-90e5-e825482c6d8c-160x120.jpg 160w, https:\/\/noticiasmercedinas.com\/site\/wp-content\/uploads\/2022\/10\/be72565d-ae2e-4b46-90e5-e825482c6d8c-100x75.jpg 100w, https:\/\/noticiasmercedinas.com\/site\/wp-content\/uploads\/2022\/10\/be72565d-ae2e-4b46-90e5-e825482c6d8c-200x150.jpg 200w, https:\/\/noticiasmercedinas.com\/site\/wp-content\/uploads\/2022\/10\/be72565d-ae2e-4b46-90e5-e825482c6d8c-180x135.jpg 180w, https:\/\/noticiasmercedinas.com\/site\/wp-content\/uploads\/2022\/10\/be72565d-ae2e-4b46-90e5-e825482c6d8c-360x270.jpg 360w, https:\/\/noticiasmercedinas.com\/site\/wp-content\/uploads\/2022\/10\/be72565d-ae2e-4b46-90e5-e825482c6d8c-238x178.jpg 238w, https:\/\/noticiasmercedinas.com\/site\/wp-content\/uploads\/2022\/10\/be72565d-ae2e-4b46-90e5-e825482c6d8c-476x356.jpg 476w, https:\/\/noticiasmercedinas.com\/site\/wp-content\/uploads\/2022\/10\/be72565d-ae2e-4b46-90e5-e825482c6d8c-640x480.jpg 640w, https:\/\/noticiasmercedinas.com\/site\/wp-content\/uploads\/2022\/10\/be72565d-ae2e-4b46-90e5-e825482c6d8c-1280x960.jpg 1280w, https:\/\/noticiasmercedinas.com\/site\/wp-content\/uploads\/2022\/10\/be72565d-ae2e-4b46-90e5-e825482c6d8c-681x511.jpg 681w, https:\/\/noticiasmercedinas.com\/site\/wp-content\/uploads\/2022\/10\/be72565d-ae2e-4b46-90e5-e825482c6d8c-1362x1022.jpg 1362w, https:\/\/noticiasmercedinas.com\/site\/wp-content\/uploads\/2022\/10\/be72565d-ae2e-4b46-90e5-e825482c6d8c.jpg 1600w\" sizes=\"auto, (max-width: 640px) 100vw, 640px\" \/><\/p>\n<p>\u00abEl coraz\u00f3n del incauto\u00bb, obra de la Comedia Municipal \u00abRa\u00fal Bustos Berrondo\u00bb con direcci\u00f3n de Claudio Mateo, y actuaciones de <strong>Mariano Anido<\/strong>, <strong>Cristina Lamothe<\/strong> y<strong> Lucas Riselli<\/strong>, se estren\u00f3 este domingo a sala llena en el Teatro Argentino de Mercedes.<\/p>\n<p>\u00abEstuvo genial. El estreno se dio a sala llena y fue buen\u00edsima la devoluci\u00f3n del p\u00fablico e impecable el trabajo del elenco\u00bb, destac\u00f3 <strong>Claudio Mateo<\/strong>, director de la obra, en di\u00e1logo con <em>Noticias Mercedinas.<\/em><\/p>\n<p><img loading=\"lazy\" decoding=\"async\" class=\"alignnone size-large wp-image-102720\" src=\"https:\/\/noticiasmercedinas.com\/site\/wp-content\/uploads\/2022\/10\/05b09356-614a-4486-8aa9-b289eb9d33da-1024x576.jpg\" alt=\"\" width=\"640\" height=\"360\" srcset=\"https:\/\/noticiasmercedinas.com\/site\/wp-content\/uploads\/2022\/10\/05b09356-614a-4486-8aa9-b289eb9d33da-1024x576.jpg 1024w, https:\/\/noticiasmercedinas.com\/site\/wp-content\/uploads\/2022\/10\/05b09356-614a-4486-8aa9-b289eb9d33da-300x169.jpg 300w, https:\/\/noticiasmercedinas.com\/site\/wp-content\/uploads\/2022\/10\/05b09356-614a-4486-8aa9-b289eb9d33da-768x432.jpg 768w, https:\/\/noticiasmercedinas.com\/site\/wp-content\/uploads\/2022\/10\/05b09356-614a-4486-8aa9-b289eb9d33da-1536x864.jpg 1536w, https:\/\/noticiasmercedinas.com\/site\/wp-content\/uploads\/2022\/10\/05b09356-614a-4486-8aa9-b289eb9d33da-640x360.jpg 640w, https:\/\/noticiasmercedinas.com\/site\/wp-content\/uploads\/2022\/10\/05b09356-614a-4486-8aa9-b289eb9d33da-1280x720.jpg 1280w, https:\/\/noticiasmercedinas.com\/site\/wp-content\/uploads\/2022\/10\/05b09356-614a-4486-8aa9-b289eb9d33da-681x383.jpg 681w, https:\/\/noticiasmercedinas.com\/site\/wp-content\/uploads\/2022\/10\/05b09356-614a-4486-8aa9-b289eb9d33da-1362x766.jpg 1362w, https:\/\/noticiasmercedinas.com\/site\/wp-content\/uploads\/2022\/10\/05b09356-614a-4486-8aa9-b289eb9d33da.jpg 1600w\" sizes=\"auto, (max-width: 640px) 100vw, 640px\" \/><\/p>\n<p>\u00abLas autoras son santafesinas pero viven en capital, y el viernes 4 de noviembre nos vienen a visitar para ver la obra\u00bb, agreg\u00f3 Mateo sobre las dramaturgas <strong>Sandra Franzen<\/strong> y <strong>Patricia Su\u00e1rez,<\/strong> y plante\u00f3 la posibilidad de que se haga una conferencia de prensa para dar m\u00e1s difusi\u00f3n a este hecho.<\/p>\n<p>Lo cierto es que la obra recientemente estrenada tiene m\u00e1s funciones por delante y esta semana va jueves y domingo. Adem\u00e1s, Mateo destac\u00f3 el trabajo de <strong>Anabel Pi\u00f1eiro<\/strong> en visuales que \u00abes impecable y fundamental\u00bb, y la labor de <strong>Marina Cabral<\/strong> en asistencia de direcci\u00f3n, \u00abque fue un pilar muy importante en la cohesi\u00f3n del equipo\u00bb. Asimismo,\u00a0 el director agradeci\u00f3 al \u00e1rea de Cultura y al equipo de trabajo del Teatro Argentino.<\/p>\n<blockquote><p>La obra transcurre en la d\u00e9cada del 20 del siglo pasado, en el campo argentino. Sus protagonistas son un matrimonio de inmigrantes italianos y un humilde pe\u00f3n contratado por la cosecha<\/p><\/blockquote>\n<p>La obra transcurre en la d\u00e9cada del 20 del siglo pasado, en el campo argentino. Sus protagonistas son un matrimonio de inmigrantes italianos y un humilde pe\u00f3n contratado por la cosecha. En la vastedad de la pampa, dentro de una geograf\u00eda de casas aisladas entre s\u00ed, se definen sus atormentadas personalidades.<\/p>\n<p>Sin embargo, al sentirse protegidos por la intimidad del hogar, pueden concretar una fantas\u00eda que resulta intolerable para la mirada del r\u00edgido exterior.<\/p>\n<p>Las funciones venideras son el jueves 27 a las 21.00 horas, y el domingo 30 a las 20.30 horas, son en la Sala A del Teatro Argentino con un bono contribuci\u00f3n de 600 pesos.<\/p>\n<p><img loading=\"lazy\" decoding=\"async\" class=\"alignnone size-large wp-image-102718\" src=\"https:\/\/noticiasmercedinas.com\/site\/wp-content\/uploads\/2022\/10\/d09a0e3a-15a3-4528-8844-470af04e6c26-1024x1024.jpg\" alt=\"\" width=\"640\" height=\"640\" srcset=\"https:\/\/noticiasmercedinas.com\/site\/wp-content\/uploads\/2022\/10\/d09a0e3a-15a3-4528-8844-470af04e6c26-1024x1024.jpg 1024w, https:\/\/noticiasmercedinas.com\/site\/wp-content\/uploads\/2022\/10\/d09a0e3a-15a3-4528-8844-470af04e6c26-300x300.jpg 300w, https:\/\/noticiasmercedinas.com\/site\/wp-content\/uploads\/2022\/10\/d09a0e3a-15a3-4528-8844-470af04e6c26-150x150.jpg 150w, https:\/\/noticiasmercedinas.com\/site\/wp-content\/uploads\/2022\/10\/d09a0e3a-15a3-4528-8844-470af04e6c26-768x769.jpg 768w, https:\/\/noticiasmercedinas.com\/site\/wp-content\/uploads\/2022\/10\/d09a0e3a-15a3-4528-8844-470af04e6c26-640x641.jpg 640w, https:\/\/noticiasmercedinas.com\/site\/wp-content\/uploads\/2022\/10\/d09a0e3a-15a3-4528-8844-470af04e6c26-681x682.jpg 681w, https:\/\/noticiasmercedinas.com\/site\/wp-content\/uploads\/2022\/10\/d09a0e3a-15a3-4528-8844-470af04e6c26.jpg 1279w\" sizes=\"auto, (max-width: 640px) 100vw, 640px\" \/><\/p>\n<p>&nbsp;<\/p>\n","protected":false},"excerpt":{"rendered":"<p>\u25a0 Las funciones venideras son el jueves 27 a las 21.00 horas, y el domingo 30 a las 20.30 horas, son en la Sala A del Teatro Argentino con un bono contribuci\u00f3n de 600 pesos.<\/p>\n","protected":false},"author":16,"featured_media":102719,"comment_status":"open","ping_status":"open","sticky":false,"template":"","format":"standard","meta":{"footnotes":""},"categories":[4],"tags":[3160,2949,6920,2614,2342,6089,480],"class_list":["post-102717","post","type-post","status-publish","format-standard","has-post-thumbnail","hentry","category-cultura","tag-anabel-pineiro","tag-claudio-mateo","tag-cristina-lamothe","tag-lucas-riselli","tag-mariano-anido","tag-marina-cabral","tag-teatro"],"yoast_head":"<!-- This site is optimized with the Yoast SEO plugin v27.5 - https:\/\/yoast.com\/product\/yoast-seo-wordpress\/ -->\n<title>Estreno a sala llena de &quot;El coraz\u00f3n del incauto&quot;, obra de la Comedia Municipal<\/title>\n<meta name=\"robots\" content=\"index, follow, max-snippet:-1, max-image-preview:large, max-video-preview:-1\" \/>\n<link rel=\"canonical\" href=\"https:\/\/noticiasmercedinas.com\/site\/2022\/10\/24\/estreno-a-sala-llena-de-el-corazon-del-incauto-obra-de-la-comedia-municipal\/\" \/>\n<meta property=\"og:locale\" content=\"es_ES\" \/>\n<meta property=\"og:type\" content=\"article\" \/>\n<meta property=\"og:title\" content=\"Estreno a sala llena de &quot;El coraz\u00f3n del incauto&quot;, obra de la Comedia Municipal\" \/>\n<meta property=\"og:description\" content=\"\u25a0 Las funciones venideras son el jueves 27 a las 21.00 horas, y el domingo 30 a las 20.30 horas, son en la Sala A del Teatro Argentino con un bono contribuci\u00f3n de 600 pesos.\" \/>\n<meta property=\"og:url\" content=\"https:\/\/noticiasmercedinas.com\/site\/2022\/10\/24\/estreno-a-sala-llena-de-el-corazon-del-incauto-obra-de-la-comedia-municipal\/\" \/>\n<meta property=\"og:site_name\" content=\"NOTICIASMERCEDINAS.COM\" \/>\n<meta property=\"article:publisher\" content=\"https:\/\/www.facebook.com\/noticiasmercedinas\/\" \/>\n<meta property=\"article:published_time\" content=\"2022-10-24T19:23:29+00:00\" \/>\n<meta property=\"article:modified_time\" content=\"2022-10-24T20:21:47+00:00\" \/>\n<meta property=\"og:image\" content=\"https:\/\/noticiasmercedinas.com\/site\/wp-content\/uploads\/2022\/10\/be72565d-ae2e-4b46-90e5-e825482c6d8c.jpg\" \/>\n\t<meta property=\"og:image:width\" content=\"1600\" \/>\n\t<meta property=\"og:image:height\" content=\"1200\" \/>\n\t<meta property=\"og:image:type\" content=\"image\/jpeg\" \/>\n<meta name=\"author\" content=\"NOTICIASMERCEDINAS.COM\" \/>\n<meta name=\"twitter:card\" content=\"summary_large_image\" \/>\n<meta name=\"twitter:creator\" content=\"@notmercedinas\" \/>\n<meta name=\"twitter:site\" content=\"@notmercedinas\" \/>\n<meta name=\"twitter:label1\" content=\"Escrito por\" \/>\n\t<meta name=\"twitter:data1\" content=\"NOTICIASMERCEDINAS.COM\" \/>\n\t<meta name=\"twitter:label2\" content=\"Tiempo de lectura\" \/>\n\t<meta name=\"twitter:data2\" content=\"3 minutos\" \/>\n<script type=\"application\/ld+json\" class=\"yoast-schema-graph\">{\"@context\":\"https:\\\/\\\/schema.org\",\"@graph\":[{\"@type\":\"Article\",\"@id\":\"https:\\\/\\\/noticiasmercedinas.com\\\/site\\\/2022\\\/10\\\/24\\\/estreno-a-sala-llena-de-el-corazon-del-incauto-obra-de-la-comedia-municipal\\\/#article\",\"isPartOf\":{\"@id\":\"https:\\\/\\\/noticiasmercedinas.com\\\/site\\\/2022\\\/10\\\/24\\\/estreno-a-sala-llena-de-el-corazon-del-incauto-obra-de-la-comedia-municipal\\\/\"},\"author\":{\"name\":\"NOTICIASMERCEDINAS.COM\",\"@id\":\"https:\\\/\\\/noticiasmercedinas.com\\\/site\\\/#\\\/schema\\\/person\\\/84b59c099c28ff2e8b77d4ceec5d8063\"},\"headline\":\"Estreno a sala llena de \u00abEl coraz\u00f3n del incauto\u00bb, obra de la Comedia Municipal\",\"datePublished\":\"2022-10-24T19:23:29+00:00\",\"dateModified\":\"2022-10-24T20:21:47+00:00\",\"mainEntityOfPage\":{\"@id\":\"https:\\\/\\\/noticiasmercedinas.com\\\/site\\\/2022\\\/10\\\/24\\\/estreno-a-sala-llena-de-el-corazon-del-incauto-obra-de-la-comedia-municipal\\\/\"},\"wordCount\":367,\"commentCount\":0,\"publisher\":{\"@id\":\"https:\\\/\\\/noticiasmercedinas.com\\\/site\\\/#organization\"},\"image\":{\"@id\":\"https:\\\/\\\/noticiasmercedinas.com\\\/site\\\/2022\\\/10\\\/24\\\/estreno-a-sala-llena-de-el-corazon-del-incauto-obra-de-la-comedia-municipal\\\/#primaryimage\"},\"thumbnailUrl\":\"https:\\\/\\\/noticiasmercedinas.com\\\/site\\\/wp-content\\\/uploads\\\/2022\\\/10\\\/be72565d-ae2e-4b46-90e5-e825482c6d8c.jpg\",\"keywords\":[\"anabel pi\u00f1eiro\",\"claudio mateo\",\"Cristina Lamothe\",\"Lucas Riselli\",\"Mariano Anido\",\"Marina Cabral\",\"teatro\"],\"articleSection\":[\"Cultura\"],\"inLanguage\":\"es\",\"potentialAction\":[{\"@type\":\"CommentAction\",\"name\":\"Comment\",\"target\":[\"https:\\\/\\\/noticiasmercedinas.com\\\/site\\\/2022\\\/10\\\/24\\\/estreno-a-sala-llena-de-el-corazon-del-incauto-obra-de-la-comedia-municipal\\\/#respond\"]}]},{\"@type\":\"WebPage\",\"@id\":\"https:\\\/\\\/noticiasmercedinas.com\\\/site\\\/2022\\\/10\\\/24\\\/estreno-a-sala-llena-de-el-corazon-del-incauto-obra-de-la-comedia-municipal\\\/\",\"url\":\"https:\\\/\\\/noticiasmercedinas.com\\\/site\\\/2022\\\/10\\\/24\\\/estreno-a-sala-llena-de-el-corazon-del-incauto-obra-de-la-comedia-municipal\\\/\",\"name\":\"Estreno a sala llena de \\\"El coraz\u00f3n del incauto\\\", obra de la Comedia Municipal\",\"isPartOf\":{\"@id\":\"https:\\\/\\\/noticiasmercedinas.com\\\/site\\\/#website\"},\"primaryImageOfPage\":{\"@id\":\"https:\\\/\\\/noticiasmercedinas.com\\\/site\\\/2022\\\/10\\\/24\\\/estreno-a-sala-llena-de-el-corazon-del-incauto-obra-de-la-comedia-municipal\\\/#primaryimage\"},\"image\":{\"@id\":\"https:\\\/\\\/noticiasmercedinas.com\\\/site\\\/2022\\\/10\\\/24\\\/estreno-a-sala-llena-de-el-corazon-del-incauto-obra-de-la-comedia-municipal\\\/#primaryimage\"},\"thumbnailUrl\":\"https:\\\/\\\/noticiasmercedinas.com\\\/site\\\/wp-content\\\/uploads\\\/2022\\\/10\\\/be72565d-ae2e-4b46-90e5-e825482c6d8c.jpg\",\"datePublished\":\"2022-10-24T19:23:29+00:00\",\"dateModified\":\"2022-10-24T20:21:47+00:00\",\"breadcrumb\":{\"@id\":\"https:\\\/\\\/noticiasmercedinas.com\\\/site\\\/2022\\\/10\\\/24\\\/estreno-a-sala-llena-de-el-corazon-del-incauto-obra-de-la-comedia-municipal\\\/#breadcrumb\"},\"inLanguage\":\"es\",\"potentialAction\":[{\"@type\":\"ReadAction\",\"target\":[\"https:\\\/\\\/noticiasmercedinas.com\\\/site\\\/2022\\\/10\\\/24\\\/estreno-a-sala-llena-de-el-corazon-del-incauto-obra-de-la-comedia-municipal\\\/\"]}]},{\"@type\":\"ImageObject\",\"inLanguage\":\"es\",\"@id\":\"https:\\\/\\\/noticiasmercedinas.com\\\/site\\\/2022\\\/10\\\/24\\\/estreno-a-sala-llena-de-el-corazon-del-incauto-obra-de-la-comedia-municipal\\\/#primaryimage\",\"url\":\"https:\\\/\\\/noticiasmercedinas.com\\\/site\\\/wp-content\\\/uploads\\\/2022\\\/10\\\/be72565d-ae2e-4b46-90e5-e825482c6d8c.jpg\",\"contentUrl\":\"https:\\\/\\\/noticiasmercedinas.com\\\/site\\\/wp-content\\\/uploads\\\/2022\\\/10\\\/be72565d-ae2e-4b46-90e5-e825482c6d8c.jpg\",\"width\":1600,\"height\":1200},{\"@type\":\"BreadcrumbList\",\"@id\":\"https:\\\/\\\/noticiasmercedinas.com\\\/site\\\/2022\\\/10\\\/24\\\/estreno-a-sala-llena-de-el-corazon-del-incauto-obra-de-la-comedia-municipal\\\/#breadcrumb\",\"itemListElement\":[{\"@type\":\"ListItem\",\"position\":1,\"name\":\"Portada\",\"item\":\"https:\\\/\\\/noticiasmercedinas.com\\\/site\\\/\"},{\"@type\":\"ListItem\",\"position\":2,\"name\":\"Estreno a sala llena de \u00abEl coraz\u00f3n del incauto\u00bb, obra de la Comedia Municipal\"}]},{\"@type\":\"WebSite\",\"@id\":\"https:\\\/\\\/noticiasmercedinas.com\\\/site\\\/#website\",\"url\":\"https:\\\/\\\/noticiasmercedinas.com\\\/site\\\/\",\"name\":\"NOTICIASMERCEDINAS.COM\",\"description\":\"Mercedes, Buenos Aires, Argentina\",\"publisher\":{\"@id\":\"https:\\\/\\\/noticiasmercedinas.com\\\/site\\\/#organization\"},\"potentialAction\":[{\"@type\":\"SearchAction\",\"target\":{\"@type\":\"EntryPoint\",\"urlTemplate\":\"https:\\\/\\\/noticiasmercedinas.com\\\/site\\\/?s={search_term_string}\"},\"query-input\":{\"@type\":\"PropertyValueSpecification\",\"valueRequired\":true,\"valueName\":\"search_term_string\"}}],\"inLanguage\":\"es\"},{\"@type\":\"Organization\",\"@id\":\"https:\\\/\\\/noticiasmercedinas.com\\\/site\\\/#organization\",\"name\":\"NOTICIASMERCEDINAS.COM\",\"url\":\"https:\\\/\\\/noticiasmercedinas.com\\\/site\\\/\",\"logo\":{\"@type\":\"ImageObject\",\"inLanguage\":\"es\",\"@id\":\"https:\\\/\\\/noticiasmercedinas.com\\\/site\\\/#\\\/schema\\\/logo\\\/image\\\/\",\"url\":\"https:\\\/\\\/noticiasmercedinas.com\\\/site\\\/wp-content\\\/uploads\\\/2020\\\/06\\\/LOGO-512.jpg\",\"contentUrl\":\"https:\\\/\\\/noticiasmercedinas.com\\\/site\\\/wp-content\\\/uploads\\\/2020\\\/06\\\/LOGO-512.jpg\",\"width\":512,\"height\":512,\"caption\":\"NOTICIASMERCEDINAS.COM\"},\"image\":{\"@id\":\"https:\\\/\\\/noticiasmercedinas.com\\\/site\\\/#\\\/schema\\\/logo\\\/image\\\/\"},\"sameAs\":[\"https:\\\/\\\/www.facebook.com\\\/noticiasmercedinas\\\/\",\"https:\\\/\\\/x.com\\\/notmercedinas\",\"https:\\\/\\\/www.instagram.com\\\/noticiasmercedinas\\\/\"]},{\"@type\":\"Person\",\"@id\":\"https:\\\/\\\/noticiasmercedinas.com\\\/site\\\/#\\\/schema\\\/person\\\/84b59c099c28ff2e8b77d4ceec5d8063\",\"name\":\"NOTICIASMERCEDINAS.COM\",\"image\":{\"@type\":\"ImageObject\",\"inLanguage\":\"es\",\"@id\":\"https:\\\/\\\/secure.gravatar.com\\\/avatar\\\/4dfbf16b4d17945bfb6341b2d19043457132fcf478a5ee04f42e959fd8f5df0a?s=96&d=mm&r=g\",\"url\":\"https:\\\/\\\/secure.gravatar.com\\\/avatar\\\/4dfbf16b4d17945bfb6341b2d19043457132fcf478a5ee04f42e959fd8f5df0a?s=96&d=mm&r=g\",\"contentUrl\":\"https:\\\/\\\/secure.gravatar.com\\\/avatar\\\/4dfbf16b4d17945bfb6341b2d19043457132fcf478a5ee04f42e959fd8f5df0a?s=96&d=mm&r=g\",\"caption\":\"NOTICIASMERCEDINAS.COM\"},\"url\":\"https:\\\/\\\/noticiasmercedinas.com\\\/site\\\/author\\\/anonimo\\\/\"}]}<\/script>\n<!-- \/ Yoast SEO plugin. -->","yoast_head_json":{"title":"Estreno a sala llena de \"El coraz\u00f3n del incauto\", obra de la Comedia Municipal","robots":{"index":"index","follow":"follow","max-snippet":"max-snippet:-1","max-image-preview":"max-image-preview:large","max-video-preview":"max-video-preview:-1"},"canonical":"https:\/\/noticiasmercedinas.com\/site\/2022\/10\/24\/estreno-a-sala-llena-de-el-corazon-del-incauto-obra-de-la-comedia-municipal\/","og_locale":"es_ES","og_type":"article","og_title":"Estreno a sala llena de \"El coraz\u00f3n del incauto\", obra de la Comedia Municipal","og_description":"\u25a0 Las funciones venideras son el jueves 27 a las 21.00 horas, y el domingo 30 a las 20.30 horas, son en la Sala A del Teatro Argentino con un bono contribuci\u00f3n de 600 pesos.","og_url":"https:\/\/noticiasmercedinas.com\/site\/2022\/10\/24\/estreno-a-sala-llena-de-el-corazon-del-incauto-obra-de-la-comedia-municipal\/","og_site_name":"NOTICIASMERCEDINAS.COM","article_publisher":"https:\/\/www.facebook.com\/noticiasmercedinas\/","article_published_time":"2022-10-24T19:23:29+00:00","article_modified_time":"2022-10-24T20:21:47+00:00","og_image":[{"width":1600,"height":1200,"url":"https:\/\/noticiasmercedinas.com\/site\/wp-content\/uploads\/2022\/10\/be72565d-ae2e-4b46-90e5-e825482c6d8c.jpg","type":"image\/jpeg"}],"author":"NOTICIASMERCEDINAS.COM","twitter_card":"summary_large_image","twitter_creator":"@notmercedinas","twitter_site":"@notmercedinas","twitter_misc":{"Escrito por":"NOTICIASMERCEDINAS.COM","Tiempo de lectura":"3 minutos"},"schema":{"@context":"https:\/\/schema.org","@graph":[{"@type":"Article","@id":"https:\/\/noticiasmercedinas.com\/site\/2022\/10\/24\/estreno-a-sala-llena-de-el-corazon-del-incauto-obra-de-la-comedia-municipal\/#article","isPartOf":{"@id":"https:\/\/noticiasmercedinas.com\/site\/2022\/10\/24\/estreno-a-sala-llena-de-el-corazon-del-incauto-obra-de-la-comedia-municipal\/"},"author":{"name":"NOTICIASMERCEDINAS.COM","@id":"https:\/\/noticiasmercedinas.com\/site\/#\/schema\/person\/84b59c099c28ff2e8b77d4ceec5d8063"},"headline":"Estreno a sala llena de \u00abEl coraz\u00f3n del incauto\u00bb, obra de la Comedia Municipal","datePublished":"2022-10-24T19:23:29+00:00","dateModified":"2022-10-24T20:21:47+00:00","mainEntityOfPage":{"@id":"https:\/\/noticiasmercedinas.com\/site\/2022\/10\/24\/estreno-a-sala-llena-de-el-corazon-del-incauto-obra-de-la-comedia-municipal\/"},"wordCount":367,"commentCount":0,"publisher":{"@id":"https:\/\/noticiasmercedinas.com\/site\/#organization"},"image":{"@id":"https:\/\/noticiasmercedinas.com\/site\/2022\/10\/24\/estreno-a-sala-llena-de-el-corazon-del-incauto-obra-de-la-comedia-municipal\/#primaryimage"},"thumbnailUrl":"https:\/\/noticiasmercedinas.com\/site\/wp-content\/uploads\/2022\/10\/be72565d-ae2e-4b46-90e5-e825482c6d8c.jpg","keywords":["anabel pi\u00f1eiro","claudio mateo","Cristina Lamothe","Lucas Riselli","Mariano Anido","Marina Cabral","teatro"],"articleSection":["Cultura"],"inLanguage":"es","potentialAction":[{"@type":"CommentAction","name":"Comment","target":["https:\/\/noticiasmercedinas.com\/site\/2022\/10\/24\/estreno-a-sala-llena-de-el-corazon-del-incauto-obra-de-la-comedia-municipal\/#respond"]}]},{"@type":"WebPage","@id":"https:\/\/noticiasmercedinas.com\/site\/2022\/10\/24\/estreno-a-sala-llena-de-el-corazon-del-incauto-obra-de-la-comedia-municipal\/","url":"https:\/\/noticiasmercedinas.com\/site\/2022\/10\/24\/estreno-a-sala-llena-de-el-corazon-del-incauto-obra-de-la-comedia-municipal\/","name":"Estreno a sala llena de \"El coraz\u00f3n del incauto\", obra de la Comedia Municipal","isPartOf":{"@id":"https:\/\/noticiasmercedinas.com\/site\/#website"},"primaryImageOfPage":{"@id":"https:\/\/noticiasmercedinas.com\/site\/2022\/10\/24\/estreno-a-sala-llena-de-el-corazon-del-incauto-obra-de-la-comedia-municipal\/#primaryimage"},"image":{"@id":"https:\/\/noticiasmercedinas.com\/site\/2022\/10\/24\/estreno-a-sala-llena-de-el-corazon-del-incauto-obra-de-la-comedia-municipal\/#primaryimage"},"thumbnailUrl":"https:\/\/noticiasmercedinas.com\/site\/wp-content\/uploads\/2022\/10\/be72565d-ae2e-4b46-90e5-e825482c6d8c.jpg","datePublished":"2022-10-24T19:23:29+00:00","dateModified":"2022-10-24T20:21:47+00:00","breadcrumb":{"@id":"https:\/\/noticiasmercedinas.com\/site\/2022\/10\/24\/estreno-a-sala-llena-de-el-corazon-del-incauto-obra-de-la-comedia-municipal\/#breadcrumb"},"inLanguage":"es","potentialAction":[{"@type":"ReadAction","target":["https:\/\/noticiasmercedinas.com\/site\/2022\/10\/24\/estreno-a-sala-llena-de-el-corazon-del-incauto-obra-de-la-comedia-municipal\/"]}]},{"@type":"ImageObject","inLanguage":"es","@id":"https:\/\/noticiasmercedinas.com\/site\/2022\/10\/24\/estreno-a-sala-llena-de-el-corazon-del-incauto-obra-de-la-comedia-municipal\/#primaryimage","url":"https:\/\/noticiasmercedinas.com\/site\/wp-content\/uploads\/2022\/10\/be72565d-ae2e-4b46-90e5-e825482c6d8c.jpg","contentUrl":"https:\/\/noticiasmercedinas.com\/site\/wp-content\/uploads\/2022\/10\/be72565d-ae2e-4b46-90e5-e825482c6d8c.jpg","width":1600,"height":1200},{"@type":"BreadcrumbList","@id":"https:\/\/noticiasmercedinas.com\/site\/2022\/10\/24\/estreno-a-sala-llena-de-el-corazon-del-incauto-obra-de-la-comedia-municipal\/#breadcrumb","itemListElement":[{"@type":"ListItem","position":1,"name":"Portada","item":"https:\/\/noticiasmercedinas.com\/site\/"},{"@type":"ListItem","position":2,"name":"Estreno a sala llena de \u00abEl coraz\u00f3n del incauto\u00bb, obra de la Comedia Municipal"}]},{"@type":"WebSite","@id":"https:\/\/noticiasmercedinas.com\/site\/#website","url":"https:\/\/noticiasmercedinas.com\/site\/","name":"NOTICIASMERCEDINAS.COM","description":"Mercedes, Buenos Aires, Argentina","publisher":{"@id":"https:\/\/noticiasmercedinas.com\/site\/#organization"},"potentialAction":[{"@type":"SearchAction","target":{"@type":"EntryPoint","urlTemplate":"https:\/\/noticiasmercedinas.com\/site\/?s={search_term_string}"},"query-input":{"@type":"PropertyValueSpecification","valueRequired":true,"valueName":"search_term_string"}}],"inLanguage":"es"},{"@type":"Organization","@id":"https:\/\/noticiasmercedinas.com\/site\/#organization","name":"NOTICIASMERCEDINAS.COM","url":"https:\/\/noticiasmercedinas.com\/site\/","logo":{"@type":"ImageObject","inLanguage":"es","@id":"https:\/\/noticiasmercedinas.com\/site\/#\/schema\/logo\/image\/","url":"https:\/\/noticiasmercedinas.com\/site\/wp-content\/uploads\/2020\/06\/LOGO-512.jpg","contentUrl":"https:\/\/noticiasmercedinas.com\/site\/wp-content\/uploads\/2020\/06\/LOGO-512.jpg","width":512,"height":512,"caption":"NOTICIASMERCEDINAS.COM"},"image":{"@id":"https:\/\/noticiasmercedinas.com\/site\/#\/schema\/logo\/image\/"},"sameAs":["https:\/\/www.facebook.com\/noticiasmercedinas\/","https:\/\/x.com\/notmercedinas","https:\/\/www.instagram.com\/noticiasmercedinas\/"]},{"@type":"Person","@id":"https:\/\/noticiasmercedinas.com\/site\/#\/schema\/person\/84b59c099c28ff2e8b77d4ceec5d8063","name":"NOTICIASMERCEDINAS.COM","image":{"@type":"ImageObject","inLanguage":"es","@id":"https:\/\/secure.gravatar.com\/avatar\/4dfbf16b4d17945bfb6341b2d19043457132fcf478a5ee04f42e959fd8f5df0a?s=96&d=mm&r=g","url":"https:\/\/secure.gravatar.com\/avatar\/4dfbf16b4d17945bfb6341b2d19043457132fcf478a5ee04f42e959fd8f5df0a?s=96&d=mm&r=g","contentUrl":"https:\/\/secure.gravatar.com\/avatar\/4dfbf16b4d17945bfb6341b2d19043457132fcf478a5ee04f42e959fd8f5df0a?s=96&d=mm&r=g","caption":"NOTICIASMERCEDINAS.COM"},"url":"https:\/\/noticiasmercedinas.com\/site\/author\/anonimo\/"}]}},"amp_enabled":true,"_links":{"self":[{"href":"https:\/\/noticiasmercedinas.com\/site\/wp-json\/wp\/v2\/posts\/102717","targetHints":{"allow":["GET"]}}],"collection":[{"href":"https:\/\/noticiasmercedinas.com\/site\/wp-json\/wp\/v2\/posts"}],"about":[{"href":"https:\/\/noticiasmercedinas.com\/site\/wp-json\/wp\/v2\/types\/post"}],"author":[{"embeddable":true,"href":"https:\/\/noticiasmercedinas.com\/site\/wp-json\/wp\/v2\/users\/16"}],"replies":[{"embeddable":true,"href":"https:\/\/noticiasmercedinas.com\/site\/wp-json\/wp\/v2\/comments?post=102717"}],"version-history":[{"count":5,"href":"https:\/\/noticiasmercedinas.com\/site\/wp-json\/wp\/v2\/posts\/102717\/revisions"}],"predecessor-version":[{"id":102733,"href":"https:\/\/noticiasmercedinas.com\/site\/wp-json\/wp\/v2\/posts\/102717\/revisions\/102733"}],"wp:featuredmedia":[{"embeddable":true,"href":"https:\/\/noticiasmercedinas.com\/site\/wp-json\/wp\/v2\/media\/102719"}],"wp:attachment":[{"href":"https:\/\/noticiasmercedinas.com\/site\/wp-json\/wp\/v2\/media?parent=102717"}],"wp:term":[{"taxonomy":"category","embeddable":true,"href":"https:\/\/noticiasmercedinas.com\/site\/wp-json\/wp\/v2\/categories?post=102717"},{"taxonomy":"post_tag","embeddable":true,"href":"https:\/\/noticiasmercedinas.com\/site\/wp-json\/wp\/v2\/tags?post=102717"}],"curies":[{"name":"wp","href":"https:\/\/api.w.org\/{rel}","templated":true}]}}