{"id":102876,"date":"2022-10-26T21:31:53","date_gmt":"2022-10-27T00:31:53","guid":{"rendered":"https:\/\/noticiasmercedinas.com\/site\/?p=102876"},"modified":"2022-10-27T07:10:32","modified_gmt":"2022-10-27T10:10:32","slug":"ediles-de-juntos-velan-por-obras-en-viviendas-del-barrio-calabria","status":"publish","type":"post","link":"https:\/\/noticiasmercedinas.com\/site\/2022\/10\/26\/ediles-de-juntos-velan-por-obras-en-viviendas-del-barrio-calabria\/","title":{"rendered":"Ediles de Juntos velan por obras en viviendas del Barrio Calabria"},"content":{"rendered":"<p><img loading=\"lazy\" decoding=\"async\" class=\"alignnone size-full wp-image-87996\" src=\"https:\/\/noticiasmercedinas.com\/site\/wp-content\/uploads\/2022\/04\/DeboralacasaIMG_2531.jpg\" alt=\"\" width=\"640\" height=\"427\" srcset=\"https:\/\/noticiasmercedinas.com\/site\/wp-content\/uploads\/2022\/04\/DeboralacasaIMG_2531.jpg 640w, https:\/\/noticiasmercedinas.com\/site\/wp-content\/uploads\/2022\/04\/DeboralacasaIMG_2531-300x200.jpg 300w\" sizes=\"auto, (max-width: 640px) 100vw, 640px\" \/><\/p>\n<p>Para poner de relieve problem\u00e1ticas que se dan en el Loteo Calabria, desde el bloque Juntos por el Cambio crearon un pedido de informes a trav\u00e9s de su bloque de concejales.<\/p>\n<p>En este sentido la concejal <strong>D\u00e9bora Lacasa<\/strong> coment\u00f3: \u201cEl jueves 20 de octubre acompa\u00f1amos a algunos de los vecinos del Barrio Calabria a visitar sus futuras viviendas. La visita fue coordinada por las arquitectas de la Direcci\u00f3n de Vivienda de la Municipalidad, quienes guiaron el recorrido y mostraron a las vecinas cada una de las casas que habitar\u00e1n cuando estas se terminen\u201d.<\/p>\n<p>\u201cEsta iniciativa fue de suma importancia ya que el martes 18 en respuesta a un expediente presentado por el Bloque de Juntos sostuvimos una reuni\u00f3n en la que nos pudieron responder algunas dudas que ten\u00edamos, respecto de algunos incidentes que hab\u00edan tenido lugar en la obra y de los que no hab\u00edamos anoticiado por la preocupaci\u00f3n que nos manifestaron los propios vecinos\u201d, agreg\u00f3 Lacasa.<\/p>\n<p>Tras la reuni\u00f3n y la visita, la edil coment\u00f3 que quedaron a la espera del env\u00edo de toda la documentaci\u00f3n pertinente a la obra como el Proyecto estructural ejecutivo, donde consta todo aquello a lo que se compromete la empresa y a los ediles les es \u00fatil para poder ejercer un control.<\/p>\n<p>\u201cDesde hace meses venimos ocup\u00e1ndonos de la situaci\u00f3n del Barrio Calabria, lo que suscit\u00f3 el pedido de informes, ya que por lo observado en esas instancias nos surgieron estas dudas de la posibilidad de que existieran discrepancias entre lo solicitado en los pliegos de licitaci\u00f3n y lo ejecutado.  Es importante para nosotros asegurarnos que los vecinos al final de proceso tengan su vivienda en condiciones y sin problemas y en este sentido estamos actuado\u201d, dijo Lacasa.<\/p>\n","protected":false},"excerpt":{"rendered":"<p>\u25a0 En ese sentido hab\u00edan presentado un pedido de informes en el Conejo. Y esta semana llevaron adelante una visita explicativa junto a arquitectas de la Direcci\u00f3n de Vivienda de la Municipalidad.<\/p>\n","protected":false},"author":16,"featured_media":87996,"comment_status":"open","ping_status":"open","sticky":false,"template":"","format":"standard","meta":{"footnotes":""},"categories":[16],"tags":[15597,12446,5269,544],"class_list":["post-102876","post","type-post","status-publish","format-standard","has-post-thumbnail","hentry","category-politica","tag-barrio-calabria","tag-debora-lacasa","tag-juntos-por-el-cambio","tag-viviendas"],"yoast_head":"<!-- This site is optimized with the Yoast SEO plugin v27.5 - https:\/\/yoast.com\/product\/yoast-seo-wordpress\/ -->\n<title>Ediles de Juntos velan por obras en viviendas del Barrio Calabria<\/title>\n<meta name=\"robots\" content=\"index, follow, max-snippet:-1, max-image-preview:large, max-video-preview:-1\" \/>\n<link rel=\"canonical\" href=\"https:\/\/noticiasmercedinas.com\/site\/2022\/10\/26\/ediles-de-juntos-velan-por-obras-en-viviendas-del-barrio-calabria\/\" \/>\n<meta property=\"og:locale\" content=\"es_ES\" \/>\n<meta property=\"og:type\" content=\"article\" \/>\n<meta property=\"og:title\" content=\"Ediles de Juntos velan por obras en viviendas del Barrio Calabria\" \/>\n<meta property=\"og:description\" content=\"\u25a0 En ese sentido hab\u00edan presentado un pedido de informes en el Conejo. Y esta semana llevaron adelante una visita explicativa junto a arquitectas de la Direcci\u00f3n de Vivienda de la Municipalidad.\" \/>\n<meta property=\"og:url\" content=\"https:\/\/noticiasmercedinas.com\/site\/2022\/10\/26\/ediles-de-juntos-velan-por-obras-en-viviendas-del-barrio-calabria\/\" \/>\n<meta property=\"og:site_name\" content=\"NOTICIASMERCEDINAS.COM\" \/>\n<meta property=\"article:publisher\" content=\"https:\/\/www.facebook.com\/noticiasmercedinas\/\" \/>\n<meta property=\"article:published_time\" content=\"2022-10-27T00:31:53+00:00\" \/>\n<meta property=\"article:modified_time\" content=\"2022-10-27T10:10:32+00:00\" \/>\n<meta property=\"og:image\" content=\"https:\/\/noticiasmercedinas.com\/site\/wp-content\/uploads\/2022\/04\/DeboralacasaIMG_2531.jpg\" \/>\n\t<meta property=\"og:image:width\" content=\"640\" \/>\n\t<meta property=\"og:image:height\" content=\"427\" \/>\n\t<meta property=\"og:image:type\" content=\"image\/jpeg\" \/>\n<meta name=\"author\" content=\"NOTICIASMERCEDINAS.COM\" \/>\n<meta name=\"twitter:card\" content=\"summary_large_image\" \/>\n<meta name=\"twitter:creator\" content=\"@notmercedinas\" \/>\n<meta name=\"twitter:site\" content=\"@notmercedinas\" \/>\n<meta name=\"twitter:label1\" content=\"Escrito por\" \/>\n\t<meta name=\"twitter:data1\" content=\"NOTICIASMERCEDINAS.COM\" \/>\n\t<meta name=\"twitter:label2\" content=\"Tiempo de lectura\" \/>\n\t<meta name=\"twitter:data2\" content=\"2 minutos\" \/>\n<script type=\"application\/ld+json\" class=\"yoast-schema-graph\">{\"@context\":\"https:\\\/\\\/schema.org\",\"@graph\":[{\"@type\":\"Article\",\"@id\":\"https:\\\/\\\/noticiasmercedinas.com\\\/site\\\/2022\\\/10\\\/26\\\/ediles-de-juntos-velan-por-obras-en-viviendas-del-barrio-calabria\\\/#article\",\"isPartOf\":{\"@id\":\"https:\\\/\\\/noticiasmercedinas.com\\\/site\\\/2022\\\/10\\\/26\\\/ediles-de-juntos-velan-por-obras-en-viviendas-del-barrio-calabria\\\/\"},\"author\":{\"name\":\"NOTICIASMERCEDINAS.COM\",\"@id\":\"https:\\\/\\\/noticiasmercedinas.com\\\/site\\\/#\\\/schema\\\/person\\\/84b59c099c28ff2e8b77d4ceec5d8063\"},\"headline\":\"Ediles de Juntos velan por obras en viviendas del Barrio Calabria\",\"datePublished\":\"2022-10-27T00:31:53+00:00\",\"dateModified\":\"2022-10-27T10:10:32+00:00\",\"mainEntityOfPage\":{\"@id\":\"https:\\\/\\\/noticiasmercedinas.com\\\/site\\\/2022\\\/10\\\/26\\\/ediles-de-juntos-velan-por-obras-en-viviendas-del-barrio-calabria\\\/\"},\"wordCount\":311,\"commentCount\":0,\"publisher\":{\"@id\":\"https:\\\/\\\/noticiasmercedinas.com\\\/site\\\/#organization\"},\"image\":{\"@id\":\"https:\\\/\\\/noticiasmercedinas.com\\\/site\\\/2022\\\/10\\\/26\\\/ediles-de-juntos-velan-por-obras-en-viviendas-del-barrio-calabria\\\/#primaryimage\"},\"thumbnailUrl\":\"https:\\\/\\\/noticiasmercedinas.com\\\/site\\\/wp-content\\\/uploads\\\/2022\\\/04\\\/DeboralacasaIMG_2531.jpg\",\"keywords\":[\"barrio calabria\",\"Debora Lacasa\",\"juntos por el cambio\",\"viviendas\"],\"articleSection\":[\"Politica\"],\"inLanguage\":\"es\",\"potentialAction\":[{\"@type\":\"CommentAction\",\"name\":\"Comment\",\"target\":[\"https:\\\/\\\/noticiasmercedinas.com\\\/site\\\/2022\\\/10\\\/26\\\/ediles-de-juntos-velan-por-obras-en-viviendas-del-barrio-calabria\\\/#respond\"]}]},{\"@type\":\"WebPage\",\"@id\":\"https:\\\/\\\/noticiasmercedinas.com\\\/site\\\/2022\\\/10\\\/26\\\/ediles-de-juntos-velan-por-obras-en-viviendas-del-barrio-calabria\\\/\",\"url\":\"https:\\\/\\\/noticiasmercedinas.com\\\/site\\\/2022\\\/10\\\/26\\\/ediles-de-juntos-velan-por-obras-en-viviendas-del-barrio-calabria\\\/\",\"name\":\"Ediles de Juntos velan por obras en viviendas del Barrio Calabria\",\"isPartOf\":{\"@id\":\"https:\\\/\\\/noticiasmercedinas.com\\\/site\\\/#website\"},\"primaryImageOfPage\":{\"@id\":\"https:\\\/\\\/noticiasmercedinas.com\\\/site\\\/2022\\\/10\\\/26\\\/ediles-de-juntos-velan-por-obras-en-viviendas-del-barrio-calabria\\\/#primaryimage\"},\"image\":{\"@id\":\"https:\\\/\\\/noticiasmercedinas.com\\\/site\\\/2022\\\/10\\\/26\\\/ediles-de-juntos-velan-por-obras-en-viviendas-del-barrio-calabria\\\/#primaryimage\"},\"thumbnailUrl\":\"https:\\\/\\\/noticiasmercedinas.com\\\/site\\\/wp-content\\\/uploads\\\/2022\\\/04\\\/DeboralacasaIMG_2531.jpg\",\"datePublished\":\"2022-10-27T00:31:53+00:00\",\"dateModified\":\"2022-10-27T10:10:32+00:00\",\"breadcrumb\":{\"@id\":\"https:\\\/\\\/noticiasmercedinas.com\\\/site\\\/2022\\\/10\\\/26\\\/ediles-de-juntos-velan-por-obras-en-viviendas-del-barrio-calabria\\\/#breadcrumb\"},\"inLanguage\":\"es\",\"potentialAction\":[{\"@type\":\"ReadAction\",\"target\":[\"https:\\\/\\\/noticiasmercedinas.com\\\/site\\\/2022\\\/10\\\/26\\\/ediles-de-juntos-velan-por-obras-en-viviendas-del-barrio-calabria\\\/\"]}]},{\"@type\":\"ImageObject\",\"inLanguage\":\"es\",\"@id\":\"https:\\\/\\\/noticiasmercedinas.com\\\/site\\\/2022\\\/10\\\/26\\\/ediles-de-juntos-velan-por-obras-en-viviendas-del-barrio-calabria\\\/#primaryimage\",\"url\":\"https:\\\/\\\/noticiasmercedinas.com\\\/site\\\/wp-content\\\/uploads\\\/2022\\\/04\\\/DeboralacasaIMG_2531.jpg\",\"contentUrl\":\"https:\\\/\\\/noticiasmercedinas.com\\\/site\\\/wp-content\\\/uploads\\\/2022\\\/04\\\/DeboralacasaIMG_2531.jpg\",\"width\":640,\"height\":427},{\"@type\":\"BreadcrumbList\",\"@id\":\"https:\\\/\\\/noticiasmercedinas.com\\\/site\\\/2022\\\/10\\\/26\\\/ediles-de-juntos-velan-por-obras-en-viviendas-del-barrio-calabria\\\/#breadcrumb\",\"itemListElement\":[{\"@type\":\"ListItem\",\"position\":1,\"name\":\"Portada\",\"item\":\"https:\\\/\\\/noticiasmercedinas.com\\\/site\\\/\"},{\"@type\":\"ListItem\",\"position\":2,\"name\":\"Ediles de Juntos velan por obras en viviendas del Barrio Calabria\"}]},{\"@type\":\"WebSite\",\"@id\":\"https:\\\/\\\/noticiasmercedinas.com\\\/site\\\/#website\",\"url\":\"https:\\\/\\\/noticiasmercedinas.com\\\/site\\\/\",\"name\":\"NOTICIASMERCEDINAS.COM\",\"description\":\"Mercedes, Buenos Aires, Argentina\",\"publisher\":{\"@id\":\"https:\\\/\\\/noticiasmercedinas.com\\\/site\\\/#organization\"},\"potentialAction\":[{\"@type\":\"SearchAction\",\"target\":{\"@type\":\"EntryPoint\",\"urlTemplate\":\"https:\\\/\\\/noticiasmercedinas.com\\\/site\\\/?s={search_term_string}\"},\"query-input\":{\"@type\":\"PropertyValueSpecification\",\"valueRequired\":true,\"valueName\":\"search_term_string\"}}],\"inLanguage\":\"es\"},{\"@type\":\"Organization\",\"@id\":\"https:\\\/\\\/noticiasmercedinas.com\\\/site\\\/#organization\",\"name\":\"NOTICIASMERCEDINAS.COM\",\"url\":\"https:\\\/\\\/noticiasmercedinas.com\\\/site\\\/\",\"logo\":{\"@type\":\"ImageObject\",\"inLanguage\":\"es\",\"@id\":\"https:\\\/\\\/noticiasmercedinas.com\\\/site\\\/#\\\/schema\\\/logo\\\/image\\\/\",\"url\":\"https:\\\/\\\/noticiasmercedinas.com\\\/site\\\/wp-content\\\/uploads\\\/2020\\\/06\\\/LOGO-512.jpg\",\"contentUrl\":\"https:\\\/\\\/noticiasmercedinas.com\\\/site\\\/wp-content\\\/uploads\\\/2020\\\/06\\\/LOGO-512.jpg\",\"width\":512,\"height\":512,\"caption\":\"NOTICIASMERCEDINAS.COM\"},\"image\":{\"@id\":\"https:\\\/\\\/noticiasmercedinas.com\\\/site\\\/#\\\/schema\\\/logo\\\/image\\\/\"},\"sameAs\":[\"https:\\\/\\\/www.facebook.com\\\/noticiasmercedinas\\\/\",\"https:\\\/\\\/x.com\\\/notmercedinas\",\"https:\\\/\\\/www.instagram.com\\\/noticiasmercedinas\\\/\"]},{\"@type\":\"Person\",\"@id\":\"https:\\\/\\\/noticiasmercedinas.com\\\/site\\\/#\\\/schema\\\/person\\\/84b59c099c28ff2e8b77d4ceec5d8063\",\"name\":\"NOTICIASMERCEDINAS.COM\",\"image\":{\"@type\":\"ImageObject\",\"inLanguage\":\"es\",\"@id\":\"https:\\\/\\\/secure.gravatar.com\\\/avatar\\\/4dfbf16b4d17945bfb6341b2d19043457132fcf478a5ee04f42e959fd8f5df0a?s=96&d=mm&r=g\",\"url\":\"https:\\\/\\\/secure.gravatar.com\\\/avatar\\\/4dfbf16b4d17945bfb6341b2d19043457132fcf478a5ee04f42e959fd8f5df0a?s=96&d=mm&r=g\",\"contentUrl\":\"https:\\\/\\\/secure.gravatar.com\\\/avatar\\\/4dfbf16b4d17945bfb6341b2d19043457132fcf478a5ee04f42e959fd8f5df0a?s=96&d=mm&r=g\",\"caption\":\"NOTICIASMERCEDINAS.COM\"},\"url\":\"https:\\\/\\\/noticiasmercedinas.com\\\/site\\\/author\\\/anonimo\\\/\"}]}<\/script>\n<!-- \/ Yoast SEO plugin. -->","yoast_head_json":{"title":"Ediles de Juntos velan por obras en viviendas del Barrio Calabria","robots":{"index":"index","follow":"follow","max-snippet":"max-snippet:-1","max-image-preview":"max-image-preview:large","max-video-preview":"max-video-preview:-1"},"canonical":"https:\/\/noticiasmercedinas.com\/site\/2022\/10\/26\/ediles-de-juntos-velan-por-obras-en-viviendas-del-barrio-calabria\/","og_locale":"es_ES","og_type":"article","og_title":"Ediles de Juntos velan por obras en viviendas del Barrio Calabria","og_description":"\u25a0 En ese sentido hab\u00edan presentado un pedido de informes en el Conejo. Y esta semana llevaron adelante una visita explicativa junto a arquitectas de la Direcci\u00f3n de Vivienda de la Municipalidad.","og_url":"https:\/\/noticiasmercedinas.com\/site\/2022\/10\/26\/ediles-de-juntos-velan-por-obras-en-viviendas-del-barrio-calabria\/","og_site_name":"NOTICIASMERCEDINAS.COM","article_publisher":"https:\/\/www.facebook.com\/noticiasmercedinas\/","article_published_time":"2022-10-27T00:31:53+00:00","article_modified_time":"2022-10-27T10:10:32+00:00","og_image":[{"width":640,"height":427,"url":"https:\/\/noticiasmercedinas.com\/site\/wp-content\/uploads\/2022\/04\/DeboralacasaIMG_2531.jpg","type":"image\/jpeg"}],"author":"NOTICIASMERCEDINAS.COM","twitter_card":"summary_large_image","twitter_creator":"@notmercedinas","twitter_site":"@notmercedinas","twitter_misc":{"Escrito por":"NOTICIASMERCEDINAS.COM","Tiempo de lectura":"2 minutos"},"schema":{"@context":"https:\/\/schema.org","@graph":[{"@type":"Article","@id":"https:\/\/noticiasmercedinas.com\/site\/2022\/10\/26\/ediles-de-juntos-velan-por-obras-en-viviendas-del-barrio-calabria\/#article","isPartOf":{"@id":"https:\/\/noticiasmercedinas.com\/site\/2022\/10\/26\/ediles-de-juntos-velan-por-obras-en-viviendas-del-barrio-calabria\/"},"author":{"name":"NOTICIASMERCEDINAS.COM","@id":"https:\/\/noticiasmercedinas.com\/site\/#\/schema\/person\/84b59c099c28ff2e8b77d4ceec5d8063"},"headline":"Ediles de Juntos velan por obras en viviendas del Barrio Calabria","datePublished":"2022-10-27T00:31:53+00:00","dateModified":"2022-10-27T10:10:32+00:00","mainEntityOfPage":{"@id":"https:\/\/noticiasmercedinas.com\/site\/2022\/10\/26\/ediles-de-juntos-velan-por-obras-en-viviendas-del-barrio-calabria\/"},"wordCount":311,"commentCount":0,"publisher":{"@id":"https:\/\/noticiasmercedinas.com\/site\/#organization"},"image":{"@id":"https:\/\/noticiasmercedinas.com\/site\/2022\/10\/26\/ediles-de-juntos-velan-por-obras-en-viviendas-del-barrio-calabria\/#primaryimage"},"thumbnailUrl":"https:\/\/noticiasmercedinas.com\/site\/wp-content\/uploads\/2022\/04\/DeboralacasaIMG_2531.jpg","keywords":["barrio calabria","Debora Lacasa","juntos por el cambio","viviendas"],"articleSection":["Politica"],"inLanguage":"es","potentialAction":[{"@type":"CommentAction","name":"Comment","target":["https:\/\/noticiasmercedinas.com\/site\/2022\/10\/26\/ediles-de-juntos-velan-por-obras-en-viviendas-del-barrio-calabria\/#respond"]}]},{"@type":"WebPage","@id":"https:\/\/noticiasmercedinas.com\/site\/2022\/10\/26\/ediles-de-juntos-velan-por-obras-en-viviendas-del-barrio-calabria\/","url":"https:\/\/noticiasmercedinas.com\/site\/2022\/10\/26\/ediles-de-juntos-velan-por-obras-en-viviendas-del-barrio-calabria\/","name":"Ediles de Juntos velan por obras en viviendas del Barrio Calabria","isPartOf":{"@id":"https:\/\/noticiasmercedinas.com\/site\/#website"},"primaryImageOfPage":{"@id":"https:\/\/noticiasmercedinas.com\/site\/2022\/10\/26\/ediles-de-juntos-velan-por-obras-en-viviendas-del-barrio-calabria\/#primaryimage"},"image":{"@id":"https:\/\/noticiasmercedinas.com\/site\/2022\/10\/26\/ediles-de-juntos-velan-por-obras-en-viviendas-del-barrio-calabria\/#primaryimage"},"thumbnailUrl":"https:\/\/noticiasmercedinas.com\/site\/wp-content\/uploads\/2022\/04\/DeboralacasaIMG_2531.jpg","datePublished":"2022-10-27T00:31:53+00:00","dateModified":"2022-10-27T10:10:32+00:00","breadcrumb":{"@id":"https:\/\/noticiasmercedinas.com\/site\/2022\/10\/26\/ediles-de-juntos-velan-por-obras-en-viviendas-del-barrio-calabria\/#breadcrumb"},"inLanguage":"es","potentialAction":[{"@type":"ReadAction","target":["https:\/\/noticiasmercedinas.com\/site\/2022\/10\/26\/ediles-de-juntos-velan-por-obras-en-viviendas-del-barrio-calabria\/"]}]},{"@type":"ImageObject","inLanguage":"es","@id":"https:\/\/noticiasmercedinas.com\/site\/2022\/10\/26\/ediles-de-juntos-velan-por-obras-en-viviendas-del-barrio-calabria\/#primaryimage","url":"https:\/\/noticiasmercedinas.com\/site\/wp-content\/uploads\/2022\/04\/DeboralacasaIMG_2531.jpg","contentUrl":"https:\/\/noticiasmercedinas.com\/site\/wp-content\/uploads\/2022\/04\/DeboralacasaIMG_2531.jpg","width":640,"height":427},{"@type":"BreadcrumbList","@id":"https:\/\/noticiasmercedinas.com\/site\/2022\/10\/26\/ediles-de-juntos-velan-por-obras-en-viviendas-del-barrio-calabria\/#breadcrumb","itemListElement":[{"@type":"ListItem","position":1,"name":"Portada","item":"https:\/\/noticiasmercedinas.com\/site\/"},{"@type":"ListItem","position":2,"name":"Ediles de Juntos velan por obras en viviendas del Barrio Calabria"}]},{"@type":"WebSite","@id":"https:\/\/noticiasmercedinas.com\/site\/#website","url":"https:\/\/noticiasmercedinas.com\/site\/","name":"NOTICIASMERCEDINAS.COM","description":"Mercedes, Buenos Aires, Argentina","publisher":{"@id":"https:\/\/noticiasmercedinas.com\/site\/#organization"},"potentialAction":[{"@type":"SearchAction","target":{"@type":"EntryPoint","urlTemplate":"https:\/\/noticiasmercedinas.com\/site\/?s={search_term_string}"},"query-input":{"@type":"PropertyValueSpecification","valueRequired":true,"valueName":"search_term_string"}}],"inLanguage":"es"},{"@type":"Organization","@id":"https:\/\/noticiasmercedinas.com\/site\/#organization","name":"NOTICIASMERCEDINAS.COM","url":"https:\/\/noticiasmercedinas.com\/site\/","logo":{"@type":"ImageObject","inLanguage":"es","@id":"https:\/\/noticiasmercedinas.com\/site\/#\/schema\/logo\/image\/","url":"https:\/\/noticiasmercedinas.com\/site\/wp-content\/uploads\/2020\/06\/LOGO-512.jpg","contentUrl":"https:\/\/noticiasmercedinas.com\/site\/wp-content\/uploads\/2020\/06\/LOGO-512.jpg","width":512,"height":512,"caption":"NOTICIASMERCEDINAS.COM"},"image":{"@id":"https:\/\/noticiasmercedinas.com\/site\/#\/schema\/logo\/image\/"},"sameAs":["https:\/\/www.facebook.com\/noticiasmercedinas\/","https:\/\/x.com\/notmercedinas","https:\/\/www.instagram.com\/noticiasmercedinas\/"]},{"@type":"Person","@id":"https:\/\/noticiasmercedinas.com\/site\/#\/schema\/person\/84b59c099c28ff2e8b77d4ceec5d8063","name":"NOTICIASMERCEDINAS.COM","image":{"@type":"ImageObject","inLanguage":"es","@id":"https:\/\/secure.gravatar.com\/avatar\/4dfbf16b4d17945bfb6341b2d19043457132fcf478a5ee04f42e959fd8f5df0a?s=96&d=mm&r=g","url":"https:\/\/secure.gravatar.com\/avatar\/4dfbf16b4d17945bfb6341b2d19043457132fcf478a5ee04f42e959fd8f5df0a?s=96&d=mm&r=g","contentUrl":"https:\/\/secure.gravatar.com\/avatar\/4dfbf16b4d17945bfb6341b2d19043457132fcf478a5ee04f42e959fd8f5df0a?s=96&d=mm&r=g","caption":"NOTICIASMERCEDINAS.COM"},"url":"https:\/\/noticiasmercedinas.com\/site\/author\/anonimo\/"}]}},"amp_enabled":true,"_links":{"self":[{"href":"https:\/\/noticiasmercedinas.com\/site\/wp-json\/wp\/v2\/posts\/102876","targetHints":{"allow":["GET"]}}],"collection":[{"href":"https:\/\/noticiasmercedinas.com\/site\/wp-json\/wp\/v2\/posts"}],"about":[{"href":"https:\/\/noticiasmercedinas.com\/site\/wp-json\/wp\/v2\/types\/post"}],"author":[{"embeddable":true,"href":"https:\/\/noticiasmercedinas.com\/site\/wp-json\/wp\/v2\/users\/16"}],"replies":[{"embeddable":true,"href":"https:\/\/noticiasmercedinas.com\/site\/wp-json\/wp\/v2\/comments?post=102876"}],"version-history":[{"count":2,"href":"https:\/\/noticiasmercedinas.com\/site\/wp-json\/wp\/v2\/posts\/102876\/revisions"}],"predecessor-version":[{"id":102879,"href":"https:\/\/noticiasmercedinas.com\/site\/wp-json\/wp\/v2\/posts\/102876\/revisions\/102879"}],"wp:featuredmedia":[{"embeddable":true,"href":"https:\/\/noticiasmercedinas.com\/site\/wp-json\/wp\/v2\/media\/87996"}],"wp:attachment":[{"href":"https:\/\/noticiasmercedinas.com\/site\/wp-json\/wp\/v2\/media?parent=102876"}],"wp:term":[{"taxonomy":"category","embeddable":true,"href":"https:\/\/noticiasmercedinas.com\/site\/wp-json\/wp\/v2\/categories?post=102876"},{"taxonomy":"post_tag","embeddable":true,"href":"https:\/\/noticiasmercedinas.com\/site\/wp-json\/wp\/v2\/tags?post=102876"}],"curies":[{"name":"wp","href":"https:\/\/api.w.org\/{rel}","templated":true}]}}