{"id":102883,"date":"2022-10-27T09:07:46","date_gmt":"2022-10-27T12:07:46","guid":{"rendered":"https:\/\/noticiasmercedinas.com\/site\/?p=102883"},"modified":"2022-10-27T09:07:46","modified_gmt":"2022-10-27T12:07:46","slug":"obras-publicas-licitaron-la-provision-e-instalacion-de-medidores-de-agua-para-mercedes","status":"publish","type":"post","link":"https:\/\/noticiasmercedinas.com\/site\/2022\/10\/27\/obras-publicas-licitaron-la-provision-e-instalacion-de-medidores-de-agua-para-mercedes\/","title":{"rendered":"Obras P\u00fablicas: licitaron la provisi\u00f3n e instalaci\u00f3n de medidores de agua para Mercedes"},"content":{"rendered":"<p><img loading=\"lazy\" decoding=\"async\" class=\"alignnone size-full wp-image-102884\" src=\"https:\/\/noticiasmercedinas.com\/site\/wp-content\/uploads\/2022\/10\/agua.jpg\" alt=\"\" width=\"640\" height=\"316\" srcset=\"https:\/\/noticiasmercedinas.com\/site\/wp-content\/uploads\/2022\/10\/agua.jpg 640w, https:\/\/noticiasmercedinas.com\/site\/wp-content\/uploads\/2022\/10\/agua-300x148.jpg 300w\" sizes=\"auto, (max-width: 640px) 100vw, 640px\" \/><\/p>\n<p>Se realiz\u00f3 la licitaci\u00f3n para llevar adelante la provisi\u00f3n e instalaci\u00f3n de micromedidores en la localidad de Mercedes, Buenos Aires, un proyecto que se desarrollar\u00e1 en el marco del programa PAyS II e implica una inversi\u00f3n estimada de U$D 897.435,49.<\/p>\n<p>Adem\u00e1s, se brindar\u00e1 un cami\u00f3n con tanque atmosf\u00e9rico que permitir\u00e1 mejorar la atenci\u00f3n a los habitantes que a\u00fan no poseen conexi\u00f3n a la red cloacal.<\/p>\n<p>El acto administrativo estuvo encabezado por el coordinador de la Unidad de Financiamiento Externo del ENOHSA, Sebasti\u00e1n Loggio, y tuvo lugar el mi\u00e9rcoles 26 en las oficinas del ente.<\/p>\n<p>La obra en cuesti\u00f3n, implica incorporar 3.200 micromedidores que alcanzar\u00e1n al 30% de los usuarios actuales del \u00e1rea servida, enfocando la instalaci\u00f3n en \u00e1reas donde se prevea mayor consumo.<\/p>\n<p>El costo de la energ\u00eda utilizada en las bombas representa entre el 60 y el 80% del consumo de energ\u00eda de todo el sistema de suministro de agua.<\/p>\n<p>Con la incorporaci\u00f3n de 15 variadores de frecuencia se espera obtener un ahorro de energ\u00eda cercano al 40%. Del mismo modo, regular la velocidad de los convertidores de frecuencia permite limitar el riesgo de presencia de bacterias y contaminaci\u00f3n en el agua corriente y reducir el riesgo de roturas y de costosas reparaciones de tuber\u00edas.<\/p>\n<p>Los programas que se ejecutan para estas obras son del Estado Nacional y sirven para el saneamiento, mediante cr\u00e9ditos externos. Son trabajos financiados por el Banco Interamericano de Desarrollo (BID). Se encuentran destinado a obras en comunidades de menos de 50.000 habitantes (PROAS) y a m\u00e1s de 50.000 habitantes (PAYS)<\/p>\n","protected":false},"excerpt":{"rendered":"<p>\u25a0 El proyecto tambi\u00e9n prev\u00e9 la provisi\u00f3n de un cami\u00f3n atmosf\u00e9rico y la incorporaci\u00f3n de equipos que permitir\u00e1n el ahorro de energ\u00eda de todo el sistema de agua. Se incorporar\u00e1n 3.200 micromedidores.<\/p>\n","protected":false},"author":16,"featured_media":102884,"comment_status":"open","ping_status":"open","sticky":false,"template":"","format":"standard","meta":{"footnotes":""},"categories":[3],"tags":[3088,15599,3284,15598],"class_list":["post-102883","post","type-post","status-publish","format-standard","has-post-thumbnail","hentry","category-sociedad","tag-agua","tag-medidores","tag-obras-publicas","tag-pays"],"yoast_head":"<!-- This site is optimized with the Yoast SEO plugin v27.5 - https:\/\/yoast.com\/product\/yoast-seo-wordpress\/ -->\n<title>Obras P\u00fablicas: licitaron la provisi\u00f3n e instalaci\u00f3n de medidores de agua para Mercedes<\/title>\n<meta name=\"robots\" content=\"index, follow, max-snippet:-1, max-image-preview:large, max-video-preview:-1\" \/>\n<link rel=\"canonical\" href=\"https:\/\/noticiasmercedinas.com\/site\/2022\/10\/27\/obras-publicas-licitaron-la-provision-e-instalacion-de-medidores-de-agua-para-mercedes\/\" \/>\n<meta property=\"og:locale\" content=\"es_ES\" \/>\n<meta property=\"og:type\" content=\"article\" \/>\n<meta property=\"og:title\" content=\"Obras P\u00fablicas: licitaron la provisi\u00f3n e instalaci\u00f3n de medidores de agua para Mercedes\" \/>\n<meta property=\"og:description\" content=\"\u25a0 El proyecto tambi\u00e9n prev\u00e9 la provisi\u00f3n de un cami\u00f3n atmosf\u00e9rico y la incorporaci\u00f3n de equipos que permitir\u00e1n el ahorro de energ\u00eda de todo el sistema de agua. Se incorporar\u00e1n 3.200 micromedidores.\" \/>\n<meta property=\"og:url\" content=\"https:\/\/noticiasmercedinas.com\/site\/2022\/10\/27\/obras-publicas-licitaron-la-provision-e-instalacion-de-medidores-de-agua-para-mercedes\/\" \/>\n<meta property=\"og:site_name\" content=\"NOTICIASMERCEDINAS.COM\" \/>\n<meta property=\"article:publisher\" content=\"https:\/\/www.facebook.com\/noticiasmercedinas\/\" \/>\n<meta property=\"article:published_time\" content=\"2022-10-27T12:07:46+00:00\" \/>\n<meta property=\"og:image\" content=\"https:\/\/noticiasmercedinas.com\/site\/wp-content\/uploads\/2022\/10\/agua.jpg\" \/>\n\t<meta property=\"og:image:width\" content=\"640\" \/>\n\t<meta property=\"og:image:height\" content=\"316\" \/>\n\t<meta property=\"og:image:type\" content=\"image\/jpeg\" \/>\n<meta name=\"author\" content=\"NOTICIASMERCEDINAS.COM\" \/>\n<meta name=\"twitter:card\" content=\"summary_large_image\" \/>\n<meta name=\"twitter:creator\" content=\"@notmercedinas\" \/>\n<meta name=\"twitter:site\" content=\"@notmercedinas\" \/>\n<meta name=\"twitter:label1\" content=\"Escrito por\" \/>\n\t<meta name=\"twitter:data1\" content=\"NOTICIASMERCEDINAS.COM\" \/>\n\t<meta name=\"twitter:label2\" content=\"Tiempo de lectura\" \/>\n\t<meta name=\"twitter:data2\" content=\"2 minutos\" \/>\n<script type=\"application\/ld+json\" class=\"yoast-schema-graph\">{\"@context\":\"https:\\\/\\\/schema.org\",\"@graph\":[{\"@type\":\"Article\",\"@id\":\"https:\\\/\\\/noticiasmercedinas.com\\\/site\\\/2022\\\/10\\\/27\\\/obras-publicas-licitaron-la-provision-e-instalacion-de-medidores-de-agua-para-mercedes\\\/#article\",\"isPartOf\":{\"@id\":\"https:\\\/\\\/noticiasmercedinas.com\\\/site\\\/2022\\\/10\\\/27\\\/obras-publicas-licitaron-la-provision-e-instalacion-de-medidores-de-agua-para-mercedes\\\/\"},\"author\":{\"name\":\"NOTICIASMERCEDINAS.COM\",\"@id\":\"https:\\\/\\\/noticiasmercedinas.com\\\/site\\\/#\\\/schema\\\/person\\\/84b59c099c28ff2e8b77d4ceec5d8063\"},\"headline\":\"Obras P\u00fablicas: licitaron la provisi\u00f3n e instalaci\u00f3n de medidores de agua para Mercedes\",\"datePublished\":\"2022-10-27T12:07:46+00:00\",\"mainEntityOfPage\":{\"@id\":\"https:\\\/\\\/noticiasmercedinas.com\\\/site\\\/2022\\\/10\\\/27\\\/obras-publicas-licitaron-la-provision-e-instalacion-de-medidores-de-agua-para-mercedes\\\/\"},\"wordCount\":286,\"commentCount\":0,\"publisher\":{\"@id\":\"https:\\\/\\\/noticiasmercedinas.com\\\/site\\\/#organization\"},\"image\":{\"@id\":\"https:\\\/\\\/noticiasmercedinas.com\\\/site\\\/2022\\\/10\\\/27\\\/obras-publicas-licitaron-la-provision-e-instalacion-de-medidores-de-agua-para-mercedes\\\/#primaryimage\"},\"thumbnailUrl\":\"https:\\\/\\\/noticiasmercedinas.com\\\/site\\\/wp-content\\\/uploads\\\/2022\\\/10\\\/agua.jpg\",\"keywords\":[\"agua\",\"medidores\",\"obras publicas\",\"pays\"],\"articleSection\":[\"Sociedad\"],\"inLanguage\":\"es\",\"potentialAction\":[{\"@type\":\"CommentAction\",\"name\":\"Comment\",\"target\":[\"https:\\\/\\\/noticiasmercedinas.com\\\/site\\\/2022\\\/10\\\/27\\\/obras-publicas-licitaron-la-provision-e-instalacion-de-medidores-de-agua-para-mercedes\\\/#respond\"]}]},{\"@type\":\"WebPage\",\"@id\":\"https:\\\/\\\/noticiasmercedinas.com\\\/site\\\/2022\\\/10\\\/27\\\/obras-publicas-licitaron-la-provision-e-instalacion-de-medidores-de-agua-para-mercedes\\\/\",\"url\":\"https:\\\/\\\/noticiasmercedinas.com\\\/site\\\/2022\\\/10\\\/27\\\/obras-publicas-licitaron-la-provision-e-instalacion-de-medidores-de-agua-para-mercedes\\\/\",\"name\":\"Obras P\u00fablicas: licitaron la provisi\u00f3n e instalaci\u00f3n de medidores de agua para Mercedes\",\"isPartOf\":{\"@id\":\"https:\\\/\\\/noticiasmercedinas.com\\\/site\\\/#website\"},\"primaryImageOfPage\":{\"@id\":\"https:\\\/\\\/noticiasmercedinas.com\\\/site\\\/2022\\\/10\\\/27\\\/obras-publicas-licitaron-la-provision-e-instalacion-de-medidores-de-agua-para-mercedes\\\/#primaryimage\"},\"image\":{\"@id\":\"https:\\\/\\\/noticiasmercedinas.com\\\/site\\\/2022\\\/10\\\/27\\\/obras-publicas-licitaron-la-provision-e-instalacion-de-medidores-de-agua-para-mercedes\\\/#primaryimage\"},\"thumbnailUrl\":\"https:\\\/\\\/noticiasmercedinas.com\\\/site\\\/wp-content\\\/uploads\\\/2022\\\/10\\\/agua.jpg\",\"datePublished\":\"2022-10-27T12:07:46+00:00\",\"breadcrumb\":{\"@id\":\"https:\\\/\\\/noticiasmercedinas.com\\\/site\\\/2022\\\/10\\\/27\\\/obras-publicas-licitaron-la-provision-e-instalacion-de-medidores-de-agua-para-mercedes\\\/#breadcrumb\"},\"inLanguage\":\"es\",\"potentialAction\":[{\"@type\":\"ReadAction\",\"target\":[\"https:\\\/\\\/noticiasmercedinas.com\\\/site\\\/2022\\\/10\\\/27\\\/obras-publicas-licitaron-la-provision-e-instalacion-de-medidores-de-agua-para-mercedes\\\/\"]}]},{\"@type\":\"ImageObject\",\"inLanguage\":\"es\",\"@id\":\"https:\\\/\\\/noticiasmercedinas.com\\\/site\\\/2022\\\/10\\\/27\\\/obras-publicas-licitaron-la-provision-e-instalacion-de-medidores-de-agua-para-mercedes\\\/#primaryimage\",\"url\":\"https:\\\/\\\/noticiasmercedinas.com\\\/site\\\/wp-content\\\/uploads\\\/2022\\\/10\\\/agua.jpg\",\"contentUrl\":\"https:\\\/\\\/noticiasmercedinas.com\\\/site\\\/wp-content\\\/uploads\\\/2022\\\/10\\\/agua.jpg\",\"width\":640,\"height\":316},{\"@type\":\"BreadcrumbList\",\"@id\":\"https:\\\/\\\/noticiasmercedinas.com\\\/site\\\/2022\\\/10\\\/27\\\/obras-publicas-licitaron-la-provision-e-instalacion-de-medidores-de-agua-para-mercedes\\\/#breadcrumb\",\"itemListElement\":[{\"@type\":\"ListItem\",\"position\":1,\"name\":\"Portada\",\"item\":\"https:\\\/\\\/noticiasmercedinas.com\\\/site\\\/\"},{\"@type\":\"ListItem\",\"position\":2,\"name\":\"Obras P\u00fablicas: licitaron la provisi\u00f3n e instalaci\u00f3n de medidores de agua para Mercedes\"}]},{\"@type\":\"WebSite\",\"@id\":\"https:\\\/\\\/noticiasmercedinas.com\\\/site\\\/#website\",\"url\":\"https:\\\/\\\/noticiasmercedinas.com\\\/site\\\/\",\"name\":\"NOTICIASMERCEDINAS.COM\",\"description\":\"Mercedes, Buenos Aires, Argentina\",\"publisher\":{\"@id\":\"https:\\\/\\\/noticiasmercedinas.com\\\/site\\\/#organization\"},\"potentialAction\":[{\"@type\":\"SearchAction\",\"target\":{\"@type\":\"EntryPoint\",\"urlTemplate\":\"https:\\\/\\\/noticiasmercedinas.com\\\/site\\\/?s={search_term_string}\"},\"query-input\":{\"@type\":\"PropertyValueSpecification\",\"valueRequired\":true,\"valueName\":\"search_term_string\"}}],\"inLanguage\":\"es\"},{\"@type\":\"Organization\",\"@id\":\"https:\\\/\\\/noticiasmercedinas.com\\\/site\\\/#organization\",\"name\":\"NOTICIASMERCEDINAS.COM\",\"url\":\"https:\\\/\\\/noticiasmercedinas.com\\\/site\\\/\",\"logo\":{\"@type\":\"ImageObject\",\"inLanguage\":\"es\",\"@id\":\"https:\\\/\\\/noticiasmercedinas.com\\\/site\\\/#\\\/schema\\\/logo\\\/image\\\/\",\"url\":\"https:\\\/\\\/noticiasmercedinas.com\\\/site\\\/wp-content\\\/uploads\\\/2020\\\/06\\\/LOGO-512.jpg\",\"contentUrl\":\"https:\\\/\\\/noticiasmercedinas.com\\\/site\\\/wp-content\\\/uploads\\\/2020\\\/06\\\/LOGO-512.jpg\",\"width\":512,\"height\":512,\"caption\":\"NOTICIASMERCEDINAS.COM\"},\"image\":{\"@id\":\"https:\\\/\\\/noticiasmercedinas.com\\\/site\\\/#\\\/schema\\\/logo\\\/image\\\/\"},\"sameAs\":[\"https:\\\/\\\/www.facebook.com\\\/noticiasmercedinas\\\/\",\"https:\\\/\\\/x.com\\\/notmercedinas\",\"https:\\\/\\\/www.instagram.com\\\/noticiasmercedinas\\\/\"]},{\"@type\":\"Person\",\"@id\":\"https:\\\/\\\/noticiasmercedinas.com\\\/site\\\/#\\\/schema\\\/person\\\/84b59c099c28ff2e8b77d4ceec5d8063\",\"name\":\"NOTICIASMERCEDINAS.COM\",\"image\":{\"@type\":\"ImageObject\",\"inLanguage\":\"es\",\"@id\":\"https:\\\/\\\/secure.gravatar.com\\\/avatar\\\/4dfbf16b4d17945bfb6341b2d19043457132fcf478a5ee04f42e959fd8f5df0a?s=96&d=mm&r=g\",\"url\":\"https:\\\/\\\/secure.gravatar.com\\\/avatar\\\/4dfbf16b4d17945bfb6341b2d19043457132fcf478a5ee04f42e959fd8f5df0a?s=96&d=mm&r=g\",\"contentUrl\":\"https:\\\/\\\/secure.gravatar.com\\\/avatar\\\/4dfbf16b4d17945bfb6341b2d19043457132fcf478a5ee04f42e959fd8f5df0a?s=96&d=mm&r=g\",\"caption\":\"NOTICIASMERCEDINAS.COM\"},\"url\":\"https:\\\/\\\/noticiasmercedinas.com\\\/site\\\/author\\\/anonimo\\\/\"}]}<\/script>\n<!-- \/ Yoast SEO plugin. -->","yoast_head_json":{"title":"Obras P\u00fablicas: licitaron la provisi\u00f3n e instalaci\u00f3n de medidores de agua para Mercedes","robots":{"index":"index","follow":"follow","max-snippet":"max-snippet:-1","max-image-preview":"max-image-preview:large","max-video-preview":"max-video-preview:-1"},"canonical":"https:\/\/noticiasmercedinas.com\/site\/2022\/10\/27\/obras-publicas-licitaron-la-provision-e-instalacion-de-medidores-de-agua-para-mercedes\/","og_locale":"es_ES","og_type":"article","og_title":"Obras P\u00fablicas: licitaron la provisi\u00f3n e instalaci\u00f3n de medidores de agua para Mercedes","og_description":"\u25a0 El proyecto tambi\u00e9n prev\u00e9 la provisi\u00f3n de un cami\u00f3n atmosf\u00e9rico y la incorporaci\u00f3n de equipos que permitir\u00e1n el ahorro de energ\u00eda de todo el sistema de agua. Se incorporar\u00e1n 3.200 micromedidores.","og_url":"https:\/\/noticiasmercedinas.com\/site\/2022\/10\/27\/obras-publicas-licitaron-la-provision-e-instalacion-de-medidores-de-agua-para-mercedes\/","og_site_name":"NOTICIASMERCEDINAS.COM","article_publisher":"https:\/\/www.facebook.com\/noticiasmercedinas\/","article_published_time":"2022-10-27T12:07:46+00:00","og_image":[{"width":640,"height":316,"url":"https:\/\/noticiasmercedinas.com\/site\/wp-content\/uploads\/2022\/10\/agua.jpg","type":"image\/jpeg"}],"author":"NOTICIASMERCEDINAS.COM","twitter_card":"summary_large_image","twitter_creator":"@notmercedinas","twitter_site":"@notmercedinas","twitter_misc":{"Escrito por":"NOTICIASMERCEDINAS.COM","Tiempo de lectura":"2 minutos"},"schema":{"@context":"https:\/\/schema.org","@graph":[{"@type":"Article","@id":"https:\/\/noticiasmercedinas.com\/site\/2022\/10\/27\/obras-publicas-licitaron-la-provision-e-instalacion-de-medidores-de-agua-para-mercedes\/#article","isPartOf":{"@id":"https:\/\/noticiasmercedinas.com\/site\/2022\/10\/27\/obras-publicas-licitaron-la-provision-e-instalacion-de-medidores-de-agua-para-mercedes\/"},"author":{"name":"NOTICIASMERCEDINAS.COM","@id":"https:\/\/noticiasmercedinas.com\/site\/#\/schema\/person\/84b59c099c28ff2e8b77d4ceec5d8063"},"headline":"Obras P\u00fablicas: licitaron la provisi\u00f3n e instalaci\u00f3n de medidores de agua para Mercedes","datePublished":"2022-10-27T12:07:46+00:00","mainEntityOfPage":{"@id":"https:\/\/noticiasmercedinas.com\/site\/2022\/10\/27\/obras-publicas-licitaron-la-provision-e-instalacion-de-medidores-de-agua-para-mercedes\/"},"wordCount":286,"commentCount":0,"publisher":{"@id":"https:\/\/noticiasmercedinas.com\/site\/#organization"},"image":{"@id":"https:\/\/noticiasmercedinas.com\/site\/2022\/10\/27\/obras-publicas-licitaron-la-provision-e-instalacion-de-medidores-de-agua-para-mercedes\/#primaryimage"},"thumbnailUrl":"https:\/\/noticiasmercedinas.com\/site\/wp-content\/uploads\/2022\/10\/agua.jpg","keywords":["agua","medidores","obras publicas","pays"],"articleSection":["Sociedad"],"inLanguage":"es","potentialAction":[{"@type":"CommentAction","name":"Comment","target":["https:\/\/noticiasmercedinas.com\/site\/2022\/10\/27\/obras-publicas-licitaron-la-provision-e-instalacion-de-medidores-de-agua-para-mercedes\/#respond"]}]},{"@type":"WebPage","@id":"https:\/\/noticiasmercedinas.com\/site\/2022\/10\/27\/obras-publicas-licitaron-la-provision-e-instalacion-de-medidores-de-agua-para-mercedes\/","url":"https:\/\/noticiasmercedinas.com\/site\/2022\/10\/27\/obras-publicas-licitaron-la-provision-e-instalacion-de-medidores-de-agua-para-mercedes\/","name":"Obras P\u00fablicas: licitaron la provisi\u00f3n e instalaci\u00f3n de medidores de agua para Mercedes","isPartOf":{"@id":"https:\/\/noticiasmercedinas.com\/site\/#website"},"primaryImageOfPage":{"@id":"https:\/\/noticiasmercedinas.com\/site\/2022\/10\/27\/obras-publicas-licitaron-la-provision-e-instalacion-de-medidores-de-agua-para-mercedes\/#primaryimage"},"image":{"@id":"https:\/\/noticiasmercedinas.com\/site\/2022\/10\/27\/obras-publicas-licitaron-la-provision-e-instalacion-de-medidores-de-agua-para-mercedes\/#primaryimage"},"thumbnailUrl":"https:\/\/noticiasmercedinas.com\/site\/wp-content\/uploads\/2022\/10\/agua.jpg","datePublished":"2022-10-27T12:07:46+00:00","breadcrumb":{"@id":"https:\/\/noticiasmercedinas.com\/site\/2022\/10\/27\/obras-publicas-licitaron-la-provision-e-instalacion-de-medidores-de-agua-para-mercedes\/#breadcrumb"},"inLanguage":"es","potentialAction":[{"@type":"ReadAction","target":["https:\/\/noticiasmercedinas.com\/site\/2022\/10\/27\/obras-publicas-licitaron-la-provision-e-instalacion-de-medidores-de-agua-para-mercedes\/"]}]},{"@type":"ImageObject","inLanguage":"es","@id":"https:\/\/noticiasmercedinas.com\/site\/2022\/10\/27\/obras-publicas-licitaron-la-provision-e-instalacion-de-medidores-de-agua-para-mercedes\/#primaryimage","url":"https:\/\/noticiasmercedinas.com\/site\/wp-content\/uploads\/2022\/10\/agua.jpg","contentUrl":"https:\/\/noticiasmercedinas.com\/site\/wp-content\/uploads\/2022\/10\/agua.jpg","width":640,"height":316},{"@type":"BreadcrumbList","@id":"https:\/\/noticiasmercedinas.com\/site\/2022\/10\/27\/obras-publicas-licitaron-la-provision-e-instalacion-de-medidores-de-agua-para-mercedes\/#breadcrumb","itemListElement":[{"@type":"ListItem","position":1,"name":"Portada","item":"https:\/\/noticiasmercedinas.com\/site\/"},{"@type":"ListItem","position":2,"name":"Obras P\u00fablicas: licitaron la provisi\u00f3n e instalaci\u00f3n de medidores de agua para Mercedes"}]},{"@type":"WebSite","@id":"https:\/\/noticiasmercedinas.com\/site\/#website","url":"https:\/\/noticiasmercedinas.com\/site\/","name":"NOTICIASMERCEDINAS.COM","description":"Mercedes, Buenos Aires, Argentina","publisher":{"@id":"https:\/\/noticiasmercedinas.com\/site\/#organization"},"potentialAction":[{"@type":"SearchAction","target":{"@type":"EntryPoint","urlTemplate":"https:\/\/noticiasmercedinas.com\/site\/?s={search_term_string}"},"query-input":{"@type":"PropertyValueSpecification","valueRequired":true,"valueName":"search_term_string"}}],"inLanguage":"es"},{"@type":"Organization","@id":"https:\/\/noticiasmercedinas.com\/site\/#organization","name":"NOTICIASMERCEDINAS.COM","url":"https:\/\/noticiasmercedinas.com\/site\/","logo":{"@type":"ImageObject","inLanguage":"es","@id":"https:\/\/noticiasmercedinas.com\/site\/#\/schema\/logo\/image\/","url":"https:\/\/noticiasmercedinas.com\/site\/wp-content\/uploads\/2020\/06\/LOGO-512.jpg","contentUrl":"https:\/\/noticiasmercedinas.com\/site\/wp-content\/uploads\/2020\/06\/LOGO-512.jpg","width":512,"height":512,"caption":"NOTICIASMERCEDINAS.COM"},"image":{"@id":"https:\/\/noticiasmercedinas.com\/site\/#\/schema\/logo\/image\/"},"sameAs":["https:\/\/www.facebook.com\/noticiasmercedinas\/","https:\/\/x.com\/notmercedinas","https:\/\/www.instagram.com\/noticiasmercedinas\/"]},{"@type":"Person","@id":"https:\/\/noticiasmercedinas.com\/site\/#\/schema\/person\/84b59c099c28ff2e8b77d4ceec5d8063","name":"NOTICIASMERCEDINAS.COM","image":{"@type":"ImageObject","inLanguage":"es","@id":"https:\/\/secure.gravatar.com\/avatar\/4dfbf16b4d17945bfb6341b2d19043457132fcf478a5ee04f42e959fd8f5df0a?s=96&d=mm&r=g","url":"https:\/\/secure.gravatar.com\/avatar\/4dfbf16b4d17945bfb6341b2d19043457132fcf478a5ee04f42e959fd8f5df0a?s=96&d=mm&r=g","contentUrl":"https:\/\/secure.gravatar.com\/avatar\/4dfbf16b4d17945bfb6341b2d19043457132fcf478a5ee04f42e959fd8f5df0a?s=96&d=mm&r=g","caption":"NOTICIASMERCEDINAS.COM"},"url":"https:\/\/noticiasmercedinas.com\/site\/author\/anonimo\/"}]}},"amp_enabled":true,"_links":{"self":[{"href":"https:\/\/noticiasmercedinas.com\/site\/wp-json\/wp\/v2\/posts\/102883","targetHints":{"allow":["GET"]}}],"collection":[{"href":"https:\/\/noticiasmercedinas.com\/site\/wp-json\/wp\/v2\/posts"}],"about":[{"href":"https:\/\/noticiasmercedinas.com\/site\/wp-json\/wp\/v2\/types\/post"}],"author":[{"embeddable":true,"href":"https:\/\/noticiasmercedinas.com\/site\/wp-json\/wp\/v2\/users\/16"}],"replies":[{"embeddable":true,"href":"https:\/\/noticiasmercedinas.com\/site\/wp-json\/wp\/v2\/comments?post=102883"}],"version-history":[{"count":1,"href":"https:\/\/noticiasmercedinas.com\/site\/wp-json\/wp\/v2\/posts\/102883\/revisions"}],"predecessor-version":[{"id":102885,"href":"https:\/\/noticiasmercedinas.com\/site\/wp-json\/wp\/v2\/posts\/102883\/revisions\/102885"}],"wp:featuredmedia":[{"embeddable":true,"href":"https:\/\/noticiasmercedinas.com\/site\/wp-json\/wp\/v2\/media\/102884"}],"wp:attachment":[{"href":"https:\/\/noticiasmercedinas.com\/site\/wp-json\/wp\/v2\/media?parent=102883"}],"wp:term":[{"taxonomy":"category","embeddable":true,"href":"https:\/\/noticiasmercedinas.com\/site\/wp-json\/wp\/v2\/categories?post=102883"},{"taxonomy":"post_tag","embeddable":true,"href":"https:\/\/noticiasmercedinas.com\/site\/wp-json\/wp\/v2\/tags?post=102883"}],"curies":[{"name":"wp","href":"https:\/\/api.w.org\/{rel}","templated":true}]}}