{"id":102898,"date":"2022-10-27T11:29:19","date_gmt":"2022-10-27T14:29:19","guid":{"rendered":"https:\/\/noticiasmercedinas.com\/site\/?p=102898"},"modified":"2022-10-27T11:29:19","modified_gmt":"2022-10-27T14:29:19","slug":"concejales-de-chacabuco-impulsan-tren-regional-junin-mercedes","status":"publish","type":"post","link":"https:\/\/noticiasmercedinas.com\/site\/2022\/10\/27\/concejales-de-chacabuco-impulsan-tren-regional-junin-mercedes\/","title":{"rendered":"Concejales de Chacabuco impulsan tren regional Jun\u00edn \u2013 Mercedes"},"content":{"rendered":"<p><a href=\"https:\/\/noticiasmercedinas.com\/site\/wp-content\/uploads\/2018\/11\/tren_sarmiento.png\"><img loading=\"lazy\" decoding=\"async\" class=\"alignnone size-full wp-image-7895\" src=\"https:\/\/noticiasmercedinas.com\/site\/wp-content\/uploads\/2018\/11\/tren_sarmiento.png\" alt=\"\" width=\"640\" height=\"483\" srcset=\"https:\/\/noticiasmercedinas.com\/site\/wp-content\/uploads\/2018\/11\/tren_sarmiento.png 640w, https:\/\/noticiasmercedinas.com\/site\/wp-content\/uploads\/2018\/11\/tren_sarmiento-300x226.png 300w, https:\/\/noticiasmercedinas.com\/site\/wp-content\/uploads\/2018\/11\/tren_sarmiento-80x60.png 80w, https:\/\/noticiasmercedinas.com\/site\/wp-content\/uploads\/2018\/11\/tren_sarmiento-160x120.png 160w, https:\/\/noticiasmercedinas.com\/site\/wp-content\/uploads\/2018\/11\/tren_sarmiento-100x75.png 100w, https:\/\/noticiasmercedinas.com\/site\/wp-content\/uploads\/2018\/11\/tren_sarmiento-200x150.png 200w, https:\/\/noticiasmercedinas.com\/site\/wp-content\/uploads\/2018\/11\/tren_sarmiento-180x135.png 180w\" sizes=\"auto, (max-width: 640px) 100vw, 640px\" \/><\/a><\/p>\n<p>El Concejo Deliberante de Chacabuco aprob\u00f3 por unanimidad el proyecto presentado por el edil Rodolfo Serritella (Juntos) para impulsar el funcionamiento de un tren regional que una Jun\u00edn con Mercedes, con paradas en diferentes localidades.<\/p>\n<p>De acuerdo a la iniciativa, el tren regional vincular\u00eda Jun\u00edn, O&#8217; Higgins, Chacabuco, Cucha Cucha, Rawson, Castilla, Rivas, Franklin y Mercedes, con varias frecuencias diarias y como enlace con los servicios existentes desde Mercedes hacia la Ciudad de Buenos Aires.<\/p>\n<p>\u201cDar\u00eda oportunidades a quienes residen en las peque\u00f1as localidades, estimular\u00eda el turismo rural, permitir\u00eda a los j\u00f3venes ir a estudiar y volver a sus casa, lo mismo a los que trabajan en otro lugar, dar\u00eda crecimiento a los pueblos que nacieron y se expandieron con el ferrocarril\u201d, explic\u00f3 Serritella.<\/p>\n<blockquote><p>\u201cDar\u00eda oportunidades a quienes residen en las peque\u00f1as localidades\u201d<\/p><\/blockquote>\n<p>Los ediles trataron el tema en la sesi\u00f3n del 19 de octubre, que se realiz\u00f3 en la localidad de Castilla, y cont\u00f3 con el apoyo tanto de Juntos, como del Frente de Todos. \u201cEste es un gesto que une a todos los espacios pol\u00edticos del partido de Chacabuco en un objetivo com\u00fan\u201d, indic\u00f3.<\/p>\n<p>\u201cEste proyecto surge por la apertura de otros trenes regionales en el pa\u00eds y es algo que ya funcion\u00f3 hace muchos a\u00f1os\u201d, ampli\u00f3 el concejal y confi\u00f3 en que \u201ccon el esfuerzo de todos vamos a lograr este ambicioso objetivo\u201d.<\/p>\n","protected":false},"excerpt":{"rendered":"<p>\u25a0 Aprobaron un proyecto para vincular diferentes comunidades mediante el ferrocarril y a la vez favorecer el enlace en Mercedes hacia la Ciudad de Buenos Aires.<\/p>\n","protected":false},"author":16,"featured_media":7895,"comment_status":"open","ping_status":"open","sticky":false,"template":"","format":"standard","meta":{"footnotes":""},"categories":[3],"tags":[3708,1744,15600,3055],"class_list":["post-102898","post","type-post","status-publish","format-standard","has-post-thumbnail","hentry","category-sociedad","tag-chacabuco","tag-junin","tag-rodolfo-serritella","tag-trenes"],"yoast_head":"<!-- This site is optimized with the Yoast SEO plugin v28.3 - https:\/\/yoast.com\/product\/yoast-seo-wordpress\/ -->\n<title>Concejales de Chacabuco impulsan tren regional Jun\u00edn \u2013 Mercedes<\/title>\n<meta name=\"robots\" content=\"index, follow, max-snippet:-1, max-image-preview:large, max-video-preview:-1\" \/>\n<link rel=\"canonical\" href=\"https:\/\/noticiasmercedinas.com\/site\/2022\/10\/27\/concejales-de-chacabuco-impulsan-tren-regional-junin-mercedes\/\" \/>\n<meta property=\"og:locale\" content=\"es_ES\" \/>\n<meta property=\"og:type\" content=\"article\" \/>\n<meta property=\"og:title\" content=\"Concejales de Chacabuco impulsan tren regional Jun\u00edn \u2013 Mercedes\" \/>\n<meta property=\"og:description\" content=\"\u25a0 Aprobaron un proyecto para vincular diferentes comunidades mediante el ferrocarril y a la vez favorecer el enlace en Mercedes hacia la Ciudad de Buenos Aires.\" \/>\n<meta property=\"og:url\" content=\"https:\/\/noticiasmercedinas.com\/site\/2022\/10\/27\/concejales-de-chacabuco-impulsan-tren-regional-junin-mercedes\/\" \/>\n<meta property=\"og:site_name\" content=\"NOTICIASMERCEDINAS.COM\" \/>\n<meta property=\"article:publisher\" content=\"https:\/\/www.facebook.com\/noticiasmercedinas\/\" \/>\n<meta property=\"article:published_time\" content=\"2022-10-27T14:29:19+00:00\" \/>\n<meta property=\"og:image\" content=\"https:\/\/noticiasmercedinas.com\/site\/wp-content\/uploads\/2018\/11\/tren_sarmiento.png\" \/>\n\t<meta property=\"og:image:width\" content=\"640\" \/>\n\t<meta property=\"og:image:height\" content=\"483\" \/>\n\t<meta property=\"og:image:type\" content=\"image\/png\" \/>\n<meta name=\"author\" content=\"NOTICIASMERCEDINAS.COM\" \/>\n<meta name=\"twitter:card\" content=\"summary_large_image\" \/>\n<meta name=\"twitter:creator\" content=\"@notmercedinas\" \/>\n<meta name=\"twitter:site\" content=\"@notmercedinas\" \/>\n<meta name=\"twitter:label1\" content=\"Escrito por\" \/>\n\t<meta name=\"twitter:data1\" content=\"NOTICIASMERCEDINAS.COM\" \/>\n\t<meta name=\"twitter:label2\" content=\"Tiempo de lectura\" \/>\n\t<meta name=\"twitter:data2\" content=\"2 minutos\" \/>\n<script type=\"application\/ld+json\" class=\"yoast-schema-graph\">{\"@context\":\"https:\\\/\\\/schema.org\",\"@graph\":[{\"@type\":\"Article\",\"@id\":\"https:\\\/\\\/noticiasmercedinas.com\\\/site\\\/2022\\\/10\\\/27\\\/concejales-de-chacabuco-impulsan-tren-regional-junin-mercedes\\\/#article\",\"isPartOf\":{\"@id\":\"https:\\\/\\\/noticiasmercedinas.com\\\/site\\\/2022\\\/10\\\/27\\\/concejales-de-chacabuco-impulsan-tren-regional-junin-mercedes\\\/\"},\"author\":{\"name\":\"NOTICIASMERCEDINAS.COM\",\"@id\":\"https:\\\/\\\/noticiasmercedinas.com\\\/site\\\/#\\\/schema\\\/person\\\/84b59c099c28ff2e8b77d4ceec5d8063\"},\"headline\":\"Concejales de Chacabuco impulsan tren regional Jun\u00edn \u2013 Mercedes\",\"datePublished\":\"2022-10-27T14:29:19+00:00\",\"mainEntityOfPage\":{\"@id\":\"https:\\\/\\\/noticiasmercedinas.com\\\/site\\\/2022\\\/10\\\/27\\\/concejales-de-chacabuco-impulsan-tren-regional-junin-mercedes\\\/\"},\"wordCount\":250,\"commentCount\":0,\"publisher\":{\"@id\":\"https:\\\/\\\/noticiasmercedinas.com\\\/site\\\/#organization\"},\"image\":{\"@id\":\"https:\\\/\\\/noticiasmercedinas.com\\\/site\\\/2022\\\/10\\\/27\\\/concejales-de-chacabuco-impulsan-tren-regional-junin-mercedes\\\/#primaryimage\"},\"thumbnailUrl\":\"https:\\\/\\\/noticiasmercedinas.com\\\/site\\\/wp-content\\\/uploads\\\/2018\\\/11\\\/tren_sarmiento.png\",\"keywords\":[\"Chacabuco\",\"Junin\",\"Rodolfo Serritella\",\"trenes\"],\"articleSection\":[\"Sociedad\"],\"inLanguage\":\"es\",\"potentialAction\":[{\"@type\":\"CommentAction\",\"name\":\"Comment\",\"target\":[\"https:\\\/\\\/noticiasmercedinas.com\\\/site\\\/2022\\\/10\\\/27\\\/concejales-de-chacabuco-impulsan-tren-regional-junin-mercedes\\\/#respond\"]}]},{\"@type\":\"WebPage\",\"@id\":\"https:\\\/\\\/noticiasmercedinas.com\\\/site\\\/2022\\\/10\\\/27\\\/concejales-de-chacabuco-impulsan-tren-regional-junin-mercedes\\\/\",\"url\":\"https:\\\/\\\/noticiasmercedinas.com\\\/site\\\/2022\\\/10\\\/27\\\/concejales-de-chacabuco-impulsan-tren-regional-junin-mercedes\\\/\",\"name\":\"Concejales de Chacabuco impulsan tren regional Jun\u00edn \u2013 Mercedes\",\"isPartOf\":{\"@id\":\"https:\\\/\\\/noticiasmercedinas.com\\\/site\\\/#website\"},\"primaryImageOfPage\":{\"@id\":\"https:\\\/\\\/noticiasmercedinas.com\\\/site\\\/2022\\\/10\\\/27\\\/concejales-de-chacabuco-impulsan-tren-regional-junin-mercedes\\\/#primaryimage\"},\"image\":{\"@id\":\"https:\\\/\\\/noticiasmercedinas.com\\\/site\\\/2022\\\/10\\\/27\\\/concejales-de-chacabuco-impulsan-tren-regional-junin-mercedes\\\/#primaryimage\"},\"thumbnailUrl\":\"https:\\\/\\\/noticiasmercedinas.com\\\/site\\\/wp-content\\\/uploads\\\/2018\\\/11\\\/tren_sarmiento.png\",\"datePublished\":\"2022-10-27T14:29:19+00:00\",\"breadcrumb\":{\"@id\":\"https:\\\/\\\/noticiasmercedinas.com\\\/site\\\/2022\\\/10\\\/27\\\/concejales-de-chacabuco-impulsan-tren-regional-junin-mercedes\\\/#breadcrumb\"},\"inLanguage\":\"es\",\"potentialAction\":[{\"@type\":\"ReadAction\",\"target\":[\"https:\\\/\\\/noticiasmercedinas.com\\\/site\\\/2022\\\/10\\\/27\\\/concejales-de-chacabuco-impulsan-tren-regional-junin-mercedes\\\/\"]}]},{\"@type\":\"ImageObject\",\"inLanguage\":\"es\",\"@id\":\"https:\\\/\\\/noticiasmercedinas.com\\\/site\\\/2022\\\/10\\\/27\\\/concejales-de-chacabuco-impulsan-tren-regional-junin-mercedes\\\/#primaryimage\",\"url\":\"https:\\\/\\\/noticiasmercedinas.com\\\/site\\\/wp-content\\\/uploads\\\/2018\\\/11\\\/tren_sarmiento.png\",\"contentUrl\":\"https:\\\/\\\/noticiasmercedinas.com\\\/site\\\/wp-content\\\/uploads\\\/2018\\\/11\\\/tren_sarmiento.png\",\"width\":640,\"height\":483},{\"@type\":\"BreadcrumbList\",\"@id\":\"https:\\\/\\\/noticiasmercedinas.com\\\/site\\\/2022\\\/10\\\/27\\\/concejales-de-chacabuco-impulsan-tren-regional-junin-mercedes\\\/#breadcrumb\",\"itemListElement\":[{\"@type\":\"ListItem\",\"position\":1,\"name\":\"Portada\",\"item\":\"https:\\\/\\\/noticiasmercedinas.com\\\/site\\\/\"},{\"@type\":\"ListItem\",\"position\":2,\"name\":\"Concejales de Chacabuco impulsan tren regional Jun\u00edn \u2013 Mercedes\"}]},{\"@type\":\"WebSite\",\"@id\":\"https:\\\/\\\/noticiasmercedinas.com\\\/site\\\/#website\",\"url\":\"https:\\\/\\\/noticiasmercedinas.com\\\/site\\\/\",\"name\":\"NOTICIASMERCEDINAS.COM\",\"description\":\"Mercedes, Buenos Aires, Argentina\",\"publisher\":{\"@id\":\"https:\\\/\\\/noticiasmercedinas.com\\\/site\\\/#organization\"},\"potentialAction\":[{\"@type\":\"SearchAction\",\"target\":{\"@type\":\"EntryPoint\",\"urlTemplate\":\"https:\\\/\\\/noticiasmercedinas.com\\\/site\\\/?s={search_term_string}\"},\"query-input\":{\"@type\":\"PropertyValueSpecification\",\"valueRequired\":true,\"valueName\":\"search_term_string\"}}],\"inLanguage\":\"es\"},{\"@type\":\"Organization\",\"@id\":\"https:\\\/\\\/noticiasmercedinas.com\\\/site\\\/#organization\",\"name\":\"NOTICIASMERCEDINAS.COM\",\"url\":\"https:\\\/\\\/noticiasmercedinas.com\\\/site\\\/\",\"logo\":{\"@type\":\"ImageObject\",\"inLanguage\":\"es\",\"@id\":\"https:\\\/\\\/noticiasmercedinas.com\\\/site\\\/#\\\/schema\\\/logo\\\/image\\\/\",\"url\":\"https:\\\/\\\/noticiasmercedinas.com\\\/site\\\/wp-content\\\/uploads\\\/2020\\\/06\\\/LOGO-512.jpg\",\"contentUrl\":\"https:\\\/\\\/noticiasmercedinas.com\\\/site\\\/wp-content\\\/uploads\\\/2020\\\/06\\\/LOGO-512.jpg\",\"width\":512,\"height\":512,\"caption\":\"NOTICIASMERCEDINAS.COM\"},\"image\":{\"@id\":\"https:\\\/\\\/noticiasmercedinas.com\\\/site\\\/#\\\/schema\\\/logo\\\/image\\\/\"},\"sameAs\":[\"https:\\\/\\\/www.facebook.com\\\/noticiasmercedinas\\\/\",\"https:\\\/\\\/x.com\\\/notmercedinas\",\"https:\\\/\\\/www.instagram.com\\\/noticiasmercedinas\\\/\"]},{\"@type\":\"Person\",\"@id\":\"https:\\\/\\\/noticiasmercedinas.com\\\/site\\\/#\\\/schema\\\/person\\\/84b59c099c28ff2e8b77d4ceec5d8063\",\"name\":\"NOTICIASMERCEDINAS.COM\",\"image\":{\"@type\":\"ImageObject\",\"inLanguage\":\"es\",\"@id\":\"https:\\\/\\\/secure.gravatar.com\\\/avatar\\\/4dfbf16b4d17945bfb6341b2d19043457132fcf478a5ee04f42e959fd8f5df0a?s=96&d=mm&r=g\",\"url\":\"https:\\\/\\\/secure.gravatar.com\\\/avatar\\\/4dfbf16b4d17945bfb6341b2d19043457132fcf478a5ee04f42e959fd8f5df0a?s=96&d=mm&r=g\",\"contentUrl\":\"https:\\\/\\\/secure.gravatar.com\\\/avatar\\\/4dfbf16b4d17945bfb6341b2d19043457132fcf478a5ee04f42e959fd8f5df0a?s=96&d=mm&r=g\",\"caption\":\"NOTICIASMERCEDINAS.COM\"},\"url\":\"https:\\\/\\\/noticiasmercedinas.com\\\/site\\\/author\\\/anonimo\\\/\"}]}<\/script>\n<!-- \/ Yoast SEO plugin. -->","yoast_head_json":{"title":"Concejales de Chacabuco impulsan tren regional Jun\u00edn \u2013 Mercedes","robots":{"index":"index","follow":"follow","max-snippet":"max-snippet:-1","max-image-preview":"max-image-preview:large","max-video-preview":"max-video-preview:-1"},"canonical":"https:\/\/noticiasmercedinas.com\/site\/2022\/10\/27\/concejales-de-chacabuco-impulsan-tren-regional-junin-mercedes\/","og_locale":"es_ES","og_type":"article","og_title":"Concejales de Chacabuco impulsan tren regional Jun\u00edn \u2013 Mercedes","og_description":"\u25a0 Aprobaron un proyecto para vincular diferentes comunidades mediante el ferrocarril y a la vez favorecer el enlace en Mercedes hacia la Ciudad de Buenos Aires.","og_url":"https:\/\/noticiasmercedinas.com\/site\/2022\/10\/27\/concejales-de-chacabuco-impulsan-tren-regional-junin-mercedes\/","og_site_name":"NOTICIASMERCEDINAS.COM","article_publisher":"https:\/\/www.facebook.com\/noticiasmercedinas\/","article_published_time":"2022-10-27T14:29:19+00:00","og_image":[{"width":640,"height":483,"url":"https:\/\/noticiasmercedinas.com\/site\/wp-content\/uploads\/2018\/11\/tren_sarmiento.png","type":"image\/png"}],"author":"NOTICIASMERCEDINAS.COM","twitter_card":"summary_large_image","twitter_creator":"@notmercedinas","twitter_site":"@notmercedinas","twitter_misc":{"Escrito por":"NOTICIASMERCEDINAS.COM","Tiempo de lectura":"2 minutos"},"schema":{"@context":"https:\/\/schema.org","@graph":[{"@type":"Article","@id":"https:\/\/noticiasmercedinas.com\/site\/2022\/10\/27\/concejales-de-chacabuco-impulsan-tren-regional-junin-mercedes\/#article","isPartOf":{"@id":"https:\/\/noticiasmercedinas.com\/site\/2022\/10\/27\/concejales-de-chacabuco-impulsan-tren-regional-junin-mercedes\/"},"author":{"name":"NOTICIASMERCEDINAS.COM","@id":"https:\/\/noticiasmercedinas.com\/site\/#\/schema\/person\/84b59c099c28ff2e8b77d4ceec5d8063"},"headline":"Concejales de Chacabuco impulsan tren regional Jun\u00edn \u2013 Mercedes","datePublished":"2022-10-27T14:29:19+00:00","mainEntityOfPage":{"@id":"https:\/\/noticiasmercedinas.com\/site\/2022\/10\/27\/concejales-de-chacabuco-impulsan-tren-regional-junin-mercedes\/"},"wordCount":250,"commentCount":0,"publisher":{"@id":"https:\/\/noticiasmercedinas.com\/site\/#organization"},"image":{"@id":"https:\/\/noticiasmercedinas.com\/site\/2022\/10\/27\/concejales-de-chacabuco-impulsan-tren-regional-junin-mercedes\/#primaryimage"},"thumbnailUrl":"https:\/\/noticiasmercedinas.com\/site\/wp-content\/uploads\/2018\/11\/tren_sarmiento.png","keywords":["Chacabuco","Junin","Rodolfo Serritella","trenes"],"articleSection":["Sociedad"],"inLanguage":"es","potentialAction":[{"@type":"CommentAction","name":"Comment","target":["https:\/\/noticiasmercedinas.com\/site\/2022\/10\/27\/concejales-de-chacabuco-impulsan-tren-regional-junin-mercedes\/#respond"]}]},{"@type":"WebPage","@id":"https:\/\/noticiasmercedinas.com\/site\/2022\/10\/27\/concejales-de-chacabuco-impulsan-tren-regional-junin-mercedes\/","url":"https:\/\/noticiasmercedinas.com\/site\/2022\/10\/27\/concejales-de-chacabuco-impulsan-tren-regional-junin-mercedes\/","name":"Concejales de Chacabuco impulsan tren regional Jun\u00edn \u2013 Mercedes","isPartOf":{"@id":"https:\/\/noticiasmercedinas.com\/site\/#website"},"primaryImageOfPage":{"@id":"https:\/\/noticiasmercedinas.com\/site\/2022\/10\/27\/concejales-de-chacabuco-impulsan-tren-regional-junin-mercedes\/#primaryimage"},"image":{"@id":"https:\/\/noticiasmercedinas.com\/site\/2022\/10\/27\/concejales-de-chacabuco-impulsan-tren-regional-junin-mercedes\/#primaryimage"},"thumbnailUrl":"https:\/\/noticiasmercedinas.com\/site\/wp-content\/uploads\/2018\/11\/tren_sarmiento.png","datePublished":"2022-10-27T14:29:19+00:00","breadcrumb":{"@id":"https:\/\/noticiasmercedinas.com\/site\/2022\/10\/27\/concejales-de-chacabuco-impulsan-tren-regional-junin-mercedes\/#breadcrumb"},"inLanguage":"es","potentialAction":[{"@type":"ReadAction","target":["https:\/\/noticiasmercedinas.com\/site\/2022\/10\/27\/concejales-de-chacabuco-impulsan-tren-regional-junin-mercedes\/"]}]},{"@type":"ImageObject","inLanguage":"es","@id":"https:\/\/noticiasmercedinas.com\/site\/2022\/10\/27\/concejales-de-chacabuco-impulsan-tren-regional-junin-mercedes\/#primaryimage","url":"https:\/\/noticiasmercedinas.com\/site\/wp-content\/uploads\/2018\/11\/tren_sarmiento.png","contentUrl":"https:\/\/noticiasmercedinas.com\/site\/wp-content\/uploads\/2018\/11\/tren_sarmiento.png","width":640,"height":483},{"@type":"BreadcrumbList","@id":"https:\/\/noticiasmercedinas.com\/site\/2022\/10\/27\/concejales-de-chacabuco-impulsan-tren-regional-junin-mercedes\/#breadcrumb","itemListElement":[{"@type":"ListItem","position":1,"name":"Portada","item":"https:\/\/noticiasmercedinas.com\/site\/"},{"@type":"ListItem","position":2,"name":"Concejales de Chacabuco impulsan tren regional Jun\u00edn \u2013 Mercedes"}]},{"@type":"WebSite","@id":"https:\/\/noticiasmercedinas.com\/site\/#website","url":"https:\/\/noticiasmercedinas.com\/site\/","name":"NOTICIASMERCEDINAS.COM","description":"Mercedes, Buenos Aires, Argentina","publisher":{"@id":"https:\/\/noticiasmercedinas.com\/site\/#organization"},"potentialAction":[{"@type":"SearchAction","target":{"@type":"EntryPoint","urlTemplate":"https:\/\/noticiasmercedinas.com\/site\/?s={search_term_string}"},"query-input":{"@type":"PropertyValueSpecification","valueRequired":true,"valueName":"search_term_string"}}],"inLanguage":"es"},{"@type":"Organization","@id":"https:\/\/noticiasmercedinas.com\/site\/#organization","name":"NOTICIASMERCEDINAS.COM","url":"https:\/\/noticiasmercedinas.com\/site\/","logo":{"@type":"ImageObject","inLanguage":"es","@id":"https:\/\/noticiasmercedinas.com\/site\/#\/schema\/logo\/image\/","url":"https:\/\/noticiasmercedinas.com\/site\/wp-content\/uploads\/2020\/06\/LOGO-512.jpg","contentUrl":"https:\/\/noticiasmercedinas.com\/site\/wp-content\/uploads\/2020\/06\/LOGO-512.jpg","width":512,"height":512,"caption":"NOTICIASMERCEDINAS.COM"},"image":{"@id":"https:\/\/noticiasmercedinas.com\/site\/#\/schema\/logo\/image\/"},"sameAs":["https:\/\/www.facebook.com\/noticiasmercedinas\/","https:\/\/x.com\/notmercedinas","https:\/\/www.instagram.com\/noticiasmercedinas\/"]},{"@type":"Person","@id":"https:\/\/noticiasmercedinas.com\/site\/#\/schema\/person\/84b59c099c28ff2e8b77d4ceec5d8063","name":"NOTICIASMERCEDINAS.COM","image":{"@type":"ImageObject","inLanguage":"es","@id":"https:\/\/secure.gravatar.com\/avatar\/4dfbf16b4d17945bfb6341b2d19043457132fcf478a5ee04f42e959fd8f5df0a?s=96&d=mm&r=g","url":"https:\/\/secure.gravatar.com\/avatar\/4dfbf16b4d17945bfb6341b2d19043457132fcf478a5ee04f42e959fd8f5df0a?s=96&d=mm&r=g","contentUrl":"https:\/\/secure.gravatar.com\/avatar\/4dfbf16b4d17945bfb6341b2d19043457132fcf478a5ee04f42e959fd8f5df0a?s=96&d=mm&r=g","caption":"NOTICIASMERCEDINAS.COM"},"url":"https:\/\/noticiasmercedinas.com\/site\/author\/anonimo\/"}]}},"amp_enabled":true,"_links":{"self":[{"href":"https:\/\/noticiasmercedinas.com\/site\/wp-json\/wp\/v2\/posts\/102898","targetHints":{"allow":["GET"]}}],"collection":[{"href":"https:\/\/noticiasmercedinas.com\/site\/wp-json\/wp\/v2\/posts"}],"about":[{"href":"https:\/\/noticiasmercedinas.com\/site\/wp-json\/wp\/v2\/types\/post"}],"author":[{"embeddable":true,"href":"https:\/\/noticiasmercedinas.com\/site\/wp-json\/wp\/v2\/users\/16"}],"replies":[{"embeddable":true,"href":"https:\/\/noticiasmercedinas.com\/site\/wp-json\/wp\/v2\/comments?post=102898"}],"version-history":[{"count":1,"href":"https:\/\/noticiasmercedinas.com\/site\/wp-json\/wp\/v2\/posts\/102898\/revisions"}],"predecessor-version":[{"id":102900,"href":"https:\/\/noticiasmercedinas.com\/site\/wp-json\/wp\/v2\/posts\/102898\/revisions\/102900"}],"wp:featuredmedia":[{"embeddable":true,"href":"https:\/\/noticiasmercedinas.com\/site\/wp-json\/wp\/v2\/media\/7895"}],"wp:attachment":[{"href":"https:\/\/noticiasmercedinas.com\/site\/wp-json\/wp\/v2\/media?parent=102898"}],"wp:term":[{"taxonomy":"category","embeddable":true,"href":"https:\/\/noticiasmercedinas.com\/site\/wp-json\/wp\/v2\/categories?post=102898"},{"taxonomy":"post_tag","embeddable":true,"href":"https:\/\/noticiasmercedinas.com\/site\/wp-json\/wp\/v2\/tags?post=102898"}],"curies":[{"name":"wp","href":"https:\/\/api.w.org\/{rel}","templated":true}]}}