{"id":103153,"date":"2022-10-30T21:29:52","date_gmt":"2022-10-31T00:29:52","guid":{"rendered":"https:\/\/noticiasmercedinas.com\/site\/?p=103153"},"modified":"2022-10-30T21:29:52","modified_gmt":"2022-10-31T00:29:52","slug":"juventud-en-suipacha-pasa-de-fase-en-la-copa","status":"publish","type":"post","link":"https:\/\/noticiasmercedinas.com\/site\/2022\/10\/30\/juventud-en-suipacha-pasa-de-fase-en-la-copa\/","title":{"rendered":"Juventud en Suipacha pasa de fase en la Copa"},"content":{"rendered":"<figure id=\"attachment_103154\" aria-describedby=\"caption-attachment-103154\" style=\"width: 1280px\" class=\"wp-caption alignnone\"><img loading=\"lazy\" decoding=\"async\" class=\"wp-image-103154 size-full\" src=\"https:\/\/noticiasmercedinas.com\/site\/wp-content\/uploads\/2022\/10\/313428829_814657972846216_1529904337292692973_n.jpg\" alt=\"\" width=\"1280\" height=\"960\" srcset=\"https:\/\/noticiasmercedinas.com\/site\/wp-content\/uploads\/2022\/10\/313428829_814657972846216_1529904337292692973_n.jpg 1280w, https:\/\/noticiasmercedinas.com\/site\/wp-content\/uploads\/2022\/10\/313428829_814657972846216_1529904337292692973_n-300x225.jpg 300w, https:\/\/noticiasmercedinas.com\/site\/wp-content\/uploads\/2022\/10\/313428829_814657972846216_1529904337292692973_n-1024x768.jpg 1024w, https:\/\/noticiasmercedinas.com\/site\/wp-content\/uploads\/2022\/10\/313428829_814657972846216_1529904337292692973_n-768x576.jpg 768w, https:\/\/noticiasmercedinas.com\/site\/wp-content\/uploads\/2022\/10\/313428829_814657972846216_1529904337292692973_n-80x60.jpg 80w, https:\/\/noticiasmercedinas.com\/site\/wp-content\/uploads\/2022\/10\/313428829_814657972846216_1529904337292692973_n-160x120.jpg 160w, https:\/\/noticiasmercedinas.com\/site\/wp-content\/uploads\/2022\/10\/313428829_814657972846216_1529904337292692973_n-100x75.jpg 100w, https:\/\/noticiasmercedinas.com\/site\/wp-content\/uploads\/2022\/10\/313428829_814657972846216_1529904337292692973_n-200x150.jpg 200w, https:\/\/noticiasmercedinas.com\/site\/wp-content\/uploads\/2022\/10\/313428829_814657972846216_1529904337292692973_n-180x135.jpg 180w, https:\/\/noticiasmercedinas.com\/site\/wp-content\/uploads\/2022\/10\/313428829_814657972846216_1529904337292692973_n-360x270.jpg 360w, https:\/\/noticiasmercedinas.com\/site\/wp-content\/uploads\/2022\/10\/313428829_814657972846216_1529904337292692973_n-238x178.jpg 238w, https:\/\/noticiasmercedinas.com\/site\/wp-content\/uploads\/2022\/10\/313428829_814657972846216_1529904337292692973_n-476x356.jpg 476w, https:\/\/noticiasmercedinas.com\/site\/wp-content\/uploads\/2022\/10\/313428829_814657972846216_1529904337292692973_n-640x480.jpg 640w, https:\/\/noticiasmercedinas.com\/site\/wp-content\/uploads\/2022\/10\/313428829_814657972846216_1529904337292692973_n-681x511.jpg 681w\" sizes=\"auto, (max-width: 1280px) 100vw, 1280px\" \/><figcaption id=\"caption-attachment-103154\" class=\"wp-caption-text\">La terna y los capitanes, Montenegro y Correa, el de Juventud reapareci\u00f3 con un gol. (Foto Juventud).<\/figcaption><\/figure>\n<p>Este domingo 30 se jug\u00f3 por los octavos de final de la Copa de la Liga, con s\u00f3lo un partido que se disput\u00f3 en Suipacha. Donde en el Municipal, Juventud le gan\u00f3 por 2 a 1 a Deportivo Gowland, comenzando el \u201cLechero\u201d con el pie derecho eliminado a Gowland que ven\u00eda de ganarle a Uni\u00f3n<\/p>\n<p>El venidero mi\u00e9rcoles 2 de septiembre se conocer\u00e1 el rival de Juventud, saldr\u00e1 del que resulte clasificado de entre Holanda y Trocha, mientras tanto los de I\u00f1aqui Darritchon esperan rival en Suipacha por los cuartos de final, otros tres cruces ya est\u00e1n resueltos, en la Liga dos y uno en Marcos Paz.<\/p>\n<p><strong>Juventud 2:<\/strong> Mauro Correa y Joaqu\u00edn Sosa.<br \/>\n<strong>Deportivo Gowland 1:<\/strong> Eric Tust.<br \/>\n<strong>Arbitro:<\/strong> Mat\u00edas Saint (CADEP).<\/p>\n<p><strong>Mi\u00e9rcoles 2 de noviembre<br \/>\nCancha:<\/strong> Liga Mercedina.<br \/>\nA las 19.45 Holanda vs. Trocha.<\/p>\n<p><strong>Lo que viene<\/strong><br \/>\nClub Estudiantes vs. El Tim\u00f3n.<br \/>\nPabell\u00f3n vs. Defensores.<br \/>\nClub Mercedes vs. Ateneo.<br \/>\nJuventud vs. Ganador de Holanda y Trocha.<\/p>\n","protected":false},"excerpt":{"rendered":"<p>\u25a0 A Deportivo Gowland le gan\u00f3 por 2 a 1 en la cancha Municipal. Ahora espera rival otra vez en su ciudad que saldr\u00e1 el mi\u00e9rcoles de entre Holanda y Trocha que jugar\u00e1n en cancha de la Liga.  <\/p>\n","protected":false},"author":6,"featured_media":103154,"comment_status":"open","ping_status":"open","sticky":false,"template":"","format":"standard","meta":{"footnotes":""},"categories":[5],"tags":[15499,3346],"class_list":["post-103153","post","type-post","status-publish","format-standard","has-post-thumbnail","hentry","category-deportes","tag-copa-de-la-liga","tag-liga-mercedina-de-futbol"],"yoast_head":"<!-- This site is optimized with the Yoast SEO plugin v28.3 - https:\/\/yoast.com\/product\/yoast-seo-wordpress\/ -->\n<title>Juventud en Suipacha pasa de fase en la Copa<\/title>\n<meta name=\"robots\" content=\"index, follow, max-snippet:-1, max-image-preview:large, max-video-preview:-1\" \/>\n<link rel=\"canonical\" href=\"https:\/\/noticiasmercedinas.com\/site\/2022\/10\/30\/juventud-en-suipacha-pasa-de-fase-en-la-copa\/\" \/>\n<meta property=\"og:locale\" content=\"es_ES\" \/>\n<meta property=\"og:type\" content=\"article\" \/>\n<meta property=\"og:title\" content=\"Juventud en Suipacha pasa de fase en la Copa\" \/>\n<meta property=\"og:description\" content=\"\u25a0 A Deportivo Gowland le gan\u00f3 por 2 a 1 en la cancha Municipal. Ahora espera rival otra vez en su ciudad que saldr\u00e1 el mi\u00e9rcoles de entre Holanda y Trocha que jugar\u00e1n en cancha de la Liga.\" \/>\n<meta property=\"og:url\" content=\"https:\/\/noticiasmercedinas.com\/site\/2022\/10\/30\/juventud-en-suipacha-pasa-de-fase-en-la-copa\/\" \/>\n<meta property=\"og:site_name\" content=\"NOTICIASMERCEDINAS.COM\" \/>\n<meta property=\"article:publisher\" content=\"https:\/\/www.facebook.com\/noticiasmercedinas\/\" \/>\n<meta property=\"article:published_time\" content=\"2022-10-31T00:29:52+00:00\" \/>\n<meta property=\"og:image\" content=\"https:\/\/noticiasmercedinas.com\/site\/wp-content\/uploads\/2022\/10\/313428829_814657972846216_1529904337292692973_n.jpg\" \/>\n\t<meta property=\"og:image:width\" content=\"1280\" \/>\n\t<meta property=\"og:image:height\" content=\"960\" \/>\n\t<meta property=\"og:image:type\" content=\"image\/jpeg\" \/>\n<meta name=\"author\" content=\"Juan Dagnino NOTICIASMERCEDINAS.COM\" \/>\n<meta name=\"twitter:card\" content=\"summary_large_image\" \/>\n<meta name=\"twitter:creator\" content=\"@notmercedinas\" \/>\n<meta name=\"twitter:site\" content=\"@notmercedinas\" \/>\n<meta name=\"twitter:label1\" content=\"Escrito por\" \/>\n\t<meta name=\"twitter:data1\" content=\"Juan Dagnino NOTICIASMERCEDINAS.COM\" \/>\n\t<meta name=\"twitter:label2\" content=\"Tiempo de lectura\" \/>\n\t<meta name=\"twitter:data2\" content=\"2 minutos\" \/>\n<script type=\"application\/ld+json\" class=\"yoast-schema-graph\">{\"@context\":\"https:\\\/\\\/schema.org\",\"@graph\":[{\"@type\":\"Article\",\"@id\":\"https:\\\/\\\/noticiasmercedinas.com\\\/site\\\/2022\\\/10\\\/30\\\/juventud-en-suipacha-pasa-de-fase-en-la-copa\\\/#article\",\"isPartOf\":{\"@id\":\"https:\\\/\\\/noticiasmercedinas.com\\\/site\\\/2022\\\/10\\\/30\\\/juventud-en-suipacha-pasa-de-fase-en-la-copa\\\/\"},\"author\":{\"name\":\"Juan Dagnino NOTICIASMERCEDINAS.COM\",\"@id\":\"https:\\\/\\\/noticiasmercedinas.com\\\/site\\\/#\\\/schema\\\/person\\\/8f2f09d666ef40986eba4a5e6f2a06f9\"},\"headline\":\"Juventud en Suipacha pasa de fase en la Copa\",\"datePublished\":\"2022-10-31T00:29:52+00:00\",\"mainEntityOfPage\":{\"@id\":\"https:\\\/\\\/noticiasmercedinas.com\\\/site\\\/2022\\\/10\\\/30\\\/juventud-en-suipacha-pasa-de-fase-en-la-copa\\\/\"},\"wordCount\":194,\"commentCount\":0,\"publisher\":{\"@id\":\"https:\\\/\\\/noticiasmercedinas.com\\\/site\\\/#organization\"},\"image\":{\"@id\":\"https:\\\/\\\/noticiasmercedinas.com\\\/site\\\/2022\\\/10\\\/30\\\/juventud-en-suipacha-pasa-de-fase-en-la-copa\\\/#primaryimage\"},\"thumbnailUrl\":\"https:\\\/\\\/noticiasmercedinas.com\\\/site\\\/wp-content\\\/uploads\\\/2022\\\/10\\\/313428829_814657972846216_1529904337292692973_n.jpg\",\"keywords\":[\"Copa de la Liga\",\"Liga Mercedina de F\u00fatbol\"],\"articleSection\":[\"Deportes\"],\"inLanguage\":\"es\",\"potentialAction\":[{\"@type\":\"CommentAction\",\"name\":\"Comment\",\"target\":[\"https:\\\/\\\/noticiasmercedinas.com\\\/site\\\/2022\\\/10\\\/30\\\/juventud-en-suipacha-pasa-de-fase-en-la-copa\\\/#respond\"]}]},{\"@type\":\"WebPage\",\"@id\":\"https:\\\/\\\/noticiasmercedinas.com\\\/site\\\/2022\\\/10\\\/30\\\/juventud-en-suipacha-pasa-de-fase-en-la-copa\\\/\",\"url\":\"https:\\\/\\\/noticiasmercedinas.com\\\/site\\\/2022\\\/10\\\/30\\\/juventud-en-suipacha-pasa-de-fase-en-la-copa\\\/\",\"name\":\"Juventud en Suipacha pasa de fase en la Copa\",\"isPartOf\":{\"@id\":\"https:\\\/\\\/noticiasmercedinas.com\\\/site\\\/#website\"},\"primaryImageOfPage\":{\"@id\":\"https:\\\/\\\/noticiasmercedinas.com\\\/site\\\/2022\\\/10\\\/30\\\/juventud-en-suipacha-pasa-de-fase-en-la-copa\\\/#primaryimage\"},\"image\":{\"@id\":\"https:\\\/\\\/noticiasmercedinas.com\\\/site\\\/2022\\\/10\\\/30\\\/juventud-en-suipacha-pasa-de-fase-en-la-copa\\\/#primaryimage\"},\"thumbnailUrl\":\"https:\\\/\\\/noticiasmercedinas.com\\\/site\\\/wp-content\\\/uploads\\\/2022\\\/10\\\/313428829_814657972846216_1529904337292692973_n.jpg\",\"datePublished\":\"2022-10-31T00:29:52+00:00\",\"breadcrumb\":{\"@id\":\"https:\\\/\\\/noticiasmercedinas.com\\\/site\\\/2022\\\/10\\\/30\\\/juventud-en-suipacha-pasa-de-fase-en-la-copa\\\/#breadcrumb\"},\"inLanguage\":\"es\",\"potentialAction\":[{\"@type\":\"ReadAction\",\"target\":[\"https:\\\/\\\/noticiasmercedinas.com\\\/site\\\/2022\\\/10\\\/30\\\/juventud-en-suipacha-pasa-de-fase-en-la-copa\\\/\"]}]},{\"@type\":\"ImageObject\",\"inLanguage\":\"es\",\"@id\":\"https:\\\/\\\/noticiasmercedinas.com\\\/site\\\/2022\\\/10\\\/30\\\/juventud-en-suipacha-pasa-de-fase-en-la-copa\\\/#primaryimage\",\"url\":\"https:\\\/\\\/noticiasmercedinas.com\\\/site\\\/wp-content\\\/uploads\\\/2022\\\/10\\\/313428829_814657972846216_1529904337292692973_n.jpg\",\"contentUrl\":\"https:\\\/\\\/noticiasmercedinas.com\\\/site\\\/wp-content\\\/uploads\\\/2022\\\/10\\\/313428829_814657972846216_1529904337292692973_n.jpg\",\"width\":1280,\"height\":960},{\"@type\":\"BreadcrumbList\",\"@id\":\"https:\\\/\\\/noticiasmercedinas.com\\\/site\\\/2022\\\/10\\\/30\\\/juventud-en-suipacha-pasa-de-fase-en-la-copa\\\/#breadcrumb\",\"itemListElement\":[{\"@type\":\"ListItem\",\"position\":1,\"name\":\"Portada\",\"item\":\"https:\\\/\\\/noticiasmercedinas.com\\\/site\\\/\"},{\"@type\":\"ListItem\",\"position\":2,\"name\":\"Juventud en Suipacha pasa de fase en la Copa\"}]},{\"@type\":\"WebSite\",\"@id\":\"https:\\\/\\\/noticiasmercedinas.com\\\/site\\\/#website\",\"url\":\"https:\\\/\\\/noticiasmercedinas.com\\\/site\\\/\",\"name\":\"NOTICIASMERCEDINAS.COM\",\"description\":\"Mercedes, Buenos Aires, Argentina\",\"publisher\":{\"@id\":\"https:\\\/\\\/noticiasmercedinas.com\\\/site\\\/#organization\"},\"potentialAction\":[{\"@type\":\"SearchAction\",\"target\":{\"@type\":\"EntryPoint\",\"urlTemplate\":\"https:\\\/\\\/noticiasmercedinas.com\\\/site\\\/?s={search_term_string}\"},\"query-input\":{\"@type\":\"PropertyValueSpecification\",\"valueRequired\":true,\"valueName\":\"search_term_string\"}}],\"inLanguage\":\"es\"},{\"@type\":\"Organization\",\"@id\":\"https:\\\/\\\/noticiasmercedinas.com\\\/site\\\/#organization\",\"name\":\"NOTICIASMERCEDINAS.COM\",\"url\":\"https:\\\/\\\/noticiasmercedinas.com\\\/site\\\/\",\"logo\":{\"@type\":\"ImageObject\",\"inLanguage\":\"es\",\"@id\":\"https:\\\/\\\/noticiasmercedinas.com\\\/site\\\/#\\\/schema\\\/logo\\\/image\\\/\",\"url\":\"https:\\\/\\\/noticiasmercedinas.com\\\/site\\\/wp-content\\\/uploads\\\/2020\\\/06\\\/LOGO-512.jpg\",\"contentUrl\":\"https:\\\/\\\/noticiasmercedinas.com\\\/site\\\/wp-content\\\/uploads\\\/2020\\\/06\\\/LOGO-512.jpg\",\"width\":512,\"height\":512,\"caption\":\"NOTICIASMERCEDINAS.COM\"},\"image\":{\"@id\":\"https:\\\/\\\/noticiasmercedinas.com\\\/site\\\/#\\\/schema\\\/logo\\\/image\\\/\"},\"sameAs\":[\"https:\\\/\\\/www.facebook.com\\\/noticiasmercedinas\\\/\",\"https:\\\/\\\/x.com\\\/notmercedinas\",\"https:\\\/\\\/www.instagram.com\\\/noticiasmercedinas\\\/\"]},{\"@type\":\"Person\",\"@id\":\"https:\\\/\\\/noticiasmercedinas.com\\\/site\\\/#\\\/schema\\\/person\\\/8f2f09d666ef40986eba4a5e6f2a06f9\",\"name\":\"Juan Dagnino NOTICIASMERCEDINAS.COM\",\"image\":{\"@type\":\"ImageObject\",\"inLanguage\":\"es\",\"@id\":\"https:\\\/\\\/secure.gravatar.com\\\/avatar\\\/fc7059a769f5a3cae65fadb228a3e4accf3a64b4b2305020d0a27e6d5333c91b?s=96&d=mm&r=g\",\"url\":\"https:\\\/\\\/secure.gravatar.com\\\/avatar\\\/fc7059a769f5a3cae65fadb228a3e4accf3a64b4b2305020d0a27e6d5333c91b?s=96&d=mm&r=g\",\"contentUrl\":\"https:\\\/\\\/secure.gravatar.com\\\/avatar\\\/fc7059a769f5a3cae65fadb228a3e4accf3a64b4b2305020d0a27e6d5333c91b?s=96&d=mm&r=g\",\"caption\":\"Juan Dagnino NOTICIASMERCEDINAS.COM\"},\"url\":\"https:\\\/\\\/noticiasmercedinas.com\\\/site\\\/author\\\/juandagnino\\\/\"}]}<\/script>\n<!-- \/ Yoast SEO plugin. -->","yoast_head_json":{"title":"Juventud en Suipacha pasa de fase en la Copa","robots":{"index":"index","follow":"follow","max-snippet":"max-snippet:-1","max-image-preview":"max-image-preview:large","max-video-preview":"max-video-preview:-1"},"canonical":"https:\/\/noticiasmercedinas.com\/site\/2022\/10\/30\/juventud-en-suipacha-pasa-de-fase-en-la-copa\/","og_locale":"es_ES","og_type":"article","og_title":"Juventud en Suipacha pasa de fase en la Copa","og_description":"\u25a0 A Deportivo Gowland le gan\u00f3 por 2 a 1 en la cancha Municipal. Ahora espera rival otra vez en su ciudad que saldr\u00e1 el mi\u00e9rcoles de entre Holanda y Trocha que jugar\u00e1n en cancha de la Liga.","og_url":"https:\/\/noticiasmercedinas.com\/site\/2022\/10\/30\/juventud-en-suipacha-pasa-de-fase-en-la-copa\/","og_site_name":"NOTICIASMERCEDINAS.COM","article_publisher":"https:\/\/www.facebook.com\/noticiasmercedinas\/","article_published_time":"2022-10-31T00:29:52+00:00","og_image":[{"width":1280,"height":960,"url":"https:\/\/noticiasmercedinas.com\/site\/wp-content\/uploads\/2022\/10\/313428829_814657972846216_1529904337292692973_n.jpg","type":"image\/jpeg"}],"author":"Juan Dagnino NOTICIASMERCEDINAS.COM","twitter_card":"summary_large_image","twitter_creator":"@notmercedinas","twitter_site":"@notmercedinas","twitter_misc":{"Escrito por":"Juan Dagnino NOTICIASMERCEDINAS.COM","Tiempo de lectura":"2 minutos"},"schema":{"@context":"https:\/\/schema.org","@graph":[{"@type":"Article","@id":"https:\/\/noticiasmercedinas.com\/site\/2022\/10\/30\/juventud-en-suipacha-pasa-de-fase-en-la-copa\/#article","isPartOf":{"@id":"https:\/\/noticiasmercedinas.com\/site\/2022\/10\/30\/juventud-en-suipacha-pasa-de-fase-en-la-copa\/"},"author":{"name":"Juan Dagnino NOTICIASMERCEDINAS.COM","@id":"https:\/\/noticiasmercedinas.com\/site\/#\/schema\/person\/8f2f09d666ef40986eba4a5e6f2a06f9"},"headline":"Juventud en Suipacha pasa de fase en la Copa","datePublished":"2022-10-31T00:29:52+00:00","mainEntityOfPage":{"@id":"https:\/\/noticiasmercedinas.com\/site\/2022\/10\/30\/juventud-en-suipacha-pasa-de-fase-en-la-copa\/"},"wordCount":194,"commentCount":0,"publisher":{"@id":"https:\/\/noticiasmercedinas.com\/site\/#organization"},"image":{"@id":"https:\/\/noticiasmercedinas.com\/site\/2022\/10\/30\/juventud-en-suipacha-pasa-de-fase-en-la-copa\/#primaryimage"},"thumbnailUrl":"https:\/\/noticiasmercedinas.com\/site\/wp-content\/uploads\/2022\/10\/313428829_814657972846216_1529904337292692973_n.jpg","keywords":["Copa de la Liga","Liga Mercedina de F\u00fatbol"],"articleSection":["Deportes"],"inLanguage":"es","potentialAction":[{"@type":"CommentAction","name":"Comment","target":["https:\/\/noticiasmercedinas.com\/site\/2022\/10\/30\/juventud-en-suipacha-pasa-de-fase-en-la-copa\/#respond"]}]},{"@type":"WebPage","@id":"https:\/\/noticiasmercedinas.com\/site\/2022\/10\/30\/juventud-en-suipacha-pasa-de-fase-en-la-copa\/","url":"https:\/\/noticiasmercedinas.com\/site\/2022\/10\/30\/juventud-en-suipacha-pasa-de-fase-en-la-copa\/","name":"Juventud en Suipacha pasa de fase en la Copa","isPartOf":{"@id":"https:\/\/noticiasmercedinas.com\/site\/#website"},"primaryImageOfPage":{"@id":"https:\/\/noticiasmercedinas.com\/site\/2022\/10\/30\/juventud-en-suipacha-pasa-de-fase-en-la-copa\/#primaryimage"},"image":{"@id":"https:\/\/noticiasmercedinas.com\/site\/2022\/10\/30\/juventud-en-suipacha-pasa-de-fase-en-la-copa\/#primaryimage"},"thumbnailUrl":"https:\/\/noticiasmercedinas.com\/site\/wp-content\/uploads\/2022\/10\/313428829_814657972846216_1529904337292692973_n.jpg","datePublished":"2022-10-31T00:29:52+00:00","breadcrumb":{"@id":"https:\/\/noticiasmercedinas.com\/site\/2022\/10\/30\/juventud-en-suipacha-pasa-de-fase-en-la-copa\/#breadcrumb"},"inLanguage":"es","potentialAction":[{"@type":"ReadAction","target":["https:\/\/noticiasmercedinas.com\/site\/2022\/10\/30\/juventud-en-suipacha-pasa-de-fase-en-la-copa\/"]}]},{"@type":"ImageObject","inLanguage":"es","@id":"https:\/\/noticiasmercedinas.com\/site\/2022\/10\/30\/juventud-en-suipacha-pasa-de-fase-en-la-copa\/#primaryimage","url":"https:\/\/noticiasmercedinas.com\/site\/wp-content\/uploads\/2022\/10\/313428829_814657972846216_1529904337292692973_n.jpg","contentUrl":"https:\/\/noticiasmercedinas.com\/site\/wp-content\/uploads\/2022\/10\/313428829_814657972846216_1529904337292692973_n.jpg","width":1280,"height":960},{"@type":"BreadcrumbList","@id":"https:\/\/noticiasmercedinas.com\/site\/2022\/10\/30\/juventud-en-suipacha-pasa-de-fase-en-la-copa\/#breadcrumb","itemListElement":[{"@type":"ListItem","position":1,"name":"Portada","item":"https:\/\/noticiasmercedinas.com\/site\/"},{"@type":"ListItem","position":2,"name":"Juventud en Suipacha pasa de fase en la Copa"}]},{"@type":"WebSite","@id":"https:\/\/noticiasmercedinas.com\/site\/#website","url":"https:\/\/noticiasmercedinas.com\/site\/","name":"NOTICIASMERCEDINAS.COM","description":"Mercedes, Buenos Aires, Argentina","publisher":{"@id":"https:\/\/noticiasmercedinas.com\/site\/#organization"},"potentialAction":[{"@type":"SearchAction","target":{"@type":"EntryPoint","urlTemplate":"https:\/\/noticiasmercedinas.com\/site\/?s={search_term_string}"},"query-input":{"@type":"PropertyValueSpecification","valueRequired":true,"valueName":"search_term_string"}}],"inLanguage":"es"},{"@type":"Organization","@id":"https:\/\/noticiasmercedinas.com\/site\/#organization","name":"NOTICIASMERCEDINAS.COM","url":"https:\/\/noticiasmercedinas.com\/site\/","logo":{"@type":"ImageObject","inLanguage":"es","@id":"https:\/\/noticiasmercedinas.com\/site\/#\/schema\/logo\/image\/","url":"https:\/\/noticiasmercedinas.com\/site\/wp-content\/uploads\/2020\/06\/LOGO-512.jpg","contentUrl":"https:\/\/noticiasmercedinas.com\/site\/wp-content\/uploads\/2020\/06\/LOGO-512.jpg","width":512,"height":512,"caption":"NOTICIASMERCEDINAS.COM"},"image":{"@id":"https:\/\/noticiasmercedinas.com\/site\/#\/schema\/logo\/image\/"},"sameAs":["https:\/\/www.facebook.com\/noticiasmercedinas\/","https:\/\/x.com\/notmercedinas","https:\/\/www.instagram.com\/noticiasmercedinas\/"]},{"@type":"Person","@id":"https:\/\/noticiasmercedinas.com\/site\/#\/schema\/person\/8f2f09d666ef40986eba4a5e6f2a06f9","name":"Juan Dagnino NOTICIASMERCEDINAS.COM","image":{"@type":"ImageObject","inLanguage":"es","@id":"https:\/\/secure.gravatar.com\/avatar\/fc7059a769f5a3cae65fadb228a3e4accf3a64b4b2305020d0a27e6d5333c91b?s=96&d=mm&r=g","url":"https:\/\/secure.gravatar.com\/avatar\/fc7059a769f5a3cae65fadb228a3e4accf3a64b4b2305020d0a27e6d5333c91b?s=96&d=mm&r=g","contentUrl":"https:\/\/secure.gravatar.com\/avatar\/fc7059a769f5a3cae65fadb228a3e4accf3a64b4b2305020d0a27e6d5333c91b?s=96&d=mm&r=g","caption":"Juan Dagnino NOTICIASMERCEDINAS.COM"},"url":"https:\/\/noticiasmercedinas.com\/site\/author\/juandagnino\/"}]}},"amp_enabled":true,"_links":{"self":[{"href":"https:\/\/noticiasmercedinas.com\/site\/wp-json\/wp\/v2\/posts\/103153","targetHints":{"allow":["GET"]}}],"collection":[{"href":"https:\/\/noticiasmercedinas.com\/site\/wp-json\/wp\/v2\/posts"}],"about":[{"href":"https:\/\/noticiasmercedinas.com\/site\/wp-json\/wp\/v2\/types\/post"}],"author":[{"embeddable":true,"href":"https:\/\/noticiasmercedinas.com\/site\/wp-json\/wp\/v2\/users\/6"}],"replies":[{"embeddable":true,"href":"https:\/\/noticiasmercedinas.com\/site\/wp-json\/wp\/v2\/comments?post=103153"}],"version-history":[{"count":1,"href":"https:\/\/noticiasmercedinas.com\/site\/wp-json\/wp\/v2\/posts\/103153\/revisions"}],"predecessor-version":[{"id":103155,"href":"https:\/\/noticiasmercedinas.com\/site\/wp-json\/wp\/v2\/posts\/103153\/revisions\/103155"}],"wp:featuredmedia":[{"embeddable":true,"href":"https:\/\/noticiasmercedinas.com\/site\/wp-json\/wp\/v2\/media\/103154"}],"wp:attachment":[{"href":"https:\/\/noticiasmercedinas.com\/site\/wp-json\/wp\/v2\/media?parent=103153"}],"wp:term":[{"taxonomy":"category","embeddable":true,"href":"https:\/\/noticiasmercedinas.com\/site\/wp-json\/wp\/v2\/categories?post=103153"},{"taxonomy":"post_tag","embeddable":true,"href":"https:\/\/noticiasmercedinas.com\/site\/wp-json\/wp\/v2\/tags?post=103153"}],"curies":[{"name":"wp","href":"https:\/\/api.w.org\/{rel}","templated":true}]}}