{"id":103162,"date":"2022-10-30T23:06:51","date_gmt":"2022-10-31T02:06:51","guid":{"rendered":"https:\/\/noticiasmercedinas.com\/site\/?p=103162"},"modified":"2022-10-30T23:07:29","modified_gmt":"2022-10-31T02:07:29","slug":"joaco-zunino-regreso-a-la-actividad-con-buen-desempeno","status":"publish","type":"post","link":"https:\/\/noticiasmercedinas.com\/site\/2022\/10\/30\/joaco-zunino-regreso-a-la-actividad-con-buen-desempeno\/","title":{"rendered":"Joaco Zunino regres\u00f3 a la actividad con buen desempe\u00f1o"},"content":{"rendered":"<p><img loading=\"lazy\" decoding=\"async\" class=\"alignnone size-large wp-image-103163\" src=\"https:\/\/noticiasmercedinas.com\/site\/wp-content\/uploads\/2022\/10\/0fdfc7f8-c405-404f-bf1f-691166c038f3-1024x678.jpg\" alt=\"\" width=\"640\" height=\"424\" srcset=\"https:\/\/noticiasmercedinas.com\/site\/wp-content\/uploads\/2022\/10\/0fdfc7f8-c405-404f-bf1f-691166c038f3-1024x678.jpg 1024w, https:\/\/noticiasmercedinas.com\/site\/wp-content\/uploads\/2022\/10\/0fdfc7f8-c405-404f-bf1f-691166c038f3-300x199.jpg 300w, https:\/\/noticiasmercedinas.com\/site\/wp-content\/uploads\/2022\/10\/0fdfc7f8-c405-404f-bf1f-691166c038f3-768x508.jpg 768w, https:\/\/noticiasmercedinas.com\/site\/wp-content\/uploads\/2022\/10\/0fdfc7f8-c405-404f-bf1f-691166c038f3-640x424.jpg 640w, https:\/\/noticiasmercedinas.com\/site\/wp-content\/uploads\/2022\/10\/0fdfc7f8-c405-404f-bf1f-691166c038f3-681x451.jpg 681w, https:\/\/noticiasmercedinas.com\/site\/wp-content\/uploads\/2022\/10\/0fdfc7f8-c405-404f-bf1f-691166c038f3.jpg 1280w\" sizes=\"auto, (max-width: 640px) 100vw, 640px\" \/><\/p>\n<p>El Campeonato Provincial de Motocross tuvo su paso el fin de semana en la vecina localidad de Navarro, donde con un aceptable parque de motos, vivi\u00f3 su segunda fecha en el circuito El Akacio, ubicado en un predio frente a la laguna de esta localidad.<\/p>\n<p>All\u00ed estuvo presente el piloto mercedino<strong> Joaqu\u00edn Zunino<\/strong>, quien luego de una prolongada ausencia en este deporte, regres\u00f3 a la competencia. Joaco ven\u00eda llevando adelante pr\u00e1cticas sin participaciones m\u00e1s que en alguna competencia de Enduro, y en esta ocasi\u00f3n decidi\u00f3 regresar a lomo de una KTM 250 para ser parte de la categor\u00eda Debutantes.<\/p>\n<p>Las actividades se desarrollaron entre s\u00e1bado y domingo, con un agobiante clima en el primer d\u00eda de pruebas y clasificaciones, y mucho viento y fr\u00edo durante el desarrollo de las carreras. Zunino fue protagonista de la jornada aunque una lesi\u00f3n en su mu\u00f1eca izquierda lo posterg\u00f3 de un podio que ten\u00eda asegurado de haberse mantenido en pista.<\/p>\n<p><strong>Sexto<br \/>\n<\/strong>Joaco Zunino fue tercero en la clasificaci\u00f3n del s\u00e1bado. Con buenas impresiones de su desempe\u00f1o consigui\u00f3 meterse entre los mejores cronos de su divisional.<\/p>\n<p>La pole qued\u00f3 en manos del escobarense Fabricio Cardoso con una vuelta que estuvo apenas por encima del minuto y medio.<\/p>\n<p>El mercedino se ubic\u00f3 a una diferencia de 1.54 segundos.<\/p>\n<p>El domingo lleg\u00f3 la hora de la verdad y en la primera manga, Joaqu\u00edn termin\u00f3 nuevamente en tercera ubicaci\u00f3n.<\/p>\n<p>La victoria de manga fue para Mauricio Mart\u00ed (Vicente L\u00f3pez) y el piloto local luch\u00f3 por la segunda posici\u00f3n con Gabriel Scheffer (Las Heras), a quien estuvo cerca de doblegar en la curva final.<\/p>\n<p>La segunda y \u00faltima prueba lo vio larga de muy buena manera y en los primeros metros tom\u00f3 la vanguardia para sostenerla con solidez hasta que en un salto se golpe\u00f3 duramente su mu\u00f1eca izquierda, hecho que lo llev\u00f3 a ir perdiendo posiciones y a tener que desertar cuando apenas faltaban tres vueltas.<\/p>\n<p>Esta deserci\u00f3n lo hizo caer en el clasificador general y terminar en la sexta colocaci\u00f3n. De no haber sido por esta lesi\u00f3n que le demando posterior atenci\u00f3n m\u00e9dica, Joaco Zunino hubiese estado en el podio de coronaci\u00f3n en su regreso al MX.<\/p>\n<p><img loading=\"lazy\" decoding=\"async\" class=\"alignnone size-large wp-image-103164\" src=\"https:\/\/noticiasmercedinas.com\/site\/wp-content\/uploads\/2022\/10\/3d5f668f-5400-42f3-a2ed-d2c79f5aef85-888x1024.jpg\" alt=\"\" width=\"640\" height=\"738\" srcset=\"https:\/\/noticiasmercedinas.com\/site\/wp-content\/uploads\/2022\/10\/3d5f668f-5400-42f3-a2ed-d2c79f5aef85-888x1024.jpg 888w, https:\/\/noticiasmercedinas.com\/site\/wp-content\/uploads\/2022\/10\/3d5f668f-5400-42f3-a2ed-d2c79f5aef85-260x300.jpg 260w, https:\/\/noticiasmercedinas.com\/site\/wp-content\/uploads\/2022\/10\/3d5f668f-5400-42f3-a2ed-d2c79f5aef85-768x886.jpg 768w, https:\/\/noticiasmercedinas.com\/site\/wp-content\/uploads\/2022\/10\/3d5f668f-5400-42f3-a2ed-d2c79f5aef85-640x738.jpg 640w, https:\/\/noticiasmercedinas.com\/site\/wp-content\/uploads\/2022\/10\/3d5f668f-5400-42f3-a2ed-d2c79f5aef85-681x785.jpg 681w, https:\/\/noticiasmercedinas.com\/site\/wp-content\/uploads\/2022\/10\/3d5f668f-5400-42f3-a2ed-d2c79f5aef85.jpg 1110w\" sizes=\"auto, (max-width: 640px) 100vw, 640px\" \/><\/p>\n","protected":false},"excerpt":{"rendered":"<p>\u25a0 El provincial de Motocross vivi\u00f3 su segunda fecha en el circuito El Akacio, ubicado en un predio frente a la laguna de la vecina localidad de Navarro.<\/p>\n","protected":false},"author":28,"featured_media":103163,"comment_status":"open","ping_status":"open","sticky":false,"template":"","format":"standard","meta":{"footnotes":""},"categories":[5],"tags":[15630,15629,84,253],"class_list":["post-103162","post","type-post","status-publish","format-standard","has-post-thumbnail","hentry","category-deportes","tag-campeonato-provincial-de-motocross","tag-joaquin-zunino","tag-motocross","tag-navarro"],"yoast_head":"<!-- This site is optimized with the Yoast SEO plugin v27.5 - https:\/\/yoast.com\/product\/yoast-seo-wordpress\/ -->\n<title>Joaco Zunino regres\u00f3 a la actividad con buen desempe\u00f1o<\/title>\n<meta name=\"robots\" content=\"index, follow, max-snippet:-1, max-image-preview:large, max-video-preview:-1\" \/>\n<link rel=\"canonical\" href=\"https:\/\/noticiasmercedinas.com\/site\/2022\/10\/30\/joaco-zunino-regreso-a-la-actividad-con-buen-desempeno\/\" \/>\n<meta property=\"og:locale\" content=\"es_ES\" \/>\n<meta property=\"og:type\" content=\"article\" \/>\n<meta property=\"og:title\" content=\"Joaco Zunino regres\u00f3 a la actividad con buen desempe\u00f1o\" \/>\n<meta property=\"og:description\" content=\"\u25a0 El provincial de Motocross vivi\u00f3 su segunda fecha en el circuito El Akacio, ubicado en un predio frente a la laguna de la vecina localidad de Navarro.\" \/>\n<meta property=\"og:url\" content=\"https:\/\/noticiasmercedinas.com\/site\/2022\/10\/30\/joaco-zunino-regreso-a-la-actividad-con-buen-desempeno\/\" \/>\n<meta property=\"og:site_name\" content=\"NOTICIASMERCEDINAS.COM\" \/>\n<meta property=\"article:publisher\" content=\"https:\/\/www.facebook.com\/noticiasmercedinas\/\" \/>\n<meta property=\"article:published_time\" content=\"2022-10-31T02:06:51+00:00\" \/>\n<meta property=\"article:modified_time\" content=\"2022-10-31T02:07:29+00:00\" \/>\n<meta property=\"og:image\" content=\"https:\/\/noticiasmercedinas.com\/site\/wp-content\/uploads\/2022\/10\/0fdfc7f8-c405-404f-bf1f-691166c038f3.jpg\" \/>\n\t<meta property=\"og:image:width\" content=\"1280\" \/>\n\t<meta property=\"og:image:height\" content=\"847\" \/>\n\t<meta property=\"og:image:type\" content=\"image\/jpeg\" \/>\n<meta name=\"author\" content=\"Walter Anido\" \/>\n<meta name=\"twitter:card\" content=\"summary_large_image\" \/>\n<meta name=\"twitter:creator\" content=\"@notmercedinas\" \/>\n<meta name=\"twitter:site\" content=\"@notmercedinas\" \/>\n<meta name=\"twitter:label1\" content=\"Escrito por\" \/>\n\t<meta name=\"twitter:data1\" content=\"Walter Anido\" \/>\n\t<meta name=\"twitter:label2\" content=\"Tiempo de lectura\" \/>\n\t<meta name=\"twitter:data2\" content=\"3 minutos\" \/>\n<script type=\"application\/ld+json\" class=\"yoast-schema-graph\">{\"@context\":\"https:\\\/\\\/schema.org\",\"@graph\":[{\"@type\":\"Article\",\"@id\":\"https:\\\/\\\/noticiasmercedinas.com\\\/site\\\/2022\\\/10\\\/30\\\/joaco-zunino-regreso-a-la-actividad-con-buen-desempeno\\\/#article\",\"isPartOf\":{\"@id\":\"https:\\\/\\\/noticiasmercedinas.com\\\/site\\\/2022\\\/10\\\/30\\\/joaco-zunino-regreso-a-la-actividad-con-buen-desempeno\\\/\"},\"author\":{\"name\":\"Walter Anido\",\"@id\":\"https:\\\/\\\/noticiasmercedinas.com\\\/site\\\/#\\\/schema\\\/person\\\/5c7331f6c70391fc472384ac79cfdf04\"},\"headline\":\"Joaco Zunino regres\u00f3 a la actividad con buen desempe\u00f1o\",\"datePublished\":\"2022-10-31T02:06:51+00:00\",\"dateModified\":\"2022-10-31T02:07:29+00:00\",\"mainEntityOfPage\":{\"@id\":\"https:\\\/\\\/noticiasmercedinas.com\\\/site\\\/2022\\\/10\\\/30\\\/joaco-zunino-regreso-a-la-actividad-con-buen-desempeno\\\/\"},\"wordCount\":394,\"commentCount\":0,\"publisher\":{\"@id\":\"https:\\\/\\\/noticiasmercedinas.com\\\/site\\\/#organization\"},\"image\":{\"@id\":\"https:\\\/\\\/noticiasmercedinas.com\\\/site\\\/2022\\\/10\\\/30\\\/joaco-zunino-regreso-a-la-actividad-con-buen-desempeno\\\/#primaryimage\"},\"thumbnailUrl\":\"https:\\\/\\\/noticiasmercedinas.com\\\/site\\\/wp-content\\\/uploads\\\/2022\\\/10\\\/0fdfc7f8-c405-404f-bf1f-691166c038f3.jpg\",\"keywords\":[\"Campeonato Provincial de Motocross\",\"Joaqu\u00edn Zunino\",\"motocross\",\"navarro\"],\"articleSection\":[\"Deportes\"],\"inLanguage\":\"es\",\"potentialAction\":[{\"@type\":\"CommentAction\",\"name\":\"Comment\",\"target\":[\"https:\\\/\\\/noticiasmercedinas.com\\\/site\\\/2022\\\/10\\\/30\\\/joaco-zunino-regreso-a-la-actividad-con-buen-desempeno\\\/#respond\"]}]},{\"@type\":\"WebPage\",\"@id\":\"https:\\\/\\\/noticiasmercedinas.com\\\/site\\\/2022\\\/10\\\/30\\\/joaco-zunino-regreso-a-la-actividad-con-buen-desempeno\\\/\",\"url\":\"https:\\\/\\\/noticiasmercedinas.com\\\/site\\\/2022\\\/10\\\/30\\\/joaco-zunino-regreso-a-la-actividad-con-buen-desempeno\\\/\",\"name\":\"Joaco Zunino regres\u00f3 a la actividad con buen desempe\u00f1o\",\"isPartOf\":{\"@id\":\"https:\\\/\\\/noticiasmercedinas.com\\\/site\\\/#website\"},\"primaryImageOfPage\":{\"@id\":\"https:\\\/\\\/noticiasmercedinas.com\\\/site\\\/2022\\\/10\\\/30\\\/joaco-zunino-regreso-a-la-actividad-con-buen-desempeno\\\/#primaryimage\"},\"image\":{\"@id\":\"https:\\\/\\\/noticiasmercedinas.com\\\/site\\\/2022\\\/10\\\/30\\\/joaco-zunino-regreso-a-la-actividad-con-buen-desempeno\\\/#primaryimage\"},\"thumbnailUrl\":\"https:\\\/\\\/noticiasmercedinas.com\\\/site\\\/wp-content\\\/uploads\\\/2022\\\/10\\\/0fdfc7f8-c405-404f-bf1f-691166c038f3.jpg\",\"datePublished\":\"2022-10-31T02:06:51+00:00\",\"dateModified\":\"2022-10-31T02:07:29+00:00\",\"breadcrumb\":{\"@id\":\"https:\\\/\\\/noticiasmercedinas.com\\\/site\\\/2022\\\/10\\\/30\\\/joaco-zunino-regreso-a-la-actividad-con-buen-desempeno\\\/#breadcrumb\"},\"inLanguage\":\"es\",\"potentialAction\":[{\"@type\":\"ReadAction\",\"target\":[\"https:\\\/\\\/noticiasmercedinas.com\\\/site\\\/2022\\\/10\\\/30\\\/joaco-zunino-regreso-a-la-actividad-con-buen-desempeno\\\/\"]}]},{\"@type\":\"ImageObject\",\"inLanguage\":\"es\",\"@id\":\"https:\\\/\\\/noticiasmercedinas.com\\\/site\\\/2022\\\/10\\\/30\\\/joaco-zunino-regreso-a-la-actividad-con-buen-desempeno\\\/#primaryimage\",\"url\":\"https:\\\/\\\/noticiasmercedinas.com\\\/site\\\/wp-content\\\/uploads\\\/2022\\\/10\\\/0fdfc7f8-c405-404f-bf1f-691166c038f3.jpg\",\"contentUrl\":\"https:\\\/\\\/noticiasmercedinas.com\\\/site\\\/wp-content\\\/uploads\\\/2022\\\/10\\\/0fdfc7f8-c405-404f-bf1f-691166c038f3.jpg\",\"width\":1280,\"height\":847},{\"@type\":\"BreadcrumbList\",\"@id\":\"https:\\\/\\\/noticiasmercedinas.com\\\/site\\\/2022\\\/10\\\/30\\\/joaco-zunino-regreso-a-la-actividad-con-buen-desempeno\\\/#breadcrumb\",\"itemListElement\":[{\"@type\":\"ListItem\",\"position\":1,\"name\":\"Portada\",\"item\":\"https:\\\/\\\/noticiasmercedinas.com\\\/site\\\/\"},{\"@type\":\"ListItem\",\"position\":2,\"name\":\"Joaco Zunino regres\u00f3 a la actividad con buen desempe\u00f1o\"}]},{\"@type\":\"WebSite\",\"@id\":\"https:\\\/\\\/noticiasmercedinas.com\\\/site\\\/#website\",\"url\":\"https:\\\/\\\/noticiasmercedinas.com\\\/site\\\/\",\"name\":\"NOTICIASMERCEDINAS.COM\",\"description\":\"Mercedes, Buenos Aires, Argentina\",\"publisher\":{\"@id\":\"https:\\\/\\\/noticiasmercedinas.com\\\/site\\\/#organization\"},\"potentialAction\":[{\"@type\":\"SearchAction\",\"target\":{\"@type\":\"EntryPoint\",\"urlTemplate\":\"https:\\\/\\\/noticiasmercedinas.com\\\/site\\\/?s={search_term_string}\"},\"query-input\":{\"@type\":\"PropertyValueSpecification\",\"valueRequired\":true,\"valueName\":\"search_term_string\"}}],\"inLanguage\":\"es\"},{\"@type\":\"Organization\",\"@id\":\"https:\\\/\\\/noticiasmercedinas.com\\\/site\\\/#organization\",\"name\":\"NOTICIASMERCEDINAS.COM\",\"url\":\"https:\\\/\\\/noticiasmercedinas.com\\\/site\\\/\",\"logo\":{\"@type\":\"ImageObject\",\"inLanguage\":\"es\",\"@id\":\"https:\\\/\\\/noticiasmercedinas.com\\\/site\\\/#\\\/schema\\\/logo\\\/image\\\/\",\"url\":\"https:\\\/\\\/noticiasmercedinas.com\\\/site\\\/wp-content\\\/uploads\\\/2020\\\/06\\\/LOGO-512.jpg\",\"contentUrl\":\"https:\\\/\\\/noticiasmercedinas.com\\\/site\\\/wp-content\\\/uploads\\\/2020\\\/06\\\/LOGO-512.jpg\",\"width\":512,\"height\":512,\"caption\":\"NOTICIASMERCEDINAS.COM\"},\"image\":{\"@id\":\"https:\\\/\\\/noticiasmercedinas.com\\\/site\\\/#\\\/schema\\\/logo\\\/image\\\/\"},\"sameAs\":[\"https:\\\/\\\/www.facebook.com\\\/noticiasmercedinas\\\/\",\"https:\\\/\\\/x.com\\\/notmercedinas\",\"https:\\\/\\\/www.instagram.com\\\/noticiasmercedinas\\\/\"]},{\"@type\":\"Person\",\"@id\":\"https:\\\/\\\/noticiasmercedinas.com\\\/site\\\/#\\\/schema\\\/person\\\/5c7331f6c70391fc472384ac79cfdf04\",\"name\":\"Walter Anido\",\"image\":{\"@type\":\"ImageObject\",\"inLanguage\":\"es\",\"@id\":\"https:\\\/\\\/secure.gravatar.com\\\/avatar\\\/ea7f63008c5bc7f21f1f6021cbedbe7b70ceee6c9a9612ec2d890c4a3b25cfdc?s=96&d=mm&r=g\",\"url\":\"https:\\\/\\\/secure.gravatar.com\\\/avatar\\\/ea7f63008c5bc7f21f1f6021cbedbe7b70ceee6c9a9612ec2d890c4a3b25cfdc?s=96&d=mm&r=g\",\"contentUrl\":\"https:\\\/\\\/secure.gravatar.com\\\/avatar\\\/ea7f63008c5bc7f21f1f6021cbedbe7b70ceee6c9a9612ec2d890c4a3b25cfdc?s=96&d=mm&r=g\",\"caption\":\"Walter Anido\"},\"url\":\"https:\\\/\\\/noticiasmercedinas.com\\\/site\\\/author\\\/walter-anido\\\/\"}]}<\/script>\n<!-- \/ Yoast SEO plugin. -->","yoast_head_json":{"title":"Joaco Zunino regres\u00f3 a la actividad con buen desempe\u00f1o","robots":{"index":"index","follow":"follow","max-snippet":"max-snippet:-1","max-image-preview":"max-image-preview:large","max-video-preview":"max-video-preview:-1"},"canonical":"https:\/\/noticiasmercedinas.com\/site\/2022\/10\/30\/joaco-zunino-regreso-a-la-actividad-con-buen-desempeno\/","og_locale":"es_ES","og_type":"article","og_title":"Joaco Zunino regres\u00f3 a la actividad con buen desempe\u00f1o","og_description":"\u25a0 El provincial de Motocross vivi\u00f3 su segunda fecha en el circuito El Akacio, ubicado en un predio frente a la laguna de la vecina localidad de Navarro.","og_url":"https:\/\/noticiasmercedinas.com\/site\/2022\/10\/30\/joaco-zunino-regreso-a-la-actividad-con-buen-desempeno\/","og_site_name":"NOTICIASMERCEDINAS.COM","article_publisher":"https:\/\/www.facebook.com\/noticiasmercedinas\/","article_published_time":"2022-10-31T02:06:51+00:00","article_modified_time":"2022-10-31T02:07:29+00:00","og_image":[{"width":1280,"height":847,"url":"https:\/\/noticiasmercedinas.com\/site\/wp-content\/uploads\/2022\/10\/0fdfc7f8-c405-404f-bf1f-691166c038f3.jpg","type":"image\/jpeg"}],"author":"Walter Anido","twitter_card":"summary_large_image","twitter_creator":"@notmercedinas","twitter_site":"@notmercedinas","twitter_misc":{"Escrito por":"Walter Anido","Tiempo de lectura":"3 minutos"},"schema":{"@context":"https:\/\/schema.org","@graph":[{"@type":"Article","@id":"https:\/\/noticiasmercedinas.com\/site\/2022\/10\/30\/joaco-zunino-regreso-a-la-actividad-con-buen-desempeno\/#article","isPartOf":{"@id":"https:\/\/noticiasmercedinas.com\/site\/2022\/10\/30\/joaco-zunino-regreso-a-la-actividad-con-buen-desempeno\/"},"author":{"name":"Walter Anido","@id":"https:\/\/noticiasmercedinas.com\/site\/#\/schema\/person\/5c7331f6c70391fc472384ac79cfdf04"},"headline":"Joaco Zunino regres\u00f3 a la actividad con buen desempe\u00f1o","datePublished":"2022-10-31T02:06:51+00:00","dateModified":"2022-10-31T02:07:29+00:00","mainEntityOfPage":{"@id":"https:\/\/noticiasmercedinas.com\/site\/2022\/10\/30\/joaco-zunino-regreso-a-la-actividad-con-buen-desempeno\/"},"wordCount":394,"commentCount":0,"publisher":{"@id":"https:\/\/noticiasmercedinas.com\/site\/#organization"},"image":{"@id":"https:\/\/noticiasmercedinas.com\/site\/2022\/10\/30\/joaco-zunino-regreso-a-la-actividad-con-buen-desempeno\/#primaryimage"},"thumbnailUrl":"https:\/\/noticiasmercedinas.com\/site\/wp-content\/uploads\/2022\/10\/0fdfc7f8-c405-404f-bf1f-691166c038f3.jpg","keywords":["Campeonato Provincial de Motocross","Joaqu\u00edn Zunino","motocross","navarro"],"articleSection":["Deportes"],"inLanguage":"es","potentialAction":[{"@type":"CommentAction","name":"Comment","target":["https:\/\/noticiasmercedinas.com\/site\/2022\/10\/30\/joaco-zunino-regreso-a-la-actividad-con-buen-desempeno\/#respond"]}]},{"@type":"WebPage","@id":"https:\/\/noticiasmercedinas.com\/site\/2022\/10\/30\/joaco-zunino-regreso-a-la-actividad-con-buen-desempeno\/","url":"https:\/\/noticiasmercedinas.com\/site\/2022\/10\/30\/joaco-zunino-regreso-a-la-actividad-con-buen-desempeno\/","name":"Joaco Zunino regres\u00f3 a la actividad con buen desempe\u00f1o","isPartOf":{"@id":"https:\/\/noticiasmercedinas.com\/site\/#website"},"primaryImageOfPage":{"@id":"https:\/\/noticiasmercedinas.com\/site\/2022\/10\/30\/joaco-zunino-regreso-a-la-actividad-con-buen-desempeno\/#primaryimage"},"image":{"@id":"https:\/\/noticiasmercedinas.com\/site\/2022\/10\/30\/joaco-zunino-regreso-a-la-actividad-con-buen-desempeno\/#primaryimage"},"thumbnailUrl":"https:\/\/noticiasmercedinas.com\/site\/wp-content\/uploads\/2022\/10\/0fdfc7f8-c405-404f-bf1f-691166c038f3.jpg","datePublished":"2022-10-31T02:06:51+00:00","dateModified":"2022-10-31T02:07:29+00:00","breadcrumb":{"@id":"https:\/\/noticiasmercedinas.com\/site\/2022\/10\/30\/joaco-zunino-regreso-a-la-actividad-con-buen-desempeno\/#breadcrumb"},"inLanguage":"es","potentialAction":[{"@type":"ReadAction","target":["https:\/\/noticiasmercedinas.com\/site\/2022\/10\/30\/joaco-zunino-regreso-a-la-actividad-con-buen-desempeno\/"]}]},{"@type":"ImageObject","inLanguage":"es","@id":"https:\/\/noticiasmercedinas.com\/site\/2022\/10\/30\/joaco-zunino-regreso-a-la-actividad-con-buen-desempeno\/#primaryimage","url":"https:\/\/noticiasmercedinas.com\/site\/wp-content\/uploads\/2022\/10\/0fdfc7f8-c405-404f-bf1f-691166c038f3.jpg","contentUrl":"https:\/\/noticiasmercedinas.com\/site\/wp-content\/uploads\/2022\/10\/0fdfc7f8-c405-404f-bf1f-691166c038f3.jpg","width":1280,"height":847},{"@type":"BreadcrumbList","@id":"https:\/\/noticiasmercedinas.com\/site\/2022\/10\/30\/joaco-zunino-regreso-a-la-actividad-con-buen-desempeno\/#breadcrumb","itemListElement":[{"@type":"ListItem","position":1,"name":"Portada","item":"https:\/\/noticiasmercedinas.com\/site\/"},{"@type":"ListItem","position":2,"name":"Joaco Zunino regres\u00f3 a la actividad con buen desempe\u00f1o"}]},{"@type":"WebSite","@id":"https:\/\/noticiasmercedinas.com\/site\/#website","url":"https:\/\/noticiasmercedinas.com\/site\/","name":"NOTICIASMERCEDINAS.COM","description":"Mercedes, Buenos Aires, Argentina","publisher":{"@id":"https:\/\/noticiasmercedinas.com\/site\/#organization"},"potentialAction":[{"@type":"SearchAction","target":{"@type":"EntryPoint","urlTemplate":"https:\/\/noticiasmercedinas.com\/site\/?s={search_term_string}"},"query-input":{"@type":"PropertyValueSpecification","valueRequired":true,"valueName":"search_term_string"}}],"inLanguage":"es"},{"@type":"Organization","@id":"https:\/\/noticiasmercedinas.com\/site\/#organization","name":"NOTICIASMERCEDINAS.COM","url":"https:\/\/noticiasmercedinas.com\/site\/","logo":{"@type":"ImageObject","inLanguage":"es","@id":"https:\/\/noticiasmercedinas.com\/site\/#\/schema\/logo\/image\/","url":"https:\/\/noticiasmercedinas.com\/site\/wp-content\/uploads\/2020\/06\/LOGO-512.jpg","contentUrl":"https:\/\/noticiasmercedinas.com\/site\/wp-content\/uploads\/2020\/06\/LOGO-512.jpg","width":512,"height":512,"caption":"NOTICIASMERCEDINAS.COM"},"image":{"@id":"https:\/\/noticiasmercedinas.com\/site\/#\/schema\/logo\/image\/"},"sameAs":["https:\/\/www.facebook.com\/noticiasmercedinas\/","https:\/\/x.com\/notmercedinas","https:\/\/www.instagram.com\/noticiasmercedinas\/"]},{"@type":"Person","@id":"https:\/\/noticiasmercedinas.com\/site\/#\/schema\/person\/5c7331f6c70391fc472384ac79cfdf04","name":"Walter Anido","image":{"@type":"ImageObject","inLanguage":"es","@id":"https:\/\/secure.gravatar.com\/avatar\/ea7f63008c5bc7f21f1f6021cbedbe7b70ceee6c9a9612ec2d890c4a3b25cfdc?s=96&d=mm&r=g","url":"https:\/\/secure.gravatar.com\/avatar\/ea7f63008c5bc7f21f1f6021cbedbe7b70ceee6c9a9612ec2d890c4a3b25cfdc?s=96&d=mm&r=g","contentUrl":"https:\/\/secure.gravatar.com\/avatar\/ea7f63008c5bc7f21f1f6021cbedbe7b70ceee6c9a9612ec2d890c4a3b25cfdc?s=96&d=mm&r=g","caption":"Walter Anido"},"url":"https:\/\/noticiasmercedinas.com\/site\/author\/walter-anido\/"}]}},"amp_enabled":true,"_links":{"self":[{"href":"https:\/\/noticiasmercedinas.com\/site\/wp-json\/wp\/v2\/posts\/103162","targetHints":{"allow":["GET"]}}],"collection":[{"href":"https:\/\/noticiasmercedinas.com\/site\/wp-json\/wp\/v2\/posts"}],"about":[{"href":"https:\/\/noticiasmercedinas.com\/site\/wp-json\/wp\/v2\/types\/post"}],"author":[{"embeddable":true,"href":"https:\/\/noticiasmercedinas.com\/site\/wp-json\/wp\/v2\/users\/28"}],"replies":[{"embeddable":true,"href":"https:\/\/noticiasmercedinas.com\/site\/wp-json\/wp\/v2\/comments?post=103162"}],"version-history":[{"count":2,"href":"https:\/\/noticiasmercedinas.com\/site\/wp-json\/wp\/v2\/posts\/103162\/revisions"}],"predecessor-version":[{"id":103166,"href":"https:\/\/noticiasmercedinas.com\/site\/wp-json\/wp\/v2\/posts\/103162\/revisions\/103166"}],"wp:featuredmedia":[{"embeddable":true,"href":"https:\/\/noticiasmercedinas.com\/site\/wp-json\/wp\/v2\/media\/103163"}],"wp:attachment":[{"href":"https:\/\/noticiasmercedinas.com\/site\/wp-json\/wp\/v2\/media?parent=103162"}],"wp:term":[{"taxonomy":"category","embeddable":true,"href":"https:\/\/noticiasmercedinas.com\/site\/wp-json\/wp\/v2\/categories?post=103162"},{"taxonomy":"post_tag","embeddable":true,"href":"https:\/\/noticiasmercedinas.com\/site\/wp-json\/wp\/v2\/tags?post=103162"}],"curies":[{"name":"wp","href":"https:\/\/api.w.org\/{rel}","templated":true}]}}