{"id":103370,"date":"2022-11-02T09:07:10","date_gmt":"2022-11-02T12:07:10","guid":{"rendered":"https:\/\/noticiasmercedinas.com\/site\/?p=103370"},"modified":"2022-11-02T09:07:10","modified_gmt":"2022-11-02T12:07:10","slug":"avanza-la-declaracion-de-la-emergencia-agropecuaria-en-13-municipios","status":"publish","type":"post","link":"https:\/\/noticiasmercedinas.com\/site\/2022\/11\/02\/avanza-la-declaracion-de-la-emergencia-agropecuaria-en-13-municipios\/","title":{"rendered":"Avanza la declaraci\u00f3n de la emergencia agropecuaria en 13 municipios"},"content":{"rendered":"<p><img loading=\"lazy\" decoding=\"async\" class=\"alignnone size-full wp-image-103371\" src=\"https:\/\/noticiasmercedinas.com\/site\/wp-content\/uploads\/2022\/11\/camposequia.jpg\" alt=\"\" width=\"800\" height=\"514\" srcset=\"https:\/\/noticiasmercedinas.com\/site\/wp-content\/uploads\/2022\/11\/camposequia.jpg 800w, https:\/\/noticiasmercedinas.com\/site\/wp-content\/uploads\/2022\/11\/camposequia-300x194.jpg 300w, https:\/\/noticiasmercedinas.com\/site\/wp-content\/uploads\/2022\/11\/camposequia-768x493.jpg 768w, https:\/\/noticiasmercedinas.com\/site\/wp-content\/uploads\/2022\/11\/camposequia-341x220.jpg 341w, https:\/\/noticiasmercedinas.com\/site\/wp-content\/uploads\/2022\/11\/camposequia-640x411.jpg 640w, https:\/\/noticiasmercedinas.com\/site\/wp-content\/uploads\/2022\/11\/camposequia-681x438.jpg 681w\" sizes=\"auto, (max-width: 800px) 100vw, 800px\" \/><\/p>\n<p>Este martes funcionarios del Ejecutivo bonaerense y representantes de organismos y entidades rurales avanzaron este martes con el pedido de la declaraci\u00f3n del Estado de Emergencia y\/o Desastre Agropecuario por sequ\u00eda en 13 municipios bonaerenses.<\/p>\n<p>En ese sentido, el ministro de Desarrollo Agrario, Javier Rodr\u00edguez, particip\u00f3 de una nueva reuni\u00f3n de la Comisi\u00f3n de Emergencia y Desastre Agropecuario de la Provincia de Buenos Aires (CEDABA) donde se defini\u00f3 la medida.<\/p>\n<p>La emergencia agropecuaria fue recomendada para los partidos de San Pedro, San Vicente, Chascom\u00fas, Dolores, Magdalena, Rojas, Salto, Alberti, Ramallo, Lobos, Jun\u00edn, Suipacha y Arrecifes.<\/p>\n<p>\u201cSe analizaron todos las solicitudes y los relevamientos que ya ven\u00edamos haciendo respecto de las condiciones clim\u00e1ticas de los \u00faltimos meses. Est\u00e1 claro que este fue un ciclo especial, donde los niveles de precipitaciones se redujeron en muchos lugares y eso afect\u00f3 a los cultivos de invierno y a la producci\u00f3n ganadera\u201d, puntualiz\u00f3 Rodr\u00edguez.<\/p>\n<p>Es preciso mencionar que, la declaraci\u00f3n de emergencia agropecuaria est\u00e1 previsto por la Ley 10.390, y tiene que ver con beneficios en materia impositiva fundamentalmente, tanto de postergaci\u00f3n en los casos de emergencia o directamente exenci\u00f3n (en el caso de desastre agropecuario).<\/p>\n<p>Cabe destacar que, la Comisi\u00f3n de Emergencia y Desastre Agropecuario est\u00e1 conformada por representantes del Ministerio de Desarrollo Agrario, el Bapro y dem\u00e1s organismos del Gobierno bonaerense.<\/p>\n<p>Adem\u00e1s del ministro Rodr\u00edguez, del encuentro participaron el subsecretario de Desarrollo Agrario y Calidad Agroalimentaria del MDA, Cristian Amarilla, y el director de Sustentabilidad y Medio Ambiente, Ra\u00fal Villaverde.<\/p>\n<p>Tambi\u00e9n hubo funcionarios del Ministerio de Hacienda y Finanzas bonaerense, de ARBA, del Bapro, y representantes de las entidades rurales que conforman la Comisi\u00f3n de Emergencia, es decir, Coninagro, la Sociedad Rural, Carbap, FAA, Febapri y Agricultura Familiar.<\/p>\n<p>Seg\u00fan expres\u00f3 Rodr\u00edguez, lo que se trat\u00f3 en la reuni\u00f3n de la Comisi\u00f3n fue \u201cen funci\u00f3n de los pedidos de los municipios, avanzar en la declaraci\u00f3n de emergencia de aquellos casos en los que efectivamente se constata esta situaci\u00f3n\u201d.<\/p>\n<p>Como resultado del encuentro, tanto el Ejecutivo provincial como los organismos participantes decidieron mantener di\u00e1logo constante con las Comisiones Locales y convocar una pr\u00f3xima reuni\u00f3n de Cedaba el pr\u00f3ximo 14 de noviembre.<\/p>\n","protected":false},"excerpt":{"rendered":"<p>\u25a0 La Comisi\u00f3n de Emergencia y Desastre Agropecuario (CEDABA) de la Provincia recomend\u00f3 la declaraci\u00f3n del Estado de Emergencia y\/o Desastre en 13 municipios.<\/p>\n","protected":false},"author":16,"featured_media":103371,"comment_status":"open","ping_status":"open","sticky":false,"template":"","format":"standard","meta":{"footnotes":""},"categories":[7919],"tags":[2741,2732,2977,3719,15646,1744,3696,9135,2984,492,2967,1786,5637,1095],"class_list":["post-103370","post","type-post","status-publish","format-standard","has-post-thumbnail","hentry","category-provinciales","tag-alberti","tag-arrecifes","tag-chascomus","tag-dolores","tag-emergencia-agropecuaria","tag-junin","tag-lobos","tag-magdalena","tag-ramallo","tag-rojas","tag-salto","tag-san-pedro","tag-san-vicente","tag-suipacha"],"yoast_head":"<!-- This site is optimized with the Yoast SEO plugin v28.3 - https:\/\/yoast.com\/product\/yoast-seo-wordpress\/ -->\n<title>Avanza la declaraci\u00f3n de la emergencia agropecuaria en 13 municipios<\/title>\n<meta name=\"robots\" content=\"index, follow, max-snippet:-1, max-image-preview:large, max-video-preview:-1\" \/>\n<link rel=\"canonical\" href=\"https:\/\/noticiasmercedinas.com\/site\/2022\/11\/02\/avanza-la-declaracion-de-la-emergencia-agropecuaria-en-13-municipios\/\" \/>\n<meta property=\"og:locale\" content=\"es_ES\" \/>\n<meta property=\"og:type\" content=\"article\" \/>\n<meta property=\"og:title\" content=\"Avanza la declaraci\u00f3n de la emergencia agropecuaria en 13 municipios\" \/>\n<meta property=\"og:description\" content=\"\u25a0 La Comisi\u00f3n de Emergencia y Desastre Agropecuario (CEDABA) de la Provincia recomend\u00f3 la declaraci\u00f3n del Estado de Emergencia y\/o Desastre en 13 municipios.\" \/>\n<meta property=\"og:url\" content=\"https:\/\/noticiasmercedinas.com\/site\/2022\/11\/02\/avanza-la-declaracion-de-la-emergencia-agropecuaria-en-13-municipios\/\" \/>\n<meta property=\"og:site_name\" content=\"NOTICIASMERCEDINAS.COM\" \/>\n<meta property=\"article:publisher\" content=\"https:\/\/www.facebook.com\/noticiasmercedinas\/\" \/>\n<meta property=\"article:published_time\" content=\"2022-11-02T12:07:10+00:00\" \/>\n<meta property=\"og:image\" content=\"https:\/\/noticiasmercedinas.com\/site\/wp-content\/uploads\/2022\/11\/camposequia.jpg\" \/>\n\t<meta property=\"og:image:width\" content=\"800\" \/>\n\t<meta property=\"og:image:height\" content=\"514\" \/>\n\t<meta property=\"og:image:type\" content=\"image\/jpeg\" \/>\n<meta name=\"author\" content=\"NOTICIASMERCEDINAS.COM\" \/>\n<meta name=\"twitter:card\" content=\"summary_large_image\" \/>\n<meta name=\"twitter:creator\" content=\"@notmercedinas\" \/>\n<meta name=\"twitter:site\" content=\"@notmercedinas\" \/>\n<meta name=\"twitter:label1\" content=\"Escrito por\" \/>\n\t<meta name=\"twitter:data1\" content=\"NOTICIASMERCEDINAS.COM\" \/>\n\t<meta name=\"twitter:label2\" content=\"Tiempo de lectura\" \/>\n\t<meta name=\"twitter:data2\" content=\"2 minutos\" \/>\n<script type=\"application\/ld+json\" class=\"yoast-schema-graph\">{\"@context\":\"https:\\\/\\\/schema.org\",\"@graph\":[{\"@type\":\"Article\",\"@id\":\"https:\\\/\\\/noticiasmercedinas.com\\\/site\\\/2022\\\/11\\\/02\\\/avanza-la-declaracion-de-la-emergencia-agropecuaria-en-13-municipios\\\/#article\",\"isPartOf\":{\"@id\":\"https:\\\/\\\/noticiasmercedinas.com\\\/site\\\/2022\\\/11\\\/02\\\/avanza-la-declaracion-de-la-emergencia-agropecuaria-en-13-municipios\\\/\"},\"author\":{\"name\":\"NOTICIASMERCEDINAS.COM\",\"@id\":\"https:\\\/\\\/noticiasmercedinas.com\\\/site\\\/#\\\/schema\\\/person\\\/84b59c099c28ff2e8b77d4ceec5d8063\"},\"headline\":\"Avanza la declaraci\u00f3n de la emergencia agropecuaria en 13 municipios\",\"datePublished\":\"2022-11-02T12:07:10+00:00\",\"mainEntityOfPage\":{\"@id\":\"https:\\\/\\\/noticiasmercedinas.com\\\/site\\\/2022\\\/11\\\/02\\\/avanza-la-declaracion-de-la-emergencia-agropecuaria-en-13-municipios\\\/\"},\"wordCount\":396,\"commentCount\":0,\"publisher\":{\"@id\":\"https:\\\/\\\/noticiasmercedinas.com\\\/site\\\/#organization\"},\"image\":{\"@id\":\"https:\\\/\\\/noticiasmercedinas.com\\\/site\\\/2022\\\/11\\\/02\\\/avanza-la-declaracion-de-la-emergencia-agropecuaria-en-13-municipios\\\/#primaryimage\"},\"thumbnailUrl\":\"https:\\\/\\\/noticiasmercedinas.com\\\/site\\\/wp-content\\\/uploads\\\/2022\\\/11\\\/camposequia.jpg\",\"keywords\":[\"Alberti\",\"Arrecifes\",\"Chascom\u00fas\",\"Dolores\",\"emergencia agropecuaria\",\"Junin\",\"lobos\",\"Magdalena\",\"Ramallo\",\"rojas\",\"Salto\",\"san pedro\",\"San Vicente\",\"suipacha\"],\"articleSection\":[\"Provinciales\"],\"inLanguage\":\"es\",\"potentialAction\":[{\"@type\":\"CommentAction\",\"name\":\"Comment\",\"target\":[\"https:\\\/\\\/noticiasmercedinas.com\\\/site\\\/2022\\\/11\\\/02\\\/avanza-la-declaracion-de-la-emergencia-agropecuaria-en-13-municipios\\\/#respond\"]}]},{\"@type\":\"WebPage\",\"@id\":\"https:\\\/\\\/noticiasmercedinas.com\\\/site\\\/2022\\\/11\\\/02\\\/avanza-la-declaracion-de-la-emergencia-agropecuaria-en-13-municipios\\\/\",\"url\":\"https:\\\/\\\/noticiasmercedinas.com\\\/site\\\/2022\\\/11\\\/02\\\/avanza-la-declaracion-de-la-emergencia-agropecuaria-en-13-municipios\\\/\",\"name\":\"Avanza la declaraci\u00f3n de la emergencia agropecuaria en 13 municipios\",\"isPartOf\":{\"@id\":\"https:\\\/\\\/noticiasmercedinas.com\\\/site\\\/#website\"},\"primaryImageOfPage\":{\"@id\":\"https:\\\/\\\/noticiasmercedinas.com\\\/site\\\/2022\\\/11\\\/02\\\/avanza-la-declaracion-de-la-emergencia-agropecuaria-en-13-municipios\\\/#primaryimage\"},\"image\":{\"@id\":\"https:\\\/\\\/noticiasmercedinas.com\\\/site\\\/2022\\\/11\\\/02\\\/avanza-la-declaracion-de-la-emergencia-agropecuaria-en-13-municipios\\\/#primaryimage\"},\"thumbnailUrl\":\"https:\\\/\\\/noticiasmercedinas.com\\\/site\\\/wp-content\\\/uploads\\\/2022\\\/11\\\/camposequia.jpg\",\"datePublished\":\"2022-11-02T12:07:10+00:00\",\"breadcrumb\":{\"@id\":\"https:\\\/\\\/noticiasmercedinas.com\\\/site\\\/2022\\\/11\\\/02\\\/avanza-la-declaracion-de-la-emergencia-agropecuaria-en-13-municipios\\\/#breadcrumb\"},\"inLanguage\":\"es\",\"potentialAction\":[{\"@type\":\"ReadAction\",\"target\":[\"https:\\\/\\\/noticiasmercedinas.com\\\/site\\\/2022\\\/11\\\/02\\\/avanza-la-declaracion-de-la-emergencia-agropecuaria-en-13-municipios\\\/\"]}]},{\"@type\":\"ImageObject\",\"inLanguage\":\"es\",\"@id\":\"https:\\\/\\\/noticiasmercedinas.com\\\/site\\\/2022\\\/11\\\/02\\\/avanza-la-declaracion-de-la-emergencia-agropecuaria-en-13-municipios\\\/#primaryimage\",\"url\":\"https:\\\/\\\/noticiasmercedinas.com\\\/site\\\/wp-content\\\/uploads\\\/2022\\\/11\\\/camposequia.jpg\",\"contentUrl\":\"https:\\\/\\\/noticiasmercedinas.com\\\/site\\\/wp-content\\\/uploads\\\/2022\\\/11\\\/camposequia.jpg\",\"width\":800,\"height\":514},{\"@type\":\"BreadcrumbList\",\"@id\":\"https:\\\/\\\/noticiasmercedinas.com\\\/site\\\/2022\\\/11\\\/02\\\/avanza-la-declaracion-de-la-emergencia-agropecuaria-en-13-municipios\\\/#breadcrumb\",\"itemListElement\":[{\"@type\":\"ListItem\",\"position\":1,\"name\":\"Portada\",\"item\":\"https:\\\/\\\/noticiasmercedinas.com\\\/site\\\/\"},{\"@type\":\"ListItem\",\"position\":2,\"name\":\"Avanza la declaraci\u00f3n de la emergencia agropecuaria en 13 municipios\"}]},{\"@type\":\"WebSite\",\"@id\":\"https:\\\/\\\/noticiasmercedinas.com\\\/site\\\/#website\",\"url\":\"https:\\\/\\\/noticiasmercedinas.com\\\/site\\\/\",\"name\":\"NOTICIASMERCEDINAS.COM\",\"description\":\"Mercedes, Buenos Aires, Argentina\",\"publisher\":{\"@id\":\"https:\\\/\\\/noticiasmercedinas.com\\\/site\\\/#organization\"},\"potentialAction\":[{\"@type\":\"SearchAction\",\"target\":{\"@type\":\"EntryPoint\",\"urlTemplate\":\"https:\\\/\\\/noticiasmercedinas.com\\\/site\\\/?s={search_term_string}\"},\"query-input\":{\"@type\":\"PropertyValueSpecification\",\"valueRequired\":true,\"valueName\":\"search_term_string\"}}],\"inLanguage\":\"es\"},{\"@type\":\"Organization\",\"@id\":\"https:\\\/\\\/noticiasmercedinas.com\\\/site\\\/#organization\",\"name\":\"NOTICIASMERCEDINAS.COM\",\"url\":\"https:\\\/\\\/noticiasmercedinas.com\\\/site\\\/\",\"logo\":{\"@type\":\"ImageObject\",\"inLanguage\":\"es\",\"@id\":\"https:\\\/\\\/noticiasmercedinas.com\\\/site\\\/#\\\/schema\\\/logo\\\/image\\\/\",\"url\":\"https:\\\/\\\/noticiasmercedinas.com\\\/site\\\/wp-content\\\/uploads\\\/2020\\\/06\\\/LOGO-512.jpg\",\"contentUrl\":\"https:\\\/\\\/noticiasmercedinas.com\\\/site\\\/wp-content\\\/uploads\\\/2020\\\/06\\\/LOGO-512.jpg\",\"width\":512,\"height\":512,\"caption\":\"NOTICIASMERCEDINAS.COM\"},\"image\":{\"@id\":\"https:\\\/\\\/noticiasmercedinas.com\\\/site\\\/#\\\/schema\\\/logo\\\/image\\\/\"},\"sameAs\":[\"https:\\\/\\\/www.facebook.com\\\/noticiasmercedinas\\\/\",\"https:\\\/\\\/x.com\\\/notmercedinas\",\"https:\\\/\\\/www.instagram.com\\\/noticiasmercedinas\\\/\"]},{\"@type\":\"Person\",\"@id\":\"https:\\\/\\\/noticiasmercedinas.com\\\/site\\\/#\\\/schema\\\/person\\\/84b59c099c28ff2e8b77d4ceec5d8063\",\"name\":\"NOTICIASMERCEDINAS.COM\",\"image\":{\"@type\":\"ImageObject\",\"inLanguage\":\"es\",\"@id\":\"https:\\\/\\\/secure.gravatar.com\\\/avatar\\\/4dfbf16b4d17945bfb6341b2d19043457132fcf478a5ee04f42e959fd8f5df0a?s=96&d=mm&r=g\",\"url\":\"https:\\\/\\\/secure.gravatar.com\\\/avatar\\\/4dfbf16b4d17945bfb6341b2d19043457132fcf478a5ee04f42e959fd8f5df0a?s=96&d=mm&r=g\",\"contentUrl\":\"https:\\\/\\\/secure.gravatar.com\\\/avatar\\\/4dfbf16b4d17945bfb6341b2d19043457132fcf478a5ee04f42e959fd8f5df0a?s=96&d=mm&r=g\",\"caption\":\"NOTICIASMERCEDINAS.COM\"},\"url\":\"https:\\\/\\\/noticiasmercedinas.com\\\/site\\\/author\\\/anonimo\\\/\"}]}<\/script>\n<!-- \/ Yoast SEO plugin. -->","yoast_head_json":{"title":"Avanza la declaraci\u00f3n de la emergencia agropecuaria en 13 municipios","robots":{"index":"index","follow":"follow","max-snippet":"max-snippet:-1","max-image-preview":"max-image-preview:large","max-video-preview":"max-video-preview:-1"},"canonical":"https:\/\/noticiasmercedinas.com\/site\/2022\/11\/02\/avanza-la-declaracion-de-la-emergencia-agropecuaria-en-13-municipios\/","og_locale":"es_ES","og_type":"article","og_title":"Avanza la declaraci\u00f3n de la emergencia agropecuaria en 13 municipios","og_description":"\u25a0 La Comisi\u00f3n de Emergencia y Desastre Agropecuario (CEDABA) de la Provincia recomend\u00f3 la declaraci\u00f3n del Estado de Emergencia y\/o Desastre en 13 municipios.","og_url":"https:\/\/noticiasmercedinas.com\/site\/2022\/11\/02\/avanza-la-declaracion-de-la-emergencia-agropecuaria-en-13-municipios\/","og_site_name":"NOTICIASMERCEDINAS.COM","article_publisher":"https:\/\/www.facebook.com\/noticiasmercedinas\/","article_published_time":"2022-11-02T12:07:10+00:00","og_image":[{"width":800,"height":514,"url":"https:\/\/noticiasmercedinas.com\/site\/wp-content\/uploads\/2022\/11\/camposequia.jpg","type":"image\/jpeg"}],"author":"NOTICIASMERCEDINAS.COM","twitter_card":"summary_large_image","twitter_creator":"@notmercedinas","twitter_site":"@notmercedinas","twitter_misc":{"Escrito por":"NOTICIASMERCEDINAS.COM","Tiempo de lectura":"2 minutos"},"schema":{"@context":"https:\/\/schema.org","@graph":[{"@type":"Article","@id":"https:\/\/noticiasmercedinas.com\/site\/2022\/11\/02\/avanza-la-declaracion-de-la-emergencia-agropecuaria-en-13-municipios\/#article","isPartOf":{"@id":"https:\/\/noticiasmercedinas.com\/site\/2022\/11\/02\/avanza-la-declaracion-de-la-emergencia-agropecuaria-en-13-municipios\/"},"author":{"name":"NOTICIASMERCEDINAS.COM","@id":"https:\/\/noticiasmercedinas.com\/site\/#\/schema\/person\/84b59c099c28ff2e8b77d4ceec5d8063"},"headline":"Avanza la declaraci\u00f3n de la emergencia agropecuaria en 13 municipios","datePublished":"2022-11-02T12:07:10+00:00","mainEntityOfPage":{"@id":"https:\/\/noticiasmercedinas.com\/site\/2022\/11\/02\/avanza-la-declaracion-de-la-emergencia-agropecuaria-en-13-municipios\/"},"wordCount":396,"commentCount":0,"publisher":{"@id":"https:\/\/noticiasmercedinas.com\/site\/#organization"},"image":{"@id":"https:\/\/noticiasmercedinas.com\/site\/2022\/11\/02\/avanza-la-declaracion-de-la-emergencia-agropecuaria-en-13-municipios\/#primaryimage"},"thumbnailUrl":"https:\/\/noticiasmercedinas.com\/site\/wp-content\/uploads\/2022\/11\/camposequia.jpg","keywords":["Alberti","Arrecifes","Chascom\u00fas","Dolores","emergencia agropecuaria","Junin","lobos","Magdalena","Ramallo","rojas","Salto","san pedro","San Vicente","suipacha"],"articleSection":["Provinciales"],"inLanguage":"es","potentialAction":[{"@type":"CommentAction","name":"Comment","target":["https:\/\/noticiasmercedinas.com\/site\/2022\/11\/02\/avanza-la-declaracion-de-la-emergencia-agropecuaria-en-13-municipios\/#respond"]}]},{"@type":"WebPage","@id":"https:\/\/noticiasmercedinas.com\/site\/2022\/11\/02\/avanza-la-declaracion-de-la-emergencia-agropecuaria-en-13-municipios\/","url":"https:\/\/noticiasmercedinas.com\/site\/2022\/11\/02\/avanza-la-declaracion-de-la-emergencia-agropecuaria-en-13-municipios\/","name":"Avanza la declaraci\u00f3n de la emergencia agropecuaria en 13 municipios","isPartOf":{"@id":"https:\/\/noticiasmercedinas.com\/site\/#website"},"primaryImageOfPage":{"@id":"https:\/\/noticiasmercedinas.com\/site\/2022\/11\/02\/avanza-la-declaracion-de-la-emergencia-agropecuaria-en-13-municipios\/#primaryimage"},"image":{"@id":"https:\/\/noticiasmercedinas.com\/site\/2022\/11\/02\/avanza-la-declaracion-de-la-emergencia-agropecuaria-en-13-municipios\/#primaryimage"},"thumbnailUrl":"https:\/\/noticiasmercedinas.com\/site\/wp-content\/uploads\/2022\/11\/camposequia.jpg","datePublished":"2022-11-02T12:07:10+00:00","breadcrumb":{"@id":"https:\/\/noticiasmercedinas.com\/site\/2022\/11\/02\/avanza-la-declaracion-de-la-emergencia-agropecuaria-en-13-municipios\/#breadcrumb"},"inLanguage":"es","potentialAction":[{"@type":"ReadAction","target":["https:\/\/noticiasmercedinas.com\/site\/2022\/11\/02\/avanza-la-declaracion-de-la-emergencia-agropecuaria-en-13-municipios\/"]}]},{"@type":"ImageObject","inLanguage":"es","@id":"https:\/\/noticiasmercedinas.com\/site\/2022\/11\/02\/avanza-la-declaracion-de-la-emergencia-agropecuaria-en-13-municipios\/#primaryimage","url":"https:\/\/noticiasmercedinas.com\/site\/wp-content\/uploads\/2022\/11\/camposequia.jpg","contentUrl":"https:\/\/noticiasmercedinas.com\/site\/wp-content\/uploads\/2022\/11\/camposequia.jpg","width":800,"height":514},{"@type":"BreadcrumbList","@id":"https:\/\/noticiasmercedinas.com\/site\/2022\/11\/02\/avanza-la-declaracion-de-la-emergencia-agropecuaria-en-13-municipios\/#breadcrumb","itemListElement":[{"@type":"ListItem","position":1,"name":"Portada","item":"https:\/\/noticiasmercedinas.com\/site\/"},{"@type":"ListItem","position":2,"name":"Avanza la declaraci\u00f3n de la emergencia agropecuaria en 13 municipios"}]},{"@type":"WebSite","@id":"https:\/\/noticiasmercedinas.com\/site\/#website","url":"https:\/\/noticiasmercedinas.com\/site\/","name":"NOTICIASMERCEDINAS.COM","description":"Mercedes, Buenos Aires, Argentina","publisher":{"@id":"https:\/\/noticiasmercedinas.com\/site\/#organization"},"potentialAction":[{"@type":"SearchAction","target":{"@type":"EntryPoint","urlTemplate":"https:\/\/noticiasmercedinas.com\/site\/?s={search_term_string}"},"query-input":{"@type":"PropertyValueSpecification","valueRequired":true,"valueName":"search_term_string"}}],"inLanguage":"es"},{"@type":"Organization","@id":"https:\/\/noticiasmercedinas.com\/site\/#organization","name":"NOTICIASMERCEDINAS.COM","url":"https:\/\/noticiasmercedinas.com\/site\/","logo":{"@type":"ImageObject","inLanguage":"es","@id":"https:\/\/noticiasmercedinas.com\/site\/#\/schema\/logo\/image\/","url":"https:\/\/noticiasmercedinas.com\/site\/wp-content\/uploads\/2020\/06\/LOGO-512.jpg","contentUrl":"https:\/\/noticiasmercedinas.com\/site\/wp-content\/uploads\/2020\/06\/LOGO-512.jpg","width":512,"height":512,"caption":"NOTICIASMERCEDINAS.COM"},"image":{"@id":"https:\/\/noticiasmercedinas.com\/site\/#\/schema\/logo\/image\/"},"sameAs":["https:\/\/www.facebook.com\/noticiasmercedinas\/","https:\/\/x.com\/notmercedinas","https:\/\/www.instagram.com\/noticiasmercedinas\/"]},{"@type":"Person","@id":"https:\/\/noticiasmercedinas.com\/site\/#\/schema\/person\/84b59c099c28ff2e8b77d4ceec5d8063","name":"NOTICIASMERCEDINAS.COM","image":{"@type":"ImageObject","inLanguage":"es","@id":"https:\/\/secure.gravatar.com\/avatar\/4dfbf16b4d17945bfb6341b2d19043457132fcf478a5ee04f42e959fd8f5df0a?s=96&d=mm&r=g","url":"https:\/\/secure.gravatar.com\/avatar\/4dfbf16b4d17945bfb6341b2d19043457132fcf478a5ee04f42e959fd8f5df0a?s=96&d=mm&r=g","contentUrl":"https:\/\/secure.gravatar.com\/avatar\/4dfbf16b4d17945bfb6341b2d19043457132fcf478a5ee04f42e959fd8f5df0a?s=96&d=mm&r=g","caption":"NOTICIASMERCEDINAS.COM"},"url":"https:\/\/noticiasmercedinas.com\/site\/author\/anonimo\/"}]}},"amp_enabled":true,"_links":{"self":[{"href":"https:\/\/noticiasmercedinas.com\/site\/wp-json\/wp\/v2\/posts\/103370","targetHints":{"allow":["GET"]}}],"collection":[{"href":"https:\/\/noticiasmercedinas.com\/site\/wp-json\/wp\/v2\/posts"}],"about":[{"href":"https:\/\/noticiasmercedinas.com\/site\/wp-json\/wp\/v2\/types\/post"}],"author":[{"embeddable":true,"href":"https:\/\/noticiasmercedinas.com\/site\/wp-json\/wp\/v2\/users\/16"}],"replies":[{"embeddable":true,"href":"https:\/\/noticiasmercedinas.com\/site\/wp-json\/wp\/v2\/comments?post=103370"}],"version-history":[{"count":1,"href":"https:\/\/noticiasmercedinas.com\/site\/wp-json\/wp\/v2\/posts\/103370\/revisions"}],"predecessor-version":[{"id":103372,"href":"https:\/\/noticiasmercedinas.com\/site\/wp-json\/wp\/v2\/posts\/103370\/revisions\/103372"}],"wp:featuredmedia":[{"embeddable":true,"href":"https:\/\/noticiasmercedinas.com\/site\/wp-json\/wp\/v2\/media\/103371"}],"wp:attachment":[{"href":"https:\/\/noticiasmercedinas.com\/site\/wp-json\/wp\/v2\/media?parent=103370"}],"wp:term":[{"taxonomy":"category","embeddable":true,"href":"https:\/\/noticiasmercedinas.com\/site\/wp-json\/wp\/v2\/categories?post=103370"},{"taxonomy":"post_tag","embeddable":true,"href":"https:\/\/noticiasmercedinas.com\/site\/wp-json\/wp\/v2\/tags?post=103370"}],"curies":[{"name":"wp","href":"https:\/\/api.w.org\/{rel}","templated":true}]}}