{"id":10358,"date":"2019-01-08T10:07:39","date_gmt":"2019-01-08T13:07:39","guid":{"rendered":"https:\/\/noticiasmercedinas.com\/site\/?p=10358"},"modified":"2019-01-08T10:07:39","modified_gmt":"2019-01-08T13:07:39","slug":"integrantes-del-autoclub-y-caritas-colaboraron-con-el-lowe-en-reyes","status":"publish","type":"post","link":"https:\/\/noticiasmercedinas.com\/site\/2019\/01\/08\/integrantes-del-autoclub-y-caritas-colaboraron-con-el-lowe-en-reyes\/","title":{"rendered":"Integrantes del AutoClub y C\u00e1ritas colaboraron con el Lowe en Reyes"},"content":{"rendered":"\r\n                <style type=\"text\/css\">\r\n                    \r\n                    #td_uid_1_69f3363989557  .td-doubleSlider-2 .td-item1 {\r\n                        background: url(https:\/\/noticiasmercedinas.com\/site\/wp-content\/uploads\/2019\/01\/d232db10-49cf-4f38-997d-d9243b784940-160x120.jpg) 0 0 no-repeat;\r\n                    }\r\n                    #td_uid_1_69f3363989557  .td-doubleSlider-2 .td-item2 {\r\n                        background: url(https:\/\/noticiasmercedinas.com\/site\/wp-content\/uploads\/2019\/01\/c892954a-ce18-4092-a9ec-32d642fb49aa-160x120.jpg) 0 0 no-repeat;\r\n                    }\r\n                    #td_uid_1_69f3363989557  .td-doubleSlider-2 .td-item3 {\r\n                        background: url(https:\/\/noticiasmercedinas.com\/site\/wp-content\/uploads\/2019\/01\/dcfe82c9-20c3-4f08-88d4-db6b54fcb564-160x120.jpg) 0 0 no-repeat;\r\n                    }\r\n                    #td_uid_1_69f3363989557  .td-doubleSlider-2 .td-item4 {\r\n                        background: url(https:\/\/noticiasmercedinas.com\/site\/wp-content\/uploads\/2019\/01\/0f612bcc-8cad-4f48-ba6f-545e90687259-160x120.jpg) 0 0 no-repeat;\r\n                    }\r\n                <\/style>\r\n\r\n                <div id=\"td_uid_1_69f3363989557\" class=\"td-gallery td-slide-on-2-columns\">\r\n                    <div class=\"post_td_gallery\">\r\n                        <div class=\"td-gallery-slide-top\">\r\n                           <div class=\"td-gallery-title\"><\/div>\r\n\r\n                            <div class=\"td-gallery-controls-wrapper\">\r\n                                <div class=\"td-gallery-slide-count\"><span class=\"td-gallery-slide-item-focus\">1<\/span> de 4<\/div>\r\n                                <div class=\"td-gallery-slide-prev-next-but\">\r\n                                    <i class = \"td-icon-left doubleSliderPrevButton\"><\/i>\r\n                                    <i class = \"td-icon-right doubleSliderNextButton\"><\/i>\r\n                                <\/div>\r\n                            <\/div>\r\n                        <\/div>\r\n\r\n                        <div class = \"td-doubleSlider-1 \">\r\n                            <div class = \"td-slider\">\r\n                                \r\n                    <div class = \"td-slide-item td-item1\">\r\n                        <figure class=\"td-slide-galery-figure td-slide-popup-gallery\">\r\n                            <a class=\"slide-gallery-image-link\" href=\"https:\/\/noticiasmercedinas.com\/site\/wp-content\/uploads\/2019\/01\/d232db10-49cf-4f38-997d-d9243b784940.jpg\" title=\"d232db10-49cf-4f38-997d-d9243b784940\"  data-caption=\"\"  data-description=\"\">\r\n                                <img decoding=\"async\" src=\"https:\/\/noticiasmercedinas.com\/site\/wp-content\/uploads\/2019\/01\/d232db10-49cf-4f38-997d-d9243b784940.jpg\" srcset=\"https:\/\/noticiasmercedinas.com\/site\/wp-content\/uploads\/2019\/01\/d232db10-49cf-4f38-997d-d9243b784940.jpg 1280w, https:\/\/noticiasmercedinas.com\/site\/wp-content\/uploads\/2019\/01\/d232db10-49cf-4f38-997d-d9243b784940-300x220.jpg 300w, https:\/\/noticiasmercedinas.com\/site\/wp-content\/uploads\/2019\/01\/d232db10-49cf-4f38-997d-d9243b784940-768x564.jpg 768w, https:\/\/noticiasmercedinas.com\/site\/wp-content\/uploads\/2019\/01\/d232db10-49cf-4f38-997d-d9243b784940-1024x752.jpg 1024w, https:\/\/noticiasmercedinas.com\/site\/wp-content\/uploads\/2019\/01\/d232db10-49cf-4f38-997d-d9243b784940-80x60.jpg 80w, https:\/\/noticiasmercedinas.com\/site\/wp-content\/uploads\/2019\/01\/d232db10-49cf-4f38-997d-d9243b784940-640x470.jpg 640w, https:\/\/noticiasmercedinas.com\/site\/wp-content\/uploads\/2019\/01\/d232db10-49cf-4f38-997d-d9243b784940-681x500.jpg 681w\" sizes=\"(max-width: 1280px) 100vw, 1280px\" alt=\"\">\r\n                            <\/a>\r\n                            \r\n                        <\/figure>\r\n                    <\/div>\r\n                    <div class = \"td-slide-item td-item2\">\r\n                        <figure class=\"td-slide-galery-figure td-slide-popup-gallery\">\r\n                            <a class=\"slide-gallery-image-link\" href=\"https:\/\/noticiasmercedinas.com\/site\/wp-content\/uploads\/2019\/01\/c892954a-ce18-4092-a9ec-32d642fb49aa.jpg\" title=\"c892954a-ce18-4092-a9ec-32d642fb49aa\"  data-caption=\"\"  data-description=\"\">\r\n                                <img decoding=\"async\" src=\"https:\/\/noticiasmercedinas.com\/site\/wp-content\/uploads\/2019\/01\/c892954a-ce18-4092-a9ec-32d642fb49aa.jpg\" srcset=\"https:\/\/noticiasmercedinas.com\/site\/wp-content\/uploads\/2019\/01\/c892954a-ce18-4092-a9ec-32d642fb49aa.jpg 1171w, https:\/\/noticiasmercedinas.com\/site\/wp-content\/uploads\/2019\/01\/c892954a-ce18-4092-a9ec-32d642fb49aa-300x225.jpg 300w, https:\/\/noticiasmercedinas.com\/site\/wp-content\/uploads\/2019\/01\/c892954a-ce18-4092-a9ec-32d642fb49aa-768x576.jpg 768w, https:\/\/noticiasmercedinas.com\/site\/wp-content\/uploads\/2019\/01\/c892954a-ce18-4092-a9ec-32d642fb49aa-1024x768.jpg 1024w, https:\/\/noticiasmercedinas.com\/site\/wp-content\/uploads\/2019\/01\/c892954a-ce18-4092-a9ec-32d642fb49aa-80x60.jpg 80w, https:\/\/noticiasmercedinas.com\/site\/wp-content\/uploads\/2019\/01\/c892954a-ce18-4092-a9ec-32d642fb49aa-160x120.jpg 160w, https:\/\/noticiasmercedinas.com\/site\/wp-content\/uploads\/2019\/01\/c892954a-ce18-4092-a9ec-32d642fb49aa-100x75.jpg 100w, https:\/\/noticiasmercedinas.com\/site\/wp-content\/uploads\/2019\/01\/c892954a-ce18-4092-a9ec-32d642fb49aa-200x150.jpg 200w, https:\/\/noticiasmercedinas.com\/site\/wp-content\/uploads\/2019\/01\/c892954a-ce18-4092-a9ec-32d642fb49aa-180x135.jpg 180w, https:\/\/noticiasmercedinas.com\/site\/wp-content\/uploads\/2019\/01\/c892954a-ce18-4092-a9ec-32d642fb49aa-360x270.jpg 360w, https:\/\/noticiasmercedinas.com\/site\/wp-content\/uploads\/2019\/01\/c892954a-ce18-4092-a9ec-32d642fb49aa-238x178.jpg 238w, https:\/\/noticiasmercedinas.com\/site\/wp-content\/uploads\/2019\/01\/c892954a-ce18-4092-a9ec-32d642fb49aa-476x356.jpg 476w, https:\/\/noticiasmercedinas.com\/site\/wp-content\/uploads\/2019\/01\/c892954a-ce18-4092-a9ec-32d642fb49aa-640x480.jpg 640w, https:\/\/noticiasmercedinas.com\/site\/wp-content\/uploads\/2019\/01\/c892954a-ce18-4092-a9ec-32d642fb49aa-681x511.jpg 681w\" sizes=\"(max-width: 1171px) 100vw, 1171px\" alt=\"\">\r\n                            <\/a>\r\n                            \r\n                        <\/figure>\r\n                    <\/div>\r\n                    <div class = \"td-slide-item td-item3\">\r\n                        <figure class=\"td-slide-galery-figure td-slide-popup-gallery\">\r\n                            <a class=\"slide-gallery-image-link\" href=\"https:\/\/noticiasmercedinas.com\/site\/wp-content\/uploads\/2019\/01\/dcfe82c9-20c3-4f08-88d4-db6b54fcb564.jpg\" title=\"dcfe82c9-20c3-4f08-88d4-db6b54fcb564\"  data-caption=\"\"  data-description=\"\">\r\n                                <img decoding=\"async\" src=\"https:\/\/noticiasmercedinas.com\/site\/wp-content\/uploads\/2019\/01\/dcfe82c9-20c3-4f08-88d4-db6b54fcb564.jpg\" srcset=\"https:\/\/noticiasmercedinas.com\/site\/wp-content\/uploads\/2019\/01\/dcfe82c9-20c3-4f08-88d4-db6b54fcb564.jpg 405w, https:\/\/noticiasmercedinas.com\/site\/wp-content\/uploads\/2019\/01\/dcfe82c9-20c3-4f08-88d4-db6b54fcb564-300x259.jpg 300w\" sizes=\"(max-width: 405px) 100vw, 405px\" alt=\"\">\r\n                            <\/a>\r\n                            \r\n                        <\/figure>\r\n                    <\/div>\r\n                    <div class = \"td-slide-item td-item4\">\r\n                        <figure class=\"td-slide-galery-figure td-slide-popup-gallery\">\r\n                            <a class=\"slide-gallery-image-link\" href=\"https:\/\/noticiasmercedinas.com\/site\/wp-content\/uploads\/2019\/01\/0f612bcc-8cad-4f48-ba6f-545e90687259.jpg\" title=\"0f612bcc-8cad-4f48-ba6f-545e90687259\"  data-caption=\"\"  data-description=\"\">\r\n                                <img decoding=\"async\" src=\"https:\/\/noticiasmercedinas.com\/site\/wp-content\/uploads\/2019\/01\/0f612bcc-8cad-4f48-ba6f-545e90687259.jpg\" srcset=\"https:\/\/noticiasmercedinas.com\/site\/wp-content\/uploads\/2019\/01\/0f612bcc-8cad-4f48-ba6f-545e90687259.jpg 646w, https:\/\/noticiasmercedinas.com\/site\/wp-content\/uploads\/2019\/01\/0f612bcc-8cad-4f48-ba6f-545e90687259-300x203.jpg 300w, https:\/\/noticiasmercedinas.com\/site\/wp-content\/uploads\/2019\/01\/0f612bcc-8cad-4f48-ba6f-545e90687259-640x434.jpg 640w\" sizes=\"(max-width: 646px) 100vw, 646px\" alt=\"\">\r\n                            <\/a>\r\n                            \r\n                        <\/figure>\r\n                    <\/div>\r\n                            <\/div>\r\n                        <\/div>\r\n\r\n                        <div class = \"td-doubleSlider-2\">\r\n                            <div class = \"td-slider\">\r\n                                \r\n                    <div class = \"td-button td-item1\">\r\n                        <div class = \"td-border\"><\/div>\r\n                    <\/div>\r\n                    <div class = \"td-button td-item2\">\r\n                        <div class = \"td-border\"><\/div>\r\n                    <\/div>\r\n                    <div class = \"td-button td-item3\">\r\n                        <div class = \"td-border\"><\/div>\r\n                    <\/div>\r\n                    <div class = \"td-button td-item4\">\r\n                        <div class = \"td-border\"><\/div>\r\n                    <\/div>\r\n                            <\/div>\r\n                        <\/div>\r\n\r\n                    <\/div>\r\n\r\n                <\/div>\r\n                \n<p>Cerca de las 19 horas del pasado s\u00e1bado se escuchaban las sirenas que anunciaban la llegada de los Reyes Magos a la ciudad. Desde el local de C\u00e1ritas Catedral, de avenida 47 casi 20, se iban agrupando los integrantes del AutoClub Mercedes, para acompa\u00f1arlos.<\/p>\n<p>La caravana de autos especiales parti\u00f3 siguiendo, en esta oportunidad, a una Falcon Ranchera de los a\u00f1os 80 (impecable) propiedad de Javier Dardans, que transportaba a Melchor, Gaspar y Baltasar.<\/p>\n<p>Uno de los organizadores de la movida, Diego Mar\u00fa, coment\u00f3 que \u201ca medida que se avanzaba en el camino, cada peque\u00f1o que se cruzaba con los Reyes, recib\u00eda un regalo dulce\u201d.<\/p>\n<p>Durante la semana previa, entre quienes integran las mencionadas organizaciones, fueron aportando golosinas, turrones, garrapi\u00f1adas y chocolates; adem\u00e1s de amigos que sumaron tambi\u00e9n. \u00abEntre la noche del viernes y el s\u00e1bado temprano armamos un poquito mas de 1500 paquetitos, los que fueron todos entregados en mano a todas las nenas y nenes que vimos\u00bb, comentaron.<\/p>\n<p>\u00abFue realmente emocionante ver la cantidad de familias que nos esperaban en la plaza San Mart\u00edn. No te puedo explicar, es una sensaci\u00f3n \u00fanica, hay que vivirlo\u00bb, coment\u00f3 Mar\u00fa. \u00abEste a\u00f1o yo no llev\u00e9 los atuendos de Rey Mago, lo hicieron Juan Frassa, Tito Colombo y yo iba con un meg\u00e1fono arengando, poniendo la sirena. Igual lo disfrute mucho vi\u00e9ndolos y recibiendo cartitas de los chicos tambi\u00e9n\u00bb, indic\u00f3 Mar\u00fa.<\/p>\n<p>Si bien la caravana termin\u00f3 frente a la Catedral, los Reyes continuaron su recorrido acompa\u00f1ados por algunos autos, para as\u00ed llegar a las instalaciones del Instituto Nicol\u00e1s Lowe, donde los chicos estaban esperando. All\u00ed pudieron entregar los juguetes que ten\u00edan. Silvina Ortol\u00e1, la coordinadora de la instituci\u00f3n, explic\u00f3 a todos el funcionamiento del hogar y aprovech\u00f3 la ocasi\u00f3n para \u201cagradecer que siempre est\u00e1n pensando en nosotros\u201d: \u201cEstamos pasando por momentos complicados y todo esto es como una gran caricia a todos los chicos del hogar y a nosotros tambi\u00e9n nos hace muy felices que nos visiten y verlos as\u00ed a ellos\u201d, dijo.<\/p>\n<p>Quien coordina las acciones de C\u00e1ritas Catedral, Juan Ignacio Carbone, tambi\u00e9n se mostr\u00f3 alegre y satisfecho agradeciendo el \u00abinvaluable apoyo constante del AutoClub Mercedes y particularmente el empuje y las ganas que le pone Diego siempre a todo este tipo de cosas. Vienen con la idea, te contagia y lo hacemos\u00bb.<\/p>\n<p>Para quienes organizaron el objetivo fue cumplido, lograr sonrisas entre los m\u00e1s chicos y las familias, en este d\u00eda tan especial.<\/p>\n","protected":false},"excerpt":{"rendered":"<p>Cerca de las 19 horas del pasado s\u00e1bado se escuchaban las sirenas que anunciaban la llegada de los Reyes Magos a la ciudad. Desde el local de C\u00e1ritas Catedral, de avenida 47 casi 20, se iban agrupando los integrantes del AutoClub Mercedes, para acompa\u00f1arlos. La caravana de autos especiales parti\u00f3 siguiendo, en esta oportunidad, a [&hellip;]<\/p>\n","protected":false},"author":2,"featured_media":10362,"comment_status":"open","ping_status":"open","sticky":false,"template":"","format":"standard","meta":{"footnotes":""},"categories":[3],"tags":[3175,2933,2244,3057,3069],"class_list":["post-10358","post","type-post","status-publish","format-standard","has-post-thumbnail","hentry","category-sociedad","tag-autoclub","tag-caritas-catedral","tag-diego-maru","tag-instituto-lowe","tag-reyes-magos"],"yoast_head":"<!-- This site is optimized with the Yoast SEO plugin v27.5 - https:\/\/yoast.com\/product\/yoast-seo-wordpress\/ -->\n<title>Integrantes del AutoClub y C\u00e1ritas colaboraron con el Lowe en Reyes<\/title>\n<meta name=\"robots\" content=\"index, follow, max-snippet:-1, max-image-preview:large, max-video-preview:-1\" \/>\n<link rel=\"canonical\" href=\"https:\/\/noticiasmercedinas.com\/site\/2019\/01\/08\/integrantes-del-autoclub-y-caritas-colaboraron-con-el-lowe-en-reyes\/\" \/>\n<meta property=\"og:locale\" content=\"es_ES\" \/>\n<meta property=\"og:type\" content=\"article\" \/>\n<meta property=\"og:title\" content=\"Integrantes del AutoClub y C\u00e1ritas colaboraron con el Lowe en Reyes\" \/>\n<meta property=\"og:description\" content=\"Cerca de las 19 horas del pasado s\u00e1bado se escuchaban las sirenas que anunciaban la llegada de los Reyes Magos a la ciudad. Desde el local de C\u00e1ritas Catedral, de avenida 47 casi 20, se iban agrupando los integrantes del AutoClub Mercedes, para acompa\u00f1arlos. La caravana de autos especiales parti\u00f3 siguiendo, en esta oportunidad, a [&hellip;]\" \/>\n<meta property=\"og:url\" content=\"https:\/\/noticiasmercedinas.com\/site\/2019\/01\/08\/integrantes-del-autoclub-y-caritas-colaboraron-con-el-lowe-en-reyes\/\" \/>\n<meta property=\"og:site_name\" content=\"NOTICIASMERCEDINAS.COM\" \/>\n<meta property=\"article:publisher\" content=\"https:\/\/www.facebook.com\/noticiasmercedinas\/\" \/>\n<meta property=\"article:author\" content=\"https:\/\/www.facebook.com\/cristian.falabella\" \/>\n<meta property=\"article:published_time\" content=\"2019-01-08T13:07:39+00:00\" \/>\n<meta property=\"og:image\" content=\"https:\/\/noticiasmercedinas.com\/site\/wp-content\/uploads\/2019\/01\/0f612bcc-8cad-4f48-ba6f-545e90687259.jpg\" \/>\n\t<meta property=\"og:image:width\" content=\"646\" \/>\n\t<meta property=\"og:image:height\" content=\"438\" \/>\n\t<meta property=\"og:image:type\" content=\"image\/jpeg\" \/>\n<meta name=\"author\" content=\"Cristian Falabella NOTICIASMERCEDINAS.COM\" \/>\n<meta name=\"twitter:card\" content=\"summary_large_image\" \/>\n<meta name=\"twitter:creator\" content=\"@https:\/\/twitter.com\/NOTMERCEDINAS\" \/>\n<meta name=\"twitter:site\" content=\"@notmercedinas\" \/>\n<meta name=\"twitter:label1\" content=\"Escrito por\" \/>\n\t<meta name=\"twitter:data1\" content=\"Cristian Falabella NOTICIASMERCEDINAS.COM\" \/>\n\t<meta name=\"twitter:label2\" content=\"Tiempo de lectura\" \/>\n\t<meta name=\"twitter:data2\" content=\"2 minutos\" \/>\n<script type=\"application\/ld+json\" class=\"yoast-schema-graph\">{\"@context\":\"https:\\\/\\\/schema.org\",\"@graph\":[{\"@type\":\"Article\",\"@id\":\"https:\\\/\\\/noticiasmercedinas.com\\\/site\\\/2019\\\/01\\\/08\\\/integrantes-del-autoclub-y-caritas-colaboraron-con-el-lowe-en-reyes\\\/#article\",\"isPartOf\":{\"@id\":\"https:\\\/\\\/noticiasmercedinas.com\\\/site\\\/2019\\\/01\\\/08\\\/integrantes-del-autoclub-y-caritas-colaboraron-con-el-lowe-en-reyes\\\/\"},\"author\":{\"name\":\"Cristian Falabella NOTICIASMERCEDINAS.COM\",\"@id\":\"https:\\\/\\\/noticiasmercedinas.com\\\/site\\\/#\\\/schema\\\/person\\\/d481a9696a5feaec13a60e2bbd991a6a\"},\"headline\":\"Integrantes del AutoClub y C\u00e1ritas colaboraron con el Lowe en Reyes\",\"datePublished\":\"2019-01-08T13:07:39+00:00\",\"mainEntityOfPage\":{\"@id\":\"https:\\\/\\\/noticiasmercedinas.com\\\/site\\\/2019\\\/01\\\/08\\\/integrantes-del-autoclub-y-caritas-colaboraron-con-el-lowe-en-reyes\\\/\"},\"wordCount\":446,\"commentCount\":0,\"publisher\":{\"@id\":\"https:\\\/\\\/noticiasmercedinas.com\\\/site\\\/#organization\"},\"image\":{\"@id\":\"https:\\\/\\\/noticiasmercedinas.com\\\/site\\\/2019\\\/01\\\/08\\\/integrantes-del-autoclub-y-caritas-colaboraron-con-el-lowe-en-reyes\\\/#primaryimage\"},\"thumbnailUrl\":\"https:\\\/\\\/noticiasmercedinas.com\\\/site\\\/wp-content\\\/uploads\\\/2019\\\/01\\\/0f612bcc-8cad-4f48-ba6f-545e90687259.jpg\",\"keywords\":[\"autoclub\",\"caritas catedral\",\"diego maru\",\"instituto lowe\",\"reyes magos\"],\"articleSection\":[\"Sociedad\"],\"inLanguage\":\"es\",\"potentialAction\":[{\"@type\":\"CommentAction\",\"name\":\"Comment\",\"target\":[\"https:\\\/\\\/noticiasmercedinas.com\\\/site\\\/2019\\\/01\\\/08\\\/integrantes-del-autoclub-y-caritas-colaboraron-con-el-lowe-en-reyes\\\/#respond\"]}]},{\"@type\":\"WebPage\",\"@id\":\"https:\\\/\\\/noticiasmercedinas.com\\\/site\\\/2019\\\/01\\\/08\\\/integrantes-del-autoclub-y-caritas-colaboraron-con-el-lowe-en-reyes\\\/\",\"url\":\"https:\\\/\\\/noticiasmercedinas.com\\\/site\\\/2019\\\/01\\\/08\\\/integrantes-del-autoclub-y-caritas-colaboraron-con-el-lowe-en-reyes\\\/\",\"name\":\"Integrantes del AutoClub y C\u00e1ritas colaboraron con el Lowe en Reyes\",\"isPartOf\":{\"@id\":\"https:\\\/\\\/noticiasmercedinas.com\\\/site\\\/#website\"},\"primaryImageOfPage\":{\"@id\":\"https:\\\/\\\/noticiasmercedinas.com\\\/site\\\/2019\\\/01\\\/08\\\/integrantes-del-autoclub-y-caritas-colaboraron-con-el-lowe-en-reyes\\\/#primaryimage\"},\"image\":{\"@id\":\"https:\\\/\\\/noticiasmercedinas.com\\\/site\\\/2019\\\/01\\\/08\\\/integrantes-del-autoclub-y-caritas-colaboraron-con-el-lowe-en-reyes\\\/#primaryimage\"},\"thumbnailUrl\":\"https:\\\/\\\/noticiasmercedinas.com\\\/site\\\/wp-content\\\/uploads\\\/2019\\\/01\\\/0f612bcc-8cad-4f48-ba6f-545e90687259.jpg\",\"datePublished\":\"2019-01-08T13:07:39+00:00\",\"breadcrumb\":{\"@id\":\"https:\\\/\\\/noticiasmercedinas.com\\\/site\\\/2019\\\/01\\\/08\\\/integrantes-del-autoclub-y-caritas-colaboraron-con-el-lowe-en-reyes\\\/#breadcrumb\"},\"inLanguage\":\"es\",\"potentialAction\":[{\"@type\":\"ReadAction\",\"target\":[\"https:\\\/\\\/noticiasmercedinas.com\\\/site\\\/2019\\\/01\\\/08\\\/integrantes-del-autoclub-y-caritas-colaboraron-con-el-lowe-en-reyes\\\/\"]}]},{\"@type\":\"ImageObject\",\"inLanguage\":\"es\",\"@id\":\"https:\\\/\\\/noticiasmercedinas.com\\\/site\\\/2019\\\/01\\\/08\\\/integrantes-del-autoclub-y-caritas-colaboraron-con-el-lowe-en-reyes\\\/#primaryimage\",\"url\":\"https:\\\/\\\/noticiasmercedinas.com\\\/site\\\/wp-content\\\/uploads\\\/2019\\\/01\\\/0f612bcc-8cad-4f48-ba6f-545e90687259.jpg\",\"contentUrl\":\"https:\\\/\\\/noticiasmercedinas.com\\\/site\\\/wp-content\\\/uploads\\\/2019\\\/01\\\/0f612bcc-8cad-4f48-ba6f-545e90687259.jpg\",\"width\":646,\"height\":438},{\"@type\":\"BreadcrumbList\",\"@id\":\"https:\\\/\\\/noticiasmercedinas.com\\\/site\\\/2019\\\/01\\\/08\\\/integrantes-del-autoclub-y-caritas-colaboraron-con-el-lowe-en-reyes\\\/#breadcrumb\",\"itemListElement\":[{\"@type\":\"ListItem\",\"position\":1,\"name\":\"Portada\",\"item\":\"https:\\\/\\\/noticiasmercedinas.com\\\/site\\\/\"},{\"@type\":\"ListItem\",\"position\":2,\"name\":\"Integrantes del AutoClub y C\u00e1ritas colaboraron con el Lowe en Reyes\"}]},{\"@type\":\"WebSite\",\"@id\":\"https:\\\/\\\/noticiasmercedinas.com\\\/site\\\/#website\",\"url\":\"https:\\\/\\\/noticiasmercedinas.com\\\/site\\\/\",\"name\":\"NOTICIASMERCEDINAS.COM\",\"description\":\"Mercedes, Buenos Aires, Argentina\",\"publisher\":{\"@id\":\"https:\\\/\\\/noticiasmercedinas.com\\\/site\\\/#organization\"},\"potentialAction\":[{\"@type\":\"SearchAction\",\"target\":{\"@type\":\"EntryPoint\",\"urlTemplate\":\"https:\\\/\\\/noticiasmercedinas.com\\\/site\\\/?s={search_term_string}\"},\"query-input\":{\"@type\":\"PropertyValueSpecification\",\"valueRequired\":true,\"valueName\":\"search_term_string\"}}],\"inLanguage\":\"es\"},{\"@type\":\"Organization\",\"@id\":\"https:\\\/\\\/noticiasmercedinas.com\\\/site\\\/#organization\",\"name\":\"NOTICIASMERCEDINAS.COM\",\"url\":\"https:\\\/\\\/noticiasmercedinas.com\\\/site\\\/\",\"logo\":{\"@type\":\"ImageObject\",\"inLanguage\":\"es\",\"@id\":\"https:\\\/\\\/noticiasmercedinas.com\\\/site\\\/#\\\/schema\\\/logo\\\/image\\\/\",\"url\":\"https:\\\/\\\/noticiasmercedinas.com\\\/site\\\/wp-content\\\/uploads\\\/2020\\\/06\\\/LOGO-512.jpg\",\"contentUrl\":\"https:\\\/\\\/noticiasmercedinas.com\\\/site\\\/wp-content\\\/uploads\\\/2020\\\/06\\\/LOGO-512.jpg\",\"width\":512,\"height\":512,\"caption\":\"NOTICIASMERCEDINAS.COM\"},\"image\":{\"@id\":\"https:\\\/\\\/noticiasmercedinas.com\\\/site\\\/#\\\/schema\\\/logo\\\/image\\\/\"},\"sameAs\":[\"https:\\\/\\\/www.facebook.com\\\/noticiasmercedinas\\\/\",\"https:\\\/\\\/x.com\\\/notmercedinas\",\"https:\\\/\\\/www.instagram.com\\\/noticiasmercedinas\\\/\"]},{\"@type\":\"Person\",\"@id\":\"https:\\\/\\\/noticiasmercedinas.com\\\/site\\\/#\\\/schema\\\/person\\\/d481a9696a5feaec13a60e2bbd991a6a\",\"name\":\"Cristian Falabella NOTICIASMERCEDINAS.COM\",\"image\":{\"@type\":\"ImageObject\",\"inLanguage\":\"es\",\"@id\":\"https:\\\/\\\/secure.gravatar.com\\\/avatar\\\/0dbbfc45970cc46bcd0e57766228574ff3511d6eed045b182f536f0f478c1f06?s=96&d=mm&r=g\",\"url\":\"https:\\\/\\\/secure.gravatar.com\\\/avatar\\\/0dbbfc45970cc46bcd0e57766228574ff3511d6eed045b182f536f0f478c1f06?s=96&d=mm&r=g\",\"contentUrl\":\"https:\\\/\\\/secure.gravatar.com\\\/avatar\\\/0dbbfc45970cc46bcd0e57766228574ff3511d6eed045b182f536f0f478c1f06?s=96&d=mm&r=g\",\"caption\":\"Cristian Falabella NOTICIASMERCEDINAS.COM\"},\"description\":\"Periodista, editor de Noticias Mercedinas. Pas\u00f3 por varias redacciones y emprendimientos de prensa, en distintos formatos y \u00e9pocas. Se especializ\u00f3 --y sigue haci\u00e9ndolo-- en comunicaci\u00f3n en la web y en junio de 2006 fund\u00f3 este diario digital.\",\"sameAs\":[\"https:\\\/\\\/noticiasmercedinas.com\",\"https:\\\/\\\/www.facebook.com\\\/cristian.falabella\",\"https:\\\/\\\/www.instagram.com\\\/noticiasmercedinas\\\/\",\"https:\\\/\\\/x.com\\\/https:\\\/\\\/twitter.com\\\/NOTMERCEDINAS\"],\"url\":\"https:\\\/\\\/noticiasmercedinas.com\\\/site\\\/author\\\/as000384\\\/\"}]}<\/script>\n<!-- \/ Yoast SEO plugin. -->","yoast_head_json":{"title":"Integrantes del AutoClub y C\u00e1ritas colaboraron con el Lowe en Reyes","robots":{"index":"index","follow":"follow","max-snippet":"max-snippet:-1","max-image-preview":"max-image-preview:large","max-video-preview":"max-video-preview:-1"},"canonical":"https:\/\/noticiasmercedinas.com\/site\/2019\/01\/08\/integrantes-del-autoclub-y-caritas-colaboraron-con-el-lowe-en-reyes\/","og_locale":"es_ES","og_type":"article","og_title":"Integrantes del AutoClub y C\u00e1ritas colaboraron con el Lowe en Reyes","og_description":"Cerca de las 19 horas del pasado s\u00e1bado se escuchaban las sirenas que anunciaban la llegada de los Reyes Magos a la ciudad. Desde el local de C\u00e1ritas Catedral, de avenida 47 casi 20, se iban agrupando los integrantes del AutoClub Mercedes, para acompa\u00f1arlos. La caravana de autos especiales parti\u00f3 siguiendo, en esta oportunidad, a [&hellip;]","og_url":"https:\/\/noticiasmercedinas.com\/site\/2019\/01\/08\/integrantes-del-autoclub-y-caritas-colaboraron-con-el-lowe-en-reyes\/","og_site_name":"NOTICIASMERCEDINAS.COM","article_publisher":"https:\/\/www.facebook.com\/noticiasmercedinas\/","article_author":"https:\/\/www.facebook.com\/cristian.falabella","article_published_time":"2019-01-08T13:07:39+00:00","og_image":[{"width":646,"height":438,"url":"https:\/\/noticiasmercedinas.com\/site\/wp-content\/uploads\/2019\/01\/0f612bcc-8cad-4f48-ba6f-545e90687259.jpg","type":"image\/jpeg"}],"author":"Cristian Falabella NOTICIASMERCEDINAS.COM","twitter_card":"summary_large_image","twitter_creator":"@https:\/\/twitter.com\/NOTMERCEDINAS","twitter_site":"@notmercedinas","twitter_misc":{"Escrito por":"Cristian Falabella NOTICIASMERCEDINAS.COM","Tiempo de lectura":"2 minutos"},"schema":{"@context":"https:\/\/schema.org","@graph":[{"@type":"Article","@id":"https:\/\/noticiasmercedinas.com\/site\/2019\/01\/08\/integrantes-del-autoclub-y-caritas-colaboraron-con-el-lowe-en-reyes\/#article","isPartOf":{"@id":"https:\/\/noticiasmercedinas.com\/site\/2019\/01\/08\/integrantes-del-autoclub-y-caritas-colaboraron-con-el-lowe-en-reyes\/"},"author":{"name":"Cristian Falabella NOTICIASMERCEDINAS.COM","@id":"https:\/\/noticiasmercedinas.com\/site\/#\/schema\/person\/d481a9696a5feaec13a60e2bbd991a6a"},"headline":"Integrantes del AutoClub y C\u00e1ritas colaboraron con el Lowe en Reyes","datePublished":"2019-01-08T13:07:39+00:00","mainEntityOfPage":{"@id":"https:\/\/noticiasmercedinas.com\/site\/2019\/01\/08\/integrantes-del-autoclub-y-caritas-colaboraron-con-el-lowe-en-reyes\/"},"wordCount":446,"commentCount":0,"publisher":{"@id":"https:\/\/noticiasmercedinas.com\/site\/#organization"},"image":{"@id":"https:\/\/noticiasmercedinas.com\/site\/2019\/01\/08\/integrantes-del-autoclub-y-caritas-colaboraron-con-el-lowe-en-reyes\/#primaryimage"},"thumbnailUrl":"https:\/\/noticiasmercedinas.com\/site\/wp-content\/uploads\/2019\/01\/0f612bcc-8cad-4f48-ba6f-545e90687259.jpg","keywords":["autoclub","caritas catedral","diego maru","instituto lowe","reyes magos"],"articleSection":["Sociedad"],"inLanguage":"es","potentialAction":[{"@type":"CommentAction","name":"Comment","target":["https:\/\/noticiasmercedinas.com\/site\/2019\/01\/08\/integrantes-del-autoclub-y-caritas-colaboraron-con-el-lowe-en-reyes\/#respond"]}]},{"@type":"WebPage","@id":"https:\/\/noticiasmercedinas.com\/site\/2019\/01\/08\/integrantes-del-autoclub-y-caritas-colaboraron-con-el-lowe-en-reyes\/","url":"https:\/\/noticiasmercedinas.com\/site\/2019\/01\/08\/integrantes-del-autoclub-y-caritas-colaboraron-con-el-lowe-en-reyes\/","name":"Integrantes del AutoClub y C\u00e1ritas colaboraron con el Lowe en Reyes","isPartOf":{"@id":"https:\/\/noticiasmercedinas.com\/site\/#website"},"primaryImageOfPage":{"@id":"https:\/\/noticiasmercedinas.com\/site\/2019\/01\/08\/integrantes-del-autoclub-y-caritas-colaboraron-con-el-lowe-en-reyes\/#primaryimage"},"image":{"@id":"https:\/\/noticiasmercedinas.com\/site\/2019\/01\/08\/integrantes-del-autoclub-y-caritas-colaboraron-con-el-lowe-en-reyes\/#primaryimage"},"thumbnailUrl":"https:\/\/noticiasmercedinas.com\/site\/wp-content\/uploads\/2019\/01\/0f612bcc-8cad-4f48-ba6f-545e90687259.jpg","datePublished":"2019-01-08T13:07:39+00:00","breadcrumb":{"@id":"https:\/\/noticiasmercedinas.com\/site\/2019\/01\/08\/integrantes-del-autoclub-y-caritas-colaboraron-con-el-lowe-en-reyes\/#breadcrumb"},"inLanguage":"es","potentialAction":[{"@type":"ReadAction","target":["https:\/\/noticiasmercedinas.com\/site\/2019\/01\/08\/integrantes-del-autoclub-y-caritas-colaboraron-con-el-lowe-en-reyes\/"]}]},{"@type":"ImageObject","inLanguage":"es","@id":"https:\/\/noticiasmercedinas.com\/site\/2019\/01\/08\/integrantes-del-autoclub-y-caritas-colaboraron-con-el-lowe-en-reyes\/#primaryimage","url":"https:\/\/noticiasmercedinas.com\/site\/wp-content\/uploads\/2019\/01\/0f612bcc-8cad-4f48-ba6f-545e90687259.jpg","contentUrl":"https:\/\/noticiasmercedinas.com\/site\/wp-content\/uploads\/2019\/01\/0f612bcc-8cad-4f48-ba6f-545e90687259.jpg","width":646,"height":438},{"@type":"BreadcrumbList","@id":"https:\/\/noticiasmercedinas.com\/site\/2019\/01\/08\/integrantes-del-autoclub-y-caritas-colaboraron-con-el-lowe-en-reyes\/#breadcrumb","itemListElement":[{"@type":"ListItem","position":1,"name":"Portada","item":"https:\/\/noticiasmercedinas.com\/site\/"},{"@type":"ListItem","position":2,"name":"Integrantes del AutoClub y C\u00e1ritas colaboraron con el Lowe en Reyes"}]},{"@type":"WebSite","@id":"https:\/\/noticiasmercedinas.com\/site\/#website","url":"https:\/\/noticiasmercedinas.com\/site\/","name":"NOTICIASMERCEDINAS.COM","description":"Mercedes, Buenos Aires, Argentina","publisher":{"@id":"https:\/\/noticiasmercedinas.com\/site\/#organization"},"potentialAction":[{"@type":"SearchAction","target":{"@type":"EntryPoint","urlTemplate":"https:\/\/noticiasmercedinas.com\/site\/?s={search_term_string}"},"query-input":{"@type":"PropertyValueSpecification","valueRequired":true,"valueName":"search_term_string"}}],"inLanguage":"es"},{"@type":"Organization","@id":"https:\/\/noticiasmercedinas.com\/site\/#organization","name":"NOTICIASMERCEDINAS.COM","url":"https:\/\/noticiasmercedinas.com\/site\/","logo":{"@type":"ImageObject","inLanguage":"es","@id":"https:\/\/noticiasmercedinas.com\/site\/#\/schema\/logo\/image\/","url":"https:\/\/noticiasmercedinas.com\/site\/wp-content\/uploads\/2020\/06\/LOGO-512.jpg","contentUrl":"https:\/\/noticiasmercedinas.com\/site\/wp-content\/uploads\/2020\/06\/LOGO-512.jpg","width":512,"height":512,"caption":"NOTICIASMERCEDINAS.COM"},"image":{"@id":"https:\/\/noticiasmercedinas.com\/site\/#\/schema\/logo\/image\/"},"sameAs":["https:\/\/www.facebook.com\/noticiasmercedinas\/","https:\/\/x.com\/notmercedinas","https:\/\/www.instagram.com\/noticiasmercedinas\/"]},{"@type":"Person","@id":"https:\/\/noticiasmercedinas.com\/site\/#\/schema\/person\/d481a9696a5feaec13a60e2bbd991a6a","name":"Cristian Falabella NOTICIASMERCEDINAS.COM","image":{"@type":"ImageObject","inLanguage":"es","@id":"https:\/\/secure.gravatar.com\/avatar\/0dbbfc45970cc46bcd0e57766228574ff3511d6eed045b182f536f0f478c1f06?s=96&d=mm&r=g","url":"https:\/\/secure.gravatar.com\/avatar\/0dbbfc45970cc46bcd0e57766228574ff3511d6eed045b182f536f0f478c1f06?s=96&d=mm&r=g","contentUrl":"https:\/\/secure.gravatar.com\/avatar\/0dbbfc45970cc46bcd0e57766228574ff3511d6eed045b182f536f0f478c1f06?s=96&d=mm&r=g","caption":"Cristian Falabella NOTICIASMERCEDINAS.COM"},"description":"Periodista, editor de Noticias Mercedinas. Pas\u00f3 por varias redacciones y emprendimientos de prensa, en distintos formatos y \u00e9pocas. Se especializ\u00f3 --y sigue haci\u00e9ndolo-- en comunicaci\u00f3n en la web y en junio de 2006 fund\u00f3 este diario digital.","sameAs":["https:\/\/noticiasmercedinas.com","https:\/\/www.facebook.com\/cristian.falabella","https:\/\/www.instagram.com\/noticiasmercedinas\/","https:\/\/x.com\/https:\/\/twitter.com\/NOTMERCEDINAS"],"url":"https:\/\/noticiasmercedinas.com\/site\/author\/as000384\/"}]}},"amp_enabled":true,"_links":{"self":[{"href":"https:\/\/noticiasmercedinas.com\/site\/wp-json\/wp\/v2\/posts\/10358","targetHints":{"allow":["GET"]}}],"collection":[{"href":"https:\/\/noticiasmercedinas.com\/site\/wp-json\/wp\/v2\/posts"}],"about":[{"href":"https:\/\/noticiasmercedinas.com\/site\/wp-json\/wp\/v2\/types\/post"}],"author":[{"embeddable":true,"href":"https:\/\/noticiasmercedinas.com\/site\/wp-json\/wp\/v2\/users\/2"}],"replies":[{"embeddable":true,"href":"https:\/\/noticiasmercedinas.com\/site\/wp-json\/wp\/v2\/comments?post=10358"}],"version-history":[{"count":1,"href":"https:\/\/noticiasmercedinas.com\/site\/wp-json\/wp\/v2\/posts\/10358\/revisions"}],"predecessor-version":[{"id":10363,"href":"https:\/\/noticiasmercedinas.com\/site\/wp-json\/wp\/v2\/posts\/10358\/revisions\/10363"}],"wp:featuredmedia":[{"embeddable":true,"href":"https:\/\/noticiasmercedinas.com\/site\/wp-json\/wp\/v2\/media\/10362"}],"wp:attachment":[{"href":"https:\/\/noticiasmercedinas.com\/site\/wp-json\/wp\/v2\/media?parent=10358"}],"wp:term":[{"taxonomy":"category","embeddable":true,"href":"https:\/\/noticiasmercedinas.com\/site\/wp-json\/wp\/v2\/categories?post=10358"},{"taxonomy":"post_tag","embeddable":true,"href":"https:\/\/noticiasmercedinas.com\/site\/wp-json\/wp\/v2\/tags?post=10358"}],"curies":[{"name":"wp","href":"https:\/\/api.w.org\/{rel}","templated":true}]}}