{"id":103728,"date":"2022-11-06T23:19:04","date_gmt":"2022-11-07T02:19:04","guid":{"rendered":"https:\/\/noticiasmercedinas.com\/site\/?p=103728"},"modified":"2022-11-06T23:21:42","modified_gmt":"2022-11-07T02:21:42","slug":"mateo-marenco-sera-parte-en-bangladesh-de-la-final-mundial-de-programacion","status":"publish","type":"post","link":"https:\/\/noticiasmercedinas.com\/site\/2022\/11\/06\/mateo-marenco-sera-parte-en-bangladesh-de-la-final-mundial-de-programacion\/","title":{"rendered":"Mateo Marenco ser\u00e1 parte en Bangladesh de la final mundial de programaci\u00f3n"},"content":{"rendered":"<p><img loading=\"lazy\" decoding=\"async\" class=\"alignnone size-full wp-image-103729\" src=\"https:\/\/noticiasmercedinas.com\/site\/wp-content\/uploads\/2022\/11\/bangladesh.jpg\" alt=\"\" width=\"640\" height=\"478\" srcset=\"https:\/\/noticiasmercedinas.com\/site\/wp-content\/uploads\/2022\/11\/bangladesh.jpg 640w, https:\/\/noticiasmercedinas.com\/site\/wp-content\/uploads\/2022\/11\/bangladesh-300x224.jpg 300w, https:\/\/noticiasmercedinas.com\/site\/wp-content\/uploads\/2022\/11\/bangladesh-80x60.jpg 80w, https:\/\/noticiasmercedinas.com\/site\/wp-content\/uploads\/2022\/11\/bangladesh-160x120.jpg 160w, https:\/\/noticiasmercedinas.com\/site\/wp-content\/uploads\/2022\/11\/bangladesh-100x75.jpg 100w, https:\/\/noticiasmercedinas.com\/site\/wp-content\/uploads\/2022\/11\/bangladesh-200x150.jpg 200w, https:\/\/noticiasmercedinas.com\/site\/wp-content\/uploads\/2022\/11\/bangladesh-180x135.jpg 180w, https:\/\/noticiasmercedinas.com\/site\/wp-content\/uploads\/2022\/11\/bangladesh-360x270.jpg 360w, https:\/\/noticiasmercedinas.com\/site\/wp-content\/uploads\/2022\/11\/bangladesh-238x178.jpg 238w, https:\/\/noticiasmercedinas.com\/site\/wp-content\/uploads\/2022\/11\/bangladesh-476x356.jpg 476w\" sizes=\"auto, (max-width: 640px) 100vw, 640px\" \/><\/p>\n<p>El mercedino <strong>Mateo Marenco<\/strong> ser\u00e1 parte en la Rep\u00fablica Popular de Bangladesh (Asia del Sur) de la final mundial de programaci\u00f3n, de la ICPC (International Collegiate Programming Contest). Llega como parte de Prim Floyd: un equipo de programaci\u00f3n competitiva de la Facultad de Ciencias Exactas y Naturales de la UBA, compuesto por: Julian Braier, Marcos Blufstein y Mateo Marenco, junto al coach Eugenio Borghini.<\/p>\n<p>El International Collegiate Programming Contest es la competencia internacional de programaci\u00f3n de nivel universitario m\u00e1s prestigiosa del mundo. Se desarrolla anualmente en tres etapas: nacional, regional y mundial.<\/p>\n<p>El ICPC es una competencia por equipos compuestos por tres estudiantes de la misma Universidad y un entrenador. En esta oportunidad <a href=\"https:\/\/worldfinals.icpc.global\">se hace del 6 al 11 de noviembre en Dhaka, Bangladesh<\/a>.<\/p>\n<p>En cada fase, los equipos cuentan con 5 horas para resolver un conjunto de problemas algor\u00edtmicos y de programaci\u00f3n.<\/p>\n<p>Para ello, disponen de una sola computadora sin acceso a internet y sus programas son evaluados por un juez autom\u00e1tico con test de caja negra.<\/p>\n<p>De esta manera, el concurso fomenta, entre otras cosas, la capacidad de trabajo en equipo y la habilidad de producir c\u00f3digo legible y correcto bajo presi\u00f3n de tiempo.<\/p>\n<p><img loading=\"lazy\" decoding=\"async\" class=\"alignnone size-full wp-image-103730\" src=\"https:\/\/noticiasmercedinas.com\/site\/wp-content\/uploads\/2022\/11\/imagen_2022-11-06_231403125.png\" alt=\"\" width=\"881\" height=\"679\" srcset=\"https:\/\/noticiasmercedinas.com\/site\/wp-content\/uploads\/2022\/11\/imagen_2022-11-06_231403125.png 881w, https:\/\/noticiasmercedinas.com\/site\/wp-content\/uploads\/2022\/11\/imagen_2022-11-06_231403125-300x231.png 300w, https:\/\/noticiasmercedinas.com\/site\/wp-content\/uploads\/2022\/11\/imagen_2022-11-06_231403125-768x592.png 768w, https:\/\/noticiasmercedinas.com\/site\/wp-content\/uploads\/2022\/11\/imagen_2022-11-06_231403125-640x493.png 640w, https:\/\/noticiasmercedinas.com\/site\/wp-content\/uploads\/2022\/11\/imagen_2022-11-06_231403125-681x525.png 681w\" sizes=\"auto, (max-width: 881px) 100vw, 881px\" \/><\/p>\n<p>El mercedino Marenco integra el equipo de programaci\u00f3n competitiva Prim Floyd, junto a otros referentes \u2013como \u00e9l\u2014de la Facultad de Ciencias Exactas y Naturales (FCEN) de la Universidad Nacional de Buenos Aires. Y los cuatro est\u00e1n clasificados a la final mundial de la ICPC. Ellos son:<\/p>\n<p><strong>\u25a0 Eugenio Borghini (coach):<\/strong> matem\u00e1tico de la UBA, vinculado al mundo de la programaci\u00f3n competitiva hace casi 10 a\u00f1os. Actualmente analista cuantitativo que supo ser acad\u00e9mico y programador. Orgulloso DT de Prim Floyd.<\/p>\n<p><strong>\u25a0 Mateo Marenco:<\/strong> estudiante de Ciencias de la Computaci\u00f3n desde 2017 en FCEN-UBA, actualmente luchando con la tesis. Metido desde 2019 en programaci\u00f3n competitiva. Trabajando como programador. Fan de Borges, Les Luthiers y el ajedrez.<\/p>\n<p><strong>\u25a0 Marcos Blufstein:<\/strong> estudiante de Ciencias de la Computaci\u00f3n en FCEN-UBA desde el 2017.Tuvo sus humildes inicios en la programaci\u00f3n competitiva jugando junto a prim floyd, en la cocina de su casa. Ayudante de segunda en la materia Algoritmos y Estructuras de Datos I hasta el a\u00f1o pasado, y actualmente trabajando como programador.<\/p>\n<p><strong>\u25a0 Juli\u00e1n Braier, alias \u201cAgua Podrida\u201d:<\/strong> Estudiante de Ciencias de la Computaci\u00f3n en Exactas desde 2017 en FCEN-UBA. Metido desde 2019 en la programaci\u00f3n competitiva. Docente en FCEN como ayudante de segunda en la materia Algoritmos y Estructuras de Datos III. Adicto al metegol, fan\u00e1tico de Los Simuladores.<\/p>\n<p>El equipo clasific\u00f3 a la final mundial gracias a haber salido tercero en el Torneo Argentino de Programaci\u00f3n (TAP), lo que lo hizo clasificar al regional Sudam\u00e9rica-Sur donde obtuvo el 2\u00ba lugar.<\/p>\n<blockquote class=\"twitter-tweet\">\n<p dir=\"ltr\" lang=\"en\">We explored the city of Dhaka in Bangladesh to bring you a glimpse of daily life. The 45th ICPC World Finals is hosted by University of Asia Pacific <a href=\"https:\/\/twitter.com\/uapbd?ref_src=twsrc%5Etfw\">@uapbd<\/a> <a href=\"https:\/\/twitter.com\/hashtag\/icpcwfdhaka?src=hash&amp;ref_src=twsrc%5Etfw\">#icpcwfdhaka<\/a> <a href=\"https:\/\/t.co\/BeU8wtadIT\">pic.twitter.com\/BeU8wtadIT<\/a><\/p>\n<p>\u2014 ICPCNews (@ICPCNews) <a href=\"https:\/\/twitter.com\/ICPCNews\/status\/1589304507204501504?ref_src=twsrc%5Etfw\">November 6, 2022<\/a><\/p><\/blockquote>\n<p><script async src=\"https:\/\/platform.twitter.com\/widgets.js\" charset=\"utf-8\"><\/script><\/p>\n","protected":false},"excerpt":{"rendered":"<p>\u25a0 Llega en un equipo de programaci\u00f3n competitiva de la Facultad de Ciencias Exactas y Naturales de la UBA. Las actividades se desarrollar\u00e1n del 6 al 11 de noviembre en Dhaka.<\/p>\n","protected":false},"author":16,"featured_media":103729,"comment_status":"open","ping_status":"open","sticky":false,"template":"","format":"standard","meta":{"footnotes":""},"categories":[3],"tags":[6107,15672,15673,15669,15670,15671,1876],"class_list":["post-103728","post","type-post","status-publish","format-standard","has-post-thumbnail","hentry","category-sociedad","tag-bangladesh","tag-eugenio-borghini","tag-international-collegiate-programming-contest","tag-julian-braier","tag-marcos-blufstein","tag-mateo-marenco","tag-programacion"],"yoast_head":"<!-- This site is optimized with the Yoast SEO plugin v27.5 - https:\/\/yoast.com\/product\/yoast-seo-wordpress\/ -->\n<title>Mateo Marenco ser\u00e1 parte en Bangladesh de la final mundial de programaci\u00f3n<\/title>\n<meta name=\"robots\" content=\"index, follow, max-snippet:-1, max-image-preview:large, max-video-preview:-1\" \/>\n<link rel=\"canonical\" href=\"https:\/\/noticiasmercedinas.com\/site\/2022\/11\/06\/mateo-marenco-sera-parte-en-bangladesh-de-la-final-mundial-de-programacion\/\" \/>\n<meta property=\"og:locale\" content=\"es_ES\" \/>\n<meta property=\"og:type\" content=\"article\" \/>\n<meta property=\"og:title\" content=\"Mateo Marenco ser\u00e1 parte en Bangladesh de la final mundial de programaci\u00f3n\" \/>\n<meta property=\"og:description\" content=\"\u25a0 Llega en un equipo de programaci\u00f3n competitiva de la Facultad de Ciencias Exactas y Naturales de la UBA. Las actividades se desarrollar\u00e1n del 6 al 11 de noviembre en Dhaka.\" \/>\n<meta property=\"og:url\" content=\"https:\/\/noticiasmercedinas.com\/site\/2022\/11\/06\/mateo-marenco-sera-parte-en-bangladesh-de-la-final-mundial-de-programacion\/\" \/>\n<meta property=\"og:site_name\" content=\"NOTICIASMERCEDINAS.COM\" \/>\n<meta property=\"article:publisher\" content=\"https:\/\/www.facebook.com\/noticiasmercedinas\/\" \/>\n<meta property=\"article:published_time\" content=\"2022-11-07T02:19:04+00:00\" \/>\n<meta property=\"article:modified_time\" content=\"2022-11-07T02:21:42+00:00\" \/>\n<meta property=\"og:image\" content=\"https:\/\/noticiasmercedinas.com\/site\/wp-content\/uploads\/2022\/11\/bangladesh.jpg\" \/>\n\t<meta property=\"og:image:width\" content=\"640\" \/>\n\t<meta property=\"og:image:height\" content=\"478\" \/>\n\t<meta property=\"og:image:type\" content=\"image\/jpeg\" \/>\n<meta name=\"author\" content=\"NOTICIASMERCEDINAS.COM\" \/>\n<meta name=\"twitter:card\" content=\"summary_large_image\" \/>\n<meta name=\"twitter:creator\" content=\"@notmercedinas\" \/>\n<meta name=\"twitter:site\" content=\"@notmercedinas\" \/>\n<meta name=\"twitter:label1\" content=\"Escrito por\" \/>\n\t<meta name=\"twitter:data1\" content=\"NOTICIASMERCEDINAS.COM\" \/>\n\t<meta name=\"twitter:label2\" content=\"Tiempo de lectura\" \/>\n\t<meta name=\"twitter:data2\" content=\"3 minutos\" \/>\n<script type=\"application\/ld+json\" class=\"yoast-schema-graph\">{\"@context\":\"https:\\\/\\\/schema.org\",\"@graph\":[{\"@type\":\"Article\",\"@id\":\"https:\\\/\\\/noticiasmercedinas.com\\\/site\\\/2022\\\/11\\\/06\\\/mateo-marenco-sera-parte-en-bangladesh-de-la-final-mundial-de-programacion\\\/#article\",\"isPartOf\":{\"@id\":\"https:\\\/\\\/noticiasmercedinas.com\\\/site\\\/2022\\\/11\\\/06\\\/mateo-marenco-sera-parte-en-bangladesh-de-la-final-mundial-de-programacion\\\/\"},\"author\":{\"name\":\"NOTICIASMERCEDINAS.COM\",\"@id\":\"https:\\\/\\\/noticiasmercedinas.com\\\/site\\\/#\\\/schema\\\/person\\\/84b59c099c28ff2e8b77d4ceec5d8063\"},\"headline\":\"Mateo Marenco ser\u00e1 parte en Bangladesh de la final mundial de programaci\u00f3n\",\"datePublished\":\"2022-11-07T02:19:04+00:00\",\"dateModified\":\"2022-11-07T02:21:42+00:00\",\"mainEntityOfPage\":{\"@id\":\"https:\\\/\\\/noticiasmercedinas.com\\\/site\\\/2022\\\/11\\\/06\\\/mateo-marenco-sera-parte-en-bangladesh-de-la-final-mundial-de-programacion\\\/\"},\"wordCount\":509,\"commentCount\":0,\"publisher\":{\"@id\":\"https:\\\/\\\/noticiasmercedinas.com\\\/site\\\/#organization\"},\"image\":{\"@id\":\"https:\\\/\\\/noticiasmercedinas.com\\\/site\\\/2022\\\/11\\\/06\\\/mateo-marenco-sera-parte-en-bangladesh-de-la-final-mundial-de-programacion\\\/#primaryimage\"},\"thumbnailUrl\":\"https:\\\/\\\/noticiasmercedinas.com\\\/site\\\/wp-content\\\/uploads\\\/2022\\\/11\\\/bangladesh.jpg\",\"keywords\":[\"Bangladesh\",\"Eugenio Borghini\",\"International Collegiate Programming Contest\",\"Julian Braier\",\"Marcos Blufstein\",\"Mateo Marenco\",\"programaci\u00f3n\"],\"articleSection\":[\"Sociedad\"],\"inLanguage\":\"es\",\"potentialAction\":[{\"@type\":\"CommentAction\",\"name\":\"Comment\",\"target\":[\"https:\\\/\\\/noticiasmercedinas.com\\\/site\\\/2022\\\/11\\\/06\\\/mateo-marenco-sera-parte-en-bangladesh-de-la-final-mundial-de-programacion\\\/#respond\"]}]},{\"@type\":\"WebPage\",\"@id\":\"https:\\\/\\\/noticiasmercedinas.com\\\/site\\\/2022\\\/11\\\/06\\\/mateo-marenco-sera-parte-en-bangladesh-de-la-final-mundial-de-programacion\\\/\",\"url\":\"https:\\\/\\\/noticiasmercedinas.com\\\/site\\\/2022\\\/11\\\/06\\\/mateo-marenco-sera-parte-en-bangladesh-de-la-final-mundial-de-programacion\\\/\",\"name\":\"Mateo Marenco ser\u00e1 parte en Bangladesh de la final mundial de programaci\u00f3n\",\"isPartOf\":{\"@id\":\"https:\\\/\\\/noticiasmercedinas.com\\\/site\\\/#website\"},\"primaryImageOfPage\":{\"@id\":\"https:\\\/\\\/noticiasmercedinas.com\\\/site\\\/2022\\\/11\\\/06\\\/mateo-marenco-sera-parte-en-bangladesh-de-la-final-mundial-de-programacion\\\/#primaryimage\"},\"image\":{\"@id\":\"https:\\\/\\\/noticiasmercedinas.com\\\/site\\\/2022\\\/11\\\/06\\\/mateo-marenco-sera-parte-en-bangladesh-de-la-final-mundial-de-programacion\\\/#primaryimage\"},\"thumbnailUrl\":\"https:\\\/\\\/noticiasmercedinas.com\\\/site\\\/wp-content\\\/uploads\\\/2022\\\/11\\\/bangladesh.jpg\",\"datePublished\":\"2022-11-07T02:19:04+00:00\",\"dateModified\":\"2022-11-07T02:21:42+00:00\",\"breadcrumb\":{\"@id\":\"https:\\\/\\\/noticiasmercedinas.com\\\/site\\\/2022\\\/11\\\/06\\\/mateo-marenco-sera-parte-en-bangladesh-de-la-final-mundial-de-programacion\\\/#breadcrumb\"},\"inLanguage\":\"es\",\"potentialAction\":[{\"@type\":\"ReadAction\",\"target\":[\"https:\\\/\\\/noticiasmercedinas.com\\\/site\\\/2022\\\/11\\\/06\\\/mateo-marenco-sera-parte-en-bangladesh-de-la-final-mundial-de-programacion\\\/\"]}]},{\"@type\":\"ImageObject\",\"inLanguage\":\"es\",\"@id\":\"https:\\\/\\\/noticiasmercedinas.com\\\/site\\\/2022\\\/11\\\/06\\\/mateo-marenco-sera-parte-en-bangladesh-de-la-final-mundial-de-programacion\\\/#primaryimage\",\"url\":\"https:\\\/\\\/noticiasmercedinas.com\\\/site\\\/wp-content\\\/uploads\\\/2022\\\/11\\\/bangladesh.jpg\",\"contentUrl\":\"https:\\\/\\\/noticiasmercedinas.com\\\/site\\\/wp-content\\\/uploads\\\/2022\\\/11\\\/bangladesh.jpg\",\"width\":640,\"height\":478},{\"@type\":\"BreadcrumbList\",\"@id\":\"https:\\\/\\\/noticiasmercedinas.com\\\/site\\\/2022\\\/11\\\/06\\\/mateo-marenco-sera-parte-en-bangladesh-de-la-final-mundial-de-programacion\\\/#breadcrumb\",\"itemListElement\":[{\"@type\":\"ListItem\",\"position\":1,\"name\":\"Portada\",\"item\":\"https:\\\/\\\/noticiasmercedinas.com\\\/site\\\/\"},{\"@type\":\"ListItem\",\"position\":2,\"name\":\"Mateo Marenco ser\u00e1 parte en Bangladesh de la final mundial de programaci\u00f3n\"}]},{\"@type\":\"WebSite\",\"@id\":\"https:\\\/\\\/noticiasmercedinas.com\\\/site\\\/#website\",\"url\":\"https:\\\/\\\/noticiasmercedinas.com\\\/site\\\/\",\"name\":\"NOTICIASMERCEDINAS.COM\",\"description\":\"Mercedes, Buenos Aires, Argentina\",\"publisher\":{\"@id\":\"https:\\\/\\\/noticiasmercedinas.com\\\/site\\\/#organization\"},\"potentialAction\":[{\"@type\":\"SearchAction\",\"target\":{\"@type\":\"EntryPoint\",\"urlTemplate\":\"https:\\\/\\\/noticiasmercedinas.com\\\/site\\\/?s={search_term_string}\"},\"query-input\":{\"@type\":\"PropertyValueSpecification\",\"valueRequired\":true,\"valueName\":\"search_term_string\"}}],\"inLanguage\":\"es\"},{\"@type\":\"Organization\",\"@id\":\"https:\\\/\\\/noticiasmercedinas.com\\\/site\\\/#organization\",\"name\":\"NOTICIASMERCEDINAS.COM\",\"url\":\"https:\\\/\\\/noticiasmercedinas.com\\\/site\\\/\",\"logo\":{\"@type\":\"ImageObject\",\"inLanguage\":\"es\",\"@id\":\"https:\\\/\\\/noticiasmercedinas.com\\\/site\\\/#\\\/schema\\\/logo\\\/image\\\/\",\"url\":\"https:\\\/\\\/noticiasmercedinas.com\\\/site\\\/wp-content\\\/uploads\\\/2020\\\/06\\\/LOGO-512.jpg\",\"contentUrl\":\"https:\\\/\\\/noticiasmercedinas.com\\\/site\\\/wp-content\\\/uploads\\\/2020\\\/06\\\/LOGO-512.jpg\",\"width\":512,\"height\":512,\"caption\":\"NOTICIASMERCEDINAS.COM\"},\"image\":{\"@id\":\"https:\\\/\\\/noticiasmercedinas.com\\\/site\\\/#\\\/schema\\\/logo\\\/image\\\/\"},\"sameAs\":[\"https:\\\/\\\/www.facebook.com\\\/noticiasmercedinas\\\/\",\"https:\\\/\\\/x.com\\\/notmercedinas\",\"https:\\\/\\\/www.instagram.com\\\/noticiasmercedinas\\\/\"]},{\"@type\":\"Person\",\"@id\":\"https:\\\/\\\/noticiasmercedinas.com\\\/site\\\/#\\\/schema\\\/person\\\/84b59c099c28ff2e8b77d4ceec5d8063\",\"name\":\"NOTICIASMERCEDINAS.COM\",\"image\":{\"@type\":\"ImageObject\",\"inLanguage\":\"es\",\"@id\":\"https:\\\/\\\/secure.gravatar.com\\\/avatar\\\/4dfbf16b4d17945bfb6341b2d19043457132fcf478a5ee04f42e959fd8f5df0a?s=96&d=mm&r=g\",\"url\":\"https:\\\/\\\/secure.gravatar.com\\\/avatar\\\/4dfbf16b4d17945bfb6341b2d19043457132fcf478a5ee04f42e959fd8f5df0a?s=96&d=mm&r=g\",\"contentUrl\":\"https:\\\/\\\/secure.gravatar.com\\\/avatar\\\/4dfbf16b4d17945bfb6341b2d19043457132fcf478a5ee04f42e959fd8f5df0a?s=96&d=mm&r=g\",\"caption\":\"NOTICIASMERCEDINAS.COM\"},\"url\":\"https:\\\/\\\/noticiasmercedinas.com\\\/site\\\/author\\\/anonimo\\\/\"}]}<\/script>\n<!-- \/ Yoast SEO plugin. -->","yoast_head_json":{"title":"Mateo Marenco ser\u00e1 parte en Bangladesh de la final mundial de programaci\u00f3n","robots":{"index":"index","follow":"follow","max-snippet":"max-snippet:-1","max-image-preview":"max-image-preview:large","max-video-preview":"max-video-preview:-1"},"canonical":"https:\/\/noticiasmercedinas.com\/site\/2022\/11\/06\/mateo-marenco-sera-parte-en-bangladesh-de-la-final-mundial-de-programacion\/","og_locale":"es_ES","og_type":"article","og_title":"Mateo Marenco ser\u00e1 parte en Bangladesh de la final mundial de programaci\u00f3n","og_description":"\u25a0 Llega en un equipo de programaci\u00f3n competitiva de la Facultad de Ciencias Exactas y Naturales de la UBA. Las actividades se desarrollar\u00e1n del 6 al 11 de noviembre en Dhaka.","og_url":"https:\/\/noticiasmercedinas.com\/site\/2022\/11\/06\/mateo-marenco-sera-parte-en-bangladesh-de-la-final-mundial-de-programacion\/","og_site_name":"NOTICIASMERCEDINAS.COM","article_publisher":"https:\/\/www.facebook.com\/noticiasmercedinas\/","article_published_time":"2022-11-07T02:19:04+00:00","article_modified_time":"2022-11-07T02:21:42+00:00","og_image":[{"width":640,"height":478,"url":"https:\/\/noticiasmercedinas.com\/site\/wp-content\/uploads\/2022\/11\/bangladesh.jpg","type":"image\/jpeg"}],"author":"NOTICIASMERCEDINAS.COM","twitter_card":"summary_large_image","twitter_creator":"@notmercedinas","twitter_site":"@notmercedinas","twitter_misc":{"Escrito por":"NOTICIASMERCEDINAS.COM","Tiempo de lectura":"3 minutos"},"schema":{"@context":"https:\/\/schema.org","@graph":[{"@type":"Article","@id":"https:\/\/noticiasmercedinas.com\/site\/2022\/11\/06\/mateo-marenco-sera-parte-en-bangladesh-de-la-final-mundial-de-programacion\/#article","isPartOf":{"@id":"https:\/\/noticiasmercedinas.com\/site\/2022\/11\/06\/mateo-marenco-sera-parte-en-bangladesh-de-la-final-mundial-de-programacion\/"},"author":{"name":"NOTICIASMERCEDINAS.COM","@id":"https:\/\/noticiasmercedinas.com\/site\/#\/schema\/person\/84b59c099c28ff2e8b77d4ceec5d8063"},"headline":"Mateo Marenco ser\u00e1 parte en Bangladesh de la final mundial de programaci\u00f3n","datePublished":"2022-11-07T02:19:04+00:00","dateModified":"2022-11-07T02:21:42+00:00","mainEntityOfPage":{"@id":"https:\/\/noticiasmercedinas.com\/site\/2022\/11\/06\/mateo-marenco-sera-parte-en-bangladesh-de-la-final-mundial-de-programacion\/"},"wordCount":509,"commentCount":0,"publisher":{"@id":"https:\/\/noticiasmercedinas.com\/site\/#organization"},"image":{"@id":"https:\/\/noticiasmercedinas.com\/site\/2022\/11\/06\/mateo-marenco-sera-parte-en-bangladesh-de-la-final-mundial-de-programacion\/#primaryimage"},"thumbnailUrl":"https:\/\/noticiasmercedinas.com\/site\/wp-content\/uploads\/2022\/11\/bangladesh.jpg","keywords":["Bangladesh","Eugenio Borghini","International Collegiate Programming Contest","Julian Braier","Marcos Blufstein","Mateo Marenco","programaci\u00f3n"],"articleSection":["Sociedad"],"inLanguage":"es","potentialAction":[{"@type":"CommentAction","name":"Comment","target":["https:\/\/noticiasmercedinas.com\/site\/2022\/11\/06\/mateo-marenco-sera-parte-en-bangladesh-de-la-final-mundial-de-programacion\/#respond"]}]},{"@type":"WebPage","@id":"https:\/\/noticiasmercedinas.com\/site\/2022\/11\/06\/mateo-marenco-sera-parte-en-bangladesh-de-la-final-mundial-de-programacion\/","url":"https:\/\/noticiasmercedinas.com\/site\/2022\/11\/06\/mateo-marenco-sera-parte-en-bangladesh-de-la-final-mundial-de-programacion\/","name":"Mateo Marenco ser\u00e1 parte en Bangladesh de la final mundial de programaci\u00f3n","isPartOf":{"@id":"https:\/\/noticiasmercedinas.com\/site\/#website"},"primaryImageOfPage":{"@id":"https:\/\/noticiasmercedinas.com\/site\/2022\/11\/06\/mateo-marenco-sera-parte-en-bangladesh-de-la-final-mundial-de-programacion\/#primaryimage"},"image":{"@id":"https:\/\/noticiasmercedinas.com\/site\/2022\/11\/06\/mateo-marenco-sera-parte-en-bangladesh-de-la-final-mundial-de-programacion\/#primaryimage"},"thumbnailUrl":"https:\/\/noticiasmercedinas.com\/site\/wp-content\/uploads\/2022\/11\/bangladesh.jpg","datePublished":"2022-11-07T02:19:04+00:00","dateModified":"2022-11-07T02:21:42+00:00","breadcrumb":{"@id":"https:\/\/noticiasmercedinas.com\/site\/2022\/11\/06\/mateo-marenco-sera-parte-en-bangladesh-de-la-final-mundial-de-programacion\/#breadcrumb"},"inLanguage":"es","potentialAction":[{"@type":"ReadAction","target":["https:\/\/noticiasmercedinas.com\/site\/2022\/11\/06\/mateo-marenco-sera-parte-en-bangladesh-de-la-final-mundial-de-programacion\/"]}]},{"@type":"ImageObject","inLanguage":"es","@id":"https:\/\/noticiasmercedinas.com\/site\/2022\/11\/06\/mateo-marenco-sera-parte-en-bangladesh-de-la-final-mundial-de-programacion\/#primaryimage","url":"https:\/\/noticiasmercedinas.com\/site\/wp-content\/uploads\/2022\/11\/bangladesh.jpg","contentUrl":"https:\/\/noticiasmercedinas.com\/site\/wp-content\/uploads\/2022\/11\/bangladesh.jpg","width":640,"height":478},{"@type":"BreadcrumbList","@id":"https:\/\/noticiasmercedinas.com\/site\/2022\/11\/06\/mateo-marenco-sera-parte-en-bangladesh-de-la-final-mundial-de-programacion\/#breadcrumb","itemListElement":[{"@type":"ListItem","position":1,"name":"Portada","item":"https:\/\/noticiasmercedinas.com\/site\/"},{"@type":"ListItem","position":2,"name":"Mateo Marenco ser\u00e1 parte en Bangladesh de la final mundial de programaci\u00f3n"}]},{"@type":"WebSite","@id":"https:\/\/noticiasmercedinas.com\/site\/#website","url":"https:\/\/noticiasmercedinas.com\/site\/","name":"NOTICIASMERCEDINAS.COM","description":"Mercedes, Buenos Aires, Argentina","publisher":{"@id":"https:\/\/noticiasmercedinas.com\/site\/#organization"},"potentialAction":[{"@type":"SearchAction","target":{"@type":"EntryPoint","urlTemplate":"https:\/\/noticiasmercedinas.com\/site\/?s={search_term_string}"},"query-input":{"@type":"PropertyValueSpecification","valueRequired":true,"valueName":"search_term_string"}}],"inLanguage":"es"},{"@type":"Organization","@id":"https:\/\/noticiasmercedinas.com\/site\/#organization","name":"NOTICIASMERCEDINAS.COM","url":"https:\/\/noticiasmercedinas.com\/site\/","logo":{"@type":"ImageObject","inLanguage":"es","@id":"https:\/\/noticiasmercedinas.com\/site\/#\/schema\/logo\/image\/","url":"https:\/\/noticiasmercedinas.com\/site\/wp-content\/uploads\/2020\/06\/LOGO-512.jpg","contentUrl":"https:\/\/noticiasmercedinas.com\/site\/wp-content\/uploads\/2020\/06\/LOGO-512.jpg","width":512,"height":512,"caption":"NOTICIASMERCEDINAS.COM"},"image":{"@id":"https:\/\/noticiasmercedinas.com\/site\/#\/schema\/logo\/image\/"},"sameAs":["https:\/\/www.facebook.com\/noticiasmercedinas\/","https:\/\/x.com\/notmercedinas","https:\/\/www.instagram.com\/noticiasmercedinas\/"]},{"@type":"Person","@id":"https:\/\/noticiasmercedinas.com\/site\/#\/schema\/person\/84b59c099c28ff2e8b77d4ceec5d8063","name":"NOTICIASMERCEDINAS.COM","image":{"@type":"ImageObject","inLanguage":"es","@id":"https:\/\/secure.gravatar.com\/avatar\/4dfbf16b4d17945bfb6341b2d19043457132fcf478a5ee04f42e959fd8f5df0a?s=96&d=mm&r=g","url":"https:\/\/secure.gravatar.com\/avatar\/4dfbf16b4d17945bfb6341b2d19043457132fcf478a5ee04f42e959fd8f5df0a?s=96&d=mm&r=g","contentUrl":"https:\/\/secure.gravatar.com\/avatar\/4dfbf16b4d17945bfb6341b2d19043457132fcf478a5ee04f42e959fd8f5df0a?s=96&d=mm&r=g","caption":"NOTICIASMERCEDINAS.COM"},"url":"https:\/\/noticiasmercedinas.com\/site\/author\/anonimo\/"}]}},"amp_enabled":true,"_links":{"self":[{"href":"https:\/\/noticiasmercedinas.com\/site\/wp-json\/wp\/v2\/posts\/103728","targetHints":{"allow":["GET"]}}],"collection":[{"href":"https:\/\/noticiasmercedinas.com\/site\/wp-json\/wp\/v2\/posts"}],"about":[{"href":"https:\/\/noticiasmercedinas.com\/site\/wp-json\/wp\/v2\/types\/post"}],"author":[{"embeddable":true,"href":"https:\/\/noticiasmercedinas.com\/site\/wp-json\/wp\/v2\/users\/16"}],"replies":[{"embeddable":true,"href":"https:\/\/noticiasmercedinas.com\/site\/wp-json\/wp\/v2\/comments?post=103728"}],"version-history":[{"count":3,"href":"https:\/\/noticiasmercedinas.com\/site\/wp-json\/wp\/v2\/posts\/103728\/revisions"}],"predecessor-version":[{"id":103734,"href":"https:\/\/noticiasmercedinas.com\/site\/wp-json\/wp\/v2\/posts\/103728\/revisions\/103734"}],"wp:featuredmedia":[{"embeddable":true,"href":"https:\/\/noticiasmercedinas.com\/site\/wp-json\/wp\/v2\/media\/103729"}],"wp:attachment":[{"href":"https:\/\/noticiasmercedinas.com\/site\/wp-json\/wp\/v2\/media?parent=103728"}],"wp:term":[{"taxonomy":"category","embeddable":true,"href":"https:\/\/noticiasmercedinas.com\/site\/wp-json\/wp\/v2\/categories?post=103728"},{"taxonomy":"post_tag","embeddable":true,"href":"https:\/\/noticiasmercedinas.com\/site\/wp-json\/wp\/v2\/tags?post=103728"}],"curies":[{"name":"wp","href":"https:\/\/api.w.org\/{rel}","templated":true}]}}