{"id":10376,"date":"2019-01-08T17:29:02","date_gmt":"2019-01-08T20:29:02","guid":{"rendered":"https:\/\/noticiasmercedinas.com\/site\/?p=10376"},"modified":"2019-01-08T17:29:02","modified_gmt":"2019-01-08T20:29:02","slug":"piden-a-vecinos-de-localidades-que-se-re-empadronen-en-las-cabinas-de-peaje-olivera","status":"publish","type":"post","link":"https:\/\/noticiasmercedinas.com\/site\/2019\/01\/08\/piden-a-vecinos-de-localidades-que-se-re-empadronen-en-las-cabinas-de-peaje-olivera\/","title":{"rendered":"Piden a vecinos de localidades que se re empadronen en las cabinas de peaje Olivera"},"content":{"rendered":"<p><img loading=\"lazy\" decoding=\"async\" class=\"alignnone size-full wp-image-22\" src=\"https:\/\/noticiasmercedinas.com\/site\/wp-content\/uploads\/2018\/08\/aidalaportaDSC08852.jpg\" alt=\"\" width=\"512\" height=\"321\" srcset=\"https:\/\/noticiasmercedinas.com\/site\/wp-content\/uploads\/2018\/08\/aidalaportaDSC08852.jpg 512w, https:\/\/noticiasmercedinas.com\/site\/wp-content\/uploads\/2018\/08\/aidalaportaDSC08852-300x188.jpg 300w\" sizes=\"auto, (max-width: 512px) 100vw, 512px\" \/><\/p>\n<p>La concejala <strong>A\u00edda Laporta<\/strong>, del Frente Cambiemos, fue parte de la <a href=\"https:\/\/noticiasmercedinas.com\/site\/2019\/01\/07\/peaje-olivera-mercedinos-fueron-recibidos-en-vialidad-nacional\/\"><span style=\"background-color: #99cc00;\"><strong>reuni\u00f3n que se llev\u00f3 a cabo ayer<\/strong><\/span><\/a> en Vialidad Nacional en relaci\u00f3n a la situaci\u00f3n que se da con las nuevas reglas para el pago de peaje en las cabinas de Olivera, preocupada sobre todo por los vecinos de las localidades que son del partido de Mercedes y est\u00e1n a la vera del corredor de la Ruta Nacional 5, por la afectaci\u00f3n que sufren. En este sentido, pidi\u00f3 que se re empadronen y asegur\u00f3 que funcionarios vendr\u00e1n a la ciudad breve para evaluar el caso.<\/p>\n<p>\u201cSe hace un planteo general pero yo ped\u00ed encarecidamente por los vecinos de Goldney, Gowland, Agote y Altamira, deben tener una consideraci\u00f3n especial porque est\u00e1n atrapados por el corredor. Dijeron que iban a tener muy en cuenta este pedido, pero piden por favor que se re empadronen. De 12 mil obleas hay re empadronadas s\u00f3lo 1200. Por eso pedimos encarecidamente que se re empadronen\u201d, afirm\u00f3.<\/p>\n<p>\u201cDeben presentar todos los datos, constatar que son vecinos de Agote, Gowland, Altamira o Goldney. Sobre todo ellos deben re empadronarse. Los van atener en cuenta\u201d, indic\u00f3 Laporta.<\/p>\n<p>\u201cGoldney est\u00e1 muy atrapado. Los vecinos del barrio Los Molinos de Gowland no tienen alternativa. No hay caminos alternativos y por eso el reclamo\u201d, dijo Laporta.<\/p>\n<p>\u201cEl puente que hab\u00eda est\u00e1 destruido. Adem\u00e1s de reclamar por eso pedimos por la iluminaci\u00f3n del puente peatonal que esta a un kil\u00f3metro del peaje, y lo mismo por la falta de luz en el by pass Luj\u00e1n. La semana pr\u00f3xima vendr\u00e1n Pilar Molina y Patricio Smith, los funcionarios que nos recibieron en Vialidad, a evaluar la situaci\u00f3n\u201d, divulg\u00f3<\/p>\n","protected":false},"excerpt":{"rendered":"<p>La concejala A\u00edda Laporta, del Frente Cambiemos, fue parte de la reuni\u00f3n que se llev\u00f3 a cabo ayer en Vialidad Nacional en relaci\u00f3n a la situaci\u00f3n que se da con las nuevas reglas para el pago de peaje en las cabinas de Olivera, preocupada sobre todo por los vecinos de las localidades que son del [&hellip;]<\/p>\n","protected":false},"author":2,"featured_media":22,"comment_status":"open","ping_status":"open","sticky":false,"template":"","format":"standard","meta":{"footnotes":""},"categories":[3],"tags":[104,549,2553,981,697,829,1774,665,667],"class_list":["post-10376","post","type-post","status-publish","format-standard","has-post-thumbnail","hentry","category-sociedad","tag-agote","tag-aida-laporta","tag-altamira","tag-frente-cambiemos","tag-goldney","tag-gowland","tag-peaje","tag-ruta-5","tag-vialidad-nacional"],"yoast_head":"<!-- This site is optimized with the Yoast SEO plugin v27.5 - https:\/\/yoast.com\/product\/yoast-seo-wordpress\/ -->\n<title>Piden a vecinos de localidades que se re empadronen en las cabinas de peaje Olivera<\/title>\n<meta name=\"robots\" content=\"index, follow, max-snippet:-1, max-image-preview:large, max-video-preview:-1\" \/>\n<link rel=\"canonical\" href=\"https:\/\/noticiasmercedinas.com\/site\/2019\/01\/08\/piden-a-vecinos-de-localidades-que-se-re-empadronen-en-las-cabinas-de-peaje-olivera\/\" \/>\n<meta property=\"og:locale\" content=\"es_ES\" \/>\n<meta property=\"og:type\" content=\"article\" \/>\n<meta property=\"og:title\" content=\"Piden a vecinos de localidades que se re empadronen en las cabinas de peaje Olivera\" \/>\n<meta property=\"og:description\" content=\"La concejala A\u00edda Laporta, del Frente Cambiemos, fue parte de la reuni\u00f3n que se llev\u00f3 a cabo ayer en Vialidad Nacional en relaci\u00f3n a la situaci\u00f3n que se da con las nuevas reglas para el pago de peaje en las cabinas de Olivera, preocupada sobre todo por los vecinos de las localidades que son del [&hellip;]\" \/>\n<meta property=\"og:url\" content=\"https:\/\/noticiasmercedinas.com\/site\/2019\/01\/08\/piden-a-vecinos-de-localidades-que-se-re-empadronen-en-las-cabinas-de-peaje-olivera\/\" \/>\n<meta property=\"og:site_name\" content=\"NOTICIASMERCEDINAS.COM\" \/>\n<meta property=\"article:publisher\" content=\"https:\/\/www.facebook.com\/noticiasmercedinas\/\" \/>\n<meta property=\"article:author\" content=\"https:\/\/www.facebook.com\/cristian.falabella\" \/>\n<meta property=\"article:published_time\" content=\"2019-01-08T20:29:02+00:00\" \/>\n<meta property=\"og:image\" content=\"https:\/\/noticiasmercedinas.com\/site\/wp-content\/uploads\/2018\/08\/aidalaportaDSC08852.jpg\" \/>\n\t<meta property=\"og:image:width\" content=\"512\" \/>\n\t<meta property=\"og:image:height\" content=\"321\" \/>\n\t<meta property=\"og:image:type\" content=\"image\/jpeg\" \/>\n<meta name=\"author\" content=\"Cristian Falabella NOTICIASMERCEDINAS.COM\" \/>\n<meta name=\"twitter:card\" content=\"summary_large_image\" \/>\n<meta name=\"twitter:creator\" content=\"@https:\/\/twitter.com\/NOTMERCEDINAS\" \/>\n<meta name=\"twitter:site\" content=\"@notmercedinas\" \/>\n<meta name=\"twitter:label1\" content=\"Escrito por\" \/>\n\t<meta name=\"twitter:data1\" content=\"Cristian Falabella NOTICIASMERCEDINAS.COM\" \/>\n\t<meta name=\"twitter:label2\" content=\"Tiempo de lectura\" \/>\n\t<meta name=\"twitter:data2\" content=\"1 minuto\" \/>\n<script type=\"application\/ld+json\" class=\"yoast-schema-graph\">{\"@context\":\"https:\\\/\\\/schema.org\",\"@graph\":[{\"@type\":\"Article\",\"@id\":\"https:\\\/\\\/noticiasmercedinas.com\\\/site\\\/2019\\\/01\\\/08\\\/piden-a-vecinos-de-localidades-que-se-re-empadronen-en-las-cabinas-de-peaje-olivera\\\/#article\",\"isPartOf\":{\"@id\":\"https:\\\/\\\/noticiasmercedinas.com\\\/site\\\/2019\\\/01\\\/08\\\/piden-a-vecinos-de-localidades-que-se-re-empadronen-en-las-cabinas-de-peaje-olivera\\\/\"},\"author\":{\"name\":\"Cristian Falabella NOTICIASMERCEDINAS.COM\",\"@id\":\"https:\\\/\\\/noticiasmercedinas.com\\\/site\\\/#\\\/schema\\\/person\\\/d481a9696a5feaec13a60e2bbd991a6a\"},\"headline\":\"Piden a vecinos de localidades que se re empadronen en las cabinas de peaje Olivera\",\"datePublished\":\"2019-01-08T20:29:02+00:00\",\"mainEntityOfPage\":{\"@id\":\"https:\\\/\\\/noticiasmercedinas.com\\\/site\\\/2019\\\/01\\\/08\\\/piden-a-vecinos-de-localidades-que-se-re-empadronen-en-las-cabinas-de-peaje-olivera\\\/\"},\"wordCount\":304,\"commentCount\":0,\"publisher\":{\"@id\":\"https:\\\/\\\/noticiasmercedinas.com\\\/site\\\/#organization\"},\"image\":{\"@id\":\"https:\\\/\\\/noticiasmercedinas.com\\\/site\\\/2019\\\/01\\\/08\\\/piden-a-vecinos-de-localidades-que-se-re-empadronen-en-las-cabinas-de-peaje-olivera\\\/#primaryimage\"},\"thumbnailUrl\":\"https:\\\/\\\/noticiasmercedinas.com\\\/site\\\/wp-content\\\/uploads\\\/2018\\\/08\\\/aidalaportaDSC08852.jpg\",\"keywords\":[\"agote\",\"aida laporta\",\"altamira\",\"frente cambiemos\",\"goldney\",\"gowland\",\"peaje\",\"ruta 5\",\"vialidad nacional\"],\"articleSection\":[\"Sociedad\"],\"inLanguage\":\"es\",\"potentialAction\":[{\"@type\":\"CommentAction\",\"name\":\"Comment\",\"target\":[\"https:\\\/\\\/noticiasmercedinas.com\\\/site\\\/2019\\\/01\\\/08\\\/piden-a-vecinos-de-localidades-que-se-re-empadronen-en-las-cabinas-de-peaje-olivera\\\/#respond\"]}]},{\"@type\":\"WebPage\",\"@id\":\"https:\\\/\\\/noticiasmercedinas.com\\\/site\\\/2019\\\/01\\\/08\\\/piden-a-vecinos-de-localidades-que-se-re-empadronen-en-las-cabinas-de-peaje-olivera\\\/\",\"url\":\"https:\\\/\\\/noticiasmercedinas.com\\\/site\\\/2019\\\/01\\\/08\\\/piden-a-vecinos-de-localidades-que-se-re-empadronen-en-las-cabinas-de-peaje-olivera\\\/\",\"name\":\"Piden a vecinos de localidades que se re empadronen en las cabinas de peaje Olivera\",\"isPartOf\":{\"@id\":\"https:\\\/\\\/noticiasmercedinas.com\\\/site\\\/#website\"},\"primaryImageOfPage\":{\"@id\":\"https:\\\/\\\/noticiasmercedinas.com\\\/site\\\/2019\\\/01\\\/08\\\/piden-a-vecinos-de-localidades-que-se-re-empadronen-en-las-cabinas-de-peaje-olivera\\\/#primaryimage\"},\"image\":{\"@id\":\"https:\\\/\\\/noticiasmercedinas.com\\\/site\\\/2019\\\/01\\\/08\\\/piden-a-vecinos-de-localidades-que-se-re-empadronen-en-las-cabinas-de-peaje-olivera\\\/#primaryimage\"},\"thumbnailUrl\":\"https:\\\/\\\/noticiasmercedinas.com\\\/site\\\/wp-content\\\/uploads\\\/2018\\\/08\\\/aidalaportaDSC08852.jpg\",\"datePublished\":\"2019-01-08T20:29:02+00:00\",\"breadcrumb\":{\"@id\":\"https:\\\/\\\/noticiasmercedinas.com\\\/site\\\/2019\\\/01\\\/08\\\/piden-a-vecinos-de-localidades-que-se-re-empadronen-en-las-cabinas-de-peaje-olivera\\\/#breadcrumb\"},\"inLanguage\":\"es\",\"potentialAction\":[{\"@type\":\"ReadAction\",\"target\":[\"https:\\\/\\\/noticiasmercedinas.com\\\/site\\\/2019\\\/01\\\/08\\\/piden-a-vecinos-de-localidades-que-se-re-empadronen-en-las-cabinas-de-peaje-olivera\\\/\"]}]},{\"@type\":\"ImageObject\",\"inLanguage\":\"es\",\"@id\":\"https:\\\/\\\/noticiasmercedinas.com\\\/site\\\/2019\\\/01\\\/08\\\/piden-a-vecinos-de-localidades-que-se-re-empadronen-en-las-cabinas-de-peaje-olivera\\\/#primaryimage\",\"url\":\"https:\\\/\\\/noticiasmercedinas.com\\\/site\\\/wp-content\\\/uploads\\\/2018\\\/08\\\/aidalaportaDSC08852.jpg\",\"contentUrl\":\"https:\\\/\\\/noticiasmercedinas.com\\\/site\\\/wp-content\\\/uploads\\\/2018\\\/08\\\/aidalaportaDSC08852.jpg\",\"width\":512,\"height\":321},{\"@type\":\"BreadcrumbList\",\"@id\":\"https:\\\/\\\/noticiasmercedinas.com\\\/site\\\/2019\\\/01\\\/08\\\/piden-a-vecinos-de-localidades-que-se-re-empadronen-en-las-cabinas-de-peaje-olivera\\\/#breadcrumb\",\"itemListElement\":[{\"@type\":\"ListItem\",\"position\":1,\"name\":\"Portada\",\"item\":\"https:\\\/\\\/noticiasmercedinas.com\\\/site\\\/\"},{\"@type\":\"ListItem\",\"position\":2,\"name\":\"Piden a vecinos de localidades que se re empadronen en las cabinas de peaje Olivera\"}]},{\"@type\":\"WebSite\",\"@id\":\"https:\\\/\\\/noticiasmercedinas.com\\\/site\\\/#website\",\"url\":\"https:\\\/\\\/noticiasmercedinas.com\\\/site\\\/\",\"name\":\"NOTICIASMERCEDINAS.COM\",\"description\":\"Mercedes, Buenos Aires, Argentina\",\"publisher\":{\"@id\":\"https:\\\/\\\/noticiasmercedinas.com\\\/site\\\/#organization\"},\"potentialAction\":[{\"@type\":\"SearchAction\",\"target\":{\"@type\":\"EntryPoint\",\"urlTemplate\":\"https:\\\/\\\/noticiasmercedinas.com\\\/site\\\/?s={search_term_string}\"},\"query-input\":{\"@type\":\"PropertyValueSpecification\",\"valueRequired\":true,\"valueName\":\"search_term_string\"}}],\"inLanguage\":\"es\"},{\"@type\":\"Organization\",\"@id\":\"https:\\\/\\\/noticiasmercedinas.com\\\/site\\\/#organization\",\"name\":\"NOTICIASMERCEDINAS.COM\",\"url\":\"https:\\\/\\\/noticiasmercedinas.com\\\/site\\\/\",\"logo\":{\"@type\":\"ImageObject\",\"inLanguage\":\"es\",\"@id\":\"https:\\\/\\\/noticiasmercedinas.com\\\/site\\\/#\\\/schema\\\/logo\\\/image\\\/\",\"url\":\"https:\\\/\\\/noticiasmercedinas.com\\\/site\\\/wp-content\\\/uploads\\\/2020\\\/06\\\/LOGO-512.jpg\",\"contentUrl\":\"https:\\\/\\\/noticiasmercedinas.com\\\/site\\\/wp-content\\\/uploads\\\/2020\\\/06\\\/LOGO-512.jpg\",\"width\":512,\"height\":512,\"caption\":\"NOTICIASMERCEDINAS.COM\"},\"image\":{\"@id\":\"https:\\\/\\\/noticiasmercedinas.com\\\/site\\\/#\\\/schema\\\/logo\\\/image\\\/\"},\"sameAs\":[\"https:\\\/\\\/www.facebook.com\\\/noticiasmercedinas\\\/\",\"https:\\\/\\\/x.com\\\/notmercedinas\",\"https:\\\/\\\/www.instagram.com\\\/noticiasmercedinas\\\/\"]},{\"@type\":\"Person\",\"@id\":\"https:\\\/\\\/noticiasmercedinas.com\\\/site\\\/#\\\/schema\\\/person\\\/d481a9696a5feaec13a60e2bbd991a6a\",\"name\":\"Cristian Falabella NOTICIASMERCEDINAS.COM\",\"image\":{\"@type\":\"ImageObject\",\"inLanguage\":\"es\",\"@id\":\"https:\\\/\\\/secure.gravatar.com\\\/avatar\\\/0dbbfc45970cc46bcd0e57766228574ff3511d6eed045b182f536f0f478c1f06?s=96&d=mm&r=g\",\"url\":\"https:\\\/\\\/secure.gravatar.com\\\/avatar\\\/0dbbfc45970cc46bcd0e57766228574ff3511d6eed045b182f536f0f478c1f06?s=96&d=mm&r=g\",\"contentUrl\":\"https:\\\/\\\/secure.gravatar.com\\\/avatar\\\/0dbbfc45970cc46bcd0e57766228574ff3511d6eed045b182f536f0f478c1f06?s=96&d=mm&r=g\",\"caption\":\"Cristian Falabella NOTICIASMERCEDINAS.COM\"},\"description\":\"Periodista, editor de Noticias Mercedinas. Pas\u00f3 por varias redacciones y emprendimientos de prensa, en distintos formatos y \u00e9pocas. Se especializ\u00f3 --y sigue haci\u00e9ndolo-- en comunicaci\u00f3n en la web y en junio de 2006 fund\u00f3 este diario digital.\",\"sameAs\":[\"https:\\\/\\\/noticiasmercedinas.com\",\"https:\\\/\\\/www.facebook.com\\\/cristian.falabella\",\"https:\\\/\\\/www.instagram.com\\\/noticiasmercedinas\\\/\",\"https:\\\/\\\/x.com\\\/https:\\\/\\\/twitter.com\\\/NOTMERCEDINAS\"],\"url\":\"https:\\\/\\\/noticiasmercedinas.com\\\/site\\\/author\\\/as000384\\\/\"}]}<\/script>\n<!-- \/ Yoast SEO plugin. -->","yoast_head_json":{"title":"Piden a vecinos de localidades que se re empadronen en las cabinas de peaje Olivera","robots":{"index":"index","follow":"follow","max-snippet":"max-snippet:-1","max-image-preview":"max-image-preview:large","max-video-preview":"max-video-preview:-1"},"canonical":"https:\/\/noticiasmercedinas.com\/site\/2019\/01\/08\/piden-a-vecinos-de-localidades-que-se-re-empadronen-en-las-cabinas-de-peaje-olivera\/","og_locale":"es_ES","og_type":"article","og_title":"Piden a vecinos de localidades que se re empadronen en las cabinas de peaje Olivera","og_description":"La concejala A\u00edda Laporta, del Frente Cambiemos, fue parte de la reuni\u00f3n que se llev\u00f3 a cabo ayer en Vialidad Nacional en relaci\u00f3n a la situaci\u00f3n que se da con las nuevas reglas para el pago de peaje en las cabinas de Olivera, preocupada sobre todo por los vecinos de las localidades que son del [&hellip;]","og_url":"https:\/\/noticiasmercedinas.com\/site\/2019\/01\/08\/piden-a-vecinos-de-localidades-que-se-re-empadronen-en-las-cabinas-de-peaje-olivera\/","og_site_name":"NOTICIASMERCEDINAS.COM","article_publisher":"https:\/\/www.facebook.com\/noticiasmercedinas\/","article_author":"https:\/\/www.facebook.com\/cristian.falabella","article_published_time":"2019-01-08T20:29:02+00:00","og_image":[{"width":512,"height":321,"url":"https:\/\/noticiasmercedinas.com\/site\/wp-content\/uploads\/2018\/08\/aidalaportaDSC08852.jpg","type":"image\/jpeg"}],"author":"Cristian Falabella NOTICIASMERCEDINAS.COM","twitter_card":"summary_large_image","twitter_creator":"@https:\/\/twitter.com\/NOTMERCEDINAS","twitter_site":"@notmercedinas","twitter_misc":{"Escrito por":"Cristian Falabella NOTICIASMERCEDINAS.COM","Tiempo de lectura":"1 minuto"},"schema":{"@context":"https:\/\/schema.org","@graph":[{"@type":"Article","@id":"https:\/\/noticiasmercedinas.com\/site\/2019\/01\/08\/piden-a-vecinos-de-localidades-que-se-re-empadronen-en-las-cabinas-de-peaje-olivera\/#article","isPartOf":{"@id":"https:\/\/noticiasmercedinas.com\/site\/2019\/01\/08\/piden-a-vecinos-de-localidades-que-se-re-empadronen-en-las-cabinas-de-peaje-olivera\/"},"author":{"name":"Cristian Falabella NOTICIASMERCEDINAS.COM","@id":"https:\/\/noticiasmercedinas.com\/site\/#\/schema\/person\/d481a9696a5feaec13a60e2bbd991a6a"},"headline":"Piden a vecinos de localidades que se re empadronen en las cabinas de peaje Olivera","datePublished":"2019-01-08T20:29:02+00:00","mainEntityOfPage":{"@id":"https:\/\/noticiasmercedinas.com\/site\/2019\/01\/08\/piden-a-vecinos-de-localidades-que-se-re-empadronen-en-las-cabinas-de-peaje-olivera\/"},"wordCount":304,"commentCount":0,"publisher":{"@id":"https:\/\/noticiasmercedinas.com\/site\/#organization"},"image":{"@id":"https:\/\/noticiasmercedinas.com\/site\/2019\/01\/08\/piden-a-vecinos-de-localidades-que-se-re-empadronen-en-las-cabinas-de-peaje-olivera\/#primaryimage"},"thumbnailUrl":"https:\/\/noticiasmercedinas.com\/site\/wp-content\/uploads\/2018\/08\/aidalaportaDSC08852.jpg","keywords":["agote","aida laporta","altamira","frente cambiemos","goldney","gowland","peaje","ruta 5","vialidad nacional"],"articleSection":["Sociedad"],"inLanguage":"es","potentialAction":[{"@type":"CommentAction","name":"Comment","target":["https:\/\/noticiasmercedinas.com\/site\/2019\/01\/08\/piden-a-vecinos-de-localidades-que-se-re-empadronen-en-las-cabinas-de-peaje-olivera\/#respond"]}]},{"@type":"WebPage","@id":"https:\/\/noticiasmercedinas.com\/site\/2019\/01\/08\/piden-a-vecinos-de-localidades-que-se-re-empadronen-en-las-cabinas-de-peaje-olivera\/","url":"https:\/\/noticiasmercedinas.com\/site\/2019\/01\/08\/piden-a-vecinos-de-localidades-que-se-re-empadronen-en-las-cabinas-de-peaje-olivera\/","name":"Piden a vecinos de localidades que se re empadronen en las cabinas de peaje Olivera","isPartOf":{"@id":"https:\/\/noticiasmercedinas.com\/site\/#website"},"primaryImageOfPage":{"@id":"https:\/\/noticiasmercedinas.com\/site\/2019\/01\/08\/piden-a-vecinos-de-localidades-que-se-re-empadronen-en-las-cabinas-de-peaje-olivera\/#primaryimage"},"image":{"@id":"https:\/\/noticiasmercedinas.com\/site\/2019\/01\/08\/piden-a-vecinos-de-localidades-que-se-re-empadronen-en-las-cabinas-de-peaje-olivera\/#primaryimage"},"thumbnailUrl":"https:\/\/noticiasmercedinas.com\/site\/wp-content\/uploads\/2018\/08\/aidalaportaDSC08852.jpg","datePublished":"2019-01-08T20:29:02+00:00","breadcrumb":{"@id":"https:\/\/noticiasmercedinas.com\/site\/2019\/01\/08\/piden-a-vecinos-de-localidades-que-se-re-empadronen-en-las-cabinas-de-peaje-olivera\/#breadcrumb"},"inLanguage":"es","potentialAction":[{"@type":"ReadAction","target":["https:\/\/noticiasmercedinas.com\/site\/2019\/01\/08\/piden-a-vecinos-de-localidades-que-se-re-empadronen-en-las-cabinas-de-peaje-olivera\/"]}]},{"@type":"ImageObject","inLanguage":"es","@id":"https:\/\/noticiasmercedinas.com\/site\/2019\/01\/08\/piden-a-vecinos-de-localidades-que-se-re-empadronen-en-las-cabinas-de-peaje-olivera\/#primaryimage","url":"https:\/\/noticiasmercedinas.com\/site\/wp-content\/uploads\/2018\/08\/aidalaportaDSC08852.jpg","contentUrl":"https:\/\/noticiasmercedinas.com\/site\/wp-content\/uploads\/2018\/08\/aidalaportaDSC08852.jpg","width":512,"height":321},{"@type":"BreadcrumbList","@id":"https:\/\/noticiasmercedinas.com\/site\/2019\/01\/08\/piden-a-vecinos-de-localidades-que-se-re-empadronen-en-las-cabinas-de-peaje-olivera\/#breadcrumb","itemListElement":[{"@type":"ListItem","position":1,"name":"Portada","item":"https:\/\/noticiasmercedinas.com\/site\/"},{"@type":"ListItem","position":2,"name":"Piden a vecinos de localidades que se re empadronen en las cabinas de peaje Olivera"}]},{"@type":"WebSite","@id":"https:\/\/noticiasmercedinas.com\/site\/#website","url":"https:\/\/noticiasmercedinas.com\/site\/","name":"NOTICIASMERCEDINAS.COM","description":"Mercedes, Buenos Aires, Argentina","publisher":{"@id":"https:\/\/noticiasmercedinas.com\/site\/#organization"},"potentialAction":[{"@type":"SearchAction","target":{"@type":"EntryPoint","urlTemplate":"https:\/\/noticiasmercedinas.com\/site\/?s={search_term_string}"},"query-input":{"@type":"PropertyValueSpecification","valueRequired":true,"valueName":"search_term_string"}}],"inLanguage":"es"},{"@type":"Organization","@id":"https:\/\/noticiasmercedinas.com\/site\/#organization","name":"NOTICIASMERCEDINAS.COM","url":"https:\/\/noticiasmercedinas.com\/site\/","logo":{"@type":"ImageObject","inLanguage":"es","@id":"https:\/\/noticiasmercedinas.com\/site\/#\/schema\/logo\/image\/","url":"https:\/\/noticiasmercedinas.com\/site\/wp-content\/uploads\/2020\/06\/LOGO-512.jpg","contentUrl":"https:\/\/noticiasmercedinas.com\/site\/wp-content\/uploads\/2020\/06\/LOGO-512.jpg","width":512,"height":512,"caption":"NOTICIASMERCEDINAS.COM"},"image":{"@id":"https:\/\/noticiasmercedinas.com\/site\/#\/schema\/logo\/image\/"},"sameAs":["https:\/\/www.facebook.com\/noticiasmercedinas\/","https:\/\/x.com\/notmercedinas","https:\/\/www.instagram.com\/noticiasmercedinas\/"]},{"@type":"Person","@id":"https:\/\/noticiasmercedinas.com\/site\/#\/schema\/person\/d481a9696a5feaec13a60e2bbd991a6a","name":"Cristian Falabella NOTICIASMERCEDINAS.COM","image":{"@type":"ImageObject","inLanguage":"es","@id":"https:\/\/secure.gravatar.com\/avatar\/0dbbfc45970cc46bcd0e57766228574ff3511d6eed045b182f536f0f478c1f06?s=96&d=mm&r=g","url":"https:\/\/secure.gravatar.com\/avatar\/0dbbfc45970cc46bcd0e57766228574ff3511d6eed045b182f536f0f478c1f06?s=96&d=mm&r=g","contentUrl":"https:\/\/secure.gravatar.com\/avatar\/0dbbfc45970cc46bcd0e57766228574ff3511d6eed045b182f536f0f478c1f06?s=96&d=mm&r=g","caption":"Cristian Falabella NOTICIASMERCEDINAS.COM"},"description":"Periodista, editor de Noticias Mercedinas. Pas\u00f3 por varias redacciones y emprendimientos de prensa, en distintos formatos y \u00e9pocas. Se especializ\u00f3 --y sigue haci\u00e9ndolo-- en comunicaci\u00f3n en la web y en junio de 2006 fund\u00f3 este diario digital.","sameAs":["https:\/\/noticiasmercedinas.com","https:\/\/www.facebook.com\/cristian.falabella","https:\/\/www.instagram.com\/noticiasmercedinas\/","https:\/\/x.com\/https:\/\/twitter.com\/NOTMERCEDINAS"],"url":"https:\/\/noticiasmercedinas.com\/site\/author\/as000384\/"}]}},"amp_enabled":true,"_links":{"self":[{"href":"https:\/\/noticiasmercedinas.com\/site\/wp-json\/wp\/v2\/posts\/10376","targetHints":{"allow":["GET"]}}],"collection":[{"href":"https:\/\/noticiasmercedinas.com\/site\/wp-json\/wp\/v2\/posts"}],"about":[{"href":"https:\/\/noticiasmercedinas.com\/site\/wp-json\/wp\/v2\/types\/post"}],"author":[{"embeddable":true,"href":"https:\/\/noticiasmercedinas.com\/site\/wp-json\/wp\/v2\/users\/2"}],"replies":[{"embeddable":true,"href":"https:\/\/noticiasmercedinas.com\/site\/wp-json\/wp\/v2\/comments?post=10376"}],"version-history":[{"count":1,"href":"https:\/\/noticiasmercedinas.com\/site\/wp-json\/wp\/v2\/posts\/10376\/revisions"}],"predecessor-version":[{"id":10377,"href":"https:\/\/noticiasmercedinas.com\/site\/wp-json\/wp\/v2\/posts\/10376\/revisions\/10377"}],"wp:featuredmedia":[{"embeddable":true,"href":"https:\/\/noticiasmercedinas.com\/site\/wp-json\/wp\/v2\/media\/22"}],"wp:attachment":[{"href":"https:\/\/noticiasmercedinas.com\/site\/wp-json\/wp\/v2\/media?parent=10376"}],"wp:term":[{"taxonomy":"category","embeddable":true,"href":"https:\/\/noticiasmercedinas.com\/site\/wp-json\/wp\/v2\/categories?post=10376"},{"taxonomy":"post_tag","embeddable":true,"href":"https:\/\/noticiasmercedinas.com\/site\/wp-json\/wp\/v2\/tags?post=10376"}],"curies":[{"name":"wp","href":"https:\/\/api.w.org\/{rel}","templated":true}]}}