{"id":103833,"date":"2022-11-07T16:48:13","date_gmt":"2022-11-07T19:48:13","guid":{"rendered":"https:\/\/noticiasmercedinas.com\/site\/?p=103833"},"modified":"2022-11-07T17:54:38","modified_gmt":"2022-11-07T20:54:38","slug":"feed-lot-en-zona-pueblo-vecinos-de-altamira-exigen-accion-al-defensor","status":"publish","type":"post","link":"https:\/\/noticiasmercedinas.com\/site\/2022\/11\/07\/feed-lot-en-zona-pueblo-vecinos-de-altamira-exigen-accion-al-defensor\/","title":{"rendered":"Feed lot en zona Pueblo: vecinos de Altamira exigen acci\u00f3n al Defensor"},"content":{"rendered":"<p><img loading=\"lazy\" decoding=\"async\" class=\"alignnone size-full wp-image-103834\" src=\"https:\/\/noticiasmercedinas.com\/site\/wp-content\/uploads\/2022\/11\/feedlot.jpg\" alt=\"\" width=\"640\" height=\"414\" srcset=\"https:\/\/noticiasmercedinas.com\/site\/wp-content\/uploads\/2022\/11\/feedlot.jpg 640w, https:\/\/noticiasmercedinas.com\/site\/wp-content\/uploads\/2022\/11\/feedlot-300x194.jpg 300w, https:\/\/noticiasmercedinas.com\/site\/wp-content\/uploads\/2022\/11\/feedlot-600x388.jpg 600w, https:\/\/noticiasmercedinas.com\/site\/wp-content\/uploads\/2022\/11\/feedlot-341x220.jpg 341w\" sizes=\"auto, (max-width: 640px) 100vw, 640px\" \/><\/p>\n<p>Los vecinos de la zona de Altamira se llegaron hasta la Defensor\u00eda del Pueblo ante la situaci\u00f3n que viven con un feed lot, al que denunciaron reiteradas veces, por su actividad que ser\u00eda irregular en zona pueblo.<\/p>\n<p>Ante el doctor <strong>Fernando Florella<\/strong>, referente de la Defensor\u00eda del Pueblo bonaerense en Mercedes, plantearon una nueva queja. Ya estuvieron denunciando las anomal\u00edas en el Juzgado Municipal de Faltas (Causa N\u00ba 296511) que ejecut\u00f3 inspecciones mediante las \u00e1reas de Planeamiento y Ambiente municipal, pero ahora solicitan que se adjunten a la causa.<\/p>\n<blockquote><p>Lo que le piden al defensor del Pueblo es que interceda para \u201cevitar que se sigan vulnerando nuestros derechos al ambiente sano\u201d, garantizados por los art\u00edculos 41 de la Constituci\u00f3n Nacional y 28 de la Constituci\u00f3n Provincial.<\/p><\/blockquote>\n<p>Tambi\u00e9n exigen que se proceda al decomiso de los animales, por haber vencido el plazo de 72 horas concedido para su retiro en una resoluci\u00f3n que fue notificada a los due\u00f1os de la parcela en cuesti\u00f3n, cuyos animales pasaron sin autorizaci\u00f3n a parcelas vecinas..<\/p>\n<p>Lo que le piden al defensor del Pueblo es que interceda para \u201cevitar que se sigan vulnerando nuestros derechos al ambiente sano\u201d, garantizados por los art\u00edculos 41 de la Constituci\u00f3n Nacional y 28 de la Constituci\u00f3n Provincial.<\/p>\n<blockquote class=\"td_quote_box td_box_center\"><p>Ver m\u00e1s<br \/>\n<a href=\"https:\/\/noticiasmercedinas.com\/site\/2022\/09\/30\/vecinos-de-altamira-reclaman-por-impacto-ambiental-de-feed-lot\/\">Vecinos de Altamira reclaman por impacto ambiental de \u201cfeed lot\u201d<\/a><\/p><\/blockquote>\n<p>En tanto, en el cuestionado feed lot en la jornada de hoy ingresaron m\u00e1s animales, seg\u00fan refieren los vecinos, que son representados legalmente por la doctora<strong> L\u00eda Dulevich<\/strong>.<\/p>\n<p>Adem\u00e1s de denunciar el incumplimiento de la manda judicial, los vecinos de Altamira afirman que en el predio habr\u00eda tambi\u00e9n un silo y criadero de cerdos clandestinos.<\/p>\n<p>En este sentido se esperan resultados de la intervenci\u00f3n de fiscalizaci\u00f3n La Plata con pedidos de oficios a SENASA, ADA y Ministerio de Ambiente de la Provincia (ex OPDS). Suponen que podr\u00eda haber infracciones m\u00faltiples a la normativa de silos, de criaderos de cerdos, DT-e, al c\u00f3digo Aguas, al C\u00f3digo Faltas provincial, al C\u00f3digo Rural y al C\u00f3digo de Faltas municipal, entre otras.<\/p>\n","protected":false},"excerpt":{"rendered":"<p>\u25a0 En tanto, cuestionan que siguen ingresando animales en el predio. Ya intervino el Juzgado de Faltas. Y piden oficios a SENASA, ADA y Secretar\u00eda de Ambiente<\/p>\n","protected":false},"author":16,"featured_media":103834,"comment_status":"open","ping_status":"open","sticky":false,"template":"","format":"standard","meta":{"footnotes":""},"categories":[5754],"tags":[2553,15383,8384,15677,15678],"class_list":["post-103833","post","type-post","status-publish","format-standard","has-post-thumbnail","hentry","category-medio-ambiente","tag-altamira","tag-feed-lot","tag-fernando-florella","tag-lia-dulevich","tag-zona-pueblo"],"yoast_head":"<!-- This site is optimized with the Yoast SEO plugin v27.5 - https:\/\/yoast.com\/product\/yoast-seo-wordpress\/ -->\n<title>Feed lot en zona Pueblo: vecinos de Altamira exigen acci\u00f3n al Defensor<\/title>\n<meta name=\"robots\" content=\"index, follow, max-snippet:-1, max-image-preview:large, max-video-preview:-1\" \/>\n<link rel=\"canonical\" href=\"https:\/\/noticiasmercedinas.com\/site\/2022\/11\/07\/feed-lot-en-zona-pueblo-vecinos-de-altamira-exigen-accion-al-defensor\/\" \/>\n<meta property=\"og:locale\" content=\"es_ES\" \/>\n<meta property=\"og:type\" content=\"article\" \/>\n<meta property=\"og:title\" content=\"Feed lot en zona Pueblo: vecinos de Altamira exigen acci\u00f3n al Defensor\" \/>\n<meta property=\"og:description\" content=\"\u25a0 En tanto, cuestionan que siguen ingresando animales en el predio. Ya intervino el Juzgado de Faltas. Y piden oficios a SENASA, ADA y Secretar\u00eda de Ambiente\" \/>\n<meta property=\"og:url\" content=\"https:\/\/noticiasmercedinas.com\/site\/2022\/11\/07\/feed-lot-en-zona-pueblo-vecinos-de-altamira-exigen-accion-al-defensor\/\" \/>\n<meta property=\"og:site_name\" content=\"NOTICIASMERCEDINAS.COM\" \/>\n<meta property=\"article:publisher\" content=\"https:\/\/www.facebook.com\/noticiasmercedinas\/\" \/>\n<meta property=\"article:published_time\" content=\"2022-11-07T19:48:13+00:00\" \/>\n<meta property=\"article:modified_time\" content=\"2022-11-07T20:54:38+00:00\" \/>\n<meta property=\"og:image\" content=\"https:\/\/noticiasmercedinas.com\/site\/wp-content\/uploads\/2022\/11\/feedlot.jpg\" \/>\n\t<meta property=\"og:image:width\" content=\"640\" \/>\n\t<meta property=\"og:image:height\" content=\"414\" \/>\n\t<meta property=\"og:image:type\" content=\"image\/jpeg\" \/>\n<meta name=\"author\" content=\"NOTICIASMERCEDINAS.COM\" \/>\n<meta name=\"twitter:card\" content=\"summary_large_image\" \/>\n<meta name=\"twitter:creator\" content=\"@notmercedinas\" \/>\n<meta name=\"twitter:site\" content=\"@notmercedinas\" \/>\n<meta name=\"twitter:label1\" content=\"Escrito por\" \/>\n\t<meta name=\"twitter:data1\" content=\"NOTICIASMERCEDINAS.COM\" \/>\n\t<meta name=\"twitter:label2\" content=\"Tiempo de lectura\" \/>\n\t<meta name=\"twitter:data2\" content=\"2 minutos\" \/>\n<script type=\"application\/ld+json\" class=\"yoast-schema-graph\">{\"@context\":\"https:\\\/\\\/schema.org\",\"@graph\":[{\"@type\":\"Article\",\"@id\":\"https:\\\/\\\/noticiasmercedinas.com\\\/site\\\/2022\\\/11\\\/07\\\/feed-lot-en-zona-pueblo-vecinos-de-altamira-exigen-accion-al-defensor\\\/#article\",\"isPartOf\":{\"@id\":\"https:\\\/\\\/noticiasmercedinas.com\\\/site\\\/2022\\\/11\\\/07\\\/feed-lot-en-zona-pueblo-vecinos-de-altamira-exigen-accion-al-defensor\\\/\"},\"author\":{\"name\":\"NOTICIASMERCEDINAS.COM\",\"@id\":\"https:\\\/\\\/noticiasmercedinas.com\\\/site\\\/#\\\/schema\\\/person\\\/84b59c099c28ff2e8b77d4ceec5d8063\"},\"headline\":\"Feed lot en zona Pueblo: vecinos de Altamira exigen acci\u00f3n al Defensor\",\"datePublished\":\"2022-11-07T19:48:13+00:00\",\"dateModified\":\"2022-11-07T20:54:38+00:00\",\"mainEntityOfPage\":{\"@id\":\"https:\\\/\\\/noticiasmercedinas.com\\\/site\\\/2022\\\/11\\\/07\\\/feed-lot-en-zona-pueblo-vecinos-de-altamira-exigen-accion-al-defensor\\\/\"},\"wordCount\":375,\"commentCount\":0,\"publisher\":{\"@id\":\"https:\\\/\\\/noticiasmercedinas.com\\\/site\\\/#organization\"},\"image\":{\"@id\":\"https:\\\/\\\/noticiasmercedinas.com\\\/site\\\/2022\\\/11\\\/07\\\/feed-lot-en-zona-pueblo-vecinos-de-altamira-exigen-accion-al-defensor\\\/#primaryimage\"},\"thumbnailUrl\":\"https:\\\/\\\/noticiasmercedinas.com\\\/site\\\/wp-content\\\/uploads\\\/2022\\\/11\\\/feedlot.jpg\",\"keywords\":[\"altamira\",\"feed lot\",\"Fernando Florella\",\"L\u00eda Dulevich\",\"zona pueblo\"],\"articleSection\":[\"Ambiente\"],\"inLanguage\":\"es\",\"potentialAction\":[{\"@type\":\"CommentAction\",\"name\":\"Comment\",\"target\":[\"https:\\\/\\\/noticiasmercedinas.com\\\/site\\\/2022\\\/11\\\/07\\\/feed-lot-en-zona-pueblo-vecinos-de-altamira-exigen-accion-al-defensor\\\/#respond\"]}]},{\"@type\":\"WebPage\",\"@id\":\"https:\\\/\\\/noticiasmercedinas.com\\\/site\\\/2022\\\/11\\\/07\\\/feed-lot-en-zona-pueblo-vecinos-de-altamira-exigen-accion-al-defensor\\\/\",\"url\":\"https:\\\/\\\/noticiasmercedinas.com\\\/site\\\/2022\\\/11\\\/07\\\/feed-lot-en-zona-pueblo-vecinos-de-altamira-exigen-accion-al-defensor\\\/\",\"name\":\"Feed lot en zona Pueblo: vecinos de Altamira exigen acci\u00f3n al Defensor\",\"isPartOf\":{\"@id\":\"https:\\\/\\\/noticiasmercedinas.com\\\/site\\\/#website\"},\"primaryImageOfPage\":{\"@id\":\"https:\\\/\\\/noticiasmercedinas.com\\\/site\\\/2022\\\/11\\\/07\\\/feed-lot-en-zona-pueblo-vecinos-de-altamira-exigen-accion-al-defensor\\\/#primaryimage\"},\"image\":{\"@id\":\"https:\\\/\\\/noticiasmercedinas.com\\\/site\\\/2022\\\/11\\\/07\\\/feed-lot-en-zona-pueblo-vecinos-de-altamira-exigen-accion-al-defensor\\\/#primaryimage\"},\"thumbnailUrl\":\"https:\\\/\\\/noticiasmercedinas.com\\\/site\\\/wp-content\\\/uploads\\\/2022\\\/11\\\/feedlot.jpg\",\"datePublished\":\"2022-11-07T19:48:13+00:00\",\"dateModified\":\"2022-11-07T20:54:38+00:00\",\"breadcrumb\":{\"@id\":\"https:\\\/\\\/noticiasmercedinas.com\\\/site\\\/2022\\\/11\\\/07\\\/feed-lot-en-zona-pueblo-vecinos-de-altamira-exigen-accion-al-defensor\\\/#breadcrumb\"},\"inLanguage\":\"es\",\"potentialAction\":[{\"@type\":\"ReadAction\",\"target\":[\"https:\\\/\\\/noticiasmercedinas.com\\\/site\\\/2022\\\/11\\\/07\\\/feed-lot-en-zona-pueblo-vecinos-de-altamira-exigen-accion-al-defensor\\\/\"]}]},{\"@type\":\"ImageObject\",\"inLanguage\":\"es\",\"@id\":\"https:\\\/\\\/noticiasmercedinas.com\\\/site\\\/2022\\\/11\\\/07\\\/feed-lot-en-zona-pueblo-vecinos-de-altamira-exigen-accion-al-defensor\\\/#primaryimage\",\"url\":\"https:\\\/\\\/noticiasmercedinas.com\\\/site\\\/wp-content\\\/uploads\\\/2022\\\/11\\\/feedlot.jpg\",\"contentUrl\":\"https:\\\/\\\/noticiasmercedinas.com\\\/site\\\/wp-content\\\/uploads\\\/2022\\\/11\\\/feedlot.jpg\",\"width\":640,\"height\":414},{\"@type\":\"BreadcrumbList\",\"@id\":\"https:\\\/\\\/noticiasmercedinas.com\\\/site\\\/2022\\\/11\\\/07\\\/feed-lot-en-zona-pueblo-vecinos-de-altamira-exigen-accion-al-defensor\\\/#breadcrumb\",\"itemListElement\":[{\"@type\":\"ListItem\",\"position\":1,\"name\":\"Portada\",\"item\":\"https:\\\/\\\/noticiasmercedinas.com\\\/site\\\/\"},{\"@type\":\"ListItem\",\"position\":2,\"name\":\"Feed lot en zona Pueblo: vecinos de Altamira exigen acci\u00f3n al Defensor\"}]},{\"@type\":\"WebSite\",\"@id\":\"https:\\\/\\\/noticiasmercedinas.com\\\/site\\\/#website\",\"url\":\"https:\\\/\\\/noticiasmercedinas.com\\\/site\\\/\",\"name\":\"NOTICIASMERCEDINAS.COM\",\"description\":\"Mercedes, Buenos Aires, Argentina\",\"publisher\":{\"@id\":\"https:\\\/\\\/noticiasmercedinas.com\\\/site\\\/#organization\"},\"potentialAction\":[{\"@type\":\"SearchAction\",\"target\":{\"@type\":\"EntryPoint\",\"urlTemplate\":\"https:\\\/\\\/noticiasmercedinas.com\\\/site\\\/?s={search_term_string}\"},\"query-input\":{\"@type\":\"PropertyValueSpecification\",\"valueRequired\":true,\"valueName\":\"search_term_string\"}}],\"inLanguage\":\"es\"},{\"@type\":\"Organization\",\"@id\":\"https:\\\/\\\/noticiasmercedinas.com\\\/site\\\/#organization\",\"name\":\"NOTICIASMERCEDINAS.COM\",\"url\":\"https:\\\/\\\/noticiasmercedinas.com\\\/site\\\/\",\"logo\":{\"@type\":\"ImageObject\",\"inLanguage\":\"es\",\"@id\":\"https:\\\/\\\/noticiasmercedinas.com\\\/site\\\/#\\\/schema\\\/logo\\\/image\\\/\",\"url\":\"https:\\\/\\\/noticiasmercedinas.com\\\/site\\\/wp-content\\\/uploads\\\/2020\\\/06\\\/LOGO-512.jpg\",\"contentUrl\":\"https:\\\/\\\/noticiasmercedinas.com\\\/site\\\/wp-content\\\/uploads\\\/2020\\\/06\\\/LOGO-512.jpg\",\"width\":512,\"height\":512,\"caption\":\"NOTICIASMERCEDINAS.COM\"},\"image\":{\"@id\":\"https:\\\/\\\/noticiasmercedinas.com\\\/site\\\/#\\\/schema\\\/logo\\\/image\\\/\"},\"sameAs\":[\"https:\\\/\\\/www.facebook.com\\\/noticiasmercedinas\\\/\",\"https:\\\/\\\/x.com\\\/notmercedinas\",\"https:\\\/\\\/www.instagram.com\\\/noticiasmercedinas\\\/\"]},{\"@type\":\"Person\",\"@id\":\"https:\\\/\\\/noticiasmercedinas.com\\\/site\\\/#\\\/schema\\\/person\\\/84b59c099c28ff2e8b77d4ceec5d8063\",\"name\":\"NOTICIASMERCEDINAS.COM\",\"image\":{\"@type\":\"ImageObject\",\"inLanguage\":\"es\",\"@id\":\"https:\\\/\\\/secure.gravatar.com\\\/avatar\\\/4dfbf16b4d17945bfb6341b2d19043457132fcf478a5ee04f42e959fd8f5df0a?s=96&d=mm&r=g\",\"url\":\"https:\\\/\\\/secure.gravatar.com\\\/avatar\\\/4dfbf16b4d17945bfb6341b2d19043457132fcf478a5ee04f42e959fd8f5df0a?s=96&d=mm&r=g\",\"contentUrl\":\"https:\\\/\\\/secure.gravatar.com\\\/avatar\\\/4dfbf16b4d17945bfb6341b2d19043457132fcf478a5ee04f42e959fd8f5df0a?s=96&d=mm&r=g\",\"caption\":\"NOTICIASMERCEDINAS.COM\"},\"url\":\"https:\\\/\\\/noticiasmercedinas.com\\\/site\\\/author\\\/anonimo\\\/\"}]}<\/script>\n<!-- \/ Yoast SEO plugin. -->","yoast_head_json":{"title":"Feed lot en zona Pueblo: vecinos de Altamira exigen acci\u00f3n al Defensor","robots":{"index":"index","follow":"follow","max-snippet":"max-snippet:-1","max-image-preview":"max-image-preview:large","max-video-preview":"max-video-preview:-1"},"canonical":"https:\/\/noticiasmercedinas.com\/site\/2022\/11\/07\/feed-lot-en-zona-pueblo-vecinos-de-altamira-exigen-accion-al-defensor\/","og_locale":"es_ES","og_type":"article","og_title":"Feed lot en zona Pueblo: vecinos de Altamira exigen acci\u00f3n al Defensor","og_description":"\u25a0 En tanto, cuestionan que siguen ingresando animales en el predio. Ya intervino el Juzgado de Faltas. Y piden oficios a SENASA, ADA y Secretar\u00eda de Ambiente","og_url":"https:\/\/noticiasmercedinas.com\/site\/2022\/11\/07\/feed-lot-en-zona-pueblo-vecinos-de-altamira-exigen-accion-al-defensor\/","og_site_name":"NOTICIASMERCEDINAS.COM","article_publisher":"https:\/\/www.facebook.com\/noticiasmercedinas\/","article_published_time":"2022-11-07T19:48:13+00:00","article_modified_time":"2022-11-07T20:54:38+00:00","og_image":[{"width":640,"height":414,"url":"https:\/\/noticiasmercedinas.com\/site\/wp-content\/uploads\/2022\/11\/feedlot.jpg","type":"image\/jpeg"}],"author":"NOTICIASMERCEDINAS.COM","twitter_card":"summary_large_image","twitter_creator":"@notmercedinas","twitter_site":"@notmercedinas","twitter_misc":{"Escrito por":"NOTICIASMERCEDINAS.COM","Tiempo de lectura":"2 minutos"},"schema":{"@context":"https:\/\/schema.org","@graph":[{"@type":"Article","@id":"https:\/\/noticiasmercedinas.com\/site\/2022\/11\/07\/feed-lot-en-zona-pueblo-vecinos-de-altamira-exigen-accion-al-defensor\/#article","isPartOf":{"@id":"https:\/\/noticiasmercedinas.com\/site\/2022\/11\/07\/feed-lot-en-zona-pueblo-vecinos-de-altamira-exigen-accion-al-defensor\/"},"author":{"name":"NOTICIASMERCEDINAS.COM","@id":"https:\/\/noticiasmercedinas.com\/site\/#\/schema\/person\/84b59c099c28ff2e8b77d4ceec5d8063"},"headline":"Feed lot en zona Pueblo: vecinos de Altamira exigen acci\u00f3n al Defensor","datePublished":"2022-11-07T19:48:13+00:00","dateModified":"2022-11-07T20:54:38+00:00","mainEntityOfPage":{"@id":"https:\/\/noticiasmercedinas.com\/site\/2022\/11\/07\/feed-lot-en-zona-pueblo-vecinos-de-altamira-exigen-accion-al-defensor\/"},"wordCount":375,"commentCount":0,"publisher":{"@id":"https:\/\/noticiasmercedinas.com\/site\/#organization"},"image":{"@id":"https:\/\/noticiasmercedinas.com\/site\/2022\/11\/07\/feed-lot-en-zona-pueblo-vecinos-de-altamira-exigen-accion-al-defensor\/#primaryimage"},"thumbnailUrl":"https:\/\/noticiasmercedinas.com\/site\/wp-content\/uploads\/2022\/11\/feedlot.jpg","keywords":["altamira","feed lot","Fernando Florella","L\u00eda Dulevich","zona pueblo"],"articleSection":["Ambiente"],"inLanguage":"es","potentialAction":[{"@type":"CommentAction","name":"Comment","target":["https:\/\/noticiasmercedinas.com\/site\/2022\/11\/07\/feed-lot-en-zona-pueblo-vecinos-de-altamira-exigen-accion-al-defensor\/#respond"]}]},{"@type":"WebPage","@id":"https:\/\/noticiasmercedinas.com\/site\/2022\/11\/07\/feed-lot-en-zona-pueblo-vecinos-de-altamira-exigen-accion-al-defensor\/","url":"https:\/\/noticiasmercedinas.com\/site\/2022\/11\/07\/feed-lot-en-zona-pueblo-vecinos-de-altamira-exigen-accion-al-defensor\/","name":"Feed lot en zona Pueblo: vecinos de Altamira exigen acci\u00f3n al Defensor","isPartOf":{"@id":"https:\/\/noticiasmercedinas.com\/site\/#website"},"primaryImageOfPage":{"@id":"https:\/\/noticiasmercedinas.com\/site\/2022\/11\/07\/feed-lot-en-zona-pueblo-vecinos-de-altamira-exigen-accion-al-defensor\/#primaryimage"},"image":{"@id":"https:\/\/noticiasmercedinas.com\/site\/2022\/11\/07\/feed-lot-en-zona-pueblo-vecinos-de-altamira-exigen-accion-al-defensor\/#primaryimage"},"thumbnailUrl":"https:\/\/noticiasmercedinas.com\/site\/wp-content\/uploads\/2022\/11\/feedlot.jpg","datePublished":"2022-11-07T19:48:13+00:00","dateModified":"2022-11-07T20:54:38+00:00","breadcrumb":{"@id":"https:\/\/noticiasmercedinas.com\/site\/2022\/11\/07\/feed-lot-en-zona-pueblo-vecinos-de-altamira-exigen-accion-al-defensor\/#breadcrumb"},"inLanguage":"es","potentialAction":[{"@type":"ReadAction","target":["https:\/\/noticiasmercedinas.com\/site\/2022\/11\/07\/feed-lot-en-zona-pueblo-vecinos-de-altamira-exigen-accion-al-defensor\/"]}]},{"@type":"ImageObject","inLanguage":"es","@id":"https:\/\/noticiasmercedinas.com\/site\/2022\/11\/07\/feed-lot-en-zona-pueblo-vecinos-de-altamira-exigen-accion-al-defensor\/#primaryimage","url":"https:\/\/noticiasmercedinas.com\/site\/wp-content\/uploads\/2022\/11\/feedlot.jpg","contentUrl":"https:\/\/noticiasmercedinas.com\/site\/wp-content\/uploads\/2022\/11\/feedlot.jpg","width":640,"height":414},{"@type":"BreadcrumbList","@id":"https:\/\/noticiasmercedinas.com\/site\/2022\/11\/07\/feed-lot-en-zona-pueblo-vecinos-de-altamira-exigen-accion-al-defensor\/#breadcrumb","itemListElement":[{"@type":"ListItem","position":1,"name":"Portada","item":"https:\/\/noticiasmercedinas.com\/site\/"},{"@type":"ListItem","position":2,"name":"Feed lot en zona Pueblo: vecinos de Altamira exigen acci\u00f3n al Defensor"}]},{"@type":"WebSite","@id":"https:\/\/noticiasmercedinas.com\/site\/#website","url":"https:\/\/noticiasmercedinas.com\/site\/","name":"NOTICIASMERCEDINAS.COM","description":"Mercedes, Buenos Aires, Argentina","publisher":{"@id":"https:\/\/noticiasmercedinas.com\/site\/#organization"},"potentialAction":[{"@type":"SearchAction","target":{"@type":"EntryPoint","urlTemplate":"https:\/\/noticiasmercedinas.com\/site\/?s={search_term_string}"},"query-input":{"@type":"PropertyValueSpecification","valueRequired":true,"valueName":"search_term_string"}}],"inLanguage":"es"},{"@type":"Organization","@id":"https:\/\/noticiasmercedinas.com\/site\/#organization","name":"NOTICIASMERCEDINAS.COM","url":"https:\/\/noticiasmercedinas.com\/site\/","logo":{"@type":"ImageObject","inLanguage":"es","@id":"https:\/\/noticiasmercedinas.com\/site\/#\/schema\/logo\/image\/","url":"https:\/\/noticiasmercedinas.com\/site\/wp-content\/uploads\/2020\/06\/LOGO-512.jpg","contentUrl":"https:\/\/noticiasmercedinas.com\/site\/wp-content\/uploads\/2020\/06\/LOGO-512.jpg","width":512,"height":512,"caption":"NOTICIASMERCEDINAS.COM"},"image":{"@id":"https:\/\/noticiasmercedinas.com\/site\/#\/schema\/logo\/image\/"},"sameAs":["https:\/\/www.facebook.com\/noticiasmercedinas\/","https:\/\/x.com\/notmercedinas","https:\/\/www.instagram.com\/noticiasmercedinas\/"]},{"@type":"Person","@id":"https:\/\/noticiasmercedinas.com\/site\/#\/schema\/person\/84b59c099c28ff2e8b77d4ceec5d8063","name":"NOTICIASMERCEDINAS.COM","image":{"@type":"ImageObject","inLanguage":"es","@id":"https:\/\/secure.gravatar.com\/avatar\/4dfbf16b4d17945bfb6341b2d19043457132fcf478a5ee04f42e959fd8f5df0a?s=96&d=mm&r=g","url":"https:\/\/secure.gravatar.com\/avatar\/4dfbf16b4d17945bfb6341b2d19043457132fcf478a5ee04f42e959fd8f5df0a?s=96&d=mm&r=g","contentUrl":"https:\/\/secure.gravatar.com\/avatar\/4dfbf16b4d17945bfb6341b2d19043457132fcf478a5ee04f42e959fd8f5df0a?s=96&d=mm&r=g","caption":"NOTICIASMERCEDINAS.COM"},"url":"https:\/\/noticiasmercedinas.com\/site\/author\/anonimo\/"}]}},"amp_enabled":true,"_links":{"self":[{"href":"https:\/\/noticiasmercedinas.com\/site\/wp-json\/wp\/v2\/posts\/103833","targetHints":{"allow":["GET"]}}],"collection":[{"href":"https:\/\/noticiasmercedinas.com\/site\/wp-json\/wp\/v2\/posts"}],"about":[{"href":"https:\/\/noticiasmercedinas.com\/site\/wp-json\/wp\/v2\/types\/post"}],"author":[{"embeddable":true,"href":"https:\/\/noticiasmercedinas.com\/site\/wp-json\/wp\/v2\/users\/16"}],"replies":[{"embeddable":true,"href":"https:\/\/noticiasmercedinas.com\/site\/wp-json\/wp\/v2\/comments?post=103833"}],"version-history":[{"count":3,"href":"https:\/\/noticiasmercedinas.com\/site\/wp-json\/wp\/v2\/posts\/103833\/revisions"}],"predecessor-version":[{"id":103847,"href":"https:\/\/noticiasmercedinas.com\/site\/wp-json\/wp\/v2\/posts\/103833\/revisions\/103847"}],"wp:featuredmedia":[{"embeddable":true,"href":"https:\/\/noticiasmercedinas.com\/site\/wp-json\/wp\/v2\/media\/103834"}],"wp:attachment":[{"href":"https:\/\/noticiasmercedinas.com\/site\/wp-json\/wp\/v2\/media?parent=103833"}],"wp:term":[{"taxonomy":"category","embeddable":true,"href":"https:\/\/noticiasmercedinas.com\/site\/wp-json\/wp\/v2\/categories?post=103833"},{"taxonomy":"post_tag","embeddable":true,"href":"https:\/\/noticiasmercedinas.com\/site\/wp-json\/wp\/v2\/tags?post=103833"}],"curies":[{"name":"wp","href":"https:\/\/api.w.org\/{rel}","templated":true}]}}