{"id":103891,"date":"2022-11-08T09:34:55","date_gmt":"2022-11-08T12:34:55","guid":{"rendered":"https:\/\/noticiasmercedinas.com\/site\/?p=103891"},"modified":"2022-11-08T09:34:55","modified_gmt":"2022-11-08T12:34:55","slug":"mateo-marenco-y-equipo-ya-estan-en-bangladesh-en-certamen-internacional","status":"publish","type":"post","link":"https:\/\/noticiasmercedinas.com\/site\/2022\/11\/08\/mateo-marenco-y-equipo-ya-estan-en-bangladesh-en-certamen-internacional\/","title":{"rendered":"Mateo Marenco y equipo ya est\u00e1n en Bangladesh en certamen internacional"},"content":{"rendered":"<p><img loading=\"lazy\" decoding=\"async\" class=\"alignnone wp-image-103892 size-full\" src=\"https:\/\/noticiasmercedinas.com\/site\/wp-content\/uploads\/2022\/11\/314580601_2209435335885135_4085411803311480947_n.jpg\" alt=\"\" width=\"640\" height=\"480\" srcset=\"https:\/\/noticiasmercedinas.com\/site\/wp-content\/uploads\/2022\/11\/314580601_2209435335885135_4085411803311480947_n.jpg 640w, https:\/\/noticiasmercedinas.com\/site\/wp-content\/uploads\/2022\/11\/314580601_2209435335885135_4085411803311480947_n-300x225.jpg 300w, https:\/\/noticiasmercedinas.com\/site\/wp-content\/uploads\/2022\/11\/314580601_2209435335885135_4085411803311480947_n-80x60.jpg 80w, https:\/\/noticiasmercedinas.com\/site\/wp-content\/uploads\/2022\/11\/314580601_2209435335885135_4085411803311480947_n-160x120.jpg 160w, https:\/\/noticiasmercedinas.com\/site\/wp-content\/uploads\/2022\/11\/314580601_2209435335885135_4085411803311480947_n-100x75.jpg 100w, https:\/\/noticiasmercedinas.com\/site\/wp-content\/uploads\/2022\/11\/314580601_2209435335885135_4085411803311480947_n-200x150.jpg 200w, https:\/\/noticiasmercedinas.com\/site\/wp-content\/uploads\/2022\/11\/314580601_2209435335885135_4085411803311480947_n-180x135.jpg 180w, https:\/\/noticiasmercedinas.com\/site\/wp-content\/uploads\/2022\/11\/314580601_2209435335885135_4085411803311480947_n-360x270.jpg 360w, https:\/\/noticiasmercedinas.com\/site\/wp-content\/uploads\/2022\/11\/314580601_2209435335885135_4085411803311480947_n-238x178.jpg 238w, https:\/\/noticiasmercedinas.com\/site\/wp-content\/uploads\/2022\/11\/314580601_2209435335885135_4085411803311480947_n-476x356.jpg 476w\" sizes=\"auto, (max-width: 640px) 100vw, 640px\" \/><\/p>\n<p>\u00abHoy conocimos el \u00e1rea de la competencia\u00bb, destacaron los integrantes de Prim Floyd,\u00a0 equipo de programaci\u00f3n competitiva de la Facultad de Ciencias exactas y Naturales (FCEN &#8211; UBA) que est\u00e1 en Dhaka, Bangladesh, participando de la final mundial de programaci\u00f3n ICPC. Entre ellos est\u00e1 el mercedino <strong>Mateo Marenco<\/strong>.<\/p>\n<p>\u00abHoy fue la ceremonia inaugural\u00bb, explicaron desde Bangladesh, consultados por este medio sobre sus vivencias en el sudeste asi\u00e1tico.<\/p>\n<div style=\"width: 480px;\" class=\"wp-video\"><video class=\"wp-video-shortcode\" id=\"video-103891-1\" width=\"480\" height=\"264\" preload=\"metadata\" controls=\"controls\"><source type=\"video\/mp4\" src=\"https:\/\/noticiasmercedinas.com\/site\/wp-content\/uploads\/2022\/11\/video-57acdb9a-c42f-4085-9f5a-9689c6110c01-1667905687.mp4?_=1\" \/><a href=\"https:\/\/noticiasmercedinas.com\/site\/wp-content\/uploads\/2022\/11\/video-57acdb9a-c42f-4085-9f5a-9689c6110c01-1667905687.mp4\">https:\/\/noticiasmercedinas.com\/site\/wp-content\/uploads\/2022\/11\/video-57acdb9a-c42f-4085-9f5a-9689c6110c01-1667905687.mp4<\/a><\/video><\/div>\n<p>El concurso para los Prim Floyd es el d\u00eda 10, aunque sobre sus expectativas resaltan con sinceridad: \u00abLa verdad es que no tenemos posibilidades de ganar, ya que otros pa\u00edses como Rusia o Estados Unidos est\u00e1n en otra dimensi\u00f3n. Pero nuestro objetivo es quedar bien ubicados en LATAM, y por supuesto, disfrutar los d\u00edas de esta experiencia\u00bb.<\/p>\n<blockquote><p>\u00abLa verdad es que no tenemos posibilidades de ganar, ya que otros pa\u00edses como Rusia o Estados Unidos est\u00e1n en otra dimensi\u00f3n. Pero nuestro objetivo es quedar bien ubicados en LATAM\u00bb<\/p><\/blockquote>\n<p>Prim Floyd es un equipo de programaci\u00f3n competitiva de la Facultad de Ciencias Exactas y Naturales de la UBA, <strong>compuesto por Juli\u00e1n Braier, Marcos Blufstein y Mateo Marenco, junto al coach Eugenio Borghini<\/strong>.<\/p>\n<p>El International Collegiate Programming Contest es la competencia internacional de programaci\u00f3n de nivel universitario m\u00e1s prestigiosa del mundo. Se desarrolla anualmente en tres etapas: nacional, regional y mundial.<\/p>\n<p>El mercedino Mateo Marenco es estudiante de Ciencias de la Computaci\u00f3n desde 2017 en FCEN-UBA, y actualmente est\u00e1 luchando con la tesis. Metido desde 2019 en programaci\u00f3n competitiva, trabajando como programador. Es fan de Borges, Les Luthiers y el ajedrez.<\/p>\n<p><img loading=\"lazy\" decoding=\"async\" class=\"alignnone size-full wp-image-103894\" src=\"https:\/\/noticiasmercedinas.com\/site\/wp-content\/uploads\/2022\/11\/310253656_830711724736699_5307317870436202870_n.jpg\" alt=\"\" width=\"640\" height=\"480\" srcset=\"https:\/\/noticiasmercedinas.com\/site\/wp-content\/uploads\/2022\/11\/310253656_830711724736699_5307317870436202870_n.jpg 640w, https:\/\/noticiasmercedinas.com\/site\/wp-content\/uploads\/2022\/11\/310253656_830711724736699_5307317870436202870_n-300x225.jpg 300w, https:\/\/noticiasmercedinas.com\/site\/wp-content\/uploads\/2022\/11\/310253656_830711724736699_5307317870436202870_n-80x60.jpg 80w, https:\/\/noticiasmercedinas.com\/site\/wp-content\/uploads\/2022\/11\/310253656_830711724736699_5307317870436202870_n-160x120.jpg 160w, https:\/\/noticiasmercedinas.com\/site\/wp-content\/uploads\/2022\/11\/310253656_830711724736699_5307317870436202870_n-100x75.jpg 100w, https:\/\/noticiasmercedinas.com\/site\/wp-content\/uploads\/2022\/11\/310253656_830711724736699_5307317870436202870_n-200x150.jpg 200w, https:\/\/noticiasmercedinas.com\/site\/wp-content\/uploads\/2022\/11\/310253656_830711724736699_5307317870436202870_n-180x135.jpg 180w, https:\/\/noticiasmercedinas.com\/site\/wp-content\/uploads\/2022\/11\/310253656_830711724736699_5307317870436202870_n-360x270.jpg 360w, https:\/\/noticiasmercedinas.com\/site\/wp-content\/uploads\/2022\/11\/310253656_830711724736699_5307317870436202870_n-238x178.jpg 238w, https:\/\/noticiasmercedinas.com\/site\/wp-content\/uploads\/2022\/11\/310253656_830711724736699_5307317870436202870_n-476x356.jpg 476w\" sizes=\"auto, (max-width: 640px) 100vw, 640px\" \/><\/p>\n<p>&nbsp;<\/p>\n","protected":false},"excerpt":{"rendered":"<p>\u25a0 En Dhaka, Bangladesh, participan de la final mundial de programaci\u00f3n del International Collegiate Programming Contest. Su performance ser\u00e1 el d\u00eda 10 de noviembre<\/p>\n","protected":false},"author":2,"featured_media":103892,"comment_status":"open","ping_status":"open","sticky":false,"template":"","format":"standard","meta":{"footnotes":""},"categories":[3],"tags":[6107,15691,15692,15672,15669,15670,15671,15690,264],"class_list":["post-103891","post","type-post","status-publish","format-standard","has-post-thumbnail","hentry","category-sociedad","tag-bangladesh","tag-ciencias-de-la-computacion","tag-dhaka","tag-eugenio-borghini","tag-julian-braier","tag-marcos-blufstein","tag-mateo-marenco","tag-prim-floyd","tag-uba"],"yoast_head":"<!-- This site is optimized with the Yoast SEO plugin v27.4 - https:\/\/yoast.com\/product\/yoast-seo-wordpress\/ -->\n<title>Mateo Marenco y equipo ya est\u00e1n en Bangladesh en certamen internacional<\/title>\n<meta name=\"robots\" content=\"index, follow, max-snippet:-1, max-image-preview:large, max-video-preview:-1\" \/>\n<link rel=\"canonical\" href=\"https:\/\/noticiasmercedinas.com\/site\/2022\/11\/08\/mateo-marenco-y-equipo-ya-estan-en-bangladesh-en-certamen-internacional\/\" \/>\n<meta property=\"og:locale\" content=\"es_ES\" \/>\n<meta property=\"og:type\" content=\"article\" \/>\n<meta property=\"og:title\" content=\"Mateo Marenco y equipo ya est\u00e1n en Bangladesh en certamen internacional\" \/>\n<meta property=\"og:description\" content=\"\u25a0 En Dhaka, Bangladesh, participan de la final mundial de programaci\u00f3n del International Collegiate Programming Contest. Su performance ser\u00e1 el d\u00eda 10 de noviembre\" \/>\n<meta property=\"og:url\" content=\"https:\/\/noticiasmercedinas.com\/site\/2022\/11\/08\/mateo-marenco-y-equipo-ya-estan-en-bangladesh-en-certamen-internacional\/\" \/>\n<meta property=\"og:site_name\" content=\"NOTICIASMERCEDINAS.COM\" \/>\n<meta property=\"article:publisher\" content=\"https:\/\/www.facebook.com\/noticiasmercedinas\/\" \/>\n<meta property=\"article:author\" content=\"https:\/\/www.facebook.com\/cristian.falabella\" \/>\n<meta property=\"article:published_time\" content=\"2022-11-08T12:34:55+00:00\" \/>\n<meta property=\"og:image\" content=\"https:\/\/noticiasmercedinas.com\/site\/wp-content\/uploads\/2022\/11\/314580601_2209435335885135_4085411803311480947_n.jpg\" \/>\n\t<meta property=\"og:image:width\" content=\"640\" \/>\n\t<meta property=\"og:image:height\" content=\"480\" \/>\n\t<meta property=\"og:image:type\" content=\"image\/jpeg\" \/>\n<meta name=\"author\" content=\"Cristian Falabella NOTICIASMERCEDINAS.COM\" \/>\n<meta name=\"twitter:card\" content=\"summary_large_image\" \/>\n<meta name=\"twitter:creator\" content=\"@https:\/\/twitter.com\/NOTMERCEDINAS\" \/>\n<meta name=\"twitter:site\" content=\"@notmercedinas\" \/>\n<meta name=\"twitter:label1\" content=\"Escrito por\" \/>\n\t<meta name=\"twitter:data1\" content=\"Cristian Falabella NOTICIASMERCEDINAS.COM\" \/>\n\t<meta name=\"twitter:label2\" content=\"Tiempo de lectura\" \/>\n\t<meta name=\"twitter:data2\" content=\"2 minutos\" \/>\n<script type=\"application\/ld+json\" class=\"yoast-schema-graph\">{\"@context\":\"https:\\\/\\\/schema.org\",\"@graph\":[{\"@type\":\"Article\",\"@id\":\"https:\\\/\\\/noticiasmercedinas.com\\\/site\\\/2022\\\/11\\\/08\\\/mateo-marenco-y-equipo-ya-estan-en-bangladesh-en-certamen-internacional\\\/#article\",\"isPartOf\":{\"@id\":\"https:\\\/\\\/noticiasmercedinas.com\\\/site\\\/2022\\\/11\\\/08\\\/mateo-marenco-y-equipo-ya-estan-en-bangladesh-en-certamen-internacional\\\/\"},\"author\":{\"name\":\"Cristian Falabella NOTICIASMERCEDINAS.COM\",\"@id\":\"https:\\\/\\\/noticiasmercedinas.com\\\/site\\\/#\\\/schema\\\/person\\\/d481a9696a5feaec13a60e2bbd991a6a\"},\"headline\":\"Mateo Marenco y equipo ya est\u00e1n en Bangladesh en certamen internacional\",\"datePublished\":\"2022-11-08T12:34:55+00:00\",\"mainEntityOfPage\":{\"@id\":\"https:\\\/\\\/noticiasmercedinas.com\\\/site\\\/2022\\\/11\\\/08\\\/mateo-marenco-y-equipo-ya-estan-en-bangladesh-en-certamen-internacional\\\/\"},\"wordCount\":305,\"commentCount\":0,\"publisher\":{\"@id\":\"https:\\\/\\\/noticiasmercedinas.com\\\/site\\\/#organization\"},\"image\":{\"@id\":\"https:\\\/\\\/noticiasmercedinas.com\\\/site\\\/2022\\\/11\\\/08\\\/mateo-marenco-y-equipo-ya-estan-en-bangladesh-en-certamen-internacional\\\/#primaryimage\"},\"thumbnailUrl\":\"https:\\\/\\\/noticiasmercedinas.com\\\/site\\\/wp-content\\\/uploads\\\/2022\\\/11\\\/314580601_2209435335885135_4085411803311480947_n.jpg\",\"keywords\":[\"Bangladesh\",\"ciencias de la computacion\",\"Dhaka\",\"Eugenio Borghini\",\"Julian Braier\",\"Marcos Blufstein\",\"Mateo Marenco\",\"prim floyd\",\"uba\"],\"articleSection\":[\"Sociedad\"],\"inLanguage\":\"es\",\"potentialAction\":[{\"@type\":\"CommentAction\",\"name\":\"Comment\",\"target\":[\"https:\\\/\\\/noticiasmercedinas.com\\\/site\\\/2022\\\/11\\\/08\\\/mateo-marenco-y-equipo-ya-estan-en-bangladesh-en-certamen-internacional\\\/#respond\"]}]},{\"@type\":\"WebPage\",\"@id\":\"https:\\\/\\\/noticiasmercedinas.com\\\/site\\\/2022\\\/11\\\/08\\\/mateo-marenco-y-equipo-ya-estan-en-bangladesh-en-certamen-internacional\\\/\",\"url\":\"https:\\\/\\\/noticiasmercedinas.com\\\/site\\\/2022\\\/11\\\/08\\\/mateo-marenco-y-equipo-ya-estan-en-bangladesh-en-certamen-internacional\\\/\",\"name\":\"Mateo Marenco y equipo ya est\u00e1n en Bangladesh en certamen internacional\",\"isPartOf\":{\"@id\":\"https:\\\/\\\/noticiasmercedinas.com\\\/site\\\/#website\"},\"primaryImageOfPage\":{\"@id\":\"https:\\\/\\\/noticiasmercedinas.com\\\/site\\\/2022\\\/11\\\/08\\\/mateo-marenco-y-equipo-ya-estan-en-bangladesh-en-certamen-internacional\\\/#primaryimage\"},\"image\":{\"@id\":\"https:\\\/\\\/noticiasmercedinas.com\\\/site\\\/2022\\\/11\\\/08\\\/mateo-marenco-y-equipo-ya-estan-en-bangladesh-en-certamen-internacional\\\/#primaryimage\"},\"thumbnailUrl\":\"https:\\\/\\\/noticiasmercedinas.com\\\/site\\\/wp-content\\\/uploads\\\/2022\\\/11\\\/314580601_2209435335885135_4085411803311480947_n.jpg\",\"datePublished\":\"2022-11-08T12:34:55+00:00\",\"breadcrumb\":{\"@id\":\"https:\\\/\\\/noticiasmercedinas.com\\\/site\\\/2022\\\/11\\\/08\\\/mateo-marenco-y-equipo-ya-estan-en-bangladesh-en-certamen-internacional\\\/#breadcrumb\"},\"inLanguage\":\"es\",\"potentialAction\":[{\"@type\":\"ReadAction\",\"target\":[\"https:\\\/\\\/noticiasmercedinas.com\\\/site\\\/2022\\\/11\\\/08\\\/mateo-marenco-y-equipo-ya-estan-en-bangladesh-en-certamen-internacional\\\/\"]}]},{\"@type\":\"ImageObject\",\"inLanguage\":\"es\",\"@id\":\"https:\\\/\\\/noticiasmercedinas.com\\\/site\\\/2022\\\/11\\\/08\\\/mateo-marenco-y-equipo-ya-estan-en-bangladesh-en-certamen-internacional\\\/#primaryimage\",\"url\":\"https:\\\/\\\/noticiasmercedinas.com\\\/site\\\/wp-content\\\/uploads\\\/2022\\\/11\\\/314580601_2209435335885135_4085411803311480947_n.jpg\",\"contentUrl\":\"https:\\\/\\\/noticiasmercedinas.com\\\/site\\\/wp-content\\\/uploads\\\/2022\\\/11\\\/314580601_2209435335885135_4085411803311480947_n.jpg\",\"width\":640,\"height\":480},{\"@type\":\"BreadcrumbList\",\"@id\":\"https:\\\/\\\/noticiasmercedinas.com\\\/site\\\/2022\\\/11\\\/08\\\/mateo-marenco-y-equipo-ya-estan-en-bangladesh-en-certamen-internacional\\\/#breadcrumb\",\"itemListElement\":[{\"@type\":\"ListItem\",\"position\":1,\"name\":\"Portada\",\"item\":\"https:\\\/\\\/noticiasmercedinas.com\\\/site\\\/\"},{\"@type\":\"ListItem\",\"position\":2,\"name\":\"Mateo Marenco y equipo ya est\u00e1n en Bangladesh en certamen internacional\"}]},{\"@type\":\"WebSite\",\"@id\":\"https:\\\/\\\/noticiasmercedinas.com\\\/site\\\/#website\",\"url\":\"https:\\\/\\\/noticiasmercedinas.com\\\/site\\\/\",\"name\":\"NOTICIASMERCEDINAS.COM\",\"description\":\"Mercedes, Buenos Aires, Argentina\",\"publisher\":{\"@id\":\"https:\\\/\\\/noticiasmercedinas.com\\\/site\\\/#organization\"},\"potentialAction\":[{\"@type\":\"SearchAction\",\"target\":{\"@type\":\"EntryPoint\",\"urlTemplate\":\"https:\\\/\\\/noticiasmercedinas.com\\\/site\\\/?s={search_term_string}\"},\"query-input\":{\"@type\":\"PropertyValueSpecification\",\"valueRequired\":true,\"valueName\":\"search_term_string\"}}],\"inLanguage\":\"es\"},{\"@type\":\"Organization\",\"@id\":\"https:\\\/\\\/noticiasmercedinas.com\\\/site\\\/#organization\",\"name\":\"NOTICIASMERCEDINAS.COM\",\"url\":\"https:\\\/\\\/noticiasmercedinas.com\\\/site\\\/\",\"logo\":{\"@type\":\"ImageObject\",\"inLanguage\":\"es\",\"@id\":\"https:\\\/\\\/noticiasmercedinas.com\\\/site\\\/#\\\/schema\\\/logo\\\/image\\\/\",\"url\":\"https:\\\/\\\/noticiasmercedinas.com\\\/site\\\/wp-content\\\/uploads\\\/2020\\\/06\\\/LOGO-512.jpg\",\"contentUrl\":\"https:\\\/\\\/noticiasmercedinas.com\\\/site\\\/wp-content\\\/uploads\\\/2020\\\/06\\\/LOGO-512.jpg\",\"width\":512,\"height\":512,\"caption\":\"NOTICIASMERCEDINAS.COM\"},\"image\":{\"@id\":\"https:\\\/\\\/noticiasmercedinas.com\\\/site\\\/#\\\/schema\\\/logo\\\/image\\\/\"},\"sameAs\":[\"https:\\\/\\\/www.facebook.com\\\/noticiasmercedinas\\\/\",\"https:\\\/\\\/x.com\\\/notmercedinas\",\"https:\\\/\\\/www.instagram.com\\\/noticiasmercedinas\\\/\"]},{\"@type\":\"Person\",\"@id\":\"https:\\\/\\\/noticiasmercedinas.com\\\/site\\\/#\\\/schema\\\/person\\\/d481a9696a5feaec13a60e2bbd991a6a\",\"name\":\"Cristian Falabella NOTICIASMERCEDINAS.COM\",\"image\":{\"@type\":\"ImageObject\",\"inLanguage\":\"es\",\"@id\":\"https:\\\/\\\/secure.gravatar.com\\\/avatar\\\/0dbbfc45970cc46bcd0e57766228574ff3511d6eed045b182f536f0f478c1f06?s=96&d=mm&r=g\",\"url\":\"https:\\\/\\\/secure.gravatar.com\\\/avatar\\\/0dbbfc45970cc46bcd0e57766228574ff3511d6eed045b182f536f0f478c1f06?s=96&d=mm&r=g\",\"contentUrl\":\"https:\\\/\\\/secure.gravatar.com\\\/avatar\\\/0dbbfc45970cc46bcd0e57766228574ff3511d6eed045b182f536f0f478c1f06?s=96&d=mm&r=g\",\"caption\":\"Cristian Falabella NOTICIASMERCEDINAS.COM\"},\"description\":\"Periodista, editor de Noticias Mercedinas. Pas\u00f3 por varias redacciones y emprendimientos de prensa, en distintos formatos y \u00e9pocas. Se especializ\u00f3 --y sigue haci\u00e9ndolo-- en comunicaci\u00f3n en la web y en junio de 2006 fund\u00f3 este diario digital.\",\"sameAs\":[\"https:\\\/\\\/noticiasmercedinas.com\",\"https:\\\/\\\/www.facebook.com\\\/cristian.falabella\",\"https:\\\/\\\/www.instagram.com\\\/noticiasmercedinas\\\/\",\"https:\\\/\\\/x.com\\\/https:\\\/\\\/twitter.com\\\/NOTMERCEDINAS\"],\"url\":\"https:\\\/\\\/noticiasmercedinas.com\\\/site\\\/author\\\/as000384\\\/\"}]}<\/script>\n<!-- \/ Yoast SEO plugin. -->","yoast_head_json":{"title":"Mateo Marenco y equipo ya est\u00e1n en Bangladesh en certamen internacional","robots":{"index":"index","follow":"follow","max-snippet":"max-snippet:-1","max-image-preview":"max-image-preview:large","max-video-preview":"max-video-preview:-1"},"canonical":"https:\/\/noticiasmercedinas.com\/site\/2022\/11\/08\/mateo-marenco-y-equipo-ya-estan-en-bangladesh-en-certamen-internacional\/","og_locale":"es_ES","og_type":"article","og_title":"Mateo Marenco y equipo ya est\u00e1n en Bangladesh en certamen internacional","og_description":"\u25a0 En Dhaka, Bangladesh, participan de la final mundial de programaci\u00f3n del International Collegiate Programming Contest. Su performance ser\u00e1 el d\u00eda 10 de noviembre","og_url":"https:\/\/noticiasmercedinas.com\/site\/2022\/11\/08\/mateo-marenco-y-equipo-ya-estan-en-bangladesh-en-certamen-internacional\/","og_site_name":"NOTICIASMERCEDINAS.COM","article_publisher":"https:\/\/www.facebook.com\/noticiasmercedinas\/","article_author":"https:\/\/www.facebook.com\/cristian.falabella","article_published_time":"2022-11-08T12:34:55+00:00","og_image":[{"width":640,"height":480,"url":"https:\/\/noticiasmercedinas.com\/site\/wp-content\/uploads\/2022\/11\/314580601_2209435335885135_4085411803311480947_n.jpg","type":"image\/jpeg"}],"author":"Cristian Falabella NOTICIASMERCEDINAS.COM","twitter_card":"summary_large_image","twitter_creator":"@https:\/\/twitter.com\/NOTMERCEDINAS","twitter_site":"@notmercedinas","twitter_misc":{"Escrito por":"Cristian Falabella NOTICIASMERCEDINAS.COM","Tiempo de lectura":"2 minutos"},"schema":{"@context":"https:\/\/schema.org","@graph":[{"@type":"Article","@id":"https:\/\/noticiasmercedinas.com\/site\/2022\/11\/08\/mateo-marenco-y-equipo-ya-estan-en-bangladesh-en-certamen-internacional\/#article","isPartOf":{"@id":"https:\/\/noticiasmercedinas.com\/site\/2022\/11\/08\/mateo-marenco-y-equipo-ya-estan-en-bangladesh-en-certamen-internacional\/"},"author":{"name":"Cristian Falabella NOTICIASMERCEDINAS.COM","@id":"https:\/\/noticiasmercedinas.com\/site\/#\/schema\/person\/d481a9696a5feaec13a60e2bbd991a6a"},"headline":"Mateo Marenco y equipo ya est\u00e1n en Bangladesh en certamen internacional","datePublished":"2022-11-08T12:34:55+00:00","mainEntityOfPage":{"@id":"https:\/\/noticiasmercedinas.com\/site\/2022\/11\/08\/mateo-marenco-y-equipo-ya-estan-en-bangladesh-en-certamen-internacional\/"},"wordCount":305,"commentCount":0,"publisher":{"@id":"https:\/\/noticiasmercedinas.com\/site\/#organization"},"image":{"@id":"https:\/\/noticiasmercedinas.com\/site\/2022\/11\/08\/mateo-marenco-y-equipo-ya-estan-en-bangladesh-en-certamen-internacional\/#primaryimage"},"thumbnailUrl":"https:\/\/noticiasmercedinas.com\/site\/wp-content\/uploads\/2022\/11\/314580601_2209435335885135_4085411803311480947_n.jpg","keywords":["Bangladesh","ciencias de la computacion","Dhaka","Eugenio Borghini","Julian Braier","Marcos Blufstein","Mateo Marenco","prim floyd","uba"],"articleSection":["Sociedad"],"inLanguage":"es","potentialAction":[{"@type":"CommentAction","name":"Comment","target":["https:\/\/noticiasmercedinas.com\/site\/2022\/11\/08\/mateo-marenco-y-equipo-ya-estan-en-bangladesh-en-certamen-internacional\/#respond"]}]},{"@type":"WebPage","@id":"https:\/\/noticiasmercedinas.com\/site\/2022\/11\/08\/mateo-marenco-y-equipo-ya-estan-en-bangladesh-en-certamen-internacional\/","url":"https:\/\/noticiasmercedinas.com\/site\/2022\/11\/08\/mateo-marenco-y-equipo-ya-estan-en-bangladesh-en-certamen-internacional\/","name":"Mateo Marenco y equipo ya est\u00e1n en Bangladesh en certamen internacional","isPartOf":{"@id":"https:\/\/noticiasmercedinas.com\/site\/#website"},"primaryImageOfPage":{"@id":"https:\/\/noticiasmercedinas.com\/site\/2022\/11\/08\/mateo-marenco-y-equipo-ya-estan-en-bangladesh-en-certamen-internacional\/#primaryimage"},"image":{"@id":"https:\/\/noticiasmercedinas.com\/site\/2022\/11\/08\/mateo-marenco-y-equipo-ya-estan-en-bangladesh-en-certamen-internacional\/#primaryimage"},"thumbnailUrl":"https:\/\/noticiasmercedinas.com\/site\/wp-content\/uploads\/2022\/11\/314580601_2209435335885135_4085411803311480947_n.jpg","datePublished":"2022-11-08T12:34:55+00:00","breadcrumb":{"@id":"https:\/\/noticiasmercedinas.com\/site\/2022\/11\/08\/mateo-marenco-y-equipo-ya-estan-en-bangladesh-en-certamen-internacional\/#breadcrumb"},"inLanguage":"es","potentialAction":[{"@type":"ReadAction","target":["https:\/\/noticiasmercedinas.com\/site\/2022\/11\/08\/mateo-marenco-y-equipo-ya-estan-en-bangladesh-en-certamen-internacional\/"]}]},{"@type":"ImageObject","inLanguage":"es","@id":"https:\/\/noticiasmercedinas.com\/site\/2022\/11\/08\/mateo-marenco-y-equipo-ya-estan-en-bangladesh-en-certamen-internacional\/#primaryimage","url":"https:\/\/noticiasmercedinas.com\/site\/wp-content\/uploads\/2022\/11\/314580601_2209435335885135_4085411803311480947_n.jpg","contentUrl":"https:\/\/noticiasmercedinas.com\/site\/wp-content\/uploads\/2022\/11\/314580601_2209435335885135_4085411803311480947_n.jpg","width":640,"height":480},{"@type":"BreadcrumbList","@id":"https:\/\/noticiasmercedinas.com\/site\/2022\/11\/08\/mateo-marenco-y-equipo-ya-estan-en-bangladesh-en-certamen-internacional\/#breadcrumb","itemListElement":[{"@type":"ListItem","position":1,"name":"Portada","item":"https:\/\/noticiasmercedinas.com\/site\/"},{"@type":"ListItem","position":2,"name":"Mateo Marenco y equipo ya est\u00e1n en Bangladesh en certamen internacional"}]},{"@type":"WebSite","@id":"https:\/\/noticiasmercedinas.com\/site\/#website","url":"https:\/\/noticiasmercedinas.com\/site\/","name":"NOTICIASMERCEDINAS.COM","description":"Mercedes, Buenos Aires, Argentina","publisher":{"@id":"https:\/\/noticiasmercedinas.com\/site\/#organization"},"potentialAction":[{"@type":"SearchAction","target":{"@type":"EntryPoint","urlTemplate":"https:\/\/noticiasmercedinas.com\/site\/?s={search_term_string}"},"query-input":{"@type":"PropertyValueSpecification","valueRequired":true,"valueName":"search_term_string"}}],"inLanguage":"es"},{"@type":"Organization","@id":"https:\/\/noticiasmercedinas.com\/site\/#organization","name":"NOTICIASMERCEDINAS.COM","url":"https:\/\/noticiasmercedinas.com\/site\/","logo":{"@type":"ImageObject","inLanguage":"es","@id":"https:\/\/noticiasmercedinas.com\/site\/#\/schema\/logo\/image\/","url":"https:\/\/noticiasmercedinas.com\/site\/wp-content\/uploads\/2020\/06\/LOGO-512.jpg","contentUrl":"https:\/\/noticiasmercedinas.com\/site\/wp-content\/uploads\/2020\/06\/LOGO-512.jpg","width":512,"height":512,"caption":"NOTICIASMERCEDINAS.COM"},"image":{"@id":"https:\/\/noticiasmercedinas.com\/site\/#\/schema\/logo\/image\/"},"sameAs":["https:\/\/www.facebook.com\/noticiasmercedinas\/","https:\/\/x.com\/notmercedinas","https:\/\/www.instagram.com\/noticiasmercedinas\/"]},{"@type":"Person","@id":"https:\/\/noticiasmercedinas.com\/site\/#\/schema\/person\/d481a9696a5feaec13a60e2bbd991a6a","name":"Cristian Falabella NOTICIASMERCEDINAS.COM","image":{"@type":"ImageObject","inLanguage":"es","@id":"https:\/\/secure.gravatar.com\/avatar\/0dbbfc45970cc46bcd0e57766228574ff3511d6eed045b182f536f0f478c1f06?s=96&d=mm&r=g","url":"https:\/\/secure.gravatar.com\/avatar\/0dbbfc45970cc46bcd0e57766228574ff3511d6eed045b182f536f0f478c1f06?s=96&d=mm&r=g","contentUrl":"https:\/\/secure.gravatar.com\/avatar\/0dbbfc45970cc46bcd0e57766228574ff3511d6eed045b182f536f0f478c1f06?s=96&d=mm&r=g","caption":"Cristian Falabella NOTICIASMERCEDINAS.COM"},"description":"Periodista, editor de Noticias Mercedinas. Pas\u00f3 por varias redacciones y emprendimientos de prensa, en distintos formatos y \u00e9pocas. Se especializ\u00f3 --y sigue haci\u00e9ndolo-- en comunicaci\u00f3n en la web y en junio de 2006 fund\u00f3 este diario digital.","sameAs":["https:\/\/noticiasmercedinas.com","https:\/\/www.facebook.com\/cristian.falabella","https:\/\/www.instagram.com\/noticiasmercedinas\/","https:\/\/x.com\/https:\/\/twitter.com\/NOTMERCEDINAS"],"url":"https:\/\/noticiasmercedinas.com\/site\/author\/as000384\/"}]}},"amp_enabled":true,"_links":{"self":[{"href":"https:\/\/noticiasmercedinas.com\/site\/wp-json\/wp\/v2\/posts\/103891","targetHints":{"allow":["GET"]}}],"collection":[{"href":"https:\/\/noticiasmercedinas.com\/site\/wp-json\/wp\/v2\/posts"}],"about":[{"href":"https:\/\/noticiasmercedinas.com\/site\/wp-json\/wp\/v2\/types\/post"}],"author":[{"embeddable":true,"href":"https:\/\/noticiasmercedinas.com\/site\/wp-json\/wp\/v2\/users\/2"}],"replies":[{"embeddable":true,"href":"https:\/\/noticiasmercedinas.com\/site\/wp-json\/wp\/v2\/comments?post=103891"}],"version-history":[{"count":1,"href":"https:\/\/noticiasmercedinas.com\/site\/wp-json\/wp\/v2\/posts\/103891\/revisions"}],"predecessor-version":[{"id":103895,"href":"https:\/\/noticiasmercedinas.com\/site\/wp-json\/wp\/v2\/posts\/103891\/revisions\/103895"}],"wp:featuredmedia":[{"embeddable":true,"href":"https:\/\/noticiasmercedinas.com\/site\/wp-json\/wp\/v2\/media\/103892"}],"wp:attachment":[{"href":"https:\/\/noticiasmercedinas.com\/site\/wp-json\/wp\/v2\/media?parent=103891"}],"wp:term":[{"taxonomy":"category","embeddable":true,"href":"https:\/\/noticiasmercedinas.com\/site\/wp-json\/wp\/v2\/categories?post=103891"},{"taxonomy":"post_tag","embeddable":true,"href":"https:\/\/noticiasmercedinas.com\/site\/wp-json\/wp\/v2\/tags?post=103891"}],"curies":[{"name":"wp","href":"https:\/\/api.w.org\/{rel}","templated":true}]}}