{"id":104176,"date":"2022-11-11T13:07:50","date_gmt":"2022-11-11T16:07:50","guid":{"rendered":"https:\/\/noticiasmercedinas.com\/site\/?p=104176"},"modified":"2022-11-11T13:07:50","modified_gmt":"2022-11-11T16:07:50","slug":"banca-participativa-reclamaran-rebajas-en-peaje","status":"publish","type":"post","link":"https:\/\/noticiasmercedinas.com\/site\/2022\/11\/11\/banca-participativa-reclamaran-rebajas-en-peaje\/","title":{"rendered":"Banca participativa: reclamar\u00e1n rebajas en peaje"},"content":{"rendered":"<p><a href=\"https:\/\/noticiasmercedinas.com\/site\/wp-content\/uploads\/2022\/11\/WhatsApp-Image-2022-11-11-at-11.04.59-AM.jpeg\"><img loading=\"lazy\" decoding=\"async\" class=\"alignnone size-full wp-image-104177\" src=\"https:\/\/noticiasmercedinas.com\/site\/wp-content\/uploads\/2022\/11\/WhatsApp-Image-2022-11-11-at-11.04.59-AM.jpeg\" alt=\"\" width=\"1599\" height=\"899\" srcset=\"https:\/\/noticiasmercedinas.com\/site\/wp-content\/uploads\/2022\/11\/WhatsApp-Image-2022-11-11-at-11.04.59-AM.jpeg 1599w, https:\/\/noticiasmercedinas.com\/site\/wp-content\/uploads\/2022\/11\/WhatsApp-Image-2022-11-11-at-11.04.59-AM-300x169.jpeg 300w, https:\/\/noticiasmercedinas.com\/site\/wp-content\/uploads\/2022\/11\/WhatsApp-Image-2022-11-11-at-11.04.59-AM-1024x576.jpeg 1024w, https:\/\/noticiasmercedinas.com\/site\/wp-content\/uploads\/2022\/11\/WhatsApp-Image-2022-11-11-at-11.04.59-AM-768x432.jpeg 768w, https:\/\/noticiasmercedinas.com\/site\/wp-content\/uploads\/2022\/11\/WhatsApp-Image-2022-11-11-at-11.04.59-AM-1536x864.jpeg 1536w, https:\/\/noticiasmercedinas.com\/site\/wp-content\/uploads\/2022\/11\/WhatsApp-Image-2022-11-11-at-11.04.59-AM-640x360.jpeg 640w, https:\/\/noticiasmercedinas.com\/site\/wp-content\/uploads\/2022\/11\/WhatsApp-Image-2022-11-11-at-11.04.59-AM-1280x720.jpeg 1280w, https:\/\/noticiasmercedinas.com\/site\/wp-content\/uploads\/2022\/11\/WhatsApp-Image-2022-11-11-at-11.04.59-AM-681x383.jpeg 681w, https:\/\/noticiasmercedinas.com\/site\/wp-content\/uploads\/2022\/11\/WhatsApp-Image-2022-11-11-at-11.04.59-AM-1362x766.jpeg 1362w\" sizes=\"auto, (max-width: 1599px) 100vw, 1599px\" \/><\/a><\/p>\n<p>Marcelo Su\u00e1rez utilizar\u00e1 la Banca Participativa en el Concejo Deliberante el pr\u00f3ximo lunes 14, a las 19 horas, para reclamar que los mercedinos accedan a rebajas ostensibles en las cabinas de peaje, cuyas <a href=\"https:\/\/noticiasmercedinas.com\/site\/2022\/10\/20\/tarifazo-del-150-por-ciento-en-el-peaje-de-olivera\/\">tarifas aumentaron hasta un 150 por ciento el 22 de octubre<\/a>.<\/p>\n<p>En nombre de la Comisi\u00f3n de Vecinos de Mercedes, Su\u00e1rez se\u00f1alar\u00e1 la necesidad de volver a tener un convenio como en 2004. \u201cEsto se puede solucionar por el di\u00e1logo, para no tener que ir a protestar otra vez a las cabinas\u201d, explic\u00f3 y anticip\u00f3 que le pedir\u00e1n ayuda al Concejo, al Intendente y a los diputados.<\/p>\n<figure id=\"attachment_18450\" aria-describedby=\"caption-attachment-18450\" style=\"width: 640px\" class=\"wp-caption alignnone\"><a href=\"https:\/\/noticiasmercedinas.com\/site\/wp-content\/uploads\/2019\/05\/peaje_190414.png\"><img loading=\"lazy\" decoding=\"async\" class=\"wp-image-18450 size-full\" src=\"https:\/\/noticiasmercedinas.com\/site\/wp-content\/uploads\/2019\/05\/peaje_190414.png\" alt=\"\" width=\"640\" height=\"480\" srcset=\"https:\/\/noticiasmercedinas.com\/site\/wp-content\/uploads\/2019\/05\/peaje_190414.png 640w, https:\/\/noticiasmercedinas.com\/site\/wp-content\/uploads\/2019\/05\/peaje_190414-300x225.png 300w, https:\/\/noticiasmercedinas.com\/site\/wp-content\/uploads\/2019\/05\/peaje_190414-80x60.png 80w, https:\/\/noticiasmercedinas.com\/site\/wp-content\/uploads\/2019\/05\/peaje_190414-160x120.png 160w, https:\/\/noticiasmercedinas.com\/site\/wp-content\/uploads\/2019\/05\/peaje_190414-100x75.png 100w, https:\/\/noticiasmercedinas.com\/site\/wp-content\/uploads\/2019\/05\/peaje_190414-200x150.png 200w, https:\/\/noticiasmercedinas.com\/site\/wp-content\/uploads\/2019\/05\/peaje_190414-180x135.png 180w, https:\/\/noticiasmercedinas.com\/site\/wp-content\/uploads\/2019\/05\/peaje_190414-360x270.png 360w, https:\/\/noticiasmercedinas.com\/site\/wp-content\/uploads\/2019\/05\/peaje_190414-238x178.png 238w, https:\/\/noticiasmercedinas.com\/site\/wp-content\/uploads\/2019\/05\/peaje_190414-476x356.png 476w\" sizes=\"auto, (max-width: 640px) 100vw, 640px\" \/><\/a><figcaption id=\"caption-attachment-18450\" class=\"wp-caption-text\">Archivo Noticias Mercedinas<\/figcaption><\/figure>\n<blockquote><p>\u201cEsto se puede solucionar por el di\u00e1logo, para no tener que ir a protestar otra vez a las cabinas\u201d<\/p><\/blockquote>\n<p>Su\u00e1rez advirti\u00f3 que pese al \u201ctarifazo\u201d, la concesionaria no est\u00e1 cumpliendo con las obras \u201cni hacia Suipacha, que est\u00e1 licitada; ni en la zona de Luj\u00e1n, que est\u00e1 abandonada\u201d. \u201cEl tramo Mercedes \u2013 Luj\u00e1n tambi\u00e9n est\u00e1 en malas condiciones\u201d, se\u00f1al\u00f3.<\/p>\n<p>\u201cNo tenemos colectora ni paso alternativo, nos vemos obligados a cruzar por un peaje que no nos da ni las m\u00ednimas condiciones de seguridad; el lunes esperamos a todos los que estuvieron alguna vez en estas y a todos que tienen que pagar el peaje, algunos varias veces al d\u00eda\u201d, invit\u00f3 Su\u00e1rez.<\/p>\n","protected":false},"excerpt":{"rendered":"<p>\u25a0 Marcelo Su\u00e1rez, de la Comisi\u00f3n de Vecinos, pedir\u00e1 en el Concejo que se firme un nuevo convenio para que los mercedinos vuelvan a contar con tarifas diferenciales en las cabinas de Olivera.<\/p>\n","protected":false},"author":16,"featured_media":104177,"comment_status":"open","ping_status":"open","sticky":false,"template":"","format":"standard","meta":{"footnotes":""},"categories":[3],"tags":[2454,890,2105],"class_list":["post-104176","post","type-post","status-publish","format-standard","has-post-thumbnail","hentry","category-sociedad","tag-comision-de-vecinos","tag-marcelo-suarez","tag-peaje-olivera"],"yoast_head":"<!-- This site is optimized with the Yoast SEO plugin v27.5 - https:\/\/yoast.com\/product\/yoast-seo-wordpress\/ -->\n<title>Banca participativa: reclamar\u00e1n rebajas en peaje<\/title>\n<meta name=\"robots\" content=\"index, follow, max-snippet:-1, max-image-preview:large, max-video-preview:-1\" \/>\n<link rel=\"canonical\" href=\"https:\/\/noticiasmercedinas.com\/site\/2022\/11\/11\/banca-participativa-reclamaran-rebajas-en-peaje\/\" \/>\n<meta property=\"og:locale\" content=\"es_ES\" \/>\n<meta property=\"og:type\" content=\"article\" \/>\n<meta property=\"og:title\" content=\"Banca participativa: reclamar\u00e1n rebajas en peaje\" \/>\n<meta property=\"og:description\" content=\"\u25a0 Marcelo Su\u00e1rez, de la Comisi\u00f3n de Vecinos, pedir\u00e1 en el Concejo que se firme un nuevo convenio para que los mercedinos vuelvan a contar con tarifas diferenciales en las cabinas de Olivera.\" \/>\n<meta property=\"og:url\" content=\"https:\/\/noticiasmercedinas.com\/site\/2022\/11\/11\/banca-participativa-reclamaran-rebajas-en-peaje\/\" \/>\n<meta property=\"og:site_name\" content=\"NOTICIASMERCEDINAS.COM\" \/>\n<meta property=\"article:publisher\" content=\"https:\/\/www.facebook.com\/noticiasmercedinas\/\" \/>\n<meta property=\"article:published_time\" content=\"2022-11-11T16:07:50+00:00\" \/>\n<meta property=\"og:image\" content=\"https:\/\/noticiasmercedinas.com\/site\/wp-content\/uploads\/2022\/11\/WhatsApp-Image-2022-11-11-at-11.04.59-AM.jpeg\" \/>\n\t<meta property=\"og:image:width\" content=\"1599\" \/>\n\t<meta property=\"og:image:height\" content=\"899\" \/>\n\t<meta property=\"og:image:type\" content=\"image\/jpeg\" \/>\n<meta name=\"author\" content=\"NOTICIASMERCEDINAS.COM\" \/>\n<meta name=\"twitter:card\" content=\"summary_large_image\" \/>\n<meta name=\"twitter:creator\" content=\"@notmercedinas\" \/>\n<meta name=\"twitter:site\" content=\"@notmercedinas\" \/>\n<meta name=\"twitter:label1\" content=\"Escrito por\" \/>\n\t<meta name=\"twitter:data1\" content=\"NOTICIASMERCEDINAS.COM\" \/>\n\t<meta name=\"twitter:label2\" content=\"Tiempo de lectura\" \/>\n\t<meta name=\"twitter:data2\" content=\"2 minutos\" \/>\n<script type=\"application\/ld+json\" class=\"yoast-schema-graph\">{\"@context\":\"https:\\\/\\\/schema.org\",\"@graph\":[{\"@type\":\"Article\",\"@id\":\"https:\\\/\\\/noticiasmercedinas.com\\\/site\\\/2022\\\/11\\\/11\\\/banca-participativa-reclamaran-rebajas-en-peaje\\\/#article\",\"isPartOf\":{\"@id\":\"https:\\\/\\\/noticiasmercedinas.com\\\/site\\\/2022\\\/11\\\/11\\\/banca-participativa-reclamaran-rebajas-en-peaje\\\/\"},\"author\":{\"name\":\"NOTICIASMERCEDINAS.COM\",\"@id\":\"https:\\\/\\\/noticiasmercedinas.com\\\/site\\\/#\\\/schema\\\/person\\\/84b59c099c28ff2e8b77d4ceec5d8063\"},\"headline\":\"Banca participativa: reclamar\u00e1n rebajas en peaje\",\"datePublished\":\"2022-11-11T16:07:50+00:00\",\"mainEntityOfPage\":{\"@id\":\"https:\\\/\\\/noticiasmercedinas.com\\\/site\\\/2022\\\/11\\\/11\\\/banca-participativa-reclamaran-rebajas-en-peaje\\\/\"},\"wordCount\":238,\"commentCount\":0,\"publisher\":{\"@id\":\"https:\\\/\\\/noticiasmercedinas.com\\\/site\\\/#organization\"},\"image\":{\"@id\":\"https:\\\/\\\/noticiasmercedinas.com\\\/site\\\/2022\\\/11\\\/11\\\/banca-participativa-reclamaran-rebajas-en-peaje\\\/#primaryimage\"},\"thumbnailUrl\":\"https:\\\/\\\/noticiasmercedinas.com\\\/site\\\/wp-content\\\/uploads\\\/2022\\\/11\\\/WhatsApp-Image-2022-11-11-at-11.04.59-AM.jpeg\",\"keywords\":[\"Comisi\u00f3n de Vecinos\",\"Marcelo suarez\",\"Peaje Olivera\"],\"articleSection\":[\"Sociedad\"],\"inLanguage\":\"es\",\"potentialAction\":[{\"@type\":\"CommentAction\",\"name\":\"Comment\",\"target\":[\"https:\\\/\\\/noticiasmercedinas.com\\\/site\\\/2022\\\/11\\\/11\\\/banca-participativa-reclamaran-rebajas-en-peaje\\\/#respond\"]}]},{\"@type\":\"WebPage\",\"@id\":\"https:\\\/\\\/noticiasmercedinas.com\\\/site\\\/2022\\\/11\\\/11\\\/banca-participativa-reclamaran-rebajas-en-peaje\\\/\",\"url\":\"https:\\\/\\\/noticiasmercedinas.com\\\/site\\\/2022\\\/11\\\/11\\\/banca-participativa-reclamaran-rebajas-en-peaje\\\/\",\"name\":\"Banca participativa: reclamar\u00e1n rebajas en peaje\",\"isPartOf\":{\"@id\":\"https:\\\/\\\/noticiasmercedinas.com\\\/site\\\/#website\"},\"primaryImageOfPage\":{\"@id\":\"https:\\\/\\\/noticiasmercedinas.com\\\/site\\\/2022\\\/11\\\/11\\\/banca-participativa-reclamaran-rebajas-en-peaje\\\/#primaryimage\"},\"image\":{\"@id\":\"https:\\\/\\\/noticiasmercedinas.com\\\/site\\\/2022\\\/11\\\/11\\\/banca-participativa-reclamaran-rebajas-en-peaje\\\/#primaryimage\"},\"thumbnailUrl\":\"https:\\\/\\\/noticiasmercedinas.com\\\/site\\\/wp-content\\\/uploads\\\/2022\\\/11\\\/WhatsApp-Image-2022-11-11-at-11.04.59-AM.jpeg\",\"datePublished\":\"2022-11-11T16:07:50+00:00\",\"breadcrumb\":{\"@id\":\"https:\\\/\\\/noticiasmercedinas.com\\\/site\\\/2022\\\/11\\\/11\\\/banca-participativa-reclamaran-rebajas-en-peaje\\\/#breadcrumb\"},\"inLanguage\":\"es\",\"potentialAction\":[{\"@type\":\"ReadAction\",\"target\":[\"https:\\\/\\\/noticiasmercedinas.com\\\/site\\\/2022\\\/11\\\/11\\\/banca-participativa-reclamaran-rebajas-en-peaje\\\/\"]}]},{\"@type\":\"ImageObject\",\"inLanguage\":\"es\",\"@id\":\"https:\\\/\\\/noticiasmercedinas.com\\\/site\\\/2022\\\/11\\\/11\\\/banca-participativa-reclamaran-rebajas-en-peaje\\\/#primaryimage\",\"url\":\"https:\\\/\\\/noticiasmercedinas.com\\\/site\\\/wp-content\\\/uploads\\\/2022\\\/11\\\/WhatsApp-Image-2022-11-11-at-11.04.59-AM.jpeg\",\"contentUrl\":\"https:\\\/\\\/noticiasmercedinas.com\\\/site\\\/wp-content\\\/uploads\\\/2022\\\/11\\\/WhatsApp-Image-2022-11-11-at-11.04.59-AM.jpeg\",\"width\":1599,\"height\":899},{\"@type\":\"BreadcrumbList\",\"@id\":\"https:\\\/\\\/noticiasmercedinas.com\\\/site\\\/2022\\\/11\\\/11\\\/banca-participativa-reclamaran-rebajas-en-peaje\\\/#breadcrumb\",\"itemListElement\":[{\"@type\":\"ListItem\",\"position\":1,\"name\":\"Portada\",\"item\":\"https:\\\/\\\/noticiasmercedinas.com\\\/site\\\/\"},{\"@type\":\"ListItem\",\"position\":2,\"name\":\"Banca participativa: reclamar\u00e1n rebajas en peaje\"}]},{\"@type\":\"WebSite\",\"@id\":\"https:\\\/\\\/noticiasmercedinas.com\\\/site\\\/#website\",\"url\":\"https:\\\/\\\/noticiasmercedinas.com\\\/site\\\/\",\"name\":\"NOTICIASMERCEDINAS.COM\",\"description\":\"Mercedes, Buenos Aires, Argentina\",\"publisher\":{\"@id\":\"https:\\\/\\\/noticiasmercedinas.com\\\/site\\\/#organization\"},\"potentialAction\":[{\"@type\":\"SearchAction\",\"target\":{\"@type\":\"EntryPoint\",\"urlTemplate\":\"https:\\\/\\\/noticiasmercedinas.com\\\/site\\\/?s={search_term_string}\"},\"query-input\":{\"@type\":\"PropertyValueSpecification\",\"valueRequired\":true,\"valueName\":\"search_term_string\"}}],\"inLanguage\":\"es\"},{\"@type\":\"Organization\",\"@id\":\"https:\\\/\\\/noticiasmercedinas.com\\\/site\\\/#organization\",\"name\":\"NOTICIASMERCEDINAS.COM\",\"url\":\"https:\\\/\\\/noticiasmercedinas.com\\\/site\\\/\",\"logo\":{\"@type\":\"ImageObject\",\"inLanguage\":\"es\",\"@id\":\"https:\\\/\\\/noticiasmercedinas.com\\\/site\\\/#\\\/schema\\\/logo\\\/image\\\/\",\"url\":\"https:\\\/\\\/noticiasmercedinas.com\\\/site\\\/wp-content\\\/uploads\\\/2020\\\/06\\\/LOGO-512.jpg\",\"contentUrl\":\"https:\\\/\\\/noticiasmercedinas.com\\\/site\\\/wp-content\\\/uploads\\\/2020\\\/06\\\/LOGO-512.jpg\",\"width\":512,\"height\":512,\"caption\":\"NOTICIASMERCEDINAS.COM\"},\"image\":{\"@id\":\"https:\\\/\\\/noticiasmercedinas.com\\\/site\\\/#\\\/schema\\\/logo\\\/image\\\/\"},\"sameAs\":[\"https:\\\/\\\/www.facebook.com\\\/noticiasmercedinas\\\/\",\"https:\\\/\\\/x.com\\\/notmercedinas\",\"https:\\\/\\\/www.instagram.com\\\/noticiasmercedinas\\\/\"]},{\"@type\":\"Person\",\"@id\":\"https:\\\/\\\/noticiasmercedinas.com\\\/site\\\/#\\\/schema\\\/person\\\/84b59c099c28ff2e8b77d4ceec5d8063\",\"name\":\"NOTICIASMERCEDINAS.COM\",\"image\":{\"@type\":\"ImageObject\",\"inLanguage\":\"es\",\"@id\":\"https:\\\/\\\/secure.gravatar.com\\\/avatar\\\/4dfbf16b4d17945bfb6341b2d19043457132fcf478a5ee04f42e959fd8f5df0a?s=96&d=mm&r=g\",\"url\":\"https:\\\/\\\/secure.gravatar.com\\\/avatar\\\/4dfbf16b4d17945bfb6341b2d19043457132fcf478a5ee04f42e959fd8f5df0a?s=96&d=mm&r=g\",\"contentUrl\":\"https:\\\/\\\/secure.gravatar.com\\\/avatar\\\/4dfbf16b4d17945bfb6341b2d19043457132fcf478a5ee04f42e959fd8f5df0a?s=96&d=mm&r=g\",\"caption\":\"NOTICIASMERCEDINAS.COM\"},\"url\":\"https:\\\/\\\/noticiasmercedinas.com\\\/site\\\/author\\\/anonimo\\\/\"}]}<\/script>\n<!-- \/ Yoast SEO plugin. -->","yoast_head_json":{"title":"Banca participativa: reclamar\u00e1n rebajas en peaje","robots":{"index":"index","follow":"follow","max-snippet":"max-snippet:-1","max-image-preview":"max-image-preview:large","max-video-preview":"max-video-preview:-1"},"canonical":"https:\/\/noticiasmercedinas.com\/site\/2022\/11\/11\/banca-participativa-reclamaran-rebajas-en-peaje\/","og_locale":"es_ES","og_type":"article","og_title":"Banca participativa: reclamar\u00e1n rebajas en peaje","og_description":"\u25a0 Marcelo Su\u00e1rez, de la Comisi\u00f3n de Vecinos, pedir\u00e1 en el Concejo que se firme un nuevo convenio para que los mercedinos vuelvan a contar con tarifas diferenciales en las cabinas de Olivera.","og_url":"https:\/\/noticiasmercedinas.com\/site\/2022\/11\/11\/banca-participativa-reclamaran-rebajas-en-peaje\/","og_site_name":"NOTICIASMERCEDINAS.COM","article_publisher":"https:\/\/www.facebook.com\/noticiasmercedinas\/","article_published_time":"2022-11-11T16:07:50+00:00","og_image":[{"width":1599,"height":899,"url":"https:\/\/noticiasmercedinas.com\/site\/wp-content\/uploads\/2022\/11\/WhatsApp-Image-2022-11-11-at-11.04.59-AM.jpeg","type":"image\/jpeg"}],"author":"NOTICIASMERCEDINAS.COM","twitter_card":"summary_large_image","twitter_creator":"@notmercedinas","twitter_site":"@notmercedinas","twitter_misc":{"Escrito por":"NOTICIASMERCEDINAS.COM","Tiempo de lectura":"2 minutos"},"schema":{"@context":"https:\/\/schema.org","@graph":[{"@type":"Article","@id":"https:\/\/noticiasmercedinas.com\/site\/2022\/11\/11\/banca-participativa-reclamaran-rebajas-en-peaje\/#article","isPartOf":{"@id":"https:\/\/noticiasmercedinas.com\/site\/2022\/11\/11\/banca-participativa-reclamaran-rebajas-en-peaje\/"},"author":{"name":"NOTICIASMERCEDINAS.COM","@id":"https:\/\/noticiasmercedinas.com\/site\/#\/schema\/person\/84b59c099c28ff2e8b77d4ceec5d8063"},"headline":"Banca participativa: reclamar\u00e1n rebajas en peaje","datePublished":"2022-11-11T16:07:50+00:00","mainEntityOfPage":{"@id":"https:\/\/noticiasmercedinas.com\/site\/2022\/11\/11\/banca-participativa-reclamaran-rebajas-en-peaje\/"},"wordCount":238,"commentCount":0,"publisher":{"@id":"https:\/\/noticiasmercedinas.com\/site\/#organization"},"image":{"@id":"https:\/\/noticiasmercedinas.com\/site\/2022\/11\/11\/banca-participativa-reclamaran-rebajas-en-peaje\/#primaryimage"},"thumbnailUrl":"https:\/\/noticiasmercedinas.com\/site\/wp-content\/uploads\/2022\/11\/WhatsApp-Image-2022-11-11-at-11.04.59-AM.jpeg","keywords":["Comisi\u00f3n de Vecinos","Marcelo suarez","Peaje Olivera"],"articleSection":["Sociedad"],"inLanguage":"es","potentialAction":[{"@type":"CommentAction","name":"Comment","target":["https:\/\/noticiasmercedinas.com\/site\/2022\/11\/11\/banca-participativa-reclamaran-rebajas-en-peaje\/#respond"]}]},{"@type":"WebPage","@id":"https:\/\/noticiasmercedinas.com\/site\/2022\/11\/11\/banca-participativa-reclamaran-rebajas-en-peaje\/","url":"https:\/\/noticiasmercedinas.com\/site\/2022\/11\/11\/banca-participativa-reclamaran-rebajas-en-peaje\/","name":"Banca participativa: reclamar\u00e1n rebajas en peaje","isPartOf":{"@id":"https:\/\/noticiasmercedinas.com\/site\/#website"},"primaryImageOfPage":{"@id":"https:\/\/noticiasmercedinas.com\/site\/2022\/11\/11\/banca-participativa-reclamaran-rebajas-en-peaje\/#primaryimage"},"image":{"@id":"https:\/\/noticiasmercedinas.com\/site\/2022\/11\/11\/banca-participativa-reclamaran-rebajas-en-peaje\/#primaryimage"},"thumbnailUrl":"https:\/\/noticiasmercedinas.com\/site\/wp-content\/uploads\/2022\/11\/WhatsApp-Image-2022-11-11-at-11.04.59-AM.jpeg","datePublished":"2022-11-11T16:07:50+00:00","breadcrumb":{"@id":"https:\/\/noticiasmercedinas.com\/site\/2022\/11\/11\/banca-participativa-reclamaran-rebajas-en-peaje\/#breadcrumb"},"inLanguage":"es","potentialAction":[{"@type":"ReadAction","target":["https:\/\/noticiasmercedinas.com\/site\/2022\/11\/11\/banca-participativa-reclamaran-rebajas-en-peaje\/"]}]},{"@type":"ImageObject","inLanguage":"es","@id":"https:\/\/noticiasmercedinas.com\/site\/2022\/11\/11\/banca-participativa-reclamaran-rebajas-en-peaje\/#primaryimage","url":"https:\/\/noticiasmercedinas.com\/site\/wp-content\/uploads\/2022\/11\/WhatsApp-Image-2022-11-11-at-11.04.59-AM.jpeg","contentUrl":"https:\/\/noticiasmercedinas.com\/site\/wp-content\/uploads\/2022\/11\/WhatsApp-Image-2022-11-11-at-11.04.59-AM.jpeg","width":1599,"height":899},{"@type":"BreadcrumbList","@id":"https:\/\/noticiasmercedinas.com\/site\/2022\/11\/11\/banca-participativa-reclamaran-rebajas-en-peaje\/#breadcrumb","itemListElement":[{"@type":"ListItem","position":1,"name":"Portada","item":"https:\/\/noticiasmercedinas.com\/site\/"},{"@type":"ListItem","position":2,"name":"Banca participativa: reclamar\u00e1n rebajas en peaje"}]},{"@type":"WebSite","@id":"https:\/\/noticiasmercedinas.com\/site\/#website","url":"https:\/\/noticiasmercedinas.com\/site\/","name":"NOTICIASMERCEDINAS.COM","description":"Mercedes, Buenos Aires, Argentina","publisher":{"@id":"https:\/\/noticiasmercedinas.com\/site\/#organization"},"potentialAction":[{"@type":"SearchAction","target":{"@type":"EntryPoint","urlTemplate":"https:\/\/noticiasmercedinas.com\/site\/?s={search_term_string}"},"query-input":{"@type":"PropertyValueSpecification","valueRequired":true,"valueName":"search_term_string"}}],"inLanguage":"es"},{"@type":"Organization","@id":"https:\/\/noticiasmercedinas.com\/site\/#organization","name":"NOTICIASMERCEDINAS.COM","url":"https:\/\/noticiasmercedinas.com\/site\/","logo":{"@type":"ImageObject","inLanguage":"es","@id":"https:\/\/noticiasmercedinas.com\/site\/#\/schema\/logo\/image\/","url":"https:\/\/noticiasmercedinas.com\/site\/wp-content\/uploads\/2020\/06\/LOGO-512.jpg","contentUrl":"https:\/\/noticiasmercedinas.com\/site\/wp-content\/uploads\/2020\/06\/LOGO-512.jpg","width":512,"height":512,"caption":"NOTICIASMERCEDINAS.COM"},"image":{"@id":"https:\/\/noticiasmercedinas.com\/site\/#\/schema\/logo\/image\/"},"sameAs":["https:\/\/www.facebook.com\/noticiasmercedinas\/","https:\/\/x.com\/notmercedinas","https:\/\/www.instagram.com\/noticiasmercedinas\/"]},{"@type":"Person","@id":"https:\/\/noticiasmercedinas.com\/site\/#\/schema\/person\/84b59c099c28ff2e8b77d4ceec5d8063","name":"NOTICIASMERCEDINAS.COM","image":{"@type":"ImageObject","inLanguage":"es","@id":"https:\/\/secure.gravatar.com\/avatar\/4dfbf16b4d17945bfb6341b2d19043457132fcf478a5ee04f42e959fd8f5df0a?s=96&d=mm&r=g","url":"https:\/\/secure.gravatar.com\/avatar\/4dfbf16b4d17945bfb6341b2d19043457132fcf478a5ee04f42e959fd8f5df0a?s=96&d=mm&r=g","contentUrl":"https:\/\/secure.gravatar.com\/avatar\/4dfbf16b4d17945bfb6341b2d19043457132fcf478a5ee04f42e959fd8f5df0a?s=96&d=mm&r=g","caption":"NOTICIASMERCEDINAS.COM"},"url":"https:\/\/noticiasmercedinas.com\/site\/author\/anonimo\/"}]}},"amp_enabled":true,"_links":{"self":[{"href":"https:\/\/noticiasmercedinas.com\/site\/wp-json\/wp\/v2\/posts\/104176","targetHints":{"allow":["GET"]}}],"collection":[{"href":"https:\/\/noticiasmercedinas.com\/site\/wp-json\/wp\/v2\/posts"}],"about":[{"href":"https:\/\/noticiasmercedinas.com\/site\/wp-json\/wp\/v2\/types\/post"}],"author":[{"embeddable":true,"href":"https:\/\/noticiasmercedinas.com\/site\/wp-json\/wp\/v2\/users\/16"}],"replies":[{"embeddable":true,"href":"https:\/\/noticiasmercedinas.com\/site\/wp-json\/wp\/v2\/comments?post=104176"}],"version-history":[{"count":1,"href":"https:\/\/noticiasmercedinas.com\/site\/wp-json\/wp\/v2\/posts\/104176\/revisions"}],"predecessor-version":[{"id":104178,"href":"https:\/\/noticiasmercedinas.com\/site\/wp-json\/wp\/v2\/posts\/104176\/revisions\/104178"}],"wp:featuredmedia":[{"embeddable":true,"href":"https:\/\/noticiasmercedinas.com\/site\/wp-json\/wp\/v2\/media\/104177"}],"wp:attachment":[{"href":"https:\/\/noticiasmercedinas.com\/site\/wp-json\/wp\/v2\/media?parent=104176"}],"wp:term":[{"taxonomy":"category","embeddable":true,"href":"https:\/\/noticiasmercedinas.com\/site\/wp-json\/wp\/v2\/categories?post=104176"},{"taxonomy":"post_tag","embeddable":true,"href":"https:\/\/noticiasmercedinas.com\/site\/wp-json\/wp\/v2\/tags?post=104176"}],"curies":[{"name":"wp","href":"https:\/\/api.w.org\/{rel}","templated":true}]}}