{"id":10432,"date":"2019-01-10T15:06:44","date_gmt":"2019-01-10T18:06:44","guid":{"rendered":"https:\/\/noticiasmercedinas.com\/site\/?p=10432"},"modified":"2019-01-10T15:06:44","modified_gmt":"2019-01-10T18:06:44","slug":"marcha-de-la-mesa-sindical-contra-los-mega-tarifazos","status":"publish","type":"post","link":"https:\/\/noticiasmercedinas.com\/site\/2019\/01\/10\/marcha-de-la-mesa-sindical-contra-los-mega-tarifazos\/","title":{"rendered":"Marcha de la Mesa Sindical contra los \u00abmega tarifazos\u00bb"},"content":{"rendered":"<p><img loading=\"lazy\" decoding=\"async\" class=\"alignnone size-large wp-image-10407\" src=\"https:\/\/noticiasmercedinas.com\/site\/wp-content\/uploads\/2019\/01\/Mesa-Sindical-Mercedes-1024x576.jpg\" alt=\"\" width=\"640\" height=\"360\" srcset=\"https:\/\/noticiasmercedinas.com\/site\/wp-content\/uploads\/2019\/01\/Mesa-Sindical-Mercedes-1024x576.jpg 1024w, https:\/\/noticiasmercedinas.com\/site\/wp-content\/uploads\/2019\/01\/Mesa-Sindical-Mercedes-300x169.jpg 300w, https:\/\/noticiasmercedinas.com\/site\/wp-content\/uploads\/2019\/01\/Mesa-Sindical-Mercedes-768x432.jpg 768w, https:\/\/noticiasmercedinas.com\/site\/wp-content\/uploads\/2019\/01\/Mesa-Sindical-Mercedes-640x360.jpg 640w, https:\/\/noticiasmercedinas.com\/site\/wp-content\/uploads\/2019\/01\/Mesa-Sindical-Mercedes-681x383.jpg 681w, https:\/\/noticiasmercedinas.com\/site\/wp-content\/uploads\/2019\/01\/Mesa-Sindical-Mercedes.jpg 1032w\" sizes=\"auto, (max-width: 640px) 100vw, 640px\" \/><\/p>\n<p>En la tarde de este jueves 10 de enero, a las 19:00 horas, se realizar\u00e1 a nivel nacional una protesta con antorchas en rechazo a los constantes tarifazos que se vienen sufriendo en el pa\u00eds. Las diferentes centrales sindicales, organizaciones sociales, agrupaciones barriales, c\u00e1maras empresarias y asociaciones de consumidores convocan, a lo largo y ancho de nuestro territorio, a ser parte de esta manifestaci\u00f3n.<\/p>\n<p>Mario Vi\u00f1ales, del Sindicato de Luz y Fuerza y part\u00edcipe de la mesa sindical Mercedes, inform\u00f3: \u201cDesde diferentes sectores se ha convocado, a nivel nacional, a manifestarse en contra de estos tarifazos y medidas econ\u00f3micas que tanto perjudican a la sociedad en general. Tratamos de manifestar esto, visualizarlo, desde la no profundizaci\u00f3n de las contradicciones pol\u00edticas de la gente. Sabemos que es dif\u00edcil que los grandes medios de comunicaci\u00f3n de hagan eco de estas movilizaciones, pero es la \u00fanica alternativa que queda\u201d.<\/p>\n<p>A su vez, Vi\u00f1ales determin\u00f3 que \u201cuno desde el lugar que est\u00e1, lo que intenta hacer es demostrar lo m\u00e1s claramente posible como es la situaci\u00f3n y tratar de informar todo lo que est\u00e1 sucediendo debido a que muchas cosas suceden y nadie se entera\u201d y agreg\u00f3 que \u201cla idea no es votar en contra o a favor de alguien, sino tratar de votar a favor de los argentinos que somos los que necesitamos que este pa\u00eds despegue\u201d.<\/p>\n<p>\u201cLa \u00fanica forma de que esto mejore es d\u00e1ndole un impulso al comercio interno, que las pymes comiencen una vez m\u00e1s a funcionar y sean dadoras de trabajo, que el excedente sea para exportar y que aquellas cosas que son propias de nuestra producci\u00f3n no tengan los precios exagerados que tienen, como es el caso de la energ\u00eda el\u00e9ctrica, el combustible, el gas o pagar precios siderales por la carne\u201d, consider\u00f3.<\/p>\n<p>\u201cDesde la Mesa Sindical Mercedes tratamos de llegar a la comunidad plante\u00e1ndoles esta realidad. Esta es una secuencia ininterrumpida de aumentos que benefician a los grandes grupos econ\u00f3micos en desmedro de los salarios de los trabajadores\u201d, opin\u00f3.<\/p>\n<p>\u201cEs muy dif\u00edcil entender por qu\u00e9 motivo la gente no termina de comprender que este gobierno lo que ha hecho en un lapso de tres a\u00f1os y pico ha sido aumentar todos los servicios en forma indiscriminada. Las empresas est\u00e1n ganando m\u00e1s de lo que deber\u00edan ganar\u201d, sostuvo el\u00a0dirigente y puso foco en una posible reforma laboral \u201cque perjudicar\u00eda notablemente a los trabajadores\u201d.<\/p>\n<p>Por ese motivo desde la Mesa Sindical est\u00e1n organizando charlas para que la gente se informe y sepa de qu\u00e9 se trata esta medida que quiere tomar el Gobierno Nacional y que va \u00aben desmedro de la clase trabajadora\u201d, tal cual sostienen.<\/p>\n","protected":false},"excerpt":{"rendered":"<p>En la tarde de este jueves 10 de enero, a las 19:00 horas, se realizar\u00e1 a nivel nacional una protesta con antorchas en rechazo a los constantes tarifazos que se vienen sufriendo en el pa\u00eds. Las diferentes centrales sindicales, organizaciones sociales, agrupaciones barriales, c\u00e1maras empresarias y asociaciones de consumidores convocan, a lo largo y ancho [&hellip;]<\/p>\n","protected":false},"author":2,"featured_media":10407,"comment_status":"open","ping_status":"open","sticky":false,"template":"","format":"standard","meta":{"footnotes":""},"categories":[3],"tags":[1326,1201,2593,1271],"class_list":["post-10432","post","type-post","status-publish","format-standard","has-post-thumbnail","hentry","category-sociedad","tag-mario-vinales","tag-mesa-sindical-mercedes","tag-protesta","tag-tarifazos"],"yoast_head":"<!-- This site is optimized with the Yoast SEO plugin v27.5 - https:\/\/yoast.com\/product\/yoast-seo-wordpress\/ -->\n<title>Marcha de la Mesa Sindical contra los &quot;mega tarifazos&quot;<\/title>\n<meta name=\"robots\" content=\"index, follow, max-snippet:-1, max-image-preview:large, max-video-preview:-1\" \/>\n<link rel=\"canonical\" href=\"https:\/\/noticiasmercedinas.com\/site\/2019\/01\/10\/marcha-de-la-mesa-sindical-contra-los-mega-tarifazos\/\" \/>\n<meta property=\"og:locale\" content=\"es_ES\" \/>\n<meta property=\"og:type\" content=\"article\" \/>\n<meta property=\"og:title\" content=\"Marcha de la Mesa Sindical contra los &quot;mega tarifazos&quot;\" \/>\n<meta property=\"og:description\" content=\"En la tarde de este jueves 10 de enero, a las 19:00 horas, se realizar\u00e1 a nivel nacional una protesta con antorchas en rechazo a los constantes tarifazos que se vienen sufriendo en el pa\u00eds. Las diferentes centrales sindicales, organizaciones sociales, agrupaciones barriales, c\u00e1maras empresarias y asociaciones de consumidores convocan, a lo largo y ancho [&hellip;]\" \/>\n<meta property=\"og:url\" content=\"https:\/\/noticiasmercedinas.com\/site\/2019\/01\/10\/marcha-de-la-mesa-sindical-contra-los-mega-tarifazos\/\" \/>\n<meta property=\"og:site_name\" content=\"NOTICIASMERCEDINAS.COM\" \/>\n<meta property=\"article:publisher\" content=\"https:\/\/www.facebook.com\/noticiasmercedinas\/\" \/>\n<meta property=\"article:author\" content=\"https:\/\/www.facebook.com\/cristian.falabella\" \/>\n<meta property=\"article:published_time\" content=\"2019-01-10T18:06:44+00:00\" \/>\n<meta property=\"og:image\" content=\"https:\/\/noticiasmercedinas.com\/site\/wp-content\/uploads\/2019\/01\/Mesa-Sindical-Mercedes.jpg\" \/>\n\t<meta property=\"og:image:width\" content=\"1032\" \/>\n\t<meta property=\"og:image:height\" content=\"581\" \/>\n\t<meta property=\"og:image:type\" content=\"image\/jpeg\" \/>\n<meta name=\"author\" content=\"Cristian Falabella NOTICIASMERCEDINAS.COM\" \/>\n<meta name=\"twitter:card\" content=\"summary_large_image\" \/>\n<meta name=\"twitter:creator\" content=\"@https:\/\/twitter.com\/NOTMERCEDINAS\" \/>\n<meta name=\"twitter:site\" content=\"@notmercedinas\" \/>\n<meta name=\"twitter:label1\" content=\"Escrito por\" \/>\n\t<meta name=\"twitter:data1\" content=\"Cristian Falabella NOTICIASMERCEDINAS.COM\" \/>\n\t<meta name=\"twitter:label2\" content=\"Tiempo de lectura\" \/>\n\t<meta name=\"twitter:data2\" content=\"2 minutos\" \/>\n<script type=\"application\/ld+json\" class=\"yoast-schema-graph\">{\"@context\":\"https:\\\/\\\/schema.org\",\"@graph\":[{\"@type\":\"Article\",\"@id\":\"https:\\\/\\\/noticiasmercedinas.com\\\/site\\\/2019\\\/01\\\/10\\\/marcha-de-la-mesa-sindical-contra-los-mega-tarifazos\\\/#article\",\"isPartOf\":{\"@id\":\"https:\\\/\\\/noticiasmercedinas.com\\\/site\\\/2019\\\/01\\\/10\\\/marcha-de-la-mesa-sindical-contra-los-mega-tarifazos\\\/\"},\"author\":{\"name\":\"Cristian Falabella NOTICIASMERCEDINAS.COM\",\"@id\":\"https:\\\/\\\/noticiasmercedinas.com\\\/site\\\/#\\\/schema\\\/person\\\/d481a9696a5feaec13a60e2bbd991a6a\"},\"headline\":\"Marcha de la Mesa Sindical contra los \u00abmega tarifazos\u00bb\",\"datePublished\":\"2019-01-10T18:06:44+00:00\",\"mainEntityOfPage\":{\"@id\":\"https:\\\/\\\/noticiasmercedinas.com\\\/site\\\/2019\\\/01\\\/10\\\/marcha-de-la-mesa-sindical-contra-los-mega-tarifazos\\\/\"},\"wordCount\":473,\"commentCount\":0,\"publisher\":{\"@id\":\"https:\\\/\\\/noticiasmercedinas.com\\\/site\\\/#organization\"},\"image\":{\"@id\":\"https:\\\/\\\/noticiasmercedinas.com\\\/site\\\/2019\\\/01\\\/10\\\/marcha-de-la-mesa-sindical-contra-los-mega-tarifazos\\\/#primaryimage\"},\"thumbnailUrl\":\"https:\\\/\\\/noticiasmercedinas.com\\\/site\\\/wp-content\\\/uploads\\\/2019\\\/01\\\/Mesa-Sindical-Mercedes.jpg\",\"keywords\":[\"mario vi\u00f1ales\",\"Mesa Sindical Mercedes\",\"protesta\",\"tarifazos\"],\"articleSection\":[\"Sociedad\"],\"inLanguage\":\"es\",\"potentialAction\":[{\"@type\":\"CommentAction\",\"name\":\"Comment\",\"target\":[\"https:\\\/\\\/noticiasmercedinas.com\\\/site\\\/2019\\\/01\\\/10\\\/marcha-de-la-mesa-sindical-contra-los-mega-tarifazos\\\/#respond\"]}]},{\"@type\":\"WebPage\",\"@id\":\"https:\\\/\\\/noticiasmercedinas.com\\\/site\\\/2019\\\/01\\\/10\\\/marcha-de-la-mesa-sindical-contra-los-mega-tarifazos\\\/\",\"url\":\"https:\\\/\\\/noticiasmercedinas.com\\\/site\\\/2019\\\/01\\\/10\\\/marcha-de-la-mesa-sindical-contra-los-mega-tarifazos\\\/\",\"name\":\"Marcha de la Mesa Sindical contra los \\\"mega tarifazos\\\"\",\"isPartOf\":{\"@id\":\"https:\\\/\\\/noticiasmercedinas.com\\\/site\\\/#website\"},\"primaryImageOfPage\":{\"@id\":\"https:\\\/\\\/noticiasmercedinas.com\\\/site\\\/2019\\\/01\\\/10\\\/marcha-de-la-mesa-sindical-contra-los-mega-tarifazos\\\/#primaryimage\"},\"image\":{\"@id\":\"https:\\\/\\\/noticiasmercedinas.com\\\/site\\\/2019\\\/01\\\/10\\\/marcha-de-la-mesa-sindical-contra-los-mega-tarifazos\\\/#primaryimage\"},\"thumbnailUrl\":\"https:\\\/\\\/noticiasmercedinas.com\\\/site\\\/wp-content\\\/uploads\\\/2019\\\/01\\\/Mesa-Sindical-Mercedes.jpg\",\"datePublished\":\"2019-01-10T18:06:44+00:00\",\"breadcrumb\":{\"@id\":\"https:\\\/\\\/noticiasmercedinas.com\\\/site\\\/2019\\\/01\\\/10\\\/marcha-de-la-mesa-sindical-contra-los-mega-tarifazos\\\/#breadcrumb\"},\"inLanguage\":\"es\",\"potentialAction\":[{\"@type\":\"ReadAction\",\"target\":[\"https:\\\/\\\/noticiasmercedinas.com\\\/site\\\/2019\\\/01\\\/10\\\/marcha-de-la-mesa-sindical-contra-los-mega-tarifazos\\\/\"]}]},{\"@type\":\"ImageObject\",\"inLanguage\":\"es\",\"@id\":\"https:\\\/\\\/noticiasmercedinas.com\\\/site\\\/2019\\\/01\\\/10\\\/marcha-de-la-mesa-sindical-contra-los-mega-tarifazos\\\/#primaryimage\",\"url\":\"https:\\\/\\\/noticiasmercedinas.com\\\/site\\\/wp-content\\\/uploads\\\/2019\\\/01\\\/Mesa-Sindical-Mercedes.jpg\",\"contentUrl\":\"https:\\\/\\\/noticiasmercedinas.com\\\/site\\\/wp-content\\\/uploads\\\/2019\\\/01\\\/Mesa-Sindical-Mercedes.jpg\",\"width\":1032,\"height\":581},{\"@type\":\"BreadcrumbList\",\"@id\":\"https:\\\/\\\/noticiasmercedinas.com\\\/site\\\/2019\\\/01\\\/10\\\/marcha-de-la-mesa-sindical-contra-los-mega-tarifazos\\\/#breadcrumb\",\"itemListElement\":[{\"@type\":\"ListItem\",\"position\":1,\"name\":\"Portada\",\"item\":\"https:\\\/\\\/noticiasmercedinas.com\\\/site\\\/\"},{\"@type\":\"ListItem\",\"position\":2,\"name\":\"Marcha de la Mesa Sindical contra los \u00abmega tarifazos\u00bb\"}]},{\"@type\":\"WebSite\",\"@id\":\"https:\\\/\\\/noticiasmercedinas.com\\\/site\\\/#website\",\"url\":\"https:\\\/\\\/noticiasmercedinas.com\\\/site\\\/\",\"name\":\"NOTICIASMERCEDINAS.COM\",\"description\":\"Mercedes, Buenos Aires, Argentina\",\"publisher\":{\"@id\":\"https:\\\/\\\/noticiasmercedinas.com\\\/site\\\/#organization\"},\"potentialAction\":[{\"@type\":\"SearchAction\",\"target\":{\"@type\":\"EntryPoint\",\"urlTemplate\":\"https:\\\/\\\/noticiasmercedinas.com\\\/site\\\/?s={search_term_string}\"},\"query-input\":{\"@type\":\"PropertyValueSpecification\",\"valueRequired\":true,\"valueName\":\"search_term_string\"}}],\"inLanguage\":\"es\"},{\"@type\":\"Organization\",\"@id\":\"https:\\\/\\\/noticiasmercedinas.com\\\/site\\\/#organization\",\"name\":\"NOTICIASMERCEDINAS.COM\",\"url\":\"https:\\\/\\\/noticiasmercedinas.com\\\/site\\\/\",\"logo\":{\"@type\":\"ImageObject\",\"inLanguage\":\"es\",\"@id\":\"https:\\\/\\\/noticiasmercedinas.com\\\/site\\\/#\\\/schema\\\/logo\\\/image\\\/\",\"url\":\"https:\\\/\\\/noticiasmercedinas.com\\\/site\\\/wp-content\\\/uploads\\\/2020\\\/06\\\/LOGO-512.jpg\",\"contentUrl\":\"https:\\\/\\\/noticiasmercedinas.com\\\/site\\\/wp-content\\\/uploads\\\/2020\\\/06\\\/LOGO-512.jpg\",\"width\":512,\"height\":512,\"caption\":\"NOTICIASMERCEDINAS.COM\"},\"image\":{\"@id\":\"https:\\\/\\\/noticiasmercedinas.com\\\/site\\\/#\\\/schema\\\/logo\\\/image\\\/\"},\"sameAs\":[\"https:\\\/\\\/www.facebook.com\\\/noticiasmercedinas\\\/\",\"https:\\\/\\\/x.com\\\/notmercedinas\",\"https:\\\/\\\/www.instagram.com\\\/noticiasmercedinas\\\/\"]},{\"@type\":\"Person\",\"@id\":\"https:\\\/\\\/noticiasmercedinas.com\\\/site\\\/#\\\/schema\\\/person\\\/d481a9696a5feaec13a60e2bbd991a6a\",\"name\":\"Cristian Falabella NOTICIASMERCEDINAS.COM\",\"image\":{\"@type\":\"ImageObject\",\"inLanguage\":\"es\",\"@id\":\"https:\\\/\\\/secure.gravatar.com\\\/avatar\\\/0dbbfc45970cc46bcd0e57766228574ff3511d6eed045b182f536f0f478c1f06?s=96&d=mm&r=g\",\"url\":\"https:\\\/\\\/secure.gravatar.com\\\/avatar\\\/0dbbfc45970cc46bcd0e57766228574ff3511d6eed045b182f536f0f478c1f06?s=96&d=mm&r=g\",\"contentUrl\":\"https:\\\/\\\/secure.gravatar.com\\\/avatar\\\/0dbbfc45970cc46bcd0e57766228574ff3511d6eed045b182f536f0f478c1f06?s=96&d=mm&r=g\",\"caption\":\"Cristian Falabella NOTICIASMERCEDINAS.COM\"},\"description\":\"Periodista, editor de Noticias Mercedinas. Pas\u00f3 por varias redacciones y emprendimientos de prensa, en distintos formatos y \u00e9pocas. Se especializ\u00f3 --y sigue haci\u00e9ndolo-- en comunicaci\u00f3n en la web y en junio de 2006 fund\u00f3 este diario digital.\",\"sameAs\":[\"https:\\\/\\\/noticiasmercedinas.com\",\"https:\\\/\\\/www.facebook.com\\\/cristian.falabella\",\"https:\\\/\\\/www.instagram.com\\\/noticiasmercedinas\\\/\",\"https:\\\/\\\/x.com\\\/https:\\\/\\\/twitter.com\\\/NOTMERCEDINAS\"],\"url\":\"https:\\\/\\\/noticiasmercedinas.com\\\/site\\\/author\\\/as000384\\\/\"}]}<\/script>\n<!-- \/ Yoast SEO plugin. -->","yoast_head_json":{"title":"Marcha de la Mesa Sindical contra los \"mega tarifazos\"","robots":{"index":"index","follow":"follow","max-snippet":"max-snippet:-1","max-image-preview":"max-image-preview:large","max-video-preview":"max-video-preview:-1"},"canonical":"https:\/\/noticiasmercedinas.com\/site\/2019\/01\/10\/marcha-de-la-mesa-sindical-contra-los-mega-tarifazos\/","og_locale":"es_ES","og_type":"article","og_title":"Marcha de la Mesa Sindical contra los \"mega tarifazos\"","og_description":"En la tarde de este jueves 10 de enero, a las 19:00 horas, se realizar\u00e1 a nivel nacional una protesta con antorchas en rechazo a los constantes tarifazos que se vienen sufriendo en el pa\u00eds. Las diferentes centrales sindicales, organizaciones sociales, agrupaciones barriales, c\u00e1maras empresarias y asociaciones de consumidores convocan, a lo largo y ancho [&hellip;]","og_url":"https:\/\/noticiasmercedinas.com\/site\/2019\/01\/10\/marcha-de-la-mesa-sindical-contra-los-mega-tarifazos\/","og_site_name":"NOTICIASMERCEDINAS.COM","article_publisher":"https:\/\/www.facebook.com\/noticiasmercedinas\/","article_author":"https:\/\/www.facebook.com\/cristian.falabella","article_published_time":"2019-01-10T18:06:44+00:00","og_image":[{"width":1032,"height":581,"url":"https:\/\/noticiasmercedinas.com\/site\/wp-content\/uploads\/2019\/01\/Mesa-Sindical-Mercedes.jpg","type":"image\/jpeg"}],"author":"Cristian Falabella NOTICIASMERCEDINAS.COM","twitter_card":"summary_large_image","twitter_creator":"@https:\/\/twitter.com\/NOTMERCEDINAS","twitter_site":"@notmercedinas","twitter_misc":{"Escrito por":"Cristian Falabella NOTICIASMERCEDINAS.COM","Tiempo de lectura":"2 minutos"},"schema":{"@context":"https:\/\/schema.org","@graph":[{"@type":"Article","@id":"https:\/\/noticiasmercedinas.com\/site\/2019\/01\/10\/marcha-de-la-mesa-sindical-contra-los-mega-tarifazos\/#article","isPartOf":{"@id":"https:\/\/noticiasmercedinas.com\/site\/2019\/01\/10\/marcha-de-la-mesa-sindical-contra-los-mega-tarifazos\/"},"author":{"name":"Cristian Falabella NOTICIASMERCEDINAS.COM","@id":"https:\/\/noticiasmercedinas.com\/site\/#\/schema\/person\/d481a9696a5feaec13a60e2bbd991a6a"},"headline":"Marcha de la Mesa Sindical contra los \u00abmega tarifazos\u00bb","datePublished":"2019-01-10T18:06:44+00:00","mainEntityOfPage":{"@id":"https:\/\/noticiasmercedinas.com\/site\/2019\/01\/10\/marcha-de-la-mesa-sindical-contra-los-mega-tarifazos\/"},"wordCount":473,"commentCount":0,"publisher":{"@id":"https:\/\/noticiasmercedinas.com\/site\/#organization"},"image":{"@id":"https:\/\/noticiasmercedinas.com\/site\/2019\/01\/10\/marcha-de-la-mesa-sindical-contra-los-mega-tarifazos\/#primaryimage"},"thumbnailUrl":"https:\/\/noticiasmercedinas.com\/site\/wp-content\/uploads\/2019\/01\/Mesa-Sindical-Mercedes.jpg","keywords":["mario vi\u00f1ales","Mesa Sindical Mercedes","protesta","tarifazos"],"articleSection":["Sociedad"],"inLanguage":"es","potentialAction":[{"@type":"CommentAction","name":"Comment","target":["https:\/\/noticiasmercedinas.com\/site\/2019\/01\/10\/marcha-de-la-mesa-sindical-contra-los-mega-tarifazos\/#respond"]}]},{"@type":"WebPage","@id":"https:\/\/noticiasmercedinas.com\/site\/2019\/01\/10\/marcha-de-la-mesa-sindical-contra-los-mega-tarifazos\/","url":"https:\/\/noticiasmercedinas.com\/site\/2019\/01\/10\/marcha-de-la-mesa-sindical-contra-los-mega-tarifazos\/","name":"Marcha de la Mesa Sindical contra los \"mega tarifazos\"","isPartOf":{"@id":"https:\/\/noticiasmercedinas.com\/site\/#website"},"primaryImageOfPage":{"@id":"https:\/\/noticiasmercedinas.com\/site\/2019\/01\/10\/marcha-de-la-mesa-sindical-contra-los-mega-tarifazos\/#primaryimage"},"image":{"@id":"https:\/\/noticiasmercedinas.com\/site\/2019\/01\/10\/marcha-de-la-mesa-sindical-contra-los-mega-tarifazos\/#primaryimage"},"thumbnailUrl":"https:\/\/noticiasmercedinas.com\/site\/wp-content\/uploads\/2019\/01\/Mesa-Sindical-Mercedes.jpg","datePublished":"2019-01-10T18:06:44+00:00","breadcrumb":{"@id":"https:\/\/noticiasmercedinas.com\/site\/2019\/01\/10\/marcha-de-la-mesa-sindical-contra-los-mega-tarifazos\/#breadcrumb"},"inLanguage":"es","potentialAction":[{"@type":"ReadAction","target":["https:\/\/noticiasmercedinas.com\/site\/2019\/01\/10\/marcha-de-la-mesa-sindical-contra-los-mega-tarifazos\/"]}]},{"@type":"ImageObject","inLanguage":"es","@id":"https:\/\/noticiasmercedinas.com\/site\/2019\/01\/10\/marcha-de-la-mesa-sindical-contra-los-mega-tarifazos\/#primaryimage","url":"https:\/\/noticiasmercedinas.com\/site\/wp-content\/uploads\/2019\/01\/Mesa-Sindical-Mercedes.jpg","contentUrl":"https:\/\/noticiasmercedinas.com\/site\/wp-content\/uploads\/2019\/01\/Mesa-Sindical-Mercedes.jpg","width":1032,"height":581},{"@type":"BreadcrumbList","@id":"https:\/\/noticiasmercedinas.com\/site\/2019\/01\/10\/marcha-de-la-mesa-sindical-contra-los-mega-tarifazos\/#breadcrumb","itemListElement":[{"@type":"ListItem","position":1,"name":"Portada","item":"https:\/\/noticiasmercedinas.com\/site\/"},{"@type":"ListItem","position":2,"name":"Marcha de la Mesa Sindical contra los \u00abmega tarifazos\u00bb"}]},{"@type":"WebSite","@id":"https:\/\/noticiasmercedinas.com\/site\/#website","url":"https:\/\/noticiasmercedinas.com\/site\/","name":"NOTICIASMERCEDINAS.COM","description":"Mercedes, Buenos Aires, Argentina","publisher":{"@id":"https:\/\/noticiasmercedinas.com\/site\/#organization"},"potentialAction":[{"@type":"SearchAction","target":{"@type":"EntryPoint","urlTemplate":"https:\/\/noticiasmercedinas.com\/site\/?s={search_term_string}"},"query-input":{"@type":"PropertyValueSpecification","valueRequired":true,"valueName":"search_term_string"}}],"inLanguage":"es"},{"@type":"Organization","@id":"https:\/\/noticiasmercedinas.com\/site\/#organization","name":"NOTICIASMERCEDINAS.COM","url":"https:\/\/noticiasmercedinas.com\/site\/","logo":{"@type":"ImageObject","inLanguage":"es","@id":"https:\/\/noticiasmercedinas.com\/site\/#\/schema\/logo\/image\/","url":"https:\/\/noticiasmercedinas.com\/site\/wp-content\/uploads\/2020\/06\/LOGO-512.jpg","contentUrl":"https:\/\/noticiasmercedinas.com\/site\/wp-content\/uploads\/2020\/06\/LOGO-512.jpg","width":512,"height":512,"caption":"NOTICIASMERCEDINAS.COM"},"image":{"@id":"https:\/\/noticiasmercedinas.com\/site\/#\/schema\/logo\/image\/"},"sameAs":["https:\/\/www.facebook.com\/noticiasmercedinas\/","https:\/\/x.com\/notmercedinas","https:\/\/www.instagram.com\/noticiasmercedinas\/"]},{"@type":"Person","@id":"https:\/\/noticiasmercedinas.com\/site\/#\/schema\/person\/d481a9696a5feaec13a60e2bbd991a6a","name":"Cristian Falabella NOTICIASMERCEDINAS.COM","image":{"@type":"ImageObject","inLanguage":"es","@id":"https:\/\/secure.gravatar.com\/avatar\/0dbbfc45970cc46bcd0e57766228574ff3511d6eed045b182f536f0f478c1f06?s=96&d=mm&r=g","url":"https:\/\/secure.gravatar.com\/avatar\/0dbbfc45970cc46bcd0e57766228574ff3511d6eed045b182f536f0f478c1f06?s=96&d=mm&r=g","contentUrl":"https:\/\/secure.gravatar.com\/avatar\/0dbbfc45970cc46bcd0e57766228574ff3511d6eed045b182f536f0f478c1f06?s=96&d=mm&r=g","caption":"Cristian Falabella NOTICIASMERCEDINAS.COM"},"description":"Periodista, editor de Noticias Mercedinas. Pas\u00f3 por varias redacciones y emprendimientos de prensa, en distintos formatos y \u00e9pocas. Se especializ\u00f3 --y sigue haci\u00e9ndolo-- en comunicaci\u00f3n en la web y en junio de 2006 fund\u00f3 este diario digital.","sameAs":["https:\/\/noticiasmercedinas.com","https:\/\/www.facebook.com\/cristian.falabella","https:\/\/www.instagram.com\/noticiasmercedinas\/","https:\/\/x.com\/https:\/\/twitter.com\/NOTMERCEDINAS"],"url":"https:\/\/noticiasmercedinas.com\/site\/author\/as000384\/"}]}},"amp_enabled":true,"_links":{"self":[{"href":"https:\/\/noticiasmercedinas.com\/site\/wp-json\/wp\/v2\/posts\/10432","targetHints":{"allow":["GET"]}}],"collection":[{"href":"https:\/\/noticiasmercedinas.com\/site\/wp-json\/wp\/v2\/posts"}],"about":[{"href":"https:\/\/noticiasmercedinas.com\/site\/wp-json\/wp\/v2\/types\/post"}],"author":[{"embeddable":true,"href":"https:\/\/noticiasmercedinas.com\/site\/wp-json\/wp\/v2\/users\/2"}],"replies":[{"embeddable":true,"href":"https:\/\/noticiasmercedinas.com\/site\/wp-json\/wp\/v2\/comments?post=10432"}],"version-history":[{"count":1,"href":"https:\/\/noticiasmercedinas.com\/site\/wp-json\/wp\/v2\/posts\/10432\/revisions"}],"predecessor-version":[{"id":10433,"href":"https:\/\/noticiasmercedinas.com\/site\/wp-json\/wp\/v2\/posts\/10432\/revisions\/10433"}],"wp:featuredmedia":[{"embeddable":true,"href":"https:\/\/noticiasmercedinas.com\/site\/wp-json\/wp\/v2\/media\/10407"}],"wp:attachment":[{"href":"https:\/\/noticiasmercedinas.com\/site\/wp-json\/wp\/v2\/media?parent=10432"}],"wp:term":[{"taxonomy":"category","embeddable":true,"href":"https:\/\/noticiasmercedinas.com\/site\/wp-json\/wp\/v2\/categories?post=10432"},{"taxonomy":"post_tag","embeddable":true,"href":"https:\/\/noticiasmercedinas.com\/site\/wp-json\/wp\/v2\/tags?post=10432"}],"curies":[{"name":"wp","href":"https:\/\/api.w.org\/{rel}","templated":true}]}}