{"id":104519,"date":"2022-11-16T08:53:31","date_gmt":"2022-11-16T11:53:31","guid":{"rendered":"https:\/\/noticiasmercedinas.com\/site\/?p=104519"},"modified":"2022-11-16T08:53:31","modified_gmt":"2022-11-16T11:53:31","slug":"semana-de-la-diabetes-salud-realiza-en-los-barrios-jornadas-de-concientizacion","status":"publish","type":"post","link":"https:\/\/noticiasmercedinas.com\/site\/2022\/11\/16\/semana-de-la-diabetes-salud-realiza-en-los-barrios-jornadas-de-concientizacion\/","title":{"rendered":"Semana de la Diabetes: Salud realiza en los barrios jornadas de concientizaci\u00f3n"},"content":{"rendered":"<p><img loading=\"lazy\" decoding=\"async\" class=\"alignnone size-full wp-image-104520\" src=\"https:\/\/noticiasmercedinas.com\/site\/wp-content\/uploads\/2022\/11\/diabetes-testing-1600x759-1.webp\" alt=\"\" width=\"650\" height=\"308\" srcset=\"https:\/\/noticiasmercedinas.com\/site\/wp-content\/uploads\/2022\/11\/diabetes-testing-1600x759-1.webp 650w, https:\/\/noticiasmercedinas.com\/site\/wp-content\/uploads\/2022\/11\/diabetes-testing-1600x759-1-300x142.webp 300w, https:\/\/noticiasmercedinas.com\/site\/wp-content\/uploads\/2022\/11\/diabetes-testing-1600x759-1-640x303.webp 640w\" sizes=\"auto, (max-width: 650px) 100vw, 650px\" \/><\/p>\n<p>El Municipio de Mercedes a trav\u00e9s de sus diferentes dispositivos de salud, y en el marco del D\u00eda de la Diabetes -se conmemor\u00f3 el 14 de noviembre- durante esta semana estar\u00e1 realizando actividades que apuntan a la prevenci\u00f3n y el cuidado de la diabetes en la ciudad.<\/p>\n<p>Camila Contreras, licenciada en Enfermer\u00eda y coordinadora de los Centros de Atenci\u00f3n Primaria para la Salud, se\u00f1al\u00f3: \u201cTratamos de llevar adelante jornadas intensivas tratando concientizar a toda la poblaci\u00f3n, adultos mayores, adultos y poblaci\u00f3n infantil, sobre esta enfermedad tan silenciosa y compleja\u201d y a\u00f1adi\u00f3 que \u201cla mejor manera es salir a los barrios, al encuentro del vecino, para que se concienticen y hagan los controles, una enfermedad simple de detectar, si nos hici\u00e9ramos al menos un control anual\u201d.<\/p>\n<p>Asimismo, Contreras inform\u00f3: \u201cEl mi\u00e9rcoles en el CAPS de Adultos Mayores (26 y 47) vamos a tener una posta de salud donde realizamos charlas, talleres, concientizando sobre la alimentaci\u00f3n y el cuidado. Y a partir de las 14:00 horas, en zona rural, en el CAPS de Agote habr\u00e1 una charla con todo lo referido al Pie Diab\u00e9tico. El d\u00eda jueves vamos a estar en la zona del CIC (calle 10 y 65) con toda la posta de salud, con el acompa\u00f1amiento de las nutricionistas y m\u00e9dicas generalistas. Y el viernes, para cerrar, vamos a estar en barrio Lomas del Pac\u00edfico en la calle 2 y 45, por lo que invitamos a todos los vecinos a que se acerquen, saquen sus dudas y se informen sobre esta enfermedad\u201d.<\/p>\n<p><strong>\u00bfQu\u00e9 es la diabetes?<br \/>\n<\/strong>La diabetes es una enfermedad cr\u00f3nica que se caracteriza por presentar niveles altos de az\u00facar en sangre.<\/p>\n<p>El az\u00facar en sangre (glucemia), cuando tiene valores por encima de lo normal, se lo denomina hiperglucemia, y cuando se sostiene en el tiempo puede dar lugar a complicaciones en diferentes \u00f3rganos.<\/p>\n<p>La diabetes es una enfermedad cr\u00f3nica, esto significa que acompa\u00f1a toda la vida a la persona que la padece. Sin embargo, con un seguimiento y tratamiento adecuado se pueden prevenir complicaciones y llevar una vida normal.<\/p>\n<p>Se estima que 1 de cada 10 argentinos de 18 a\u00f1os o m\u00e1s tiene diabetes y dado que, por varios a\u00f1os permanece sin s\u00edntomas, aproximadamente 4 de cada 10 personas que la padecen desconocen su condici\u00f3n.<\/p>\n<p>Camila Contreras remarc\u00f3: \u201cDurante este Gobierno se reestableci\u00f3 el programa que garantiza de manera gratuita, tanto lo que son las insulinas como la medicaci\u00f3n oral que se puede llegar a solicitar, realizaci\u00f3n de estudios \u2013laboratorio de sangre y orina- tiras reactivas para su medici\u00f3n y para que pueda tener los controles\u201d y agreg\u00f3 que \u201clos costos de todos estos materiales son muy altos, por lo que, esta garant\u00eda que ofrece el Estado, de brindar todos estos servicios y medicamentos, es muy importante ya que para muchos ser\u00eda inaccesible\u201d.<\/p>\n","protected":false},"excerpt":{"rendered":"<p>El Municipio de Mercedes a trav\u00e9s de sus diferentes dispositivos de salud, y en el marco del D\u00eda de la Diabetes -se conmemor\u00f3 el 14 de noviembre- durante esta semana estar\u00e1 realizando actividades que apuntan a la prevenci\u00f3n y el cuidado de la diabetes en la ciudad. Camila Contreras, licenciada en Enfermer\u00eda y coordinadora de [&hellip;]<\/p>\n","protected":false},"author":16,"featured_media":104520,"comment_status":"open","ping_status":"open","sticky":false,"template":"","format":"standard","meta":{"footnotes":""},"categories":[8992],"tags":[4554,3704,2030,71],"class_list":["post-104519","post","type-post","status-publish","format-standard","has-post-thumbnail","hentry","category-bienestar","tag-charlas","tag-controles","tag-diabetes","tag-salud"],"yoast_head":"<!-- This site is optimized with the Yoast SEO plugin v27.4 - https:\/\/yoast.com\/product\/yoast-seo-wordpress\/ -->\n<title>Semana de la Diabetes: Salud realiza en los barrios jornadas de concientizaci\u00f3n<\/title>\n<meta name=\"robots\" content=\"index, follow, max-snippet:-1, max-image-preview:large, max-video-preview:-1\" \/>\n<link rel=\"canonical\" href=\"https:\/\/noticiasmercedinas.com\/site\/2022\/11\/16\/semana-de-la-diabetes-salud-realiza-en-los-barrios-jornadas-de-concientizacion\/\" \/>\n<meta property=\"og:locale\" content=\"es_ES\" \/>\n<meta property=\"og:type\" content=\"article\" \/>\n<meta property=\"og:title\" content=\"Semana de la Diabetes: Salud realiza en los barrios jornadas de concientizaci\u00f3n\" \/>\n<meta property=\"og:description\" content=\"El Municipio de Mercedes a trav\u00e9s de sus diferentes dispositivos de salud, y en el marco del D\u00eda de la Diabetes -se conmemor\u00f3 el 14 de noviembre- durante esta semana estar\u00e1 realizando actividades que apuntan a la prevenci\u00f3n y el cuidado de la diabetes en la ciudad. Camila Contreras, licenciada en Enfermer\u00eda y coordinadora de [&hellip;]\" \/>\n<meta property=\"og:url\" content=\"https:\/\/noticiasmercedinas.com\/site\/2022\/11\/16\/semana-de-la-diabetes-salud-realiza-en-los-barrios-jornadas-de-concientizacion\/\" \/>\n<meta property=\"og:site_name\" content=\"NOTICIASMERCEDINAS.COM\" \/>\n<meta property=\"article:publisher\" content=\"https:\/\/www.facebook.com\/noticiasmercedinas\/\" \/>\n<meta property=\"article:published_time\" content=\"2022-11-16T11:53:31+00:00\" \/>\n<meta property=\"og:image\" content=\"https:\/\/noticiasmercedinas.com\/site\/wp-content\/uploads\/2022\/11\/diabetes-testing-1600x759-1.webp\" \/>\n\t<meta property=\"og:image:width\" content=\"650\" \/>\n\t<meta property=\"og:image:height\" content=\"308\" \/>\n\t<meta property=\"og:image:type\" content=\"image\/webp\" \/>\n<meta name=\"author\" content=\"NOTICIASMERCEDINAS.COM\" \/>\n<meta name=\"twitter:card\" content=\"summary_large_image\" \/>\n<meta name=\"twitter:creator\" content=\"@notmercedinas\" \/>\n<meta name=\"twitter:site\" content=\"@notmercedinas\" \/>\n<meta name=\"twitter:label1\" content=\"Escrito por\" \/>\n\t<meta name=\"twitter:data1\" content=\"NOTICIASMERCEDINAS.COM\" \/>\n\t<meta name=\"twitter:label2\" content=\"Tiempo de lectura\" \/>\n\t<meta name=\"twitter:data2\" content=\"3 minutos\" \/>\n<script type=\"application\/ld+json\" class=\"yoast-schema-graph\">{\"@context\":\"https:\\\/\\\/schema.org\",\"@graph\":[{\"@type\":\"Article\",\"@id\":\"https:\\\/\\\/noticiasmercedinas.com\\\/site\\\/2022\\\/11\\\/16\\\/semana-de-la-diabetes-salud-realiza-en-los-barrios-jornadas-de-concientizacion\\\/#article\",\"isPartOf\":{\"@id\":\"https:\\\/\\\/noticiasmercedinas.com\\\/site\\\/2022\\\/11\\\/16\\\/semana-de-la-diabetes-salud-realiza-en-los-barrios-jornadas-de-concientizacion\\\/\"},\"author\":{\"name\":\"NOTICIASMERCEDINAS.COM\",\"@id\":\"https:\\\/\\\/noticiasmercedinas.com\\\/site\\\/#\\\/schema\\\/person\\\/84b59c099c28ff2e8b77d4ceec5d8063\"},\"headline\":\"Semana de la Diabetes: Salud realiza en los barrios jornadas de concientizaci\u00f3n\",\"datePublished\":\"2022-11-16T11:53:31+00:00\",\"mainEntityOfPage\":{\"@id\":\"https:\\\/\\\/noticiasmercedinas.com\\\/site\\\/2022\\\/11\\\/16\\\/semana-de-la-diabetes-salud-realiza-en-los-barrios-jornadas-de-concientizacion\\\/\"},\"wordCount\":497,\"commentCount\":0,\"publisher\":{\"@id\":\"https:\\\/\\\/noticiasmercedinas.com\\\/site\\\/#organization\"},\"image\":{\"@id\":\"https:\\\/\\\/noticiasmercedinas.com\\\/site\\\/2022\\\/11\\\/16\\\/semana-de-la-diabetes-salud-realiza-en-los-barrios-jornadas-de-concientizacion\\\/#primaryimage\"},\"thumbnailUrl\":\"https:\\\/\\\/noticiasmercedinas.com\\\/site\\\/wp-content\\\/uploads\\\/2022\\\/11\\\/diabetes-testing-1600x759-1.webp\",\"keywords\":[\"charlas\",\"controles\",\"diabetes\",\"salud\"],\"articleSection\":[\"Bienestar\"],\"inLanguage\":\"es\",\"potentialAction\":[{\"@type\":\"CommentAction\",\"name\":\"Comment\",\"target\":[\"https:\\\/\\\/noticiasmercedinas.com\\\/site\\\/2022\\\/11\\\/16\\\/semana-de-la-diabetes-salud-realiza-en-los-barrios-jornadas-de-concientizacion\\\/#respond\"]}]},{\"@type\":\"WebPage\",\"@id\":\"https:\\\/\\\/noticiasmercedinas.com\\\/site\\\/2022\\\/11\\\/16\\\/semana-de-la-diabetes-salud-realiza-en-los-barrios-jornadas-de-concientizacion\\\/\",\"url\":\"https:\\\/\\\/noticiasmercedinas.com\\\/site\\\/2022\\\/11\\\/16\\\/semana-de-la-diabetes-salud-realiza-en-los-barrios-jornadas-de-concientizacion\\\/\",\"name\":\"Semana de la Diabetes: Salud realiza en los barrios jornadas de concientizaci\u00f3n\",\"isPartOf\":{\"@id\":\"https:\\\/\\\/noticiasmercedinas.com\\\/site\\\/#website\"},\"primaryImageOfPage\":{\"@id\":\"https:\\\/\\\/noticiasmercedinas.com\\\/site\\\/2022\\\/11\\\/16\\\/semana-de-la-diabetes-salud-realiza-en-los-barrios-jornadas-de-concientizacion\\\/#primaryimage\"},\"image\":{\"@id\":\"https:\\\/\\\/noticiasmercedinas.com\\\/site\\\/2022\\\/11\\\/16\\\/semana-de-la-diabetes-salud-realiza-en-los-barrios-jornadas-de-concientizacion\\\/#primaryimage\"},\"thumbnailUrl\":\"https:\\\/\\\/noticiasmercedinas.com\\\/site\\\/wp-content\\\/uploads\\\/2022\\\/11\\\/diabetes-testing-1600x759-1.webp\",\"datePublished\":\"2022-11-16T11:53:31+00:00\",\"breadcrumb\":{\"@id\":\"https:\\\/\\\/noticiasmercedinas.com\\\/site\\\/2022\\\/11\\\/16\\\/semana-de-la-diabetes-salud-realiza-en-los-barrios-jornadas-de-concientizacion\\\/#breadcrumb\"},\"inLanguage\":\"es\",\"potentialAction\":[{\"@type\":\"ReadAction\",\"target\":[\"https:\\\/\\\/noticiasmercedinas.com\\\/site\\\/2022\\\/11\\\/16\\\/semana-de-la-diabetes-salud-realiza-en-los-barrios-jornadas-de-concientizacion\\\/\"]}]},{\"@type\":\"ImageObject\",\"inLanguage\":\"es\",\"@id\":\"https:\\\/\\\/noticiasmercedinas.com\\\/site\\\/2022\\\/11\\\/16\\\/semana-de-la-diabetes-salud-realiza-en-los-barrios-jornadas-de-concientizacion\\\/#primaryimage\",\"url\":\"https:\\\/\\\/noticiasmercedinas.com\\\/site\\\/wp-content\\\/uploads\\\/2022\\\/11\\\/diabetes-testing-1600x759-1.webp\",\"contentUrl\":\"https:\\\/\\\/noticiasmercedinas.com\\\/site\\\/wp-content\\\/uploads\\\/2022\\\/11\\\/diabetes-testing-1600x759-1.webp\",\"width\":650,\"height\":308},{\"@type\":\"BreadcrumbList\",\"@id\":\"https:\\\/\\\/noticiasmercedinas.com\\\/site\\\/2022\\\/11\\\/16\\\/semana-de-la-diabetes-salud-realiza-en-los-barrios-jornadas-de-concientizacion\\\/#breadcrumb\",\"itemListElement\":[{\"@type\":\"ListItem\",\"position\":1,\"name\":\"Portada\",\"item\":\"https:\\\/\\\/noticiasmercedinas.com\\\/site\\\/\"},{\"@type\":\"ListItem\",\"position\":2,\"name\":\"Semana de la Diabetes: Salud realiza en los barrios jornadas de concientizaci\u00f3n\"}]},{\"@type\":\"WebSite\",\"@id\":\"https:\\\/\\\/noticiasmercedinas.com\\\/site\\\/#website\",\"url\":\"https:\\\/\\\/noticiasmercedinas.com\\\/site\\\/\",\"name\":\"NOTICIASMERCEDINAS.COM\",\"description\":\"Mercedes, Buenos Aires, Argentina\",\"publisher\":{\"@id\":\"https:\\\/\\\/noticiasmercedinas.com\\\/site\\\/#organization\"},\"potentialAction\":[{\"@type\":\"SearchAction\",\"target\":{\"@type\":\"EntryPoint\",\"urlTemplate\":\"https:\\\/\\\/noticiasmercedinas.com\\\/site\\\/?s={search_term_string}\"},\"query-input\":{\"@type\":\"PropertyValueSpecification\",\"valueRequired\":true,\"valueName\":\"search_term_string\"}}],\"inLanguage\":\"es\"},{\"@type\":\"Organization\",\"@id\":\"https:\\\/\\\/noticiasmercedinas.com\\\/site\\\/#organization\",\"name\":\"NOTICIASMERCEDINAS.COM\",\"url\":\"https:\\\/\\\/noticiasmercedinas.com\\\/site\\\/\",\"logo\":{\"@type\":\"ImageObject\",\"inLanguage\":\"es\",\"@id\":\"https:\\\/\\\/noticiasmercedinas.com\\\/site\\\/#\\\/schema\\\/logo\\\/image\\\/\",\"url\":\"https:\\\/\\\/noticiasmercedinas.com\\\/site\\\/wp-content\\\/uploads\\\/2020\\\/06\\\/LOGO-512.jpg\",\"contentUrl\":\"https:\\\/\\\/noticiasmercedinas.com\\\/site\\\/wp-content\\\/uploads\\\/2020\\\/06\\\/LOGO-512.jpg\",\"width\":512,\"height\":512,\"caption\":\"NOTICIASMERCEDINAS.COM\"},\"image\":{\"@id\":\"https:\\\/\\\/noticiasmercedinas.com\\\/site\\\/#\\\/schema\\\/logo\\\/image\\\/\"},\"sameAs\":[\"https:\\\/\\\/www.facebook.com\\\/noticiasmercedinas\\\/\",\"https:\\\/\\\/x.com\\\/notmercedinas\",\"https:\\\/\\\/www.instagram.com\\\/noticiasmercedinas\\\/\"]},{\"@type\":\"Person\",\"@id\":\"https:\\\/\\\/noticiasmercedinas.com\\\/site\\\/#\\\/schema\\\/person\\\/84b59c099c28ff2e8b77d4ceec5d8063\",\"name\":\"NOTICIASMERCEDINAS.COM\",\"image\":{\"@type\":\"ImageObject\",\"inLanguage\":\"es\",\"@id\":\"https:\\\/\\\/secure.gravatar.com\\\/avatar\\\/4dfbf16b4d17945bfb6341b2d19043457132fcf478a5ee04f42e959fd8f5df0a?s=96&d=mm&r=g\",\"url\":\"https:\\\/\\\/secure.gravatar.com\\\/avatar\\\/4dfbf16b4d17945bfb6341b2d19043457132fcf478a5ee04f42e959fd8f5df0a?s=96&d=mm&r=g\",\"contentUrl\":\"https:\\\/\\\/secure.gravatar.com\\\/avatar\\\/4dfbf16b4d17945bfb6341b2d19043457132fcf478a5ee04f42e959fd8f5df0a?s=96&d=mm&r=g\",\"caption\":\"NOTICIASMERCEDINAS.COM\"},\"url\":\"https:\\\/\\\/noticiasmercedinas.com\\\/site\\\/author\\\/anonimo\\\/\"}]}<\/script>\n<!-- \/ Yoast SEO plugin. -->","yoast_head_json":{"title":"Semana de la Diabetes: Salud realiza en los barrios jornadas de concientizaci\u00f3n","robots":{"index":"index","follow":"follow","max-snippet":"max-snippet:-1","max-image-preview":"max-image-preview:large","max-video-preview":"max-video-preview:-1"},"canonical":"https:\/\/noticiasmercedinas.com\/site\/2022\/11\/16\/semana-de-la-diabetes-salud-realiza-en-los-barrios-jornadas-de-concientizacion\/","og_locale":"es_ES","og_type":"article","og_title":"Semana de la Diabetes: Salud realiza en los barrios jornadas de concientizaci\u00f3n","og_description":"El Municipio de Mercedes a trav\u00e9s de sus diferentes dispositivos de salud, y en el marco del D\u00eda de la Diabetes -se conmemor\u00f3 el 14 de noviembre- durante esta semana estar\u00e1 realizando actividades que apuntan a la prevenci\u00f3n y el cuidado de la diabetes en la ciudad. Camila Contreras, licenciada en Enfermer\u00eda y coordinadora de [&hellip;]","og_url":"https:\/\/noticiasmercedinas.com\/site\/2022\/11\/16\/semana-de-la-diabetes-salud-realiza-en-los-barrios-jornadas-de-concientizacion\/","og_site_name":"NOTICIASMERCEDINAS.COM","article_publisher":"https:\/\/www.facebook.com\/noticiasmercedinas\/","article_published_time":"2022-11-16T11:53:31+00:00","og_image":[{"width":650,"height":308,"url":"https:\/\/noticiasmercedinas.com\/site\/wp-content\/uploads\/2022\/11\/diabetes-testing-1600x759-1.webp","type":"image\/webp"}],"author":"NOTICIASMERCEDINAS.COM","twitter_card":"summary_large_image","twitter_creator":"@notmercedinas","twitter_site":"@notmercedinas","twitter_misc":{"Escrito por":"NOTICIASMERCEDINAS.COM","Tiempo de lectura":"3 minutos"},"schema":{"@context":"https:\/\/schema.org","@graph":[{"@type":"Article","@id":"https:\/\/noticiasmercedinas.com\/site\/2022\/11\/16\/semana-de-la-diabetes-salud-realiza-en-los-barrios-jornadas-de-concientizacion\/#article","isPartOf":{"@id":"https:\/\/noticiasmercedinas.com\/site\/2022\/11\/16\/semana-de-la-diabetes-salud-realiza-en-los-barrios-jornadas-de-concientizacion\/"},"author":{"name":"NOTICIASMERCEDINAS.COM","@id":"https:\/\/noticiasmercedinas.com\/site\/#\/schema\/person\/84b59c099c28ff2e8b77d4ceec5d8063"},"headline":"Semana de la Diabetes: Salud realiza en los barrios jornadas de concientizaci\u00f3n","datePublished":"2022-11-16T11:53:31+00:00","mainEntityOfPage":{"@id":"https:\/\/noticiasmercedinas.com\/site\/2022\/11\/16\/semana-de-la-diabetes-salud-realiza-en-los-barrios-jornadas-de-concientizacion\/"},"wordCount":497,"commentCount":0,"publisher":{"@id":"https:\/\/noticiasmercedinas.com\/site\/#organization"},"image":{"@id":"https:\/\/noticiasmercedinas.com\/site\/2022\/11\/16\/semana-de-la-diabetes-salud-realiza-en-los-barrios-jornadas-de-concientizacion\/#primaryimage"},"thumbnailUrl":"https:\/\/noticiasmercedinas.com\/site\/wp-content\/uploads\/2022\/11\/diabetes-testing-1600x759-1.webp","keywords":["charlas","controles","diabetes","salud"],"articleSection":["Bienestar"],"inLanguage":"es","potentialAction":[{"@type":"CommentAction","name":"Comment","target":["https:\/\/noticiasmercedinas.com\/site\/2022\/11\/16\/semana-de-la-diabetes-salud-realiza-en-los-barrios-jornadas-de-concientizacion\/#respond"]}]},{"@type":"WebPage","@id":"https:\/\/noticiasmercedinas.com\/site\/2022\/11\/16\/semana-de-la-diabetes-salud-realiza-en-los-barrios-jornadas-de-concientizacion\/","url":"https:\/\/noticiasmercedinas.com\/site\/2022\/11\/16\/semana-de-la-diabetes-salud-realiza-en-los-barrios-jornadas-de-concientizacion\/","name":"Semana de la Diabetes: Salud realiza en los barrios jornadas de concientizaci\u00f3n","isPartOf":{"@id":"https:\/\/noticiasmercedinas.com\/site\/#website"},"primaryImageOfPage":{"@id":"https:\/\/noticiasmercedinas.com\/site\/2022\/11\/16\/semana-de-la-diabetes-salud-realiza-en-los-barrios-jornadas-de-concientizacion\/#primaryimage"},"image":{"@id":"https:\/\/noticiasmercedinas.com\/site\/2022\/11\/16\/semana-de-la-diabetes-salud-realiza-en-los-barrios-jornadas-de-concientizacion\/#primaryimage"},"thumbnailUrl":"https:\/\/noticiasmercedinas.com\/site\/wp-content\/uploads\/2022\/11\/diabetes-testing-1600x759-1.webp","datePublished":"2022-11-16T11:53:31+00:00","breadcrumb":{"@id":"https:\/\/noticiasmercedinas.com\/site\/2022\/11\/16\/semana-de-la-diabetes-salud-realiza-en-los-barrios-jornadas-de-concientizacion\/#breadcrumb"},"inLanguage":"es","potentialAction":[{"@type":"ReadAction","target":["https:\/\/noticiasmercedinas.com\/site\/2022\/11\/16\/semana-de-la-diabetes-salud-realiza-en-los-barrios-jornadas-de-concientizacion\/"]}]},{"@type":"ImageObject","inLanguage":"es","@id":"https:\/\/noticiasmercedinas.com\/site\/2022\/11\/16\/semana-de-la-diabetes-salud-realiza-en-los-barrios-jornadas-de-concientizacion\/#primaryimage","url":"https:\/\/noticiasmercedinas.com\/site\/wp-content\/uploads\/2022\/11\/diabetes-testing-1600x759-1.webp","contentUrl":"https:\/\/noticiasmercedinas.com\/site\/wp-content\/uploads\/2022\/11\/diabetes-testing-1600x759-1.webp","width":650,"height":308},{"@type":"BreadcrumbList","@id":"https:\/\/noticiasmercedinas.com\/site\/2022\/11\/16\/semana-de-la-diabetes-salud-realiza-en-los-barrios-jornadas-de-concientizacion\/#breadcrumb","itemListElement":[{"@type":"ListItem","position":1,"name":"Portada","item":"https:\/\/noticiasmercedinas.com\/site\/"},{"@type":"ListItem","position":2,"name":"Semana de la Diabetes: Salud realiza en los barrios jornadas de concientizaci\u00f3n"}]},{"@type":"WebSite","@id":"https:\/\/noticiasmercedinas.com\/site\/#website","url":"https:\/\/noticiasmercedinas.com\/site\/","name":"NOTICIASMERCEDINAS.COM","description":"Mercedes, Buenos Aires, Argentina","publisher":{"@id":"https:\/\/noticiasmercedinas.com\/site\/#organization"},"potentialAction":[{"@type":"SearchAction","target":{"@type":"EntryPoint","urlTemplate":"https:\/\/noticiasmercedinas.com\/site\/?s={search_term_string}"},"query-input":{"@type":"PropertyValueSpecification","valueRequired":true,"valueName":"search_term_string"}}],"inLanguage":"es"},{"@type":"Organization","@id":"https:\/\/noticiasmercedinas.com\/site\/#organization","name":"NOTICIASMERCEDINAS.COM","url":"https:\/\/noticiasmercedinas.com\/site\/","logo":{"@type":"ImageObject","inLanguage":"es","@id":"https:\/\/noticiasmercedinas.com\/site\/#\/schema\/logo\/image\/","url":"https:\/\/noticiasmercedinas.com\/site\/wp-content\/uploads\/2020\/06\/LOGO-512.jpg","contentUrl":"https:\/\/noticiasmercedinas.com\/site\/wp-content\/uploads\/2020\/06\/LOGO-512.jpg","width":512,"height":512,"caption":"NOTICIASMERCEDINAS.COM"},"image":{"@id":"https:\/\/noticiasmercedinas.com\/site\/#\/schema\/logo\/image\/"},"sameAs":["https:\/\/www.facebook.com\/noticiasmercedinas\/","https:\/\/x.com\/notmercedinas","https:\/\/www.instagram.com\/noticiasmercedinas\/"]},{"@type":"Person","@id":"https:\/\/noticiasmercedinas.com\/site\/#\/schema\/person\/84b59c099c28ff2e8b77d4ceec5d8063","name":"NOTICIASMERCEDINAS.COM","image":{"@type":"ImageObject","inLanguage":"es","@id":"https:\/\/secure.gravatar.com\/avatar\/4dfbf16b4d17945bfb6341b2d19043457132fcf478a5ee04f42e959fd8f5df0a?s=96&d=mm&r=g","url":"https:\/\/secure.gravatar.com\/avatar\/4dfbf16b4d17945bfb6341b2d19043457132fcf478a5ee04f42e959fd8f5df0a?s=96&d=mm&r=g","contentUrl":"https:\/\/secure.gravatar.com\/avatar\/4dfbf16b4d17945bfb6341b2d19043457132fcf478a5ee04f42e959fd8f5df0a?s=96&d=mm&r=g","caption":"NOTICIASMERCEDINAS.COM"},"url":"https:\/\/noticiasmercedinas.com\/site\/author\/anonimo\/"}]}},"amp_enabled":true,"_links":{"self":[{"href":"https:\/\/noticiasmercedinas.com\/site\/wp-json\/wp\/v2\/posts\/104519","targetHints":{"allow":["GET"]}}],"collection":[{"href":"https:\/\/noticiasmercedinas.com\/site\/wp-json\/wp\/v2\/posts"}],"about":[{"href":"https:\/\/noticiasmercedinas.com\/site\/wp-json\/wp\/v2\/types\/post"}],"author":[{"embeddable":true,"href":"https:\/\/noticiasmercedinas.com\/site\/wp-json\/wp\/v2\/users\/16"}],"replies":[{"embeddable":true,"href":"https:\/\/noticiasmercedinas.com\/site\/wp-json\/wp\/v2\/comments?post=104519"}],"version-history":[{"count":1,"href":"https:\/\/noticiasmercedinas.com\/site\/wp-json\/wp\/v2\/posts\/104519\/revisions"}],"predecessor-version":[{"id":104521,"href":"https:\/\/noticiasmercedinas.com\/site\/wp-json\/wp\/v2\/posts\/104519\/revisions\/104521"}],"wp:featuredmedia":[{"embeddable":true,"href":"https:\/\/noticiasmercedinas.com\/site\/wp-json\/wp\/v2\/media\/104520"}],"wp:attachment":[{"href":"https:\/\/noticiasmercedinas.com\/site\/wp-json\/wp\/v2\/media?parent=104519"}],"wp:term":[{"taxonomy":"category","embeddable":true,"href":"https:\/\/noticiasmercedinas.com\/site\/wp-json\/wp\/v2\/categories?post=104519"},{"taxonomy":"post_tag","embeddable":true,"href":"https:\/\/noticiasmercedinas.com\/site\/wp-json\/wp\/v2\/tags?post=104519"}],"curies":[{"name":"wp","href":"https:\/\/api.w.org\/{rel}","templated":true}]}}