{"id":104522,"date":"2022-11-16T08:56:15","date_gmt":"2022-11-16T11:56:15","guid":{"rendered":"https:\/\/noticiasmercedinas.com\/site\/?p=104522"},"modified":"2022-11-16T08:56:15","modified_gmt":"2022-11-16T11:56:15","slug":"en-provincia-extienden-campana-de-vacunacion-contra-sarampion-rubeola-paperas-y-polio","status":"publish","type":"post","link":"https:\/\/noticiasmercedinas.com\/site\/2022\/11\/16\/en-provincia-extienden-campana-de-vacunacion-contra-sarampion-rubeola-paperas-y-polio\/","title":{"rendered":"En Provincia, extienden campa\u00f1a de vacunaci\u00f3n contra sarampi\u00f3n, rub\u00e9ola, paperas y polio"},"content":{"rendered":"<p><img loading=\"lazy\" decoding=\"async\" class=\"alignnone size-large wp-image-104523\" src=\"https:\/\/noticiasmercedinas.com\/site\/wp-content\/uploads\/2022\/11\/1-11-1024x1024.jpg\" alt=\"\" width=\"640\" height=\"640\" srcset=\"https:\/\/noticiasmercedinas.com\/site\/wp-content\/uploads\/2022\/11\/1-11-1024x1024.jpg 1024w, https:\/\/noticiasmercedinas.com\/site\/wp-content\/uploads\/2022\/11\/1-11-300x300.jpg 300w, https:\/\/noticiasmercedinas.com\/site\/wp-content\/uploads\/2022\/11\/1-11-150x150.jpg 150w, https:\/\/noticiasmercedinas.com\/site\/wp-content\/uploads\/2022\/11\/1-11-768x768.jpg 768w, https:\/\/noticiasmercedinas.com\/site\/wp-content\/uploads\/2022\/11\/1-11-1536x1536.jpg 1536w, https:\/\/noticiasmercedinas.com\/site\/wp-content\/uploads\/2022\/11\/1-11-2048x2048.jpg 2048w, https:\/\/noticiasmercedinas.com\/site\/wp-content\/uploads\/2022\/11\/1-11-640x640.jpg 640w, https:\/\/noticiasmercedinas.com\/site\/wp-content\/uploads\/2022\/11\/1-11-1280x1280.jpg 1280w, https:\/\/noticiasmercedinas.com\/site\/wp-content\/uploads\/2022\/11\/1-11-681x681.jpg 681w, https:\/\/noticiasmercedinas.com\/site\/wp-content\/uploads\/2022\/11\/1-11-1362x1362.jpg 1362w\" sizes=\"auto, (max-width: 640px) 100vw, 640px\" \/><\/p>\n<p>Tras el consenso establecido en el Consejo Federal de Salud, el Ministerio de Salud provincial, extiende hasta el 11 de diciembre pr\u00f3ximo, la Campa\u00f1a Nacional de Vacunaci\u00f3n contra sarampi\u00f3n, rub\u00e9ola, paperas y poliomielitis 2022, con el objetivo de que m\u00e1s ni\u00f1os y ni\u00f1as reciban las dosis adicionales.<\/p>\n<p>Adem\u00e1s, se acord\u00f3 controlar en el ingreso escolar 2023 el carnet de vacunaci\u00f3n de cada chico y chica para verificar si cuentan con las dosis extra.<\/p>\n<p>\u201cSe decidi\u00f3 entre los Ministros y Ministras de todas las provincias para alcanzar mejores coberturas de las que tenemos actualmente. En la Provincia estamos en un 41% de cobertura. Esperamos aumentarlas en estas semanas que se extiende la Campa\u00f1a de modo de garantizar el cuidado de los chicos y las chicas\u201d, explic\u00f3 la subsecretaria de Gesti\u00f3n de la Informaci\u00f3n, Leticia Ceriani.<\/p>\n<p>La funcionaria indic\u00f3 tambi\u00e9n que en el encuentro \u201cse acord\u00f3 que en el ingreso escolar se pida como condici\u00f3n, a los ni\u00f1os y ni\u00f1as, el carnet de vacunaci\u00f3n donde conste la aplicaci\u00f3n de esta dosis, para chicos y chicas de 1 a 4 a\u00f1os, quienes son los que tienen indicada esta dosis de refuerzo\u201d.<\/p>\n<p>Por lo tanto, hasta el 11 de diciembre, se buscar\u00e1 que ni\u00f1as y ni\u00f1os bonaerenses de 13 meses a 4 a\u00f1os inclusive reciban las dosis adicionales, gratuitas y obligatorias de la vacuna Triple Viral (contra sarampi\u00f3n, rub\u00e9ola y paperas), y de la vacuna IPV (con el virus inactivado de la polio) m\u00e1s all\u00e1 de las dosis recibidas previamente; y sin necesidad de orden m\u00e9dica.<\/p>\n<p>Con la campa\u00f1a \u201cVamos a Vacunarnos\u201d se busca mantener la eliminaci\u00f3n del sarampi\u00f3n, la rub\u00e9ola, el s\u00edndrome de rub\u00e9ola cong\u00e9nita y la poliomielitis logrado en el pa\u00eds, ya que se trata de enfermedades contagiosas y graves, pero que se pueden prevenir con vacunas gratuitas y obligatorias disponibles en todos los vacunatorios del territorio bonaerense.<\/p>\n<p>Para m\u00e1s informaci\u00f3n se puede ingresar en <a href=\"http:\/\/www.gba.gob.ar\/vacunacion\">www.gba.gob.ar\/vacunacion<\/a><\/p>\n","protected":false},"excerpt":{"rendered":"<p>\u25a0\u00a0La iniciativa nacional continuar\u00e1 hasta el 11 de diciembre para inmunizar a ni\u00f1os y ni\u00f1as entre 13 meses a 4 a\u00f1os, con dosis extra de la vacuna Triple Viral y antipoliomiel\u00edtica inactivada.<\/p>\n","protected":false},"author":16,"featured_media":104523,"comment_status":"open","ping_status":"open","sticky":false,"template":"","format":"standard","meta":{"footnotes":""},"categories":[7919],"tags":[15271,15272,15757,222,365],"class_list":["post-104522","post","type-post","status-publish","format-standard","has-post-thumbnail","hentry","category-provinciales","tag-paperas","tag-polio","tag-rubeola","tag-sarampion","tag-vacunacion"],"yoast_head":"<!-- This site is optimized with the Yoast SEO plugin v27.5 - https:\/\/yoast.com\/product\/yoast-seo-wordpress\/ -->\n<title>En Provincia, extienden campa\u00f1a de vacunaci\u00f3n contra sarampi\u00f3n, rub\u00e9ola, paperas y polio<\/title>\n<meta name=\"robots\" content=\"index, follow, max-snippet:-1, max-image-preview:large, max-video-preview:-1\" \/>\n<link rel=\"canonical\" href=\"https:\/\/noticiasmercedinas.com\/site\/2022\/11\/16\/en-provincia-extienden-campana-de-vacunacion-contra-sarampion-rubeola-paperas-y-polio\/\" \/>\n<meta property=\"og:locale\" content=\"es_ES\" \/>\n<meta property=\"og:type\" content=\"article\" \/>\n<meta property=\"og:title\" content=\"En Provincia, extienden campa\u00f1a de vacunaci\u00f3n contra sarampi\u00f3n, rub\u00e9ola, paperas y polio\" \/>\n<meta property=\"og:description\" content=\"\u25a0\u00a0La iniciativa nacional continuar\u00e1 hasta el 11 de diciembre para inmunizar a ni\u00f1os y ni\u00f1as entre 13 meses a 4 a\u00f1os, con dosis extra de la vacuna Triple Viral y antipoliomiel\u00edtica inactivada.\" \/>\n<meta property=\"og:url\" content=\"https:\/\/noticiasmercedinas.com\/site\/2022\/11\/16\/en-provincia-extienden-campana-de-vacunacion-contra-sarampion-rubeola-paperas-y-polio\/\" \/>\n<meta property=\"og:site_name\" content=\"NOTICIASMERCEDINAS.COM\" \/>\n<meta property=\"article:publisher\" content=\"https:\/\/www.facebook.com\/noticiasmercedinas\/\" \/>\n<meta property=\"article:published_time\" content=\"2022-11-16T11:56:15+00:00\" \/>\n<meta property=\"og:image\" content=\"https:\/\/noticiasmercedinas.com\/site\/wp-content\/uploads\/2022\/11\/1-11.jpg\" \/>\n\t<meta property=\"og:image:width\" content=\"2250\" \/>\n\t<meta property=\"og:image:height\" content=\"2250\" \/>\n\t<meta property=\"og:image:type\" content=\"image\/jpeg\" \/>\n<meta name=\"author\" content=\"NOTICIASMERCEDINAS.COM\" \/>\n<meta name=\"twitter:card\" content=\"summary_large_image\" \/>\n<meta name=\"twitter:creator\" content=\"@notmercedinas\" \/>\n<meta name=\"twitter:site\" content=\"@notmercedinas\" \/>\n<meta name=\"twitter:label1\" content=\"Escrito por\" \/>\n\t<meta name=\"twitter:data1\" content=\"NOTICIASMERCEDINAS.COM\" \/>\n\t<meta name=\"twitter:label2\" content=\"Tiempo de lectura\" \/>\n\t<meta name=\"twitter:data2\" content=\"2 minutos\" \/>\n<script type=\"application\/ld+json\" class=\"yoast-schema-graph\">{\"@context\":\"https:\\\/\\\/schema.org\",\"@graph\":[{\"@type\":\"Article\",\"@id\":\"https:\\\/\\\/noticiasmercedinas.com\\\/site\\\/2022\\\/11\\\/16\\\/en-provincia-extienden-campana-de-vacunacion-contra-sarampion-rubeola-paperas-y-polio\\\/#article\",\"isPartOf\":{\"@id\":\"https:\\\/\\\/noticiasmercedinas.com\\\/site\\\/2022\\\/11\\\/16\\\/en-provincia-extienden-campana-de-vacunacion-contra-sarampion-rubeola-paperas-y-polio\\\/\"},\"author\":{\"name\":\"NOTICIASMERCEDINAS.COM\",\"@id\":\"https:\\\/\\\/noticiasmercedinas.com\\\/site\\\/#\\\/schema\\\/person\\\/84b59c099c28ff2e8b77d4ceec5d8063\"},\"headline\":\"En Provincia, extienden campa\u00f1a de vacunaci\u00f3n contra sarampi\u00f3n, rub\u00e9ola, paperas y polio\",\"datePublished\":\"2022-11-16T11:56:15+00:00\",\"mainEntityOfPage\":{\"@id\":\"https:\\\/\\\/noticiasmercedinas.com\\\/site\\\/2022\\\/11\\\/16\\\/en-provincia-extienden-campana-de-vacunacion-contra-sarampion-rubeola-paperas-y-polio\\\/\"},\"wordCount\":362,\"commentCount\":0,\"publisher\":{\"@id\":\"https:\\\/\\\/noticiasmercedinas.com\\\/site\\\/#organization\"},\"image\":{\"@id\":\"https:\\\/\\\/noticiasmercedinas.com\\\/site\\\/2022\\\/11\\\/16\\\/en-provincia-extienden-campana-de-vacunacion-contra-sarampion-rubeola-paperas-y-polio\\\/#primaryimage\"},\"thumbnailUrl\":\"https:\\\/\\\/noticiasmercedinas.com\\\/site\\\/wp-content\\\/uploads\\\/2022\\\/11\\\/1-11.jpg\",\"keywords\":[\"paperas\",\"polio\",\"rub\u00e9ola\",\"sarampion\",\"vacunacion\"],\"articleSection\":[\"Provinciales\"],\"inLanguage\":\"es\",\"potentialAction\":[{\"@type\":\"CommentAction\",\"name\":\"Comment\",\"target\":[\"https:\\\/\\\/noticiasmercedinas.com\\\/site\\\/2022\\\/11\\\/16\\\/en-provincia-extienden-campana-de-vacunacion-contra-sarampion-rubeola-paperas-y-polio\\\/#respond\"]}]},{\"@type\":\"WebPage\",\"@id\":\"https:\\\/\\\/noticiasmercedinas.com\\\/site\\\/2022\\\/11\\\/16\\\/en-provincia-extienden-campana-de-vacunacion-contra-sarampion-rubeola-paperas-y-polio\\\/\",\"url\":\"https:\\\/\\\/noticiasmercedinas.com\\\/site\\\/2022\\\/11\\\/16\\\/en-provincia-extienden-campana-de-vacunacion-contra-sarampion-rubeola-paperas-y-polio\\\/\",\"name\":\"En Provincia, extienden campa\u00f1a de vacunaci\u00f3n contra sarampi\u00f3n, rub\u00e9ola, paperas y polio\",\"isPartOf\":{\"@id\":\"https:\\\/\\\/noticiasmercedinas.com\\\/site\\\/#website\"},\"primaryImageOfPage\":{\"@id\":\"https:\\\/\\\/noticiasmercedinas.com\\\/site\\\/2022\\\/11\\\/16\\\/en-provincia-extienden-campana-de-vacunacion-contra-sarampion-rubeola-paperas-y-polio\\\/#primaryimage\"},\"image\":{\"@id\":\"https:\\\/\\\/noticiasmercedinas.com\\\/site\\\/2022\\\/11\\\/16\\\/en-provincia-extienden-campana-de-vacunacion-contra-sarampion-rubeola-paperas-y-polio\\\/#primaryimage\"},\"thumbnailUrl\":\"https:\\\/\\\/noticiasmercedinas.com\\\/site\\\/wp-content\\\/uploads\\\/2022\\\/11\\\/1-11.jpg\",\"datePublished\":\"2022-11-16T11:56:15+00:00\",\"breadcrumb\":{\"@id\":\"https:\\\/\\\/noticiasmercedinas.com\\\/site\\\/2022\\\/11\\\/16\\\/en-provincia-extienden-campana-de-vacunacion-contra-sarampion-rubeola-paperas-y-polio\\\/#breadcrumb\"},\"inLanguage\":\"es\",\"potentialAction\":[{\"@type\":\"ReadAction\",\"target\":[\"https:\\\/\\\/noticiasmercedinas.com\\\/site\\\/2022\\\/11\\\/16\\\/en-provincia-extienden-campana-de-vacunacion-contra-sarampion-rubeola-paperas-y-polio\\\/\"]}]},{\"@type\":\"ImageObject\",\"inLanguage\":\"es\",\"@id\":\"https:\\\/\\\/noticiasmercedinas.com\\\/site\\\/2022\\\/11\\\/16\\\/en-provincia-extienden-campana-de-vacunacion-contra-sarampion-rubeola-paperas-y-polio\\\/#primaryimage\",\"url\":\"https:\\\/\\\/noticiasmercedinas.com\\\/site\\\/wp-content\\\/uploads\\\/2022\\\/11\\\/1-11.jpg\",\"contentUrl\":\"https:\\\/\\\/noticiasmercedinas.com\\\/site\\\/wp-content\\\/uploads\\\/2022\\\/11\\\/1-11.jpg\",\"width\":2250,\"height\":2250},{\"@type\":\"BreadcrumbList\",\"@id\":\"https:\\\/\\\/noticiasmercedinas.com\\\/site\\\/2022\\\/11\\\/16\\\/en-provincia-extienden-campana-de-vacunacion-contra-sarampion-rubeola-paperas-y-polio\\\/#breadcrumb\",\"itemListElement\":[{\"@type\":\"ListItem\",\"position\":1,\"name\":\"Portada\",\"item\":\"https:\\\/\\\/noticiasmercedinas.com\\\/site\\\/\"},{\"@type\":\"ListItem\",\"position\":2,\"name\":\"En Provincia, extienden campa\u00f1a de vacunaci\u00f3n contra sarampi\u00f3n, rub\u00e9ola, paperas y polio\"}]},{\"@type\":\"WebSite\",\"@id\":\"https:\\\/\\\/noticiasmercedinas.com\\\/site\\\/#website\",\"url\":\"https:\\\/\\\/noticiasmercedinas.com\\\/site\\\/\",\"name\":\"NOTICIASMERCEDINAS.COM\",\"description\":\"Mercedes, Buenos Aires, Argentina\",\"publisher\":{\"@id\":\"https:\\\/\\\/noticiasmercedinas.com\\\/site\\\/#organization\"},\"potentialAction\":[{\"@type\":\"SearchAction\",\"target\":{\"@type\":\"EntryPoint\",\"urlTemplate\":\"https:\\\/\\\/noticiasmercedinas.com\\\/site\\\/?s={search_term_string}\"},\"query-input\":{\"@type\":\"PropertyValueSpecification\",\"valueRequired\":true,\"valueName\":\"search_term_string\"}}],\"inLanguage\":\"es\"},{\"@type\":\"Organization\",\"@id\":\"https:\\\/\\\/noticiasmercedinas.com\\\/site\\\/#organization\",\"name\":\"NOTICIASMERCEDINAS.COM\",\"url\":\"https:\\\/\\\/noticiasmercedinas.com\\\/site\\\/\",\"logo\":{\"@type\":\"ImageObject\",\"inLanguage\":\"es\",\"@id\":\"https:\\\/\\\/noticiasmercedinas.com\\\/site\\\/#\\\/schema\\\/logo\\\/image\\\/\",\"url\":\"https:\\\/\\\/noticiasmercedinas.com\\\/site\\\/wp-content\\\/uploads\\\/2020\\\/06\\\/LOGO-512.jpg\",\"contentUrl\":\"https:\\\/\\\/noticiasmercedinas.com\\\/site\\\/wp-content\\\/uploads\\\/2020\\\/06\\\/LOGO-512.jpg\",\"width\":512,\"height\":512,\"caption\":\"NOTICIASMERCEDINAS.COM\"},\"image\":{\"@id\":\"https:\\\/\\\/noticiasmercedinas.com\\\/site\\\/#\\\/schema\\\/logo\\\/image\\\/\"},\"sameAs\":[\"https:\\\/\\\/www.facebook.com\\\/noticiasmercedinas\\\/\",\"https:\\\/\\\/x.com\\\/notmercedinas\",\"https:\\\/\\\/www.instagram.com\\\/noticiasmercedinas\\\/\"]},{\"@type\":\"Person\",\"@id\":\"https:\\\/\\\/noticiasmercedinas.com\\\/site\\\/#\\\/schema\\\/person\\\/84b59c099c28ff2e8b77d4ceec5d8063\",\"name\":\"NOTICIASMERCEDINAS.COM\",\"image\":{\"@type\":\"ImageObject\",\"inLanguage\":\"es\",\"@id\":\"https:\\\/\\\/secure.gravatar.com\\\/avatar\\\/4dfbf16b4d17945bfb6341b2d19043457132fcf478a5ee04f42e959fd8f5df0a?s=96&d=mm&r=g\",\"url\":\"https:\\\/\\\/secure.gravatar.com\\\/avatar\\\/4dfbf16b4d17945bfb6341b2d19043457132fcf478a5ee04f42e959fd8f5df0a?s=96&d=mm&r=g\",\"contentUrl\":\"https:\\\/\\\/secure.gravatar.com\\\/avatar\\\/4dfbf16b4d17945bfb6341b2d19043457132fcf478a5ee04f42e959fd8f5df0a?s=96&d=mm&r=g\",\"caption\":\"NOTICIASMERCEDINAS.COM\"},\"url\":\"https:\\\/\\\/noticiasmercedinas.com\\\/site\\\/author\\\/anonimo\\\/\"}]}<\/script>\n<!-- \/ Yoast SEO plugin. -->","yoast_head_json":{"title":"En Provincia, extienden campa\u00f1a de vacunaci\u00f3n contra sarampi\u00f3n, rub\u00e9ola, paperas y polio","robots":{"index":"index","follow":"follow","max-snippet":"max-snippet:-1","max-image-preview":"max-image-preview:large","max-video-preview":"max-video-preview:-1"},"canonical":"https:\/\/noticiasmercedinas.com\/site\/2022\/11\/16\/en-provincia-extienden-campana-de-vacunacion-contra-sarampion-rubeola-paperas-y-polio\/","og_locale":"es_ES","og_type":"article","og_title":"En Provincia, extienden campa\u00f1a de vacunaci\u00f3n contra sarampi\u00f3n, rub\u00e9ola, paperas y polio","og_description":"\u25a0\u00a0La iniciativa nacional continuar\u00e1 hasta el 11 de diciembre para inmunizar a ni\u00f1os y ni\u00f1as entre 13 meses a 4 a\u00f1os, con dosis extra de la vacuna Triple Viral y antipoliomiel\u00edtica inactivada.","og_url":"https:\/\/noticiasmercedinas.com\/site\/2022\/11\/16\/en-provincia-extienden-campana-de-vacunacion-contra-sarampion-rubeola-paperas-y-polio\/","og_site_name":"NOTICIASMERCEDINAS.COM","article_publisher":"https:\/\/www.facebook.com\/noticiasmercedinas\/","article_published_time":"2022-11-16T11:56:15+00:00","og_image":[{"width":2250,"height":2250,"url":"https:\/\/noticiasmercedinas.com\/site\/wp-content\/uploads\/2022\/11\/1-11.jpg","type":"image\/jpeg"}],"author":"NOTICIASMERCEDINAS.COM","twitter_card":"summary_large_image","twitter_creator":"@notmercedinas","twitter_site":"@notmercedinas","twitter_misc":{"Escrito por":"NOTICIASMERCEDINAS.COM","Tiempo de lectura":"2 minutos"},"schema":{"@context":"https:\/\/schema.org","@graph":[{"@type":"Article","@id":"https:\/\/noticiasmercedinas.com\/site\/2022\/11\/16\/en-provincia-extienden-campana-de-vacunacion-contra-sarampion-rubeola-paperas-y-polio\/#article","isPartOf":{"@id":"https:\/\/noticiasmercedinas.com\/site\/2022\/11\/16\/en-provincia-extienden-campana-de-vacunacion-contra-sarampion-rubeola-paperas-y-polio\/"},"author":{"name":"NOTICIASMERCEDINAS.COM","@id":"https:\/\/noticiasmercedinas.com\/site\/#\/schema\/person\/84b59c099c28ff2e8b77d4ceec5d8063"},"headline":"En Provincia, extienden campa\u00f1a de vacunaci\u00f3n contra sarampi\u00f3n, rub\u00e9ola, paperas y polio","datePublished":"2022-11-16T11:56:15+00:00","mainEntityOfPage":{"@id":"https:\/\/noticiasmercedinas.com\/site\/2022\/11\/16\/en-provincia-extienden-campana-de-vacunacion-contra-sarampion-rubeola-paperas-y-polio\/"},"wordCount":362,"commentCount":0,"publisher":{"@id":"https:\/\/noticiasmercedinas.com\/site\/#organization"},"image":{"@id":"https:\/\/noticiasmercedinas.com\/site\/2022\/11\/16\/en-provincia-extienden-campana-de-vacunacion-contra-sarampion-rubeola-paperas-y-polio\/#primaryimage"},"thumbnailUrl":"https:\/\/noticiasmercedinas.com\/site\/wp-content\/uploads\/2022\/11\/1-11.jpg","keywords":["paperas","polio","rub\u00e9ola","sarampion","vacunacion"],"articleSection":["Provinciales"],"inLanguage":"es","potentialAction":[{"@type":"CommentAction","name":"Comment","target":["https:\/\/noticiasmercedinas.com\/site\/2022\/11\/16\/en-provincia-extienden-campana-de-vacunacion-contra-sarampion-rubeola-paperas-y-polio\/#respond"]}]},{"@type":"WebPage","@id":"https:\/\/noticiasmercedinas.com\/site\/2022\/11\/16\/en-provincia-extienden-campana-de-vacunacion-contra-sarampion-rubeola-paperas-y-polio\/","url":"https:\/\/noticiasmercedinas.com\/site\/2022\/11\/16\/en-provincia-extienden-campana-de-vacunacion-contra-sarampion-rubeola-paperas-y-polio\/","name":"En Provincia, extienden campa\u00f1a de vacunaci\u00f3n contra sarampi\u00f3n, rub\u00e9ola, paperas y polio","isPartOf":{"@id":"https:\/\/noticiasmercedinas.com\/site\/#website"},"primaryImageOfPage":{"@id":"https:\/\/noticiasmercedinas.com\/site\/2022\/11\/16\/en-provincia-extienden-campana-de-vacunacion-contra-sarampion-rubeola-paperas-y-polio\/#primaryimage"},"image":{"@id":"https:\/\/noticiasmercedinas.com\/site\/2022\/11\/16\/en-provincia-extienden-campana-de-vacunacion-contra-sarampion-rubeola-paperas-y-polio\/#primaryimage"},"thumbnailUrl":"https:\/\/noticiasmercedinas.com\/site\/wp-content\/uploads\/2022\/11\/1-11.jpg","datePublished":"2022-11-16T11:56:15+00:00","breadcrumb":{"@id":"https:\/\/noticiasmercedinas.com\/site\/2022\/11\/16\/en-provincia-extienden-campana-de-vacunacion-contra-sarampion-rubeola-paperas-y-polio\/#breadcrumb"},"inLanguage":"es","potentialAction":[{"@type":"ReadAction","target":["https:\/\/noticiasmercedinas.com\/site\/2022\/11\/16\/en-provincia-extienden-campana-de-vacunacion-contra-sarampion-rubeola-paperas-y-polio\/"]}]},{"@type":"ImageObject","inLanguage":"es","@id":"https:\/\/noticiasmercedinas.com\/site\/2022\/11\/16\/en-provincia-extienden-campana-de-vacunacion-contra-sarampion-rubeola-paperas-y-polio\/#primaryimage","url":"https:\/\/noticiasmercedinas.com\/site\/wp-content\/uploads\/2022\/11\/1-11.jpg","contentUrl":"https:\/\/noticiasmercedinas.com\/site\/wp-content\/uploads\/2022\/11\/1-11.jpg","width":2250,"height":2250},{"@type":"BreadcrumbList","@id":"https:\/\/noticiasmercedinas.com\/site\/2022\/11\/16\/en-provincia-extienden-campana-de-vacunacion-contra-sarampion-rubeola-paperas-y-polio\/#breadcrumb","itemListElement":[{"@type":"ListItem","position":1,"name":"Portada","item":"https:\/\/noticiasmercedinas.com\/site\/"},{"@type":"ListItem","position":2,"name":"En Provincia, extienden campa\u00f1a de vacunaci\u00f3n contra sarampi\u00f3n, rub\u00e9ola, paperas y polio"}]},{"@type":"WebSite","@id":"https:\/\/noticiasmercedinas.com\/site\/#website","url":"https:\/\/noticiasmercedinas.com\/site\/","name":"NOTICIASMERCEDINAS.COM","description":"Mercedes, Buenos Aires, Argentina","publisher":{"@id":"https:\/\/noticiasmercedinas.com\/site\/#organization"},"potentialAction":[{"@type":"SearchAction","target":{"@type":"EntryPoint","urlTemplate":"https:\/\/noticiasmercedinas.com\/site\/?s={search_term_string}"},"query-input":{"@type":"PropertyValueSpecification","valueRequired":true,"valueName":"search_term_string"}}],"inLanguage":"es"},{"@type":"Organization","@id":"https:\/\/noticiasmercedinas.com\/site\/#organization","name":"NOTICIASMERCEDINAS.COM","url":"https:\/\/noticiasmercedinas.com\/site\/","logo":{"@type":"ImageObject","inLanguage":"es","@id":"https:\/\/noticiasmercedinas.com\/site\/#\/schema\/logo\/image\/","url":"https:\/\/noticiasmercedinas.com\/site\/wp-content\/uploads\/2020\/06\/LOGO-512.jpg","contentUrl":"https:\/\/noticiasmercedinas.com\/site\/wp-content\/uploads\/2020\/06\/LOGO-512.jpg","width":512,"height":512,"caption":"NOTICIASMERCEDINAS.COM"},"image":{"@id":"https:\/\/noticiasmercedinas.com\/site\/#\/schema\/logo\/image\/"},"sameAs":["https:\/\/www.facebook.com\/noticiasmercedinas\/","https:\/\/x.com\/notmercedinas","https:\/\/www.instagram.com\/noticiasmercedinas\/"]},{"@type":"Person","@id":"https:\/\/noticiasmercedinas.com\/site\/#\/schema\/person\/84b59c099c28ff2e8b77d4ceec5d8063","name":"NOTICIASMERCEDINAS.COM","image":{"@type":"ImageObject","inLanguage":"es","@id":"https:\/\/secure.gravatar.com\/avatar\/4dfbf16b4d17945bfb6341b2d19043457132fcf478a5ee04f42e959fd8f5df0a?s=96&d=mm&r=g","url":"https:\/\/secure.gravatar.com\/avatar\/4dfbf16b4d17945bfb6341b2d19043457132fcf478a5ee04f42e959fd8f5df0a?s=96&d=mm&r=g","contentUrl":"https:\/\/secure.gravatar.com\/avatar\/4dfbf16b4d17945bfb6341b2d19043457132fcf478a5ee04f42e959fd8f5df0a?s=96&d=mm&r=g","caption":"NOTICIASMERCEDINAS.COM"},"url":"https:\/\/noticiasmercedinas.com\/site\/author\/anonimo\/"}]}},"amp_enabled":true,"_links":{"self":[{"href":"https:\/\/noticiasmercedinas.com\/site\/wp-json\/wp\/v2\/posts\/104522","targetHints":{"allow":["GET"]}}],"collection":[{"href":"https:\/\/noticiasmercedinas.com\/site\/wp-json\/wp\/v2\/posts"}],"about":[{"href":"https:\/\/noticiasmercedinas.com\/site\/wp-json\/wp\/v2\/types\/post"}],"author":[{"embeddable":true,"href":"https:\/\/noticiasmercedinas.com\/site\/wp-json\/wp\/v2\/users\/16"}],"replies":[{"embeddable":true,"href":"https:\/\/noticiasmercedinas.com\/site\/wp-json\/wp\/v2\/comments?post=104522"}],"version-history":[{"count":1,"href":"https:\/\/noticiasmercedinas.com\/site\/wp-json\/wp\/v2\/posts\/104522\/revisions"}],"predecessor-version":[{"id":104524,"href":"https:\/\/noticiasmercedinas.com\/site\/wp-json\/wp\/v2\/posts\/104522\/revisions\/104524"}],"wp:featuredmedia":[{"embeddable":true,"href":"https:\/\/noticiasmercedinas.com\/site\/wp-json\/wp\/v2\/media\/104523"}],"wp:attachment":[{"href":"https:\/\/noticiasmercedinas.com\/site\/wp-json\/wp\/v2\/media?parent=104522"}],"wp:term":[{"taxonomy":"category","embeddable":true,"href":"https:\/\/noticiasmercedinas.com\/site\/wp-json\/wp\/v2\/categories?post=104522"},{"taxonomy":"post_tag","embeddable":true,"href":"https:\/\/noticiasmercedinas.com\/site\/wp-json\/wp\/v2\/tags?post=104522"}],"curies":[{"name":"wp","href":"https:\/\/api.w.org\/{rel}","templated":true}]}}