{"id":104944,"date":"2022-11-21T12:06:27","date_gmt":"2022-11-21T15:06:27","guid":{"rendered":"https:\/\/noticiasmercedinas.com\/site\/?p=104944"},"modified":"2022-11-21T12:13:34","modified_gmt":"2022-11-21T15:13:34","slug":"ballet-santa-cecilia-mejor-desarrollo-coreografico-inclusivo-en-cosquin-joven","status":"publish","type":"post","link":"https:\/\/noticiasmercedinas.com\/site\/2022\/11\/21\/ballet-santa-cecilia-mejor-desarrollo-coreografico-inclusivo-en-cosquin-joven\/","title":{"rendered":"Ballet Santa Cecilia, \u00abMejor Desarrollo Coreogr\u00e1fico Inclusivo\u00bb en Cosqu\u00edn Joven"},"content":{"rendered":"<p><img loading=\"lazy\" decoding=\"async\" class=\"alignnone size-large wp-image-104945\" src=\"https:\/\/noticiasmercedinas.com\/site\/wp-content\/uploads\/2022\/11\/c1204fd4-42b6-4483-be0c-8bb3bd481e3f-1024x517.jpg\" alt=\"\" width=\"640\" height=\"323\" srcset=\"https:\/\/noticiasmercedinas.com\/site\/wp-content\/uploads\/2022\/11\/c1204fd4-42b6-4483-be0c-8bb3bd481e3f-1024x517.jpg 1024w, https:\/\/noticiasmercedinas.com\/site\/wp-content\/uploads\/2022\/11\/c1204fd4-42b6-4483-be0c-8bb3bd481e3f-300x152.jpg 300w, https:\/\/noticiasmercedinas.com\/site\/wp-content\/uploads\/2022\/11\/c1204fd4-42b6-4483-be0c-8bb3bd481e3f-768x388.jpg 768w, https:\/\/noticiasmercedinas.com\/site\/wp-content\/uploads\/2022\/11\/c1204fd4-42b6-4483-be0c-8bb3bd481e3f-1536x776.jpg 1536w, https:\/\/noticiasmercedinas.com\/site\/wp-content\/uploads\/2022\/11\/c1204fd4-42b6-4483-be0c-8bb3bd481e3f-640x323.jpg 640w, https:\/\/noticiasmercedinas.com\/site\/wp-content\/uploads\/2022\/11\/c1204fd4-42b6-4483-be0c-8bb3bd481e3f-1280x646.jpg 1280w, https:\/\/noticiasmercedinas.com\/site\/wp-content\/uploads\/2022\/11\/c1204fd4-42b6-4483-be0c-8bb3bd481e3f-681x344.jpg 681w, https:\/\/noticiasmercedinas.com\/site\/wp-content\/uploads\/2022\/11\/c1204fd4-42b6-4483-be0c-8bb3bd481e3f-1362x688.jpg 1362w, https:\/\/noticiasmercedinas.com\/site\/wp-content\/uploads\/2022\/11\/c1204fd4-42b6-4483-be0c-8bb3bd481e3f.jpg 1600w\" sizes=\"auto, (max-width: 640px) 100vw, 640px\" \/><\/p>\n<p>En el rubro \u00abMejor Desarrollo Coreogr\u00e1fico inclusivo\u00bb, el <strong>Ballet Santa Cecilia<\/strong> obtuvo uno de los premios mayores en el festival Cosqu\u00edn Joven.<\/p>\n<p>Santa Cecilia present\u00f3 el cuadro H\u00e9roes de Malvinas, que fue premiado como mejor desarrollo coreogr\u00e1fico inclusivo.<\/p>\n<p><img loading=\"lazy\" decoding=\"async\" class=\"alignnone size-large wp-image-104947\" src=\"https:\/\/noticiasmercedinas.com\/site\/wp-content\/uploads\/2022\/11\/fc29c818-7c41-4e00-bbf0-b7b39da9b889-662x1024.jpg\" alt=\"\" width=\"640\" height=\"990\" srcset=\"https:\/\/noticiasmercedinas.com\/site\/wp-content\/uploads\/2022\/11\/fc29c818-7c41-4e00-bbf0-b7b39da9b889-662x1024.jpg 662w, https:\/\/noticiasmercedinas.com\/site\/wp-content\/uploads\/2022\/11\/fc29c818-7c41-4e00-bbf0-b7b39da9b889-194x300.jpg 194w, https:\/\/noticiasmercedinas.com\/site\/wp-content\/uploads\/2022\/11\/fc29c818-7c41-4e00-bbf0-b7b39da9b889-768x1187.jpg 768w, https:\/\/noticiasmercedinas.com\/site\/wp-content\/uploads\/2022\/11\/fc29c818-7c41-4e00-bbf0-b7b39da9b889-640x989.jpg 640w, https:\/\/noticiasmercedinas.com\/site\/wp-content\/uploads\/2022\/11\/fc29c818-7c41-4e00-bbf0-b7b39da9b889-681x1053.jpg 681w, https:\/\/noticiasmercedinas.com\/site\/wp-content\/uploads\/2022\/11\/fc29c818-7c41-4e00-bbf0-b7b39da9b889.jpg 828w\" sizes=\"auto, (max-width: 640px) 100vw, 640px\" \/><\/p>\n<p>\u00abVinimos a participar de un Encuentro de Danzas con m\u00e1s de 4000 bailarines de todas las provincias\u00bb, destac\u00f3 <strong>Romina Bufager<\/strong>, profesora responsable del ballet, entrevistada por este medio sobre la participaci\u00f3n mercedina en este Festival que se realiza en el escenario Mayor \u00abAtahualpa Yupanqui\u00bb, y que es denominado \u00abCosqu\u00edn Joven\u00bb.<\/p>\n<p>El d\u00eda viernes la propuesta de Santa Cecilia fue el cuadro de Pachamama, y ya el d\u00eda domingo el homenaje a los H\u00e9roes de Malvinas.<\/p>\n<p>En los dos cuadros participan 25 bailarines de diversas edades. Ni\u00f1os, j\u00f3venes, adultos, se unen y abrazan la danza de una manera creativa e innovadora como nos tiene acostumbrados Santa Cecilia.<\/p>\n<p>\u00abEl d\u00eda domingo tuvimos la sorpresa de que al finalizar la actuaci\u00f3n de Malvinas nos convocaran y reunieran al grupo para darnos la distinci\u00f3n\u00bb, marc\u00f3 Bufager sobre lo que los sorprendi\u00f3 y fue la premiaci\u00f3n en el rubro \u00abMejor Desarrollo Coreogr\u00e1fico inclusivo\u00bb.<\/p>\n<blockquote><p>\u00abAc\u00e1 se trajo un grupo totalmente heterog\u00e9neo, en edades: hay ni\u00f1os, j\u00f3venes, adultos, adultos mayores, chicos especiales&#8230; Hay un grupo en el que todos participan de los dos cuadros, en ese sentido es la inclusi\u00f3n\u00bb<\/p><\/blockquote>\n<p class=\"vLAZ4d\" data-type=\"Segment\" data-start=\"0.3\" data-segment-label=\"00:00\" data-rt-id=\"bMXG43\" data-rt-kind=\"1\" data-rt-type=\"Paragraph\">\u00abFue muy emotivo porque nos llamaron aparte, nos dieron un diploma de honor y una estatuilla. Nos dec\u00edan que el premio era primero por esta estructura coreogr\u00e1fica, que les llam\u00f3 mucho la atenci\u00f3n el tema de Malvinas que toca muy profundo y que est\u00e1 hecho en danza, y gust\u00f3 mucho la m\u00fasica, tal cual nos remarcaron. Al igual que todo lo coreogr\u00e1fico y la inclusi\u00f3n. Ac\u00e1 se trajo un grupo totalmente heterog\u00e9neo, en edades: hay ni\u00f1os, j\u00f3venes, adultos, adultos mayores, chicos especiales&#8230; Hay un grupo en el que todos participan de los dos cuadros, en ese sentido es la inclusi\u00f3n. Esta posibilidad de participar, de formar parte de este cuadro, que fue muy lindo, la tuvieron todos y en eso va\u00a0la distinci\u00f3n\u00bb, coment\u00f3 desde el micro y ya en regreso a Mercedes, la profesora Bufager.<\/p>\n<p class=\"vLAZ4d\" data-type=\"Segment\" data-start=\"0.3\" data-segment-label=\"00:00\" data-rt-id=\"bMXG43\" data-rt-kind=\"1\" data-rt-type=\"Paragraph\">\u00abFue una sorpresa en realidad porque no estaba dentro de los planes del encuentro y a algunos grupos, no a todos los que participaban, los llamaban aparte para dar distintas distinciones y esta fue la nuestra\u00bb, destac\u00f3.<\/p>\n<p><img loading=\"lazy\" decoding=\"async\" class=\"alignnone wp-image-104946 size-full\" src=\"https:\/\/noticiasmercedinas.com\/site\/wp-content\/uploads\/2022\/11\/3652269f-87f4-46e5-b9d8-d34907f0fa08-e1669042126881.jpg\" alt=\"\" width=\"819\" height=\"358\" srcset=\"https:\/\/noticiasmercedinas.com\/site\/wp-content\/uploads\/2022\/11\/3652269f-87f4-46e5-b9d8-d34907f0fa08-e1669042126881.jpg 819w, https:\/\/noticiasmercedinas.com\/site\/wp-content\/uploads\/2022\/11\/3652269f-87f4-46e5-b9d8-d34907f0fa08-e1669042126881-300x131.jpg 300w, https:\/\/noticiasmercedinas.com\/site\/wp-content\/uploads\/2022\/11\/3652269f-87f4-46e5-b9d8-d34907f0fa08-e1669042126881-768x336.jpg 768w, https:\/\/noticiasmercedinas.com\/site\/wp-content\/uploads\/2022\/11\/3652269f-87f4-46e5-b9d8-d34907f0fa08-e1669042126881-640x280.jpg 640w, https:\/\/noticiasmercedinas.com\/site\/wp-content\/uploads\/2022\/11\/3652269f-87f4-46e5-b9d8-d34907f0fa08-e1669042126881-681x298.jpg 681w\" sizes=\"auto, (max-width: 819px) 100vw, 819px\" \/><\/p>\n","protected":false},"excerpt":{"rendered":"<p>\u25a0 Present\u00f3 el cuadro \u00abH\u00e9roes de Malvinas\u00bb, que fue premiado en el escenario Mayor \u00abAtahualpa Yupanqui\u00bb. \u00abFue una sorpresa\u00bb, destac\u00f3 la profesora Romina Bufager.<\/p>\n","protected":false},"author":16,"featured_media":104945,"comment_status":"open","ping_status":"open","sticky":false,"template":"","format":"standard","meta":{"footnotes":""},"categories":[4],"tags":[1940,15799,2072,1942],"class_list":["post-104944","post","type-post","status-publish","format-standard","has-post-thumbnail","hentry","category-cultura","tag-ballet-santa-cecilia","tag-cosquin-joven","tag-danzas","tag-romina-bufager"],"yoast_head":"<!-- This site is optimized with the Yoast SEO plugin v27.4 - https:\/\/yoast.com\/product\/yoast-seo-wordpress\/ -->\n<title>Ballet Santa Cecilia, &quot;Mejor Desarrollo Coreogr\u00e1fico Inclusivo&quot; en Cosqu\u00edn Joven<\/title>\n<meta name=\"robots\" content=\"index, follow, max-snippet:-1, max-image-preview:large, max-video-preview:-1\" \/>\n<link rel=\"canonical\" href=\"https:\/\/noticiasmercedinas.com\/site\/2022\/11\/21\/ballet-santa-cecilia-mejor-desarrollo-coreografico-inclusivo-en-cosquin-joven\/\" \/>\n<meta property=\"og:locale\" content=\"es_ES\" \/>\n<meta property=\"og:type\" content=\"article\" \/>\n<meta property=\"og:title\" content=\"Ballet Santa Cecilia, &quot;Mejor Desarrollo Coreogr\u00e1fico Inclusivo&quot; en Cosqu\u00edn Joven\" \/>\n<meta property=\"og:description\" content=\"\u25a0 Present\u00f3 el cuadro &quot;H\u00e9roes de Malvinas&quot;, que fue premiado en el escenario Mayor &quot;Atahualpa Yupanqui&quot;. &quot;Fue una sorpresa&quot;, destac\u00f3 la profesora Romina Bufager.\" \/>\n<meta property=\"og:url\" content=\"https:\/\/noticiasmercedinas.com\/site\/2022\/11\/21\/ballet-santa-cecilia-mejor-desarrollo-coreografico-inclusivo-en-cosquin-joven\/\" \/>\n<meta property=\"og:site_name\" content=\"NOTICIASMERCEDINAS.COM\" \/>\n<meta property=\"article:publisher\" content=\"https:\/\/www.facebook.com\/noticiasmercedinas\/\" \/>\n<meta property=\"article:published_time\" content=\"2022-11-21T15:06:27+00:00\" \/>\n<meta property=\"article:modified_time\" content=\"2022-11-21T15:13:34+00:00\" \/>\n<meta property=\"og:image\" content=\"https:\/\/noticiasmercedinas.com\/site\/wp-content\/uploads\/2022\/11\/c1204fd4-42b6-4483-be0c-8bb3bd481e3f.jpg\" \/>\n\t<meta property=\"og:image:width\" content=\"1600\" \/>\n\t<meta property=\"og:image:height\" content=\"808\" \/>\n\t<meta property=\"og:image:type\" content=\"image\/jpeg\" \/>\n<meta name=\"author\" content=\"NOTICIASMERCEDINAS.COM\" \/>\n<meta name=\"twitter:card\" content=\"summary_large_image\" \/>\n<meta name=\"twitter:creator\" content=\"@notmercedinas\" \/>\n<meta name=\"twitter:site\" content=\"@notmercedinas\" \/>\n<meta name=\"twitter:label1\" content=\"Escrito por\" \/>\n\t<meta name=\"twitter:data1\" content=\"NOTICIASMERCEDINAS.COM\" \/>\n\t<meta name=\"twitter:label2\" content=\"Tiempo de lectura\" \/>\n\t<meta name=\"twitter:data2\" content=\"3 minutos\" \/>\n<script type=\"application\/ld+json\" class=\"yoast-schema-graph\">{\"@context\":\"https:\\\/\\\/schema.org\",\"@graph\":[{\"@type\":\"Article\",\"@id\":\"https:\\\/\\\/noticiasmercedinas.com\\\/site\\\/2022\\\/11\\\/21\\\/ballet-santa-cecilia-mejor-desarrollo-coreografico-inclusivo-en-cosquin-joven\\\/#article\",\"isPartOf\":{\"@id\":\"https:\\\/\\\/noticiasmercedinas.com\\\/site\\\/2022\\\/11\\\/21\\\/ballet-santa-cecilia-mejor-desarrollo-coreografico-inclusivo-en-cosquin-joven\\\/\"},\"author\":{\"name\":\"NOTICIASMERCEDINAS.COM\",\"@id\":\"https:\\\/\\\/noticiasmercedinas.com\\\/site\\\/#\\\/schema\\\/person\\\/84b59c099c28ff2e8b77d4ceec5d8063\"},\"headline\":\"Ballet Santa Cecilia, \u00abMejor Desarrollo Coreogr\u00e1fico Inclusivo\u00bb en Cosqu\u00edn Joven\",\"datePublished\":\"2022-11-21T15:06:27+00:00\",\"dateModified\":\"2022-11-21T15:13:34+00:00\",\"mainEntityOfPage\":{\"@id\":\"https:\\\/\\\/noticiasmercedinas.com\\\/site\\\/2022\\\/11\\\/21\\\/ballet-santa-cecilia-mejor-desarrollo-coreografico-inclusivo-en-cosquin-joven\\\/\"},\"wordCount\":436,\"commentCount\":0,\"publisher\":{\"@id\":\"https:\\\/\\\/noticiasmercedinas.com\\\/site\\\/#organization\"},\"image\":{\"@id\":\"https:\\\/\\\/noticiasmercedinas.com\\\/site\\\/2022\\\/11\\\/21\\\/ballet-santa-cecilia-mejor-desarrollo-coreografico-inclusivo-en-cosquin-joven\\\/#primaryimage\"},\"thumbnailUrl\":\"https:\\\/\\\/noticiasmercedinas.com\\\/site\\\/wp-content\\\/uploads\\\/2022\\\/11\\\/c1204fd4-42b6-4483-be0c-8bb3bd481e3f.jpg\",\"keywords\":[\"ballet santa cecilia\",\"cosquin joven\",\"danzas\",\"romina bufager\"],\"articleSection\":[\"Cultura\"],\"inLanguage\":\"es\",\"potentialAction\":[{\"@type\":\"CommentAction\",\"name\":\"Comment\",\"target\":[\"https:\\\/\\\/noticiasmercedinas.com\\\/site\\\/2022\\\/11\\\/21\\\/ballet-santa-cecilia-mejor-desarrollo-coreografico-inclusivo-en-cosquin-joven\\\/#respond\"]}]},{\"@type\":\"WebPage\",\"@id\":\"https:\\\/\\\/noticiasmercedinas.com\\\/site\\\/2022\\\/11\\\/21\\\/ballet-santa-cecilia-mejor-desarrollo-coreografico-inclusivo-en-cosquin-joven\\\/\",\"url\":\"https:\\\/\\\/noticiasmercedinas.com\\\/site\\\/2022\\\/11\\\/21\\\/ballet-santa-cecilia-mejor-desarrollo-coreografico-inclusivo-en-cosquin-joven\\\/\",\"name\":\"Ballet Santa Cecilia, \\\"Mejor Desarrollo Coreogr\u00e1fico Inclusivo\\\" en Cosqu\u00edn Joven\",\"isPartOf\":{\"@id\":\"https:\\\/\\\/noticiasmercedinas.com\\\/site\\\/#website\"},\"primaryImageOfPage\":{\"@id\":\"https:\\\/\\\/noticiasmercedinas.com\\\/site\\\/2022\\\/11\\\/21\\\/ballet-santa-cecilia-mejor-desarrollo-coreografico-inclusivo-en-cosquin-joven\\\/#primaryimage\"},\"image\":{\"@id\":\"https:\\\/\\\/noticiasmercedinas.com\\\/site\\\/2022\\\/11\\\/21\\\/ballet-santa-cecilia-mejor-desarrollo-coreografico-inclusivo-en-cosquin-joven\\\/#primaryimage\"},\"thumbnailUrl\":\"https:\\\/\\\/noticiasmercedinas.com\\\/site\\\/wp-content\\\/uploads\\\/2022\\\/11\\\/c1204fd4-42b6-4483-be0c-8bb3bd481e3f.jpg\",\"datePublished\":\"2022-11-21T15:06:27+00:00\",\"dateModified\":\"2022-11-21T15:13:34+00:00\",\"breadcrumb\":{\"@id\":\"https:\\\/\\\/noticiasmercedinas.com\\\/site\\\/2022\\\/11\\\/21\\\/ballet-santa-cecilia-mejor-desarrollo-coreografico-inclusivo-en-cosquin-joven\\\/#breadcrumb\"},\"inLanguage\":\"es\",\"potentialAction\":[{\"@type\":\"ReadAction\",\"target\":[\"https:\\\/\\\/noticiasmercedinas.com\\\/site\\\/2022\\\/11\\\/21\\\/ballet-santa-cecilia-mejor-desarrollo-coreografico-inclusivo-en-cosquin-joven\\\/\"]}]},{\"@type\":\"ImageObject\",\"inLanguage\":\"es\",\"@id\":\"https:\\\/\\\/noticiasmercedinas.com\\\/site\\\/2022\\\/11\\\/21\\\/ballet-santa-cecilia-mejor-desarrollo-coreografico-inclusivo-en-cosquin-joven\\\/#primaryimage\",\"url\":\"https:\\\/\\\/noticiasmercedinas.com\\\/site\\\/wp-content\\\/uploads\\\/2022\\\/11\\\/c1204fd4-42b6-4483-be0c-8bb3bd481e3f.jpg\",\"contentUrl\":\"https:\\\/\\\/noticiasmercedinas.com\\\/site\\\/wp-content\\\/uploads\\\/2022\\\/11\\\/c1204fd4-42b6-4483-be0c-8bb3bd481e3f.jpg\",\"width\":1600,\"height\":808},{\"@type\":\"BreadcrumbList\",\"@id\":\"https:\\\/\\\/noticiasmercedinas.com\\\/site\\\/2022\\\/11\\\/21\\\/ballet-santa-cecilia-mejor-desarrollo-coreografico-inclusivo-en-cosquin-joven\\\/#breadcrumb\",\"itemListElement\":[{\"@type\":\"ListItem\",\"position\":1,\"name\":\"Portada\",\"item\":\"https:\\\/\\\/noticiasmercedinas.com\\\/site\\\/\"},{\"@type\":\"ListItem\",\"position\":2,\"name\":\"Ballet Santa Cecilia, \u00abMejor Desarrollo Coreogr\u00e1fico Inclusivo\u00bb en Cosqu\u00edn Joven\"}]},{\"@type\":\"WebSite\",\"@id\":\"https:\\\/\\\/noticiasmercedinas.com\\\/site\\\/#website\",\"url\":\"https:\\\/\\\/noticiasmercedinas.com\\\/site\\\/\",\"name\":\"NOTICIASMERCEDINAS.COM\",\"description\":\"Mercedes, Buenos Aires, Argentina\",\"publisher\":{\"@id\":\"https:\\\/\\\/noticiasmercedinas.com\\\/site\\\/#organization\"},\"potentialAction\":[{\"@type\":\"SearchAction\",\"target\":{\"@type\":\"EntryPoint\",\"urlTemplate\":\"https:\\\/\\\/noticiasmercedinas.com\\\/site\\\/?s={search_term_string}\"},\"query-input\":{\"@type\":\"PropertyValueSpecification\",\"valueRequired\":true,\"valueName\":\"search_term_string\"}}],\"inLanguage\":\"es\"},{\"@type\":\"Organization\",\"@id\":\"https:\\\/\\\/noticiasmercedinas.com\\\/site\\\/#organization\",\"name\":\"NOTICIASMERCEDINAS.COM\",\"url\":\"https:\\\/\\\/noticiasmercedinas.com\\\/site\\\/\",\"logo\":{\"@type\":\"ImageObject\",\"inLanguage\":\"es\",\"@id\":\"https:\\\/\\\/noticiasmercedinas.com\\\/site\\\/#\\\/schema\\\/logo\\\/image\\\/\",\"url\":\"https:\\\/\\\/noticiasmercedinas.com\\\/site\\\/wp-content\\\/uploads\\\/2020\\\/06\\\/LOGO-512.jpg\",\"contentUrl\":\"https:\\\/\\\/noticiasmercedinas.com\\\/site\\\/wp-content\\\/uploads\\\/2020\\\/06\\\/LOGO-512.jpg\",\"width\":512,\"height\":512,\"caption\":\"NOTICIASMERCEDINAS.COM\"},\"image\":{\"@id\":\"https:\\\/\\\/noticiasmercedinas.com\\\/site\\\/#\\\/schema\\\/logo\\\/image\\\/\"},\"sameAs\":[\"https:\\\/\\\/www.facebook.com\\\/noticiasmercedinas\\\/\",\"https:\\\/\\\/x.com\\\/notmercedinas\",\"https:\\\/\\\/www.instagram.com\\\/noticiasmercedinas\\\/\"]},{\"@type\":\"Person\",\"@id\":\"https:\\\/\\\/noticiasmercedinas.com\\\/site\\\/#\\\/schema\\\/person\\\/84b59c099c28ff2e8b77d4ceec5d8063\",\"name\":\"NOTICIASMERCEDINAS.COM\",\"image\":{\"@type\":\"ImageObject\",\"inLanguage\":\"es\",\"@id\":\"https:\\\/\\\/secure.gravatar.com\\\/avatar\\\/4dfbf16b4d17945bfb6341b2d19043457132fcf478a5ee04f42e959fd8f5df0a?s=96&d=mm&r=g\",\"url\":\"https:\\\/\\\/secure.gravatar.com\\\/avatar\\\/4dfbf16b4d17945bfb6341b2d19043457132fcf478a5ee04f42e959fd8f5df0a?s=96&d=mm&r=g\",\"contentUrl\":\"https:\\\/\\\/secure.gravatar.com\\\/avatar\\\/4dfbf16b4d17945bfb6341b2d19043457132fcf478a5ee04f42e959fd8f5df0a?s=96&d=mm&r=g\",\"caption\":\"NOTICIASMERCEDINAS.COM\"},\"url\":\"https:\\\/\\\/noticiasmercedinas.com\\\/site\\\/author\\\/anonimo\\\/\"}]}<\/script>\n<!-- \/ Yoast SEO plugin. -->","yoast_head_json":{"title":"Ballet Santa Cecilia, \"Mejor Desarrollo Coreogr\u00e1fico Inclusivo\" en Cosqu\u00edn Joven","robots":{"index":"index","follow":"follow","max-snippet":"max-snippet:-1","max-image-preview":"max-image-preview:large","max-video-preview":"max-video-preview:-1"},"canonical":"https:\/\/noticiasmercedinas.com\/site\/2022\/11\/21\/ballet-santa-cecilia-mejor-desarrollo-coreografico-inclusivo-en-cosquin-joven\/","og_locale":"es_ES","og_type":"article","og_title":"Ballet Santa Cecilia, \"Mejor Desarrollo Coreogr\u00e1fico Inclusivo\" en Cosqu\u00edn Joven","og_description":"\u25a0 Present\u00f3 el cuadro \"H\u00e9roes de Malvinas\", que fue premiado en el escenario Mayor \"Atahualpa Yupanqui\". \"Fue una sorpresa\", destac\u00f3 la profesora Romina Bufager.","og_url":"https:\/\/noticiasmercedinas.com\/site\/2022\/11\/21\/ballet-santa-cecilia-mejor-desarrollo-coreografico-inclusivo-en-cosquin-joven\/","og_site_name":"NOTICIASMERCEDINAS.COM","article_publisher":"https:\/\/www.facebook.com\/noticiasmercedinas\/","article_published_time":"2022-11-21T15:06:27+00:00","article_modified_time":"2022-11-21T15:13:34+00:00","og_image":[{"width":1600,"height":808,"url":"https:\/\/noticiasmercedinas.com\/site\/wp-content\/uploads\/2022\/11\/c1204fd4-42b6-4483-be0c-8bb3bd481e3f.jpg","type":"image\/jpeg"}],"author":"NOTICIASMERCEDINAS.COM","twitter_card":"summary_large_image","twitter_creator":"@notmercedinas","twitter_site":"@notmercedinas","twitter_misc":{"Escrito por":"NOTICIASMERCEDINAS.COM","Tiempo de lectura":"3 minutos"},"schema":{"@context":"https:\/\/schema.org","@graph":[{"@type":"Article","@id":"https:\/\/noticiasmercedinas.com\/site\/2022\/11\/21\/ballet-santa-cecilia-mejor-desarrollo-coreografico-inclusivo-en-cosquin-joven\/#article","isPartOf":{"@id":"https:\/\/noticiasmercedinas.com\/site\/2022\/11\/21\/ballet-santa-cecilia-mejor-desarrollo-coreografico-inclusivo-en-cosquin-joven\/"},"author":{"name":"NOTICIASMERCEDINAS.COM","@id":"https:\/\/noticiasmercedinas.com\/site\/#\/schema\/person\/84b59c099c28ff2e8b77d4ceec5d8063"},"headline":"Ballet Santa Cecilia, \u00abMejor Desarrollo Coreogr\u00e1fico Inclusivo\u00bb en Cosqu\u00edn Joven","datePublished":"2022-11-21T15:06:27+00:00","dateModified":"2022-11-21T15:13:34+00:00","mainEntityOfPage":{"@id":"https:\/\/noticiasmercedinas.com\/site\/2022\/11\/21\/ballet-santa-cecilia-mejor-desarrollo-coreografico-inclusivo-en-cosquin-joven\/"},"wordCount":436,"commentCount":0,"publisher":{"@id":"https:\/\/noticiasmercedinas.com\/site\/#organization"},"image":{"@id":"https:\/\/noticiasmercedinas.com\/site\/2022\/11\/21\/ballet-santa-cecilia-mejor-desarrollo-coreografico-inclusivo-en-cosquin-joven\/#primaryimage"},"thumbnailUrl":"https:\/\/noticiasmercedinas.com\/site\/wp-content\/uploads\/2022\/11\/c1204fd4-42b6-4483-be0c-8bb3bd481e3f.jpg","keywords":["ballet santa cecilia","cosquin joven","danzas","romina bufager"],"articleSection":["Cultura"],"inLanguage":"es","potentialAction":[{"@type":"CommentAction","name":"Comment","target":["https:\/\/noticiasmercedinas.com\/site\/2022\/11\/21\/ballet-santa-cecilia-mejor-desarrollo-coreografico-inclusivo-en-cosquin-joven\/#respond"]}]},{"@type":"WebPage","@id":"https:\/\/noticiasmercedinas.com\/site\/2022\/11\/21\/ballet-santa-cecilia-mejor-desarrollo-coreografico-inclusivo-en-cosquin-joven\/","url":"https:\/\/noticiasmercedinas.com\/site\/2022\/11\/21\/ballet-santa-cecilia-mejor-desarrollo-coreografico-inclusivo-en-cosquin-joven\/","name":"Ballet Santa Cecilia, \"Mejor Desarrollo Coreogr\u00e1fico Inclusivo\" en Cosqu\u00edn Joven","isPartOf":{"@id":"https:\/\/noticiasmercedinas.com\/site\/#website"},"primaryImageOfPage":{"@id":"https:\/\/noticiasmercedinas.com\/site\/2022\/11\/21\/ballet-santa-cecilia-mejor-desarrollo-coreografico-inclusivo-en-cosquin-joven\/#primaryimage"},"image":{"@id":"https:\/\/noticiasmercedinas.com\/site\/2022\/11\/21\/ballet-santa-cecilia-mejor-desarrollo-coreografico-inclusivo-en-cosquin-joven\/#primaryimage"},"thumbnailUrl":"https:\/\/noticiasmercedinas.com\/site\/wp-content\/uploads\/2022\/11\/c1204fd4-42b6-4483-be0c-8bb3bd481e3f.jpg","datePublished":"2022-11-21T15:06:27+00:00","dateModified":"2022-11-21T15:13:34+00:00","breadcrumb":{"@id":"https:\/\/noticiasmercedinas.com\/site\/2022\/11\/21\/ballet-santa-cecilia-mejor-desarrollo-coreografico-inclusivo-en-cosquin-joven\/#breadcrumb"},"inLanguage":"es","potentialAction":[{"@type":"ReadAction","target":["https:\/\/noticiasmercedinas.com\/site\/2022\/11\/21\/ballet-santa-cecilia-mejor-desarrollo-coreografico-inclusivo-en-cosquin-joven\/"]}]},{"@type":"ImageObject","inLanguage":"es","@id":"https:\/\/noticiasmercedinas.com\/site\/2022\/11\/21\/ballet-santa-cecilia-mejor-desarrollo-coreografico-inclusivo-en-cosquin-joven\/#primaryimage","url":"https:\/\/noticiasmercedinas.com\/site\/wp-content\/uploads\/2022\/11\/c1204fd4-42b6-4483-be0c-8bb3bd481e3f.jpg","contentUrl":"https:\/\/noticiasmercedinas.com\/site\/wp-content\/uploads\/2022\/11\/c1204fd4-42b6-4483-be0c-8bb3bd481e3f.jpg","width":1600,"height":808},{"@type":"BreadcrumbList","@id":"https:\/\/noticiasmercedinas.com\/site\/2022\/11\/21\/ballet-santa-cecilia-mejor-desarrollo-coreografico-inclusivo-en-cosquin-joven\/#breadcrumb","itemListElement":[{"@type":"ListItem","position":1,"name":"Portada","item":"https:\/\/noticiasmercedinas.com\/site\/"},{"@type":"ListItem","position":2,"name":"Ballet Santa Cecilia, \u00abMejor Desarrollo Coreogr\u00e1fico Inclusivo\u00bb en Cosqu\u00edn Joven"}]},{"@type":"WebSite","@id":"https:\/\/noticiasmercedinas.com\/site\/#website","url":"https:\/\/noticiasmercedinas.com\/site\/","name":"NOTICIASMERCEDINAS.COM","description":"Mercedes, Buenos Aires, Argentina","publisher":{"@id":"https:\/\/noticiasmercedinas.com\/site\/#organization"},"potentialAction":[{"@type":"SearchAction","target":{"@type":"EntryPoint","urlTemplate":"https:\/\/noticiasmercedinas.com\/site\/?s={search_term_string}"},"query-input":{"@type":"PropertyValueSpecification","valueRequired":true,"valueName":"search_term_string"}}],"inLanguage":"es"},{"@type":"Organization","@id":"https:\/\/noticiasmercedinas.com\/site\/#organization","name":"NOTICIASMERCEDINAS.COM","url":"https:\/\/noticiasmercedinas.com\/site\/","logo":{"@type":"ImageObject","inLanguage":"es","@id":"https:\/\/noticiasmercedinas.com\/site\/#\/schema\/logo\/image\/","url":"https:\/\/noticiasmercedinas.com\/site\/wp-content\/uploads\/2020\/06\/LOGO-512.jpg","contentUrl":"https:\/\/noticiasmercedinas.com\/site\/wp-content\/uploads\/2020\/06\/LOGO-512.jpg","width":512,"height":512,"caption":"NOTICIASMERCEDINAS.COM"},"image":{"@id":"https:\/\/noticiasmercedinas.com\/site\/#\/schema\/logo\/image\/"},"sameAs":["https:\/\/www.facebook.com\/noticiasmercedinas\/","https:\/\/x.com\/notmercedinas","https:\/\/www.instagram.com\/noticiasmercedinas\/"]},{"@type":"Person","@id":"https:\/\/noticiasmercedinas.com\/site\/#\/schema\/person\/84b59c099c28ff2e8b77d4ceec5d8063","name":"NOTICIASMERCEDINAS.COM","image":{"@type":"ImageObject","inLanguage":"es","@id":"https:\/\/secure.gravatar.com\/avatar\/4dfbf16b4d17945bfb6341b2d19043457132fcf478a5ee04f42e959fd8f5df0a?s=96&d=mm&r=g","url":"https:\/\/secure.gravatar.com\/avatar\/4dfbf16b4d17945bfb6341b2d19043457132fcf478a5ee04f42e959fd8f5df0a?s=96&d=mm&r=g","contentUrl":"https:\/\/secure.gravatar.com\/avatar\/4dfbf16b4d17945bfb6341b2d19043457132fcf478a5ee04f42e959fd8f5df0a?s=96&d=mm&r=g","caption":"NOTICIASMERCEDINAS.COM"},"url":"https:\/\/noticiasmercedinas.com\/site\/author\/anonimo\/"}]}},"amp_enabled":true,"_links":{"self":[{"href":"https:\/\/noticiasmercedinas.com\/site\/wp-json\/wp\/v2\/posts\/104944","targetHints":{"allow":["GET"]}}],"collection":[{"href":"https:\/\/noticiasmercedinas.com\/site\/wp-json\/wp\/v2\/posts"}],"about":[{"href":"https:\/\/noticiasmercedinas.com\/site\/wp-json\/wp\/v2\/types\/post"}],"author":[{"embeddable":true,"href":"https:\/\/noticiasmercedinas.com\/site\/wp-json\/wp\/v2\/users\/16"}],"replies":[{"embeddable":true,"href":"https:\/\/noticiasmercedinas.com\/site\/wp-json\/wp\/v2\/comments?post=104944"}],"version-history":[{"count":2,"href":"https:\/\/noticiasmercedinas.com\/site\/wp-json\/wp\/v2\/posts\/104944\/revisions"}],"predecessor-version":[{"id":104949,"href":"https:\/\/noticiasmercedinas.com\/site\/wp-json\/wp\/v2\/posts\/104944\/revisions\/104949"}],"wp:featuredmedia":[{"embeddable":true,"href":"https:\/\/noticiasmercedinas.com\/site\/wp-json\/wp\/v2\/media\/104945"}],"wp:attachment":[{"href":"https:\/\/noticiasmercedinas.com\/site\/wp-json\/wp\/v2\/media?parent=104944"}],"wp:term":[{"taxonomy":"category","embeddable":true,"href":"https:\/\/noticiasmercedinas.com\/site\/wp-json\/wp\/v2\/categories?post=104944"},{"taxonomy":"post_tag","embeddable":true,"href":"https:\/\/noticiasmercedinas.com\/site\/wp-json\/wp\/v2\/tags?post=104944"}],"curies":[{"name":"wp","href":"https:\/\/api.w.org\/{rel}","templated":true}]}}