{"id":105016,"date":"2022-11-22T14:27:47","date_gmt":"2022-11-22T17:27:47","guid":{"rendered":"https:\/\/noticiasmercedinas.com\/site\/?p=105016"},"modified":"2022-11-22T14:27:47","modified_gmt":"2022-11-22T17:27:47","slug":"rector-de-la-unlu-firmo-convenio-para-segunda-etapa-de-programa-de-infraestructura","status":"publish","type":"post","link":"https:\/\/noticiasmercedinas.com\/site\/2022\/11\/22\/rector-de-la-unlu-firmo-convenio-para-segunda-etapa-de-programa-de-infraestructura\/","title":{"rendered":"Rector de la UNLu firm\u00f3 convenio para segunda etapa de Programa de Infraestructura"},"content":{"rendered":"<p><img loading=\"lazy\" decoding=\"async\" class=\"alignnone size-full wp-image-105017\" src=\"https:\/\/noticiasmercedinas.com\/site\/wp-content\/uploads\/2022\/11\/unnamed-1.jpg\" alt=\"\" width=\"640\" height=\"480\" srcset=\"https:\/\/noticiasmercedinas.com\/site\/wp-content\/uploads\/2022\/11\/unnamed-1.jpg 640w, https:\/\/noticiasmercedinas.com\/site\/wp-content\/uploads\/2022\/11\/unnamed-1-300x225.jpg 300w, https:\/\/noticiasmercedinas.com\/site\/wp-content\/uploads\/2022\/11\/unnamed-1-80x60.jpg 80w, https:\/\/noticiasmercedinas.com\/site\/wp-content\/uploads\/2022\/11\/unnamed-1-160x120.jpg 160w, https:\/\/noticiasmercedinas.com\/site\/wp-content\/uploads\/2022\/11\/unnamed-1-100x75.jpg 100w, https:\/\/noticiasmercedinas.com\/site\/wp-content\/uploads\/2022\/11\/unnamed-1-200x150.jpg 200w, https:\/\/noticiasmercedinas.com\/site\/wp-content\/uploads\/2022\/11\/unnamed-1-180x135.jpg 180w, https:\/\/noticiasmercedinas.com\/site\/wp-content\/uploads\/2022\/11\/unnamed-1-360x270.jpg 360w, https:\/\/noticiasmercedinas.com\/site\/wp-content\/uploads\/2022\/11\/unnamed-1-238x178.jpg 238w, https:\/\/noticiasmercedinas.com\/site\/wp-content\/uploads\/2022\/11\/unnamed-1-476x356.jpg 476w\" sizes=\"auto, (max-width: 640px) 100vw, 640px\" \/><\/p>\n<p>El rector de la Universidad Nacional de Luj\u00e1n, Walter Panessi, particip\u00f3 el viernes 18 del acto en el que se firmaron los convenios para la segunda etapa del Programa Nacional de Infraestructura Universitaria.<\/p>\n<p>La reuni\u00f3n fue encabezada por los ministros de Educaci\u00f3n, Jaime Perczyk, y de Obras P\u00fablicas de la Naci\u00f3n, Gabriel Katopodis, quienes rubricaron acuerdos para el financiamiento de 13 obras para universidades nacionales por una inversi\u00f3n de 4.583 millones de pesos.<\/p>\n<p>En el caso de la UNLu, esta inversi\u00f3n permitir\u00e1 avanzar en la Sede Central, \u201ccon m\u00e1s aulas, laboratorios y mejor infraestructura para que m\u00e1s estudiantes tengan acceso a la Educaci\u00f3n Superior\u201d, tal cual inform\u00f3 el Rectorado.<\/p>\n<p>La inversi\u00f3n, puntualmente, permitir\u00e1 avanzar en la segunda etapa de obras de las aulas 100 de la Sede Central<\/p>\n","protected":false},"excerpt":{"rendered":"<p>El rector de la Universidad Nacional de Luj\u00e1n, Walter Panessi, particip\u00f3 el viernes 18 del acto en el que se firmaron los convenios para la segunda etapa del Programa Nacional de Infraestructura Universitaria. La reuni\u00f3n fue encabezada por los ministros de Educaci\u00f3n, Jaime Perczyk, y de Obras P\u00fablicas de la Naci\u00f3n, Gabriel Katopodis, quienes rubricaron [&hellip;]<\/p>\n","protected":false},"author":16,"featured_media":105017,"comment_status":"open","ping_status":"open","sticky":false,"template":"","format":"standard","meta":{"footnotes":""},"categories":[139],"tags":[40,335,116,13039],"class_list":["post-105016","post","type-post","status-publish","format-standard","has-post-thumbnail","hentry","category-regionales","tag-lujan","tag-universidad","tag-unlu","tag-walter-panessi"],"yoast_head":"<!-- This site is optimized with the Yoast SEO plugin v27.4 - https:\/\/yoast.com\/product\/yoast-seo-wordpress\/ -->\n<title>Rector de la UNLu firm\u00f3 convenio para segunda etapa de Programa de Infraestructura<\/title>\n<meta name=\"robots\" content=\"index, follow, max-snippet:-1, max-image-preview:large, max-video-preview:-1\" \/>\n<link rel=\"canonical\" href=\"https:\/\/noticiasmercedinas.com\/site\/2022\/11\/22\/rector-de-la-unlu-firmo-convenio-para-segunda-etapa-de-programa-de-infraestructura\/\" \/>\n<meta property=\"og:locale\" content=\"es_ES\" \/>\n<meta property=\"og:type\" content=\"article\" \/>\n<meta property=\"og:title\" content=\"Rector de la UNLu firm\u00f3 convenio para segunda etapa de Programa de Infraestructura\" \/>\n<meta property=\"og:description\" content=\"El rector de la Universidad Nacional de Luj\u00e1n, Walter Panessi, particip\u00f3 el viernes 18 del acto en el que se firmaron los convenios para la segunda etapa del Programa Nacional de Infraestructura Universitaria. La reuni\u00f3n fue encabezada por los ministros de Educaci\u00f3n, Jaime Perczyk, y de Obras P\u00fablicas de la Naci\u00f3n, Gabriel Katopodis, quienes rubricaron [&hellip;]\" \/>\n<meta property=\"og:url\" content=\"https:\/\/noticiasmercedinas.com\/site\/2022\/11\/22\/rector-de-la-unlu-firmo-convenio-para-segunda-etapa-de-programa-de-infraestructura\/\" \/>\n<meta property=\"og:site_name\" content=\"NOTICIASMERCEDINAS.COM\" \/>\n<meta property=\"article:publisher\" content=\"https:\/\/www.facebook.com\/noticiasmercedinas\/\" \/>\n<meta property=\"article:published_time\" content=\"2022-11-22T17:27:47+00:00\" \/>\n<meta property=\"og:image\" content=\"https:\/\/noticiasmercedinas.com\/site\/wp-content\/uploads\/2022\/11\/unnamed-1.jpg\" \/>\n\t<meta property=\"og:image:width\" content=\"640\" \/>\n\t<meta property=\"og:image:height\" content=\"480\" \/>\n\t<meta property=\"og:image:type\" content=\"image\/jpeg\" \/>\n<meta name=\"author\" content=\"NOTICIASMERCEDINAS.COM\" \/>\n<meta name=\"twitter:card\" content=\"summary_large_image\" \/>\n<meta name=\"twitter:creator\" content=\"@notmercedinas\" \/>\n<meta name=\"twitter:site\" content=\"@notmercedinas\" \/>\n<meta name=\"twitter:label1\" content=\"Escrito por\" \/>\n\t<meta name=\"twitter:data1\" content=\"NOTICIASMERCEDINAS.COM\" \/>\n\t<meta name=\"twitter:label2\" content=\"Tiempo de lectura\" \/>\n\t<meta name=\"twitter:data2\" content=\"1 minuto\" \/>\n<script type=\"application\/ld+json\" class=\"yoast-schema-graph\">{\"@context\":\"https:\\\/\\\/schema.org\",\"@graph\":[{\"@type\":\"Article\",\"@id\":\"https:\\\/\\\/noticiasmercedinas.com\\\/site\\\/2022\\\/11\\\/22\\\/rector-de-la-unlu-firmo-convenio-para-segunda-etapa-de-programa-de-infraestructura\\\/#article\",\"isPartOf\":{\"@id\":\"https:\\\/\\\/noticiasmercedinas.com\\\/site\\\/2022\\\/11\\\/22\\\/rector-de-la-unlu-firmo-convenio-para-segunda-etapa-de-programa-de-infraestructura\\\/\"},\"author\":{\"name\":\"NOTICIASMERCEDINAS.COM\",\"@id\":\"https:\\\/\\\/noticiasmercedinas.com\\\/site\\\/#\\\/schema\\\/person\\\/84b59c099c28ff2e8b77d4ceec5d8063\"},\"headline\":\"Rector de la UNLu firm\u00f3 convenio para segunda etapa de Programa de Infraestructura\",\"datePublished\":\"2022-11-22T17:27:47+00:00\",\"mainEntityOfPage\":{\"@id\":\"https:\\\/\\\/noticiasmercedinas.com\\\/site\\\/2022\\\/11\\\/22\\\/rector-de-la-unlu-firmo-convenio-para-segunda-etapa-de-programa-de-infraestructura\\\/\"},\"wordCount\":148,\"commentCount\":0,\"publisher\":{\"@id\":\"https:\\\/\\\/noticiasmercedinas.com\\\/site\\\/#organization\"},\"image\":{\"@id\":\"https:\\\/\\\/noticiasmercedinas.com\\\/site\\\/2022\\\/11\\\/22\\\/rector-de-la-unlu-firmo-convenio-para-segunda-etapa-de-programa-de-infraestructura\\\/#primaryimage\"},\"thumbnailUrl\":\"https:\\\/\\\/noticiasmercedinas.com\\\/site\\\/wp-content\\\/uploads\\\/2022\\\/11\\\/unnamed-1.jpg\",\"keywords\":[\"lujan\",\"universidad\",\"unlu\",\"Walter Panessi\"],\"articleSection\":[\"Regionales\"],\"inLanguage\":\"es\",\"potentialAction\":[{\"@type\":\"CommentAction\",\"name\":\"Comment\",\"target\":[\"https:\\\/\\\/noticiasmercedinas.com\\\/site\\\/2022\\\/11\\\/22\\\/rector-de-la-unlu-firmo-convenio-para-segunda-etapa-de-programa-de-infraestructura\\\/#respond\"]}]},{\"@type\":\"WebPage\",\"@id\":\"https:\\\/\\\/noticiasmercedinas.com\\\/site\\\/2022\\\/11\\\/22\\\/rector-de-la-unlu-firmo-convenio-para-segunda-etapa-de-programa-de-infraestructura\\\/\",\"url\":\"https:\\\/\\\/noticiasmercedinas.com\\\/site\\\/2022\\\/11\\\/22\\\/rector-de-la-unlu-firmo-convenio-para-segunda-etapa-de-programa-de-infraestructura\\\/\",\"name\":\"Rector de la UNLu firm\u00f3 convenio para segunda etapa de Programa de Infraestructura\",\"isPartOf\":{\"@id\":\"https:\\\/\\\/noticiasmercedinas.com\\\/site\\\/#website\"},\"primaryImageOfPage\":{\"@id\":\"https:\\\/\\\/noticiasmercedinas.com\\\/site\\\/2022\\\/11\\\/22\\\/rector-de-la-unlu-firmo-convenio-para-segunda-etapa-de-programa-de-infraestructura\\\/#primaryimage\"},\"image\":{\"@id\":\"https:\\\/\\\/noticiasmercedinas.com\\\/site\\\/2022\\\/11\\\/22\\\/rector-de-la-unlu-firmo-convenio-para-segunda-etapa-de-programa-de-infraestructura\\\/#primaryimage\"},\"thumbnailUrl\":\"https:\\\/\\\/noticiasmercedinas.com\\\/site\\\/wp-content\\\/uploads\\\/2022\\\/11\\\/unnamed-1.jpg\",\"datePublished\":\"2022-11-22T17:27:47+00:00\",\"breadcrumb\":{\"@id\":\"https:\\\/\\\/noticiasmercedinas.com\\\/site\\\/2022\\\/11\\\/22\\\/rector-de-la-unlu-firmo-convenio-para-segunda-etapa-de-programa-de-infraestructura\\\/#breadcrumb\"},\"inLanguage\":\"es\",\"potentialAction\":[{\"@type\":\"ReadAction\",\"target\":[\"https:\\\/\\\/noticiasmercedinas.com\\\/site\\\/2022\\\/11\\\/22\\\/rector-de-la-unlu-firmo-convenio-para-segunda-etapa-de-programa-de-infraestructura\\\/\"]}]},{\"@type\":\"ImageObject\",\"inLanguage\":\"es\",\"@id\":\"https:\\\/\\\/noticiasmercedinas.com\\\/site\\\/2022\\\/11\\\/22\\\/rector-de-la-unlu-firmo-convenio-para-segunda-etapa-de-programa-de-infraestructura\\\/#primaryimage\",\"url\":\"https:\\\/\\\/noticiasmercedinas.com\\\/site\\\/wp-content\\\/uploads\\\/2022\\\/11\\\/unnamed-1.jpg\",\"contentUrl\":\"https:\\\/\\\/noticiasmercedinas.com\\\/site\\\/wp-content\\\/uploads\\\/2022\\\/11\\\/unnamed-1.jpg\",\"width\":640,\"height\":480},{\"@type\":\"BreadcrumbList\",\"@id\":\"https:\\\/\\\/noticiasmercedinas.com\\\/site\\\/2022\\\/11\\\/22\\\/rector-de-la-unlu-firmo-convenio-para-segunda-etapa-de-programa-de-infraestructura\\\/#breadcrumb\",\"itemListElement\":[{\"@type\":\"ListItem\",\"position\":1,\"name\":\"Portada\",\"item\":\"https:\\\/\\\/noticiasmercedinas.com\\\/site\\\/\"},{\"@type\":\"ListItem\",\"position\":2,\"name\":\"Rector de la UNLu firm\u00f3 convenio para segunda etapa de Programa de Infraestructura\"}]},{\"@type\":\"WebSite\",\"@id\":\"https:\\\/\\\/noticiasmercedinas.com\\\/site\\\/#website\",\"url\":\"https:\\\/\\\/noticiasmercedinas.com\\\/site\\\/\",\"name\":\"NOTICIASMERCEDINAS.COM\",\"description\":\"Mercedes, Buenos Aires, Argentina\",\"publisher\":{\"@id\":\"https:\\\/\\\/noticiasmercedinas.com\\\/site\\\/#organization\"},\"potentialAction\":[{\"@type\":\"SearchAction\",\"target\":{\"@type\":\"EntryPoint\",\"urlTemplate\":\"https:\\\/\\\/noticiasmercedinas.com\\\/site\\\/?s={search_term_string}\"},\"query-input\":{\"@type\":\"PropertyValueSpecification\",\"valueRequired\":true,\"valueName\":\"search_term_string\"}}],\"inLanguage\":\"es\"},{\"@type\":\"Organization\",\"@id\":\"https:\\\/\\\/noticiasmercedinas.com\\\/site\\\/#organization\",\"name\":\"NOTICIASMERCEDINAS.COM\",\"url\":\"https:\\\/\\\/noticiasmercedinas.com\\\/site\\\/\",\"logo\":{\"@type\":\"ImageObject\",\"inLanguage\":\"es\",\"@id\":\"https:\\\/\\\/noticiasmercedinas.com\\\/site\\\/#\\\/schema\\\/logo\\\/image\\\/\",\"url\":\"https:\\\/\\\/noticiasmercedinas.com\\\/site\\\/wp-content\\\/uploads\\\/2020\\\/06\\\/LOGO-512.jpg\",\"contentUrl\":\"https:\\\/\\\/noticiasmercedinas.com\\\/site\\\/wp-content\\\/uploads\\\/2020\\\/06\\\/LOGO-512.jpg\",\"width\":512,\"height\":512,\"caption\":\"NOTICIASMERCEDINAS.COM\"},\"image\":{\"@id\":\"https:\\\/\\\/noticiasmercedinas.com\\\/site\\\/#\\\/schema\\\/logo\\\/image\\\/\"},\"sameAs\":[\"https:\\\/\\\/www.facebook.com\\\/noticiasmercedinas\\\/\",\"https:\\\/\\\/x.com\\\/notmercedinas\",\"https:\\\/\\\/www.instagram.com\\\/noticiasmercedinas\\\/\"]},{\"@type\":\"Person\",\"@id\":\"https:\\\/\\\/noticiasmercedinas.com\\\/site\\\/#\\\/schema\\\/person\\\/84b59c099c28ff2e8b77d4ceec5d8063\",\"name\":\"NOTICIASMERCEDINAS.COM\",\"image\":{\"@type\":\"ImageObject\",\"inLanguage\":\"es\",\"@id\":\"https:\\\/\\\/secure.gravatar.com\\\/avatar\\\/4dfbf16b4d17945bfb6341b2d19043457132fcf478a5ee04f42e959fd8f5df0a?s=96&d=mm&r=g\",\"url\":\"https:\\\/\\\/secure.gravatar.com\\\/avatar\\\/4dfbf16b4d17945bfb6341b2d19043457132fcf478a5ee04f42e959fd8f5df0a?s=96&d=mm&r=g\",\"contentUrl\":\"https:\\\/\\\/secure.gravatar.com\\\/avatar\\\/4dfbf16b4d17945bfb6341b2d19043457132fcf478a5ee04f42e959fd8f5df0a?s=96&d=mm&r=g\",\"caption\":\"NOTICIASMERCEDINAS.COM\"},\"url\":\"https:\\\/\\\/noticiasmercedinas.com\\\/site\\\/author\\\/anonimo\\\/\"}]}<\/script>\n<!-- \/ Yoast SEO plugin. -->","yoast_head_json":{"title":"Rector de la UNLu firm\u00f3 convenio para segunda etapa de Programa de Infraestructura","robots":{"index":"index","follow":"follow","max-snippet":"max-snippet:-1","max-image-preview":"max-image-preview:large","max-video-preview":"max-video-preview:-1"},"canonical":"https:\/\/noticiasmercedinas.com\/site\/2022\/11\/22\/rector-de-la-unlu-firmo-convenio-para-segunda-etapa-de-programa-de-infraestructura\/","og_locale":"es_ES","og_type":"article","og_title":"Rector de la UNLu firm\u00f3 convenio para segunda etapa de Programa de Infraestructura","og_description":"El rector de la Universidad Nacional de Luj\u00e1n, Walter Panessi, particip\u00f3 el viernes 18 del acto en el que se firmaron los convenios para la segunda etapa del Programa Nacional de Infraestructura Universitaria. La reuni\u00f3n fue encabezada por los ministros de Educaci\u00f3n, Jaime Perczyk, y de Obras P\u00fablicas de la Naci\u00f3n, Gabriel Katopodis, quienes rubricaron [&hellip;]","og_url":"https:\/\/noticiasmercedinas.com\/site\/2022\/11\/22\/rector-de-la-unlu-firmo-convenio-para-segunda-etapa-de-programa-de-infraestructura\/","og_site_name":"NOTICIASMERCEDINAS.COM","article_publisher":"https:\/\/www.facebook.com\/noticiasmercedinas\/","article_published_time":"2022-11-22T17:27:47+00:00","og_image":[{"width":640,"height":480,"url":"https:\/\/noticiasmercedinas.com\/site\/wp-content\/uploads\/2022\/11\/unnamed-1.jpg","type":"image\/jpeg"}],"author":"NOTICIASMERCEDINAS.COM","twitter_card":"summary_large_image","twitter_creator":"@notmercedinas","twitter_site":"@notmercedinas","twitter_misc":{"Escrito por":"NOTICIASMERCEDINAS.COM","Tiempo de lectura":"1 minuto"},"schema":{"@context":"https:\/\/schema.org","@graph":[{"@type":"Article","@id":"https:\/\/noticiasmercedinas.com\/site\/2022\/11\/22\/rector-de-la-unlu-firmo-convenio-para-segunda-etapa-de-programa-de-infraestructura\/#article","isPartOf":{"@id":"https:\/\/noticiasmercedinas.com\/site\/2022\/11\/22\/rector-de-la-unlu-firmo-convenio-para-segunda-etapa-de-programa-de-infraestructura\/"},"author":{"name":"NOTICIASMERCEDINAS.COM","@id":"https:\/\/noticiasmercedinas.com\/site\/#\/schema\/person\/84b59c099c28ff2e8b77d4ceec5d8063"},"headline":"Rector de la UNLu firm\u00f3 convenio para segunda etapa de Programa de Infraestructura","datePublished":"2022-11-22T17:27:47+00:00","mainEntityOfPage":{"@id":"https:\/\/noticiasmercedinas.com\/site\/2022\/11\/22\/rector-de-la-unlu-firmo-convenio-para-segunda-etapa-de-programa-de-infraestructura\/"},"wordCount":148,"commentCount":0,"publisher":{"@id":"https:\/\/noticiasmercedinas.com\/site\/#organization"},"image":{"@id":"https:\/\/noticiasmercedinas.com\/site\/2022\/11\/22\/rector-de-la-unlu-firmo-convenio-para-segunda-etapa-de-programa-de-infraestructura\/#primaryimage"},"thumbnailUrl":"https:\/\/noticiasmercedinas.com\/site\/wp-content\/uploads\/2022\/11\/unnamed-1.jpg","keywords":["lujan","universidad","unlu","Walter Panessi"],"articleSection":["Regionales"],"inLanguage":"es","potentialAction":[{"@type":"CommentAction","name":"Comment","target":["https:\/\/noticiasmercedinas.com\/site\/2022\/11\/22\/rector-de-la-unlu-firmo-convenio-para-segunda-etapa-de-programa-de-infraestructura\/#respond"]}]},{"@type":"WebPage","@id":"https:\/\/noticiasmercedinas.com\/site\/2022\/11\/22\/rector-de-la-unlu-firmo-convenio-para-segunda-etapa-de-programa-de-infraestructura\/","url":"https:\/\/noticiasmercedinas.com\/site\/2022\/11\/22\/rector-de-la-unlu-firmo-convenio-para-segunda-etapa-de-programa-de-infraestructura\/","name":"Rector de la UNLu firm\u00f3 convenio para segunda etapa de Programa de Infraestructura","isPartOf":{"@id":"https:\/\/noticiasmercedinas.com\/site\/#website"},"primaryImageOfPage":{"@id":"https:\/\/noticiasmercedinas.com\/site\/2022\/11\/22\/rector-de-la-unlu-firmo-convenio-para-segunda-etapa-de-programa-de-infraestructura\/#primaryimage"},"image":{"@id":"https:\/\/noticiasmercedinas.com\/site\/2022\/11\/22\/rector-de-la-unlu-firmo-convenio-para-segunda-etapa-de-programa-de-infraestructura\/#primaryimage"},"thumbnailUrl":"https:\/\/noticiasmercedinas.com\/site\/wp-content\/uploads\/2022\/11\/unnamed-1.jpg","datePublished":"2022-11-22T17:27:47+00:00","breadcrumb":{"@id":"https:\/\/noticiasmercedinas.com\/site\/2022\/11\/22\/rector-de-la-unlu-firmo-convenio-para-segunda-etapa-de-programa-de-infraestructura\/#breadcrumb"},"inLanguage":"es","potentialAction":[{"@type":"ReadAction","target":["https:\/\/noticiasmercedinas.com\/site\/2022\/11\/22\/rector-de-la-unlu-firmo-convenio-para-segunda-etapa-de-programa-de-infraestructura\/"]}]},{"@type":"ImageObject","inLanguage":"es","@id":"https:\/\/noticiasmercedinas.com\/site\/2022\/11\/22\/rector-de-la-unlu-firmo-convenio-para-segunda-etapa-de-programa-de-infraestructura\/#primaryimage","url":"https:\/\/noticiasmercedinas.com\/site\/wp-content\/uploads\/2022\/11\/unnamed-1.jpg","contentUrl":"https:\/\/noticiasmercedinas.com\/site\/wp-content\/uploads\/2022\/11\/unnamed-1.jpg","width":640,"height":480},{"@type":"BreadcrumbList","@id":"https:\/\/noticiasmercedinas.com\/site\/2022\/11\/22\/rector-de-la-unlu-firmo-convenio-para-segunda-etapa-de-programa-de-infraestructura\/#breadcrumb","itemListElement":[{"@type":"ListItem","position":1,"name":"Portada","item":"https:\/\/noticiasmercedinas.com\/site\/"},{"@type":"ListItem","position":2,"name":"Rector de la UNLu firm\u00f3 convenio para segunda etapa de Programa de Infraestructura"}]},{"@type":"WebSite","@id":"https:\/\/noticiasmercedinas.com\/site\/#website","url":"https:\/\/noticiasmercedinas.com\/site\/","name":"NOTICIASMERCEDINAS.COM","description":"Mercedes, Buenos Aires, Argentina","publisher":{"@id":"https:\/\/noticiasmercedinas.com\/site\/#organization"},"potentialAction":[{"@type":"SearchAction","target":{"@type":"EntryPoint","urlTemplate":"https:\/\/noticiasmercedinas.com\/site\/?s={search_term_string}"},"query-input":{"@type":"PropertyValueSpecification","valueRequired":true,"valueName":"search_term_string"}}],"inLanguage":"es"},{"@type":"Organization","@id":"https:\/\/noticiasmercedinas.com\/site\/#organization","name":"NOTICIASMERCEDINAS.COM","url":"https:\/\/noticiasmercedinas.com\/site\/","logo":{"@type":"ImageObject","inLanguage":"es","@id":"https:\/\/noticiasmercedinas.com\/site\/#\/schema\/logo\/image\/","url":"https:\/\/noticiasmercedinas.com\/site\/wp-content\/uploads\/2020\/06\/LOGO-512.jpg","contentUrl":"https:\/\/noticiasmercedinas.com\/site\/wp-content\/uploads\/2020\/06\/LOGO-512.jpg","width":512,"height":512,"caption":"NOTICIASMERCEDINAS.COM"},"image":{"@id":"https:\/\/noticiasmercedinas.com\/site\/#\/schema\/logo\/image\/"},"sameAs":["https:\/\/www.facebook.com\/noticiasmercedinas\/","https:\/\/x.com\/notmercedinas","https:\/\/www.instagram.com\/noticiasmercedinas\/"]},{"@type":"Person","@id":"https:\/\/noticiasmercedinas.com\/site\/#\/schema\/person\/84b59c099c28ff2e8b77d4ceec5d8063","name":"NOTICIASMERCEDINAS.COM","image":{"@type":"ImageObject","inLanguage":"es","@id":"https:\/\/secure.gravatar.com\/avatar\/4dfbf16b4d17945bfb6341b2d19043457132fcf478a5ee04f42e959fd8f5df0a?s=96&d=mm&r=g","url":"https:\/\/secure.gravatar.com\/avatar\/4dfbf16b4d17945bfb6341b2d19043457132fcf478a5ee04f42e959fd8f5df0a?s=96&d=mm&r=g","contentUrl":"https:\/\/secure.gravatar.com\/avatar\/4dfbf16b4d17945bfb6341b2d19043457132fcf478a5ee04f42e959fd8f5df0a?s=96&d=mm&r=g","caption":"NOTICIASMERCEDINAS.COM"},"url":"https:\/\/noticiasmercedinas.com\/site\/author\/anonimo\/"}]}},"amp_enabled":true,"_links":{"self":[{"href":"https:\/\/noticiasmercedinas.com\/site\/wp-json\/wp\/v2\/posts\/105016","targetHints":{"allow":["GET"]}}],"collection":[{"href":"https:\/\/noticiasmercedinas.com\/site\/wp-json\/wp\/v2\/posts"}],"about":[{"href":"https:\/\/noticiasmercedinas.com\/site\/wp-json\/wp\/v2\/types\/post"}],"author":[{"embeddable":true,"href":"https:\/\/noticiasmercedinas.com\/site\/wp-json\/wp\/v2\/users\/16"}],"replies":[{"embeddable":true,"href":"https:\/\/noticiasmercedinas.com\/site\/wp-json\/wp\/v2\/comments?post=105016"}],"version-history":[{"count":1,"href":"https:\/\/noticiasmercedinas.com\/site\/wp-json\/wp\/v2\/posts\/105016\/revisions"}],"predecessor-version":[{"id":105018,"href":"https:\/\/noticiasmercedinas.com\/site\/wp-json\/wp\/v2\/posts\/105016\/revisions\/105018"}],"wp:featuredmedia":[{"embeddable":true,"href":"https:\/\/noticiasmercedinas.com\/site\/wp-json\/wp\/v2\/media\/105017"}],"wp:attachment":[{"href":"https:\/\/noticiasmercedinas.com\/site\/wp-json\/wp\/v2\/media?parent=105016"}],"wp:term":[{"taxonomy":"category","embeddable":true,"href":"https:\/\/noticiasmercedinas.com\/site\/wp-json\/wp\/v2\/categories?post=105016"},{"taxonomy":"post_tag","embeddable":true,"href":"https:\/\/noticiasmercedinas.com\/site\/wp-json\/wp\/v2\/tags?post=105016"}],"curies":[{"name":"wp","href":"https:\/\/api.w.org\/{rel}","templated":true}]}}