{"id":10504,"date":"2019-01-11T23:29:25","date_gmt":"2019-01-12T02:29:25","guid":{"rendered":"https:\/\/noticiasmercedinas.com\/site\/?p=10504"},"modified":"2019-01-11T23:29:25","modified_gmt":"2019-01-12T02:29:25","slug":"bonafide-mercedes-renovado-abrio-sus-puertas","status":"publish","type":"post","link":"https:\/\/noticiasmercedinas.com\/site\/2019\/01\/11\/bonafide-mercedes-renovado-abrio-sus-puertas\/","title":{"rendered":"Bonafide Mercedes, renovado, abri\u00f3 sus puertas"},"content":{"rendered":"\r\n                <style type=\"text\/css\">\r\n                    \r\n                    #td_uid_1_69f5d18a0dc5d  .td-doubleSlider-2 .td-item1 {\r\n                        background: url(https:\/\/noticiasmercedinas.com\/site\/wp-content\/uploads\/2019\/01\/e7785ca7-a4f5-40ea-8e07-b6f4b41f95c4-160x120.jpg) 0 0 no-repeat;\r\n                    }\r\n                    #td_uid_1_69f5d18a0dc5d  .td-doubleSlider-2 .td-item2 {\r\n                        background: url(https:\/\/noticiasmercedinas.com\/site\/wp-content\/uploads\/2019\/01\/cabbaba6-9f3b-407e-9b61-a0fb4e8790c1-160x120.jpg) 0 0 no-repeat;\r\n                    }\r\n                    #td_uid_1_69f5d18a0dc5d  .td-doubleSlider-2 .td-item3 {\r\n                        background: url(https:\/\/noticiasmercedinas.com\/site\/wp-content\/uploads\/2019\/01\/87577cd7-4297-4bc3-9391-2166dca36009-160x120.jpg) 0 0 no-repeat;\r\n                    }\r\n                    #td_uid_1_69f5d18a0dc5d  .td-doubleSlider-2 .td-item4 {\r\n                        background: url(https:\/\/noticiasmercedinas.com\/site\/wp-content\/uploads\/2019\/01\/e39ce59e-b3a6-4820-95d2-662881f91e76-160x120.jpg) 0 0 no-repeat;\r\n                    }\r\n                    #td_uid_1_69f5d18a0dc5d  .td-doubleSlider-2 .td-item5 {\r\n                        background: url(https:\/\/noticiasmercedinas.com\/site\/wp-content\/uploads\/2019\/01\/IMG_20190111_135126-1-160x120.jpg) 0 0 no-repeat;\r\n                    }\r\n                    #td_uid_1_69f5d18a0dc5d  .td-doubleSlider-2 .td-item6 {\r\n                        background: url(https:\/\/noticiasmercedinas.com\/site\/wp-content\/uploads\/2019\/01\/49661501_401198797287397_723829618624167936_n-160x120.jpg) 0 0 no-repeat;\r\n                    }\r\n                <\/style>\r\n\r\n                <div id=\"td_uid_1_69f5d18a0dc5d\" class=\"td-gallery td-slide-on-2-columns\">\r\n                    <div class=\"post_td_gallery\">\r\n                        <div class=\"td-gallery-slide-top\">\r\n                           <div class=\"td-gallery-title\"><\/div>\r\n\r\n                            <div class=\"td-gallery-controls-wrapper\">\r\n                                <div class=\"td-gallery-slide-count\"><span class=\"td-gallery-slide-item-focus\">1<\/span> de 6<\/div>\r\n                                <div class=\"td-gallery-slide-prev-next-but\">\r\n                                    <i class = \"td-icon-left doubleSliderPrevButton\"><\/i>\r\n                                    <i class = \"td-icon-right doubleSliderNextButton\"><\/i>\r\n                                <\/div>\r\n                            <\/div>\r\n                        <\/div>\r\n\r\n                        <div class = \"td-doubleSlider-1 \">\r\n                            <div class = \"td-slider\">\r\n                                \r\n                    <div class = \"td-slide-item td-item1\">\r\n                        <figure class=\"td-slide-galery-figure td-slide-popup-gallery\">\r\n                            <a class=\"slide-gallery-image-link\" href=\"https:\/\/noticiasmercedinas.com\/site\/wp-content\/uploads\/2019\/01\/e7785ca7-a4f5-40ea-8e07-b6f4b41f95c4.jpg\" title=\"e7785ca7-a4f5-40ea-8e07-b6f4b41f95c4\"  data-caption=\"\"  data-description=\"\">\r\n                                <img decoding=\"async\" src=\"https:\/\/noticiasmercedinas.com\/site\/wp-content\/uploads\/2019\/01\/e7785ca7-a4f5-40ea-8e07-b6f4b41f95c4.jpg\" srcset=\"https:\/\/noticiasmercedinas.com\/site\/wp-content\/uploads\/2019\/01\/e7785ca7-a4f5-40ea-8e07-b6f4b41f95c4.jpg 1280w, https:\/\/noticiasmercedinas.com\/site\/wp-content\/uploads\/2019\/01\/e7785ca7-a4f5-40ea-8e07-b6f4b41f95c4-300x213.jpg 300w, https:\/\/noticiasmercedinas.com\/site\/wp-content\/uploads\/2019\/01\/e7785ca7-a4f5-40ea-8e07-b6f4b41f95c4-768x545.jpg 768w, https:\/\/noticiasmercedinas.com\/site\/wp-content\/uploads\/2019\/01\/e7785ca7-a4f5-40ea-8e07-b6f4b41f95c4-1024x726.jpg 1024w, https:\/\/noticiasmercedinas.com\/site\/wp-content\/uploads\/2019\/01\/e7785ca7-a4f5-40ea-8e07-b6f4b41f95c4-640x454.jpg 640w, https:\/\/noticiasmercedinas.com\/site\/wp-content\/uploads\/2019\/01\/e7785ca7-a4f5-40ea-8e07-b6f4b41f95c4-681x483.jpg 681w\" sizes=\"(max-width: 1280px) 100vw, 1280px\" alt=\"\">\r\n                            <\/a>\r\n                            \r\n                        <\/figure>\r\n                    <\/div>\r\n                    <div class = \"td-slide-item td-item2\">\r\n                        <figure class=\"td-slide-galery-figure td-slide-popup-gallery\">\r\n                            <a class=\"slide-gallery-image-link\" href=\"https:\/\/noticiasmercedinas.com\/site\/wp-content\/uploads\/2019\/01\/cabbaba6-9f3b-407e-9b61-a0fb4e8790c1.jpg\" title=\"cabbaba6-9f3b-407e-9b61-a0fb4e8790c1\"  data-caption=\"\"  data-description=\"\">\r\n                                <img decoding=\"async\" src=\"https:\/\/noticiasmercedinas.com\/site\/wp-content\/uploads\/2019\/01\/cabbaba6-9f3b-407e-9b61-a0fb4e8790c1.jpg\" srcset=\"https:\/\/noticiasmercedinas.com\/site\/wp-content\/uploads\/2019\/01\/cabbaba6-9f3b-407e-9b61-a0fb4e8790c1.jpg 1280w, https:\/\/noticiasmercedinas.com\/site\/wp-content\/uploads\/2019\/01\/cabbaba6-9f3b-407e-9b61-a0fb4e8790c1-300x146.jpg 300w, https:\/\/noticiasmercedinas.com\/site\/wp-content\/uploads\/2019\/01\/cabbaba6-9f3b-407e-9b61-a0fb4e8790c1-768x373.jpg 768w, https:\/\/noticiasmercedinas.com\/site\/wp-content\/uploads\/2019\/01\/cabbaba6-9f3b-407e-9b61-a0fb4e8790c1-1024x498.jpg 1024w, https:\/\/noticiasmercedinas.com\/site\/wp-content\/uploads\/2019\/01\/cabbaba6-9f3b-407e-9b61-a0fb4e8790c1-640x311.jpg 640w, https:\/\/noticiasmercedinas.com\/site\/wp-content\/uploads\/2019\/01\/cabbaba6-9f3b-407e-9b61-a0fb4e8790c1-681x331.jpg 681w\" sizes=\"(max-width: 1280px) 100vw, 1280px\" alt=\"\">\r\n                            <\/a>\r\n                            \r\n                        <\/figure>\r\n                    <\/div>\r\n                    <div class = \"td-slide-item td-item3\">\r\n                        <figure class=\"td-slide-galery-figure td-slide-popup-gallery\">\r\n                            <a class=\"slide-gallery-image-link\" href=\"https:\/\/noticiasmercedinas.com\/site\/wp-content\/uploads\/2019\/01\/87577cd7-4297-4bc3-9391-2166dca36009.jpg\" title=\"87577cd7-4297-4bc3-9391-2166dca36009\"  data-caption=\"\"  data-description=\"\">\r\n                                <img decoding=\"async\" src=\"https:\/\/noticiasmercedinas.com\/site\/wp-content\/uploads\/2019\/01\/87577cd7-4297-4bc3-9391-2166dca36009.jpg\" srcset=\"https:\/\/noticiasmercedinas.com\/site\/wp-content\/uploads\/2019\/01\/87577cd7-4297-4bc3-9391-2166dca36009.jpg 1280w, https:\/\/noticiasmercedinas.com\/site\/wp-content\/uploads\/2019\/01\/87577cd7-4297-4bc3-9391-2166dca36009-300x146.jpg 300w, https:\/\/noticiasmercedinas.com\/site\/wp-content\/uploads\/2019\/01\/87577cd7-4297-4bc3-9391-2166dca36009-768x373.jpg 768w, https:\/\/noticiasmercedinas.com\/site\/wp-content\/uploads\/2019\/01\/87577cd7-4297-4bc3-9391-2166dca36009-1024x498.jpg 1024w, https:\/\/noticiasmercedinas.com\/site\/wp-content\/uploads\/2019\/01\/87577cd7-4297-4bc3-9391-2166dca36009-640x311.jpg 640w, https:\/\/noticiasmercedinas.com\/site\/wp-content\/uploads\/2019\/01\/87577cd7-4297-4bc3-9391-2166dca36009-681x331.jpg 681w\" sizes=\"(max-width: 1280px) 100vw, 1280px\" alt=\"\">\r\n                            <\/a>\r\n                            \r\n                        <\/figure>\r\n                    <\/div>\r\n                    <div class = \"td-slide-item td-item4\">\r\n                        <figure class=\"td-slide-galery-figure td-slide-popup-gallery\">\r\n                            <a class=\"slide-gallery-image-link\" href=\"https:\/\/noticiasmercedinas.com\/site\/wp-content\/uploads\/2019\/01\/e39ce59e-b3a6-4820-95d2-662881f91e76.jpg\" title=\"e39ce59e-b3a6-4820-95d2-662881f91e76\"  data-caption=\"\"  data-description=\"\">\r\n                                <img decoding=\"async\" src=\"https:\/\/noticiasmercedinas.com\/site\/wp-content\/uploads\/2019\/01\/e39ce59e-b3a6-4820-95d2-662881f91e76.jpg\" srcset=\"https:\/\/noticiasmercedinas.com\/site\/wp-content\/uploads\/2019\/01\/e39ce59e-b3a6-4820-95d2-662881f91e76.jpg 1080w, https:\/\/noticiasmercedinas.com\/site\/wp-content\/uploads\/2019\/01\/e39ce59e-b3a6-4820-95d2-662881f91e76-150x150.jpg 150w, https:\/\/noticiasmercedinas.com\/site\/wp-content\/uploads\/2019\/01\/e39ce59e-b3a6-4820-95d2-662881f91e76-300x300.jpg 300w, https:\/\/noticiasmercedinas.com\/site\/wp-content\/uploads\/2019\/01\/e39ce59e-b3a6-4820-95d2-662881f91e76-768x768.jpg 768w, https:\/\/noticiasmercedinas.com\/site\/wp-content\/uploads\/2019\/01\/e39ce59e-b3a6-4820-95d2-662881f91e76-1024x1024.jpg 1024w, https:\/\/noticiasmercedinas.com\/site\/wp-content\/uploads\/2019\/01\/e39ce59e-b3a6-4820-95d2-662881f91e76-640x640.jpg 640w, https:\/\/noticiasmercedinas.com\/site\/wp-content\/uploads\/2019\/01\/e39ce59e-b3a6-4820-95d2-662881f91e76-681x681.jpg 681w\" sizes=\"(max-width: 1080px) 100vw, 1080px\" alt=\"\">\r\n                            <\/a>\r\n                            \r\n                        <\/figure>\r\n                    <\/div>\r\n                    <div class = \"td-slide-item td-item5\">\r\n                        <figure class=\"td-slide-galery-figure td-slide-popup-gallery\">\r\n                            <a class=\"slide-gallery-image-link\" href=\"https:\/\/noticiasmercedinas.com\/site\/wp-content\/uploads\/2019\/01\/IMG_20190111_135126-1.jpg\" title=\"IMG_20190111_135126.jpg\"  data-caption=\"\"  data-description=\"\">\r\n                                <img decoding=\"async\" src=\"https:\/\/noticiasmercedinas.com\/site\/wp-content\/uploads\/2019\/01\/IMG_20190111_135126-1.jpg\" srcset=\"https:\/\/noticiasmercedinas.com\/site\/wp-content\/uploads\/2019\/01\/IMG_20190111_135126-1.jpg 2560w, https:\/\/noticiasmercedinas.com\/site\/wp-content\/uploads\/2019\/01\/IMG_20190111_135126-1-300x169.jpg 300w, https:\/\/noticiasmercedinas.com\/site\/wp-content\/uploads\/2019\/01\/IMG_20190111_135126-1-768x432.jpg 768w, https:\/\/noticiasmercedinas.com\/site\/wp-content\/uploads\/2019\/01\/IMG_20190111_135126-1-1024x576.jpg 1024w, https:\/\/noticiasmercedinas.com\/site\/wp-content\/uploads\/2019\/01\/IMG_20190111_135126-1-640x360.jpg 640w, https:\/\/noticiasmercedinas.com\/site\/wp-content\/uploads\/2019\/01\/IMG_20190111_135126-1-1280x720.jpg 1280w, https:\/\/noticiasmercedinas.com\/site\/wp-content\/uploads\/2019\/01\/IMG_20190111_135126-1-681x383.jpg 681w, https:\/\/noticiasmercedinas.com\/site\/wp-content\/uploads\/2019\/01\/IMG_20190111_135126-1-1362x766.jpg 1362w\" sizes=\"(max-width: 2560px) 100vw, 2560px\" alt=\"\">\r\n                            <\/a>\r\n                            \r\n                        <\/figure>\r\n                    <\/div>\r\n                    <div class = \"td-slide-item td-item6\">\r\n                        <figure class=\"td-slide-galery-figure td-slide-popup-gallery\">\r\n                            <a class=\"slide-gallery-image-link\" href=\"https:\/\/noticiasmercedinas.com\/site\/wp-content\/uploads\/2019\/01\/49661501_401198797287397_723829618624167936_n.jpg\" title=\"49661501_401198797287397_723829618624167936_n\"  data-caption=\"\"  data-description=\"\">\r\n                                <img decoding=\"async\" src=\"https:\/\/noticiasmercedinas.com\/site\/wp-content\/uploads\/2019\/01\/49661501_401198797287397_723829618624167936_n.jpg\" srcset=\"https:\/\/noticiasmercedinas.com\/site\/wp-content\/uploads\/2019\/01\/49661501_401198797287397_723829618624167936_n.jpg 960w, https:\/\/noticiasmercedinas.com\/site\/wp-content\/uploads\/2019\/01\/49661501_401198797287397_723829618624167936_n-150x150.jpg 150w, https:\/\/noticiasmercedinas.com\/site\/wp-content\/uploads\/2019\/01\/49661501_401198797287397_723829618624167936_n-300x300.jpg 300w, https:\/\/noticiasmercedinas.com\/site\/wp-content\/uploads\/2019\/01\/49661501_401198797287397_723829618624167936_n-768x768.jpg 768w, https:\/\/noticiasmercedinas.com\/site\/wp-content\/uploads\/2019\/01\/49661501_401198797287397_723829618624167936_n-640x640.jpg 640w, https:\/\/noticiasmercedinas.com\/site\/wp-content\/uploads\/2019\/01\/49661501_401198797287397_723829618624167936_n-681x681.jpg 681w\" sizes=\"(max-width: 960px) 100vw, 960px\" alt=\"\">\r\n                            <\/a>\r\n                            \r\n                        <\/figure>\r\n                    <\/div>\r\n                            <\/div>\r\n                        <\/div>\r\n\r\n                        <div class = \"td-doubleSlider-2\">\r\n                            <div class = \"td-slider\">\r\n                                \r\n                    <div class = \"td-button td-item1\">\r\n                        <div class = \"td-border\"><\/div>\r\n                    <\/div>\r\n                    <div class = \"td-button td-item2\">\r\n                        <div class = \"td-border\"><\/div>\r\n                    <\/div>\r\n                    <div class = \"td-button td-item3\">\r\n                        <div class = \"td-border\"><\/div>\r\n                    <\/div>\r\n                    <div class = \"td-button td-item4\">\r\n                        <div class = \"td-border\"><\/div>\r\n                    <\/div>\r\n                    <div class = \"td-button td-item5\">\r\n                        <div class = \"td-border\"><\/div>\r\n                    <\/div>\r\n                    <div class = \"td-button td-item6\">\r\n                        <div class = \"td-border\"><\/div>\r\n                    <\/div>\r\n                            <\/div>\r\n                        <\/div>\r\n\r\n                    <\/div>\r\n\r\n                <\/div>\r\n                \n<p>Pablo, Romina, Germ\u00e1n y Lucila son los nuevos socios de un emprendimiento que tuvo su historia en Mercedes y brevemente cerr\u00f3 sus puertas, pero pudo reabrir este viernes para iniciar un 2019 con todo. Se trata de la <strong>cafeter\u00eda Bonafide<\/strong>, ubicada en calle 27 entre 20 y 22.<\/p>\n<p>Desde este viernes nuevamente el local est\u00e1 en marcha, con renovado mobiliario y m\u00e1s opciones que incluyen un sal\u00f3n de estar con juegos para ni\u00f1os y m\u00e1s comodidades para los clientes.<\/p>\n<p>Se trata de una franquicia, que es la tercera que tienen en esta sociedad ya que poseen otras en Marcos Paz y en Hurlingham. \u201cLlegamos ac\u00e1 porque el cierre sali\u00f3 publicado en el correo interno que tenemos. La empresa Bonafide fue comprada en 2001 por capitales chilenos e impusieron una imagen \u00fanica para todas las cafeter\u00edas. Este era un viejo local sin las reformas y por eso cerr\u00f3, se puso en venta el fondo de comercio y decidimos comprarlo y refaccionarlo con iluminaci\u00f3n, muebler\u00eda nueva y un sector para los m\u00e1s chicos\u201d, explicaron.<\/p>\n<p>Quienes se lleguen al local de calle 27 encontrar\u00e1n un Bonafide renovado y coherente con la l\u00ednea de colores y muebles que se ven en todo el pa\u00eds. \u201cNos cost\u00f3 pero arrancamos con expectativas. La idea es tratar de brindarle al cliente nuestro mejor servicio, lo mejor de nosotros. Por eso siempre habr\u00e1 alguno de los responsables de la firma presente. Esperamos estar a la altura de las circunstancias en esta reapertura\u201d, dijo Pablo, quien coment\u00f3 que en este verano atienden en el horario de lunes a jueves de 7.30 a 21, extendi\u00e9ndose viernes y s\u00e1bados hasta las 22. Y el domingo arrancan de 9 a 13 y reabren de 16 a 21 horas.<\/p>\n<p>En esta nueva etapa con cambios hay muchas promociones. \u201cTenemos adem\u00e1s pasteler\u00eda artesanal, algo que tambi\u00e9n tenemos en los otros locales\u201d, agreg\u00f3 Romina. Este servicio es prestado por una pyme que trabaja para la firma en toda la provincia, que es <em>Lul\u00fa Dulces<\/em> y trae a Mercedes todo fresco. Hay cheese cakes de frutos rojos, choco tortas, lemon pie, selva negra, la torta Balcarce y otros productos, que son para consumir en el local o para llevar, previa reserva. Para poder ver los productos y conectarse tienen una p\u00e1gina de la red social Facebook: <strong><a href=\"https:\/\/www.facebook.com\/Bonafide-Mercedes-378509652889645\">https:\/\/www.facebook.com\/Bonafide-Mercedes-378509652889645<\/a><\/strong><\/p>\n<p>\u201cYa estamos teniendo un ida y vuelta con la gente a trav\u00e9s de las redes sociales, incluso en la previa de abrir estuvimos publicando detalles de la reforma y todos se mostraron muy interesados\u201d, completaron.<\/p>\n<p><strong>Bonafide Mercedes<\/strong><br \/>\n<strong>Calle 27 N\u00famero 484<\/strong><br \/>\n<strong>6600 Mercedes<\/strong><br \/>\n<strong>Tel\u00e9fono 02324 431908<\/strong><br \/>\n<strong>Facebook: <a href=\"https:\/\/www.facebook.com\/Bonafide-Mercedes-378509652889645\">https:\/\/www.facebook.com\/Bonafide-Mercedes-378509652889645<\/a><\/strong><\/p>\n<p>&nbsp;<\/p>\n<p>&nbsp;<\/p>\n<p>&nbsp;<\/p>\n","protected":false},"excerpt":{"rendered":"<p>Pablo, Romina, Germ\u00e1n y Lucila son los nuevos socios de un emprendimiento que tuvo su historia en Mercedes y brevemente cerr\u00f3 sus puertas, pero pudo reabrir este viernes para iniciar un 2019 con todo. Se trata de la cafeter\u00eda Bonafide, ubicada en calle 27 entre 20 y 22. Desde este viernes nuevamente el local est\u00e1 [&hellip;]<\/p>\n","protected":false},"author":2,"featured_media":10505,"comment_status":"open","ping_status":"open","sticky":false,"template":"","format":"standard","meta":{"footnotes":""},"categories":[74],"tags":[3215,3217,3220,3218,23,3219,3216],"class_list":["post-10504","post","type-post","status-publish","format-standard","has-post-thumbnail","hentry","category-emprendimientos","tag-bonafide","tag-cafe","tag-cafeteria","tag-franquicia","tag-mercedes","tag-nuevo","tag-tortas"],"yoast_head":"<!-- This site is optimized with the Yoast SEO plugin v27.5 - https:\/\/yoast.com\/product\/yoast-seo-wordpress\/ -->\n<title>Bonafide Mercedes, renovado, abri\u00f3 sus puertas<\/title>\n<meta name=\"robots\" content=\"index, follow, max-snippet:-1, max-image-preview:large, max-video-preview:-1\" \/>\n<link rel=\"canonical\" href=\"https:\/\/noticiasmercedinas.com\/site\/2019\/01\/11\/bonafide-mercedes-renovado-abrio-sus-puertas\/\" \/>\n<meta property=\"og:locale\" content=\"es_ES\" \/>\n<meta property=\"og:type\" content=\"article\" \/>\n<meta property=\"og:title\" content=\"Bonafide Mercedes, renovado, abri\u00f3 sus puertas\" \/>\n<meta property=\"og:description\" content=\"Pablo, Romina, Germ\u00e1n y Lucila son los nuevos socios de un emprendimiento que tuvo su historia en Mercedes y brevemente cerr\u00f3 sus puertas, pero pudo reabrir este viernes para iniciar un 2019 con todo. Se trata de la cafeter\u00eda Bonafide, ubicada en calle 27 entre 20 y 22. Desde este viernes nuevamente el local est\u00e1 [&hellip;]\" \/>\n<meta property=\"og:url\" content=\"https:\/\/noticiasmercedinas.com\/site\/2019\/01\/11\/bonafide-mercedes-renovado-abrio-sus-puertas\/\" \/>\n<meta property=\"og:site_name\" content=\"NOTICIASMERCEDINAS.COM\" \/>\n<meta property=\"article:publisher\" content=\"https:\/\/www.facebook.com\/noticiasmercedinas\/\" \/>\n<meta property=\"article:author\" content=\"https:\/\/www.facebook.com\/cristian.falabella\" \/>\n<meta property=\"article:published_time\" content=\"2019-01-12T02:29:25+00:00\" \/>\n<meta property=\"og:image\" content=\"https:\/\/noticiasmercedinas.com\/site\/wp-content\/uploads\/2019\/01\/e7785ca7-a4f5-40ea-8e07-b6f4b41f95c4.jpg\" \/>\n\t<meta property=\"og:image:width\" content=\"1280\" \/>\n\t<meta property=\"og:image:height\" content=\"908\" \/>\n\t<meta property=\"og:image:type\" content=\"image\/jpeg\" \/>\n<meta name=\"author\" content=\"Cristian Falabella NOTICIASMERCEDINAS.COM\" \/>\n<meta name=\"twitter:card\" content=\"summary_large_image\" \/>\n<meta name=\"twitter:creator\" content=\"@https:\/\/twitter.com\/NOTMERCEDINAS\" \/>\n<meta name=\"twitter:site\" content=\"@notmercedinas\" \/>\n<meta name=\"twitter:label1\" content=\"Escrito por\" \/>\n\t<meta name=\"twitter:data1\" content=\"Cristian Falabella NOTICIASMERCEDINAS.COM\" \/>\n\t<meta name=\"twitter:label2\" content=\"Tiempo de lectura\" \/>\n\t<meta name=\"twitter:data2\" content=\"2 minutos\" \/>\n<script type=\"application\/ld+json\" class=\"yoast-schema-graph\">{\"@context\":\"https:\\\/\\\/schema.org\",\"@graph\":[{\"@type\":\"Article\",\"@id\":\"https:\\\/\\\/noticiasmercedinas.com\\\/site\\\/2019\\\/01\\\/11\\\/bonafide-mercedes-renovado-abrio-sus-puertas\\\/#article\",\"isPartOf\":{\"@id\":\"https:\\\/\\\/noticiasmercedinas.com\\\/site\\\/2019\\\/01\\\/11\\\/bonafide-mercedes-renovado-abrio-sus-puertas\\\/\"},\"author\":{\"name\":\"Cristian Falabella NOTICIASMERCEDINAS.COM\",\"@id\":\"https:\\\/\\\/noticiasmercedinas.com\\\/site\\\/#\\\/schema\\\/person\\\/d481a9696a5feaec13a60e2bbd991a6a\"},\"headline\":\"Bonafide Mercedes, renovado, abri\u00f3 sus puertas\",\"datePublished\":\"2019-01-12T02:29:25+00:00\",\"mainEntityOfPage\":{\"@id\":\"https:\\\/\\\/noticiasmercedinas.com\\\/site\\\/2019\\\/01\\\/11\\\/bonafide-mercedes-renovado-abrio-sus-puertas\\\/\"},\"wordCount\":459,\"commentCount\":0,\"publisher\":{\"@id\":\"https:\\\/\\\/noticiasmercedinas.com\\\/site\\\/#organization\"},\"image\":{\"@id\":\"https:\\\/\\\/noticiasmercedinas.com\\\/site\\\/2019\\\/01\\\/11\\\/bonafide-mercedes-renovado-abrio-sus-puertas\\\/#primaryimage\"},\"thumbnailUrl\":\"https:\\\/\\\/noticiasmercedinas.com\\\/site\\\/wp-content\\\/uploads\\\/2019\\\/01\\\/e7785ca7-a4f5-40ea-8e07-b6f4b41f95c4.jpg\",\"keywords\":[\"bonafide\",\"cafe\",\"cafeteria\",\"franquicia\",\"mercedes\",\"nuevo\",\"tortas\"],\"articleSection\":[\"Emprendimientos\"],\"inLanguage\":\"es\",\"potentialAction\":[{\"@type\":\"CommentAction\",\"name\":\"Comment\",\"target\":[\"https:\\\/\\\/noticiasmercedinas.com\\\/site\\\/2019\\\/01\\\/11\\\/bonafide-mercedes-renovado-abrio-sus-puertas\\\/#respond\"]}]},{\"@type\":\"WebPage\",\"@id\":\"https:\\\/\\\/noticiasmercedinas.com\\\/site\\\/2019\\\/01\\\/11\\\/bonafide-mercedes-renovado-abrio-sus-puertas\\\/\",\"url\":\"https:\\\/\\\/noticiasmercedinas.com\\\/site\\\/2019\\\/01\\\/11\\\/bonafide-mercedes-renovado-abrio-sus-puertas\\\/\",\"name\":\"Bonafide Mercedes, renovado, abri\u00f3 sus puertas\",\"isPartOf\":{\"@id\":\"https:\\\/\\\/noticiasmercedinas.com\\\/site\\\/#website\"},\"primaryImageOfPage\":{\"@id\":\"https:\\\/\\\/noticiasmercedinas.com\\\/site\\\/2019\\\/01\\\/11\\\/bonafide-mercedes-renovado-abrio-sus-puertas\\\/#primaryimage\"},\"image\":{\"@id\":\"https:\\\/\\\/noticiasmercedinas.com\\\/site\\\/2019\\\/01\\\/11\\\/bonafide-mercedes-renovado-abrio-sus-puertas\\\/#primaryimage\"},\"thumbnailUrl\":\"https:\\\/\\\/noticiasmercedinas.com\\\/site\\\/wp-content\\\/uploads\\\/2019\\\/01\\\/e7785ca7-a4f5-40ea-8e07-b6f4b41f95c4.jpg\",\"datePublished\":\"2019-01-12T02:29:25+00:00\",\"breadcrumb\":{\"@id\":\"https:\\\/\\\/noticiasmercedinas.com\\\/site\\\/2019\\\/01\\\/11\\\/bonafide-mercedes-renovado-abrio-sus-puertas\\\/#breadcrumb\"},\"inLanguage\":\"es\",\"potentialAction\":[{\"@type\":\"ReadAction\",\"target\":[\"https:\\\/\\\/noticiasmercedinas.com\\\/site\\\/2019\\\/01\\\/11\\\/bonafide-mercedes-renovado-abrio-sus-puertas\\\/\"]}]},{\"@type\":\"ImageObject\",\"inLanguage\":\"es\",\"@id\":\"https:\\\/\\\/noticiasmercedinas.com\\\/site\\\/2019\\\/01\\\/11\\\/bonafide-mercedes-renovado-abrio-sus-puertas\\\/#primaryimage\",\"url\":\"https:\\\/\\\/noticiasmercedinas.com\\\/site\\\/wp-content\\\/uploads\\\/2019\\\/01\\\/e7785ca7-a4f5-40ea-8e07-b6f4b41f95c4.jpg\",\"contentUrl\":\"https:\\\/\\\/noticiasmercedinas.com\\\/site\\\/wp-content\\\/uploads\\\/2019\\\/01\\\/e7785ca7-a4f5-40ea-8e07-b6f4b41f95c4.jpg\",\"width\":1280,\"height\":908},{\"@type\":\"BreadcrumbList\",\"@id\":\"https:\\\/\\\/noticiasmercedinas.com\\\/site\\\/2019\\\/01\\\/11\\\/bonafide-mercedes-renovado-abrio-sus-puertas\\\/#breadcrumb\",\"itemListElement\":[{\"@type\":\"ListItem\",\"position\":1,\"name\":\"Portada\",\"item\":\"https:\\\/\\\/noticiasmercedinas.com\\\/site\\\/\"},{\"@type\":\"ListItem\",\"position\":2,\"name\":\"Bonafide Mercedes, renovado, abri\u00f3 sus puertas\"}]},{\"@type\":\"WebSite\",\"@id\":\"https:\\\/\\\/noticiasmercedinas.com\\\/site\\\/#website\",\"url\":\"https:\\\/\\\/noticiasmercedinas.com\\\/site\\\/\",\"name\":\"NOTICIASMERCEDINAS.COM\",\"description\":\"Mercedes, Buenos Aires, Argentina\",\"publisher\":{\"@id\":\"https:\\\/\\\/noticiasmercedinas.com\\\/site\\\/#organization\"},\"potentialAction\":[{\"@type\":\"SearchAction\",\"target\":{\"@type\":\"EntryPoint\",\"urlTemplate\":\"https:\\\/\\\/noticiasmercedinas.com\\\/site\\\/?s={search_term_string}\"},\"query-input\":{\"@type\":\"PropertyValueSpecification\",\"valueRequired\":true,\"valueName\":\"search_term_string\"}}],\"inLanguage\":\"es\"},{\"@type\":\"Organization\",\"@id\":\"https:\\\/\\\/noticiasmercedinas.com\\\/site\\\/#organization\",\"name\":\"NOTICIASMERCEDINAS.COM\",\"url\":\"https:\\\/\\\/noticiasmercedinas.com\\\/site\\\/\",\"logo\":{\"@type\":\"ImageObject\",\"inLanguage\":\"es\",\"@id\":\"https:\\\/\\\/noticiasmercedinas.com\\\/site\\\/#\\\/schema\\\/logo\\\/image\\\/\",\"url\":\"https:\\\/\\\/noticiasmercedinas.com\\\/site\\\/wp-content\\\/uploads\\\/2020\\\/06\\\/LOGO-512.jpg\",\"contentUrl\":\"https:\\\/\\\/noticiasmercedinas.com\\\/site\\\/wp-content\\\/uploads\\\/2020\\\/06\\\/LOGO-512.jpg\",\"width\":512,\"height\":512,\"caption\":\"NOTICIASMERCEDINAS.COM\"},\"image\":{\"@id\":\"https:\\\/\\\/noticiasmercedinas.com\\\/site\\\/#\\\/schema\\\/logo\\\/image\\\/\"},\"sameAs\":[\"https:\\\/\\\/www.facebook.com\\\/noticiasmercedinas\\\/\",\"https:\\\/\\\/x.com\\\/notmercedinas\",\"https:\\\/\\\/www.instagram.com\\\/noticiasmercedinas\\\/\"]},{\"@type\":\"Person\",\"@id\":\"https:\\\/\\\/noticiasmercedinas.com\\\/site\\\/#\\\/schema\\\/person\\\/d481a9696a5feaec13a60e2bbd991a6a\",\"name\":\"Cristian Falabella NOTICIASMERCEDINAS.COM\",\"image\":{\"@type\":\"ImageObject\",\"inLanguage\":\"es\",\"@id\":\"https:\\\/\\\/secure.gravatar.com\\\/avatar\\\/0dbbfc45970cc46bcd0e57766228574ff3511d6eed045b182f536f0f478c1f06?s=96&d=mm&r=g\",\"url\":\"https:\\\/\\\/secure.gravatar.com\\\/avatar\\\/0dbbfc45970cc46bcd0e57766228574ff3511d6eed045b182f536f0f478c1f06?s=96&d=mm&r=g\",\"contentUrl\":\"https:\\\/\\\/secure.gravatar.com\\\/avatar\\\/0dbbfc45970cc46bcd0e57766228574ff3511d6eed045b182f536f0f478c1f06?s=96&d=mm&r=g\",\"caption\":\"Cristian Falabella NOTICIASMERCEDINAS.COM\"},\"description\":\"Periodista, editor de Noticias Mercedinas. Pas\u00f3 por varias redacciones y emprendimientos de prensa, en distintos formatos y \u00e9pocas. Se especializ\u00f3 --y sigue haci\u00e9ndolo-- en comunicaci\u00f3n en la web y en junio de 2006 fund\u00f3 este diario digital.\",\"sameAs\":[\"https:\\\/\\\/noticiasmercedinas.com\",\"https:\\\/\\\/www.facebook.com\\\/cristian.falabella\",\"https:\\\/\\\/www.instagram.com\\\/noticiasmercedinas\\\/\",\"https:\\\/\\\/x.com\\\/https:\\\/\\\/twitter.com\\\/NOTMERCEDINAS\"],\"url\":\"https:\\\/\\\/noticiasmercedinas.com\\\/site\\\/author\\\/as000384\\\/\"}]}<\/script>\n<!-- \/ Yoast SEO plugin. -->","yoast_head_json":{"title":"Bonafide Mercedes, renovado, abri\u00f3 sus puertas","robots":{"index":"index","follow":"follow","max-snippet":"max-snippet:-1","max-image-preview":"max-image-preview:large","max-video-preview":"max-video-preview:-1"},"canonical":"https:\/\/noticiasmercedinas.com\/site\/2019\/01\/11\/bonafide-mercedes-renovado-abrio-sus-puertas\/","og_locale":"es_ES","og_type":"article","og_title":"Bonafide Mercedes, renovado, abri\u00f3 sus puertas","og_description":"Pablo, Romina, Germ\u00e1n y Lucila son los nuevos socios de un emprendimiento que tuvo su historia en Mercedes y brevemente cerr\u00f3 sus puertas, pero pudo reabrir este viernes para iniciar un 2019 con todo. Se trata de la cafeter\u00eda Bonafide, ubicada en calle 27 entre 20 y 22. Desde este viernes nuevamente el local est\u00e1 [&hellip;]","og_url":"https:\/\/noticiasmercedinas.com\/site\/2019\/01\/11\/bonafide-mercedes-renovado-abrio-sus-puertas\/","og_site_name":"NOTICIASMERCEDINAS.COM","article_publisher":"https:\/\/www.facebook.com\/noticiasmercedinas\/","article_author":"https:\/\/www.facebook.com\/cristian.falabella","article_published_time":"2019-01-12T02:29:25+00:00","og_image":[{"width":1280,"height":908,"url":"https:\/\/noticiasmercedinas.com\/site\/wp-content\/uploads\/2019\/01\/e7785ca7-a4f5-40ea-8e07-b6f4b41f95c4.jpg","type":"image\/jpeg"}],"author":"Cristian Falabella NOTICIASMERCEDINAS.COM","twitter_card":"summary_large_image","twitter_creator":"@https:\/\/twitter.com\/NOTMERCEDINAS","twitter_site":"@notmercedinas","twitter_misc":{"Escrito por":"Cristian Falabella NOTICIASMERCEDINAS.COM","Tiempo de lectura":"2 minutos"},"schema":{"@context":"https:\/\/schema.org","@graph":[{"@type":"Article","@id":"https:\/\/noticiasmercedinas.com\/site\/2019\/01\/11\/bonafide-mercedes-renovado-abrio-sus-puertas\/#article","isPartOf":{"@id":"https:\/\/noticiasmercedinas.com\/site\/2019\/01\/11\/bonafide-mercedes-renovado-abrio-sus-puertas\/"},"author":{"name":"Cristian Falabella NOTICIASMERCEDINAS.COM","@id":"https:\/\/noticiasmercedinas.com\/site\/#\/schema\/person\/d481a9696a5feaec13a60e2bbd991a6a"},"headline":"Bonafide Mercedes, renovado, abri\u00f3 sus puertas","datePublished":"2019-01-12T02:29:25+00:00","mainEntityOfPage":{"@id":"https:\/\/noticiasmercedinas.com\/site\/2019\/01\/11\/bonafide-mercedes-renovado-abrio-sus-puertas\/"},"wordCount":459,"commentCount":0,"publisher":{"@id":"https:\/\/noticiasmercedinas.com\/site\/#organization"},"image":{"@id":"https:\/\/noticiasmercedinas.com\/site\/2019\/01\/11\/bonafide-mercedes-renovado-abrio-sus-puertas\/#primaryimage"},"thumbnailUrl":"https:\/\/noticiasmercedinas.com\/site\/wp-content\/uploads\/2019\/01\/e7785ca7-a4f5-40ea-8e07-b6f4b41f95c4.jpg","keywords":["bonafide","cafe","cafeteria","franquicia","mercedes","nuevo","tortas"],"articleSection":["Emprendimientos"],"inLanguage":"es","potentialAction":[{"@type":"CommentAction","name":"Comment","target":["https:\/\/noticiasmercedinas.com\/site\/2019\/01\/11\/bonafide-mercedes-renovado-abrio-sus-puertas\/#respond"]}]},{"@type":"WebPage","@id":"https:\/\/noticiasmercedinas.com\/site\/2019\/01\/11\/bonafide-mercedes-renovado-abrio-sus-puertas\/","url":"https:\/\/noticiasmercedinas.com\/site\/2019\/01\/11\/bonafide-mercedes-renovado-abrio-sus-puertas\/","name":"Bonafide Mercedes, renovado, abri\u00f3 sus puertas","isPartOf":{"@id":"https:\/\/noticiasmercedinas.com\/site\/#website"},"primaryImageOfPage":{"@id":"https:\/\/noticiasmercedinas.com\/site\/2019\/01\/11\/bonafide-mercedes-renovado-abrio-sus-puertas\/#primaryimage"},"image":{"@id":"https:\/\/noticiasmercedinas.com\/site\/2019\/01\/11\/bonafide-mercedes-renovado-abrio-sus-puertas\/#primaryimage"},"thumbnailUrl":"https:\/\/noticiasmercedinas.com\/site\/wp-content\/uploads\/2019\/01\/e7785ca7-a4f5-40ea-8e07-b6f4b41f95c4.jpg","datePublished":"2019-01-12T02:29:25+00:00","breadcrumb":{"@id":"https:\/\/noticiasmercedinas.com\/site\/2019\/01\/11\/bonafide-mercedes-renovado-abrio-sus-puertas\/#breadcrumb"},"inLanguage":"es","potentialAction":[{"@type":"ReadAction","target":["https:\/\/noticiasmercedinas.com\/site\/2019\/01\/11\/bonafide-mercedes-renovado-abrio-sus-puertas\/"]}]},{"@type":"ImageObject","inLanguage":"es","@id":"https:\/\/noticiasmercedinas.com\/site\/2019\/01\/11\/bonafide-mercedes-renovado-abrio-sus-puertas\/#primaryimage","url":"https:\/\/noticiasmercedinas.com\/site\/wp-content\/uploads\/2019\/01\/e7785ca7-a4f5-40ea-8e07-b6f4b41f95c4.jpg","contentUrl":"https:\/\/noticiasmercedinas.com\/site\/wp-content\/uploads\/2019\/01\/e7785ca7-a4f5-40ea-8e07-b6f4b41f95c4.jpg","width":1280,"height":908},{"@type":"BreadcrumbList","@id":"https:\/\/noticiasmercedinas.com\/site\/2019\/01\/11\/bonafide-mercedes-renovado-abrio-sus-puertas\/#breadcrumb","itemListElement":[{"@type":"ListItem","position":1,"name":"Portada","item":"https:\/\/noticiasmercedinas.com\/site\/"},{"@type":"ListItem","position":2,"name":"Bonafide Mercedes, renovado, abri\u00f3 sus puertas"}]},{"@type":"WebSite","@id":"https:\/\/noticiasmercedinas.com\/site\/#website","url":"https:\/\/noticiasmercedinas.com\/site\/","name":"NOTICIASMERCEDINAS.COM","description":"Mercedes, Buenos Aires, Argentina","publisher":{"@id":"https:\/\/noticiasmercedinas.com\/site\/#organization"},"potentialAction":[{"@type":"SearchAction","target":{"@type":"EntryPoint","urlTemplate":"https:\/\/noticiasmercedinas.com\/site\/?s={search_term_string}"},"query-input":{"@type":"PropertyValueSpecification","valueRequired":true,"valueName":"search_term_string"}}],"inLanguage":"es"},{"@type":"Organization","@id":"https:\/\/noticiasmercedinas.com\/site\/#organization","name":"NOTICIASMERCEDINAS.COM","url":"https:\/\/noticiasmercedinas.com\/site\/","logo":{"@type":"ImageObject","inLanguage":"es","@id":"https:\/\/noticiasmercedinas.com\/site\/#\/schema\/logo\/image\/","url":"https:\/\/noticiasmercedinas.com\/site\/wp-content\/uploads\/2020\/06\/LOGO-512.jpg","contentUrl":"https:\/\/noticiasmercedinas.com\/site\/wp-content\/uploads\/2020\/06\/LOGO-512.jpg","width":512,"height":512,"caption":"NOTICIASMERCEDINAS.COM"},"image":{"@id":"https:\/\/noticiasmercedinas.com\/site\/#\/schema\/logo\/image\/"},"sameAs":["https:\/\/www.facebook.com\/noticiasmercedinas\/","https:\/\/x.com\/notmercedinas","https:\/\/www.instagram.com\/noticiasmercedinas\/"]},{"@type":"Person","@id":"https:\/\/noticiasmercedinas.com\/site\/#\/schema\/person\/d481a9696a5feaec13a60e2bbd991a6a","name":"Cristian Falabella NOTICIASMERCEDINAS.COM","image":{"@type":"ImageObject","inLanguage":"es","@id":"https:\/\/secure.gravatar.com\/avatar\/0dbbfc45970cc46bcd0e57766228574ff3511d6eed045b182f536f0f478c1f06?s=96&d=mm&r=g","url":"https:\/\/secure.gravatar.com\/avatar\/0dbbfc45970cc46bcd0e57766228574ff3511d6eed045b182f536f0f478c1f06?s=96&d=mm&r=g","contentUrl":"https:\/\/secure.gravatar.com\/avatar\/0dbbfc45970cc46bcd0e57766228574ff3511d6eed045b182f536f0f478c1f06?s=96&d=mm&r=g","caption":"Cristian Falabella NOTICIASMERCEDINAS.COM"},"description":"Periodista, editor de Noticias Mercedinas. Pas\u00f3 por varias redacciones y emprendimientos de prensa, en distintos formatos y \u00e9pocas. Se especializ\u00f3 --y sigue haci\u00e9ndolo-- en comunicaci\u00f3n en la web y en junio de 2006 fund\u00f3 este diario digital.","sameAs":["https:\/\/noticiasmercedinas.com","https:\/\/www.facebook.com\/cristian.falabella","https:\/\/www.instagram.com\/noticiasmercedinas\/","https:\/\/x.com\/https:\/\/twitter.com\/NOTMERCEDINAS"],"url":"https:\/\/noticiasmercedinas.com\/site\/author\/as000384\/"}]}},"amp_enabled":true,"_links":{"self":[{"href":"https:\/\/noticiasmercedinas.com\/site\/wp-json\/wp\/v2\/posts\/10504","targetHints":{"allow":["GET"]}}],"collection":[{"href":"https:\/\/noticiasmercedinas.com\/site\/wp-json\/wp\/v2\/posts"}],"about":[{"href":"https:\/\/noticiasmercedinas.com\/site\/wp-json\/wp\/v2\/types\/post"}],"author":[{"embeddable":true,"href":"https:\/\/noticiasmercedinas.com\/site\/wp-json\/wp\/v2\/users\/2"}],"replies":[{"embeddable":true,"href":"https:\/\/noticiasmercedinas.com\/site\/wp-json\/wp\/v2\/comments?post=10504"}],"version-history":[{"count":1,"href":"https:\/\/noticiasmercedinas.com\/site\/wp-json\/wp\/v2\/posts\/10504\/revisions"}],"predecessor-version":[{"id":10510,"href":"https:\/\/noticiasmercedinas.com\/site\/wp-json\/wp\/v2\/posts\/10504\/revisions\/10510"}],"wp:featuredmedia":[{"embeddable":true,"href":"https:\/\/noticiasmercedinas.com\/site\/wp-json\/wp\/v2\/media\/10505"}],"wp:attachment":[{"href":"https:\/\/noticiasmercedinas.com\/site\/wp-json\/wp\/v2\/media?parent=10504"}],"wp:term":[{"taxonomy":"category","embeddable":true,"href":"https:\/\/noticiasmercedinas.com\/site\/wp-json\/wp\/v2\/categories?post=10504"},{"taxonomy":"post_tag","embeddable":true,"href":"https:\/\/noticiasmercedinas.com\/site\/wp-json\/wp\/v2\/tags?post=10504"}],"curies":[{"name":"wp","href":"https:\/\/api.w.org\/{rel}","templated":true}]}}