{"id":105282,"date":"2022-11-25T11:24:49","date_gmt":"2022-11-25T14:24:49","guid":{"rendered":"https:\/\/noticiasmercedinas.com\/site\/?p=105282"},"modified":"2022-11-25T11:24:49","modified_gmt":"2022-11-25T14:24:49","slug":"emergencia-hidrica-desde-el-arzobispado-llaman-a-no-malgastar-el-agua","status":"publish","type":"post","link":"https:\/\/noticiasmercedinas.com\/site\/2022\/11\/25\/emergencia-hidrica-desde-el-arzobispado-llaman-a-no-malgastar-el-agua\/","title":{"rendered":"Emergencia h\u00eddrica: desde el Arzobispado llaman a \u00abno malgastar\u00bb el agua"},"content":{"rendered":"<p><img loading=\"lazy\" decoding=\"async\" class=\"alignnone size-large wp-image-58657\" src=\"https:\/\/noticiasmercedinas.com\/site\/wp-content\/uploads\/2020\/12\/agua-po-1024x641.jpg\" alt=\"\" width=\"640\" height=\"401\" srcset=\"https:\/\/noticiasmercedinas.com\/site\/wp-content\/uploads\/2020\/12\/agua-po-1024x641.jpg 1024w, https:\/\/noticiasmercedinas.com\/site\/wp-content\/uploads\/2020\/12\/agua-po-300x188.jpg 300w, https:\/\/noticiasmercedinas.com\/site\/wp-content\/uploads\/2020\/12\/agua-po-768x481.jpg 768w, https:\/\/noticiasmercedinas.com\/site\/wp-content\/uploads\/2020\/12\/agua-po-640x401.jpg 640w, https:\/\/noticiasmercedinas.com\/site\/wp-content\/uploads\/2020\/12\/agua-po-681x427.jpg 681w, https:\/\/noticiasmercedinas.com\/site\/wp-content\/uploads\/2020\/12\/agua-po.jpg 1068w\" sizes=\"auto, (max-width: 640px) 100vw, 640px\" \/><\/p>\n<p>Mediante una carta del Equipo Pastoral, desde el Arzobispado de Mercedes Luj\u00e1n expresan preocupaci\u00f3n ante la emergencia h\u00eddrica y llaman a la solidaridad de todos en el cuidado del agua.<\/p>\n<p>En este sentido se dirigen \u00aba las hermanas y hermanos de nuestra Iglesia que peregrina en Mercedes-Luj\u00e1n y a todas las personas que se sientan llamadas a dar una mano en estos momentos de emergencia\u00bb y lo hacen en solidaridad con la emergencia h\u00eddrica declarada ante esta sequ\u00eda hist\u00f3rica que ya afecta a nuestro pueblo y que amenaza seriamente dejar sin agua a miles de familias de los barrios populares; y teniendo muy presentes la invitaci\u00f3n que nos hace el Papa Francisco a escuchar \u201cel grito de la tierra y el grito de los pobres\u201d, creemos que se nos presenta la oportunidad para una \u201cprofunda toma de conciencia\u201d, \u201cun mayor compromiso\u201d y \u201cacciones concretas en favor de todos\u201d.<\/p>\n<p>\u00abNecesitamos tomar conciencia de la gravedad que esta situaci\u00f3n presenta. Una conciencia movilizadora que haga realidad en nosotros un camino fraterno, solidario con todos y especialmente con los m\u00e1s pobres, los m\u00e1s vulnerables, los que m\u00e1s necesitan de nuestra atenci\u00f3n y cuidado\u00bb, sostienen.<\/p>\n<blockquote><p>Creemos que se nos presenta la oportunidad para una \u201cprofunda toma de conciencia\u201d, \u201cun mayor compromiso\u201d y \u201cacciones concretas en favor de todos\u201d<\/p><\/blockquote>\n<p>\u00abQue de esa toma de conciencia, nazca en nosotros un deseo de comprometernos con esta y muchas otras situaciones en las que la realidad nos desaf\u00eda como pueblo a un esfuerzo comunitario que nos transforme en protagonistas y no meros espectadores. En este camino de compromiso invitamos especialmente a los j\u00f3venes. Ustedes tienen una especial disposici\u00f3n hacia la solidaridad, el encuentro con el pobre, el d\u00e9bil y con quienes sufren. Ustedes, son muy capaces de acompa\u00f1ar, contener y transformar\u00bb, desean.<\/p>\n<p>\u00abEste compromiso se expresa en acciones concretas: no malgastar el agua, usarla de manera razonable y justa, no considerarlo un bien individual que lleve a derrocharla caprichosamente, sino entender que es un bien de todos, para todos, que a nadie deber\u00eda faltarle con las consecuencias que eso trae. Compartir el agua. Es fundamental entender la din\u00e1mica del cuidado, de acompa\u00f1arnos, de la atenci\u00f3n amante a la que tambi\u00e9n nos invita Francisco\u00bb, sostienen y remarcan que \u00abnecesitamos superar la sequ\u00eda, con la ayuda del Buen Dios y con el esfuerzo solidario de todos, para que todos tengan agua y todo lo necesario para una vida digna y que nos d\u00e9 la fuerza y mucha esperanza para trabajar unidos por el bien com\u00fan\u00bb.<\/p>\n<p>\u00abEmpezamos a prepararnos para celebrar una Nueva Navidad. Que todos y juntos, podamos recibir al Ni\u00f1o Dios con un coraz\u00f3n capaz de recibirlo a \u00c9l y a cada persona vecina nuestra y muy especialmente a las m\u00e1s fr\u00e1giles y necesitadas\u00bb, completan desde el Arzobispado.<\/p>\n","protected":false},"excerpt":{"rendered":"<p>\u25a0 \u00abEs un bien de todos, para todos, que a nadie deber\u00eda faltarle\u00bb, dicen desde el Equipo Pastoral. \u00abEsta sequ\u00eda hist\u00f3rica ya afecta a nuestro pueblo y amenaza seriamente dejar sin agua a miles de familias de los barrios populares\u00bb, remarcan<\/p>\n","protected":false},"author":16,"featured_media":58657,"comment_status":"open","ping_status":"open","sticky":false,"template":"","format":"standard","meta":{"footnotes":""},"categories":[5754,3],"tags":[3088,1587,15845,13592],"class_list":["post-105282","post","type-post","status-publish","format-standard","has-post-thumbnail","hentry","category-medio-ambiente","category-sociedad","tag-agua","tag-arzobispado-de-mercedes-lujan","tag-emergencia-hidrica","tag-sequia"],"yoast_head":"<!-- This site is optimized with the Yoast SEO plugin v27.4 - https:\/\/yoast.com\/product\/yoast-seo-wordpress\/ -->\n<title>Emergencia h\u00eddrica: desde el Arzobispado llaman a &quot;no malgastar&quot; el agua<\/title>\n<meta name=\"robots\" content=\"index, follow, max-snippet:-1, max-image-preview:large, max-video-preview:-1\" \/>\n<link rel=\"canonical\" href=\"https:\/\/noticiasmercedinas.com\/site\/2022\/11\/25\/emergencia-hidrica-desde-el-arzobispado-llaman-a-no-malgastar-el-agua\/\" \/>\n<meta property=\"og:locale\" content=\"es_ES\" \/>\n<meta property=\"og:type\" content=\"article\" \/>\n<meta property=\"og:title\" content=\"Emergencia h\u00eddrica: desde el Arzobispado llaman a &quot;no malgastar&quot; el agua\" \/>\n<meta property=\"og:description\" content=\"\u25a0 &quot;Es un bien de todos, para todos, que a nadie deber\u00eda faltarle&quot;, dicen desde el Equipo Pastoral. &quot;Esta sequ\u00eda hist\u00f3rica ya afecta a nuestro pueblo y amenaza seriamente dejar sin agua a miles de familias de los barrios populares&quot;, remarcan\" \/>\n<meta property=\"og:url\" content=\"https:\/\/noticiasmercedinas.com\/site\/2022\/11\/25\/emergencia-hidrica-desde-el-arzobispado-llaman-a-no-malgastar-el-agua\/\" \/>\n<meta property=\"og:site_name\" content=\"NOTICIASMERCEDINAS.COM\" \/>\n<meta property=\"article:publisher\" content=\"https:\/\/www.facebook.com\/noticiasmercedinas\/\" \/>\n<meta property=\"article:published_time\" content=\"2022-11-25T14:24:49+00:00\" \/>\n<meta property=\"og:image\" content=\"https:\/\/noticiasmercedinas.com\/site\/wp-content\/uploads\/2020\/12\/agua-po.jpg\" \/>\n\t<meta property=\"og:image:width\" content=\"1068\" \/>\n\t<meta property=\"og:image:height\" content=\"669\" \/>\n\t<meta property=\"og:image:type\" content=\"image\/jpeg\" \/>\n<meta name=\"author\" content=\"NOTICIASMERCEDINAS.COM\" \/>\n<meta name=\"twitter:card\" content=\"summary_large_image\" \/>\n<meta name=\"twitter:creator\" content=\"@notmercedinas\" \/>\n<meta name=\"twitter:site\" content=\"@notmercedinas\" \/>\n<meta name=\"twitter:label1\" content=\"Escrito por\" \/>\n\t<meta name=\"twitter:data1\" content=\"NOTICIASMERCEDINAS.COM\" \/>\n\t<meta name=\"twitter:label2\" content=\"Tiempo de lectura\" \/>\n\t<meta name=\"twitter:data2\" content=\"3 minutos\" \/>\n<script type=\"application\/ld+json\" class=\"yoast-schema-graph\">{\"@context\":\"https:\\\/\\\/schema.org\",\"@graph\":[{\"@type\":\"Article\",\"@id\":\"https:\\\/\\\/noticiasmercedinas.com\\\/site\\\/2022\\\/11\\\/25\\\/emergencia-hidrica-desde-el-arzobispado-llaman-a-no-malgastar-el-agua\\\/#article\",\"isPartOf\":{\"@id\":\"https:\\\/\\\/noticiasmercedinas.com\\\/site\\\/2022\\\/11\\\/25\\\/emergencia-hidrica-desde-el-arzobispado-llaman-a-no-malgastar-el-agua\\\/\"},\"author\":{\"name\":\"NOTICIASMERCEDINAS.COM\",\"@id\":\"https:\\\/\\\/noticiasmercedinas.com\\\/site\\\/#\\\/schema\\\/person\\\/84b59c099c28ff2e8b77d4ceec5d8063\"},\"headline\":\"Emergencia h\u00eddrica: desde el Arzobispado llaman a \u00abno malgastar\u00bb el agua\",\"datePublished\":\"2022-11-25T14:24:49+00:00\",\"mainEntityOfPage\":{\"@id\":\"https:\\\/\\\/noticiasmercedinas.com\\\/site\\\/2022\\\/11\\\/25\\\/emergencia-hidrica-desde-el-arzobispado-llaman-a-no-malgastar-el-agua\\\/\"},\"wordCount\":500,\"commentCount\":0,\"publisher\":{\"@id\":\"https:\\\/\\\/noticiasmercedinas.com\\\/site\\\/#organization\"},\"image\":{\"@id\":\"https:\\\/\\\/noticiasmercedinas.com\\\/site\\\/2022\\\/11\\\/25\\\/emergencia-hidrica-desde-el-arzobispado-llaman-a-no-malgastar-el-agua\\\/#primaryimage\"},\"thumbnailUrl\":\"https:\\\/\\\/noticiasmercedinas.com\\\/site\\\/wp-content\\\/uploads\\\/2020\\\/12\\\/agua-po.jpg\",\"keywords\":[\"agua\",\"arzobispado de Mercedes Lujan\",\"emergencia hidrica\",\"sequia\"],\"articleSection\":[\"Ambiente\",\"Sociedad\"],\"inLanguage\":\"es\",\"potentialAction\":[{\"@type\":\"CommentAction\",\"name\":\"Comment\",\"target\":[\"https:\\\/\\\/noticiasmercedinas.com\\\/site\\\/2022\\\/11\\\/25\\\/emergencia-hidrica-desde-el-arzobispado-llaman-a-no-malgastar-el-agua\\\/#respond\"]}]},{\"@type\":\"WebPage\",\"@id\":\"https:\\\/\\\/noticiasmercedinas.com\\\/site\\\/2022\\\/11\\\/25\\\/emergencia-hidrica-desde-el-arzobispado-llaman-a-no-malgastar-el-agua\\\/\",\"url\":\"https:\\\/\\\/noticiasmercedinas.com\\\/site\\\/2022\\\/11\\\/25\\\/emergencia-hidrica-desde-el-arzobispado-llaman-a-no-malgastar-el-agua\\\/\",\"name\":\"Emergencia h\u00eddrica: desde el Arzobispado llaman a \\\"no malgastar\\\" el agua\",\"isPartOf\":{\"@id\":\"https:\\\/\\\/noticiasmercedinas.com\\\/site\\\/#website\"},\"primaryImageOfPage\":{\"@id\":\"https:\\\/\\\/noticiasmercedinas.com\\\/site\\\/2022\\\/11\\\/25\\\/emergencia-hidrica-desde-el-arzobispado-llaman-a-no-malgastar-el-agua\\\/#primaryimage\"},\"image\":{\"@id\":\"https:\\\/\\\/noticiasmercedinas.com\\\/site\\\/2022\\\/11\\\/25\\\/emergencia-hidrica-desde-el-arzobispado-llaman-a-no-malgastar-el-agua\\\/#primaryimage\"},\"thumbnailUrl\":\"https:\\\/\\\/noticiasmercedinas.com\\\/site\\\/wp-content\\\/uploads\\\/2020\\\/12\\\/agua-po.jpg\",\"datePublished\":\"2022-11-25T14:24:49+00:00\",\"breadcrumb\":{\"@id\":\"https:\\\/\\\/noticiasmercedinas.com\\\/site\\\/2022\\\/11\\\/25\\\/emergencia-hidrica-desde-el-arzobispado-llaman-a-no-malgastar-el-agua\\\/#breadcrumb\"},\"inLanguage\":\"es\",\"potentialAction\":[{\"@type\":\"ReadAction\",\"target\":[\"https:\\\/\\\/noticiasmercedinas.com\\\/site\\\/2022\\\/11\\\/25\\\/emergencia-hidrica-desde-el-arzobispado-llaman-a-no-malgastar-el-agua\\\/\"]}]},{\"@type\":\"ImageObject\",\"inLanguage\":\"es\",\"@id\":\"https:\\\/\\\/noticiasmercedinas.com\\\/site\\\/2022\\\/11\\\/25\\\/emergencia-hidrica-desde-el-arzobispado-llaman-a-no-malgastar-el-agua\\\/#primaryimage\",\"url\":\"https:\\\/\\\/noticiasmercedinas.com\\\/site\\\/wp-content\\\/uploads\\\/2020\\\/12\\\/agua-po.jpg\",\"contentUrl\":\"https:\\\/\\\/noticiasmercedinas.com\\\/site\\\/wp-content\\\/uploads\\\/2020\\\/12\\\/agua-po.jpg\",\"width\":1068,\"height\":669},{\"@type\":\"BreadcrumbList\",\"@id\":\"https:\\\/\\\/noticiasmercedinas.com\\\/site\\\/2022\\\/11\\\/25\\\/emergencia-hidrica-desde-el-arzobispado-llaman-a-no-malgastar-el-agua\\\/#breadcrumb\",\"itemListElement\":[{\"@type\":\"ListItem\",\"position\":1,\"name\":\"Portada\",\"item\":\"https:\\\/\\\/noticiasmercedinas.com\\\/site\\\/\"},{\"@type\":\"ListItem\",\"position\":2,\"name\":\"Emergencia h\u00eddrica: desde el Arzobispado llaman a \u00abno malgastar\u00bb el agua\"}]},{\"@type\":\"WebSite\",\"@id\":\"https:\\\/\\\/noticiasmercedinas.com\\\/site\\\/#website\",\"url\":\"https:\\\/\\\/noticiasmercedinas.com\\\/site\\\/\",\"name\":\"NOTICIASMERCEDINAS.COM\",\"description\":\"Mercedes, Buenos Aires, Argentina\",\"publisher\":{\"@id\":\"https:\\\/\\\/noticiasmercedinas.com\\\/site\\\/#organization\"},\"potentialAction\":[{\"@type\":\"SearchAction\",\"target\":{\"@type\":\"EntryPoint\",\"urlTemplate\":\"https:\\\/\\\/noticiasmercedinas.com\\\/site\\\/?s={search_term_string}\"},\"query-input\":{\"@type\":\"PropertyValueSpecification\",\"valueRequired\":true,\"valueName\":\"search_term_string\"}}],\"inLanguage\":\"es\"},{\"@type\":\"Organization\",\"@id\":\"https:\\\/\\\/noticiasmercedinas.com\\\/site\\\/#organization\",\"name\":\"NOTICIASMERCEDINAS.COM\",\"url\":\"https:\\\/\\\/noticiasmercedinas.com\\\/site\\\/\",\"logo\":{\"@type\":\"ImageObject\",\"inLanguage\":\"es\",\"@id\":\"https:\\\/\\\/noticiasmercedinas.com\\\/site\\\/#\\\/schema\\\/logo\\\/image\\\/\",\"url\":\"https:\\\/\\\/noticiasmercedinas.com\\\/site\\\/wp-content\\\/uploads\\\/2020\\\/06\\\/LOGO-512.jpg\",\"contentUrl\":\"https:\\\/\\\/noticiasmercedinas.com\\\/site\\\/wp-content\\\/uploads\\\/2020\\\/06\\\/LOGO-512.jpg\",\"width\":512,\"height\":512,\"caption\":\"NOTICIASMERCEDINAS.COM\"},\"image\":{\"@id\":\"https:\\\/\\\/noticiasmercedinas.com\\\/site\\\/#\\\/schema\\\/logo\\\/image\\\/\"},\"sameAs\":[\"https:\\\/\\\/www.facebook.com\\\/noticiasmercedinas\\\/\",\"https:\\\/\\\/x.com\\\/notmercedinas\",\"https:\\\/\\\/www.instagram.com\\\/noticiasmercedinas\\\/\"]},{\"@type\":\"Person\",\"@id\":\"https:\\\/\\\/noticiasmercedinas.com\\\/site\\\/#\\\/schema\\\/person\\\/84b59c099c28ff2e8b77d4ceec5d8063\",\"name\":\"NOTICIASMERCEDINAS.COM\",\"image\":{\"@type\":\"ImageObject\",\"inLanguage\":\"es\",\"@id\":\"https:\\\/\\\/secure.gravatar.com\\\/avatar\\\/4dfbf16b4d17945bfb6341b2d19043457132fcf478a5ee04f42e959fd8f5df0a?s=96&d=mm&r=g\",\"url\":\"https:\\\/\\\/secure.gravatar.com\\\/avatar\\\/4dfbf16b4d17945bfb6341b2d19043457132fcf478a5ee04f42e959fd8f5df0a?s=96&d=mm&r=g\",\"contentUrl\":\"https:\\\/\\\/secure.gravatar.com\\\/avatar\\\/4dfbf16b4d17945bfb6341b2d19043457132fcf478a5ee04f42e959fd8f5df0a?s=96&d=mm&r=g\",\"caption\":\"NOTICIASMERCEDINAS.COM\"},\"url\":\"https:\\\/\\\/noticiasmercedinas.com\\\/site\\\/author\\\/anonimo\\\/\"}]}<\/script>\n<!-- \/ Yoast SEO plugin. -->","yoast_head_json":{"title":"Emergencia h\u00eddrica: desde el Arzobispado llaman a \"no malgastar\" el agua","robots":{"index":"index","follow":"follow","max-snippet":"max-snippet:-1","max-image-preview":"max-image-preview:large","max-video-preview":"max-video-preview:-1"},"canonical":"https:\/\/noticiasmercedinas.com\/site\/2022\/11\/25\/emergencia-hidrica-desde-el-arzobispado-llaman-a-no-malgastar-el-agua\/","og_locale":"es_ES","og_type":"article","og_title":"Emergencia h\u00eddrica: desde el Arzobispado llaman a \"no malgastar\" el agua","og_description":"\u25a0 \"Es un bien de todos, para todos, que a nadie deber\u00eda faltarle\", dicen desde el Equipo Pastoral. \"Esta sequ\u00eda hist\u00f3rica ya afecta a nuestro pueblo y amenaza seriamente dejar sin agua a miles de familias de los barrios populares\", remarcan","og_url":"https:\/\/noticiasmercedinas.com\/site\/2022\/11\/25\/emergencia-hidrica-desde-el-arzobispado-llaman-a-no-malgastar-el-agua\/","og_site_name":"NOTICIASMERCEDINAS.COM","article_publisher":"https:\/\/www.facebook.com\/noticiasmercedinas\/","article_published_time":"2022-11-25T14:24:49+00:00","og_image":[{"width":1068,"height":669,"url":"https:\/\/noticiasmercedinas.com\/site\/wp-content\/uploads\/2020\/12\/agua-po.jpg","type":"image\/jpeg"}],"author":"NOTICIASMERCEDINAS.COM","twitter_card":"summary_large_image","twitter_creator":"@notmercedinas","twitter_site":"@notmercedinas","twitter_misc":{"Escrito por":"NOTICIASMERCEDINAS.COM","Tiempo de lectura":"3 minutos"},"schema":{"@context":"https:\/\/schema.org","@graph":[{"@type":"Article","@id":"https:\/\/noticiasmercedinas.com\/site\/2022\/11\/25\/emergencia-hidrica-desde-el-arzobispado-llaman-a-no-malgastar-el-agua\/#article","isPartOf":{"@id":"https:\/\/noticiasmercedinas.com\/site\/2022\/11\/25\/emergencia-hidrica-desde-el-arzobispado-llaman-a-no-malgastar-el-agua\/"},"author":{"name":"NOTICIASMERCEDINAS.COM","@id":"https:\/\/noticiasmercedinas.com\/site\/#\/schema\/person\/84b59c099c28ff2e8b77d4ceec5d8063"},"headline":"Emergencia h\u00eddrica: desde el Arzobispado llaman a \u00abno malgastar\u00bb el agua","datePublished":"2022-11-25T14:24:49+00:00","mainEntityOfPage":{"@id":"https:\/\/noticiasmercedinas.com\/site\/2022\/11\/25\/emergencia-hidrica-desde-el-arzobispado-llaman-a-no-malgastar-el-agua\/"},"wordCount":500,"commentCount":0,"publisher":{"@id":"https:\/\/noticiasmercedinas.com\/site\/#organization"},"image":{"@id":"https:\/\/noticiasmercedinas.com\/site\/2022\/11\/25\/emergencia-hidrica-desde-el-arzobispado-llaman-a-no-malgastar-el-agua\/#primaryimage"},"thumbnailUrl":"https:\/\/noticiasmercedinas.com\/site\/wp-content\/uploads\/2020\/12\/agua-po.jpg","keywords":["agua","arzobispado de Mercedes Lujan","emergencia hidrica","sequia"],"articleSection":["Ambiente","Sociedad"],"inLanguage":"es","potentialAction":[{"@type":"CommentAction","name":"Comment","target":["https:\/\/noticiasmercedinas.com\/site\/2022\/11\/25\/emergencia-hidrica-desde-el-arzobispado-llaman-a-no-malgastar-el-agua\/#respond"]}]},{"@type":"WebPage","@id":"https:\/\/noticiasmercedinas.com\/site\/2022\/11\/25\/emergencia-hidrica-desde-el-arzobispado-llaman-a-no-malgastar-el-agua\/","url":"https:\/\/noticiasmercedinas.com\/site\/2022\/11\/25\/emergencia-hidrica-desde-el-arzobispado-llaman-a-no-malgastar-el-agua\/","name":"Emergencia h\u00eddrica: desde el Arzobispado llaman a \"no malgastar\" el agua","isPartOf":{"@id":"https:\/\/noticiasmercedinas.com\/site\/#website"},"primaryImageOfPage":{"@id":"https:\/\/noticiasmercedinas.com\/site\/2022\/11\/25\/emergencia-hidrica-desde-el-arzobispado-llaman-a-no-malgastar-el-agua\/#primaryimage"},"image":{"@id":"https:\/\/noticiasmercedinas.com\/site\/2022\/11\/25\/emergencia-hidrica-desde-el-arzobispado-llaman-a-no-malgastar-el-agua\/#primaryimage"},"thumbnailUrl":"https:\/\/noticiasmercedinas.com\/site\/wp-content\/uploads\/2020\/12\/agua-po.jpg","datePublished":"2022-11-25T14:24:49+00:00","breadcrumb":{"@id":"https:\/\/noticiasmercedinas.com\/site\/2022\/11\/25\/emergencia-hidrica-desde-el-arzobispado-llaman-a-no-malgastar-el-agua\/#breadcrumb"},"inLanguage":"es","potentialAction":[{"@type":"ReadAction","target":["https:\/\/noticiasmercedinas.com\/site\/2022\/11\/25\/emergencia-hidrica-desde-el-arzobispado-llaman-a-no-malgastar-el-agua\/"]}]},{"@type":"ImageObject","inLanguage":"es","@id":"https:\/\/noticiasmercedinas.com\/site\/2022\/11\/25\/emergencia-hidrica-desde-el-arzobispado-llaman-a-no-malgastar-el-agua\/#primaryimage","url":"https:\/\/noticiasmercedinas.com\/site\/wp-content\/uploads\/2020\/12\/agua-po.jpg","contentUrl":"https:\/\/noticiasmercedinas.com\/site\/wp-content\/uploads\/2020\/12\/agua-po.jpg","width":1068,"height":669},{"@type":"BreadcrumbList","@id":"https:\/\/noticiasmercedinas.com\/site\/2022\/11\/25\/emergencia-hidrica-desde-el-arzobispado-llaman-a-no-malgastar-el-agua\/#breadcrumb","itemListElement":[{"@type":"ListItem","position":1,"name":"Portada","item":"https:\/\/noticiasmercedinas.com\/site\/"},{"@type":"ListItem","position":2,"name":"Emergencia h\u00eddrica: desde el Arzobispado llaman a \u00abno malgastar\u00bb el agua"}]},{"@type":"WebSite","@id":"https:\/\/noticiasmercedinas.com\/site\/#website","url":"https:\/\/noticiasmercedinas.com\/site\/","name":"NOTICIASMERCEDINAS.COM","description":"Mercedes, Buenos Aires, Argentina","publisher":{"@id":"https:\/\/noticiasmercedinas.com\/site\/#organization"},"potentialAction":[{"@type":"SearchAction","target":{"@type":"EntryPoint","urlTemplate":"https:\/\/noticiasmercedinas.com\/site\/?s={search_term_string}"},"query-input":{"@type":"PropertyValueSpecification","valueRequired":true,"valueName":"search_term_string"}}],"inLanguage":"es"},{"@type":"Organization","@id":"https:\/\/noticiasmercedinas.com\/site\/#organization","name":"NOTICIASMERCEDINAS.COM","url":"https:\/\/noticiasmercedinas.com\/site\/","logo":{"@type":"ImageObject","inLanguage":"es","@id":"https:\/\/noticiasmercedinas.com\/site\/#\/schema\/logo\/image\/","url":"https:\/\/noticiasmercedinas.com\/site\/wp-content\/uploads\/2020\/06\/LOGO-512.jpg","contentUrl":"https:\/\/noticiasmercedinas.com\/site\/wp-content\/uploads\/2020\/06\/LOGO-512.jpg","width":512,"height":512,"caption":"NOTICIASMERCEDINAS.COM"},"image":{"@id":"https:\/\/noticiasmercedinas.com\/site\/#\/schema\/logo\/image\/"},"sameAs":["https:\/\/www.facebook.com\/noticiasmercedinas\/","https:\/\/x.com\/notmercedinas","https:\/\/www.instagram.com\/noticiasmercedinas\/"]},{"@type":"Person","@id":"https:\/\/noticiasmercedinas.com\/site\/#\/schema\/person\/84b59c099c28ff2e8b77d4ceec5d8063","name":"NOTICIASMERCEDINAS.COM","image":{"@type":"ImageObject","inLanguage":"es","@id":"https:\/\/secure.gravatar.com\/avatar\/4dfbf16b4d17945bfb6341b2d19043457132fcf478a5ee04f42e959fd8f5df0a?s=96&d=mm&r=g","url":"https:\/\/secure.gravatar.com\/avatar\/4dfbf16b4d17945bfb6341b2d19043457132fcf478a5ee04f42e959fd8f5df0a?s=96&d=mm&r=g","contentUrl":"https:\/\/secure.gravatar.com\/avatar\/4dfbf16b4d17945bfb6341b2d19043457132fcf478a5ee04f42e959fd8f5df0a?s=96&d=mm&r=g","caption":"NOTICIASMERCEDINAS.COM"},"url":"https:\/\/noticiasmercedinas.com\/site\/author\/anonimo\/"}]}},"amp_enabled":true,"_links":{"self":[{"href":"https:\/\/noticiasmercedinas.com\/site\/wp-json\/wp\/v2\/posts\/105282","targetHints":{"allow":["GET"]}}],"collection":[{"href":"https:\/\/noticiasmercedinas.com\/site\/wp-json\/wp\/v2\/posts"}],"about":[{"href":"https:\/\/noticiasmercedinas.com\/site\/wp-json\/wp\/v2\/types\/post"}],"author":[{"embeddable":true,"href":"https:\/\/noticiasmercedinas.com\/site\/wp-json\/wp\/v2\/users\/16"}],"replies":[{"embeddable":true,"href":"https:\/\/noticiasmercedinas.com\/site\/wp-json\/wp\/v2\/comments?post=105282"}],"version-history":[{"count":1,"href":"https:\/\/noticiasmercedinas.com\/site\/wp-json\/wp\/v2\/posts\/105282\/revisions"}],"predecessor-version":[{"id":105283,"href":"https:\/\/noticiasmercedinas.com\/site\/wp-json\/wp\/v2\/posts\/105282\/revisions\/105283"}],"wp:featuredmedia":[{"embeddable":true,"href":"https:\/\/noticiasmercedinas.com\/site\/wp-json\/wp\/v2\/media\/58657"}],"wp:attachment":[{"href":"https:\/\/noticiasmercedinas.com\/site\/wp-json\/wp\/v2\/media?parent=105282"}],"wp:term":[{"taxonomy":"category","embeddable":true,"href":"https:\/\/noticiasmercedinas.com\/site\/wp-json\/wp\/v2\/categories?post=105282"},{"taxonomy":"post_tag","embeddable":true,"href":"https:\/\/noticiasmercedinas.com\/site\/wp-json\/wp\/v2\/tags?post=105282"}],"curies":[{"name":"wp","href":"https:\/\/api.w.org\/{rel}","templated":true}]}}