{"id":105504,"date":"2022-11-29T11:02:47","date_gmt":"2022-11-29T14:02:47","guid":{"rendered":"https:\/\/noticiasmercedinas.com\/site\/?p=105504"},"modified":"2022-11-29T11:02:47","modified_gmt":"2022-11-29T14:02:47","slug":"se-realizo-el-primer-festival-mascotero-en-mercedes","status":"publish","type":"post","link":"https:\/\/noticiasmercedinas.com\/site\/2022\/11\/29\/se-realizo-el-primer-festival-mascotero-en-mercedes\/","title":{"rendered":"Se realiz\u00f3 el primer festival mascotero en Mercedes"},"content":{"rendered":"<p><img loading=\"lazy\" decoding=\"async\" class=\"alignnone size-full wp-image-105506\" src=\"https:\/\/noticiasmercedinas.com\/site\/wp-content\/uploads\/2022\/11\/DSC05329.jpg\" alt=\"\" width=\"922\" height=\"615\" srcset=\"https:\/\/noticiasmercedinas.com\/site\/wp-content\/uploads\/2022\/11\/DSC05329.jpg 922w, https:\/\/noticiasmercedinas.com\/site\/wp-content\/uploads\/2022\/11\/DSC05329-300x200.jpg 300w, https:\/\/noticiasmercedinas.com\/site\/wp-content\/uploads\/2022\/11\/DSC05329-768x512.jpg 768w, https:\/\/noticiasmercedinas.com\/site\/wp-content\/uploads\/2022\/11\/DSC05329-640x427.jpg 640w, https:\/\/noticiasmercedinas.com\/site\/wp-content\/uploads\/2022\/11\/DSC05329-681x454.jpg 681w\" sizes=\"auto, (max-width: 922px) 100vw, 922px\" \/><\/p>\n<p>En la Trocha una gran cantidad de familias fueron parte del primer festival mascotero vivido en Mercedes. Estuvo presente el Dr. Hector Romero quien brind\u00f3 una charla a las y los presentes sobre cuidado animal.<\/p>\n<p>Hubo exposici\u00f3n, pets shop, vacunaci\u00f3n, prevenci\u00f3n y controles.<\/p>\n<p>\u201cFue una fiesta hermosa. Nos llena de alegr\u00eda el compromiso de las y los vecinos, como as\u00ed tambi\u00e9n de todo el personal de zoonosis que cada d\u00eda dan lo mejor de s\u00ed por la protecci\u00f3n y cuidado animal\u201d, dijo el secretario de Salud, Dr. N\u00e9stor Pisapia.<\/p>\n<p>La actividad fue en la tarde de este domingo en La Trocha, contando con una nutrida asistencia aprovechando la frondosa arboleda del lugar, el aire libre y as\u00ed vivir una jornada de encuentro, capacitaci\u00f3n y entretenimiento.<\/p>\n<p><img loading=\"lazy\" decoding=\"async\" class=\"alignnone size-full wp-image-105507\" src=\"https:\/\/noticiasmercedinas.com\/site\/wp-content\/uploads\/2022\/11\/DSC05398.jpg\" alt=\"\" width=\"923\" height=\"615\" srcset=\"https:\/\/noticiasmercedinas.com\/site\/wp-content\/uploads\/2022\/11\/DSC05398.jpg 923w, https:\/\/noticiasmercedinas.com\/site\/wp-content\/uploads\/2022\/11\/DSC05398-300x200.jpg 300w, https:\/\/noticiasmercedinas.com\/site\/wp-content\/uploads\/2022\/11\/DSC05398-768x512.jpg 768w, https:\/\/noticiasmercedinas.com\/site\/wp-content\/uploads\/2022\/11\/DSC05398-640x426.jpg 640w, https:\/\/noticiasmercedinas.com\/site\/wp-content\/uploads\/2022\/11\/DSC05398-681x454.jpg 681w\" sizes=\"auto, (max-width: 923px) 100vw, 923px\" \/><\/p>\n<p>\u201cEstamos muy felices por esta propuesta que fue un \u00e9xito. Queremos agradecer al Dr. Romero que una vez m\u00e1s nos visita y nos brinda una capacitaci\u00f3n con toda su experiencia y sabidur\u00eda en un tema que nos es siempre muy importante: el cuidado animal\u201d, dijo el Dr. N\u00e9stor Pisapia, secretario de Salud.<\/p>\n<p>El profesional tambi\u00e9n destaco \u201cel apoyo, acompa\u00f1amiento y compromiso de las distintas organizaciones proteccionistas de la ciudad. Sin ellas y ellos esto no ser\u00eda posible. Estamos muy agradecidos por el trabajo que realizan. Como siempre dice nuestro intendente Ustarroz el privado solo no puede, el Estado solo tampoco, por eso es clave trabajar unidos en los temas que nos interesan como sociedad\u201d, manifest\u00f3 Pisapia sin olvidar de agradecer \u201ca la empresa MARS que siempre nos acompa\u00f1a e impulsa este tipo de acciones, proveyendo de alimentos, pero tambi\u00e9n de personas comprometidas y dedicadas\u201d.<\/p>\n<p>Por su parte, Romero manifest\u00f3: \u201cAnte todo quiero saludar y agradecer al intendente Ustarroz y a todos los que trabajaron para que esto sea posible\u201d<\/p>\n<p>El mismo cont\u00f3 con diferentes actividades y propuestas, entre ellas, estuvo el Dr. Romero haciendo charlas sobre tenencia responsable, puesto de castraci\u00f3n y vacunaci\u00f3n antirr\u00e1bica, peluquer\u00eda canina, jornada de adopci\u00f3n, desfile canino, etc. Todo organizado con diferentes organizaciones proteccionistas de Mercedes, la Secretar\u00eda de Salud y el \u00e1rea de Veterinaria y zoonosis.<\/p>\n<p><img loading=\"lazy\" decoding=\"async\" class=\"alignnone size-full wp-image-105505\" src=\"https:\/\/noticiasmercedinas.com\/site\/wp-content\/uploads\/2022\/11\/DSC05470.jpg\" alt=\"\" width=\"923\" height=\"615\" srcset=\"https:\/\/noticiasmercedinas.com\/site\/wp-content\/uploads\/2022\/11\/DSC05470.jpg 923w, https:\/\/noticiasmercedinas.com\/site\/wp-content\/uploads\/2022\/11\/DSC05470-300x200.jpg 300w, https:\/\/noticiasmercedinas.com\/site\/wp-content\/uploads\/2022\/11\/DSC05470-768x512.jpg 768w, https:\/\/noticiasmercedinas.com\/site\/wp-content\/uploads\/2022\/11\/DSC05470-640x426.jpg 640w, https:\/\/noticiasmercedinas.com\/site\/wp-content\/uploads\/2022\/11\/DSC05470-681x454.jpg 681w\" sizes=\"auto, (max-width: 923px) 100vw, 923px\" \/><\/p>\n","protected":false},"excerpt":{"rendered":"<p>\u25a0 Este domingo en La Trocha, y con la presencia del doctor H\u00e9ctor Romero, hubo exposici\u00f3n, pets shop, vacunaci\u00f3n, prevenci\u00f3n y controles.<\/p>\n","protected":false},"author":16,"featured_media":105506,"comment_status":"open","ping_status":"open","sticky":false,"template":"","format":"standard","meta":{"footnotes":""},"categories":[8992],"tags":[15841,1200,3203],"class_list":["post-105504","post","type-post","status-publish","format-standard","has-post-thumbnail","hentry","category-bienestar","tag-festival-mascotero","tag-veterinaria","tag-zoonosis"],"yoast_head":"<!-- This site is optimized with the Yoast SEO plugin v27.4 - https:\/\/yoast.com\/product\/yoast-seo-wordpress\/ -->\n<title>Se realiz\u00f3 el primer festival mascotero en Mercedes<\/title>\n<meta name=\"robots\" content=\"index, follow, max-snippet:-1, max-image-preview:large, max-video-preview:-1\" \/>\n<link rel=\"canonical\" href=\"https:\/\/noticiasmercedinas.com\/site\/2022\/11\/29\/se-realizo-el-primer-festival-mascotero-en-mercedes\/\" \/>\n<meta property=\"og:locale\" content=\"es_ES\" \/>\n<meta property=\"og:type\" content=\"article\" \/>\n<meta property=\"og:title\" content=\"Se realiz\u00f3 el primer festival mascotero en Mercedes\" \/>\n<meta property=\"og:description\" content=\"\u25a0 Este domingo en La Trocha, y con la presencia del doctor H\u00e9ctor Romero, hubo exposici\u00f3n, pets shop, vacunaci\u00f3n, prevenci\u00f3n y controles.\" \/>\n<meta property=\"og:url\" content=\"https:\/\/noticiasmercedinas.com\/site\/2022\/11\/29\/se-realizo-el-primer-festival-mascotero-en-mercedes\/\" \/>\n<meta property=\"og:site_name\" content=\"NOTICIASMERCEDINAS.COM\" \/>\n<meta property=\"article:publisher\" content=\"https:\/\/www.facebook.com\/noticiasmercedinas\/\" \/>\n<meta property=\"article:published_time\" content=\"2022-11-29T14:02:47+00:00\" \/>\n<meta property=\"og:image\" content=\"https:\/\/noticiasmercedinas.com\/site\/wp-content\/uploads\/2022\/11\/DSC05329.jpg\" \/>\n\t<meta property=\"og:image:width\" content=\"922\" \/>\n\t<meta property=\"og:image:height\" content=\"615\" \/>\n\t<meta property=\"og:image:type\" content=\"image\/jpeg\" \/>\n<meta name=\"author\" content=\"NOTICIASMERCEDINAS.COM\" \/>\n<meta name=\"twitter:card\" content=\"summary_large_image\" \/>\n<meta name=\"twitter:creator\" content=\"@notmercedinas\" \/>\n<meta name=\"twitter:site\" content=\"@notmercedinas\" \/>\n<meta name=\"twitter:label1\" content=\"Escrito por\" \/>\n\t<meta name=\"twitter:data1\" content=\"NOTICIASMERCEDINAS.COM\" \/>\n\t<meta name=\"twitter:label2\" content=\"Tiempo de lectura\" \/>\n\t<meta name=\"twitter:data2\" content=\"3 minutos\" \/>\n<script type=\"application\/ld+json\" class=\"yoast-schema-graph\">{\"@context\":\"https:\\\/\\\/schema.org\",\"@graph\":[{\"@type\":\"Article\",\"@id\":\"https:\\\/\\\/noticiasmercedinas.com\\\/site\\\/2022\\\/11\\\/29\\\/se-realizo-el-primer-festival-mascotero-en-mercedes\\\/#article\",\"isPartOf\":{\"@id\":\"https:\\\/\\\/noticiasmercedinas.com\\\/site\\\/2022\\\/11\\\/29\\\/se-realizo-el-primer-festival-mascotero-en-mercedes\\\/\"},\"author\":{\"name\":\"NOTICIASMERCEDINAS.COM\",\"@id\":\"https:\\\/\\\/noticiasmercedinas.com\\\/site\\\/#\\\/schema\\\/person\\\/84b59c099c28ff2e8b77d4ceec5d8063\"},\"headline\":\"Se realiz\u00f3 el primer festival mascotero en Mercedes\",\"datePublished\":\"2022-11-29T14:02:47+00:00\",\"mainEntityOfPage\":{\"@id\":\"https:\\\/\\\/noticiasmercedinas.com\\\/site\\\/2022\\\/11\\\/29\\\/se-realizo-el-primer-festival-mascotero-en-mercedes\\\/\"},\"wordCount\":378,\"commentCount\":0,\"publisher\":{\"@id\":\"https:\\\/\\\/noticiasmercedinas.com\\\/site\\\/#organization\"},\"image\":{\"@id\":\"https:\\\/\\\/noticiasmercedinas.com\\\/site\\\/2022\\\/11\\\/29\\\/se-realizo-el-primer-festival-mascotero-en-mercedes\\\/#primaryimage\"},\"thumbnailUrl\":\"https:\\\/\\\/noticiasmercedinas.com\\\/site\\\/wp-content\\\/uploads\\\/2022\\\/11\\\/DSC05329.jpg\",\"keywords\":[\"festival mascotero\",\"veterinaria\",\"zoonosis\"],\"articleSection\":[\"Bienestar\"],\"inLanguage\":\"es\",\"potentialAction\":[{\"@type\":\"CommentAction\",\"name\":\"Comment\",\"target\":[\"https:\\\/\\\/noticiasmercedinas.com\\\/site\\\/2022\\\/11\\\/29\\\/se-realizo-el-primer-festival-mascotero-en-mercedes\\\/#respond\"]}]},{\"@type\":\"WebPage\",\"@id\":\"https:\\\/\\\/noticiasmercedinas.com\\\/site\\\/2022\\\/11\\\/29\\\/se-realizo-el-primer-festival-mascotero-en-mercedes\\\/\",\"url\":\"https:\\\/\\\/noticiasmercedinas.com\\\/site\\\/2022\\\/11\\\/29\\\/se-realizo-el-primer-festival-mascotero-en-mercedes\\\/\",\"name\":\"Se realiz\u00f3 el primer festival mascotero en Mercedes\",\"isPartOf\":{\"@id\":\"https:\\\/\\\/noticiasmercedinas.com\\\/site\\\/#website\"},\"primaryImageOfPage\":{\"@id\":\"https:\\\/\\\/noticiasmercedinas.com\\\/site\\\/2022\\\/11\\\/29\\\/se-realizo-el-primer-festival-mascotero-en-mercedes\\\/#primaryimage\"},\"image\":{\"@id\":\"https:\\\/\\\/noticiasmercedinas.com\\\/site\\\/2022\\\/11\\\/29\\\/se-realizo-el-primer-festival-mascotero-en-mercedes\\\/#primaryimage\"},\"thumbnailUrl\":\"https:\\\/\\\/noticiasmercedinas.com\\\/site\\\/wp-content\\\/uploads\\\/2022\\\/11\\\/DSC05329.jpg\",\"datePublished\":\"2022-11-29T14:02:47+00:00\",\"breadcrumb\":{\"@id\":\"https:\\\/\\\/noticiasmercedinas.com\\\/site\\\/2022\\\/11\\\/29\\\/se-realizo-el-primer-festival-mascotero-en-mercedes\\\/#breadcrumb\"},\"inLanguage\":\"es\",\"potentialAction\":[{\"@type\":\"ReadAction\",\"target\":[\"https:\\\/\\\/noticiasmercedinas.com\\\/site\\\/2022\\\/11\\\/29\\\/se-realizo-el-primer-festival-mascotero-en-mercedes\\\/\"]}]},{\"@type\":\"ImageObject\",\"inLanguage\":\"es\",\"@id\":\"https:\\\/\\\/noticiasmercedinas.com\\\/site\\\/2022\\\/11\\\/29\\\/se-realizo-el-primer-festival-mascotero-en-mercedes\\\/#primaryimage\",\"url\":\"https:\\\/\\\/noticiasmercedinas.com\\\/site\\\/wp-content\\\/uploads\\\/2022\\\/11\\\/DSC05329.jpg\",\"contentUrl\":\"https:\\\/\\\/noticiasmercedinas.com\\\/site\\\/wp-content\\\/uploads\\\/2022\\\/11\\\/DSC05329.jpg\",\"width\":922,\"height\":615},{\"@type\":\"BreadcrumbList\",\"@id\":\"https:\\\/\\\/noticiasmercedinas.com\\\/site\\\/2022\\\/11\\\/29\\\/se-realizo-el-primer-festival-mascotero-en-mercedes\\\/#breadcrumb\",\"itemListElement\":[{\"@type\":\"ListItem\",\"position\":1,\"name\":\"Portada\",\"item\":\"https:\\\/\\\/noticiasmercedinas.com\\\/site\\\/\"},{\"@type\":\"ListItem\",\"position\":2,\"name\":\"Se realiz\u00f3 el primer festival mascotero en Mercedes\"}]},{\"@type\":\"WebSite\",\"@id\":\"https:\\\/\\\/noticiasmercedinas.com\\\/site\\\/#website\",\"url\":\"https:\\\/\\\/noticiasmercedinas.com\\\/site\\\/\",\"name\":\"NOTICIASMERCEDINAS.COM\",\"description\":\"Mercedes, Buenos Aires, Argentina\",\"publisher\":{\"@id\":\"https:\\\/\\\/noticiasmercedinas.com\\\/site\\\/#organization\"},\"potentialAction\":[{\"@type\":\"SearchAction\",\"target\":{\"@type\":\"EntryPoint\",\"urlTemplate\":\"https:\\\/\\\/noticiasmercedinas.com\\\/site\\\/?s={search_term_string}\"},\"query-input\":{\"@type\":\"PropertyValueSpecification\",\"valueRequired\":true,\"valueName\":\"search_term_string\"}}],\"inLanguage\":\"es\"},{\"@type\":\"Organization\",\"@id\":\"https:\\\/\\\/noticiasmercedinas.com\\\/site\\\/#organization\",\"name\":\"NOTICIASMERCEDINAS.COM\",\"url\":\"https:\\\/\\\/noticiasmercedinas.com\\\/site\\\/\",\"logo\":{\"@type\":\"ImageObject\",\"inLanguage\":\"es\",\"@id\":\"https:\\\/\\\/noticiasmercedinas.com\\\/site\\\/#\\\/schema\\\/logo\\\/image\\\/\",\"url\":\"https:\\\/\\\/noticiasmercedinas.com\\\/site\\\/wp-content\\\/uploads\\\/2020\\\/06\\\/LOGO-512.jpg\",\"contentUrl\":\"https:\\\/\\\/noticiasmercedinas.com\\\/site\\\/wp-content\\\/uploads\\\/2020\\\/06\\\/LOGO-512.jpg\",\"width\":512,\"height\":512,\"caption\":\"NOTICIASMERCEDINAS.COM\"},\"image\":{\"@id\":\"https:\\\/\\\/noticiasmercedinas.com\\\/site\\\/#\\\/schema\\\/logo\\\/image\\\/\"},\"sameAs\":[\"https:\\\/\\\/www.facebook.com\\\/noticiasmercedinas\\\/\",\"https:\\\/\\\/x.com\\\/notmercedinas\",\"https:\\\/\\\/www.instagram.com\\\/noticiasmercedinas\\\/\"]},{\"@type\":\"Person\",\"@id\":\"https:\\\/\\\/noticiasmercedinas.com\\\/site\\\/#\\\/schema\\\/person\\\/84b59c099c28ff2e8b77d4ceec5d8063\",\"name\":\"NOTICIASMERCEDINAS.COM\",\"image\":{\"@type\":\"ImageObject\",\"inLanguage\":\"es\",\"@id\":\"https:\\\/\\\/secure.gravatar.com\\\/avatar\\\/4dfbf16b4d17945bfb6341b2d19043457132fcf478a5ee04f42e959fd8f5df0a?s=96&d=mm&r=g\",\"url\":\"https:\\\/\\\/secure.gravatar.com\\\/avatar\\\/4dfbf16b4d17945bfb6341b2d19043457132fcf478a5ee04f42e959fd8f5df0a?s=96&d=mm&r=g\",\"contentUrl\":\"https:\\\/\\\/secure.gravatar.com\\\/avatar\\\/4dfbf16b4d17945bfb6341b2d19043457132fcf478a5ee04f42e959fd8f5df0a?s=96&d=mm&r=g\",\"caption\":\"NOTICIASMERCEDINAS.COM\"},\"url\":\"https:\\\/\\\/noticiasmercedinas.com\\\/site\\\/author\\\/anonimo\\\/\"}]}<\/script>\n<!-- \/ Yoast SEO plugin. -->","yoast_head_json":{"title":"Se realiz\u00f3 el primer festival mascotero en Mercedes","robots":{"index":"index","follow":"follow","max-snippet":"max-snippet:-1","max-image-preview":"max-image-preview:large","max-video-preview":"max-video-preview:-1"},"canonical":"https:\/\/noticiasmercedinas.com\/site\/2022\/11\/29\/se-realizo-el-primer-festival-mascotero-en-mercedes\/","og_locale":"es_ES","og_type":"article","og_title":"Se realiz\u00f3 el primer festival mascotero en Mercedes","og_description":"\u25a0 Este domingo en La Trocha, y con la presencia del doctor H\u00e9ctor Romero, hubo exposici\u00f3n, pets shop, vacunaci\u00f3n, prevenci\u00f3n y controles.","og_url":"https:\/\/noticiasmercedinas.com\/site\/2022\/11\/29\/se-realizo-el-primer-festival-mascotero-en-mercedes\/","og_site_name":"NOTICIASMERCEDINAS.COM","article_publisher":"https:\/\/www.facebook.com\/noticiasmercedinas\/","article_published_time":"2022-11-29T14:02:47+00:00","og_image":[{"width":922,"height":615,"url":"https:\/\/noticiasmercedinas.com\/site\/wp-content\/uploads\/2022\/11\/DSC05329.jpg","type":"image\/jpeg"}],"author":"NOTICIASMERCEDINAS.COM","twitter_card":"summary_large_image","twitter_creator":"@notmercedinas","twitter_site":"@notmercedinas","twitter_misc":{"Escrito por":"NOTICIASMERCEDINAS.COM","Tiempo de lectura":"3 minutos"},"schema":{"@context":"https:\/\/schema.org","@graph":[{"@type":"Article","@id":"https:\/\/noticiasmercedinas.com\/site\/2022\/11\/29\/se-realizo-el-primer-festival-mascotero-en-mercedes\/#article","isPartOf":{"@id":"https:\/\/noticiasmercedinas.com\/site\/2022\/11\/29\/se-realizo-el-primer-festival-mascotero-en-mercedes\/"},"author":{"name":"NOTICIASMERCEDINAS.COM","@id":"https:\/\/noticiasmercedinas.com\/site\/#\/schema\/person\/84b59c099c28ff2e8b77d4ceec5d8063"},"headline":"Se realiz\u00f3 el primer festival mascotero en Mercedes","datePublished":"2022-11-29T14:02:47+00:00","mainEntityOfPage":{"@id":"https:\/\/noticiasmercedinas.com\/site\/2022\/11\/29\/se-realizo-el-primer-festival-mascotero-en-mercedes\/"},"wordCount":378,"commentCount":0,"publisher":{"@id":"https:\/\/noticiasmercedinas.com\/site\/#organization"},"image":{"@id":"https:\/\/noticiasmercedinas.com\/site\/2022\/11\/29\/se-realizo-el-primer-festival-mascotero-en-mercedes\/#primaryimage"},"thumbnailUrl":"https:\/\/noticiasmercedinas.com\/site\/wp-content\/uploads\/2022\/11\/DSC05329.jpg","keywords":["festival mascotero","veterinaria","zoonosis"],"articleSection":["Bienestar"],"inLanguage":"es","potentialAction":[{"@type":"CommentAction","name":"Comment","target":["https:\/\/noticiasmercedinas.com\/site\/2022\/11\/29\/se-realizo-el-primer-festival-mascotero-en-mercedes\/#respond"]}]},{"@type":"WebPage","@id":"https:\/\/noticiasmercedinas.com\/site\/2022\/11\/29\/se-realizo-el-primer-festival-mascotero-en-mercedes\/","url":"https:\/\/noticiasmercedinas.com\/site\/2022\/11\/29\/se-realizo-el-primer-festival-mascotero-en-mercedes\/","name":"Se realiz\u00f3 el primer festival mascotero en Mercedes","isPartOf":{"@id":"https:\/\/noticiasmercedinas.com\/site\/#website"},"primaryImageOfPage":{"@id":"https:\/\/noticiasmercedinas.com\/site\/2022\/11\/29\/se-realizo-el-primer-festival-mascotero-en-mercedes\/#primaryimage"},"image":{"@id":"https:\/\/noticiasmercedinas.com\/site\/2022\/11\/29\/se-realizo-el-primer-festival-mascotero-en-mercedes\/#primaryimage"},"thumbnailUrl":"https:\/\/noticiasmercedinas.com\/site\/wp-content\/uploads\/2022\/11\/DSC05329.jpg","datePublished":"2022-11-29T14:02:47+00:00","breadcrumb":{"@id":"https:\/\/noticiasmercedinas.com\/site\/2022\/11\/29\/se-realizo-el-primer-festival-mascotero-en-mercedes\/#breadcrumb"},"inLanguage":"es","potentialAction":[{"@type":"ReadAction","target":["https:\/\/noticiasmercedinas.com\/site\/2022\/11\/29\/se-realizo-el-primer-festival-mascotero-en-mercedes\/"]}]},{"@type":"ImageObject","inLanguage":"es","@id":"https:\/\/noticiasmercedinas.com\/site\/2022\/11\/29\/se-realizo-el-primer-festival-mascotero-en-mercedes\/#primaryimage","url":"https:\/\/noticiasmercedinas.com\/site\/wp-content\/uploads\/2022\/11\/DSC05329.jpg","contentUrl":"https:\/\/noticiasmercedinas.com\/site\/wp-content\/uploads\/2022\/11\/DSC05329.jpg","width":922,"height":615},{"@type":"BreadcrumbList","@id":"https:\/\/noticiasmercedinas.com\/site\/2022\/11\/29\/se-realizo-el-primer-festival-mascotero-en-mercedes\/#breadcrumb","itemListElement":[{"@type":"ListItem","position":1,"name":"Portada","item":"https:\/\/noticiasmercedinas.com\/site\/"},{"@type":"ListItem","position":2,"name":"Se realiz\u00f3 el primer festival mascotero en Mercedes"}]},{"@type":"WebSite","@id":"https:\/\/noticiasmercedinas.com\/site\/#website","url":"https:\/\/noticiasmercedinas.com\/site\/","name":"NOTICIASMERCEDINAS.COM","description":"Mercedes, Buenos Aires, Argentina","publisher":{"@id":"https:\/\/noticiasmercedinas.com\/site\/#organization"},"potentialAction":[{"@type":"SearchAction","target":{"@type":"EntryPoint","urlTemplate":"https:\/\/noticiasmercedinas.com\/site\/?s={search_term_string}"},"query-input":{"@type":"PropertyValueSpecification","valueRequired":true,"valueName":"search_term_string"}}],"inLanguage":"es"},{"@type":"Organization","@id":"https:\/\/noticiasmercedinas.com\/site\/#organization","name":"NOTICIASMERCEDINAS.COM","url":"https:\/\/noticiasmercedinas.com\/site\/","logo":{"@type":"ImageObject","inLanguage":"es","@id":"https:\/\/noticiasmercedinas.com\/site\/#\/schema\/logo\/image\/","url":"https:\/\/noticiasmercedinas.com\/site\/wp-content\/uploads\/2020\/06\/LOGO-512.jpg","contentUrl":"https:\/\/noticiasmercedinas.com\/site\/wp-content\/uploads\/2020\/06\/LOGO-512.jpg","width":512,"height":512,"caption":"NOTICIASMERCEDINAS.COM"},"image":{"@id":"https:\/\/noticiasmercedinas.com\/site\/#\/schema\/logo\/image\/"},"sameAs":["https:\/\/www.facebook.com\/noticiasmercedinas\/","https:\/\/x.com\/notmercedinas","https:\/\/www.instagram.com\/noticiasmercedinas\/"]},{"@type":"Person","@id":"https:\/\/noticiasmercedinas.com\/site\/#\/schema\/person\/84b59c099c28ff2e8b77d4ceec5d8063","name":"NOTICIASMERCEDINAS.COM","image":{"@type":"ImageObject","inLanguage":"es","@id":"https:\/\/secure.gravatar.com\/avatar\/4dfbf16b4d17945bfb6341b2d19043457132fcf478a5ee04f42e959fd8f5df0a?s=96&d=mm&r=g","url":"https:\/\/secure.gravatar.com\/avatar\/4dfbf16b4d17945bfb6341b2d19043457132fcf478a5ee04f42e959fd8f5df0a?s=96&d=mm&r=g","contentUrl":"https:\/\/secure.gravatar.com\/avatar\/4dfbf16b4d17945bfb6341b2d19043457132fcf478a5ee04f42e959fd8f5df0a?s=96&d=mm&r=g","caption":"NOTICIASMERCEDINAS.COM"},"url":"https:\/\/noticiasmercedinas.com\/site\/author\/anonimo\/"}]}},"amp_enabled":true,"_links":{"self":[{"href":"https:\/\/noticiasmercedinas.com\/site\/wp-json\/wp\/v2\/posts\/105504","targetHints":{"allow":["GET"]}}],"collection":[{"href":"https:\/\/noticiasmercedinas.com\/site\/wp-json\/wp\/v2\/posts"}],"about":[{"href":"https:\/\/noticiasmercedinas.com\/site\/wp-json\/wp\/v2\/types\/post"}],"author":[{"embeddable":true,"href":"https:\/\/noticiasmercedinas.com\/site\/wp-json\/wp\/v2\/users\/16"}],"replies":[{"embeddable":true,"href":"https:\/\/noticiasmercedinas.com\/site\/wp-json\/wp\/v2\/comments?post=105504"}],"version-history":[{"count":1,"href":"https:\/\/noticiasmercedinas.com\/site\/wp-json\/wp\/v2\/posts\/105504\/revisions"}],"predecessor-version":[{"id":105508,"href":"https:\/\/noticiasmercedinas.com\/site\/wp-json\/wp\/v2\/posts\/105504\/revisions\/105508"}],"wp:featuredmedia":[{"embeddable":true,"href":"https:\/\/noticiasmercedinas.com\/site\/wp-json\/wp\/v2\/media\/105506"}],"wp:attachment":[{"href":"https:\/\/noticiasmercedinas.com\/site\/wp-json\/wp\/v2\/media?parent=105504"}],"wp:term":[{"taxonomy":"category","embeddable":true,"href":"https:\/\/noticiasmercedinas.com\/site\/wp-json\/wp\/v2\/categories?post=105504"},{"taxonomy":"post_tag","embeddable":true,"href":"https:\/\/noticiasmercedinas.com\/site\/wp-json\/wp\/v2\/tags?post=105504"}],"curies":[{"name":"wp","href":"https:\/\/api.w.org\/{rel}","templated":true}]}}