{"id":105510,"date":"2022-11-29T11:12:54","date_gmt":"2022-11-29T14:12:54","guid":{"rendered":"https:\/\/noticiasmercedinas.com\/site\/?p=105510"},"modified":"2022-11-29T11:12:54","modified_gmt":"2022-11-29T14:12:54","slug":"victoria-odell-tuvimos-un-ano-con-un-saldo-absolutamente-positivo","status":"publish","type":"post","link":"https:\/\/noticiasmercedinas.com\/site\/2022\/11\/29\/victoria-odell-tuvimos-un-ano-con-un-saldo-absolutamente-positivo\/","title":{"rendered":"Victoria Odell: \u201cTuvimos un a\u00f1o con un saldo absolutamente positivo\u201d"},"content":{"rendered":"<p><img loading=\"lazy\" decoding=\"async\" class=\"alignnone size-full wp-image-105512\" src=\"https:\/\/noticiasmercedinas.com\/site\/wp-content\/uploads\/2022\/11\/Odell_Victoria_aultos_mayores.jpeg\" alt=\"\" width=\"640\" height=\"500\" srcset=\"https:\/\/noticiasmercedinas.com\/site\/wp-content\/uploads\/2022\/11\/Odell_Victoria_aultos_mayores.jpeg 640w, https:\/\/noticiasmercedinas.com\/site\/wp-content\/uploads\/2022\/11\/Odell_Victoria_aultos_mayores-300x234.jpeg 300w, https:\/\/noticiasmercedinas.com\/site\/wp-content\/uploads\/2022\/11\/Odell_Victoria_aultos_mayores-511x400.jpeg 511w\" sizes=\"auto, (max-width: 640px) 100vw, 640px\" \/><\/p>\n<p>Desde la Direcci\u00f3n de Adultos Mayores de la Municipalidad de Mercedes invitan a toda la comunidad, y en especial a los adultos mayores, a participar de la \u201cFiesta en la Jungla\u201d con motivo de celebrar el cierre de un a\u00f1o de mucho trabajo en el \u00e1rea.<\/p>\n<p>Ser\u00e1 el pr\u00f3ximo viernes 2 de diciembre, a las 12 horas, en galp\u00f3n grande del Complejo Cultural La Trocha. Habr\u00e1 artistas invitados y la propuesta del almuerzo es \u201ca la canasta\u201d.<\/p>\n<p>Entrevistada por <em>Noticias Mercedinas,<\/em> <strong>Victoria Odell<\/strong>, directora del \u00e1rea, destac\u00f3 que \u201cla idea es compartir un buen momento, pasarlo bien, disfrutar de buena m\u00fasica y buena compa\u00f1\u00eda\u201d. Adelant\u00f3 que \u201chabr\u00e1 un super show sorpresa, que a\u00fan no queremos anunciar\u201d e invit\u00f3 a que los adultos mayores puedan venir acompa\u00f1ados de su familia, amigos o quien quieran.<\/p>\n<blockquote><p>\u00abVen\u00edamos de un a\u00f1o muy duro de pandemia, sin actividades, sin encuentros y de a poco nos fuimos reamando\u00bb<\/p><\/blockquote>\n<p>Respecto del trabajo del a\u00f1o, Odell expres\u00f3: \u201cEstamos sumamente contentos, con un saldo absolutamente positivo. Ven\u00edamos de un a\u00f1o muy duro de pandemia, sin actividades, sin encuentros y de a poco nos fuimos reamando, respetando los tiempos de cada uno, no s\u00f3lo de los adultos mayores, sino tambi\u00e9n de sus familias\u201d.<\/p>\n<p>\u201cHemos podido arrancar con todos los talleres, las diferentes propuestas de estimulaci\u00f3n cognitiva, talleres recreativos, de arte, de danza. Tambi\u00e9n con encuentros espor\u00e1dicos como las caminatas los s\u00e1bados a la ma\u00f1ana, las mateadas, los torneos bonaerenses, la participaci\u00f3n de los cert\u00e1menes de la Provincia, etc\u201d, enumer\u00f3.<\/p>\n<p>Adem\u00e1s, \u201cpensando en las personas mayores hemos firmado un convenio con la Direcci\u00f3n Nacional de Pol\u00edticas para Adultos Mayores y no s\u00f3lo generar un curso de capacitaci\u00f3n sino tambi\u00e9n dos especializaciones; una relacionada al Alzheimer y la otra a cuidados paliativos\u201d, destac\u00f3 la funcionaria.<\/p>\n<p>\u201cEstamos super contentos. Para nosotros fue un gran a\u00f1o y queremos con todas las chicas cerrar con un hermoso broche de oro el pr\u00f3ximo viernes\u201d, finaliz\u00f3.<\/p>\n<p><img loading=\"lazy\" decoding=\"async\" class=\"alignnone size-full wp-image-105511\" src=\"https:\/\/noticiasmercedinas.com\/site\/wp-content\/uploads\/2022\/11\/Flyeradultos_mayores.jpeg\" alt=\"\" width=\"640\" height=\"799\" srcset=\"https:\/\/noticiasmercedinas.com\/site\/wp-content\/uploads\/2022\/11\/Flyeradultos_mayores.jpeg 640w, https:\/\/noticiasmercedinas.com\/site\/wp-content\/uploads\/2022\/11\/Flyeradultos_mayores-240x300.jpeg 240w\" sizes=\"auto, (max-width: 640px) 100vw, 640px\" \/><\/p>\n","protected":false},"excerpt":{"rendered":"<p>\u25a0 La Directora de Adultos Mayores de la Municipalidad destac\u00f3 el trabajo realizado desde el \u00e1rea durante el 2022 e invit\u00f3 a participar de un gran cierre este viernes, desde las 12, en La Trocha.<\/p>\n","protected":false},"author":8,"featured_media":105512,"comment_status":"open","ping_status":"open","sticky":false,"template":"","format":"standard","meta":{"footnotes":""},"categories":[3],"tags":[10962,748],"class_list":["post-105510","post","type-post","status-publish","format-standard","has-post-thumbnail","hentry","category-sociedad","tag-direccion-de-adultos-mayores","tag-victoria-odell"],"yoast_head":"<!-- This site is optimized with the Yoast SEO plugin v27.4 - https:\/\/yoast.com\/product\/yoast-seo-wordpress\/ -->\n<title>Victoria Odell: \u201cTuvimos un a\u00f1o con un saldo absolutamente positivo\u201d<\/title>\n<meta name=\"robots\" content=\"index, follow, max-snippet:-1, max-image-preview:large, max-video-preview:-1\" \/>\n<link rel=\"canonical\" href=\"https:\/\/noticiasmercedinas.com\/site\/2022\/11\/29\/victoria-odell-tuvimos-un-ano-con-un-saldo-absolutamente-positivo\/\" \/>\n<meta property=\"og:locale\" content=\"es_ES\" \/>\n<meta property=\"og:type\" content=\"article\" \/>\n<meta property=\"og:title\" content=\"Victoria Odell: \u201cTuvimos un a\u00f1o con un saldo absolutamente positivo\u201d\" \/>\n<meta property=\"og:description\" content=\"\u25a0 La Directora de Adultos Mayores de la Municipalidad destac\u00f3 el trabajo realizado desde el \u00e1rea durante el 2022 e invit\u00f3 a participar de un gran cierre este viernes, desde las 12, en La Trocha.\" \/>\n<meta property=\"og:url\" content=\"https:\/\/noticiasmercedinas.com\/site\/2022\/11\/29\/victoria-odell-tuvimos-un-ano-con-un-saldo-absolutamente-positivo\/\" \/>\n<meta property=\"og:site_name\" content=\"NOTICIASMERCEDINAS.COM\" \/>\n<meta property=\"article:publisher\" content=\"https:\/\/www.facebook.com\/noticiasmercedinas\/\" \/>\n<meta property=\"article:published_time\" content=\"2022-11-29T14:12:54+00:00\" \/>\n<meta property=\"og:image\" content=\"https:\/\/noticiasmercedinas.com\/site\/wp-content\/uploads\/2022\/11\/Odell_Victoria_aultos_mayores.jpeg\" \/>\n\t<meta property=\"og:image:width\" content=\"640\" \/>\n\t<meta property=\"og:image:height\" content=\"500\" \/>\n\t<meta property=\"og:image:type\" content=\"image\/jpeg\" \/>\n<meta name=\"author\" content=\"Betina Abalos NOTICIASMERCEDINAS.COM\" \/>\n<meta name=\"twitter:card\" content=\"summary_large_image\" \/>\n<meta name=\"twitter:creator\" content=\"@notmercedinas\" \/>\n<meta name=\"twitter:site\" content=\"@notmercedinas\" \/>\n<meta name=\"twitter:label1\" content=\"Escrito por\" \/>\n\t<meta name=\"twitter:data1\" content=\"Betina Abalos NOTICIASMERCEDINAS.COM\" \/>\n\t<meta name=\"twitter:label2\" content=\"Tiempo de lectura\" \/>\n\t<meta name=\"twitter:data2\" content=\"2 minutos\" \/>\n<script type=\"application\/ld+json\" class=\"yoast-schema-graph\">{\"@context\":\"https:\\\/\\\/schema.org\",\"@graph\":[{\"@type\":\"Article\",\"@id\":\"https:\\\/\\\/noticiasmercedinas.com\\\/site\\\/2022\\\/11\\\/29\\\/victoria-odell-tuvimos-un-ano-con-un-saldo-absolutamente-positivo\\\/#article\",\"isPartOf\":{\"@id\":\"https:\\\/\\\/noticiasmercedinas.com\\\/site\\\/2022\\\/11\\\/29\\\/victoria-odell-tuvimos-un-ano-con-un-saldo-absolutamente-positivo\\\/\"},\"author\":{\"name\":\"Betina Abalos NOTICIASMERCEDINAS.COM\",\"@id\":\"https:\\\/\\\/noticiasmercedinas.com\\\/site\\\/#\\\/schema\\\/person\\\/b38ec3ed89a3735ef5fecfc1c9adc560\"},\"headline\":\"Victoria Odell: \u201cTuvimos un a\u00f1o con un saldo absolutamente positivo\u201d\",\"datePublished\":\"2022-11-29T14:12:54+00:00\",\"mainEntityOfPage\":{\"@id\":\"https:\\\/\\\/noticiasmercedinas.com\\\/site\\\/2022\\\/11\\\/29\\\/victoria-odell-tuvimos-un-ano-con-un-saldo-absolutamente-positivo\\\/\"},\"wordCount\":358,\"commentCount\":0,\"publisher\":{\"@id\":\"https:\\\/\\\/noticiasmercedinas.com\\\/site\\\/#organization\"},\"image\":{\"@id\":\"https:\\\/\\\/noticiasmercedinas.com\\\/site\\\/2022\\\/11\\\/29\\\/victoria-odell-tuvimos-un-ano-con-un-saldo-absolutamente-positivo\\\/#primaryimage\"},\"thumbnailUrl\":\"https:\\\/\\\/noticiasmercedinas.com\\\/site\\\/wp-content\\\/uploads\\\/2022\\\/11\\\/Odell_Victoria_aultos_mayores.jpeg\",\"keywords\":[\"Direcci\u00f3n de Adultos Mayores\",\"victoria odell\"],\"articleSection\":[\"Sociedad\"],\"inLanguage\":\"es\",\"potentialAction\":[{\"@type\":\"CommentAction\",\"name\":\"Comment\",\"target\":[\"https:\\\/\\\/noticiasmercedinas.com\\\/site\\\/2022\\\/11\\\/29\\\/victoria-odell-tuvimos-un-ano-con-un-saldo-absolutamente-positivo\\\/#respond\"]}]},{\"@type\":\"WebPage\",\"@id\":\"https:\\\/\\\/noticiasmercedinas.com\\\/site\\\/2022\\\/11\\\/29\\\/victoria-odell-tuvimos-un-ano-con-un-saldo-absolutamente-positivo\\\/\",\"url\":\"https:\\\/\\\/noticiasmercedinas.com\\\/site\\\/2022\\\/11\\\/29\\\/victoria-odell-tuvimos-un-ano-con-un-saldo-absolutamente-positivo\\\/\",\"name\":\"Victoria Odell: \u201cTuvimos un a\u00f1o con un saldo absolutamente positivo\u201d\",\"isPartOf\":{\"@id\":\"https:\\\/\\\/noticiasmercedinas.com\\\/site\\\/#website\"},\"primaryImageOfPage\":{\"@id\":\"https:\\\/\\\/noticiasmercedinas.com\\\/site\\\/2022\\\/11\\\/29\\\/victoria-odell-tuvimos-un-ano-con-un-saldo-absolutamente-positivo\\\/#primaryimage\"},\"image\":{\"@id\":\"https:\\\/\\\/noticiasmercedinas.com\\\/site\\\/2022\\\/11\\\/29\\\/victoria-odell-tuvimos-un-ano-con-un-saldo-absolutamente-positivo\\\/#primaryimage\"},\"thumbnailUrl\":\"https:\\\/\\\/noticiasmercedinas.com\\\/site\\\/wp-content\\\/uploads\\\/2022\\\/11\\\/Odell_Victoria_aultos_mayores.jpeg\",\"datePublished\":\"2022-11-29T14:12:54+00:00\",\"breadcrumb\":{\"@id\":\"https:\\\/\\\/noticiasmercedinas.com\\\/site\\\/2022\\\/11\\\/29\\\/victoria-odell-tuvimos-un-ano-con-un-saldo-absolutamente-positivo\\\/#breadcrumb\"},\"inLanguage\":\"es\",\"potentialAction\":[{\"@type\":\"ReadAction\",\"target\":[\"https:\\\/\\\/noticiasmercedinas.com\\\/site\\\/2022\\\/11\\\/29\\\/victoria-odell-tuvimos-un-ano-con-un-saldo-absolutamente-positivo\\\/\"]}]},{\"@type\":\"ImageObject\",\"inLanguage\":\"es\",\"@id\":\"https:\\\/\\\/noticiasmercedinas.com\\\/site\\\/2022\\\/11\\\/29\\\/victoria-odell-tuvimos-un-ano-con-un-saldo-absolutamente-positivo\\\/#primaryimage\",\"url\":\"https:\\\/\\\/noticiasmercedinas.com\\\/site\\\/wp-content\\\/uploads\\\/2022\\\/11\\\/Odell_Victoria_aultos_mayores.jpeg\",\"contentUrl\":\"https:\\\/\\\/noticiasmercedinas.com\\\/site\\\/wp-content\\\/uploads\\\/2022\\\/11\\\/Odell_Victoria_aultos_mayores.jpeg\",\"width\":640,\"height\":500,\"caption\":\"Victoria Odell, directora de Adultos Mayores\"},{\"@type\":\"BreadcrumbList\",\"@id\":\"https:\\\/\\\/noticiasmercedinas.com\\\/site\\\/2022\\\/11\\\/29\\\/victoria-odell-tuvimos-un-ano-con-un-saldo-absolutamente-positivo\\\/#breadcrumb\",\"itemListElement\":[{\"@type\":\"ListItem\",\"position\":1,\"name\":\"Portada\",\"item\":\"https:\\\/\\\/noticiasmercedinas.com\\\/site\\\/\"},{\"@type\":\"ListItem\",\"position\":2,\"name\":\"Victoria Odell: \u201cTuvimos un a\u00f1o con un saldo absolutamente positivo\u201d\"}]},{\"@type\":\"WebSite\",\"@id\":\"https:\\\/\\\/noticiasmercedinas.com\\\/site\\\/#website\",\"url\":\"https:\\\/\\\/noticiasmercedinas.com\\\/site\\\/\",\"name\":\"NOTICIASMERCEDINAS.COM\",\"description\":\"Mercedes, Buenos Aires, Argentina\",\"publisher\":{\"@id\":\"https:\\\/\\\/noticiasmercedinas.com\\\/site\\\/#organization\"},\"potentialAction\":[{\"@type\":\"SearchAction\",\"target\":{\"@type\":\"EntryPoint\",\"urlTemplate\":\"https:\\\/\\\/noticiasmercedinas.com\\\/site\\\/?s={search_term_string}\"},\"query-input\":{\"@type\":\"PropertyValueSpecification\",\"valueRequired\":true,\"valueName\":\"search_term_string\"}}],\"inLanguage\":\"es\"},{\"@type\":\"Organization\",\"@id\":\"https:\\\/\\\/noticiasmercedinas.com\\\/site\\\/#organization\",\"name\":\"NOTICIASMERCEDINAS.COM\",\"url\":\"https:\\\/\\\/noticiasmercedinas.com\\\/site\\\/\",\"logo\":{\"@type\":\"ImageObject\",\"inLanguage\":\"es\",\"@id\":\"https:\\\/\\\/noticiasmercedinas.com\\\/site\\\/#\\\/schema\\\/logo\\\/image\\\/\",\"url\":\"https:\\\/\\\/noticiasmercedinas.com\\\/site\\\/wp-content\\\/uploads\\\/2020\\\/06\\\/LOGO-512.jpg\",\"contentUrl\":\"https:\\\/\\\/noticiasmercedinas.com\\\/site\\\/wp-content\\\/uploads\\\/2020\\\/06\\\/LOGO-512.jpg\",\"width\":512,\"height\":512,\"caption\":\"NOTICIASMERCEDINAS.COM\"},\"image\":{\"@id\":\"https:\\\/\\\/noticiasmercedinas.com\\\/site\\\/#\\\/schema\\\/logo\\\/image\\\/\"},\"sameAs\":[\"https:\\\/\\\/www.facebook.com\\\/noticiasmercedinas\\\/\",\"https:\\\/\\\/x.com\\\/notmercedinas\",\"https:\\\/\\\/www.instagram.com\\\/noticiasmercedinas\\\/\"]},{\"@type\":\"Person\",\"@id\":\"https:\\\/\\\/noticiasmercedinas.com\\\/site\\\/#\\\/schema\\\/person\\\/b38ec3ed89a3735ef5fecfc1c9adc560\",\"name\":\"Betina Abalos NOTICIASMERCEDINAS.COM\",\"image\":{\"@type\":\"ImageObject\",\"inLanguage\":\"es\",\"@id\":\"https:\\\/\\\/secure.gravatar.com\\\/avatar\\\/8c86fde6c3b4a08aabce60929a23fa91235f414626598c992897a3e4b0679f33?s=96&d=mm&r=g\",\"url\":\"https:\\\/\\\/secure.gravatar.com\\\/avatar\\\/8c86fde6c3b4a08aabce60929a23fa91235f414626598c992897a3e4b0679f33?s=96&d=mm&r=g\",\"contentUrl\":\"https:\\\/\\\/secure.gravatar.com\\\/avatar\\\/8c86fde6c3b4a08aabce60929a23fa91235f414626598c992897a3e4b0679f33?s=96&d=mm&r=g\",\"caption\":\"Betina Abalos NOTICIASMERCEDINAS.COM\"},\"url\":\"https:\\\/\\\/noticiasmercedinas.com\\\/site\\\/author\\\/betina\\\/\"}]}<\/script>\n<!-- \/ Yoast SEO plugin. -->","yoast_head_json":{"title":"Victoria Odell: \u201cTuvimos un a\u00f1o con un saldo absolutamente positivo\u201d","robots":{"index":"index","follow":"follow","max-snippet":"max-snippet:-1","max-image-preview":"max-image-preview:large","max-video-preview":"max-video-preview:-1"},"canonical":"https:\/\/noticiasmercedinas.com\/site\/2022\/11\/29\/victoria-odell-tuvimos-un-ano-con-un-saldo-absolutamente-positivo\/","og_locale":"es_ES","og_type":"article","og_title":"Victoria Odell: \u201cTuvimos un a\u00f1o con un saldo absolutamente positivo\u201d","og_description":"\u25a0 La Directora de Adultos Mayores de la Municipalidad destac\u00f3 el trabajo realizado desde el \u00e1rea durante el 2022 e invit\u00f3 a participar de un gran cierre este viernes, desde las 12, en La Trocha.","og_url":"https:\/\/noticiasmercedinas.com\/site\/2022\/11\/29\/victoria-odell-tuvimos-un-ano-con-un-saldo-absolutamente-positivo\/","og_site_name":"NOTICIASMERCEDINAS.COM","article_publisher":"https:\/\/www.facebook.com\/noticiasmercedinas\/","article_published_time":"2022-11-29T14:12:54+00:00","og_image":[{"width":640,"height":500,"url":"https:\/\/noticiasmercedinas.com\/site\/wp-content\/uploads\/2022\/11\/Odell_Victoria_aultos_mayores.jpeg","type":"image\/jpeg"}],"author":"Betina Abalos NOTICIASMERCEDINAS.COM","twitter_card":"summary_large_image","twitter_creator":"@notmercedinas","twitter_site":"@notmercedinas","twitter_misc":{"Escrito por":"Betina Abalos NOTICIASMERCEDINAS.COM","Tiempo de lectura":"2 minutos"},"schema":{"@context":"https:\/\/schema.org","@graph":[{"@type":"Article","@id":"https:\/\/noticiasmercedinas.com\/site\/2022\/11\/29\/victoria-odell-tuvimos-un-ano-con-un-saldo-absolutamente-positivo\/#article","isPartOf":{"@id":"https:\/\/noticiasmercedinas.com\/site\/2022\/11\/29\/victoria-odell-tuvimos-un-ano-con-un-saldo-absolutamente-positivo\/"},"author":{"name":"Betina Abalos NOTICIASMERCEDINAS.COM","@id":"https:\/\/noticiasmercedinas.com\/site\/#\/schema\/person\/b38ec3ed89a3735ef5fecfc1c9adc560"},"headline":"Victoria Odell: \u201cTuvimos un a\u00f1o con un saldo absolutamente positivo\u201d","datePublished":"2022-11-29T14:12:54+00:00","mainEntityOfPage":{"@id":"https:\/\/noticiasmercedinas.com\/site\/2022\/11\/29\/victoria-odell-tuvimos-un-ano-con-un-saldo-absolutamente-positivo\/"},"wordCount":358,"commentCount":0,"publisher":{"@id":"https:\/\/noticiasmercedinas.com\/site\/#organization"},"image":{"@id":"https:\/\/noticiasmercedinas.com\/site\/2022\/11\/29\/victoria-odell-tuvimos-un-ano-con-un-saldo-absolutamente-positivo\/#primaryimage"},"thumbnailUrl":"https:\/\/noticiasmercedinas.com\/site\/wp-content\/uploads\/2022\/11\/Odell_Victoria_aultos_mayores.jpeg","keywords":["Direcci\u00f3n de Adultos Mayores","victoria odell"],"articleSection":["Sociedad"],"inLanguage":"es","potentialAction":[{"@type":"CommentAction","name":"Comment","target":["https:\/\/noticiasmercedinas.com\/site\/2022\/11\/29\/victoria-odell-tuvimos-un-ano-con-un-saldo-absolutamente-positivo\/#respond"]}]},{"@type":"WebPage","@id":"https:\/\/noticiasmercedinas.com\/site\/2022\/11\/29\/victoria-odell-tuvimos-un-ano-con-un-saldo-absolutamente-positivo\/","url":"https:\/\/noticiasmercedinas.com\/site\/2022\/11\/29\/victoria-odell-tuvimos-un-ano-con-un-saldo-absolutamente-positivo\/","name":"Victoria Odell: \u201cTuvimos un a\u00f1o con un saldo absolutamente positivo\u201d","isPartOf":{"@id":"https:\/\/noticiasmercedinas.com\/site\/#website"},"primaryImageOfPage":{"@id":"https:\/\/noticiasmercedinas.com\/site\/2022\/11\/29\/victoria-odell-tuvimos-un-ano-con-un-saldo-absolutamente-positivo\/#primaryimage"},"image":{"@id":"https:\/\/noticiasmercedinas.com\/site\/2022\/11\/29\/victoria-odell-tuvimos-un-ano-con-un-saldo-absolutamente-positivo\/#primaryimage"},"thumbnailUrl":"https:\/\/noticiasmercedinas.com\/site\/wp-content\/uploads\/2022\/11\/Odell_Victoria_aultos_mayores.jpeg","datePublished":"2022-11-29T14:12:54+00:00","breadcrumb":{"@id":"https:\/\/noticiasmercedinas.com\/site\/2022\/11\/29\/victoria-odell-tuvimos-un-ano-con-un-saldo-absolutamente-positivo\/#breadcrumb"},"inLanguage":"es","potentialAction":[{"@type":"ReadAction","target":["https:\/\/noticiasmercedinas.com\/site\/2022\/11\/29\/victoria-odell-tuvimos-un-ano-con-un-saldo-absolutamente-positivo\/"]}]},{"@type":"ImageObject","inLanguage":"es","@id":"https:\/\/noticiasmercedinas.com\/site\/2022\/11\/29\/victoria-odell-tuvimos-un-ano-con-un-saldo-absolutamente-positivo\/#primaryimage","url":"https:\/\/noticiasmercedinas.com\/site\/wp-content\/uploads\/2022\/11\/Odell_Victoria_aultos_mayores.jpeg","contentUrl":"https:\/\/noticiasmercedinas.com\/site\/wp-content\/uploads\/2022\/11\/Odell_Victoria_aultos_mayores.jpeg","width":640,"height":500,"caption":"Victoria Odell, directora de Adultos Mayores"},{"@type":"BreadcrumbList","@id":"https:\/\/noticiasmercedinas.com\/site\/2022\/11\/29\/victoria-odell-tuvimos-un-ano-con-un-saldo-absolutamente-positivo\/#breadcrumb","itemListElement":[{"@type":"ListItem","position":1,"name":"Portada","item":"https:\/\/noticiasmercedinas.com\/site\/"},{"@type":"ListItem","position":2,"name":"Victoria Odell: \u201cTuvimos un a\u00f1o con un saldo absolutamente positivo\u201d"}]},{"@type":"WebSite","@id":"https:\/\/noticiasmercedinas.com\/site\/#website","url":"https:\/\/noticiasmercedinas.com\/site\/","name":"NOTICIASMERCEDINAS.COM","description":"Mercedes, Buenos Aires, Argentina","publisher":{"@id":"https:\/\/noticiasmercedinas.com\/site\/#organization"},"potentialAction":[{"@type":"SearchAction","target":{"@type":"EntryPoint","urlTemplate":"https:\/\/noticiasmercedinas.com\/site\/?s={search_term_string}"},"query-input":{"@type":"PropertyValueSpecification","valueRequired":true,"valueName":"search_term_string"}}],"inLanguage":"es"},{"@type":"Organization","@id":"https:\/\/noticiasmercedinas.com\/site\/#organization","name":"NOTICIASMERCEDINAS.COM","url":"https:\/\/noticiasmercedinas.com\/site\/","logo":{"@type":"ImageObject","inLanguage":"es","@id":"https:\/\/noticiasmercedinas.com\/site\/#\/schema\/logo\/image\/","url":"https:\/\/noticiasmercedinas.com\/site\/wp-content\/uploads\/2020\/06\/LOGO-512.jpg","contentUrl":"https:\/\/noticiasmercedinas.com\/site\/wp-content\/uploads\/2020\/06\/LOGO-512.jpg","width":512,"height":512,"caption":"NOTICIASMERCEDINAS.COM"},"image":{"@id":"https:\/\/noticiasmercedinas.com\/site\/#\/schema\/logo\/image\/"},"sameAs":["https:\/\/www.facebook.com\/noticiasmercedinas\/","https:\/\/x.com\/notmercedinas","https:\/\/www.instagram.com\/noticiasmercedinas\/"]},{"@type":"Person","@id":"https:\/\/noticiasmercedinas.com\/site\/#\/schema\/person\/b38ec3ed89a3735ef5fecfc1c9adc560","name":"Betina Abalos NOTICIASMERCEDINAS.COM","image":{"@type":"ImageObject","inLanguage":"es","@id":"https:\/\/secure.gravatar.com\/avatar\/8c86fde6c3b4a08aabce60929a23fa91235f414626598c992897a3e4b0679f33?s=96&d=mm&r=g","url":"https:\/\/secure.gravatar.com\/avatar\/8c86fde6c3b4a08aabce60929a23fa91235f414626598c992897a3e4b0679f33?s=96&d=mm&r=g","contentUrl":"https:\/\/secure.gravatar.com\/avatar\/8c86fde6c3b4a08aabce60929a23fa91235f414626598c992897a3e4b0679f33?s=96&d=mm&r=g","caption":"Betina Abalos NOTICIASMERCEDINAS.COM"},"url":"https:\/\/noticiasmercedinas.com\/site\/author\/betina\/"}]}},"amp_enabled":true,"_links":{"self":[{"href":"https:\/\/noticiasmercedinas.com\/site\/wp-json\/wp\/v2\/posts\/105510","targetHints":{"allow":["GET"]}}],"collection":[{"href":"https:\/\/noticiasmercedinas.com\/site\/wp-json\/wp\/v2\/posts"}],"about":[{"href":"https:\/\/noticiasmercedinas.com\/site\/wp-json\/wp\/v2\/types\/post"}],"author":[{"embeddable":true,"href":"https:\/\/noticiasmercedinas.com\/site\/wp-json\/wp\/v2\/users\/8"}],"replies":[{"embeddable":true,"href":"https:\/\/noticiasmercedinas.com\/site\/wp-json\/wp\/v2\/comments?post=105510"}],"version-history":[{"count":1,"href":"https:\/\/noticiasmercedinas.com\/site\/wp-json\/wp\/v2\/posts\/105510\/revisions"}],"predecessor-version":[{"id":105513,"href":"https:\/\/noticiasmercedinas.com\/site\/wp-json\/wp\/v2\/posts\/105510\/revisions\/105513"}],"wp:featuredmedia":[{"embeddable":true,"href":"https:\/\/noticiasmercedinas.com\/site\/wp-json\/wp\/v2\/media\/105512"}],"wp:attachment":[{"href":"https:\/\/noticiasmercedinas.com\/site\/wp-json\/wp\/v2\/media?parent=105510"}],"wp:term":[{"taxonomy":"category","embeddable":true,"href":"https:\/\/noticiasmercedinas.com\/site\/wp-json\/wp\/v2\/categories?post=105510"},{"taxonomy":"post_tag","embeddable":true,"href":"https:\/\/noticiasmercedinas.com\/site\/wp-json\/wp\/v2\/tags?post=105510"}],"curies":[{"name":"wp","href":"https:\/\/api.w.org\/{rel}","templated":true}]}}