{"id":105526,"date":"2022-11-29T15:20:09","date_gmt":"2022-11-29T18:20:09","guid":{"rendered":"https:\/\/noticiasmercedinas.com\/site\/?p=105526"},"modified":"2022-11-30T15:34:46","modified_gmt":"2022-11-30T18:34:46","slug":"comienzan-a-realizar-cortes-preventivos-debido-al-alto-consumo-electrico","status":"publish","type":"post","link":"https:\/\/noticiasmercedinas.com\/site\/2022\/11\/29\/comienzan-a-realizar-cortes-preventivos-debido-al-alto-consumo-electrico\/","title":{"rendered":"Comienzan a realizar cortes preventivos debido al alto consumo el\u00e9ctrico"},"content":{"rendered":"<p><img loading=\"lazy\" decoding=\"async\" class=\"alignnone size-full wp-image-105546\" src=\"https:\/\/noticiasmercedinas.com\/site\/wp-content\/uploads\/2022\/11\/lvp.corte-de-luz-750x450-1.jpg\" alt=\"\" width=\"750\" height=\"450\" srcset=\"https:\/\/noticiasmercedinas.com\/site\/wp-content\/uploads\/2022\/11\/lvp.corte-de-luz-750x450-1.jpg 750w, https:\/\/noticiasmercedinas.com\/site\/wp-content\/uploads\/2022\/11\/lvp.corte-de-luz-750x450-1-300x180.jpg 300w, https:\/\/noticiasmercedinas.com\/site\/wp-content\/uploads\/2022\/11\/lvp.corte-de-luz-750x450-1-640x384.jpg 640w, https:\/\/noticiasmercedinas.com\/site\/wp-content\/uploads\/2022\/11\/lvp.corte-de-luz-750x450-1-681x409.jpg 681w\" sizes=\"auto, (max-width: 750px) 100vw, 750px\" \/><\/p>\n<p>Las alt\u00edsimas temperaturas no cesan en toda la regi\u00f3n, y la problem\u00e1tica de la distribuci\u00f3n equitativa de la energ\u00eda es una de las principales ante el alto consumo de distintos aparatos que se utilizan para refrigerar las viviendas.<\/p>\n<p>Muchos vecinos se encuentran sin luz en estos momentos, y otros se van a encontrar en breve sin el servicio el\u00e9ctrico. Algunos tuvieron microcortes, otros cortes m\u00e1s pronunciados, y esto seg\u00fan EDEN es debido a la necesidad de poner nuevos equipos en la ciudad, los que &#8211;aseguraron&#8211; ser\u00e1n instalados por estas horas.<\/p>\n<p>Desde la empresa EDEN se inform\u00f3 que \u00abdebido a la saturaci\u00f3n del sistema de alta tensi\u00f3n, externo a nuestra empresa, motivado por las altas temperaturas y el consecuente incremento del consumo se han realizado restricciones para evitar fallas en el sistema de transporte de alta tensi\u00f3n y las consecuentes interrupciones m\u00e1s complejas en el suministro del servicio el\u00e9ctrico\u00bb.<\/p>\n<p>\u00abVale aclarar que ya se hicieron las gestiones necesarias junto con el Ministerio de Infraestructura y Servicios P\u00fablicos de la Provincia de Buenos Aires y con la Direcci\u00f3n Provincial de Energ\u00eda, para la instalaci\u00f3n de Generaci\u00f3n Distribuida para aliviar el Nodo\u00bb, indicaron.<\/p>\n<p>Ante cualquier consulta o reclamo, los usuarios pueden contactarse al WhatsApp: 3364 52-6944 wa.me\/543364526944 o 0800-999-3336 para realizar reclamos t\u00e9cnicos las 24 hs todos los d\u00edas, <a href=\"https:\/\/www.edensa.com.ar\/usuarios\/mobile\/\">App EDEN M\u00f3vil<\/a>, Sucursal Virtual: <a href=\"https:\/\/sucursalvirtual.edensa.com.ar\/\">https:\/\/sucursalvirtual.edensa.com.ar\/<\/a><\/p>\n","protected":false},"excerpt":{"rendered":"<p>\u25a0 \u00abSe han realizado restricciones para evitar fallas en el sistema de transporte de alta tensi\u00f3n y las consecuentes interrupciones m\u00e1s complejas en el suministro\u00bb, indicaron desde EDEN. Trabajan en la colocaci\u00f3n de mas equipos para satisfacer alta demanda<\/p>\n","protected":false},"author":16,"featured_media":105546,"comment_status":"open","ping_status":"open","sticky":false,"template":"","format":"standard","meta":{"footnotes":""},"categories":[3],"tags":[1801,34,3365],"class_list":["post-105526","post","type-post","status-publish","format-standard","has-post-thumbnail","hentry","category-sociedad","tag-corte-de-luz","tag-eden","tag-electricidad"],"yoast_head":"<!-- This site is optimized with the Yoast SEO plugin v27.4 - https:\/\/yoast.com\/product\/yoast-seo-wordpress\/ -->\n<title>Comienzan a realizar cortes preventivos debido al alto consumo el\u00e9ctrico<\/title>\n<meta name=\"robots\" content=\"index, follow, max-snippet:-1, max-image-preview:large, max-video-preview:-1\" \/>\n<link rel=\"canonical\" href=\"https:\/\/noticiasmercedinas.com\/site\/2022\/11\/29\/comienzan-a-realizar-cortes-preventivos-debido-al-alto-consumo-electrico\/\" \/>\n<meta property=\"og:locale\" content=\"es_ES\" \/>\n<meta property=\"og:type\" content=\"article\" \/>\n<meta property=\"og:title\" content=\"Comienzan a realizar cortes preventivos debido al alto consumo el\u00e9ctrico\" \/>\n<meta property=\"og:description\" content=\"\u25a0 &quot;Se han realizado restricciones para evitar fallas en el sistema de transporte de alta tensi\u00f3n y las consecuentes interrupciones m\u00e1s complejas en el suministro&quot;, indicaron desde EDEN. Trabajan en la colocaci\u00f3n de mas equipos para satisfacer alta demanda\" \/>\n<meta property=\"og:url\" content=\"https:\/\/noticiasmercedinas.com\/site\/2022\/11\/29\/comienzan-a-realizar-cortes-preventivos-debido-al-alto-consumo-electrico\/\" \/>\n<meta property=\"og:site_name\" content=\"NOTICIASMERCEDINAS.COM\" \/>\n<meta property=\"article:publisher\" content=\"https:\/\/www.facebook.com\/noticiasmercedinas\/\" \/>\n<meta property=\"article:published_time\" content=\"2022-11-29T18:20:09+00:00\" \/>\n<meta property=\"article:modified_time\" content=\"2022-11-30T18:34:46+00:00\" \/>\n<meta property=\"og:image\" content=\"https:\/\/noticiasmercedinas.com\/site\/wp-content\/uploads\/2022\/11\/lvp.corte-de-luz-750x450-1.jpg\" \/>\n\t<meta property=\"og:image:width\" content=\"750\" \/>\n\t<meta property=\"og:image:height\" content=\"450\" \/>\n\t<meta property=\"og:image:type\" content=\"image\/jpeg\" \/>\n<meta name=\"author\" content=\"NOTICIASMERCEDINAS.COM\" \/>\n<meta name=\"twitter:card\" content=\"summary_large_image\" \/>\n<meta name=\"twitter:creator\" content=\"@notmercedinas\" \/>\n<meta name=\"twitter:site\" content=\"@notmercedinas\" \/>\n<meta name=\"twitter:label1\" content=\"Escrito por\" \/>\n\t<meta name=\"twitter:data1\" content=\"NOTICIASMERCEDINAS.COM\" \/>\n\t<meta name=\"twitter:label2\" content=\"Tiempo de lectura\" \/>\n\t<meta name=\"twitter:data2\" content=\"2 minutos\" \/>\n<script type=\"application\/ld+json\" class=\"yoast-schema-graph\">{\"@context\":\"https:\\\/\\\/schema.org\",\"@graph\":[{\"@type\":\"Article\",\"@id\":\"https:\\\/\\\/noticiasmercedinas.com\\\/site\\\/2022\\\/11\\\/29\\\/comienzan-a-realizar-cortes-preventivos-debido-al-alto-consumo-electrico\\\/#article\",\"isPartOf\":{\"@id\":\"https:\\\/\\\/noticiasmercedinas.com\\\/site\\\/2022\\\/11\\\/29\\\/comienzan-a-realizar-cortes-preventivos-debido-al-alto-consumo-electrico\\\/\"},\"author\":{\"name\":\"NOTICIASMERCEDINAS.COM\",\"@id\":\"https:\\\/\\\/noticiasmercedinas.com\\\/site\\\/#\\\/schema\\\/person\\\/84b59c099c28ff2e8b77d4ceec5d8063\"},\"headline\":\"Comienzan a realizar cortes preventivos debido al alto consumo el\u00e9ctrico\",\"datePublished\":\"2022-11-29T18:20:09+00:00\",\"dateModified\":\"2022-11-30T18:34:46+00:00\",\"mainEntityOfPage\":{\"@id\":\"https:\\\/\\\/noticiasmercedinas.com\\\/site\\\/2022\\\/11\\\/29\\\/comienzan-a-realizar-cortes-preventivos-debido-al-alto-consumo-electrico\\\/\"},\"wordCount\":259,\"commentCount\":0,\"publisher\":{\"@id\":\"https:\\\/\\\/noticiasmercedinas.com\\\/site\\\/#organization\"},\"image\":{\"@id\":\"https:\\\/\\\/noticiasmercedinas.com\\\/site\\\/2022\\\/11\\\/29\\\/comienzan-a-realizar-cortes-preventivos-debido-al-alto-consumo-electrico\\\/#primaryimage\"},\"thumbnailUrl\":\"https:\\\/\\\/noticiasmercedinas.com\\\/site\\\/wp-content\\\/uploads\\\/2022\\\/11\\\/lvp.corte-de-luz-750x450-1.jpg\",\"keywords\":[\"corte de luz\",\"eden\",\"electricidad\"],\"articleSection\":[\"Sociedad\"],\"inLanguage\":\"es\",\"potentialAction\":[{\"@type\":\"CommentAction\",\"name\":\"Comment\",\"target\":[\"https:\\\/\\\/noticiasmercedinas.com\\\/site\\\/2022\\\/11\\\/29\\\/comienzan-a-realizar-cortes-preventivos-debido-al-alto-consumo-electrico\\\/#respond\"]}]},{\"@type\":\"WebPage\",\"@id\":\"https:\\\/\\\/noticiasmercedinas.com\\\/site\\\/2022\\\/11\\\/29\\\/comienzan-a-realizar-cortes-preventivos-debido-al-alto-consumo-electrico\\\/\",\"url\":\"https:\\\/\\\/noticiasmercedinas.com\\\/site\\\/2022\\\/11\\\/29\\\/comienzan-a-realizar-cortes-preventivos-debido-al-alto-consumo-electrico\\\/\",\"name\":\"Comienzan a realizar cortes preventivos debido al alto consumo el\u00e9ctrico\",\"isPartOf\":{\"@id\":\"https:\\\/\\\/noticiasmercedinas.com\\\/site\\\/#website\"},\"primaryImageOfPage\":{\"@id\":\"https:\\\/\\\/noticiasmercedinas.com\\\/site\\\/2022\\\/11\\\/29\\\/comienzan-a-realizar-cortes-preventivos-debido-al-alto-consumo-electrico\\\/#primaryimage\"},\"image\":{\"@id\":\"https:\\\/\\\/noticiasmercedinas.com\\\/site\\\/2022\\\/11\\\/29\\\/comienzan-a-realizar-cortes-preventivos-debido-al-alto-consumo-electrico\\\/#primaryimage\"},\"thumbnailUrl\":\"https:\\\/\\\/noticiasmercedinas.com\\\/site\\\/wp-content\\\/uploads\\\/2022\\\/11\\\/lvp.corte-de-luz-750x450-1.jpg\",\"datePublished\":\"2022-11-29T18:20:09+00:00\",\"dateModified\":\"2022-11-30T18:34:46+00:00\",\"breadcrumb\":{\"@id\":\"https:\\\/\\\/noticiasmercedinas.com\\\/site\\\/2022\\\/11\\\/29\\\/comienzan-a-realizar-cortes-preventivos-debido-al-alto-consumo-electrico\\\/#breadcrumb\"},\"inLanguage\":\"es\",\"potentialAction\":[{\"@type\":\"ReadAction\",\"target\":[\"https:\\\/\\\/noticiasmercedinas.com\\\/site\\\/2022\\\/11\\\/29\\\/comienzan-a-realizar-cortes-preventivos-debido-al-alto-consumo-electrico\\\/\"]}]},{\"@type\":\"ImageObject\",\"inLanguage\":\"es\",\"@id\":\"https:\\\/\\\/noticiasmercedinas.com\\\/site\\\/2022\\\/11\\\/29\\\/comienzan-a-realizar-cortes-preventivos-debido-al-alto-consumo-electrico\\\/#primaryimage\",\"url\":\"https:\\\/\\\/noticiasmercedinas.com\\\/site\\\/wp-content\\\/uploads\\\/2022\\\/11\\\/lvp.corte-de-luz-750x450-1.jpg\",\"contentUrl\":\"https:\\\/\\\/noticiasmercedinas.com\\\/site\\\/wp-content\\\/uploads\\\/2022\\\/11\\\/lvp.corte-de-luz-750x450-1.jpg\",\"width\":750,\"height\":450},{\"@type\":\"BreadcrumbList\",\"@id\":\"https:\\\/\\\/noticiasmercedinas.com\\\/site\\\/2022\\\/11\\\/29\\\/comienzan-a-realizar-cortes-preventivos-debido-al-alto-consumo-electrico\\\/#breadcrumb\",\"itemListElement\":[{\"@type\":\"ListItem\",\"position\":1,\"name\":\"Portada\",\"item\":\"https:\\\/\\\/noticiasmercedinas.com\\\/site\\\/\"},{\"@type\":\"ListItem\",\"position\":2,\"name\":\"Comienzan a realizar cortes preventivos debido al alto consumo el\u00e9ctrico\"}]},{\"@type\":\"WebSite\",\"@id\":\"https:\\\/\\\/noticiasmercedinas.com\\\/site\\\/#website\",\"url\":\"https:\\\/\\\/noticiasmercedinas.com\\\/site\\\/\",\"name\":\"NOTICIASMERCEDINAS.COM\",\"description\":\"Mercedes, Buenos Aires, Argentina\",\"publisher\":{\"@id\":\"https:\\\/\\\/noticiasmercedinas.com\\\/site\\\/#organization\"},\"potentialAction\":[{\"@type\":\"SearchAction\",\"target\":{\"@type\":\"EntryPoint\",\"urlTemplate\":\"https:\\\/\\\/noticiasmercedinas.com\\\/site\\\/?s={search_term_string}\"},\"query-input\":{\"@type\":\"PropertyValueSpecification\",\"valueRequired\":true,\"valueName\":\"search_term_string\"}}],\"inLanguage\":\"es\"},{\"@type\":\"Organization\",\"@id\":\"https:\\\/\\\/noticiasmercedinas.com\\\/site\\\/#organization\",\"name\":\"NOTICIASMERCEDINAS.COM\",\"url\":\"https:\\\/\\\/noticiasmercedinas.com\\\/site\\\/\",\"logo\":{\"@type\":\"ImageObject\",\"inLanguage\":\"es\",\"@id\":\"https:\\\/\\\/noticiasmercedinas.com\\\/site\\\/#\\\/schema\\\/logo\\\/image\\\/\",\"url\":\"https:\\\/\\\/noticiasmercedinas.com\\\/site\\\/wp-content\\\/uploads\\\/2020\\\/06\\\/LOGO-512.jpg\",\"contentUrl\":\"https:\\\/\\\/noticiasmercedinas.com\\\/site\\\/wp-content\\\/uploads\\\/2020\\\/06\\\/LOGO-512.jpg\",\"width\":512,\"height\":512,\"caption\":\"NOTICIASMERCEDINAS.COM\"},\"image\":{\"@id\":\"https:\\\/\\\/noticiasmercedinas.com\\\/site\\\/#\\\/schema\\\/logo\\\/image\\\/\"},\"sameAs\":[\"https:\\\/\\\/www.facebook.com\\\/noticiasmercedinas\\\/\",\"https:\\\/\\\/x.com\\\/notmercedinas\",\"https:\\\/\\\/www.instagram.com\\\/noticiasmercedinas\\\/\"]},{\"@type\":\"Person\",\"@id\":\"https:\\\/\\\/noticiasmercedinas.com\\\/site\\\/#\\\/schema\\\/person\\\/84b59c099c28ff2e8b77d4ceec5d8063\",\"name\":\"NOTICIASMERCEDINAS.COM\",\"image\":{\"@type\":\"ImageObject\",\"inLanguage\":\"es\",\"@id\":\"https:\\\/\\\/secure.gravatar.com\\\/avatar\\\/4dfbf16b4d17945bfb6341b2d19043457132fcf478a5ee04f42e959fd8f5df0a?s=96&d=mm&r=g\",\"url\":\"https:\\\/\\\/secure.gravatar.com\\\/avatar\\\/4dfbf16b4d17945bfb6341b2d19043457132fcf478a5ee04f42e959fd8f5df0a?s=96&d=mm&r=g\",\"contentUrl\":\"https:\\\/\\\/secure.gravatar.com\\\/avatar\\\/4dfbf16b4d17945bfb6341b2d19043457132fcf478a5ee04f42e959fd8f5df0a?s=96&d=mm&r=g\",\"caption\":\"NOTICIASMERCEDINAS.COM\"},\"url\":\"https:\\\/\\\/noticiasmercedinas.com\\\/site\\\/author\\\/anonimo\\\/\"}]}<\/script>\n<!-- \/ Yoast SEO plugin. -->","yoast_head_json":{"title":"Comienzan a realizar cortes preventivos debido al alto consumo el\u00e9ctrico","robots":{"index":"index","follow":"follow","max-snippet":"max-snippet:-1","max-image-preview":"max-image-preview:large","max-video-preview":"max-video-preview:-1"},"canonical":"https:\/\/noticiasmercedinas.com\/site\/2022\/11\/29\/comienzan-a-realizar-cortes-preventivos-debido-al-alto-consumo-electrico\/","og_locale":"es_ES","og_type":"article","og_title":"Comienzan a realizar cortes preventivos debido al alto consumo el\u00e9ctrico","og_description":"\u25a0 \"Se han realizado restricciones para evitar fallas en el sistema de transporte de alta tensi\u00f3n y las consecuentes interrupciones m\u00e1s complejas en el suministro\", indicaron desde EDEN. Trabajan en la colocaci\u00f3n de mas equipos para satisfacer alta demanda","og_url":"https:\/\/noticiasmercedinas.com\/site\/2022\/11\/29\/comienzan-a-realizar-cortes-preventivos-debido-al-alto-consumo-electrico\/","og_site_name":"NOTICIASMERCEDINAS.COM","article_publisher":"https:\/\/www.facebook.com\/noticiasmercedinas\/","article_published_time":"2022-11-29T18:20:09+00:00","article_modified_time":"2022-11-30T18:34:46+00:00","og_image":[{"width":750,"height":450,"url":"https:\/\/noticiasmercedinas.com\/site\/wp-content\/uploads\/2022\/11\/lvp.corte-de-luz-750x450-1.jpg","type":"image\/jpeg"}],"author":"NOTICIASMERCEDINAS.COM","twitter_card":"summary_large_image","twitter_creator":"@notmercedinas","twitter_site":"@notmercedinas","twitter_misc":{"Escrito por":"NOTICIASMERCEDINAS.COM","Tiempo de lectura":"2 minutos"},"schema":{"@context":"https:\/\/schema.org","@graph":[{"@type":"Article","@id":"https:\/\/noticiasmercedinas.com\/site\/2022\/11\/29\/comienzan-a-realizar-cortes-preventivos-debido-al-alto-consumo-electrico\/#article","isPartOf":{"@id":"https:\/\/noticiasmercedinas.com\/site\/2022\/11\/29\/comienzan-a-realizar-cortes-preventivos-debido-al-alto-consumo-electrico\/"},"author":{"name":"NOTICIASMERCEDINAS.COM","@id":"https:\/\/noticiasmercedinas.com\/site\/#\/schema\/person\/84b59c099c28ff2e8b77d4ceec5d8063"},"headline":"Comienzan a realizar cortes preventivos debido al alto consumo el\u00e9ctrico","datePublished":"2022-11-29T18:20:09+00:00","dateModified":"2022-11-30T18:34:46+00:00","mainEntityOfPage":{"@id":"https:\/\/noticiasmercedinas.com\/site\/2022\/11\/29\/comienzan-a-realizar-cortes-preventivos-debido-al-alto-consumo-electrico\/"},"wordCount":259,"commentCount":0,"publisher":{"@id":"https:\/\/noticiasmercedinas.com\/site\/#organization"},"image":{"@id":"https:\/\/noticiasmercedinas.com\/site\/2022\/11\/29\/comienzan-a-realizar-cortes-preventivos-debido-al-alto-consumo-electrico\/#primaryimage"},"thumbnailUrl":"https:\/\/noticiasmercedinas.com\/site\/wp-content\/uploads\/2022\/11\/lvp.corte-de-luz-750x450-1.jpg","keywords":["corte de luz","eden","electricidad"],"articleSection":["Sociedad"],"inLanguage":"es","potentialAction":[{"@type":"CommentAction","name":"Comment","target":["https:\/\/noticiasmercedinas.com\/site\/2022\/11\/29\/comienzan-a-realizar-cortes-preventivos-debido-al-alto-consumo-electrico\/#respond"]}]},{"@type":"WebPage","@id":"https:\/\/noticiasmercedinas.com\/site\/2022\/11\/29\/comienzan-a-realizar-cortes-preventivos-debido-al-alto-consumo-electrico\/","url":"https:\/\/noticiasmercedinas.com\/site\/2022\/11\/29\/comienzan-a-realizar-cortes-preventivos-debido-al-alto-consumo-electrico\/","name":"Comienzan a realizar cortes preventivos debido al alto consumo el\u00e9ctrico","isPartOf":{"@id":"https:\/\/noticiasmercedinas.com\/site\/#website"},"primaryImageOfPage":{"@id":"https:\/\/noticiasmercedinas.com\/site\/2022\/11\/29\/comienzan-a-realizar-cortes-preventivos-debido-al-alto-consumo-electrico\/#primaryimage"},"image":{"@id":"https:\/\/noticiasmercedinas.com\/site\/2022\/11\/29\/comienzan-a-realizar-cortes-preventivos-debido-al-alto-consumo-electrico\/#primaryimage"},"thumbnailUrl":"https:\/\/noticiasmercedinas.com\/site\/wp-content\/uploads\/2022\/11\/lvp.corte-de-luz-750x450-1.jpg","datePublished":"2022-11-29T18:20:09+00:00","dateModified":"2022-11-30T18:34:46+00:00","breadcrumb":{"@id":"https:\/\/noticiasmercedinas.com\/site\/2022\/11\/29\/comienzan-a-realizar-cortes-preventivos-debido-al-alto-consumo-electrico\/#breadcrumb"},"inLanguage":"es","potentialAction":[{"@type":"ReadAction","target":["https:\/\/noticiasmercedinas.com\/site\/2022\/11\/29\/comienzan-a-realizar-cortes-preventivos-debido-al-alto-consumo-electrico\/"]}]},{"@type":"ImageObject","inLanguage":"es","@id":"https:\/\/noticiasmercedinas.com\/site\/2022\/11\/29\/comienzan-a-realizar-cortes-preventivos-debido-al-alto-consumo-electrico\/#primaryimage","url":"https:\/\/noticiasmercedinas.com\/site\/wp-content\/uploads\/2022\/11\/lvp.corte-de-luz-750x450-1.jpg","contentUrl":"https:\/\/noticiasmercedinas.com\/site\/wp-content\/uploads\/2022\/11\/lvp.corte-de-luz-750x450-1.jpg","width":750,"height":450},{"@type":"BreadcrumbList","@id":"https:\/\/noticiasmercedinas.com\/site\/2022\/11\/29\/comienzan-a-realizar-cortes-preventivos-debido-al-alto-consumo-electrico\/#breadcrumb","itemListElement":[{"@type":"ListItem","position":1,"name":"Portada","item":"https:\/\/noticiasmercedinas.com\/site\/"},{"@type":"ListItem","position":2,"name":"Comienzan a realizar cortes preventivos debido al alto consumo el\u00e9ctrico"}]},{"@type":"WebSite","@id":"https:\/\/noticiasmercedinas.com\/site\/#website","url":"https:\/\/noticiasmercedinas.com\/site\/","name":"NOTICIASMERCEDINAS.COM","description":"Mercedes, Buenos Aires, Argentina","publisher":{"@id":"https:\/\/noticiasmercedinas.com\/site\/#organization"},"potentialAction":[{"@type":"SearchAction","target":{"@type":"EntryPoint","urlTemplate":"https:\/\/noticiasmercedinas.com\/site\/?s={search_term_string}"},"query-input":{"@type":"PropertyValueSpecification","valueRequired":true,"valueName":"search_term_string"}}],"inLanguage":"es"},{"@type":"Organization","@id":"https:\/\/noticiasmercedinas.com\/site\/#organization","name":"NOTICIASMERCEDINAS.COM","url":"https:\/\/noticiasmercedinas.com\/site\/","logo":{"@type":"ImageObject","inLanguage":"es","@id":"https:\/\/noticiasmercedinas.com\/site\/#\/schema\/logo\/image\/","url":"https:\/\/noticiasmercedinas.com\/site\/wp-content\/uploads\/2020\/06\/LOGO-512.jpg","contentUrl":"https:\/\/noticiasmercedinas.com\/site\/wp-content\/uploads\/2020\/06\/LOGO-512.jpg","width":512,"height":512,"caption":"NOTICIASMERCEDINAS.COM"},"image":{"@id":"https:\/\/noticiasmercedinas.com\/site\/#\/schema\/logo\/image\/"},"sameAs":["https:\/\/www.facebook.com\/noticiasmercedinas\/","https:\/\/x.com\/notmercedinas","https:\/\/www.instagram.com\/noticiasmercedinas\/"]},{"@type":"Person","@id":"https:\/\/noticiasmercedinas.com\/site\/#\/schema\/person\/84b59c099c28ff2e8b77d4ceec5d8063","name":"NOTICIASMERCEDINAS.COM","image":{"@type":"ImageObject","inLanguage":"es","@id":"https:\/\/secure.gravatar.com\/avatar\/4dfbf16b4d17945bfb6341b2d19043457132fcf478a5ee04f42e959fd8f5df0a?s=96&d=mm&r=g","url":"https:\/\/secure.gravatar.com\/avatar\/4dfbf16b4d17945bfb6341b2d19043457132fcf478a5ee04f42e959fd8f5df0a?s=96&d=mm&r=g","contentUrl":"https:\/\/secure.gravatar.com\/avatar\/4dfbf16b4d17945bfb6341b2d19043457132fcf478a5ee04f42e959fd8f5df0a?s=96&d=mm&r=g","caption":"NOTICIASMERCEDINAS.COM"},"url":"https:\/\/noticiasmercedinas.com\/site\/author\/anonimo\/"}]}},"amp_enabled":true,"_links":{"self":[{"href":"https:\/\/noticiasmercedinas.com\/site\/wp-json\/wp\/v2\/posts\/105526","targetHints":{"allow":["GET"]}}],"collection":[{"href":"https:\/\/noticiasmercedinas.com\/site\/wp-json\/wp\/v2\/posts"}],"about":[{"href":"https:\/\/noticiasmercedinas.com\/site\/wp-json\/wp\/v2\/types\/post"}],"author":[{"embeddable":true,"href":"https:\/\/noticiasmercedinas.com\/site\/wp-json\/wp\/v2\/users\/16"}],"replies":[{"embeddable":true,"href":"https:\/\/noticiasmercedinas.com\/site\/wp-json\/wp\/v2\/comments?post=105526"}],"version-history":[{"count":5,"href":"https:\/\/noticiasmercedinas.com\/site\/wp-json\/wp\/v2\/posts\/105526\/revisions"}],"predecessor-version":[{"id":105617,"href":"https:\/\/noticiasmercedinas.com\/site\/wp-json\/wp\/v2\/posts\/105526\/revisions\/105617"}],"wp:featuredmedia":[{"embeddable":true,"href":"https:\/\/noticiasmercedinas.com\/site\/wp-json\/wp\/v2\/media\/105546"}],"wp:attachment":[{"href":"https:\/\/noticiasmercedinas.com\/site\/wp-json\/wp\/v2\/media?parent=105526"}],"wp:term":[{"taxonomy":"category","embeddable":true,"href":"https:\/\/noticiasmercedinas.com\/site\/wp-json\/wp\/v2\/categories?post=105526"},{"taxonomy":"post_tag","embeddable":true,"href":"https:\/\/noticiasmercedinas.com\/site\/wp-json\/wp\/v2\/tags?post=105526"}],"curies":[{"name":"wp","href":"https:\/\/api.w.org\/{rel}","templated":true}]}}