{"id":105529,"date":"2022-11-29T16:41:16","date_gmt":"2022-11-29T19:41:16","guid":{"rendered":"https:\/\/noticiasmercedinas.com\/site\/?p=105529"},"modified":"2022-11-29T16:41:16","modified_gmt":"2022-11-29T19:41:16","slug":"maria-laura-mangoni-inicio-su-temporada-22-23-en-aguas-abiertas","status":"publish","type":"post","link":"https:\/\/noticiasmercedinas.com\/site\/2022\/11\/29\/maria-laura-mangoni-inicio-su-temporada-22-23-en-aguas-abiertas\/","title":{"rendered":"Mar\u00eda Laura Mangoni inici\u00f3 su temporada 22\/23 en aguas abiertas"},"content":{"rendered":"<div><img loading=\"lazy\" decoding=\"async\" class=\"alignnone size-full wp-image-105530\" src=\"https:\/\/noticiasmercedinas.com\/site\/wp-content\/uploads\/2022\/11\/FB_IMG_1669605489940.jpg\" alt=\"\" width=\"720\" height=\"480\" srcset=\"https:\/\/noticiasmercedinas.com\/site\/wp-content\/uploads\/2022\/11\/FB_IMG_1669605489940.jpg 720w, https:\/\/noticiasmercedinas.com\/site\/wp-content\/uploads\/2022\/11\/FB_IMG_1669605489940-300x200.jpg 300w, https:\/\/noticiasmercedinas.com\/site\/wp-content\/uploads\/2022\/11\/FB_IMG_1669605489940-640x427.jpg 640w, https:\/\/noticiasmercedinas.com\/site\/wp-content\/uploads\/2022\/11\/FB_IMG_1669605489940-681x454.jpg 681w\" sizes=\"auto, (max-width: 720px) 100vw, 720px\" \/><\/div>\n<p>El pasado domingo 27 de diciembre se llev\u00f3 a cabo en el espejo de agua del Lago de Salto Grande, en la ciudad de Federaci\u00f3n, la 13ma edici\u00f3n de los \u201c3 km Lago de Federaci\u00f3n\u201d.<\/p>\n<p>Se trat\u00f3 de una prueba de nataci\u00f3n en aguas abiertas organizada por Nataci\u00f3n R\u00edo Uruguay, que cont\u00f3 con la presencia de m\u00e1s de 300 participantes provenientes de diferentes provincias de nuestro pa\u00eds y de la Rep\u00fablica Oriental del Uruguay, con epicentro en el Camping Las Palmeras.<\/p>\n<p>Con un d\u00eda y temperatura ideal, aunque con viento SE que en algunos sectores \u201cmovi\u00f3\u201d el lago, pasado un poco las 10:30 horas se procedi\u00f3 a la largada de la prueba principal sobre un recorrido de 3000 metros desde playa Sur.<\/p>\n<p>La nadadora mercedina <strong>Mar\u00eda Laura Mangoni<\/strong> cumpli\u00f3 la prueba principal de 3k y obtuvo el segundo puesto en su categor\u00eda en un tiempo de 1:13&#8242;.<\/p>\n<p>Se mostr\u00f3 conforme con el resultado y muy \u00abagradecida en lo deportivo\u00bb con su entrenadora Pilar Geijo, el Club Mercedes y el equipo de Marea Nataci\u00f3n, que siempre le brindan lo mejor para poder entrenar.<\/p>\n<p>Resalt\u00f3 adem\u00e1s que \u00abes una alegr\u00eda enorme poder reencontrarse con los organizadores de Nataci\u00f3n R\u00edo Uruguay y muchos nadadores que trabajan incansablemente por esta especialidad del deporte\u00bb. Y dijo que\u00a0si bien este no es el objetivo principal de la temporada, la ayud\u00f3 para ir entrando en clima.<\/p>\n","protected":false},"excerpt":{"rendered":"<p>\u25a0 La nadadora mercedina fue parte de los 3 km en una importante competencia en Federaci\u00f3n; Entre R\u00edos. obtuvo el segundo puesto en su categor\u00eda en un tiempo de 1:13&#8242;.<\/p>\n","protected":false},"author":16,"featured_media":105530,"comment_status":"open","ping_status":"open","sticky":false,"template":"","format":"standard","meta":{"footnotes":""},"categories":[5],"tags":[15864,1232,7953,270],"class_list":["post-105529","post","type-post","status-publish","format-standard","has-post-thumbnail","hentry","category-deportes","tag-ahuas-abiertas","tag-entre-rios","tag-maria-laura-mangoni","tag-natacion"],"yoast_head":"<!-- This site is optimized with the Yoast SEO plugin v27.4 - https:\/\/yoast.com\/product\/yoast-seo-wordpress\/ -->\n<title>Mar\u00eda Laura Mangoni inici\u00f3 su temporada 22\/23 en aguas abiertas<\/title>\n<meta name=\"robots\" content=\"index, follow, max-snippet:-1, max-image-preview:large, max-video-preview:-1\" \/>\n<link rel=\"canonical\" href=\"https:\/\/noticiasmercedinas.com\/site\/2022\/11\/29\/maria-laura-mangoni-inicio-su-temporada-22-23-en-aguas-abiertas\/\" \/>\n<meta property=\"og:locale\" content=\"es_ES\" \/>\n<meta property=\"og:type\" content=\"article\" \/>\n<meta property=\"og:title\" content=\"Mar\u00eda Laura Mangoni inici\u00f3 su temporada 22\/23 en aguas abiertas\" \/>\n<meta property=\"og:description\" content=\"\u25a0 La nadadora mercedina fue parte de los 3 km en una importante competencia en Federaci\u00f3n; Entre R\u00edos. obtuvo el segundo puesto en su categor\u00eda en un tiempo de 1:13&#039;.\" \/>\n<meta property=\"og:url\" content=\"https:\/\/noticiasmercedinas.com\/site\/2022\/11\/29\/maria-laura-mangoni-inicio-su-temporada-22-23-en-aguas-abiertas\/\" \/>\n<meta property=\"og:site_name\" content=\"NOTICIASMERCEDINAS.COM\" \/>\n<meta property=\"article:publisher\" content=\"https:\/\/www.facebook.com\/noticiasmercedinas\/\" \/>\n<meta property=\"article:published_time\" content=\"2022-11-29T19:41:16+00:00\" \/>\n<meta property=\"og:image\" content=\"https:\/\/noticiasmercedinas.com\/site\/wp-content\/uploads\/2022\/11\/FB_IMG_1669605489940.jpg\" \/>\n\t<meta property=\"og:image:width\" content=\"720\" \/>\n\t<meta property=\"og:image:height\" content=\"480\" \/>\n\t<meta property=\"og:image:type\" content=\"image\/jpeg\" \/>\n<meta name=\"author\" content=\"NOTICIASMERCEDINAS.COM\" \/>\n<meta name=\"twitter:card\" content=\"summary_large_image\" \/>\n<meta name=\"twitter:creator\" content=\"@notmercedinas\" \/>\n<meta name=\"twitter:site\" content=\"@notmercedinas\" \/>\n<meta name=\"twitter:label1\" content=\"Escrito por\" \/>\n\t<meta name=\"twitter:data1\" content=\"NOTICIASMERCEDINAS.COM\" \/>\n\t<meta name=\"twitter:label2\" content=\"Tiempo de lectura\" \/>\n\t<meta name=\"twitter:data2\" content=\"2 minutos\" \/>\n<script type=\"application\/ld+json\" class=\"yoast-schema-graph\">{\"@context\":\"https:\\\/\\\/schema.org\",\"@graph\":[{\"@type\":\"Article\",\"@id\":\"https:\\\/\\\/noticiasmercedinas.com\\\/site\\\/2022\\\/11\\\/29\\\/maria-laura-mangoni-inicio-su-temporada-22-23-en-aguas-abiertas\\\/#article\",\"isPartOf\":{\"@id\":\"https:\\\/\\\/noticiasmercedinas.com\\\/site\\\/2022\\\/11\\\/29\\\/maria-laura-mangoni-inicio-su-temporada-22-23-en-aguas-abiertas\\\/\"},\"author\":{\"name\":\"NOTICIASMERCEDINAS.COM\",\"@id\":\"https:\\\/\\\/noticiasmercedinas.com\\\/site\\\/#\\\/schema\\\/person\\\/84b59c099c28ff2e8b77d4ceec5d8063\"},\"headline\":\"Mar\u00eda Laura Mangoni inici\u00f3 su temporada 22\\\/23 en aguas abiertas\",\"datePublished\":\"2022-11-29T19:41:16+00:00\",\"mainEntityOfPage\":{\"@id\":\"https:\\\/\\\/noticiasmercedinas.com\\\/site\\\/2022\\\/11\\\/29\\\/maria-laura-mangoni-inicio-su-temporada-22-23-en-aguas-abiertas\\\/\"},\"wordCount\":251,\"commentCount\":0,\"publisher\":{\"@id\":\"https:\\\/\\\/noticiasmercedinas.com\\\/site\\\/#organization\"},\"image\":{\"@id\":\"https:\\\/\\\/noticiasmercedinas.com\\\/site\\\/2022\\\/11\\\/29\\\/maria-laura-mangoni-inicio-su-temporada-22-23-en-aguas-abiertas\\\/#primaryimage\"},\"thumbnailUrl\":\"https:\\\/\\\/noticiasmercedinas.com\\\/site\\\/wp-content\\\/uploads\\\/2022\\\/11\\\/FB_IMG_1669605489940.jpg\",\"keywords\":[\"ahuas abiertas\",\"entre rios\",\"Mar\u00eda Laura Mangoni\",\"natacion\"],\"articleSection\":[\"Deportes\"],\"inLanguage\":\"es\",\"potentialAction\":[{\"@type\":\"CommentAction\",\"name\":\"Comment\",\"target\":[\"https:\\\/\\\/noticiasmercedinas.com\\\/site\\\/2022\\\/11\\\/29\\\/maria-laura-mangoni-inicio-su-temporada-22-23-en-aguas-abiertas\\\/#respond\"]}]},{\"@type\":\"WebPage\",\"@id\":\"https:\\\/\\\/noticiasmercedinas.com\\\/site\\\/2022\\\/11\\\/29\\\/maria-laura-mangoni-inicio-su-temporada-22-23-en-aguas-abiertas\\\/\",\"url\":\"https:\\\/\\\/noticiasmercedinas.com\\\/site\\\/2022\\\/11\\\/29\\\/maria-laura-mangoni-inicio-su-temporada-22-23-en-aguas-abiertas\\\/\",\"name\":\"Mar\u00eda Laura Mangoni inici\u00f3 su temporada 22\\\/23 en aguas abiertas\",\"isPartOf\":{\"@id\":\"https:\\\/\\\/noticiasmercedinas.com\\\/site\\\/#website\"},\"primaryImageOfPage\":{\"@id\":\"https:\\\/\\\/noticiasmercedinas.com\\\/site\\\/2022\\\/11\\\/29\\\/maria-laura-mangoni-inicio-su-temporada-22-23-en-aguas-abiertas\\\/#primaryimage\"},\"image\":{\"@id\":\"https:\\\/\\\/noticiasmercedinas.com\\\/site\\\/2022\\\/11\\\/29\\\/maria-laura-mangoni-inicio-su-temporada-22-23-en-aguas-abiertas\\\/#primaryimage\"},\"thumbnailUrl\":\"https:\\\/\\\/noticiasmercedinas.com\\\/site\\\/wp-content\\\/uploads\\\/2022\\\/11\\\/FB_IMG_1669605489940.jpg\",\"datePublished\":\"2022-11-29T19:41:16+00:00\",\"breadcrumb\":{\"@id\":\"https:\\\/\\\/noticiasmercedinas.com\\\/site\\\/2022\\\/11\\\/29\\\/maria-laura-mangoni-inicio-su-temporada-22-23-en-aguas-abiertas\\\/#breadcrumb\"},\"inLanguage\":\"es\",\"potentialAction\":[{\"@type\":\"ReadAction\",\"target\":[\"https:\\\/\\\/noticiasmercedinas.com\\\/site\\\/2022\\\/11\\\/29\\\/maria-laura-mangoni-inicio-su-temporada-22-23-en-aguas-abiertas\\\/\"]}]},{\"@type\":\"ImageObject\",\"inLanguage\":\"es\",\"@id\":\"https:\\\/\\\/noticiasmercedinas.com\\\/site\\\/2022\\\/11\\\/29\\\/maria-laura-mangoni-inicio-su-temporada-22-23-en-aguas-abiertas\\\/#primaryimage\",\"url\":\"https:\\\/\\\/noticiasmercedinas.com\\\/site\\\/wp-content\\\/uploads\\\/2022\\\/11\\\/FB_IMG_1669605489940.jpg\",\"contentUrl\":\"https:\\\/\\\/noticiasmercedinas.com\\\/site\\\/wp-content\\\/uploads\\\/2022\\\/11\\\/FB_IMG_1669605489940.jpg\",\"width\":720,\"height\":480},{\"@type\":\"BreadcrumbList\",\"@id\":\"https:\\\/\\\/noticiasmercedinas.com\\\/site\\\/2022\\\/11\\\/29\\\/maria-laura-mangoni-inicio-su-temporada-22-23-en-aguas-abiertas\\\/#breadcrumb\",\"itemListElement\":[{\"@type\":\"ListItem\",\"position\":1,\"name\":\"Portada\",\"item\":\"https:\\\/\\\/noticiasmercedinas.com\\\/site\\\/\"},{\"@type\":\"ListItem\",\"position\":2,\"name\":\"Mar\u00eda Laura Mangoni inici\u00f3 su temporada 22\\\/23 en aguas abiertas\"}]},{\"@type\":\"WebSite\",\"@id\":\"https:\\\/\\\/noticiasmercedinas.com\\\/site\\\/#website\",\"url\":\"https:\\\/\\\/noticiasmercedinas.com\\\/site\\\/\",\"name\":\"NOTICIASMERCEDINAS.COM\",\"description\":\"Mercedes, Buenos Aires, Argentina\",\"publisher\":{\"@id\":\"https:\\\/\\\/noticiasmercedinas.com\\\/site\\\/#organization\"},\"potentialAction\":[{\"@type\":\"SearchAction\",\"target\":{\"@type\":\"EntryPoint\",\"urlTemplate\":\"https:\\\/\\\/noticiasmercedinas.com\\\/site\\\/?s={search_term_string}\"},\"query-input\":{\"@type\":\"PropertyValueSpecification\",\"valueRequired\":true,\"valueName\":\"search_term_string\"}}],\"inLanguage\":\"es\"},{\"@type\":\"Organization\",\"@id\":\"https:\\\/\\\/noticiasmercedinas.com\\\/site\\\/#organization\",\"name\":\"NOTICIASMERCEDINAS.COM\",\"url\":\"https:\\\/\\\/noticiasmercedinas.com\\\/site\\\/\",\"logo\":{\"@type\":\"ImageObject\",\"inLanguage\":\"es\",\"@id\":\"https:\\\/\\\/noticiasmercedinas.com\\\/site\\\/#\\\/schema\\\/logo\\\/image\\\/\",\"url\":\"https:\\\/\\\/noticiasmercedinas.com\\\/site\\\/wp-content\\\/uploads\\\/2020\\\/06\\\/LOGO-512.jpg\",\"contentUrl\":\"https:\\\/\\\/noticiasmercedinas.com\\\/site\\\/wp-content\\\/uploads\\\/2020\\\/06\\\/LOGO-512.jpg\",\"width\":512,\"height\":512,\"caption\":\"NOTICIASMERCEDINAS.COM\"},\"image\":{\"@id\":\"https:\\\/\\\/noticiasmercedinas.com\\\/site\\\/#\\\/schema\\\/logo\\\/image\\\/\"},\"sameAs\":[\"https:\\\/\\\/www.facebook.com\\\/noticiasmercedinas\\\/\",\"https:\\\/\\\/x.com\\\/notmercedinas\",\"https:\\\/\\\/www.instagram.com\\\/noticiasmercedinas\\\/\"]},{\"@type\":\"Person\",\"@id\":\"https:\\\/\\\/noticiasmercedinas.com\\\/site\\\/#\\\/schema\\\/person\\\/84b59c099c28ff2e8b77d4ceec5d8063\",\"name\":\"NOTICIASMERCEDINAS.COM\",\"image\":{\"@type\":\"ImageObject\",\"inLanguage\":\"es\",\"@id\":\"https:\\\/\\\/secure.gravatar.com\\\/avatar\\\/4dfbf16b4d17945bfb6341b2d19043457132fcf478a5ee04f42e959fd8f5df0a?s=96&d=mm&r=g\",\"url\":\"https:\\\/\\\/secure.gravatar.com\\\/avatar\\\/4dfbf16b4d17945bfb6341b2d19043457132fcf478a5ee04f42e959fd8f5df0a?s=96&d=mm&r=g\",\"contentUrl\":\"https:\\\/\\\/secure.gravatar.com\\\/avatar\\\/4dfbf16b4d17945bfb6341b2d19043457132fcf478a5ee04f42e959fd8f5df0a?s=96&d=mm&r=g\",\"caption\":\"NOTICIASMERCEDINAS.COM\"},\"url\":\"https:\\\/\\\/noticiasmercedinas.com\\\/site\\\/author\\\/anonimo\\\/\"}]}<\/script>\n<!-- \/ Yoast SEO plugin. -->","yoast_head_json":{"title":"Mar\u00eda Laura Mangoni inici\u00f3 su temporada 22\/23 en aguas abiertas","robots":{"index":"index","follow":"follow","max-snippet":"max-snippet:-1","max-image-preview":"max-image-preview:large","max-video-preview":"max-video-preview:-1"},"canonical":"https:\/\/noticiasmercedinas.com\/site\/2022\/11\/29\/maria-laura-mangoni-inicio-su-temporada-22-23-en-aguas-abiertas\/","og_locale":"es_ES","og_type":"article","og_title":"Mar\u00eda Laura Mangoni inici\u00f3 su temporada 22\/23 en aguas abiertas","og_description":"\u25a0 La nadadora mercedina fue parte de los 3 km en una importante competencia en Federaci\u00f3n; Entre R\u00edos. obtuvo el segundo puesto en su categor\u00eda en un tiempo de 1:13'.","og_url":"https:\/\/noticiasmercedinas.com\/site\/2022\/11\/29\/maria-laura-mangoni-inicio-su-temporada-22-23-en-aguas-abiertas\/","og_site_name":"NOTICIASMERCEDINAS.COM","article_publisher":"https:\/\/www.facebook.com\/noticiasmercedinas\/","article_published_time":"2022-11-29T19:41:16+00:00","og_image":[{"width":720,"height":480,"url":"https:\/\/noticiasmercedinas.com\/site\/wp-content\/uploads\/2022\/11\/FB_IMG_1669605489940.jpg","type":"image\/jpeg"}],"author":"NOTICIASMERCEDINAS.COM","twitter_card":"summary_large_image","twitter_creator":"@notmercedinas","twitter_site":"@notmercedinas","twitter_misc":{"Escrito por":"NOTICIASMERCEDINAS.COM","Tiempo de lectura":"2 minutos"},"schema":{"@context":"https:\/\/schema.org","@graph":[{"@type":"Article","@id":"https:\/\/noticiasmercedinas.com\/site\/2022\/11\/29\/maria-laura-mangoni-inicio-su-temporada-22-23-en-aguas-abiertas\/#article","isPartOf":{"@id":"https:\/\/noticiasmercedinas.com\/site\/2022\/11\/29\/maria-laura-mangoni-inicio-su-temporada-22-23-en-aguas-abiertas\/"},"author":{"name":"NOTICIASMERCEDINAS.COM","@id":"https:\/\/noticiasmercedinas.com\/site\/#\/schema\/person\/84b59c099c28ff2e8b77d4ceec5d8063"},"headline":"Mar\u00eda Laura Mangoni inici\u00f3 su temporada 22\/23 en aguas abiertas","datePublished":"2022-11-29T19:41:16+00:00","mainEntityOfPage":{"@id":"https:\/\/noticiasmercedinas.com\/site\/2022\/11\/29\/maria-laura-mangoni-inicio-su-temporada-22-23-en-aguas-abiertas\/"},"wordCount":251,"commentCount":0,"publisher":{"@id":"https:\/\/noticiasmercedinas.com\/site\/#organization"},"image":{"@id":"https:\/\/noticiasmercedinas.com\/site\/2022\/11\/29\/maria-laura-mangoni-inicio-su-temporada-22-23-en-aguas-abiertas\/#primaryimage"},"thumbnailUrl":"https:\/\/noticiasmercedinas.com\/site\/wp-content\/uploads\/2022\/11\/FB_IMG_1669605489940.jpg","keywords":["ahuas abiertas","entre rios","Mar\u00eda Laura Mangoni","natacion"],"articleSection":["Deportes"],"inLanguage":"es","potentialAction":[{"@type":"CommentAction","name":"Comment","target":["https:\/\/noticiasmercedinas.com\/site\/2022\/11\/29\/maria-laura-mangoni-inicio-su-temporada-22-23-en-aguas-abiertas\/#respond"]}]},{"@type":"WebPage","@id":"https:\/\/noticiasmercedinas.com\/site\/2022\/11\/29\/maria-laura-mangoni-inicio-su-temporada-22-23-en-aguas-abiertas\/","url":"https:\/\/noticiasmercedinas.com\/site\/2022\/11\/29\/maria-laura-mangoni-inicio-su-temporada-22-23-en-aguas-abiertas\/","name":"Mar\u00eda Laura Mangoni inici\u00f3 su temporada 22\/23 en aguas abiertas","isPartOf":{"@id":"https:\/\/noticiasmercedinas.com\/site\/#website"},"primaryImageOfPage":{"@id":"https:\/\/noticiasmercedinas.com\/site\/2022\/11\/29\/maria-laura-mangoni-inicio-su-temporada-22-23-en-aguas-abiertas\/#primaryimage"},"image":{"@id":"https:\/\/noticiasmercedinas.com\/site\/2022\/11\/29\/maria-laura-mangoni-inicio-su-temporada-22-23-en-aguas-abiertas\/#primaryimage"},"thumbnailUrl":"https:\/\/noticiasmercedinas.com\/site\/wp-content\/uploads\/2022\/11\/FB_IMG_1669605489940.jpg","datePublished":"2022-11-29T19:41:16+00:00","breadcrumb":{"@id":"https:\/\/noticiasmercedinas.com\/site\/2022\/11\/29\/maria-laura-mangoni-inicio-su-temporada-22-23-en-aguas-abiertas\/#breadcrumb"},"inLanguage":"es","potentialAction":[{"@type":"ReadAction","target":["https:\/\/noticiasmercedinas.com\/site\/2022\/11\/29\/maria-laura-mangoni-inicio-su-temporada-22-23-en-aguas-abiertas\/"]}]},{"@type":"ImageObject","inLanguage":"es","@id":"https:\/\/noticiasmercedinas.com\/site\/2022\/11\/29\/maria-laura-mangoni-inicio-su-temporada-22-23-en-aguas-abiertas\/#primaryimage","url":"https:\/\/noticiasmercedinas.com\/site\/wp-content\/uploads\/2022\/11\/FB_IMG_1669605489940.jpg","contentUrl":"https:\/\/noticiasmercedinas.com\/site\/wp-content\/uploads\/2022\/11\/FB_IMG_1669605489940.jpg","width":720,"height":480},{"@type":"BreadcrumbList","@id":"https:\/\/noticiasmercedinas.com\/site\/2022\/11\/29\/maria-laura-mangoni-inicio-su-temporada-22-23-en-aguas-abiertas\/#breadcrumb","itemListElement":[{"@type":"ListItem","position":1,"name":"Portada","item":"https:\/\/noticiasmercedinas.com\/site\/"},{"@type":"ListItem","position":2,"name":"Mar\u00eda Laura Mangoni inici\u00f3 su temporada 22\/23 en aguas abiertas"}]},{"@type":"WebSite","@id":"https:\/\/noticiasmercedinas.com\/site\/#website","url":"https:\/\/noticiasmercedinas.com\/site\/","name":"NOTICIASMERCEDINAS.COM","description":"Mercedes, Buenos Aires, Argentina","publisher":{"@id":"https:\/\/noticiasmercedinas.com\/site\/#organization"},"potentialAction":[{"@type":"SearchAction","target":{"@type":"EntryPoint","urlTemplate":"https:\/\/noticiasmercedinas.com\/site\/?s={search_term_string}"},"query-input":{"@type":"PropertyValueSpecification","valueRequired":true,"valueName":"search_term_string"}}],"inLanguage":"es"},{"@type":"Organization","@id":"https:\/\/noticiasmercedinas.com\/site\/#organization","name":"NOTICIASMERCEDINAS.COM","url":"https:\/\/noticiasmercedinas.com\/site\/","logo":{"@type":"ImageObject","inLanguage":"es","@id":"https:\/\/noticiasmercedinas.com\/site\/#\/schema\/logo\/image\/","url":"https:\/\/noticiasmercedinas.com\/site\/wp-content\/uploads\/2020\/06\/LOGO-512.jpg","contentUrl":"https:\/\/noticiasmercedinas.com\/site\/wp-content\/uploads\/2020\/06\/LOGO-512.jpg","width":512,"height":512,"caption":"NOTICIASMERCEDINAS.COM"},"image":{"@id":"https:\/\/noticiasmercedinas.com\/site\/#\/schema\/logo\/image\/"},"sameAs":["https:\/\/www.facebook.com\/noticiasmercedinas\/","https:\/\/x.com\/notmercedinas","https:\/\/www.instagram.com\/noticiasmercedinas\/"]},{"@type":"Person","@id":"https:\/\/noticiasmercedinas.com\/site\/#\/schema\/person\/84b59c099c28ff2e8b77d4ceec5d8063","name":"NOTICIASMERCEDINAS.COM","image":{"@type":"ImageObject","inLanguage":"es","@id":"https:\/\/secure.gravatar.com\/avatar\/4dfbf16b4d17945bfb6341b2d19043457132fcf478a5ee04f42e959fd8f5df0a?s=96&d=mm&r=g","url":"https:\/\/secure.gravatar.com\/avatar\/4dfbf16b4d17945bfb6341b2d19043457132fcf478a5ee04f42e959fd8f5df0a?s=96&d=mm&r=g","contentUrl":"https:\/\/secure.gravatar.com\/avatar\/4dfbf16b4d17945bfb6341b2d19043457132fcf478a5ee04f42e959fd8f5df0a?s=96&d=mm&r=g","caption":"NOTICIASMERCEDINAS.COM"},"url":"https:\/\/noticiasmercedinas.com\/site\/author\/anonimo\/"}]}},"amp_enabled":true,"_links":{"self":[{"href":"https:\/\/noticiasmercedinas.com\/site\/wp-json\/wp\/v2\/posts\/105529","targetHints":{"allow":["GET"]}}],"collection":[{"href":"https:\/\/noticiasmercedinas.com\/site\/wp-json\/wp\/v2\/posts"}],"about":[{"href":"https:\/\/noticiasmercedinas.com\/site\/wp-json\/wp\/v2\/types\/post"}],"author":[{"embeddable":true,"href":"https:\/\/noticiasmercedinas.com\/site\/wp-json\/wp\/v2\/users\/16"}],"replies":[{"embeddable":true,"href":"https:\/\/noticiasmercedinas.com\/site\/wp-json\/wp\/v2\/comments?post=105529"}],"version-history":[{"count":1,"href":"https:\/\/noticiasmercedinas.com\/site\/wp-json\/wp\/v2\/posts\/105529\/revisions"}],"predecessor-version":[{"id":105531,"href":"https:\/\/noticiasmercedinas.com\/site\/wp-json\/wp\/v2\/posts\/105529\/revisions\/105531"}],"wp:featuredmedia":[{"embeddable":true,"href":"https:\/\/noticiasmercedinas.com\/site\/wp-json\/wp\/v2\/media\/105530"}],"wp:attachment":[{"href":"https:\/\/noticiasmercedinas.com\/site\/wp-json\/wp\/v2\/media?parent=105529"}],"wp:term":[{"taxonomy":"category","embeddable":true,"href":"https:\/\/noticiasmercedinas.com\/site\/wp-json\/wp\/v2\/categories?post=105529"},{"taxonomy":"post_tag","embeddable":true,"href":"https:\/\/noticiasmercedinas.com\/site\/wp-json\/wp\/v2\/tags?post=105529"}],"curies":[{"name":"wp","href":"https:\/\/api.w.org\/{rel}","templated":true}]}}