{"id":105578,"date":"2022-11-30T08:12:46","date_gmt":"2022-11-30T11:12:46","guid":{"rendered":"https:\/\/noticiasmercedinas.com\/site\/?p=105578"},"modified":"2022-11-30T08:12:46","modified_gmt":"2022-11-30T11:12:46","slug":"cantautor-lujanense-nico-cercola-en-la-noche-de-las-casas-de-provincia","status":"publish","type":"post","link":"https:\/\/noticiasmercedinas.com\/site\/2022\/11\/30\/cantautor-lujanense-nico-cercola-en-la-noche-de-las-casas-de-provincia\/","title":{"rendered":"Cantautor lujanense Nico C\u00e9rcola, en la Noche de las Casas de Provincia"},"content":{"rendered":"<p><img loading=\"lazy\" decoding=\"async\" class=\"alignnone size-large wp-image-105579\" src=\"https:\/\/noticiasmercedinas.com\/site\/wp-content\/uploads\/2022\/11\/noche1-1022x1024.jpg\" alt=\"\" width=\"640\" height=\"641\" srcset=\"https:\/\/noticiasmercedinas.com\/site\/wp-content\/uploads\/2022\/11\/noche1-1022x1024.jpg 1022w, https:\/\/noticiasmercedinas.com\/site\/wp-content\/uploads\/2022\/11\/noche1-300x300.jpg 300w, https:\/\/noticiasmercedinas.com\/site\/wp-content\/uploads\/2022\/11\/noche1-150x150.jpg 150w, https:\/\/noticiasmercedinas.com\/site\/wp-content\/uploads\/2022\/11\/noche1-768x770.jpg 768w, https:\/\/noticiasmercedinas.com\/site\/wp-content\/uploads\/2022\/11\/noche1-640x642.jpg 640w, https:\/\/noticiasmercedinas.com\/site\/wp-content\/uploads\/2022\/11\/noche1-681x683.jpg 681w, https:\/\/noticiasmercedinas.com\/site\/wp-content\/uploads\/2022\/11\/noche1.jpg 1277w\" sizes=\"auto, (max-width: 640px) 100vw, 640px\" \/><\/p>\n<p>Este viernes 2 de diciembre en el marco de \u00abLa noche de las casas de Provincia\u00bb el cantautor Nico C\u00e9rcola estar\u00e1 representando al municipio de Luj\u00e1n.<\/p>\n<p>La presentaci\u00f3n ser\u00e1 en la casa de la provincia de Buenos Aires, de Avenida Callao 237 (Ciudad Aut\u00f3noma de Buenos Aires).<\/p>\n<p>El evento dar\u00e1 comienzo a partir de las 18 horas, con entrada gratuita por orden de llegada y con capacidad limitada.<\/p>\n<p>\u00abEs una hermosa responsabilidad la de representar a Luj\u00e1n llevando la bandera del folklore bonaerense. Con canciones con est\u00e9ticas representativas, de autores y compositores contempor\u00e1neos con los que vamos forjando la identidad sonora de nuestra provincia\u00bb, dijo Nico.<\/p>\n<p>&nbsp;<\/p>\n","protected":false},"excerpt":{"rendered":"<p>Este viernes 2 de diciembre en el marco de \u00abLa noche de las casas de Provincia\u00bb el cantautor Nico C\u00e9rcola estar\u00e1 representando al municipio de Luj\u00e1n. La presentaci\u00f3n ser\u00e1 en la casa de la provincia de Buenos Aires, de Avenida Callao 237 (Ciudad Aut\u00f3noma de Buenos Aires). El evento dar\u00e1 comienzo a partir de las [&hellip;]<\/p>\n","protected":false},"author":16,"featured_media":105579,"comment_status":"open","ping_status":"open","sticky":false,"template":"","format":"standard","meta":{"footnotes":""},"categories":[139],"tags":[3763,584,40,4798],"class_list":["post-105578","post","type-post","status-publish","format-standard","has-post-thumbnail","hentry","category-regionales","tag-casa-de-la-provincia","tag-folclore","tag-lujan","tag-nico-cercola"],"yoast_head":"<!-- This site is optimized with the Yoast SEO plugin v27.4 - https:\/\/yoast.com\/product\/yoast-seo-wordpress\/ -->\n<title>Cantautor lujanense Nico C\u00e9rcola, en la Noche de las Casas de Provincia<\/title>\n<meta name=\"robots\" content=\"index, follow, max-snippet:-1, max-image-preview:large, max-video-preview:-1\" \/>\n<link rel=\"canonical\" href=\"https:\/\/noticiasmercedinas.com\/site\/2022\/11\/30\/cantautor-lujanense-nico-cercola-en-la-noche-de-las-casas-de-provincia\/\" \/>\n<meta property=\"og:locale\" content=\"es_ES\" \/>\n<meta property=\"og:type\" content=\"article\" \/>\n<meta property=\"og:title\" content=\"Cantautor lujanense Nico C\u00e9rcola, en la Noche de las Casas de Provincia\" \/>\n<meta property=\"og:description\" content=\"Este viernes 2 de diciembre en el marco de \u00abLa noche de las casas de Provincia\u00bb el cantautor Nico C\u00e9rcola estar\u00e1 representando al municipio de Luj\u00e1n. La presentaci\u00f3n ser\u00e1 en la casa de la provincia de Buenos Aires, de Avenida Callao 237 (Ciudad Aut\u00f3noma de Buenos Aires). El evento dar\u00e1 comienzo a partir de las [&hellip;]\" \/>\n<meta property=\"og:url\" content=\"https:\/\/noticiasmercedinas.com\/site\/2022\/11\/30\/cantautor-lujanense-nico-cercola-en-la-noche-de-las-casas-de-provincia\/\" \/>\n<meta property=\"og:site_name\" content=\"NOTICIASMERCEDINAS.COM\" \/>\n<meta property=\"article:publisher\" content=\"https:\/\/www.facebook.com\/noticiasmercedinas\/\" \/>\n<meta property=\"article:published_time\" content=\"2022-11-30T11:12:46+00:00\" \/>\n<meta property=\"og:image\" content=\"https:\/\/noticiasmercedinas.com\/site\/wp-content\/uploads\/2022\/11\/noche1.jpg\" \/>\n\t<meta property=\"og:image:width\" content=\"1277\" \/>\n\t<meta property=\"og:image:height\" content=\"1280\" \/>\n\t<meta property=\"og:image:type\" content=\"image\/jpeg\" \/>\n<meta name=\"author\" content=\"NOTICIASMERCEDINAS.COM\" \/>\n<meta name=\"twitter:card\" content=\"summary_large_image\" \/>\n<meta name=\"twitter:creator\" content=\"@notmercedinas\" \/>\n<meta name=\"twitter:site\" content=\"@notmercedinas\" \/>\n<meta name=\"twitter:label1\" content=\"Escrito por\" \/>\n\t<meta name=\"twitter:data1\" content=\"NOTICIASMERCEDINAS.COM\" \/>\n\t<meta name=\"twitter:label2\" content=\"Tiempo de lectura\" \/>\n\t<meta name=\"twitter:data2\" content=\"1 minuto\" \/>\n<script type=\"application\/ld+json\" class=\"yoast-schema-graph\">{\"@context\":\"https:\\\/\\\/schema.org\",\"@graph\":[{\"@type\":\"Article\",\"@id\":\"https:\\\/\\\/noticiasmercedinas.com\\\/site\\\/2022\\\/11\\\/30\\\/cantautor-lujanense-nico-cercola-en-la-noche-de-las-casas-de-provincia\\\/#article\",\"isPartOf\":{\"@id\":\"https:\\\/\\\/noticiasmercedinas.com\\\/site\\\/2022\\\/11\\\/30\\\/cantautor-lujanense-nico-cercola-en-la-noche-de-las-casas-de-provincia\\\/\"},\"author\":{\"name\":\"NOTICIASMERCEDINAS.COM\",\"@id\":\"https:\\\/\\\/noticiasmercedinas.com\\\/site\\\/#\\\/schema\\\/person\\\/84b59c099c28ff2e8b77d4ceec5d8063\"},\"headline\":\"Cantautor lujanense Nico C\u00e9rcola, en la Noche de las Casas de Provincia\",\"datePublished\":\"2022-11-30T11:12:46+00:00\",\"mainEntityOfPage\":{\"@id\":\"https:\\\/\\\/noticiasmercedinas.com\\\/site\\\/2022\\\/11\\\/30\\\/cantautor-lujanense-nico-cercola-en-la-noche-de-las-casas-de-provincia\\\/\"},\"wordCount\":124,\"commentCount\":0,\"publisher\":{\"@id\":\"https:\\\/\\\/noticiasmercedinas.com\\\/site\\\/#organization\"},\"image\":{\"@id\":\"https:\\\/\\\/noticiasmercedinas.com\\\/site\\\/2022\\\/11\\\/30\\\/cantautor-lujanense-nico-cercola-en-la-noche-de-las-casas-de-provincia\\\/#primaryimage\"},\"thumbnailUrl\":\"https:\\\/\\\/noticiasmercedinas.com\\\/site\\\/wp-content\\\/uploads\\\/2022\\\/11\\\/noche1.jpg\",\"keywords\":[\"casa de la provincia\",\"folclore\",\"lujan\",\"Nico C\u00e9rcola\"],\"articleSection\":[\"Regionales\"],\"inLanguage\":\"es\",\"potentialAction\":[{\"@type\":\"CommentAction\",\"name\":\"Comment\",\"target\":[\"https:\\\/\\\/noticiasmercedinas.com\\\/site\\\/2022\\\/11\\\/30\\\/cantautor-lujanense-nico-cercola-en-la-noche-de-las-casas-de-provincia\\\/#respond\"]}]},{\"@type\":\"WebPage\",\"@id\":\"https:\\\/\\\/noticiasmercedinas.com\\\/site\\\/2022\\\/11\\\/30\\\/cantautor-lujanense-nico-cercola-en-la-noche-de-las-casas-de-provincia\\\/\",\"url\":\"https:\\\/\\\/noticiasmercedinas.com\\\/site\\\/2022\\\/11\\\/30\\\/cantautor-lujanense-nico-cercola-en-la-noche-de-las-casas-de-provincia\\\/\",\"name\":\"Cantautor lujanense Nico C\u00e9rcola, en la Noche de las Casas de Provincia\",\"isPartOf\":{\"@id\":\"https:\\\/\\\/noticiasmercedinas.com\\\/site\\\/#website\"},\"primaryImageOfPage\":{\"@id\":\"https:\\\/\\\/noticiasmercedinas.com\\\/site\\\/2022\\\/11\\\/30\\\/cantautor-lujanense-nico-cercola-en-la-noche-de-las-casas-de-provincia\\\/#primaryimage\"},\"image\":{\"@id\":\"https:\\\/\\\/noticiasmercedinas.com\\\/site\\\/2022\\\/11\\\/30\\\/cantautor-lujanense-nico-cercola-en-la-noche-de-las-casas-de-provincia\\\/#primaryimage\"},\"thumbnailUrl\":\"https:\\\/\\\/noticiasmercedinas.com\\\/site\\\/wp-content\\\/uploads\\\/2022\\\/11\\\/noche1.jpg\",\"datePublished\":\"2022-11-30T11:12:46+00:00\",\"breadcrumb\":{\"@id\":\"https:\\\/\\\/noticiasmercedinas.com\\\/site\\\/2022\\\/11\\\/30\\\/cantautor-lujanense-nico-cercola-en-la-noche-de-las-casas-de-provincia\\\/#breadcrumb\"},\"inLanguage\":\"es\",\"potentialAction\":[{\"@type\":\"ReadAction\",\"target\":[\"https:\\\/\\\/noticiasmercedinas.com\\\/site\\\/2022\\\/11\\\/30\\\/cantautor-lujanense-nico-cercola-en-la-noche-de-las-casas-de-provincia\\\/\"]}]},{\"@type\":\"ImageObject\",\"inLanguage\":\"es\",\"@id\":\"https:\\\/\\\/noticiasmercedinas.com\\\/site\\\/2022\\\/11\\\/30\\\/cantautor-lujanense-nico-cercola-en-la-noche-de-las-casas-de-provincia\\\/#primaryimage\",\"url\":\"https:\\\/\\\/noticiasmercedinas.com\\\/site\\\/wp-content\\\/uploads\\\/2022\\\/11\\\/noche1.jpg\",\"contentUrl\":\"https:\\\/\\\/noticiasmercedinas.com\\\/site\\\/wp-content\\\/uploads\\\/2022\\\/11\\\/noche1.jpg\",\"width\":1277,\"height\":1280},{\"@type\":\"BreadcrumbList\",\"@id\":\"https:\\\/\\\/noticiasmercedinas.com\\\/site\\\/2022\\\/11\\\/30\\\/cantautor-lujanense-nico-cercola-en-la-noche-de-las-casas-de-provincia\\\/#breadcrumb\",\"itemListElement\":[{\"@type\":\"ListItem\",\"position\":1,\"name\":\"Portada\",\"item\":\"https:\\\/\\\/noticiasmercedinas.com\\\/site\\\/\"},{\"@type\":\"ListItem\",\"position\":2,\"name\":\"Cantautor lujanense Nico C\u00e9rcola, en la Noche de las Casas de Provincia\"}]},{\"@type\":\"WebSite\",\"@id\":\"https:\\\/\\\/noticiasmercedinas.com\\\/site\\\/#website\",\"url\":\"https:\\\/\\\/noticiasmercedinas.com\\\/site\\\/\",\"name\":\"NOTICIASMERCEDINAS.COM\",\"description\":\"Mercedes, Buenos Aires, Argentina\",\"publisher\":{\"@id\":\"https:\\\/\\\/noticiasmercedinas.com\\\/site\\\/#organization\"},\"potentialAction\":[{\"@type\":\"SearchAction\",\"target\":{\"@type\":\"EntryPoint\",\"urlTemplate\":\"https:\\\/\\\/noticiasmercedinas.com\\\/site\\\/?s={search_term_string}\"},\"query-input\":{\"@type\":\"PropertyValueSpecification\",\"valueRequired\":true,\"valueName\":\"search_term_string\"}}],\"inLanguage\":\"es\"},{\"@type\":\"Organization\",\"@id\":\"https:\\\/\\\/noticiasmercedinas.com\\\/site\\\/#organization\",\"name\":\"NOTICIASMERCEDINAS.COM\",\"url\":\"https:\\\/\\\/noticiasmercedinas.com\\\/site\\\/\",\"logo\":{\"@type\":\"ImageObject\",\"inLanguage\":\"es\",\"@id\":\"https:\\\/\\\/noticiasmercedinas.com\\\/site\\\/#\\\/schema\\\/logo\\\/image\\\/\",\"url\":\"https:\\\/\\\/noticiasmercedinas.com\\\/site\\\/wp-content\\\/uploads\\\/2020\\\/06\\\/LOGO-512.jpg\",\"contentUrl\":\"https:\\\/\\\/noticiasmercedinas.com\\\/site\\\/wp-content\\\/uploads\\\/2020\\\/06\\\/LOGO-512.jpg\",\"width\":512,\"height\":512,\"caption\":\"NOTICIASMERCEDINAS.COM\"},\"image\":{\"@id\":\"https:\\\/\\\/noticiasmercedinas.com\\\/site\\\/#\\\/schema\\\/logo\\\/image\\\/\"},\"sameAs\":[\"https:\\\/\\\/www.facebook.com\\\/noticiasmercedinas\\\/\",\"https:\\\/\\\/x.com\\\/notmercedinas\",\"https:\\\/\\\/www.instagram.com\\\/noticiasmercedinas\\\/\"]},{\"@type\":\"Person\",\"@id\":\"https:\\\/\\\/noticiasmercedinas.com\\\/site\\\/#\\\/schema\\\/person\\\/84b59c099c28ff2e8b77d4ceec5d8063\",\"name\":\"NOTICIASMERCEDINAS.COM\",\"image\":{\"@type\":\"ImageObject\",\"inLanguage\":\"es\",\"@id\":\"https:\\\/\\\/secure.gravatar.com\\\/avatar\\\/4dfbf16b4d17945bfb6341b2d19043457132fcf478a5ee04f42e959fd8f5df0a?s=96&d=mm&r=g\",\"url\":\"https:\\\/\\\/secure.gravatar.com\\\/avatar\\\/4dfbf16b4d17945bfb6341b2d19043457132fcf478a5ee04f42e959fd8f5df0a?s=96&d=mm&r=g\",\"contentUrl\":\"https:\\\/\\\/secure.gravatar.com\\\/avatar\\\/4dfbf16b4d17945bfb6341b2d19043457132fcf478a5ee04f42e959fd8f5df0a?s=96&d=mm&r=g\",\"caption\":\"NOTICIASMERCEDINAS.COM\"},\"url\":\"https:\\\/\\\/noticiasmercedinas.com\\\/site\\\/author\\\/anonimo\\\/\"}]}<\/script>\n<!-- \/ Yoast SEO plugin. -->","yoast_head_json":{"title":"Cantautor lujanense Nico C\u00e9rcola, en la Noche de las Casas de Provincia","robots":{"index":"index","follow":"follow","max-snippet":"max-snippet:-1","max-image-preview":"max-image-preview:large","max-video-preview":"max-video-preview:-1"},"canonical":"https:\/\/noticiasmercedinas.com\/site\/2022\/11\/30\/cantautor-lujanense-nico-cercola-en-la-noche-de-las-casas-de-provincia\/","og_locale":"es_ES","og_type":"article","og_title":"Cantautor lujanense Nico C\u00e9rcola, en la Noche de las Casas de Provincia","og_description":"Este viernes 2 de diciembre en el marco de \u00abLa noche de las casas de Provincia\u00bb el cantautor Nico C\u00e9rcola estar\u00e1 representando al municipio de Luj\u00e1n. La presentaci\u00f3n ser\u00e1 en la casa de la provincia de Buenos Aires, de Avenida Callao 237 (Ciudad Aut\u00f3noma de Buenos Aires). El evento dar\u00e1 comienzo a partir de las [&hellip;]","og_url":"https:\/\/noticiasmercedinas.com\/site\/2022\/11\/30\/cantautor-lujanense-nico-cercola-en-la-noche-de-las-casas-de-provincia\/","og_site_name":"NOTICIASMERCEDINAS.COM","article_publisher":"https:\/\/www.facebook.com\/noticiasmercedinas\/","article_published_time":"2022-11-30T11:12:46+00:00","og_image":[{"width":1277,"height":1280,"url":"https:\/\/noticiasmercedinas.com\/site\/wp-content\/uploads\/2022\/11\/noche1.jpg","type":"image\/jpeg"}],"author":"NOTICIASMERCEDINAS.COM","twitter_card":"summary_large_image","twitter_creator":"@notmercedinas","twitter_site":"@notmercedinas","twitter_misc":{"Escrito por":"NOTICIASMERCEDINAS.COM","Tiempo de lectura":"1 minuto"},"schema":{"@context":"https:\/\/schema.org","@graph":[{"@type":"Article","@id":"https:\/\/noticiasmercedinas.com\/site\/2022\/11\/30\/cantautor-lujanense-nico-cercola-en-la-noche-de-las-casas-de-provincia\/#article","isPartOf":{"@id":"https:\/\/noticiasmercedinas.com\/site\/2022\/11\/30\/cantautor-lujanense-nico-cercola-en-la-noche-de-las-casas-de-provincia\/"},"author":{"name":"NOTICIASMERCEDINAS.COM","@id":"https:\/\/noticiasmercedinas.com\/site\/#\/schema\/person\/84b59c099c28ff2e8b77d4ceec5d8063"},"headline":"Cantautor lujanense Nico C\u00e9rcola, en la Noche de las Casas de Provincia","datePublished":"2022-11-30T11:12:46+00:00","mainEntityOfPage":{"@id":"https:\/\/noticiasmercedinas.com\/site\/2022\/11\/30\/cantautor-lujanense-nico-cercola-en-la-noche-de-las-casas-de-provincia\/"},"wordCount":124,"commentCount":0,"publisher":{"@id":"https:\/\/noticiasmercedinas.com\/site\/#organization"},"image":{"@id":"https:\/\/noticiasmercedinas.com\/site\/2022\/11\/30\/cantautor-lujanense-nico-cercola-en-la-noche-de-las-casas-de-provincia\/#primaryimage"},"thumbnailUrl":"https:\/\/noticiasmercedinas.com\/site\/wp-content\/uploads\/2022\/11\/noche1.jpg","keywords":["casa de la provincia","folclore","lujan","Nico C\u00e9rcola"],"articleSection":["Regionales"],"inLanguage":"es","potentialAction":[{"@type":"CommentAction","name":"Comment","target":["https:\/\/noticiasmercedinas.com\/site\/2022\/11\/30\/cantautor-lujanense-nico-cercola-en-la-noche-de-las-casas-de-provincia\/#respond"]}]},{"@type":"WebPage","@id":"https:\/\/noticiasmercedinas.com\/site\/2022\/11\/30\/cantautor-lujanense-nico-cercola-en-la-noche-de-las-casas-de-provincia\/","url":"https:\/\/noticiasmercedinas.com\/site\/2022\/11\/30\/cantautor-lujanense-nico-cercola-en-la-noche-de-las-casas-de-provincia\/","name":"Cantautor lujanense Nico C\u00e9rcola, en la Noche de las Casas de Provincia","isPartOf":{"@id":"https:\/\/noticiasmercedinas.com\/site\/#website"},"primaryImageOfPage":{"@id":"https:\/\/noticiasmercedinas.com\/site\/2022\/11\/30\/cantautor-lujanense-nico-cercola-en-la-noche-de-las-casas-de-provincia\/#primaryimage"},"image":{"@id":"https:\/\/noticiasmercedinas.com\/site\/2022\/11\/30\/cantautor-lujanense-nico-cercola-en-la-noche-de-las-casas-de-provincia\/#primaryimage"},"thumbnailUrl":"https:\/\/noticiasmercedinas.com\/site\/wp-content\/uploads\/2022\/11\/noche1.jpg","datePublished":"2022-11-30T11:12:46+00:00","breadcrumb":{"@id":"https:\/\/noticiasmercedinas.com\/site\/2022\/11\/30\/cantautor-lujanense-nico-cercola-en-la-noche-de-las-casas-de-provincia\/#breadcrumb"},"inLanguage":"es","potentialAction":[{"@type":"ReadAction","target":["https:\/\/noticiasmercedinas.com\/site\/2022\/11\/30\/cantautor-lujanense-nico-cercola-en-la-noche-de-las-casas-de-provincia\/"]}]},{"@type":"ImageObject","inLanguage":"es","@id":"https:\/\/noticiasmercedinas.com\/site\/2022\/11\/30\/cantautor-lujanense-nico-cercola-en-la-noche-de-las-casas-de-provincia\/#primaryimage","url":"https:\/\/noticiasmercedinas.com\/site\/wp-content\/uploads\/2022\/11\/noche1.jpg","contentUrl":"https:\/\/noticiasmercedinas.com\/site\/wp-content\/uploads\/2022\/11\/noche1.jpg","width":1277,"height":1280},{"@type":"BreadcrumbList","@id":"https:\/\/noticiasmercedinas.com\/site\/2022\/11\/30\/cantautor-lujanense-nico-cercola-en-la-noche-de-las-casas-de-provincia\/#breadcrumb","itemListElement":[{"@type":"ListItem","position":1,"name":"Portada","item":"https:\/\/noticiasmercedinas.com\/site\/"},{"@type":"ListItem","position":2,"name":"Cantautor lujanense Nico C\u00e9rcola, en la Noche de las Casas de Provincia"}]},{"@type":"WebSite","@id":"https:\/\/noticiasmercedinas.com\/site\/#website","url":"https:\/\/noticiasmercedinas.com\/site\/","name":"NOTICIASMERCEDINAS.COM","description":"Mercedes, Buenos Aires, Argentina","publisher":{"@id":"https:\/\/noticiasmercedinas.com\/site\/#organization"},"potentialAction":[{"@type":"SearchAction","target":{"@type":"EntryPoint","urlTemplate":"https:\/\/noticiasmercedinas.com\/site\/?s={search_term_string}"},"query-input":{"@type":"PropertyValueSpecification","valueRequired":true,"valueName":"search_term_string"}}],"inLanguage":"es"},{"@type":"Organization","@id":"https:\/\/noticiasmercedinas.com\/site\/#organization","name":"NOTICIASMERCEDINAS.COM","url":"https:\/\/noticiasmercedinas.com\/site\/","logo":{"@type":"ImageObject","inLanguage":"es","@id":"https:\/\/noticiasmercedinas.com\/site\/#\/schema\/logo\/image\/","url":"https:\/\/noticiasmercedinas.com\/site\/wp-content\/uploads\/2020\/06\/LOGO-512.jpg","contentUrl":"https:\/\/noticiasmercedinas.com\/site\/wp-content\/uploads\/2020\/06\/LOGO-512.jpg","width":512,"height":512,"caption":"NOTICIASMERCEDINAS.COM"},"image":{"@id":"https:\/\/noticiasmercedinas.com\/site\/#\/schema\/logo\/image\/"},"sameAs":["https:\/\/www.facebook.com\/noticiasmercedinas\/","https:\/\/x.com\/notmercedinas","https:\/\/www.instagram.com\/noticiasmercedinas\/"]},{"@type":"Person","@id":"https:\/\/noticiasmercedinas.com\/site\/#\/schema\/person\/84b59c099c28ff2e8b77d4ceec5d8063","name":"NOTICIASMERCEDINAS.COM","image":{"@type":"ImageObject","inLanguage":"es","@id":"https:\/\/secure.gravatar.com\/avatar\/4dfbf16b4d17945bfb6341b2d19043457132fcf478a5ee04f42e959fd8f5df0a?s=96&d=mm&r=g","url":"https:\/\/secure.gravatar.com\/avatar\/4dfbf16b4d17945bfb6341b2d19043457132fcf478a5ee04f42e959fd8f5df0a?s=96&d=mm&r=g","contentUrl":"https:\/\/secure.gravatar.com\/avatar\/4dfbf16b4d17945bfb6341b2d19043457132fcf478a5ee04f42e959fd8f5df0a?s=96&d=mm&r=g","caption":"NOTICIASMERCEDINAS.COM"},"url":"https:\/\/noticiasmercedinas.com\/site\/author\/anonimo\/"}]}},"amp_enabled":true,"_links":{"self":[{"href":"https:\/\/noticiasmercedinas.com\/site\/wp-json\/wp\/v2\/posts\/105578","targetHints":{"allow":["GET"]}}],"collection":[{"href":"https:\/\/noticiasmercedinas.com\/site\/wp-json\/wp\/v2\/posts"}],"about":[{"href":"https:\/\/noticiasmercedinas.com\/site\/wp-json\/wp\/v2\/types\/post"}],"author":[{"embeddable":true,"href":"https:\/\/noticiasmercedinas.com\/site\/wp-json\/wp\/v2\/users\/16"}],"replies":[{"embeddable":true,"href":"https:\/\/noticiasmercedinas.com\/site\/wp-json\/wp\/v2\/comments?post=105578"}],"version-history":[{"count":1,"href":"https:\/\/noticiasmercedinas.com\/site\/wp-json\/wp\/v2\/posts\/105578\/revisions"}],"predecessor-version":[{"id":105580,"href":"https:\/\/noticiasmercedinas.com\/site\/wp-json\/wp\/v2\/posts\/105578\/revisions\/105580"}],"wp:featuredmedia":[{"embeddable":true,"href":"https:\/\/noticiasmercedinas.com\/site\/wp-json\/wp\/v2\/media\/105579"}],"wp:attachment":[{"href":"https:\/\/noticiasmercedinas.com\/site\/wp-json\/wp\/v2\/media?parent=105578"}],"wp:term":[{"taxonomy":"category","embeddable":true,"href":"https:\/\/noticiasmercedinas.com\/site\/wp-json\/wp\/v2\/categories?post=105578"},{"taxonomy":"post_tag","embeddable":true,"href":"https:\/\/noticiasmercedinas.com\/site\/wp-json\/wp\/v2\/tags?post=105578"}],"curies":[{"name":"wp","href":"https:\/\/api.w.org\/{rel}","templated":true}]}}