{"id":105650,"date":"2022-12-01T11:36:50","date_gmt":"2022-12-01T14:36:50","guid":{"rendered":"https:\/\/noticiasmercedinas.com\/site\/?p=105650"},"modified":"2022-12-01T11:36:50","modified_gmt":"2022-12-01T14:36:50","slug":"proteccion-civil-intensa-actividad-por-la-tormenta","status":"publish","type":"post","link":"https:\/\/noticiasmercedinas.com\/site\/2022\/12\/01\/proteccion-civil-intensa-actividad-por-la-tormenta\/","title":{"rendered":"Protecci\u00f3n Civil: intensa actividad por la tormenta"},"content":{"rendered":"<p><a href=\"https:\/\/noticiasmercedinas.com\/site\/wp-content\/uploads\/2022\/12\/WhatsApp-Image-2022-12-01-at-10.27.30-AM.jpeg\"><img loading=\"lazy\" decoding=\"async\" class=\"alignnone size-full wp-image-105652\" src=\"https:\/\/noticiasmercedinas.com\/site\/wp-content\/uploads\/2022\/12\/WhatsApp-Image-2022-12-01-at-10.27.30-AM.jpeg\" alt=\"\" width=\"1600\" height=\"758\" srcset=\"https:\/\/noticiasmercedinas.com\/site\/wp-content\/uploads\/2022\/12\/WhatsApp-Image-2022-12-01-at-10.27.30-AM.jpeg 1600w, https:\/\/noticiasmercedinas.com\/site\/wp-content\/uploads\/2022\/12\/WhatsApp-Image-2022-12-01-at-10.27.30-AM-300x142.jpeg 300w, https:\/\/noticiasmercedinas.com\/site\/wp-content\/uploads\/2022\/12\/WhatsApp-Image-2022-12-01-at-10.27.30-AM-1024x485.jpeg 1024w, https:\/\/noticiasmercedinas.com\/site\/wp-content\/uploads\/2022\/12\/WhatsApp-Image-2022-12-01-at-10.27.30-AM-768x364.jpeg 768w, https:\/\/noticiasmercedinas.com\/site\/wp-content\/uploads\/2022\/12\/WhatsApp-Image-2022-12-01-at-10.27.30-AM-1536x728.jpeg 1536w, https:\/\/noticiasmercedinas.com\/site\/wp-content\/uploads\/2022\/12\/WhatsApp-Image-2022-12-01-at-10.27.30-AM-640x303.jpeg 640w, https:\/\/noticiasmercedinas.com\/site\/wp-content\/uploads\/2022\/12\/WhatsApp-Image-2022-12-01-at-10.27.30-AM-1280x606.jpeg 1280w, https:\/\/noticiasmercedinas.com\/site\/wp-content\/uploads\/2022\/12\/WhatsApp-Image-2022-12-01-at-10.27.30-AM-681x323.jpeg 681w, https:\/\/noticiasmercedinas.com\/site\/wp-content\/uploads\/2022\/12\/WhatsApp-Image-2022-12-01-at-10.27.30-AM-1362x645.jpeg 1362w\" sizes=\"auto, (max-width: 1600px) 100vw, 1600px\" \/><\/a><\/p>\n<p>El equipo completo de la Direcci\u00f3n de Protecci\u00f3n Civil trabaj\u00f3 intensamente durante la tormenta de la tarde noche del mi\u00e9rcoles, para dar respuesta a m\u00e1s de 20 demandas de vecinos que informaron diferentes eventos a la l\u00ednea 147.<\/p>\n<p>Desde la Direcci\u00f3n informaron a Noticias Mercedinas que hubo siete intervenciones por voladura de techos o chapas en la zona de Gowland, Agote y Barrio Los Molinos, casos en los que tambi\u00e9n se ocupan agentes del \u00e1rea de Desarrollo Social.<\/p>\n<p><a href=\"https:\/\/noticiasmercedinas.com\/site\/wp-content\/uploads\/2022\/12\/WhatsApp-Image-2022-12-01-at-10.31.27-AM.jpeg\"><img loading=\"lazy\" decoding=\"async\" class=\"alignnone size-full wp-image-105651\" src=\"https:\/\/noticiasmercedinas.com\/site\/wp-content\/uploads\/2022\/12\/WhatsApp-Image-2022-12-01-at-10.31.27-AM.jpeg\" alt=\"\" width=\"1600\" height=\"1200\" srcset=\"https:\/\/noticiasmercedinas.com\/site\/wp-content\/uploads\/2022\/12\/WhatsApp-Image-2022-12-01-at-10.31.27-AM.jpeg 1600w, https:\/\/noticiasmercedinas.com\/site\/wp-content\/uploads\/2022\/12\/WhatsApp-Image-2022-12-01-at-10.31.27-AM-300x225.jpeg 300w, https:\/\/noticiasmercedinas.com\/site\/wp-content\/uploads\/2022\/12\/WhatsApp-Image-2022-12-01-at-10.31.27-AM-1024x768.jpeg 1024w, https:\/\/noticiasmercedinas.com\/site\/wp-content\/uploads\/2022\/12\/WhatsApp-Image-2022-12-01-at-10.31.27-AM-768x576.jpeg 768w, https:\/\/noticiasmercedinas.com\/site\/wp-content\/uploads\/2022\/12\/WhatsApp-Image-2022-12-01-at-10.31.27-AM-1536x1152.jpeg 1536w, https:\/\/noticiasmercedinas.com\/site\/wp-content\/uploads\/2022\/12\/WhatsApp-Image-2022-12-01-at-10.31.27-AM-80x60.jpeg 80w, https:\/\/noticiasmercedinas.com\/site\/wp-content\/uploads\/2022\/12\/WhatsApp-Image-2022-12-01-at-10.31.27-AM-160x120.jpeg 160w, https:\/\/noticiasmercedinas.com\/site\/wp-content\/uploads\/2022\/12\/WhatsApp-Image-2022-12-01-at-10.31.27-AM-100x75.jpeg 100w, https:\/\/noticiasmercedinas.com\/site\/wp-content\/uploads\/2022\/12\/WhatsApp-Image-2022-12-01-at-10.31.27-AM-200x150.jpeg 200w, https:\/\/noticiasmercedinas.com\/site\/wp-content\/uploads\/2022\/12\/WhatsApp-Image-2022-12-01-at-10.31.27-AM-180x135.jpeg 180w, https:\/\/noticiasmercedinas.com\/site\/wp-content\/uploads\/2022\/12\/WhatsApp-Image-2022-12-01-at-10.31.27-AM-360x270.jpeg 360w, https:\/\/noticiasmercedinas.com\/site\/wp-content\/uploads\/2022\/12\/WhatsApp-Image-2022-12-01-at-10.31.27-AM-238x178.jpeg 238w, https:\/\/noticiasmercedinas.com\/site\/wp-content\/uploads\/2022\/12\/WhatsApp-Image-2022-12-01-at-10.31.27-AM-476x356.jpeg 476w, https:\/\/noticiasmercedinas.com\/site\/wp-content\/uploads\/2022\/12\/WhatsApp-Image-2022-12-01-at-10.31.27-AM-640x480.jpeg 640w, https:\/\/noticiasmercedinas.com\/site\/wp-content\/uploads\/2022\/12\/WhatsApp-Image-2022-12-01-at-10.31.27-AM-1280x960.jpeg 1280w, https:\/\/noticiasmercedinas.com\/site\/wp-content\/uploads\/2022\/12\/WhatsApp-Image-2022-12-01-at-10.31.27-AM-681x511.jpeg 681w, https:\/\/noticiasmercedinas.com\/site\/wp-content\/uploads\/2022\/12\/WhatsApp-Image-2022-12-01-at-10.31.27-AM-1362x1022.jpeg 1362w\" sizes=\"auto, (max-width: 1600px) 100vw, 1600px\" \/><\/a><\/p>\n<blockquote><p>Hubo siete intervenciones por voladura de chapas en Gowland, Agote y Barrio Los Molinos.<\/p><\/blockquote>\n<p>Tambi\u00e9n debieron acudir, en conjunto con integrantes de Servicios P\u00fablicos, ante la ca\u00edda de 10 \u00e1rboles o ramas grandes. Adem\u00e1s, resolvieron m\u00faltiples problemas en las luminarias o ante la ca\u00edda de cables en la calle.<\/p>\n<p>Las tareas de Protecci\u00f3n Civil fueron coordinadas con los distintos sectores del Municipio, empresas de electricidad, televisi\u00f3n por cable e internet, Guardia Urbana, Estaci\u00f3n de Polic\u00eda Comunal y Destacamento Gowland.<\/p>\n","protected":false},"excerpt":{"rendered":"<p>\u25a0 Hubo voladura de techos, ca\u00edda de \u00e1rboles y de cables, que exigieron respuesta del equipo completo del \u00c1rea. Coordinaron con Desarrollo Social, Servicios P\u00fablicos, Seguridad y empresas de servicios.<\/p>\n","protected":false},"author":16,"featured_media":105652,"comment_status":"open","ping_status":"open","sticky":false,"template":"","format":"standard","meta":{"footnotes":""},"categories":[7],"tags":[938,1075],"class_list":["post-105650","post","type-post","status-publish","format-standard","has-post-thumbnail","hentry","category-policiales","tag-proteccion-civil","tag-tormenta"],"yoast_head":"<!-- This site is optimized with the Yoast SEO plugin v27.4 - https:\/\/yoast.com\/product\/yoast-seo-wordpress\/ -->\n<title>Protecci\u00f3n Civil: intensa actividad por la tormenta<\/title>\n<meta name=\"robots\" content=\"index, follow, max-snippet:-1, max-image-preview:large, max-video-preview:-1\" \/>\n<link rel=\"canonical\" href=\"https:\/\/noticiasmercedinas.com\/site\/2022\/12\/01\/proteccion-civil-intensa-actividad-por-la-tormenta\/\" \/>\n<meta property=\"og:locale\" content=\"es_ES\" \/>\n<meta property=\"og:type\" content=\"article\" \/>\n<meta property=\"og:title\" content=\"Protecci\u00f3n Civil: intensa actividad por la tormenta\" \/>\n<meta property=\"og:description\" content=\"\u25a0 Hubo voladura de techos, ca\u00edda de \u00e1rboles y de cables, que exigieron respuesta del equipo completo del \u00c1rea. Coordinaron con Desarrollo Social, Servicios P\u00fablicos, Seguridad y empresas de servicios.\" \/>\n<meta property=\"og:url\" content=\"https:\/\/noticiasmercedinas.com\/site\/2022\/12\/01\/proteccion-civil-intensa-actividad-por-la-tormenta\/\" \/>\n<meta property=\"og:site_name\" content=\"NOTICIASMERCEDINAS.COM\" \/>\n<meta property=\"article:publisher\" content=\"https:\/\/www.facebook.com\/noticiasmercedinas\/\" \/>\n<meta property=\"article:published_time\" content=\"2022-12-01T14:36:50+00:00\" \/>\n<meta property=\"og:image\" content=\"https:\/\/noticiasmercedinas.com\/site\/wp-content\/uploads\/2022\/12\/WhatsApp-Image-2022-12-01-at-10.27.30-AM.jpeg\" \/>\n\t<meta property=\"og:image:width\" content=\"1600\" \/>\n\t<meta property=\"og:image:height\" content=\"758\" \/>\n\t<meta property=\"og:image:type\" content=\"image\/jpeg\" \/>\n<meta name=\"author\" content=\"NOTICIASMERCEDINAS.COM\" \/>\n<meta name=\"twitter:card\" content=\"summary_large_image\" \/>\n<meta name=\"twitter:creator\" content=\"@notmercedinas\" \/>\n<meta name=\"twitter:site\" content=\"@notmercedinas\" \/>\n<meta name=\"twitter:label1\" content=\"Escrito por\" \/>\n\t<meta name=\"twitter:data1\" content=\"NOTICIASMERCEDINAS.COM\" \/>\n\t<meta name=\"twitter:label2\" content=\"Tiempo de lectura\" \/>\n\t<meta name=\"twitter:data2\" content=\"2 minutos\" \/>\n<script type=\"application\/ld+json\" class=\"yoast-schema-graph\">{\"@context\":\"https:\\\/\\\/schema.org\",\"@graph\":[{\"@type\":\"Article\",\"@id\":\"https:\\\/\\\/noticiasmercedinas.com\\\/site\\\/2022\\\/12\\\/01\\\/proteccion-civil-intensa-actividad-por-la-tormenta\\\/#article\",\"isPartOf\":{\"@id\":\"https:\\\/\\\/noticiasmercedinas.com\\\/site\\\/2022\\\/12\\\/01\\\/proteccion-civil-intensa-actividad-por-la-tormenta\\\/\"},\"author\":{\"name\":\"NOTICIASMERCEDINAS.COM\",\"@id\":\"https:\\\/\\\/noticiasmercedinas.com\\\/site\\\/#\\\/schema\\\/person\\\/84b59c099c28ff2e8b77d4ceec5d8063\"},\"headline\":\"Protecci\u00f3n Civil: intensa actividad por la tormenta\",\"datePublished\":\"2022-12-01T14:36:50+00:00\",\"mainEntityOfPage\":{\"@id\":\"https:\\\/\\\/noticiasmercedinas.com\\\/site\\\/2022\\\/12\\\/01\\\/proteccion-civil-intensa-actividad-por-la-tormenta\\\/\"},\"wordCount\":179,\"commentCount\":0,\"publisher\":{\"@id\":\"https:\\\/\\\/noticiasmercedinas.com\\\/site\\\/#organization\"},\"image\":{\"@id\":\"https:\\\/\\\/noticiasmercedinas.com\\\/site\\\/2022\\\/12\\\/01\\\/proteccion-civil-intensa-actividad-por-la-tormenta\\\/#primaryimage\"},\"thumbnailUrl\":\"https:\\\/\\\/noticiasmercedinas.com\\\/site\\\/wp-content\\\/uploads\\\/2022\\\/12\\\/WhatsApp-Image-2022-12-01-at-10.27.30-AM.jpeg\",\"keywords\":[\"protecci\u00f3n civil\",\"tormenta\"],\"articleSection\":[\"Seguridad\"],\"inLanguage\":\"es\",\"potentialAction\":[{\"@type\":\"CommentAction\",\"name\":\"Comment\",\"target\":[\"https:\\\/\\\/noticiasmercedinas.com\\\/site\\\/2022\\\/12\\\/01\\\/proteccion-civil-intensa-actividad-por-la-tormenta\\\/#respond\"]}]},{\"@type\":\"WebPage\",\"@id\":\"https:\\\/\\\/noticiasmercedinas.com\\\/site\\\/2022\\\/12\\\/01\\\/proteccion-civil-intensa-actividad-por-la-tormenta\\\/\",\"url\":\"https:\\\/\\\/noticiasmercedinas.com\\\/site\\\/2022\\\/12\\\/01\\\/proteccion-civil-intensa-actividad-por-la-tormenta\\\/\",\"name\":\"Protecci\u00f3n Civil: intensa actividad por la tormenta\",\"isPartOf\":{\"@id\":\"https:\\\/\\\/noticiasmercedinas.com\\\/site\\\/#website\"},\"primaryImageOfPage\":{\"@id\":\"https:\\\/\\\/noticiasmercedinas.com\\\/site\\\/2022\\\/12\\\/01\\\/proteccion-civil-intensa-actividad-por-la-tormenta\\\/#primaryimage\"},\"image\":{\"@id\":\"https:\\\/\\\/noticiasmercedinas.com\\\/site\\\/2022\\\/12\\\/01\\\/proteccion-civil-intensa-actividad-por-la-tormenta\\\/#primaryimage\"},\"thumbnailUrl\":\"https:\\\/\\\/noticiasmercedinas.com\\\/site\\\/wp-content\\\/uploads\\\/2022\\\/12\\\/WhatsApp-Image-2022-12-01-at-10.27.30-AM.jpeg\",\"datePublished\":\"2022-12-01T14:36:50+00:00\",\"breadcrumb\":{\"@id\":\"https:\\\/\\\/noticiasmercedinas.com\\\/site\\\/2022\\\/12\\\/01\\\/proteccion-civil-intensa-actividad-por-la-tormenta\\\/#breadcrumb\"},\"inLanguage\":\"es\",\"potentialAction\":[{\"@type\":\"ReadAction\",\"target\":[\"https:\\\/\\\/noticiasmercedinas.com\\\/site\\\/2022\\\/12\\\/01\\\/proteccion-civil-intensa-actividad-por-la-tormenta\\\/\"]}]},{\"@type\":\"ImageObject\",\"inLanguage\":\"es\",\"@id\":\"https:\\\/\\\/noticiasmercedinas.com\\\/site\\\/2022\\\/12\\\/01\\\/proteccion-civil-intensa-actividad-por-la-tormenta\\\/#primaryimage\",\"url\":\"https:\\\/\\\/noticiasmercedinas.com\\\/site\\\/wp-content\\\/uploads\\\/2022\\\/12\\\/WhatsApp-Image-2022-12-01-at-10.27.30-AM.jpeg\",\"contentUrl\":\"https:\\\/\\\/noticiasmercedinas.com\\\/site\\\/wp-content\\\/uploads\\\/2022\\\/12\\\/WhatsApp-Image-2022-12-01-at-10.27.30-AM.jpeg\",\"width\":1600,\"height\":758},{\"@type\":\"BreadcrumbList\",\"@id\":\"https:\\\/\\\/noticiasmercedinas.com\\\/site\\\/2022\\\/12\\\/01\\\/proteccion-civil-intensa-actividad-por-la-tormenta\\\/#breadcrumb\",\"itemListElement\":[{\"@type\":\"ListItem\",\"position\":1,\"name\":\"Portada\",\"item\":\"https:\\\/\\\/noticiasmercedinas.com\\\/site\\\/\"},{\"@type\":\"ListItem\",\"position\":2,\"name\":\"Protecci\u00f3n Civil: intensa actividad por la tormenta\"}]},{\"@type\":\"WebSite\",\"@id\":\"https:\\\/\\\/noticiasmercedinas.com\\\/site\\\/#website\",\"url\":\"https:\\\/\\\/noticiasmercedinas.com\\\/site\\\/\",\"name\":\"NOTICIASMERCEDINAS.COM\",\"description\":\"Mercedes, Buenos Aires, Argentina\",\"publisher\":{\"@id\":\"https:\\\/\\\/noticiasmercedinas.com\\\/site\\\/#organization\"},\"potentialAction\":[{\"@type\":\"SearchAction\",\"target\":{\"@type\":\"EntryPoint\",\"urlTemplate\":\"https:\\\/\\\/noticiasmercedinas.com\\\/site\\\/?s={search_term_string}\"},\"query-input\":{\"@type\":\"PropertyValueSpecification\",\"valueRequired\":true,\"valueName\":\"search_term_string\"}}],\"inLanguage\":\"es\"},{\"@type\":\"Organization\",\"@id\":\"https:\\\/\\\/noticiasmercedinas.com\\\/site\\\/#organization\",\"name\":\"NOTICIASMERCEDINAS.COM\",\"url\":\"https:\\\/\\\/noticiasmercedinas.com\\\/site\\\/\",\"logo\":{\"@type\":\"ImageObject\",\"inLanguage\":\"es\",\"@id\":\"https:\\\/\\\/noticiasmercedinas.com\\\/site\\\/#\\\/schema\\\/logo\\\/image\\\/\",\"url\":\"https:\\\/\\\/noticiasmercedinas.com\\\/site\\\/wp-content\\\/uploads\\\/2020\\\/06\\\/LOGO-512.jpg\",\"contentUrl\":\"https:\\\/\\\/noticiasmercedinas.com\\\/site\\\/wp-content\\\/uploads\\\/2020\\\/06\\\/LOGO-512.jpg\",\"width\":512,\"height\":512,\"caption\":\"NOTICIASMERCEDINAS.COM\"},\"image\":{\"@id\":\"https:\\\/\\\/noticiasmercedinas.com\\\/site\\\/#\\\/schema\\\/logo\\\/image\\\/\"},\"sameAs\":[\"https:\\\/\\\/www.facebook.com\\\/noticiasmercedinas\\\/\",\"https:\\\/\\\/x.com\\\/notmercedinas\",\"https:\\\/\\\/www.instagram.com\\\/noticiasmercedinas\\\/\"]},{\"@type\":\"Person\",\"@id\":\"https:\\\/\\\/noticiasmercedinas.com\\\/site\\\/#\\\/schema\\\/person\\\/84b59c099c28ff2e8b77d4ceec5d8063\",\"name\":\"NOTICIASMERCEDINAS.COM\",\"image\":{\"@type\":\"ImageObject\",\"inLanguage\":\"es\",\"@id\":\"https:\\\/\\\/secure.gravatar.com\\\/avatar\\\/4dfbf16b4d17945bfb6341b2d19043457132fcf478a5ee04f42e959fd8f5df0a?s=96&d=mm&r=g\",\"url\":\"https:\\\/\\\/secure.gravatar.com\\\/avatar\\\/4dfbf16b4d17945bfb6341b2d19043457132fcf478a5ee04f42e959fd8f5df0a?s=96&d=mm&r=g\",\"contentUrl\":\"https:\\\/\\\/secure.gravatar.com\\\/avatar\\\/4dfbf16b4d17945bfb6341b2d19043457132fcf478a5ee04f42e959fd8f5df0a?s=96&d=mm&r=g\",\"caption\":\"NOTICIASMERCEDINAS.COM\"},\"url\":\"https:\\\/\\\/noticiasmercedinas.com\\\/site\\\/author\\\/anonimo\\\/\"}]}<\/script>\n<!-- \/ Yoast SEO plugin. -->","yoast_head_json":{"title":"Protecci\u00f3n Civil: intensa actividad por la tormenta","robots":{"index":"index","follow":"follow","max-snippet":"max-snippet:-1","max-image-preview":"max-image-preview:large","max-video-preview":"max-video-preview:-1"},"canonical":"https:\/\/noticiasmercedinas.com\/site\/2022\/12\/01\/proteccion-civil-intensa-actividad-por-la-tormenta\/","og_locale":"es_ES","og_type":"article","og_title":"Protecci\u00f3n Civil: intensa actividad por la tormenta","og_description":"\u25a0 Hubo voladura de techos, ca\u00edda de \u00e1rboles y de cables, que exigieron respuesta del equipo completo del \u00c1rea. Coordinaron con Desarrollo Social, Servicios P\u00fablicos, Seguridad y empresas de servicios.","og_url":"https:\/\/noticiasmercedinas.com\/site\/2022\/12\/01\/proteccion-civil-intensa-actividad-por-la-tormenta\/","og_site_name":"NOTICIASMERCEDINAS.COM","article_publisher":"https:\/\/www.facebook.com\/noticiasmercedinas\/","article_published_time":"2022-12-01T14:36:50+00:00","og_image":[{"width":1600,"height":758,"url":"https:\/\/noticiasmercedinas.com\/site\/wp-content\/uploads\/2022\/12\/WhatsApp-Image-2022-12-01-at-10.27.30-AM.jpeg","type":"image\/jpeg"}],"author":"NOTICIASMERCEDINAS.COM","twitter_card":"summary_large_image","twitter_creator":"@notmercedinas","twitter_site":"@notmercedinas","twitter_misc":{"Escrito por":"NOTICIASMERCEDINAS.COM","Tiempo de lectura":"2 minutos"},"schema":{"@context":"https:\/\/schema.org","@graph":[{"@type":"Article","@id":"https:\/\/noticiasmercedinas.com\/site\/2022\/12\/01\/proteccion-civil-intensa-actividad-por-la-tormenta\/#article","isPartOf":{"@id":"https:\/\/noticiasmercedinas.com\/site\/2022\/12\/01\/proteccion-civil-intensa-actividad-por-la-tormenta\/"},"author":{"name":"NOTICIASMERCEDINAS.COM","@id":"https:\/\/noticiasmercedinas.com\/site\/#\/schema\/person\/84b59c099c28ff2e8b77d4ceec5d8063"},"headline":"Protecci\u00f3n Civil: intensa actividad por la tormenta","datePublished":"2022-12-01T14:36:50+00:00","mainEntityOfPage":{"@id":"https:\/\/noticiasmercedinas.com\/site\/2022\/12\/01\/proteccion-civil-intensa-actividad-por-la-tormenta\/"},"wordCount":179,"commentCount":0,"publisher":{"@id":"https:\/\/noticiasmercedinas.com\/site\/#organization"},"image":{"@id":"https:\/\/noticiasmercedinas.com\/site\/2022\/12\/01\/proteccion-civil-intensa-actividad-por-la-tormenta\/#primaryimage"},"thumbnailUrl":"https:\/\/noticiasmercedinas.com\/site\/wp-content\/uploads\/2022\/12\/WhatsApp-Image-2022-12-01-at-10.27.30-AM.jpeg","keywords":["protecci\u00f3n civil","tormenta"],"articleSection":["Seguridad"],"inLanguage":"es","potentialAction":[{"@type":"CommentAction","name":"Comment","target":["https:\/\/noticiasmercedinas.com\/site\/2022\/12\/01\/proteccion-civil-intensa-actividad-por-la-tormenta\/#respond"]}]},{"@type":"WebPage","@id":"https:\/\/noticiasmercedinas.com\/site\/2022\/12\/01\/proteccion-civil-intensa-actividad-por-la-tormenta\/","url":"https:\/\/noticiasmercedinas.com\/site\/2022\/12\/01\/proteccion-civil-intensa-actividad-por-la-tormenta\/","name":"Protecci\u00f3n Civil: intensa actividad por la tormenta","isPartOf":{"@id":"https:\/\/noticiasmercedinas.com\/site\/#website"},"primaryImageOfPage":{"@id":"https:\/\/noticiasmercedinas.com\/site\/2022\/12\/01\/proteccion-civil-intensa-actividad-por-la-tormenta\/#primaryimage"},"image":{"@id":"https:\/\/noticiasmercedinas.com\/site\/2022\/12\/01\/proteccion-civil-intensa-actividad-por-la-tormenta\/#primaryimage"},"thumbnailUrl":"https:\/\/noticiasmercedinas.com\/site\/wp-content\/uploads\/2022\/12\/WhatsApp-Image-2022-12-01-at-10.27.30-AM.jpeg","datePublished":"2022-12-01T14:36:50+00:00","breadcrumb":{"@id":"https:\/\/noticiasmercedinas.com\/site\/2022\/12\/01\/proteccion-civil-intensa-actividad-por-la-tormenta\/#breadcrumb"},"inLanguage":"es","potentialAction":[{"@type":"ReadAction","target":["https:\/\/noticiasmercedinas.com\/site\/2022\/12\/01\/proteccion-civil-intensa-actividad-por-la-tormenta\/"]}]},{"@type":"ImageObject","inLanguage":"es","@id":"https:\/\/noticiasmercedinas.com\/site\/2022\/12\/01\/proteccion-civil-intensa-actividad-por-la-tormenta\/#primaryimage","url":"https:\/\/noticiasmercedinas.com\/site\/wp-content\/uploads\/2022\/12\/WhatsApp-Image-2022-12-01-at-10.27.30-AM.jpeg","contentUrl":"https:\/\/noticiasmercedinas.com\/site\/wp-content\/uploads\/2022\/12\/WhatsApp-Image-2022-12-01-at-10.27.30-AM.jpeg","width":1600,"height":758},{"@type":"BreadcrumbList","@id":"https:\/\/noticiasmercedinas.com\/site\/2022\/12\/01\/proteccion-civil-intensa-actividad-por-la-tormenta\/#breadcrumb","itemListElement":[{"@type":"ListItem","position":1,"name":"Portada","item":"https:\/\/noticiasmercedinas.com\/site\/"},{"@type":"ListItem","position":2,"name":"Protecci\u00f3n Civil: intensa actividad por la tormenta"}]},{"@type":"WebSite","@id":"https:\/\/noticiasmercedinas.com\/site\/#website","url":"https:\/\/noticiasmercedinas.com\/site\/","name":"NOTICIASMERCEDINAS.COM","description":"Mercedes, Buenos Aires, Argentina","publisher":{"@id":"https:\/\/noticiasmercedinas.com\/site\/#organization"},"potentialAction":[{"@type":"SearchAction","target":{"@type":"EntryPoint","urlTemplate":"https:\/\/noticiasmercedinas.com\/site\/?s={search_term_string}"},"query-input":{"@type":"PropertyValueSpecification","valueRequired":true,"valueName":"search_term_string"}}],"inLanguage":"es"},{"@type":"Organization","@id":"https:\/\/noticiasmercedinas.com\/site\/#organization","name":"NOTICIASMERCEDINAS.COM","url":"https:\/\/noticiasmercedinas.com\/site\/","logo":{"@type":"ImageObject","inLanguage":"es","@id":"https:\/\/noticiasmercedinas.com\/site\/#\/schema\/logo\/image\/","url":"https:\/\/noticiasmercedinas.com\/site\/wp-content\/uploads\/2020\/06\/LOGO-512.jpg","contentUrl":"https:\/\/noticiasmercedinas.com\/site\/wp-content\/uploads\/2020\/06\/LOGO-512.jpg","width":512,"height":512,"caption":"NOTICIASMERCEDINAS.COM"},"image":{"@id":"https:\/\/noticiasmercedinas.com\/site\/#\/schema\/logo\/image\/"},"sameAs":["https:\/\/www.facebook.com\/noticiasmercedinas\/","https:\/\/x.com\/notmercedinas","https:\/\/www.instagram.com\/noticiasmercedinas\/"]},{"@type":"Person","@id":"https:\/\/noticiasmercedinas.com\/site\/#\/schema\/person\/84b59c099c28ff2e8b77d4ceec5d8063","name":"NOTICIASMERCEDINAS.COM","image":{"@type":"ImageObject","inLanguage":"es","@id":"https:\/\/secure.gravatar.com\/avatar\/4dfbf16b4d17945bfb6341b2d19043457132fcf478a5ee04f42e959fd8f5df0a?s=96&d=mm&r=g","url":"https:\/\/secure.gravatar.com\/avatar\/4dfbf16b4d17945bfb6341b2d19043457132fcf478a5ee04f42e959fd8f5df0a?s=96&d=mm&r=g","contentUrl":"https:\/\/secure.gravatar.com\/avatar\/4dfbf16b4d17945bfb6341b2d19043457132fcf478a5ee04f42e959fd8f5df0a?s=96&d=mm&r=g","caption":"NOTICIASMERCEDINAS.COM"},"url":"https:\/\/noticiasmercedinas.com\/site\/author\/anonimo\/"}]}},"amp_enabled":true,"_links":{"self":[{"href":"https:\/\/noticiasmercedinas.com\/site\/wp-json\/wp\/v2\/posts\/105650","targetHints":{"allow":["GET"]}}],"collection":[{"href":"https:\/\/noticiasmercedinas.com\/site\/wp-json\/wp\/v2\/posts"}],"about":[{"href":"https:\/\/noticiasmercedinas.com\/site\/wp-json\/wp\/v2\/types\/post"}],"author":[{"embeddable":true,"href":"https:\/\/noticiasmercedinas.com\/site\/wp-json\/wp\/v2\/users\/16"}],"replies":[{"embeddable":true,"href":"https:\/\/noticiasmercedinas.com\/site\/wp-json\/wp\/v2\/comments?post=105650"}],"version-history":[{"count":1,"href":"https:\/\/noticiasmercedinas.com\/site\/wp-json\/wp\/v2\/posts\/105650\/revisions"}],"predecessor-version":[{"id":105653,"href":"https:\/\/noticiasmercedinas.com\/site\/wp-json\/wp\/v2\/posts\/105650\/revisions\/105653"}],"wp:featuredmedia":[{"embeddable":true,"href":"https:\/\/noticiasmercedinas.com\/site\/wp-json\/wp\/v2\/media\/105652"}],"wp:attachment":[{"href":"https:\/\/noticiasmercedinas.com\/site\/wp-json\/wp\/v2\/media?parent=105650"}],"wp:term":[{"taxonomy":"category","embeddable":true,"href":"https:\/\/noticiasmercedinas.com\/site\/wp-json\/wp\/v2\/categories?post=105650"},{"taxonomy":"post_tag","embeddable":true,"href":"https:\/\/noticiasmercedinas.com\/site\/wp-json\/wp\/v2\/tags?post=105650"}],"curies":[{"name":"wp","href":"https:\/\/api.w.org\/{rel}","templated":true}]}}