{"id":105719,"date":"2022-12-02T10:03:26","date_gmt":"2022-12-02T13:03:26","guid":{"rendered":"https:\/\/noticiasmercedinas.com\/site\/?p=105719"},"modified":"2022-12-02T10:03:26","modified_gmt":"2022-12-02T13:03:26","slug":"nicolas-kreplak-se-incrementaron-los-casos-pero-no-hay-aumento-de-internaciones","status":"publish","type":"post","link":"https:\/\/noticiasmercedinas.com\/site\/2022\/12\/02\/nicolas-kreplak-se-incrementaron-los-casos-pero-no-hay-aumento-de-internaciones\/","title":{"rendered":"Nicol\u00e1s Kreplak: \u00abSe incrementaron los casos pero no hay aumento de internaciones\u00bb"},"content":{"rendered":"<p><img loading=\"lazy\" decoding=\"async\" class=\"alignnone size-large wp-image-75382\" src=\"https:\/\/noticiasmercedinas.com\/site\/wp-content\/uploads\/2021\/09\/nicolas-kreplak-1024x576.jpg\" alt=\"\" width=\"640\" height=\"360\" srcset=\"https:\/\/noticiasmercedinas.com\/site\/wp-content\/uploads\/2021\/09\/nicolas-kreplak-1024x576.jpg 1024w, https:\/\/noticiasmercedinas.com\/site\/wp-content\/uploads\/2021\/09\/nicolas-kreplak-300x169.jpg 300w, https:\/\/noticiasmercedinas.com\/site\/wp-content\/uploads\/2021\/09\/nicolas-kreplak-768x432.jpg 768w, https:\/\/noticiasmercedinas.com\/site\/wp-content\/uploads\/2021\/09\/nicolas-kreplak-640x360.jpg 640w, https:\/\/noticiasmercedinas.com\/site\/wp-content\/uploads\/2021\/09\/nicolas-kreplak-681x383.jpg 681w, https:\/\/noticiasmercedinas.com\/site\/wp-content\/uploads\/2021\/09\/nicolas-kreplak.jpg 1200w\" sizes=\"auto, (max-width: 640px) 100vw, 640px\" \/><\/p>\n<p>En declaraciones a<em> La Mecha<\/em>, por <em>Radio Provincia<\/em>, el ministro <strong>Nicol\u00e1s Kreplak<\/strong> indic\u00f3 que \u201cdesde hace un mes los casos vienen aumentando en todo el mundo\u201d a partir de las variantes nuevas, lo que repercuti\u00f3 \u201cen nuestro pa\u00eds desde hace una semana\u201d.<\/p>\n<p>El funcionario aclar\u00f3 que se trata de \u00abconsultas ambulatorias, pacientes que se acercan con cuadros tipo gripales y algo de fiebre, pero no es necesario testearlos a todos\u201d. Adem\u00e1s, sostuvo que \u201cen las unidades Centinelas de monitoreo epidemiol\u00f3gico hacemos un muestreo y vemos que los casos se incrementaron aunque no hay aumento de internaciones\u00bb.<\/p>\n<p>No obstante, Kreplak resalt\u00f3 la necesidad de completar el esquema de inmunizaci\u00f3n y record\u00f3 que \u00abla vacuna es libre y federal\u201d, por lo que \u201cse puede aplicar en cualquier jurisdicci\u00f3n sin turno\u201d. Asimismo, agreg\u00f3 que \u201ces importante que las personas mayores de 50 a\u00f1os se vacunen con la dosis extra porque reduce el riesgo de internacional y casos graves\u00bb.<\/p>\n<p>El Ministro explic\u00f3 que \u00abhay que tener la idea de cuidado\u201d porque \u201csabemos que est\u00e1 circulando una enfermedad viral y que se puede contagiar a muchas personas\u201d. En tanto, resalt\u00f3 que \u201csi una persona se siente enferma, no debe ir a trabajar o a la escuela, y si estamos en lugares cerrados es recomendable el uso del barbijo y la ventilaci\u00f3n, aunque no va a ser obligatorio por el momento\u00bb.<\/p>\n<p>Por \u00faltimo, destac\u00f3 que durante la temporada estival se realizar\u00e1 \u201cuna campa\u00f1a que se sumar\u00e1 al Operativo Sol, con m\u00e1s de 50 postas de prevenci\u00f3n y promoci\u00f3n de la salud, que estar\u00e1n distribuidas en los principales centros tur\u00edsticos de la costa bonaerense para estar cerca con informaci\u00f3n y orientaci\u00f3n\u201d.<\/p>\n","protected":false},"excerpt":{"rendered":"<p>\u25a0 El ministro de Salud bonaerense pidi\u00f3 mantener \u201cla idea de cuidado\u201d y adem\u00e1s recomend\u00f3 completar el esquema de vacunaci\u00f3n.<\/p>\n","protected":false},"author":16,"featured_media":75382,"comment_status":"open","ping_status":"open","sticky":false,"template":"","format":"standard","meta":{"footnotes":""},"categories":[10],"tags":[8392,8138],"class_list":["post-105719","post","type-post","status-publish","format-standard","has-post-thumbnail","hentry","category-especiales","tag-coronavirus","tag-nicolas-kreplak"],"yoast_head":"<!-- This site is optimized with the Yoast SEO plugin v27.5 - https:\/\/yoast.com\/product\/yoast-seo-wordpress\/ -->\n<title>Nicol\u00e1s Kreplak: &quot;Se incrementaron los casos pero no hay aumento de internaciones&quot;<\/title>\n<meta name=\"robots\" content=\"index, follow, max-snippet:-1, max-image-preview:large, max-video-preview:-1\" \/>\n<link rel=\"canonical\" href=\"https:\/\/noticiasmercedinas.com\/site\/2022\/12\/02\/nicolas-kreplak-se-incrementaron-los-casos-pero-no-hay-aumento-de-internaciones\/\" \/>\n<meta property=\"og:locale\" content=\"es_ES\" \/>\n<meta property=\"og:type\" content=\"article\" \/>\n<meta property=\"og:title\" content=\"Nicol\u00e1s Kreplak: &quot;Se incrementaron los casos pero no hay aumento de internaciones&quot;\" \/>\n<meta property=\"og:description\" content=\"\u25a0 El ministro de Salud bonaerense pidi\u00f3 mantener \u201cla idea de cuidado\u201d y adem\u00e1s recomend\u00f3 completar el esquema de vacunaci\u00f3n.\" \/>\n<meta property=\"og:url\" content=\"https:\/\/noticiasmercedinas.com\/site\/2022\/12\/02\/nicolas-kreplak-se-incrementaron-los-casos-pero-no-hay-aumento-de-internaciones\/\" \/>\n<meta property=\"og:site_name\" content=\"NOTICIASMERCEDINAS.COM\" \/>\n<meta property=\"article:publisher\" content=\"https:\/\/www.facebook.com\/noticiasmercedinas\/\" \/>\n<meta property=\"article:published_time\" content=\"2022-12-02T13:03:26+00:00\" \/>\n<meta property=\"og:image\" content=\"https:\/\/noticiasmercedinas.com\/site\/wp-content\/uploads\/2021\/09\/nicolas-kreplak.jpg\" \/>\n\t<meta property=\"og:image:width\" content=\"1200\" \/>\n\t<meta property=\"og:image:height\" content=\"675\" \/>\n\t<meta property=\"og:image:type\" content=\"image\/jpeg\" \/>\n<meta name=\"author\" content=\"NOTICIASMERCEDINAS.COM\" \/>\n<meta name=\"twitter:card\" content=\"summary_large_image\" \/>\n<meta name=\"twitter:creator\" content=\"@notmercedinas\" \/>\n<meta name=\"twitter:site\" content=\"@notmercedinas\" \/>\n<meta name=\"twitter:label1\" content=\"Escrito por\" \/>\n\t<meta name=\"twitter:data1\" content=\"NOTICIASMERCEDINAS.COM\" \/>\n\t<meta name=\"twitter:label2\" content=\"Tiempo de lectura\" \/>\n\t<meta name=\"twitter:data2\" content=\"2 minutos\" \/>\n<script type=\"application\/ld+json\" class=\"yoast-schema-graph\">{\"@context\":\"https:\\\/\\\/schema.org\",\"@graph\":[{\"@type\":\"Article\",\"@id\":\"https:\\\/\\\/noticiasmercedinas.com\\\/site\\\/2022\\\/12\\\/02\\\/nicolas-kreplak-se-incrementaron-los-casos-pero-no-hay-aumento-de-internaciones\\\/#article\",\"isPartOf\":{\"@id\":\"https:\\\/\\\/noticiasmercedinas.com\\\/site\\\/2022\\\/12\\\/02\\\/nicolas-kreplak-se-incrementaron-los-casos-pero-no-hay-aumento-de-internaciones\\\/\"},\"author\":{\"name\":\"NOTICIASMERCEDINAS.COM\",\"@id\":\"https:\\\/\\\/noticiasmercedinas.com\\\/site\\\/#\\\/schema\\\/person\\\/84b59c099c28ff2e8b77d4ceec5d8063\"},\"headline\":\"Nicol\u00e1s Kreplak: \u00abSe incrementaron los casos pero no hay aumento de internaciones\u00bb\",\"datePublished\":\"2022-12-02T13:03:26+00:00\",\"mainEntityOfPage\":{\"@id\":\"https:\\\/\\\/noticiasmercedinas.com\\\/site\\\/2022\\\/12\\\/02\\\/nicolas-kreplak-se-incrementaron-los-casos-pero-no-hay-aumento-de-internaciones\\\/\"},\"wordCount\":301,\"commentCount\":0,\"publisher\":{\"@id\":\"https:\\\/\\\/noticiasmercedinas.com\\\/site\\\/#organization\"},\"image\":{\"@id\":\"https:\\\/\\\/noticiasmercedinas.com\\\/site\\\/2022\\\/12\\\/02\\\/nicolas-kreplak-se-incrementaron-los-casos-pero-no-hay-aumento-de-internaciones\\\/#primaryimage\"},\"thumbnailUrl\":\"https:\\\/\\\/noticiasmercedinas.com\\\/site\\\/wp-content\\\/uploads\\\/2021\\\/09\\\/nicolas-kreplak.jpg\",\"keywords\":[\"coronavirus\",\"Nicol\u00e1s Kreplak\"],\"articleSection\":[\"Covid-19\"],\"inLanguage\":\"es\",\"potentialAction\":[{\"@type\":\"CommentAction\",\"name\":\"Comment\",\"target\":[\"https:\\\/\\\/noticiasmercedinas.com\\\/site\\\/2022\\\/12\\\/02\\\/nicolas-kreplak-se-incrementaron-los-casos-pero-no-hay-aumento-de-internaciones\\\/#respond\"]}]},{\"@type\":\"WebPage\",\"@id\":\"https:\\\/\\\/noticiasmercedinas.com\\\/site\\\/2022\\\/12\\\/02\\\/nicolas-kreplak-se-incrementaron-los-casos-pero-no-hay-aumento-de-internaciones\\\/\",\"url\":\"https:\\\/\\\/noticiasmercedinas.com\\\/site\\\/2022\\\/12\\\/02\\\/nicolas-kreplak-se-incrementaron-los-casos-pero-no-hay-aumento-de-internaciones\\\/\",\"name\":\"Nicol\u00e1s Kreplak: \\\"Se incrementaron los casos pero no hay aumento de internaciones\\\"\",\"isPartOf\":{\"@id\":\"https:\\\/\\\/noticiasmercedinas.com\\\/site\\\/#website\"},\"primaryImageOfPage\":{\"@id\":\"https:\\\/\\\/noticiasmercedinas.com\\\/site\\\/2022\\\/12\\\/02\\\/nicolas-kreplak-se-incrementaron-los-casos-pero-no-hay-aumento-de-internaciones\\\/#primaryimage\"},\"image\":{\"@id\":\"https:\\\/\\\/noticiasmercedinas.com\\\/site\\\/2022\\\/12\\\/02\\\/nicolas-kreplak-se-incrementaron-los-casos-pero-no-hay-aumento-de-internaciones\\\/#primaryimage\"},\"thumbnailUrl\":\"https:\\\/\\\/noticiasmercedinas.com\\\/site\\\/wp-content\\\/uploads\\\/2021\\\/09\\\/nicolas-kreplak.jpg\",\"datePublished\":\"2022-12-02T13:03:26+00:00\",\"breadcrumb\":{\"@id\":\"https:\\\/\\\/noticiasmercedinas.com\\\/site\\\/2022\\\/12\\\/02\\\/nicolas-kreplak-se-incrementaron-los-casos-pero-no-hay-aumento-de-internaciones\\\/#breadcrumb\"},\"inLanguage\":\"es\",\"potentialAction\":[{\"@type\":\"ReadAction\",\"target\":[\"https:\\\/\\\/noticiasmercedinas.com\\\/site\\\/2022\\\/12\\\/02\\\/nicolas-kreplak-se-incrementaron-los-casos-pero-no-hay-aumento-de-internaciones\\\/\"]}]},{\"@type\":\"ImageObject\",\"inLanguage\":\"es\",\"@id\":\"https:\\\/\\\/noticiasmercedinas.com\\\/site\\\/2022\\\/12\\\/02\\\/nicolas-kreplak-se-incrementaron-los-casos-pero-no-hay-aumento-de-internaciones\\\/#primaryimage\",\"url\":\"https:\\\/\\\/noticiasmercedinas.com\\\/site\\\/wp-content\\\/uploads\\\/2021\\\/09\\\/nicolas-kreplak.jpg\",\"contentUrl\":\"https:\\\/\\\/noticiasmercedinas.com\\\/site\\\/wp-content\\\/uploads\\\/2021\\\/09\\\/nicolas-kreplak.jpg\",\"width\":1200,\"height\":675},{\"@type\":\"BreadcrumbList\",\"@id\":\"https:\\\/\\\/noticiasmercedinas.com\\\/site\\\/2022\\\/12\\\/02\\\/nicolas-kreplak-se-incrementaron-los-casos-pero-no-hay-aumento-de-internaciones\\\/#breadcrumb\",\"itemListElement\":[{\"@type\":\"ListItem\",\"position\":1,\"name\":\"Portada\",\"item\":\"https:\\\/\\\/noticiasmercedinas.com\\\/site\\\/\"},{\"@type\":\"ListItem\",\"position\":2,\"name\":\"Nicol\u00e1s Kreplak: \u00abSe incrementaron los casos pero no hay aumento de internaciones\u00bb\"}]},{\"@type\":\"WebSite\",\"@id\":\"https:\\\/\\\/noticiasmercedinas.com\\\/site\\\/#website\",\"url\":\"https:\\\/\\\/noticiasmercedinas.com\\\/site\\\/\",\"name\":\"NOTICIASMERCEDINAS.COM\",\"description\":\"Mercedes, Buenos Aires, Argentina\",\"publisher\":{\"@id\":\"https:\\\/\\\/noticiasmercedinas.com\\\/site\\\/#organization\"},\"potentialAction\":[{\"@type\":\"SearchAction\",\"target\":{\"@type\":\"EntryPoint\",\"urlTemplate\":\"https:\\\/\\\/noticiasmercedinas.com\\\/site\\\/?s={search_term_string}\"},\"query-input\":{\"@type\":\"PropertyValueSpecification\",\"valueRequired\":true,\"valueName\":\"search_term_string\"}}],\"inLanguage\":\"es\"},{\"@type\":\"Organization\",\"@id\":\"https:\\\/\\\/noticiasmercedinas.com\\\/site\\\/#organization\",\"name\":\"NOTICIASMERCEDINAS.COM\",\"url\":\"https:\\\/\\\/noticiasmercedinas.com\\\/site\\\/\",\"logo\":{\"@type\":\"ImageObject\",\"inLanguage\":\"es\",\"@id\":\"https:\\\/\\\/noticiasmercedinas.com\\\/site\\\/#\\\/schema\\\/logo\\\/image\\\/\",\"url\":\"https:\\\/\\\/noticiasmercedinas.com\\\/site\\\/wp-content\\\/uploads\\\/2020\\\/06\\\/LOGO-512.jpg\",\"contentUrl\":\"https:\\\/\\\/noticiasmercedinas.com\\\/site\\\/wp-content\\\/uploads\\\/2020\\\/06\\\/LOGO-512.jpg\",\"width\":512,\"height\":512,\"caption\":\"NOTICIASMERCEDINAS.COM\"},\"image\":{\"@id\":\"https:\\\/\\\/noticiasmercedinas.com\\\/site\\\/#\\\/schema\\\/logo\\\/image\\\/\"},\"sameAs\":[\"https:\\\/\\\/www.facebook.com\\\/noticiasmercedinas\\\/\",\"https:\\\/\\\/x.com\\\/notmercedinas\",\"https:\\\/\\\/www.instagram.com\\\/noticiasmercedinas\\\/\"]},{\"@type\":\"Person\",\"@id\":\"https:\\\/\\\/noticiasmercedinas.com\\\/site\\\/#\\\/schema\\\/person\\\/84b59c099c28ff2e8b77d4ceec5d8063\",\"name\":\"NOTICIASMERCEDINAS.COM\",\"image\":{\"@type\":\"ImageObject\",\"inLanguage\":\"es\",\"@id\":\"https:\\\/\\\/secure.gravatar.com\\\/avatar\\\/4dfbf16b4d17945bfb6341b2d19043457132fcf478a5ee04f42e959fd8f5df0a?s=96&d=mm&r=g\",\"url\":\"https:\\\/\\\/secure.gravatar.com\\\/avatar\\\/4dfbf16b4d17945bfb6341b2d19043457132fcf478a5ee04f42e959fd8f5df0a?s=96&d=mm&r=g\",\"contentUrl\":\"https:\\\/\\\/secure.gravatar.com\\\/avatar\\\/4dfbf16b4d17945bfb6341b2d19043457132fcf478a5ee04f42e959fd8f5df0a?s=96&d=mm&r=g\",\"caption\":\"NOTICIASMERCEDINAS.COM\"},\"url\":\"https:\\\/\\\/noticiasmercedinas.com\\\/site\\\/author\\\/anonimo\\\/\"}]}<\/script>\n<!-- \/ Yoast SEO plugin. -->","yoast_head_json":{"title":"Nicol\u00e1s Kreplak: \"Se incrementaron los casos pero no hay aumento de internaciones\"","robots":{"index":"index","follow":"follow","max-snippet":"max-snippet:-1","max-image-preview":"max-image-preview:large","max-video-preview":"max-video-preview:-1"},"canonical":"https:\/\/noticiasmercedinas.com\/site\/2022\/12\/02\/nicolas-kreplak-se-incrementaron-los-casos-pero-no-hay-aumento-de-internaciones\/","og_locale":"es_ES","og_type":"article","og_title":"Nicol\u00e1s Kreplak: \"Se incrementaron los casos pero no hay aumento de internaciones\"","og_description":"\u25a0 El ministro de Salud bonaerense pidi\u00f3 mantener \u201cla idea de cuidado\u201d y adem\u00e1s recomend\u00f3 completar el esquema de vacunaci\u00f3n.","og_url":"https:\/\/noticiasmercedinas.com\/site\/2022\/12\/02\/nicolas-kreplak-se-incrementaron-los-casos-pero-no-hay-aumento-de-internaciones\/","og_site_name":"NOTICIASMERCEDINAS.COM","article_publisher":"https:\/\/www.facebook.com\/noticiasmercedinas\/","article_published_time":"2022-12-02T13:03:26+00:00","og_image":[{"width":1200,"height":675,"url":"https:\/\/noticiasmercedinas.com\/site\/wp-content\/uploads\/2021\/09\/nicolas-kreplak.jpg","type":"image\/jpeg"}],"author":"NOTICIASMERCEDINAS.COM","twitter_card":"summary_large_image","twitter_creator":"@notmercedinas","twitter_site":"@notmercedinas","twitter_misc":{"Escrito por":"NOTICIASMERCEDINAS.COM","Tiempo de lectura":"2 minutos"},"schema":{"@context":"https:\/\/schema.org","@graph":[{"@type":"Article","@id":"https:\/\/noticiasmercedinas.com\/site\/2022\/12\/02\/nicolas-kreplak-se-incrementaron-los-casos-pero-no-hay-aumento-de-internaciones\/#article","isPartOf":{"@id":"https:\/\/noticiasmercedinas.com\/site\/2022\/12\/02\/nicolas-kreplak-se-incrementaron-los-casos-pero-no-hay-aumento-de-internaciones\/"},"author":{"name":"NOTICIASMERCEDINAS.COM","@id":"https:\/\/noticiasmercedinas.com\/site\/#\/schema\/person\/84b59c099c28ff2e8b77d4ceec5d8063"},"headline":"Nicol\u00e1s Kreplak: \u00abSe incrementaron los casos pero no hay aumento de internaciones\u00bb","datePublished":"2022-12-02T13:03:26+00:00","mainEntityOfPage":{"@id":"https:\/\/noticiasmercedinas.com\/site\/2022\/12\/02\/nicolas-kreplak-se-incrementaron-los-casos-pero-no-hay-aumento-de-internaciones\/"},"wordCount":301,"commentCount":0,"publisher":{"@id":"https:\/\/noticiasmercedinas.com\/site\/#organization"},"image":{"@id":"https:\/\/noticiasmercedinas.com\/site\/2022\/12\/02\/nicolas-kreplak-se-incrementaron-los-casos-pero-no-hay-aumento-de-internaciones\/#primaryimage"},"thumbnailUrl":"https:\/\/noticiasmercedinas.com\/site\/wp-content\/uploads\/2021\/09\/nicolas-kreplak.jpg","keywords":["coronavirus","Nicol\u00e1s Kreplak"],"articleSection":["Covid-19"],"inLanguage":"es","potentialAction":[{"@type":"CommentAction","name":"Comment","target":["https:\/\/noticiasmercedinas.com\/site\/2022\/12\/02\/nicolas-kreplak-se-incrementaron-los-casos-pero-no-hay-aumento-de-internaciones\/#respond"]}]},{"@type":"WebPage","@id":"https:\/\/noticiasmercedinas.com\/site\/2022\/12\/02\/nicolas-kreplak-se-incrementaron-los-casos-pero-no-hay-aumento-de-internaciones\/","url":"https:\/\/noticiasmercedinas.com\/site\/2022\/12\/02\/nicolas-kreplak-se-incrementaron-los-casos-pero-no-hay-aumento-de-internaciones\/","name":"Nicol\u00e1s Kreplak: \"Se incrementaron los casos pero no hay aumento de internaciones\"","isPartOf":{"@id":"https:\/\/noticiasmercedinas.com\/site\/#website"},"primaryImageOfPage":{"@id":"https:\/\/noticiasmercedinas.com\/site\/2022\/12\/02\/nicolas-kreplak-se-incrementaron-los-casos-pero-no-hay-aumento-de-internaciones\/#primaryimage"},"image":{"@id":"https:\/\/noticiasmercedinas.com\/site\/2022\/12\/02\/nicolas-kreplak-se-incrementaron-los-casos-pero-no-hay-aumento-de-internaciones\/#primaryimage"},"thumbnailUrl":"https:\/\/noticiasmercedinas.com\/site\/wp-content\/uploads\/2021\/09\/nicolas-kreplak.jpg","datePublished":"2022-12-02T13:03:26+00:00","breadcrumb":{"@id":"https:\/\/noticiasmercedinas.com\/site\/2022\/12\/02\/nicolas-kreplak-se-incrementaron-los-casos-pero-no-hay-aumento-de-internaciones\/#breadcrumb"},"inLanguage":"es","potentialAction":[{"@type":"ReadAction","target":["https:\/\/noticiasmercedinas.com\/site\/2022\/12\/02\/nicolas-kreplak-se-incrementaron-los-casos-pero-no-hay-aumento-de-internaciones\/"]}]},{"@type":"ImageObject","inLanguage":"es","@id":"https:\/\/noticiasmercedinas.com\/site\/2022\/12\/02\/nicolas-kreplak-se-incrementaron-los-casos-pero-no-hay-aumento-de-internaciones\/#primaryimage","url":"https:\/\/noticiasmercedinas.com\/site\/wp-content\/uploads\/2021\/09\/nicolas-kreplak.jpg","contentUrl":"https:\/\/noticiasmercedinas.com\/site\/wp-content\/uploads\/2021\/09\/nicolas-kreplak.jpg","width":1200,"height":675},{"@type":"BreadcrumbList","@id":"https:\/\/noticiasmercedinas.com\/site\/2022\/12\/02\/nicolas-kreplak-se-incrementaron-los-casos-pero-no-hay-aumento-de-internaciones\/#breadcrumb","itemListElement":[{"@type":"ListItem","position":1,"name":"Portada","item":"https:\/\/noticiasmercedinas.com\/site\/"},{"@type":"ListItem","position":2,"name":"Nicol\u00e1s Kreplak: \u00abSe incrementaron los casos pero no hay aumento de internaciones\u00bb"}]},{"@type":"WebSite","@id":"https:\/\/noticiasmercedinas.com\/site\/#website","url":"https:\/\/noticiasmercedinas.com\/site\/","name":"NOTICIASMERCEDINAS.COM","description":"Mercedes, Buenos Aires, Argentina","publisher":{"@id":"https:\/\/noticiasmercedinas.com\/site\/#organization"},"potentialAction":[{"@type":"SearchAction","target":{"@type":"EntryPoint","urlTemplate":"https:\/\/noticiasmercedinas.com\/site\/?s={search_term_string}"},"query-input":{"@type":"PropertyValueSpecification","valueRequired":true,"valueName":"search_term_string"}}],"inLanguage":"es"},{"@type":"Organization","@id":"https:\/\/noticiasmercedinas.com\/site\/#organization","name":"NOTICIASMERCEDINAS.COM","url":"https:\/\/noticiasmercedinas.com\/site\/","logo":{"@type":"ImageObject","inLanguage":"es","@id":"https:\/\/noticiasmercedinas.com\/site\/#\/schema\/logo\/image\/","url":"https:\/\/noticiasmercedinas.com\/site\/wp-content\/uploads\/2020\/06\/LOGO-512.jpg","contentUrl":"https:\/\/noticiasmercedinas.com\/site\/wp-content\/uploads\/2020\/06\/LOGO-512.jpg","width":512,"height":512,"caption":"NOTICIASMERCEDINAS.COM"},"image":{"@id":"https:\/\/noticiasmercedinas.com\/site\/#\/schema\/logo\/image\/"},"sameAs":["https:\/\/www.facebook.com\/noticiasmercedinas\/","https:\/\/x.com\/notmercedinas","https:\/\/www.instagram.com\/noticiasmercedinas\/"]},{"@type":"Person","@id":"https:\/\/noticiasmercedinas.com\/site\/#\/schema\/person\/84b59c099c28ff2e8b77d4ceec5d8063","name":"NOTICIASMERCEDINAS.COM","image":{"@type":"ImageObject","inLanguage":"es","@id":"https:\/\/secure.gravatar.com\/avatar\/4dfbf16b4d17945bfb6341b2d19043457132fcf478a5ee04f42e959fd8f5df0a?s=96&d=mm&r=g","url":"https:\/\/secure.gravatar.com\/avatar\/4dfbf16b4d17945bfb6341b2d19043457132fcf478a5ee04f42e959fd8f5df0a?s=96&d=mm&r=g","contentUrl":"https:\/\/secure.gravatar.com\/avatar\/4dfbf16b4d17945bfb6341b2d19043457132fcf478a5ee04f42e959fd8f5df0a?s=96&d=mm&r=g","caption":"NOTICIASMERCEDINAS.COM"},"url":"https:\/\/noticiasmercedinas.com\/site\/author\/anonimo\/"}]}},"amp_enabled":true,"_links":{"self":[{"href":"https:\/\/noticiasmercedinas.com\/site\/wp-json\/wp\/v2\/posts\/105719","targetHints":{"allow":["GET"]}}],"collection":[{"href":"https:\/\/noticiasmercedinas.com\/site\/wp-json\/wp\/v2\/posts"}],"about":[{"href":"https:\/\/noticiasmercedinas.com\/site\/wp-json\/wp\/v2\/types\/post"}],"author":[{"embeddable":true,"href":"https:\/\/noticiasmercedinas.com\/site\/wp-json\/wp\/v2\/users\/16"}],"replies":[{"embeddable":true,"href":"https:\/\/noticiasmercedinas.com\/site\/wp-json\/wp\/v2\/comments?post=105719"}],"version-history":[{"count":1,"href":"https:\/\/noticiasmercedinas.com\/site\/wp-json\/wp\/v2\/posts\/105719\/revisions"}],"predecessor-version":[{"id":105720,"href":"https:\/\/noticiasmercedinas.com\/site\/wp-json\/wp\/v2\/posts\/105719\/revisions\/105720"}],"wp:featuredmedia":[{"embeddable":true,"href":"https:\/\/noticiasmercedinas.com\/site\/wp-json\/wp\/v2\/media\/75382"}],"wp:attachment":[{"href":"https:\/\/noticiasmercedinas.com\/site\/wp-json\/wp\/v2\/media?parent=105719"}],"wp:term":[{"taxonomy":"category","embeddable":true,"href":"https:\/\/noticiasmercedinas.com\/site\/wp-json\/wp\/v2\/categories?post=105719"},{"taxonomy":"post_tag","embeddable":true,"href":"https:\/\/noticiasmercedinas.com\/site\/wp-json\/wp\/v2\/tags?post=105719"}],"curies":[{"name":"wp","href":"https:\/\/api.w.org\/{rel}","templated":true}]}}