{"id":105721,"date":"2022-12-02T10:10:13","date_gmt":"2022-12-02T13:10:13","guid":{"rendered":"https:\/\/noticiasmercedinas.com\/site\/?p=105721"},"modified":"2022-12-02T10:10:13","modified_gmt":"2022-12-02T13:10:13","slug":"mucha-actividad-de-nadadores-de-cumelen-se-viene-la-colonia-y-mas","status":"publish","type":"post","link":"https:\/\/noticiasmercedinas.com\/site\/2022\/12\/02\/mucha-actividad-de-nadadores-de-cumelen-se-viene-la-colonia-y-mas\/","title":{"rendered":"Mucha actividad de nadadores de Cumel\u00e9n, se viene la Colonia y m\u00e1s"},"content":{"rendered":"<p><img loading=\"lazy\" decoding=\"async\" class=\"alignnone size-large wp-image-105722\" src=\"https:\/\/noticiasmercedinas.com\/site\/wp-content\/uploads\/2022\/12\/80e93d56-6d54-4bcb-9151-240611bf6ef2-e1669986437577-1024x652.jpg\" alt=\"\" width=\"640\" height=\"408\" srcset=\"https:\/\/noticiasmercedinas.com\/site\/wp-content\/uploads\/2022\/12\/80e93d56-6d54-4bcb-9151-240611bf6ef2-e1669986437577-1024x652.jpg 1024w, https:\/\/noticiasmercedinas.com\/site\/wp-content\/uploads\/2022\/12\/80e93d56-6d54-4bcb-9151-240611bf6ef2-e1669986437577-300x191.jpg 300w, https:\/\/noticiasmercedinas.com\/site\/wp-content\/uploads\/2022\/12\/80e93d56-6d54-4bcb-9151-240611bf6ef2-e1669986437577-768x489.jpg 768w, https:\/\/noticiasmercedinas.com\/site\/wp-content\/uploads\/2022\/12\/80e93d56-6d54-4bcb-9151-240611bf6ef2-e1669986437577-640x408.jpg 640w, https:\/\/noticiasmercedinas.com\/site\/wp-content\/uploads\/2022\/12\/80e93d56-6d54-4bcb-9151-240611bf6ef2-e1669986437577-681x434.jpg 681w, https:\/\/noticiasmercedinas.com\/site\/wp-content\/uploads\/2022\/12\/80e93d56-6d54-4bcb-9151-240611bf6ef2-e1669986437577.jpg 1080w\" sizes=\"auto, (max-width: 640px) 100vw, 640px\" \/><\/p>\n<p>Anticipando una temporada de verano que se viene con todo en Cumel\u00e9n, hubo varias actividades por estos d\u00edas en torno a la nataci\u00f3n y se conocieron novedades sobre lo que vendr\u00e1.<\/p>\n<p>El s\u00e1bado y tal cual se coment\u00f3 desde Cumel\u00e9n participaron de un torneo en Suipacha. En la vecina ciudad estuvieron los nadadores en la Posta Americana, en competencia, y el domingo estuvieron en una carrera de aguas abiertas en Hudson Wakeboard Club con 23 nadadores que tuvieron participaci\u00f3n y tambi\u00e9n fueron de la partida en 1500 metros en algunos casos, de los cuales 5 trajeron podios, con segundos y terceros puestos.<\/p>\n<p>\u201cLa cantidad de nadadores que pudimos llevar fue muy importante. Muchos hicieron su primera carrera y tuvieron el acompa\u00f1amiento del staff completo de profesores, para darles fuerza como equipo\u201d, coment\u00f3 Mart\u00edn Bondanza, quien es uno de los coordinadores del centro Cumel\u00e9n y se destaca por su gran responsabilidad y compromiso.<\/p>\n<p><img loading=\"lazy\" decoding=\"async\" class=\"alignnone size-large wp-image-105723\" src=\"https:\/\/noticiasmercedinas.com\/site\/wp-content\/uploads\/2022\/12\/2b649f3c-a719-4173-ba1b-78ae3bdea002-1024x1024.jpg\" alt=\"\" width=\"640\" height=\"640\" srcset=\"https:\/\/noticiasmercedinas.com\/site\/wp-content\/uploads\/2022\/12\/2b649f3c-a719-4173-ba1b-78ae3bdea002-1024x1024.jpg 1024w, https:\/\/noticiasmercedinas.com\/site\/wp-content\/uploads\/2022\/12\/2b649f3c-a719-4173-ba1b-78ae3bdea002-300x300.jpg 300w, https:\/\/noticiasmercedinas.com\/site\/wp-content\/uploads\/2022\/12\/2b649f3c-a719-4173-ba1b-78ae3bdea002-150x150.jpg 150w, https:\/\/noticiasmercedinas.com\/site\/wp-content\/uploads\/2022\/12\/2b649f3c-a719-4173-ba1b-78ae3bdea002-768x768.jpg 768w, https:\/\/noticiasmercedinas.com\/site\/wp-content\/uploads\/2022\/12\/2b649f3c-a719-4173-ba1b-78ae3bdea002-640x640.jpg 640w, https:\/\/noticiasmercedinas.com\/site\/wp-content\/uploads\/2022\/12\/2b649f3c-a719-4173-ba1b-78ae3bdea002-681x681.jpg 681w, https:\/\/noticiasmercedinas.com\/site\/wp-content\/uploads\/2022\/12\/2b649f3c-a719-4173-ba1b-78ae3bdea002.jpg 1080w\" sizes=\"auto, (max-width: 640px) 100vw, 640px\" \/><\/p>\n<p><strong>Se viene la Colonia y m\u00e1s<\/strong><br \/>\nPor otra parte en Cumel\u00e9n se viene la esperada colonia de vacaciones en el Club Estudiantes con m\u00e1s novedades, talleres y m\u00e1s propuestas. \u00abA partir de la evaluaci\u00f3n de la temporada anterior hemos mejorado la seguridad en cuanto a los ingresos y egresos, y como siempre seguimos apostando a nuevas propuestas pedag\u00f3gicas, que es en lo que mas nos gusta trabajar\u00bb, resalt\u00f3 Bondanza.<\/p>\n<blockquote><p>Se viene la esperada colonia de vacaciones en el Club Estudiantes con m\u00e1s novedades, talleres y m\u00e1s propuestas.<\/p><\/blockquote>\n<p>En tanto, en diciembre, enero y febrero siguen con las clases de adultos, se incorpora el pre curso de guardavidas y se contin\u00faa con las clases de ni\u00f1os de 3 a 15 a\u00f1os. \u201cAdem\u00e1s estamos formando el pre equipo para el a\u00f1o que viene estar en el circuito de torneos CINNE\u201d, indic\u00f3 Bondanza. Tambi\u00e9n se est\u00e1 arreglando para hacer un campamento de torneos CINNE de dos d\u00edas con todos los clubes que integran la federaci\u00f3n en la zona oeste. Esto se har\u00eda en Noelandia y a mediados de enero.<\/p>\n<p>\u201cReafirmamos todo nuestro trabajo, el compromiso con la actividad y tenemos mucho para ofrecer en este mes de diciembre y en la temporada de verano\u201d, complet\u00f3 el responsable de Cumel\u00e9n.<\/p>\n<p><img loading=\"lazy\" decoding=\"async\" class=\"alignnone size-full wp-image-78989\" src=\"https:\/\/noticiasmercedinas.com\/site\/wp-content\/uploads\/2021\/11\/martin_bondanza.jpg\" alt=\"\" width=\"640\" height=\"427\" srcset=\"https:\/\/noticiasmercedinas.com\/site\/wp-content\/uploads\/2021\/11\/martin_bondanza.jpg 640w, https:\/\/noticiasmercedinas.com\/site\/wp-content\/uploads\/2021\/11\/martin_bondanza-300x200.jpg 300w\" sizes=\"auto, (max-width: 640px) 100vw, 640px\" \/><\/p>\n","protected":false},"excerpt":{"rendered":"<p>\u25a0 Estuvieron en una carrera de aguas abiertas en Hudson Wakeboard Club con 23 nadadores y hubo podios. la colonia de vacaciones arranca este mes en el Club Estudiantes, con novedades<\/p>\n","protected":false},"author":16,"featured_media":105722,"comment_status":"open","ping_status":"open","sticky":false,"template":"","format":"standard","meta":{"footnotes":""},"categories":[5],"tags":[2248,2747,271,887],"class_list":["post-105721","post","type-post","status-publish","format-standard","has-post-thumbnail","hentry","category-deportes","tag-aguas-abiertas","tag-colonia-de-vacaciones","tag-cumelen","tag-martin-bondanza"],"yoast_head":"<!-- This site is optimized with the Yoast SEO plugin v27.4 - https:\/\/yoast.com\/product\/yoast-seo-wordpress\/ -->\n<title>Mucha actividad de nadadores de Cumel\u00e9n, se viene la Colonia y m\u00e1s<\/title>\n<meta name=\"robots\" content=\"index, follow, max-snippet:-1, max-image-preview:large, max-video-preview:-1\" \/>\n<link rel=\"canonical\" href=\"https:\/\/noticiasmercedinas.com\/site\/2022\/12\/02\/mucha-actividad-de-nadadores-de-cumelen-se-viene-la-colonia-y-mas\/\" \/>\n<meta property=\"og:locale\" content=\"es_ES\" \/>\n<meta property=\"og:type\" content=\"article\" \/>\n<meta property=\"og:title\" content=\"Mucha actividad de nadadores de Cumel\u00e9n, se viene la Colonia y m\u00e1s\" \/>\n<meta property=\"og:description\" content=\"\u25a0 Estuvieron en una carrera de aguas abiertas en Hudson Wakeboard Club con 23 nadadores y hubo podios. la colonia de vacaciones arranca este mes en el Club Estudiantes, con novedades\" \/>\n<meta property=\"og:url\" content=\"https:\/\/noticiasmercedinas.com\/site\/2022\/12\/02\/mucha-actividad-de-nadadores-de-cumelen-se-viene-la-colonia-y-mas\/\" \/>\n<meta property=\"og:site_name\" content=\"NOTICIASMERCEDINAS.COM\" \/>\n<meta property=\"article:publisher\" content=\"https:\/\/www.facebook.com\/noticiasmercedinas\/\" \/>\n<meta property=\"article:published_time\" content=\"2022-12-02T13:10:13+00:00\" \/>\n<meta property=\"og:image\" content=\"https:\/\/noticiasmercedinas.com\/site\/wp-content\/uploads\/2022\/12\/80e93d56-6d54-4bcb-9151-240611bf6ef2-e1669986437577.jpg\" \/>\n\t<meta property=\"og:image:width\" content=\"1080\" \/>\n\t<meta property=\"og:image:height\" content=\"688\" \/>\n\t<meta property=\"og:image:type\" content=\"image\/jpeg\" \/>\n<meta name=\"author\" content=\"NOTICIASMERCEDINAS.COM\" \/>\n<meta name=\"twitter:card\" content=\"summary_large_image\" \/>\n<meta name=\"twitter:creator\" content=\"@notmercedinas\" \/>\n<meta name=\"twitter:site\" content=\"@notmercedinas\" \/>\n<meta name=\"twitter:label1\" content=\"Escrito por\" \/>\n\t<meta name=\"twitter:data1\" content=\"NOTICIASMERCEDINAS.COM\" \/>\n\t<meta name=\"twitter:label2\" content=\"Tiempo de lectura\" \/>\n\t<meta name=\"twitter:data2\" content=\"3 minutos\" \/>\n<script type=\"application\/ld+json\" class=\"yoast-schema-graph\">{\"@context\":\"https:\\\/\\\/schema.org\",\"@graph\":[{\"@type\":\"Article\",\"@id\":\"https:\\\/\\\/noticiasmercedinas.com\\\/site\\\/2022\\\/12\\\/02\\\/mucha-actividad-de-nadadores-de-cumelen-se-viene-la-colonia-y-mas\\\/#article\",\"isPartOf\":{\"@id\":\"https:\\\/\\\/noticiasmercedinas.com\\\/site\\\/2022\\\/12\\\/02\\\/mucha-actividad-de-nadadores-de-cumelen-se-viene-la-colonia-y-mas\\\/\"},\"author\":{\"name\":\"NOTICIASMERCEDINAS.COM\",\"@id\":\"https:\\\/\\\/noticiasmercedinas.com\\\/site\\\/#\\\/schema\\\/person\\\/84b59c099c28ff2e8b77d4ceec5d8063\"},\"headline\":\"Mucha actividad de nadadores de Cumel\u00e9n, se viene la Colonia y m\u00e1s\",\"datePublished\":\"2022-12-02T13:10:13+00:00\",\"mainEntityOfPage\":{\"@id\":\"https:\\\/\\\/noticiasmercedinas.com\\\/site\\\/2022\\\/12\\\/02\\\/mucha-actividad-de-nadadores-de-cumelen-se-viene-la-colonia-y-mas\\\/\"},\"wordCount\":395,\"commentCount\":0,\"publisher\":{\"@id\":\"https:\\\/\\\/noticiasmercedinas.com\\\/site\\\/#organization\"},\"image\":{\"@id\":\"https:\\\/\\\/noticiasmercedinas.com\\\/site\\\/2022\\\/12\\\/02\\\/mucha-actividad-de-nadadores-de-cumelen-se-viene-la-colonia-y-mas\\\/#primaryimage\"},\"thumbnailUrl\":\"https:\\\/\\\/noticiasmercedinas.com\\\/site\\\/wp-content\\\/uploads\\\/2022\\\/12\\\/80e93d56-6d54-4bcb-9151-240611bf6ef2-e1669986437577.jpg\",\"keywords\":[\"aguas abiertas\",\"colonia de vacaciones\",\"cumelen\",\"martin Bondanza\"],\"articleSection\":[\"Deportes\"],\"inLanguage\":\"es\",\"potentialAction\":[{\"@type\":\"CommentAction\",\"name\":\"Comment\",\"target\":[\"https:\\\/\\\/noticiasmercedinas.com\\\/site\\\/2022\\\/12\\\/02\\\/mucha-actividad-de-nadadores-de-cumelen-se-viene-la-colonia-y-mas\\\/#respond\"]}]},{\"@type\":\"WebPage\",\"@id\":\"https:\\\/\\\/noticiasmercedinas.com\\\/site\\\/2022\\\/12\\\/02\\\/mucha-actividad-de-nadadores-de-cumelen-se-viene-la-colonia-y-mas\\\/\",\"url\":\"https:\\\/\\\/noticiasmercedinas.com\\\/site\\\/2022\\\/12\\\/02\\\/mucha-actividad-de-nadadores-de-cumelen-se-viene-la-colonia-y-mas\\\/\",\"name\":\"Mucha actividad de nadadores de Cumel\u00e9n, se viene la Colonia y m\u00e1s\",\"isPartOf\":{\"@id\":\"https:\\\/\\\/noticiasmercedinas.com\\\/site\\\/#website\"},\"primaryImageOfPage\":{\"@id\":\"https:\\\/\\\/noticiasmercedinas.com\\\/site\\\/2022\\\/12\\\/02\\\/mucha-actividad-de-nadadores-de-cumelen-se-viene-la-colonia-y-mas\\\/#primaryimage\"},\"image\":{\"@id\":\"https:\\\/\\\/noticiasmercedinas.com\\\/site\\\/2022\\\/12\\\/02\\\/mucha-actividad-de-nadadores-de-cumelen-se-viene-la-colonia-y-mas\\\/#primaryimage\"},\"thumbnailUrl\":\"https:\\\/\\\/noticiasmercedinas.com\\\/site\\\/wp-content\\\/uploads\\\/2022\\\/12\\\/80e93d56-6d54-4bcb-9151-240611bf6ef2-e1669986437577.jpg\",\"datePublished\":\"2022-12-02T13:10:13+00:00\",\"breadcrumb\":{\"@id\":\"https:\\\/\\\/noticiasmercedinas.com\\\/site\\\/2022\\\/12\\\/02\\\/mucha-actividad-de-nadadores-de-cumelen-se-viene-la-colonia-y-mas\\\/#breadcrumb\"},\"inLanguage\":\"es\",\"potentialAction\":[{\"@type\":\"ReadAction\",\"target\":[\"https:\\\/\\\/noticiasmercedinas.com\\\/site\\\/2022\\\/12\\\/02\\\/mucha-actividad-de-nadadores-de-cumelen-se-viene-la-colonia-y-mas\\\/\"]}]},{\"@type\":\"ImageObject\",\"inLanguage\":\"es\",\"@id\":\"https:\\\/\\\/noticiasmercedinas.com\\\/site\\\/2022\\\/12\\\/02\\\/mucha-actividad-de-nadadores-de-cumelen-se-viene-la-colonia-y-mas\\\/#primaryimage\",\"url\":\"https:\\\/\\\/noticiasmercedinas.com\\\/site\\\/wp-content\\\/uploads\\\/2022\\\/12\\\/80e93d56-6d54-4bcb-9151-240611bf6ef2-e1669986437577.jpg\",\"contentUrl\":\"https:\\\/\\\/noticiasmercedinas.com\\\/site\\\/wp-content\\\/uploads\\\/2022\\\/12\\\/80e93d56-6d54-4bcb-9151-240611bf6ef2-e1669986437577.jpg\",\"width\":1080,\"height\":688},{\"@type\":\"BreadcrumbList\",\"@id\":\"https:\\\/\\\/noticiasmercedinas.com\\\/site\\\/2022\\\/12\\\/02\\\/mucha-actividad-de-nadadores-de-cumelen-se-viene-la-colonia-y-mas\\\/#breadcrumb\",\"itemListElement\":[{\"@type\":\"ListItem\",\"position\":1,\"name\":\"Portada\",\"item\":\"https:\\\/\\\/noticiasmercedinas.com\\\/site\\\/\"},{\"@type\":\"ListItem\",\"position\":2,\"name\":\"Mucha actividad de nadadores de Cumel\u00e9n, se viene la Colonia y m\u00e1s\"}]},{\"@type\":\"WebSite\",\"@id\":\"https:\\\/\\\/noticiasmercedinas.com\\\/site\\\/#website\",\"url\":\"https:\\\/\\\/noticiasmercedinas.com\\\/site\\\/\",\"name\":\"NOTICIASMERCEDINAS.COM\",\"description\":\"Mercedes, Buenos Aires, Argentina\",\"publisher\":{\"@id\":\"https:\\\/\\\/noticiasmercedinas.com\\\/site\\\/#organization\"},\"potentialAction\":[{\"@type\":\"SearchAction\",\"target\":{\"@type\":\"EntryPoint\",\"urlTemplate\":\"https:\\\/\\\/noticiasmercedinas.com\\\/site\\\/?s={search_term_string}\"},\"query-input\":{\"@type\":\"PropertyValueSpecification\",\"valueRequired\":true,\"valueName\":\"search_term_string\"}}],\"inLanguage\":\"es\"},{\"@type\":\"Organization\",\"@id\":\"https:\\\/\\\/noticiasmercedinas.com\\\/site\\\/#organization\",\"name\":\"NOTICIASMERCEDINAS.COM\",\"url\":\"https:\\\/\\\/noticiasmercedinas.com\\\/site\\\/\",\"logo\":{\"@type\":\"ImageObject\",\"inLanguage\":\"es\",\"@id\":\"https:\\\/\\\/noticiasmercedinas.com\\\/site\\\/#\\\/schema\\\/logo\\\/image\\\/\",\"url\":\"https:\\\/\\\/noticiasmercedinas.com\\\/site\\\/wp-content\\\/uploads\\\/2020\\\/06\\\/LOGO-512.jpg\",\"contentUrl\":\"https:\\\/\\\/noticiasmercedinas.com\\\/site\\\/wp-content\\\/uploads\\\/2020\\\/06\\\/LOGO-512.jpg\",\"width\":512,\"height\":512,\"caption\":\"NOTICIASMERCEDINAS.COM\"},\"image\":{\"@id\":\"https:\\\/\\\/noticiasmercedinas.com\\\/site\\\/#\\\/schema\\\/logo\\\/image\\\/\"},\"sameAs\":[\"https:\\\/\\\/www.facebook.com\\\/noticiasmercedinas\\\/\",\"https:\\\/\\\/x.com\\\/notmercedinas\",\"https:\\\/\\\/www.instagram.com\\\/noticiasmercedinas\\\/\"]},{\"@type\":\"Person\",\"@id\":\"https:\\\/\\\/noticiasmercedinas.com\\\/site\\\/#\\\/schema\\\/person\\\/84b59c099c28ff2e8b77d4ceec5d8063\",\"name\":\"NOTICIASMERCEDINAS.COM\",\"image\":{\"@type\":\"ImageObject\",\"inLanguage\":\"es\",\"@id\":\"https:\\\/\\\/secure.gravatar.com\\\/avatar\\\/4dfbf16b4d17945bfb6341b2d19043457132fcf478a5ee04f42e959fd8f5df0a?s=96&d=mm&r=g\",\"url\":\"https:\\\/\\\/secure.gravatar.com\\\/avatar\\\/4dfbf16b4d17945bfb6341b2d19043457132fcf478a5ee04f42e959fd8f5df0a?s=96&d=mm&r=g\",\"contentUrl\":\"https:\\\/\\\/secure.gravatar.com\\\/avatar\\\/4dfbf16b4d17945bfb6341b2d19043457132fcf478a5ee04f42e959fd8f5df0a?s=96&d=mm&r=g\",\"caption\":\"NOTICIASMERCEDINAS.COM\"},\"url\":\"https:\\\/\\\/noticiasmercedinas.com\\\/site\\\/author\\\/anonimo\\\/\"}]}<\/script>\n<!-- \/ Yoast SEO plugin. -->","yoast_head_json":{"title":"Mucha actividad de nadadores de Cumel\u00e9n, se viene la Colonia y m\u00e1s","robots":{"index":"index","follow":"follow","max-snippet":"max-snippet:-1","max-image-preview":"max-image-preview:large","max-video-preview":"max-video-preview:-1"},"canonical":"https:\/\/noticiasmercedinas.com\/site\/2022\/12\/02\/mucha-actividad-de-nadadores-de-cumelen-se-viene-la-colonia-y-mas\/","og_locale":"es_ES","og_type":"article","og_title":"Mucha actividad de nadadores de Cumel\u00e9n, se viene la Colonia y m\u00e1s","og_description":"\u25a0 Estuvieron en una carrera de aguas abiertas en Hudson Wakeboard Club con 23 nadadores y hubo podios. la colonia de vacaciones arranca este mes en el Club Estudiantes, con novedades","og_url":"https:\/\/noticiasmercedinas.com\/site\/2022\/12\/02\/mucha-actividad-de-nadadores-de-cumelen-se-viene-la-colonia-y-mas\/","og_site_name":"NOTICIASMERCEDINAS.COM","article_publisher":"https:\/\/www.facebook.com\/noticiasmercedinas\/","article_published_time":"2022-12-02T13:10:13+00:00","og_image":[{"width":1080,"height":688,"url":"https:\/\/noticiasmercedinas.com\/site\/wp-content\/uploads\/2022\/12\/80e93d56-6d54-4bcb-9151-240611bf6ef2-e1669986437577.jpg","type":"image\/jpeg"}],"author":"NOTICIASMERCEDINAS.COM","twitter_card":"summary_large_image","twitter_creator":"@notmercedinas","twitter_site":"@notmercedinas","twitter_misc":{"Escrito por":"NOTICIASMERCEDINAS.COM","Tiempo de lectura":"3 minutos"},"schema":{"@context":"https:\/\/schema.org","@graph":[{"@type":"Article","@id":"https:\/\/noticiasmercedinas.com\/site\/2022\/12\/02\/mucha-actividad-de-nadadores-de-cumelen-se-viene-la-colonia-y-mas\/#article","isPartOf":{"@id":"https:\/\/noticiasmercedinas.com\/site\/2022\/12\/02\/mucha-actividad-de-nadadores-de-cumelen-se-viene-la-colonia-y-mas\/"},"author":{"name":"NOTICIASMERCEDINAS.COM","@id":"https:\/\/noticiasmercedinas.com\/site\/#\/schema\/person\/84b59c099c28ff2e8b77d4ceec5d8063"},"headline":"Mucha actividad de nadadores de Cumel\u00e9n, se viene la Colonia y m\u00e1s","datePublished":"2022-12-02T13:10:13+00:00","mainEntityOfPage":{"@id":"https:\/\/noticiasmercedinas.com\/site\/2022\/12\/02\/mucha-actividad-de-nadadores-de-cumelen-se-viene-la-colonia-y-mas\/"},"wordCount":395,"commentCount":0,"publisher":{"@id":"https:\/\/noticiasmercedinas.com\/site\/#organization"},"image":{"@id":"https:\/\/noticiasmercedinas.com\/site\/2022\/12\/02\/mucha-actividad-de-nadadores-de-cumelen-se-viene-la-colonia-y-mas\/#primaryimage"},"thumbnailUrl":"https:\/\/noticiasmercedinas.com\/site\/wp-content\/uploads\/2022\/12\/80e93d56-6d54-4bcb-9151-240611bf6ef2-e1669986437577.jpg","keywords":["aguas abiertas","colonia de vacaciones","cumelen","martin Bondanza"],"articleSection":["Deportes"],"inLanguage":"es","potentialAction":[{"@type":"CommentAction","name":"Comment","target":["https:\/\/noticiasmercedinas.com\/site\/2022\/12\/02\/mucha-actividad-de-nadadores-de-cumelen-se-viene-la-colonia-y-mas\/#respond"]}]},{"@type":"WebPage","@id":"https:\/\/noticiasmercedinas.com\/site\/2022\/12\/02\/mucha-actividad-de-nadadores-de-cumelen-se-viene-la-colonia-y-mas\/","url":"https:\/\/noticiasmercedinas.com\/site\/2022\/12\/02\/mucha-actividad-de-nadadores-de-cumelen-se-viene-la-colonia-y-mas\/","name":"Mucha actividad de nadadores de Cumel\u00e9n, se viene la Colonia y m\u00e1s","isPartOf":{"@id":"https:\/\/noticiasmercedinas.com\/site\/#website"},"primaryImageOfPage":{"@id":"https:\/\/noticiasmercedinas.com\/site\/2022\/12\/02\/mucha-actividad-de-nadadores-de-cumelen-se-viene-la-colonia-y-mas\/#primaryimage"},"image":{"@id":"https:\/\/noticiasmercedinas.com\/site\/2022\/12\/02\/mucha-actividad-de-nadadores-de-cumelen-se-viene-la-colonia-y-mas\/#primaryimage"},"thumbnailUrl":"https:\/\/noticiasmercedinas.com\/site\/wp-content\/uploads\/2022\/12\/80e93d56-6d54-4bcb-9151-240611bf6ef2-e1669986437577.jpg","datePublished":"2022-12-02T13:10:13+00:00","breadcrumb":{"@id":"https:\/\/noticiasmercedinas.com\/site\/2022\/12\/02\/mucha-actividad-de-nadadores-de-cumelen-se-viene-la-colonia-y-mas\/#breadcrumb"},"inLanguage":"es","potentialAction":[{"@type":"ReadAction","target":["https:\/\/noticiasmercedinas.com\/site\/2022\/12\/02\/mucha-actividad-de-nadadores-de-cumelen-se-viene-la-colonia-y-mas\/"]}]},{"@type":"ImageObject","inLanguage":"es","@id":"https:\/\/noticiasmercedinas.com\/site\/2022\/12\/02\/mucha-actividad-de-nadadores-de-cumelen-se-viene-la-colonia-y-mas\/#primaryimage","url":"https:\/\/noticiasmercedinas.com\/site\/wp-content\/uploads\/2022\/12\/80e93d56-6d54-4bcb-9151-240611bf6ef2-e1669986437577.jpg","contentUrl":"https:\/\/noticiasmercedinas.com\/site\/wp-content\/uploads\/2022\/12\/80e93d56-6d54-4bcb-9151-240611bf6ef2-e1669986437577.jpg","width":1080,"height":688},{"@type":"BreadcrumbList","@id":"https:\/\/noticiasmercedinas.com\/site\/2022\/12\/02\/mucha-actividad-de-nadadores-de-cumelen-se-viene-la-colonia-y-mas\/#breadcrumb","itemListElement":[{"@type":"ListItem","position":1,"name":"Portada","item":"https:\/\/noticiasmercedinas.com\/site\/"},{"@type":"ListItem","position":2,"name":"Mucha actividad de nadadores de Cumel\u00e9n, se viene la Colonia y m\u00e1s"}]},{"@type":"WebSite","@id":"https:\/\/noticiasmercedinas.com\/site\/#website","url":"https:\/\/noticiasmercedinas.com\/site\/","name":"NOTICIASMERCEDINAS.COM","description":"Mercedes, Buenos Aires, Argentina","publisher":{"@id":"https:\/\/noticiasmercedinas.com\/site\/#organization"},"potentialAction":[{"@type":"SearchAction","target":{"@type":"EntryPoint","urlTemplate":"https:\/\/noticiasmercedinas.com\/site\/?s={search_term_string}"},"query-input":{"@type":"PropertyValueSpecification","valueRequired":true,"valueName":"search_term_string"}}],"inLanguage":"es"},{"@type":"Organization","@id":"https:\/\/noticiasmercedinas.com\/site\/#organization","name":"NOTICIASMERCEDINAS.COM","url":"https:\/\/noticiasmercedinas.com\/site\/","logo":{"@type":"ImageObject","inLanguage":"es","@id":"https:\/\/noticiasmercedinas.com\/site\/#\/schema\/logo\/image\/","url":"https:\/\/noticiasmercedinas.com\/site\/wp-content\/uploads\/2020\/06\/LOGO-512.jpg","contentUrl":"https:\/\/noticiasmercedinas.com\/site\/wp-content\/uploads\/2020\/06\/LOGO-512.jpg","width":512,"height":512,"caption":"NOTICIASMERCEDINAS.COM"},"image":{"@id":"https:\/\/noticiasmercedinas.com\/site\/#\/schema\/logo\/image\/"},"sameAs":["https:\/\/www.facebook.com\/noticiasmercedinas\/","https:\/\/x.com\/notmercedinas","https:\/\/www.instagram.com\/noticiasmercedinas\/"]},{"@type":"Person","@id":"https:\/\/noticiasmercedinas.com\/site\/#\/schema\/person\/84b59c099c28ff2e8b77d4ceec5d8063","name":"NOTICIASMERCEDINAS.COM","image":{"@type":"ImageObject","inLanguage":"es","@id":"https:\/\/secure.gravatar.com\/avatar\/4dfbf16b4d17945bfb6341b2d19043457132fcf478a5ee04f42e959fd8f5df0a?s=96&d=mm&r=g","url":"https:\/\/secure.gravatar.com\/avatar\/4dfbf16b4d17945bfb6341b2d19043457132fcf478a5ee04f42e959fd8f5df0a?s=96&d=mm&r=g","contentUrl":"https:\/\/secure.gravatar.com\/avatar\/4dfbf16b4d17945bfb6341b2d19043457132fcf478a5ee04f42e959fd8f5df0a?s=96&d=mm&r=g","caption":"NOTICIASMERCEDINAS.COM"},"url":"https:\/\/noticiasmercedinas.com\/site\/author\/anonimo\/"}]}},"amp_enabled":true,"_links":{"self":[{"href":"https:\/\/noticiasmercedinas.com\/site\/wp-json\/wp\/v2\/posts\/105721","targetHints":{"allow":["GET"]}}],"collection":[{"href":"https:\/\/noticiasmercedinas.com\/site\/wp-json\/wp\/v2\/posts"}],"about":[{"href":"https:\/\/noticiasmercedinas.com\/site\/wp-json\/wp\/v2\/types\/post"}],"author":[{"embeddable":true,"href":"https:\/\/noticiasmercedinas.com\/site\/wp-json\/wp\/v2\/users\/16"}],"replies":[{"embeddable":true,"href":"https:\/\/noticiasmercedinas.com\/site\/wp-json\/wp\/v2\/comments?post=105721"}],"version-history":[{"count":1,"href":"https:\/\/noticiasmercedinas.com\/site\/wp-json\/wp\/v2\/posts\/105721\/revisions"}],"predecessor-version":[{"id":105724,"href":"https:\/\/noticiasmercedinas.com\/site\/wp-json\/wp\/v2\/posts\/105721\/revisions\/105724"}],"wp:featuredmedia":[{"embeddable":true,"href":"https:\/\/noticiasmercedinas.com\/site\/wp-json\/wp\/v2\/media\/105722"}],"wp:attachment":[{"href":"https:\/\/noticiasmercedinas.com\/site\/wp-json\/wp\/v2\/media?parent=105721"}],"wp:term":[{"taxonomy":"category","embeddable":true,"href":"https:\/\/noticiasmercedinas.com\/site\/wp-json\/wp\/v2\/categories?post=105721"},{"taxonomy":"post_tag","embeddable":true,"href":"https:\/\/noticiasmercedinas.com\/site\/wp-json\/wp\/v2\/tags?post=105721"}],"curies":[{"name":"wp","href":"https:\/\/api.w.org\/{rel}","templated":true}]}}